{"id":8938,"date":"2018-10-08T08:26:33","date_gmt":"2018-10-08T06:26:33","guid":{"rendered":"http:\/\/www.cde.ual.es\/?p=8938"},"modified":"2018-10-08T15:29:07","modified_gmt":"2018-10-08T13:29:07","slug":"jornadas-europeas-de-patrimonio-2018-en-almeria","status":"publish","type":"post","link":"https:\/\/www.cde.ual.es\/en\/jornadas-europeas-de-patrimonio-2018-en-almeria\/","title":{"rendered":"Jornadas Europeas de Patrimonio 2018 en Almer\u00eda"},"content":{"rendered":"<p><a href=\"http:\/\/www.cde.ual.es\/wp-content\/uploads\/2018\/10\/JEP.png\"><img decoding=\"async\" class=\"size-medium wp-image-8939 aligncenter\" src=\"http:\/\/www.cde.ual.es\/wp-content\/uploads\/2018\/10\/JEP-300x295.png\" alt=\"\" width=\"300\" height=\"295\" srcset=\"https:\/\/www.cde.ual.es\/wp-content\/uploads\/2018\/10\/JEP-300x295.png 300w, https:\/\/www.cde.ual.es\/wp-content\/uploads\/2018\/10\/JEP.png 417w\" sizes=\"(max-width: 300px) 100vw, 300px\" \/><\/a><\/p>\n<p>Un a\u00f1o m\u00e1s, el Consejo de la Uni\u00f3n Europea, a trav\u00e9s del\u00a0<a title=\"Instituto del Patrimonio Cultural de Espa\u00f1a (IPCE)\" href=\"https:\/\/ipce.mecd.gob.es\/inicio.html\">Instituto del Patrimonio Cultural de Espa\u00f1a (IPCE)<\/a>, convoca a los estados miembros a la realizaci\u00f3n de las Jornadas Europeas de Patrimonio (JEP). Estas jornadas, una iniciativa conjunta del Consejo de Europa y la Comisi\u00f3n Europea, constituye uno de los eventos culturales participativos m\u00e1s ampliamente compartidos por los ciudadanos de Europa.<\/p>\n<h3>\u00bfPor qu\u00e9 unas JEP?<\/h3>\n<p>Estas JEP tienen como objetivo sensibilizar a los ciudadanos europeos sobre la riqueza y la diversidad cultural de Europa, fomentar el di\u00e1logo intercultural, reforzar el sentimiento europeo, y contribuir a que la sociedad y los responsables pol\u00edticos vean la necesidad de proteger el Patrimonio Cultural.<\/p>\n<p>Las jornadas de 2018 se enmarcan en las m\u00faltiples iniciativas que se est\u00e1n desarrollando con motivo de la celebraci\u00f3n del\u00a0<strong>A\u00f1o Europeo del Patrimonio<\/strong>, con el lema para esta anualidad de\u00a0<strong><em>El arte de compartir<\/em>\u00a0<\/strong>. El objetivo es poner de relieve el car\u00e1cter transnacional del patrimonio en nuestro continente y fomentar la cooperaci\u00f3n multilateral de todos los agentes necesarios para difundir y conservar el patrimonio cultural de Europa.<\/p>\n<p>La Consejer\u00eda de Cultura de la Junta de Andaluc\u00eda, a trav\u00e9s de la\u00a0<a title=\"Direcci\u00f3n General de Bienes Culturales y Museos\" href=\"http:\/\/juntadeandalucia.es\/organismos\/cultura\/consejeria\/sgc\/dgbcm.html\">Direcci\u00f3n General de Bienes Culturales y Museos<\/a>, las ocho\u00a0<a title=\"Delegaciones Territoriales de la Consejer\u00eda de Cultura\" href=\"http:\/\/juntadeandalucia.es\/organismos\/cultura\/consejeria\/delegaciones.html\">Delegaciones Territoriales<\/a>\u00a0de la Consejer\u00eda de Cultura y el\u00a0<a title=\"Instituto Andaluz del Patrimonio Hist\u00f3rico\" href=\"http:\/\/juntadeandalucia.es\/organismos\/cultura\/servicios\/directorio-instituciones\/detalle\/2743.html\">Instituto Andaluz del Patrimonio Hist\u00f3rico<\/a>, contando, adem\u00e1s, con la colaboraci\u00f3n de numerosas instituciones p\u00fablicas y privadas, han programado durante los meses de octubre y noviembre de 2018 un ambicioso proyecto que incluye m\u00e1s de ochenta actividades gratuitas: talleres, conferencias, conciertos, rutas organizadas o visitas guiadas en todo el territorio de Andaluc\u00eda con el objetivo de difundir nuestro patrimonio cultural y fomentar la conciencia de unidad cultural europea.<\/p>\n<h3>\u00bfD\u00f3nde se celebran?<\/h3>\n<p>En todas las provincias Comunidad Andaluza. En concreto, el d\u00eda\u00a09 de octubre a las 19,30h, el Archivo Hist\u00f3rico Provincial de Almer\u00eda junto con el Museo de Almer\u00eda celebran\u00a0 una conferencia dentro del Programa de las Jornadas Europeas de Patrimonio 2018 conmemorando los 450 a\u00f1os de la rebeli\u00f3n de los moriscos en el Reino de Granada, para dar conocer algo m\u00e1s esa etapa hist\u00f3rica. La conferencia lleva el t\u00edtulo <em><strong>\u201cLos moros de Huesca: el mundo que no pudo ser en Almer\u00eda\u201d<\/strong><\/em> y ser\u00e1 impartida por \u00c1nchel Conte, Catedr\u00e1tico de Historia y Geograf\u00eda de Ense\u00f1anza Secundaria y Doctor en Historia por la Universidad de Barcelona.<\/p>\n<h3>M\u00e1s informaci\u00f3n:<\/h3>\n<ul>\n<li><a title=\"Programa de actividades en la provincia de Almer\u00eda (639.34 KB)\" href=\"https:\/\/www.juntadeandalucia.es\/export\/drupaljda\/Almeria(2).pdf\">Programa de actividades en la provincia de Almer\u00eda (639.34 KB).<\/a><\/li>\n<li><a href=\"https:\/\/www.juntadeandalucia.es\/organismos\/cultura\/areas\/bienes-culturales\/jornadas-patrimonio.html\">Consejer\u00eda de Cultura<\/a><\/li>\n<\/ul>\n","protected":false},"excerpt":{"rendered":"<p>Un a\u00f1o m\u00e1s, el Consejo de la Uni\u00f3n Europea, a trav\u00e9s del\u00a0Instituto del Patrimonio Cultural de Espa\u00f1a (IPCE), convoca a los estados miembros a la realizaci\u00f3n de las Jornadas Europeas de Patrimonio (JEP). Estas jornadas, una iniciativa conjunta del Consejo de Europa y la Comisi\u00f3n Europea, constituye uno de los eventos culturales participativos m\u00e1s ampliamente [&hellip;]<\/p>\n","protected":false},"author":1,"featured_media":8942,"comment_status":"open","ping_status":"open","sticky":false,"template":"","format":"standard","meta":{"_acf_changed":false,"_relevanssi_hide_post":"","_relevanssi_hide_content":"","_relevanssi_pin_for_all":"","_relevanssi_pin_keywords":"","_relevanssi_unpin_keywords":"","_relevanssi_related_keywords":"","_relevanssi_related_include_ids":"","_relevanssi_related_exclude_ids":"","_relevanssi_related_no_append":"","_relevanssi_related_not_related":"","_relevanssi_related_posts":"","_relevanssi_noindex_reason":"","_monsterinsights_skip_tracking":false,"_monsterinsights_sitenote_active":false,"_monsterinsights_sitenote_note":"","_monsterinsights_sitenote_category":0,"_genesis_hide_title":false,"_genesis_hide_breadcrumbs":false,"_genesis_hide_singular_image":false,"_genesis_hide_footer_widgets":false,"_genesis_custom_body_class":"","_genesis_custom_post_class":"","_genesis_layout":"","footnotes":""},"categories":[96],"tags":[128,182],"class_list":{"0":"post-8938","1":"post","2":"type-post","3":"status-publish","4":"format-standard","5":"has-post-thumbnail","7":"category-noticias-ue","8":"tag-cultura-educacion","9":"tag-patrimonio-cultural","10":"entry"},"acf":[],"yoast_head":"<!-- This site is optimized with the Yoast SEO plugin v27.5 - https:\/\/yoast.com\/product\/yoast-seo-wordpress\/ -->\n<title>Jornadas Europeas de Patrimonio 2018 en Almer\u00eda | CDE Almer\u00eda - Centro de Documentaci\u00f3n Europea - Universidad de Almer\u00eda<\/title>\n<meta name=\"robots\" content=\"index, follow, max-snippet:-1, max-image-preview:large, max-video-preview:-1\" \/>\n<link rel=\"canonical\" href=\"https:\/\/www.cde.ual.es\/jornadas-europeas-de-patrimonio-2018-en-almeria\/\" \/>\n<meta property=\"og:locale\" content=\"en_US\" \/>\n<meta property=\"og:type\" content=\"article\" \/>\n<meta property=\"og:title\" content=\"Jornadas Europeas de Patrimonio 2018 en Almer\u00eda | CDE Almer\u00eda - Centro de Documentaci\u00f3n Europea - Universidad de Almer\u00eda\" \/>\n<meta property=\"og:description\" content=\"Un a\u00f1o m\u00e1s, el Consejo de la Uni\u00f3n Europea, a trav\u00e9s del\u00a0Instituto del Patrimonio Cultural de Espa\u00f1a (IPCE), convoca a los estados miembros a la realizaci\u00f3n de las Jornadas Europeas de Patrimonio (JEP). Estas jornadas, una iniciativa conjunta del Consejo de Europa y la Comisi\u00f3n Europea, constituye uno de los eventos culturales participativos m\u00e1s ampliamente [&hellip;]\" \/>\n<meta property=\"og:url\" content=\"https:\/\/www.cde.ual.es\/jornadas-europeas-de-patrimonio-2018-en-almeria\/\" \/>\n<meta property=\"og:site_name\" content=\"CDE Almer\u00eda - Centro de Documentaci\u00f3n Europea - Universidad de Almer\u00eda\" \/>\n<meta property=\"article:publisher\" content=\"https:\/\/www.facebook.com\/cdeuniversidadalmeria\/\" \/>\n<meta property=\"article:published_time\" content=\"2018-10-08T06:26:33+00:00\" \/>\n<meta property=\"article:modified_time\" content=\"2018-10-08T13:29:07+00:00\" \/>\n<meta property=\"og:image\" content=\"https:\/\/www.cde.ual.es\/wp-content\/uploads\/2018\/10\/Jornadas-Patrimonio-Europeo.png\" \/>\n\t<meta property=\"og:image:width\" content=\"361\" \/>\n\t<meta property=\"og:image:height\" content=\"225\" \/>\n\t<meta property=\"og:image:type\" content=\"image\/png\" \/>\n<meta name=\"author\" content=\"AdminCDE\" \/>\n<meta name=\"twitter:card\" content=\"summary_large_image\" \/>\n<meta name=\"twitter:creator\" content=\"@cdeualmeria\" \/>\n<meta name=\"twitter:site\" content=\"@cdeualmeria\" \/>\n<meta name=\"twitter:label1\" content=\"Written by\" \/>\n\t<meta name=\"twitter:data1\" content=\"AdminCDE\" \/>\n\t<meta name=\"twitter:label2\" content=\"Est. reading time\" \/>\n\t<meta name=\"twitter:data2\" content=\"2 minutes\" \/>\n<script type=\"application\/ld+json\" class=\"yoast-schema-graph\">{\"@context\":\"https:\\\/\\\/schema.org\",\"@graph\":[{\"@type\":\"Article\",\"@id\":\"https:\\\/\\\/www.cde.ual.es\\\/jornadas-europeas-de-patrimonio-2018-en-almeria\\\/#article\",\"isPartOf\":{\"@id\":\"https:\\\/\\\/www.cde.ual.es\\\/jornadas-europeas-de-patrimonio-2018-en-almeria\\\/\"},\"author\":{\"name\":\"AdminCDE\",\"@id\":\"https:\\\/\\\/www.cde.ual.es\\\/#\\\/schema\\\/person\\\/224ef08c8bcc005f319d2713ce37ee5f\"},\"headline\":\"Jornadas Europeas de Patrimonio 2018 en Almer\u00eda\",\"datePublished\":\"2018-10-08T06:26:33+00:00\",\"dateModified\":\"2018-10-08T13:29:07+00:00\",\"mainEntityOfPage\":{\"@id\":\"https:\\\/\\\/www.cde.ual.es\\\/jornadas-europeas-de-patrimonio-2018-en-almeria\\\/\"},\"wordCount\":445,\"commentCount\":0,\"publisher\":{\"@id\":\"https:\\\/\\\/www.cde.ual.es\\\/#organization\"},\"image\":{\"@id\":\"https:\\\/\\\/www.cde.ual.es\\\/jornadas-europeas-de-patrimonio-2018-en-almeria\\\/#primaryimage\"},\"thumbnailUrl\":\"https:\\\/\\\/www.cde.ual.es\\\/wp-content\\\/uploads\\\/2018\\\/10\\\/Jornadas-Patrimonio-Europeo.png\",\"keywords\":[\"Cultura y Educaci\u00f3n\",\"Patrimonio Cultural\"],\"articleSection\":[\"Noticias UE\"],\"inLanguage\":\"en-US\",\"potentialAction\":[{\"@type\":\"CommentAction\",\"name\":\"Comment\",\"target\":[\"https:\\\/\\\/www.cde.ual.es\\\/jornadas-europeas-de-patrimonio-2018-en-almeria\\\/#respond\"]}]},{\"@type\":\"WebPage\",\"@id\":\"https:\\\/\\\/www.cde.ual.es\\\/jornadas-europeas-de-patrimonio-2018-en-almeria\\\/\",\"url\":\"https:\\\/\\\/www.cde.ual.es\\\/jornadas-europeas-de-patrimonio-2018-en-almeria\\\/\",\"name\":\"Jornadas Europeas de Patrimonio 2018 en Almer\u00eda | CDE Almer\u00eda - Centro de Documentaci\u00f3n Europea - Universidad de Almer\u00eda\",\"isPartOf\":{\"@id\":\"https:\\\/\\\/www.cde.ual.es\\\/#website\"},\"primaryImageOfPage\":{\"@id\":\"https:\\\/\\\/www.cde.ual.es\\\/jornadas-europeas-de-patrimonio-2018-en-almeria\\\/#primaryimage\"},\"image\":{\"@id\":\"https:\\\/\\\/www.cde.ual.es\\\/jornadas-europeas-de-patrimonio-2018-en-almeria\\\/#primaryimage\"},\"thumbnailUrl\":\"https:\\\/\\\/www.cde.ual.es\\\/wp-content\\\/uploads\\\/2018\\\/10\\\/Jornadas-Patrimonio-Europeo.png\",\"datePublished\":\"2018-10-08T06:26:33+00:00\",\"dateModified\":\"2018-10-08T13:29:07+00:00\",\"breadcrumb\":{\"@id\":\"https:\\\/\\\/www.cde.ual.es\\\/jornadas-europeas-de-patrimonio-2018-en-almeria\\\/#breadcrumb\"},\"inLanguage\":\"en-US\",\"potentialAction\":[{\"@type\":\"ReadAction\",\"target\":[\"https:\\\/\\\/www.cde.ual.es\\\/jornadas-europeas-de-patrimonio-2018-en-almeria\\\/\"]}]},{\"@type\":\"ImageObject\",\"inLanguage\":\"en-US\",\"@id\":\"https:\\\/\\\/www.cde.ual.es\\\/jornadas-europeas-de-patrimonio-2018-en-almeria\\\/#primaryimage\",\"url\":\"https:\\\/\\\/www.cde.ual.es\\\/wp-content\\\/uploads\\\/2018\\\/10\\\/Jornadas-Patrimonio-Europeo.png\",\"contentUrl\":\"https:\\\/\\\/www.cde.ual.es\\\/wp-content\\\/uploads\\\/2018\\\/10\\\/Jornadas-Patrimonio-Europeo.png\",\"width\":361,\"height\":225},{\"@type\":\"BreadcrumbList\",\"@id\":\"https:\\\/\\\/www.cde.ual.es\\\/jornadas-europeas-de-patrimonio-2018-en-almeria\\\/#breadcrumb\",\"itemListElement\":[{\"@type\":\"ListItem\",\"position\":1,\"name\":\"Inicio\",\"item\":\"https:\\\/\\\/www.cde.ual.es\\\/en\\\/\"},{\"@type\":\"ListItem\",\"position\":2,\"name\":\"Noticias UE\",\"item\":\"https:\\\/\\\/www.cde.ual.es\\\/category\\\/noticias-ue\\\/\"},{\"@type\":\"ListItem\",\"position\":3,\"name\":\"Jornadas Europeas de Patrimonio 2018 en Almer\u00eda\"}]},{\"@type\":\"WebSite\",\"@id\":\"https:\\\/\\\/www.cde.ual.es\\\/#website\",\"url\":\"https:\\\/\\\/www.cde.ual.es\\\/\",\"name\":\"CDE Almer\u00eda - Centro de Documentaci\u00f3n Europea - Universidad de Almer\u00eda\",\"description\":\"Centro de Documentaci\u00f3n Europea de la Universidad de Almer\u00eda\",\"publisher\":{\"@id\":\"https:\\\/\\\/www.cde.ual.es\\\/#organization\"},\"alternateName\":\"CDE Almer\u00eda\",\"potentialAction\":[{\"@type\":\"SearchAction\",\"target\":{\"@type\":\"EntryPoint\",\"urlTemplate\":\"https:\\\/\\\/www.cde.ual.es\\\/?s={search_term_string}\"},\"query-input\":{\"@type\":\"PropertyValueSpecification\",\"valueRequired\":true,\"valueName\":\"search_term_string\"}}],\"inLanguage\":\"en-US\"},{\"@type\":\"Organization\",\"@id\":\"https:\\\/\\\/www.cde.ual.es\\\/#organization\",\"name\":\"Centro de Documentaci\u00f3n Europea de Almer\u00eda\",\"url\":\"https:\\\/\\\/www.cde.ual.es\\\/\",\"logo\":{\"@type\":\"ImageObject\",\"inLanguage\":\"en-US\",\"@id\":\"https:\\\/\\\/www.cde.ual.es\\\/#\\\/schema\\\/logo\\\/image\\\/\",\"url\":\"https:\\\/\\\/www.cde.ual.es\\\/wp-content\\\/uploads\\\/2025\\\/07\\\/cde-logo-3.png\",\"contentUrl\":\"https:\\\/\\\/www.cde.ual.es\\\/wp-content\\\/uploads\\\/2025\\\/07\\\/cde-logo-3.png\",\"width\":1400,\"height\":300,\"caption\":\"Centro de Documentaci\u00f3n Europea de Almer\u00eda\"},\"image\":{\"@id\":\"https:\\\/\\\/www.cde.ual.es\\\/#\\\/schema\\\/logo\\\/image\\\/\"},\"sameAs\":[\"https:\\\/\\\/www.facebook.com\\\/cdeuniversidadalmeria\\\/\",\"https:\\\/\\\/x.com\\\/cdeualmeria\",\"https:\\\/\\\/www.tiktok.com\\\/@cdealmeria\",\"https:\\\/\\\/www.instagram.com\\\/cdealmeria\\\/\",\"https:\\\/\\\/www.linkedin.com\\\/in\\\/cde-almera-812b26a9\\\/\"]},{\"@type\":\"Person\",\"@id\":\"https:\\\/\\\/www.cde.ual.es\\\/#\\\/schema\\\/person\\\/224ef08c8bcc005f319d2713ce37ee5f\",\"name\":\"AdminCDE\",\"image\":{\"@type\":\"ImageObject\",\"inLanguage\":\"en-US\",\"@id\":\"https:\\\/\\\/secure.gravatar.com\\\/avatar\\\/a72d038d371f995cd13706fac32274b7952a52e8fb0a84b5f80c85426f2a98a8?s=96&d=mm&r=g\",\"url\":\"https:\\\/\\\/secure.gravatar.com\\\/avatar\\\/a72d038d371f995cd13706fac32274b7952a52e8fb0a84b5f80c85426f2a98a8?s=96&d=mm&r=g\",\"contentUrl\":\"https:\\\/\\\/secure.gravatar.com\\\/avatar\\\/a72d038d371f995cd13706fac32274b7952a52e8fb0a84b5f80c85426f2a98a8?s=96&d=mm&r=g\",\"caption\":\"AdminCDE\"}}]}<\/script>\n<!-- \/ Yoast SEO plugin. -->","yoast_head_json":{"title":"Jornadas Europeas de Patrimonio 2018 en Almer\u00eda | CDE Almer\u00eda - Centro de Documentaci\u00f3n Europea - Universidad de Almer\u00eda","robots":{"index":"index","follow":"follow","max-snippet":"max-snippet:-1","max-image-preview":"max-image-preview:large","max-video-preview":"max-video-preview:-1"},"canonical":"https:\/\/www.cde.ual.es\/jornadas-europeas-de-patrimonio-2018-en-almeria\/","og_locale":"en_US","og_type":"article","og_title":"Jornadas Europeas de Patrimonio 2018 en Almer\u00eda | CDE Almer\u00eda - Centro de Documentaci\u00f3n Europea - Universidad de Almer\u00eda","og_description":"Un a\u00f1o m\u00e1s, el Consejo de la Uni\u00f3n Europea, a trav\u00e9s del\u00a0Instituto del Patrimonio Cultural de Espa\u00f1a (IPCE), convoca a los estados miembros a la realizaci\u00f3n de las Jornadas Europeas de Patrimonio (JEP). Estas jornadas, una iniciativa conjunta del Consejo de Europa y la Comisi\u00f3n Europea, constituye uno de los eventos culturales participativos m\u00e1s ampliamente [&hellip;]","og_url":"https:\/\/www.cde.ual.es\/jornadas-europeas-de-patrimonio-2018-en-almeria\/","og_site_name":"CDE Almer\u00eda - Centro de Documentaci\u00f3n Europea - Universidad de Almer\u00eda","article_publisher":"https:\/\/www.facebook.com\/cdeuniversidadalmeria\/","article_published_time":"2018-10-08T06:26:33+00:00","article_modified_time":"2018-10-08T13:29:07+00:00","og_image":[{"width":361,"height":225,"url":"https:\/\/www.cde.ual.es\/wp-content\/uploads\/2018\/10\/Jornadas-Patrimonio-Europeo.png","type":"image\/png"}],"author":"AdminCDE","twitter_card":"summary_large_image","twitter_creator":"@cdeualmeria","twitter_site":"@cdeualmeria","twitter_misc":{"Written by":"AdminCDE","Est. reading time":"2 minutes"},"schema":{"@context":"https:\/\/schema.org","@graph":[{"@type":"Article","@id":"https:\/\/www.cde.ual.es\/jornadas-europeas-de-patrimonio-2018-en-almeria\/#article","isPartOf":{"@id":"https:\/\/www.cde.ual.es\/jornadas-europeas-de-patrimonio-2018-en-almeria\/"},"author":{"name":"AdminCDE","@id":"https:\/\/www.cde.ual.es\/#\/schema\/person\/224ef08c8bcc005f319d2713ce37ee5f"},"headline":"Jornadas Europeas de Patrimonio 2018 en Almer\u00eda","datePublished":"2018-10-08T06:26:33+00:00","dateModified":"2018-10-08T13:29:07+00:00","mainEntityOfPage":{"@id":"https:\/\/www.cde.ual.es\/jornadas-europeas-de-patrimonio-2018-en-almeria\/"},"wordCount":445,"commentCount":0,"publisher":{"@id":"https:\/\/www.cde.ual.es\/#organization"},"image":{"@id":"https:\/\/www.cde.ual.es\/jornadas-europeas-de-patrimonio-2018-en-almeria\/#primaryimage"},"thumbnailUrl":"https:\/\/www.cde.ual.es\/wp-content\/uploads\/2018\/10\/Jornadas-Patrimonio-Europeo.png","keywords":["Cultura y Educaci\u00f3n","Patrimonio Cultural"],"articleSection":["Noticias UE"],"inLanguage":"en-US","potentialAction":[{"@type":"CommentAction","name":"Comment","target":["https:\/\/www.cde.ual.es\/jornadas-europeas-de-patrimonio-2018-en-almeria\/#respond"]}]},{"@type":"WebPage","@id":"https:\/\/www.cde.ual.es\/jornadas-europeas-de-patrimonio-2018-en-almeria\/","url":"https:\/\/www.cde.ual.es\/jornadas-europeas-de-patrimonio-2018-en-almeria\/","name":"Jornadas Europeas de Patrimonio 2018 en Almer\u00eda | CDE Almer\u00eda - Centro de Documentaci\u00f3n Europea - Universidad de Almer\u00eda","isPartOf":{"@id":"https:\/\/www.cde.ual.es\/#website"},"primaryImageOfPage":{"@id":"https:\/\/www.cde.ual.es\/jornadas-europeas-de-patrimonio-2018-en-almeria\/#primaryimage"},"image":{"@id":"https:\/\/www.cde.ual.es\/jornadas-europeas-de-patrimonio-2018-en-almeria\/#primaryimage"},"thumbnailUrl":"https:\/\/www.cde.ual.es\/wp-content\/uploads\/2018\/10\/Jornadas-Patrimonio-Europeo.png","datePublished":"2018-10-08T06:26:33+00:00","dateModified":"2018-10-08T13:29:07+00:00","breadcrumb":{"@id":"https:\/\/www.cde.ual.es\/jornadas-europeas-de-patrimonio-2018-en-almeria\/#breadcrumb"},"inLanguage":"en-US","potentialAction":[{"@type":"ReadAction","target":["https:\/\/www.cde.ual.es\/jornadas-europeas-de-patrimonio-2018-en-almeria\/"]}]},{"@type":"ImageObject","inLanguage":"en-US","@id":"https:\/\/www.cde.ual.es\/jornadas-europeas-de-patrimonio-2018-en-almeria\/#primaryimage","url":"https:\/\/www.cde.ual.es\/wp-content\/uploads\/2018\/10\/Jornadas-Patrimonio-Europeo.png","contentUrl":"https:\/\/www.cde.ual.es\/wp-content\/uploads\/2018\/10\/Jornadas-Patrimonio-Europeo.png","width":361,"height":225},{"@type":"BreadcrumbList","@id":"https:\/\/www.cde.ual.es\/jornadas-europeas-de-patrimonio-2018-en-almeria\/#breadcrumb","itemListElement":[{"@type":"ListItem","position":1,"name":"Inicio","item":"https:\/\/www.cde.ual.es\/en\/"},{"@type":"ListItem","position":2,"name":"Noticias UE","item":"https:\/\/www.cde.ual.es\/category\/noticias-ue\/"},{"@type":"ListItem","position":3,"name":"Jornadas Europeas de Patrimonio 2018 en Almer\u00eda"}]},{"@type":"WebSite","@id":"https:\/\/www.cde.ual.es\/#website","url":"https:\/\/www.cde.ual.es\/","name":"CDE Almer\u00eda - Centro de Documentaci\u00f3n Europea - Universidad de Almer\u00eda","description":"Centro de Documentaci\u00f3n Europea de la Universidad de Almer\u00eda","publisher":{"@id":"https:\/\/www.cde.ual.es\/#organization"},"alternateName":"CDE Almer\u00eda","potentialAction":[{"@type":"SearchAction","target":{"@type":"EntryPoint","urlTemplate":"https:\/\/www.cde.ual.es\/?s={search_term_string}"},"query-input":{"@type":"PropertyValueSpecification","valueRequired":true,"valueName":"search_term_string"}}],"inLanguage":"en-US"},{"@type":"Organization","@id":"https:\/\/www.cde.ual.es\/#organization","name":"Centro de Documentaci\u00f3n Europea de Almer\u00eda","url":"https:\/\/www.cde.ual.es\/","logo":{"@type":"ImageObject","inLanguage":"en-US","@id":"https:\/\/www.cde.ual.es\/#\/schema\/logo\/image\/","url":"https:\/\/www.cde.ual.es\/wp-content\/uploads\/2025\/07\/cde-logo-3.png","contentUrl":"https:\/\/www.cde.ual.es\/wp-content\/uploads\/2025\/07\/cde-logo-3.png","width":1400,"height":300,"caption":"Centro de Documentaci\u00f3n Europea de Almer\u00eda"},"image":{"@id":"https:\/\/www.cde.ual.es\/#\/schema\/logo\/image\/"},"sameAs":["https:\/\/www.facebook.com\/cdeuniversidadalmeria\/","https:\/\/x.com\/cdeualmeria","https:\/\/www.tiktok.com\/@cdealmeria","https:\/\/www.instagram.com\/cdealmeria\/","https:\/\/www.linkedin.com\/in\/cde-almera-812b26a9\/"]},{"@type":"Person","@id":"https:\/\/www.cde.ual.es\/#\/schema\/person\/224ef08c8bcc005f319d2713ce37ee5f","name":"AdminCDE","image":{"@type":"ImageObject","inLanguage":"en-US","@id":"https:\/\/secure.gravatar.com\/avatar\/a72d038d371f995cd13706fac32274b7952a52e8fb0a84b5f80c85426f2a98a8?s=96&d=mm&r=g","url":"https:\/\/secure.gravatar.com\/avatar\/a72d038d371f995cd13706fac32274b7952a52e8fb0a84b5f80c85426f2a98a8?s=96&d=mm&r=g","contentUrl":"https:\/\/secure.gravatar.com\/avatar\/a72d038d371f995cd13706fac32274b7952a52e8fb0a84b5f80c85426f2a98a8?s=96&d=mm&r=g","caption":"AdminCDE"}}]}},"_links":{"self":[{"href":"https:\/\/www.cde.ual.es\/en\/wp-json\/wp\/v2\/posts\/8938","targetHints":{"allow":["GET"]}}],"collection":[{"href":"https:\/\/www.cde.ual.es\/en\/wp-json\/wp\/v2\/posts"}],"about":[{"href":"https:\/\/www.cde.ual.es\/en\/wp-json\/wp\/v2\/types\/post"}],"author":[{"embeddable":true,"href":"https:\/\/www.cde.ual.es\/en\/wp-json\/wp\/v2\/users\/1"}],"replies":[{"embeddable":true,"href":"https:\/\/www.cde.ual.es\/en\/wp-json\/wp\/v2\/comments?post=8938"}],"version-history":[{"count":0,"href":"https:\/\/www.cde.ual.es\/en\/wp-json\/wp\/v2\/posts\/8938\/revisions"}],"wp:featuredmedia":[{"embeddable":true,"href":"https:\/\/www.cde.ual.es\/en\/wp-json\/wp\/v2\/media\/8942"}],"wp:attachment":[{"href":"https:\/\/www.cde.ual.es\/en\/wp-json\/wp\/v2\/media?parent=8938"}],"wp:term":[{"taxonomy":"category","embeddable":true,"href":"https:\/\/www.cde.ual.es\/en\/wp-json\/wp\/v2\/categories?post=8938"},{"taxonomy":"post_tag","embeddable":true,"href":"https:\/\/www.cde.ual.es\/en\/wp-json\/wp\/v2\/tags?post=8938"}],"curies":[{"name":"wp","href":"https:\/\/api.w.org\/{rel}","templated":true}]}}