{"id":88493,"date":"2021-12-07T03:00:24","date_gmt":"2021-12-07T02:00:24","guid":{"rendered":"https:\/\/www.cde.ual.es\/?p=88493"},"modified":"2021-12-02T09:37:38","modified_gmt":"2021-12-02T08:37:38","slug":"gender-based-cyberviolence-harmonised-sanctions-and-victim-support","status":"publish","type":"post","link":"https:\/\/www.cde.ual.es\/en\/gender-based-cyberviolence-harmonised-sanctions-and-victim-support\/","title":{"rendered":"Gender-based cyberviolence: harmonised sanctions and victim support"},"content":{"rendered":"<ul class=\"ep_list\">\n<li>\n<div class=\"ep-p_text\"><span class=\"ep_name\">Seven out of ten women have experienced cyber-stalking<\/span><\/div>\n<\/li>\n<li>\n<div class=\"ep-p_text\"><span class=\"ep_name\">Need for a common criminal law definition to ensure convergence of national and EU level<\/span><\/div>\n<\/li>\n<li>\n<div class=\"ep-p_text\"><span class=\"ep_name\">EU-wide sanctions in line with standards set out in Istanbul Convention<\/span><\/div>\n<\/li>\n<li>\n<div class=\"ep-p_text\"><span class=\"ep_name\">A minimum level of protection and reparation for victims<\/span><\/div>\n<\/li>\n<\/ul>\n<p><a href=\"https:\/\/www.cde.ual.es\/wp-content\/uploads\/2021\/12\/philipp-wuthrich-2HMrBMbbbYg-unsplash-scaled-e1638434014108.jpg\"><img decoding=\"async\" class=\" wp-image-88494 aligncenter\" src=\"https:\/\/www.cde.ual.es\/wp-content\/uploads\/2021\/12\/philipp-wuthrich-2HMrBMbbbYg-unsplash-scaled-e1638434014108-1024x982.jpg\" alt=\"\" width=\"501\" height=\"480\" srcset=\"https:\/\/www.cde.ual.es\/wp-content\/uploads\/2021\/12\/philipp-wuthrich-2HMrBMbbbYg-unsplash-scaled-e1638434014108-1024x982.jpg 1024w, https:\/\/www.cde.ual.es\/wp-content\/uploads\/2021\/12\/philipp-wuthrich-2HMrBMbbbYg-unsplash-scaled-e1638434014108-300x288.jpg 300w, https:\/\/www.cde.ual.es\/wp-content\/uploads\/2021\/12\/philipp-wuthrich-2HMrBMbbbYg-unsplash-scaled-e1638434014108-768x737.jpg 768w, https:\/\/www.cde.ual.es\/wp-content\/uploads\/2021\/12\/philipp-wuthrich-2HMrBMbbbYg-unsplash-scaled-e1638434014108-1536x1473.jpg 1536w, https:\/\/www.cde.ual.es\/wp-content\/uploads\/2021\/12\/philipp-wuthrich-2HMrBMbbbYg-unsplash-scaled-e1638434014108.jpg 1708w\" sizes=\"(max-width: 501px) 100vw, 501px\" \/><\/a><\/p>\n<div class=\"ep_gridcolumn ep-m_product\" data-view1200=\"6\" data-view1020=\"6\" data-view750=\"10\" data-view640=\"6\" data-view480=\"8\" data-view320=\"4\">\n<div class=\"ep_gridcolumn-content\">\n<div class=\"ep-a_text ep-layout_chapo\">\n<p>On Tuesday, December 1, the committees on Civil Liberties and Women\u2019s Rights demanded legislation to fight gender-based cyber violence.<\/p>\n<\/div>\n<\/div>\n<\/div>\n<div class=\"ep_gridcolumn ep-m_product\" data-view1200=\"6\" data-view1020=\"6\" data-view750=\"10\" data-view640=\"6\" data-view480=\"8\" data-view320=\"4\">\n<div class=\"ep_gridcolumn-content\">\n<div class=\"ep-a_text\">\n<p class=\"ep-wysiwig_paragraph\">The draft legislative initiative report, approved with 76 votes in favour, 8 against and 8 abstentions, restates the EU\u2019s lack of a legal framework to combat gender-based cyber violence as well as lacking effective protection and support mechanisms for victims, despite the spike in cases due to the COVID-19 pandemic.<\/p>\n<p class=\"ep-wysiwig_paragraph\">MEPs consider offline and online gender-based violence as facets of the same problem. They emphasise the fact that the chilling effect of gender-based cyberviolence often spills over into the real world, which means it tends to go underreported. MEPs also reiterate that all types of discrimination are exacerbated online, and that they intersect, resulting in more extreme consequences for vulnerable people such as migrant women, minority women, people who identify as LGBTIQ, and teenagers.<\/p>\n<h3 class=\"ep-wysiwig_paragraph\"><strong>Tackling gender-based cyberviolence under EU law<br \/>\n<\/strong><\/h3>\n<p class=\"ep-wysiwig_paragraph\">MEPs call for a directive to establish a common criminal law definition of gender-based cyberviolence, and to harmonise sanctions against offenders. The directive should also include measures to promote and support preventative actions by member states, as well as specific provisions to protect, support and ensure reparation for victims. Welcoming the Commission\u2019s commitment under the <a href=\"https:\/\/ec.europa.eu\/info\/policies\/justice-and-fundamental-rights\/combatting-discrimination\/lesbian-gay-bi-trans-and-intersex-equality\/lgbtiq-equality-strategy-2020-2025_en\" target=\"_blank\" rel=\"noopener\">LGBTIQ Equality Strategy 2020-2025<\/a>\u00a0to extend the list of\u00a0<a href=\"https:\/\/eur-lex.europa.eu\/legal-content\/EN\/TXT\/?uri=CELEX%3A12008E083\" target=\"_blank\" rel=\"noopener\">\u2018EU crimes\u2019<\/a> under Article 83(1) TFEU (i.e. particularly serious crimes with a cross-border dimension) to cover hate crime and hate speech, including when targeted at LGBTIQ people, the draft text calls on the Council to do the same for gender-based violence via the passerelle clause.<\/p>\n<p class=\"ep-wysiwig_paragraph\">A non-exhaustive list of the different forms of gender-based cyber violence that should be covered by this new directive includes: cyber harassment; cyber stalking; violations of privacy; recording and sharing images of sexual assault; remote control or surveillance (including through spy apps); threats and calls to violence; sexist hate speech; inducement to self-harm; computer damage; unlawful access to messages or social media accounts; breach of the prohibitions of communication imposed by means of judicial orders; and, trafficking in human beings.<\/p>\n<h3 class=\"ep-wysiwig_paragraph\"><strong>Background<\/strong><\/h3>\n<p class=\"ep-wysiwig_paragraph\">In her second <a href=\"https:\/\/www.europarl.europa.eu\/plenary\/en\/vod.html?mode=unit&amp;vodLanguage=EN&amp;vodId=bd353a3a-6cae-4a2b-f562-ed12fc441db2&amp;date=20210915\" target=\"_blank\" rel=\"noopener\">State of the EU address<\/a> in September 2021, Commission President von der Leyen announced that, by the end of this year, the Commission will propose a law to combat violence against women that will include prevention, protection and effective prosecution, online and offline.<\/p>\n<p class=\"ep-wysiwig_paragraph\">The\u00a0<a href=\"https:\/\/www.coe.int\/en\/web\/istanbul-convention\/home\" target=\"_blank\" rel=\"noopener\">Istanbul Convention<\/a>\u00a0remains the most comprehensive international treaty addressing the root causes of gender-based violence in all its forms.<\/p>\n<h3>More information<\/h3>\n<p><a href=\"https:\/\/www.europarl.europa.eu\/news\/en\/press-room\/20211124IPR18012\/gender-based-cyberviolence-meps-demand-harmonised-sanctions-and-victim-support\" target=\"_blank\" rel=\"noopener\">European Parliament &#8211; Press releases<\/a><\/p>\n<\/div>\n<\/div>\n<\/div>\n","protected":false},"excerpt":{"rendered":"<p>Seven out of ten women have experienced cyber-stalking Need for a common criminal law definition to ensure convergence of national and EU level EU-wide sanctions in line with standards set out in Istanbul Convention A minimum level of protection and reparation for victims On Tuesday, December 1, the committees on Civil Liberties and Women\u2019s Rights [&hellip;]<\/p>\n","protected":false},"author":101012,"featured_media":88494,"comment_status":"open","ping_status":"open","sticky":false,"template":"","format":"standard","meta":{"_acf_changed":false,"_relevanssi_hide_post":"","_relevanssi_hide_content":"","_relevanssi_pin_for_all":"","_relevanssi_pin_keywords":"","_relevanssi_unpin_keywords":"","_relevanssi_related_keywords":"","_relevanssi_related_include_ids":"","_relevanssi_related_exclude_ids":"","_relevanssi_related_no_append":"","_relevanssi_related_not_related":"","_relevanssi_related_posts":"","_relevanssi_noindex_reason":"","_monsterinsights_skip_tracking":false,"_monsterinsights_sitenote_active":false,"_monsterinsights_sitenote_note":"","_monsterinsights_sitenote_category":0,"_genesis_hide_title":false,"_genesis_hide_breadcrumbs":false,"_genesis_hide_singular_image":false,"_genesis_hide_footer_widgets":false,"_genesis_custom_body_class":"","_genesis_custom_post_class":"","_genesis_layout":"","footnotes":""},"categories":[3995,3997,96],"tags":[4735,753,453,3152,2032,4736,3276],"class_list":{"0":"post-88493","1":"post","2":"type-post","3":"status-publish","4":"format-standard","5":"has-post-thumbnail","7":"category-soc","8":"category-igualdad","9":"category-noticias-ue","10":"tag-cyberviolence-en","11":"tag-european-parliament","12":"tag-gender","13":"tag-sanctions","14":"tag-support","15":"tag-victim-en","16":"tag-violence","17":"entry"},"acf":[],"yoast_head":"<!-- This site is optimized with the Yoast SEO plugin v27.4 - https:\/\/yoast.com\/product\/yoast-seo-wordpress\/ -->\n<title>Gender-based cyberviolence: harmonised sanctions and victim support | CDE Almer\u00eda - Centro de Documentaci\u00f3n Europea - Universidad de Almer\u00eda<\/title>\n<meta name=\"robots\" content=\"index, follow, max-snippet:-1, max-image-preview:large, max-video-preview:-1\" \/>\n<link rel=\"canonical\" href=\"https:\/\/www.cde.ual.es\/?p=88499\" \/>\n<meta property=\"og:locale\" content=\"en_US\" \/>\n<meta property=\"og:type\" content=\"article\" \/>\n<meta property=\"og:title\" content=\"Gender-based cyberviolence: harmonised sanctions and victim support | CDE Almer\u00eda - Centro de Documentaci\u00f3n Europea - Universidad de Almer\u00eda\" \/>\n<meta property=\"og:description\" content=\"Seven out of ten women have experienced cyber-stalking Need for a common criminal law definition to ensure convergence of national and EU level EU-wide sanctions in line with standards set out in Istanbul Convention A minimum level of protection and reparation for victims On Tuesday, December 1, the committees on Civil Liberties and Women\u2019s Rights [&hellip;]\" \/>\n<meta property=\"og:url\" content=\"https:\/\/www.cde.ual.es\/?p=88499\" \/>\n<meta property=\"og:site_name\" content=\"CDE Almer\u00eda - Centro de Documentaci\u00f3n Europea - Universidad de Almer\u00eda\" \/>\n<meta property=\"article:publisher\" content=\"https:\/\/www.facebook.com\/cdeuniversidadalmeria\/\" \/>\n<meta property=\"article:published_time\" content=\"2021-12-07T02:00:24+00:00\" \/>\n<meta property=\"og:image\" content=\"https:\/\/www.cde.ual.es\/wp-content\/uploads\/2021\/12\/philipp-wuthrich-2HMrBMbbbYg-unsplash-scaled-e1638434014108.jpg\" \/>\n\t<meta property=\"og:image:width\" content=\"1708\" \/>\n\t<meta property=\"og:image:height\" content=\"1638\" \/>\n\t<meta property=\"og:image:type\" content=\"image\/jpeg\" \/>\n<meta name=\"author\" content=\"BECACDE1\" \/>\n<meta name=\"twitter:card\" content=\"summary_large_image\" \/>\n<meta name=\"twitter:creator\" content=\"@cdeualmeria\" \/>\n<meta name=\"twitter:site\" content=\"@cdeualmeria\" \/>\n<meta name=\"twitter:label1\" content=\"Written by\" \/>\n\t<meta name=\"twitter:data1\" content=\"BECACDE1\" \/>\n\t<meta name=\"twitter:label2\" content=\"Est. reading time\" \/>\n\t<meta name=\"twitter:data2\" content=\"3 minutes\" \/>\n<script type=\"application\/ld+json\" class=\"yoast-schema-graph\">{\"@context\":\"https:\\\/\\\/schema.org\",\"@graph\":[{\"@type\":\"Article\",\"@id\":\"https:\\\/\\\/www.cde.ual.es\\\/?p=88499#article\",\"isPartOf\":{\"@id\":\"https:\\\/\\\/www.cde.ual.es\\\/?p=88499\"},\"author\":{\"name\":\"BECACDE1\",\"@id\":\"https:\\\/\\\/www.cde.ual.es\\\/#\\\/schema\\\/person\\\/bf2f837cf3353e2161fe1087adbd728f\"},\"headline\":\"Gender-based cyberviolence: harmonised sanctions and victim support\",\"datePublished\":\"2021-12-07T02:00:24+00:00\",\"mainEntityOfPage\":{\"@id\":\"https:\\\/\\\/www.cde.ual.es\\\/?p=88499\"},\"wordCount\":460,\"commentCount\":0,\"publisher\":{\"@id\":\"https:\\\/\\\/www.cde.ual.es\\\/#organization\"},\"image\":{\"@id\":\"https:\\\/\\\/www.cde.ual.es\\\/?p=88499#primaryimage\"},\"thumbnailUrl\":\"https:\\\/\\\/www.cde.ual.es\\\/wp-content\\\/uploads\\\/2021\\\/12\\\/philipp-wuthrich-2HMrBMbbbYg-unsplash-scaled-e1638434014108.jpg\",\"keywords\":[\"cyberviolence\",\"European Parliament\",\"Gender\",\"Sanctions\",\"support\",\"victim\",\"violence\"],\"articleSection\":[\"Asuntos Sociales\",\"Igualdad\",\"Noticias UE\"],\"inLanguage\":\"en-US\",\"potentialAction\":[{\"@type\":\"CommentAction\",\"name\":\"Comment\",\"target\":[\"https:\\\/\\\/www.cde.ual.es\\\/?p=88499#respond\"]}]},{\"@type\":\"WebPage\",\"@id\":\"https:\\\/\\\/www.cde.ual.es\\\/?p=88499\",\"url\":\"https:\\\/\\\/www.cde.ual.es\\\/?p=88499\",\"name\":\"Gender-based cyberviolence: harmonised sanctions and victim support | CDE Almer\u00eda - Centro de Documentaci\u00f3n Europea - Universidad de Almer\u00eda\",\"isPartOf\":{\"@id\":\"https:\\\/\\\/www.cde.ual.es\\\/#website\"},\"primaryImageOfPage\":{\"@id\":\"https:\\\/\\\/www.cde.ual.es\\\/?p=88499#primaryimage\"},\"image\":{\"@id\":\"https:\\\/\\\/www.cde.ual.es\\\/?p=88499#primaryimage\"},\"thumbnailUrl\":\"https:\\\/\\\/www.cde.ual.es\\\/wp-content\\\/uploads\\\/2021\\\/12\\\/philipp-wuthrich-2HMrBMbbbYg-unsplash-scaled-e1638434014108.jpg\",\"datePublished\":\"2021-12-07T02:00:24+00:00\",\"breadcrumb\":{\"@id\":\"https:\\\/\\\/www.cde.ual.es\\\/?p=88499#breadcrumb\"},\"inLanguage\":\"en-US\",\"potentialAction\":[{\"@type\":\"ReadAction\",\"target\":[\"https:\\\/\\\/www.cde.ual.es\\\/?p=88499\"]}]},{\"@type\":\"ImageObject\",\"inLanguage\":\"en-US\",\"@id\":\"https:\\\/\\\/www.cde.ual.es\\\/?p=88499#primaryimage\",\"url\":\"https:\\\/\\\/www.cde.ual.es\\\/wp-content\\\/uploads\\\/2021\\\/12\\\/philipp-wuthrich-2HMrBMbbbYg-unsplash-scaled-e1638434014108.jpg\",\"contentUrl\":\"https:\\\/\\\/www.cde.ual.es\\\/wp-content\\\/uploads\\\/2021\\\/12\\\/philipp-wuthrich-2HMrBMbbbYg-unsplash-scaled-e1638434014108.jpg\",\"width\":1708,\"height\":1638},{\"@type\":\"BreadcrumbList\",\"@id\":\"https:\\\/\\\/www.cde.ual.es\\\/?p=88499#breadcrumb\",\"itemListElement\":[{\"@type\":\"ListItem\",\"position\":1,\"name\":\"Inicio\",\"item\":\"https:\\\/\\\/www.cde.ual.es\\\/en\\\/\"},{\"@type\":\"ListItem\",\"position\":2,\"name\":\"Noticias UE\",\"item\":\"https:\\\/\\\/www.cde.ual.es\\\/category\\\/noticias-ue\\\/\"},{\"@type\":\"ListItem\",\"position\":3,\"name\":\"Asuntos Sociales\",\"item\":\"https:\\\/\\\/www.cde.ual.es\\\/category\\\/noticias-ue\\\/soc\\\/\"},{\"@type\":\"ListItem\",\"position\":4,\"name\":\"Igualdad\",\"item\":\"https:\\\/\\\/www.cde.ual.es\\\/category\\\/noticias-ue\\\/soc\\\/igualdad\\\/\"},{\"@type\":\"ListItem\",\"position\":5,\"name\":\"Gender-based cyberviolence: harmonised sanctions and victim support\"}]},{\"@type\":\"WebSite\",\"@id\":\"https:\\\/\\\/www.cde.ual.es\\\/#website\",\"url\":\"https:\\\/\\\/www.cde.ual.es\\\/\",\"name\":\"CDE Almer\u00eda - Centro de Documentaci\u00f3n Europea - Universidad de Almer\u00eda\",\"description\":\"Centro de Documentaci\u00f3n Europea de la Universidad de Almer\u00eda\",\"publisher\":{\"@id\":\"https:\\\/\\\/www.cde.ual.es\\\/#organization\"},\"alternateName\":\"CDE Almer\u00eda\",\"potentialAction\":[{\"@type\":\"SearchAction\",\"target\":{\"@type\":\"EntryPoint\",\"urlTemplate\":\"https:\\\/\\\/www.cde.ual.es\\\/?s={search_term_string}\"},\"query-input\":{\"@type\":\"PropertyValueSpecification\",\"valueRequired\":true,\"valueName\":\"search_term_string\"}}],\"inLanguage\":\"en-US\"},{\"@type\":\"Organization\",\"@id\":\"https:\\\/\\\/www.cde.ual.es\\\/#organization\",\"name\":\"Centro de Documentaci\u00f3n Europea de Almer\u00eda\",\"url\":\"https:\\\/\\\/www.cde.ual.es\\\/\",\"logo\":{\"@type\":\"ImageObject\",\"inLanguage\":\"en-US\",\"@id\":\"https:\\\/\\\/www.cde.ual.es\\\/#\\\/schema\\\/logo\\\/image\\\/\",\"url\":\"https:\\\/\\\/www.cde.ual.es\\\/wp-content\\\/uploads\\\/2025\\\/07\\\/cde-logo-3.png\",\"contentUrl\":\"https:\\\/\\\/www.cde.ual.es\\\/wp-content\\\/uploads\\\/2025\\\/07\\\/cde-logo-3.png\",\"width\":1400,\"height\":300,\"caption\":\"Centro de Documentaci\u00f3n Europea de Almer\u00eda\"},\"image\":{\"@id\":\"https:\\\/\\\/www.cde.ual.es\\\/#\\\/schema\\\/logo\\\/image\\\/\"},\"sameAs\":[\"https:\\\/\\\/www.facebook.com\\\/cdeuniversidadalmeria\\\/\",\"https:\\\/\\\/x.com\\\/cdeualmeria\",\"https:\\\/\\\/www.tiktok.com\\\/@cdealmeria\",\"https:\\\/\\\/www.instagram.com\\\/cdealmeria\\\/\",\"https:\\\/\\\/www.linkedin.com\\\/in\\\/cde-almera-812b26a9\\\/\"]},{\"@type\":\"Person\",\"@id\":\"https:\\\/\\\/www.cde.ual.es\\\/#\\\/schema\\\/person\\\/bf2f837cf3353e2161fe1087adbd728f\",\"name\":\"BECACDE1\",\"image\":{\"@type\":\"ImageObject\",\"inLanguage\":\"en-US\",\"@id\":\"https:\\\/\\\/secure.gravatar.com\\\/avatar\\\/16a4c1e422b5dec818ee13eab3353b19db9cfd278cc10f9b0e1188a37671d9d4?s=96&d=mm&r=g\",\"url\":\"https:\\\/\\\/secure.gravatar.com\\\/avatar\\\/16a4c1e422b5dec818ee13eab3353b19db9cfd278cc10f9b0e1188a37671d9d4?s=96&d=mm&r=g\",\"contentUrl\":\"https:\\\/\\\/secure.gravatar.com\\\/avatar\\\/16a4c1e422b5dec818ee13eab3353b19db9cfd278cc10f9b0e1188a37671d9d4?s=96&d=mm&r=g\",\"caption\":\"BECACDE1\"},\"sameAs\":[\"http:\\\/\\\/www.cdealmeria.com\"]}]}<\/script>\n<!-- \/ Yoast SEO plugin. -->","yoast_head_json":{"title":"Gender-based cyberviolence: harmonised sanctions and victim support | CDE Almer\u00eda - Centro de Documentaci\u00f3n Europea - Universidad de Almer\u00eda","robots":{"index":"index","follow":"follow","max-snippet":"max-snippet:-1","max-image-preview":"max-image-preview:large","max-video-preview":"max-video-preview:-1"},"canonical":"https:\/\/www.cde.ual.es\/?p=88499","og_locale":"en_US","og_type":"article","og_title":"Gender-based cyberviolence: harmonised sanctions and victim support | CDE Almer\u00eda - Centro de Documentaci\u00f3n Europea - Universidad de Almer\u00eda","og_description":"Seven out of ten women have experienced cyber-stalking Need for a common criminal law definition to ensure convergence of national and EU level EU-wide sanctions in line with standards set out in Istanbul Convention A minimum level of protection and reparation for victims On Tuesday, December 1, the committees on Civil Liberties and Women\u2019s Rights [&hellip;]","og_url":"https:\/\/www.cde.ual.es\/?p=88499","og_site_name":"CDE Almer\u00eda - Centro de Documentaci\u00f3n Europea - Universidad de Almer\u00eda","article_publisher":"https:\/\/www.facebook.com\/cdeuniversidadalmeria\/","article_published_time":"2021-12-07T02:00:24+00:00","og_image":[{"width":1708,"height":1638,"url":"https:\/\/www.cde.ual.es\/wp-content\/uploads\/2021\/12\/philipp-wuthrich-2HMrBMbbbYg-unsplash-scaled-e1638434014108.jpg","type":"image\/jpeg"}],"author":"BECACDE1","twitter_card":"summary_large_image","twitter_creator":"@cdeualmeria","twitter_site":"@cdeualmeria","twitter_misc":{"Written by":"BECACDE1","Est. reading time":"3 minutes"},"schema":{"@context":"https:\/\/schema.org","@graph":[{"@type":"Article","@id":"https:\/\/www.cde.ual.es\/?p=88499#article","isPartOf":{"@id":"https:\/\/www.cde.ual.es\/?p=88499"},"author":{"name":"BECACDE1","@id":"https:\/\/www.cde.ual.es\/#\/schema\/person\/bf2f837cf3353e2161fe1087adbd728f"},"headline":"Gender-based cyberviolence: harmonised sanctions and victim support","datePublished":"2021-12-07T02:00:24+00:00","mainEntityOfPage":{"@id":"https:\/\/www.cde.ual.es\/?p=88499"},"wordCount":460,"commentCount":0,"publisher":{"@id":"https:\/\/www.cde.ual.es\/#organization"},"image":{"@id":"https:\/\/www.cde.ual.es\/?p=88499#primaryimage"},"thumbnailUrl":"https:\/\/www.cde.ual.es\/wp-content\/uploads\/2021\/12\/philipp-wuthrich-2HMrBMbbbYg-unsplash-scaled-e1638434014108.jpg","keywords":["cyberviolence","European Parliament","Gender","Sanctions","support","victim","violence"],"articleSection":["Asuntos Sociales","Igualdad","Noticias UE"],"inLanguage":"en-US","potentialAction":[{"@type":"CommentAction","name":"Comment","target":["https:\/\/www.cde.ual.es\/?p=88499#respond"]}]},{"@type":"WebPage","@id":"https:\/\/www.cde.ual.es\/?p=88499","url":"https:\/\/www.cde.ual.es\/?p=88499","name":"Gender-based cyberviolence: harmonised sanctions and victim support | CDE Almer\u00eda - Centro de Documentaci\u00f3n Europea - Universidad de Almer\u00eda","isPartOf":{"@id":"https:\/\/www.cde.ual.es\/#website"},"primaryImageOfPage":{"@id":"https:\/\/www.cde.ual.es\/?p=88499#primaryimage"},"image":{"@id":"https:\/\/www.cde.ual.es\/?p=88499#primaryimage"},"thumbnailUrl":"https:\/\/www.cde.ual.es\/wp-content\/uploads\/2021\/12\/philipp-wuthrich-2HMrBMbbbYg-unsplash-scaled-e1638434014108.jpg","datePublished":"2021-12-07T02:00:24+00:00","breadcrumb":{"@id":"https:\/\/www.cde.ual.es\/?p=88499#breadcrumb"},"inLanguage":"en-US","potentialAction":[{"@type":"ReadAction","target":["https:\/\/www.cde.ual.es\/?p=88499"]}]},{"@type":"ImageObject","inLanguage":"en-US","@id":"https:\/\/www.cde.ual.es\/?p=88499#primaryimage","url":"https:\/\/www.cde.ual.es\/wp-content\/uploads\/2021\/12\/philipp-wuthrich-2HMrBMbbbYg-unsplash-scaled-e1638434014108.jpg","contentUrl":"https:\/\/www.cde.ual.es\/wp-content\/uploads\/2021\/12\/philipp-wuthrich-2HMrBMbbbYg-unsplash-scaled-e1638434014108.jpg","width":1708,"height":1638},{"@type":"BreadcrumbList","@id":"https:\/\/www.cde.ual.es\/?p=88499#breadcrumb","itemListElement":[{"@type":"ListItem","position":1,"name":"Inicio","item":"https:\/\/www.cde.ual.es\/en\/"},{"@type":"ListItem","position":2,"name":"Noticias UE","item":"https:\/\/www.cde.ual.es\/category\/noticias-ue\/"},{"@type":"ListItem","position":3,"name":"Asuntos Sociales","item":"https:\/\/www.cde.ual.es\/category\/noticias-ue\/soc\/"},{"@type":"ListItem","position":4,"name":"Igualdad","item":"https:\/\/www.cde.ual.es\/category\/noticias-ue\/soc\/igualdad\/"},{"@type":"ListItem","position":5,"name":"Gender-based cyberviolence: harmonised sanctions and victim support"}]},{"@type":"WebSite","@id":"https:\/\/www.cde.ual.es\/#website","url":"https:\/\/www.cde.ual.es\/","name":"CDE Almer\u00eda - Centro de Documentaci\u00f3n Europea - Universidad de Almer\u00eda","description":"Centro de Documentaci\u00f3n Europea de la Universidad de Almer\u00eda","publisher":{"@id":"https:\/\/www.cde.ual.es\/#organization"},"alternateName":"CDE Almer\u00eda","potentialAction":[{"@type":"SearchAction","target":{"@type":"EntryPoint","urlTemplate":"https:\/\/www.cde.ual.es\/?s={search_term_string}"},"query-input":{"@type":"PropertyValueSpecification","valueRequired":true,"valueName":"search_term_string"}}],"inLanguage":"en-US"},{"@type":"Organization","@id":"https:\/\/www.cde.ual.es\/#organization","name":"Centro de Documentaci\u00f3n Europea de Almer\u00eda","url":"https:\/\/www.cde.ual.es\/","logo":{"@type":"ImageObject","inLanguage":"en-US","@id":"https:\/\/www.cde.ual.es\/#\/schema\/logo\/image\/","url":"https:\/\/www.cde.ual.es\/wp-content\/uploads\/2025\/07\/cde-logo-3.png","contentUrl":"https:\/\/www.cde.ual.es\/wp-content\/uploads\/2025\/07\/cde-logo-3.png","width":1400,"height":300,"caption":"Centro de Documentaci\u00f3n Europea de Almer\u00eda"},"image":{"@id":"https:\/\/www.cde.ual.es\/#\/schema\/logo\/image\/"},"sameAs":["https:\/\/www.facebook.com\/cdeuniversidadalmeria\/","https:\/\/x.com\/cdeualmeria","https:\/\/www.tiktok.com\/@cdealmeria","https:\/\/www.instagram.com\/cdealmeria\/","https:\/\/www.linkedin.com\/in\/cde-almera-812b26a9\/"]},{"@type":"Person","@id":"https:\/\/www.cde.ual.es\/#\/schema\/person\/bf2f837cf3353e2161fe1087adbd728f","name":"BECACDE1","image":{"@type":"ImageObject","inLanguage":"en-US","@id":"https:\/\/secure.gravatar.com\/avatar\/16a4c1e422b5dec818ee13eab3353b19db9cfd278cc10f9b0e1188a37671d9d4?s=96&d=mm&r=g","url":"https:\/\/secure.gravatar.com\/avatar\/16a4c1e422b5dec818ee13eab3353b19db9cfd278cc10f9b0e1188a37671d9d4?s=96&d=mm&r=g","contentUrl":"https:\/\/secure.gravatar.com\/avatar\/16a4c1e422b5dec818ee13eab3353b19db9cfd278cc10f9b0e1188a37671d9d4?s=96&d=mm&r=g","caption":"BECACDE1"},"sameAs":["http:\/\/www.cdealmeria.com"]}]}},"_links":{"self":[{"href":"https:\/\/www.cde.ual.es\/en\/wp-json\/wp\/v2\/posts\/88493","targetHints":{"allow":["GET"]}}],"collection":[{"href":"https:\/\/www.cde.ual.es\/en\/wp-json\/wp\/v2\/posts"}],"about":[{"href":"https:\/\/www.cde.ual.es\/en\/wp-json\/wp\/v2\/types\/post"}],"author":[{"embeddable":true,"href":"https:\/\/www.cde.ual.es\/en\/wp-json\/wp\/v2\/users\/101012"}],"replies":[{"embeddable":true,"href":"https:\/\/www.cde.ual.es\/en\/wp-json\/wp\/v2\/comments?post=88493"}],"version-history":[{"count":0,"href":"https:\/\/www.cde.ual.es\/en\/wp-json\/wp\/v2\/posts\/88493\/revisions"}],"wp:featuredmedia":[{"embeddable":true,"href":"https:\/\/www.cde.ual.es\/en\/wp-json\/wp\/v2\/media\/88494"}],"wp:attachment":[{"href":"https:\/\/www.cde.ual.es\/en\/wp-json\/wp\/v2\/media?parent=88493"}],"wp:term":[{"taxonomy":"category","embeddable":true,"href":"https:\/\/www.cde.ual.es\/en\/wp-json\/wp\/v2\/categories?post=88493"},{"taxonomy":"post_tag","embeddable":true,"href":"https:\/\/www.cde.ual.es\/en\/wp-json\/wp\/v2\/tags?post=88493"}],"curies":[{"name":"wp","href":"https:\/\/api.w.org\/{rel}","templated":true}]}}