{"id":8824,"date":"2018-10-05T08:45:53","date_gmt":"2018-10-05T06:45:53","guid":{"rendered":"http:\/\/www.cde.ual.es\/?p=8824"},"modified":"2018-10-04T08:36:35","modified_gmt":"2018-10-04T06:36:35","slug":"100-ideas-para-una-europa-mejor-conclusiones-del-eye2018","status":"publish","type":"post","link":"https:\/\/www.cde.ual.es\/en\/100-ideas-para-una-europa-mejor-conclusiones-del-eye2018\/","title":{"rendered":"100 ideas para una Europa mejor: conclusiones del EYE2018"},"content":{"rendered":"<p><em><strong>Los m\u00e1s de 8.000 j\u00f3venes que participaron en el Evento Europeo de la Juventud presentar\u00e1n sus ideas al Parlamento Europeo este oto\u00f1o.<\/strong><\/em><\/p>\n<p>El Parlamento Europeo abri\u00f3 sus puertas el pasado mes de junio a m\u00e1s de 8.000 j\u00f3venes con motivo del\u00a0<a href=\"http:\/\/www.europarl.europa.eu\/news\/es\/headlines\/eu-affairs\/20180601STO04818\/tajani-al-eye2018-sois-los-hijos-de-una-europa-moderna-democratica-y-abierta\" target=\"_blank\" rel=\"noopener\">Evento Europeo de la Juventud (EYE2018)<\/a>. El encuentro permiti\u00f3 celebrar una amplia gama de debates sobre el futuro de Europa. Las ideas m\u00e1s concretas del evento quedaron recogidas en un informe que recibieron los eurodiputados el 20 de septiembre.<\/p>\n<p>Las\u00a0<a href=\"http:\/\/www.epgencms.europarl.europa.eu\/cmsdata\/upload\/24b6b5fb-1047-4791-a0f1-f28a0e42dca9\/EYE2018_report_ES_web.pdf\" target=\"_blank\" rel=\"noopener\">100 ideas\u00a0<\/a>que recoge el informe van desde proteger a los denunciantes y evitar la evasi\u00f3n fiscal hasta alentar a los j\u00f3venes a participar en las elecciones y eliminar la contaminaci\u00f3n por pl\u00e1stico.<\/p>\n<p>Los participantes de EYE presentar\u00e1n estas ideas a las comisiones del Parlamento en los pr\u00f3ximos meses.<\/p>\n<p>Con solo ocho meses hasta las\u00a0<a href=\"https:\/\/www.thistimeimvoting.eu\/es\" target=\"_blank\" rel=\"noopener\">elecciones de la UE<\/a>, estas audiencias ser\u00e1n una oportunidad para que los j\u00f3venes europeos se relacionen con los diputados al Parlamento Europeo y expresen sus ideas sobre c\u00f3mo mejorar Europa.<\/p>\n<h3><strong>Audiencias en las comisiones parlamentarias:<\/strong><\/h3>\n<ul>\n<li>10 de octubre:\u00a0<a href=\"http:\/\/www.europarl.europa.eu\/committees\/es\/cult\/home.html\" target=\"_blank\" rel=\"noopener\">Cultura y Educaci\u00f3n<\/a><\/li>\n<li>19 de noviembre:\u00a0<a href=\"http:\/\/www.europarl.europa.eu\/committees\/es\/libe\/home.html\" target=\"_blank\" rel=\"noopener\">Libertades Civiles<\/a><\/li>\n<li>20 de noviembre:\u00a0<a href=\"http:\/\/www.europarl.europa.eu\/committees\/es\/empl\/home.html\" target=\"_blank\" rel=\"noopener\">Empleo y Asuntos Sociales<\/a><\/li>\n<li>21 de noviembre:\u00a0<a href=\"http:\/\/www.europarl.europa.eu\/committees\/es\/itre\/home.html\" target=\"_blank\" rel=\"noopener\">Industria<\/a><\/li>\n<li>21 de noviembre:\u00a0<a href=\"http:\/\/www.europarl.europa.eu\/committees\/es\/tran\/home.html\" target=\"_blank\" rel=\"noopener\">Transporte y Turismo<\/a><\/li>\n<li>26 de noviembre:\u00a0<a href=\"http:\/\/www.europarl.europa.eu\/committees\/es\/envi\/home.html\" target=\"_blank\" rel=\"noopener\">Medio Ambiente<\/a><\/li>\n<li>27 de noviembre:\u00a0<a href=\"http:\/\/www.europarl.europa.eu\/committees\/es\/afco\/home.html\" target=\"_blank\" rel=\"noopener\">Asuntos Constitucionales<\/a><\/li>\n<\/ul>\n<p>&#8220;Los j\u00f3venes pueden marcar la diferencia, y estoy seguro de que su contribuci\u00f3n conducir\u00e1 a una democracia europea cada vez m\u00e1s din\u00e1mica&#8221;, se\u00f1ala el presidente del Parlamento Europeo, Antonio Tajani, en el pr\u00f3logo del informe.<\/p>\n<p>Podr\u00e1 seguir las presentaciones de los j\u00f3venes en las distintas comisiones parlamentarias a trav\u00e9s de nuestras redes sociales\u00a0<a href=\"https:\/\/www.facebook.com\/EuropeanYouthEvent\/\" target=\"_blank\" rel=\"noopener\">Facebook<\/a>,\u00a0<a href=\"https:\/\/www.instagram.com\/ep_eye\/\" target=\"_blank\" rel=\"noopener\">Instagram<\/a>\u00a0y\u00a0<a href=\"https:\/\/twitter.com\/ep_eye2018\" target=\"_blank\" rel=\"noopener\">Twitter<\/a>.<\/p>\n<h3>M\u00e1s informaci\u00f3n:<\/h3>\n<p><a title=\"Abrir en una nueva p\u00e1gina\" href=\"http:\/\/www.europarl.europa.eu\/european-youth-event\/en\/home.html#\"><span class=\"ep_name\">EYE2018<\/span><span class=\"ep_icon\">\u00a0<\/span><\/a><\/p>\n<p>&nbsp;<\/p>\n","protected":false},"excerpt":{"rendered":"<p>Los m\u00e1s de 8.000 j\u00f3venes que participaron en el Evento Europeo de la Juventud presentar\u00e1n sus ideas al Parlamento Europeo este oto\u00f1o. El Parlamento Europeo abri\u00f3 sus puertas el pasado mes de junio a m\u00e1s de 8.000 j\u00f3venes con motivo del\u00a0Evento Europeo de la Juventud (EYE2018). El encuentro permiti\u00f3 celebrar una amplia gama de debates [&hellip;]<\/p>\n","protected":false},"author":1,"featured_media":8829,"comment_status":"open","ping_status":"open","sticky":false,"template":"","format":"standard","meta":{"_acf_changed":false,"_relevanssi_hide_post":"","_relevanssi_hide_content":"","_relevanssi_pin_for_all":"","_relevanssi_pin_keywords":"","_relevanssi_unpin_keywords":"","_relevanssi_related_keywords":"","_relevanssi_related_include_ids":"","_relevanssi_related_exclude_ids":"","_relevanssi_related_no_append":"","_relevanssi_related_not_related":"","_relevanssi_related_posts":"","_relevanssi_noindex_reason":"","_monsterinsights_skip_tracking":false,"_monsterinsights_sitenote_active":false,"_monsterinsights_sitenote_note":"","_monsterinsights_sitenote_category":0,"_genesis_hide_title":false,"_genesis_hide_breadcrumbs":false,"_genesis_hide_singular_image":false,"_genesis_hide_footer_widgets":false,"_genesis_custom_body_class":"","_genesis_custom_post_class":"","_genesis_layout":"","footnotes":""},"categories":[96],"tags":[135],"class_list":{"0":"post-8824","1":"post","2":"type-post","3":"status-publish","4":"format-standard","5":"has-post-thumbnail","7":"category-noticias-ue","8":"tag-union-europea","9":"entry"},"acf":[],"yoast_head":"<!-- This site is optimized with the Yoast SEO plugin v27.4 - https:\/\/yoast.com\/product\/yoast-seo-wordpress\/ -->\n<title>100 ideas para una Europa mejor: conclusiones del EYE2018 | CDE Almer\u00eda - Centro de Documentaci\u00f3n Europea - Universidad de Almer\u00eda<\/title>\n<meta name=\"robots\" content=\"index, follow, max-snippet:-1, max-image-preview:large, max-video-preview:-1\" \/>\n<link rel=\"canonical\" href=\"https:\/\/www.cde.ual.es\/en\/100-ideas-para-una-europa-mejor-conclusiones-del-eye2018\/\" \/>\n<meta property=\"og:locale\" content=\"en_US\" \/>\n<meta property=\"og:type\" content=\"article\" \/>\n<meta property=\"og:title\" content=\"100 ideas para una Europa mejor: conclusiones del EYE2018 | CDE Almer\u00eda - Centro de Documentaci\u00f3n Europea - Universidad de Almer\u00eda\" \/>\n<meta property=\"og:description\" content=\"Los m\u00e1s de 8.000 j\u00f3venes que participaron en el Evento Europeo de la Juventud presentar\u00e1n sus ideas al Parlamento Europeo este oto\u00f1o. El Parlamento Europeo abri\u00f3 sus puertas el pasado mes de junio a m\u00e1s de 8.000 j\u00f3venes con motivo del\u00a0Evento Europeo de la Juventud (EYE2018). El encuentro permiti\u00f3 celebrar una amplia gama de debates [&hellip;]\" \/>\n<meta property=\"og:url\" content=\"https:\/\/www.cde.ual.es\/en\/100-ideas-para-una-europa-mejor-conclusiones-del-eye2018\/\" \/>\n<meta property=\"og:site_name\" content=\"CDE Almer\u00eda - Centro de Documentaci\u00f3n Europea - Universidad de Almer\u00eda\" \/>\n<meta property=\"article:publisher\" content=\"https:\/\/www.facebook.com\/cdeuniversidadalmeria\/\" \/>\n<meta property=\"article:published_time\" content=\"2018-10-05T06:45:53+00:00\" \/>\n<meta property=\"og:image\" content=\"https:\/\/www.cde.ual.es\/wp-content\/uploads\/2018\/10\/100-ideas-.png\" \/>\n\t<meta property=\"og:image:width\" content=\"708\" \/>\n\t<meta property=\"og:image:height\" content=\"434\" \/>\n\t<meta property=\"og:image:type\" content=\"image\/png\" \/>\n<meta name=\"author\" content=\"AdminCDE\" \/>\n<meta name=\"twitter:card\" content=\"summary_large_image\" \/>\n<meta name=\"twitter:creator\" content=\"@cdeualmeria\" \/>\n<meta name=\"twitter:site\" content=\"@cdeualmeria\" \/>\n<meta name=\"twitter:label1\" content=\"Written by\" \/>\n\t<meta name=\"twitter:data1\" content=\"AdminCDE\" \/>\n\t<meta name=\"twitter:label2\" content=\"Est. reading time\" \/>\n\t<meta name=\"twitter:data2\" content=\"1 minute\" \/>\n<script type=\"application\/ld+json\" class=\"yoast-schema-graph\">{\"@context\":\"https:\\\/\\\/schema.org\",\"@graph\":[{\"@type\":\"Article\",\"@id\":\"https:\\\/\\\/www.cde.ual.es\\\/en\\\/100-ideas-para-una-europa-mejor-conclusiones-del-eye2018\\\/#article\",\"isPartOf\":{\"@id\":\"https:\\\/\\\/www.cde.ual.es\\\/en\\\/100-ideas-para-una-europa-mejor-conclusiones-del-eye2018\\\/\"},\"author\":{\"name\":\"AdminCDE\",\"@id\":\"https:\\\/\\\/www.cde.ual.es\\\/#\\\/schema\\\/person\\\/224ef08c8bcc005f319d2713ce37ee5f\"},\"headline\":\"100 ideas para una Europa mejor: conclusiones del EYE2018\",\"datePublished\":\"2018-10-05T06:45:53+00:00\",\"mainEntityOfPage\":{\"@id\":\"https:\\\/\\\/www.cde.ual.es\\\/en\\\/100-ideas-para-una-europa-mejor-conclusiones-del-eye2018\\\/\"},\"wordCount\":294,\"commentCount\":0,\"publisher\":{\"@id\":\"https:\\\/\\\/www.cde.ual.es\\\/#organization\"},\"image\":{\"@id\":\"https:\\\/\\\/www.cde.ual.es\\\/en\\\/100-ideas-para-una-europa-mejor-conclusiones-del-eye2018\\\/#primaryimage\"},\"thumbnailUrl\":\"https:\\\/\\\/www.cde.ual.es\\\/wp-content\\\/uploads\\\/2018\\\/10\\\/100-ideas-.png\",\"keywords\":[\"Uni\u00f3n Europea\"],\"articleSection\":[\"Noticias UE\"],\"inLanguage\":\"en-US\",\"potentialAction\":[{\"@type\":\"CommentAction\",\"name\":\"Comment\",\"target\":[\"https:\\\/\\\/www.cde.ual.es\\\/en\\\/100-ideas-para-una-europa-mejor-conclusiones-del-eye2018\\\/#respond\"]}]},{\"@type\":\"WebPage\",\"@id\":\"https:\\\/\\\/www.cde.ual.es\\\/en\\\/100-ideas-para-una-europa-mejor-conclusiones-del-eye2018\\\/\",\"url\":\"https:\\\/\\\/www.cde.ual.es\\\/en\\\/100-ideas-para-una-europa-mejor-conclusiones-del-eye2018\\\/\",\"name\":\"100 ideas para una Europa mejor: conclusiones del EYE2018 | CDE Almer\u00eda - Centro de Documentaci\u00f3n Europea - Universidad de Almer\u00eda\",\"isPartOf\":{\"@id\":\"https:\\\/\\\/www.cde.ual.es\\\/#website\"},\"primaryImageOfPage\":{\"@id\":\"https:\\\/\\\/www.cde.ual.es\\\/en\\\/100-ideas-para-una-europa-mejor-conclusiones-del-eye2018\\\/#primaryimage\"},\"image\":{\"@id\":\"https:\\\/\\\/www.cde.ual.es\\\/en\\\/100-ideas-para-una-europa-mejor-conclusiones-del-eye2018\\\/#primaryimage\"},\"thumbnailUrl\":\"https:\\\/\\\/www.cde.ual.es\\\/wp-content\\\/uploads\\\/2018\\\/10\\\/100-ideas-.png\",\"datePublished\":\"2018-10-05T06:45:53+00:00\",\"breadcrumb\":{\"@id\":\"https:\\\/\\\/www.cde.ual.es\\\/en\\\/100-ideas-para-una-europa-mejor-conclusiones-del-eye2018\\\/#breadcrumb\"},\"inLanguage\":\"en-US\",\"potentialAction\":[{\"@type\":\"ReadAction\",\"target\":[\"https:\\\/\\\/www.cde.ual.es\\\/en\\\/100-ideas-para-una-europa-mejor-conclusiones-del-eye2018\\\/\"]}]},{\"@type\":\"ImageObject\",\"inLanguage\":\"en-US\",\"@id\":\"https:\\\/\\\/www.cde.ual.es\\\/en\\\/100-ideas-para-una-europa-mejor-conclusiones-del-eye2018\\\/#primaryimage\",\"url\":\"https:\\\/\\\/www.cde.ual.es\\\/wp-content\\\/uploads\\\/2018\\\/10\\\/100-ideas-.png\",\"contentUrl\":\"https:\\\/\\\/www.cde.ual.es\\\/wp-content\\\/uploads\\\/2018\\\/10\\\/100-ideas-.png\",\"width\":708,\"height\":434},{\"@type\":\"BreadcrumbList\",\"@id\":\"https:\\\/\\\/www.cde.ual.es\\\/en\\\/100-ideas-para-una-europa-mejor-conclusiones-del-eye2018\\\/#breadcrumb\",\"itemListElement\":[{\"@type\":\"ListItem\",\"position\":1,\"name\":\"Inicio\",\"item\":\"https:\\\/\\\/www.cde.ual.es\\\/en\\\/\"},{\"@type\":\"ListItem\",\"position\":2,\"name\":\"EU News\",\"item\":\"https:\\\/\\\/www.cde.ual.es\\\/en\\\/category\\\/eu-news\\\/\"},{\"@type\":\"ListItem\",\"position\":3,\"name\":\"100 ideas para una Europa mejor: conclusiones del EYE2018\"}]},{\"@type\":\"WebSite\",\"@id\":\"https:\\\/\\\/www.cde.ual.es\\\/#website\",\"url\":\"https:\\\/\\\/www.cde.ual.es\\\/\",\"name\":\"CDE Almer\u00eda - Centro de Documentaci\u00f3n Europea - Universidad de Almer\u00eda\",\"description\":\"Centro de Documentaci\u00f3n Europea de la Universidad de Almer\u00eda\",\"publisher\":{\"@id\":\"https:\\\/\\\/www.cde.ual.es\\\/#organization\"},\"alternateName\":\"CDE Almer\u00eda\",\"potentialAction\":[{\"@type\":\"SearchAction\",\"target\":{\"@type\":\"EntryPoint\",\"urlTemplate\":\"https:\\\/\\\/www.cde.ual.es\\\/?s={search_term_string}\"},\"query-input\":{\"@type\":\"PropertyValueSpecification\",\"valueRequired\":true,\"valueName\":\"search_term_string\"}}],\"inLanguage\":\"en-US\"},{\"@type\":\"Organization\",\"@id\":\"https:\\\/\\\/www.cde.ual.es\\\/#organization\",\"name\":\"Centro de Documentaci\u00f3n Europea de Almer\u00eda\",\"url\":\"https:\\\/\\\/www.cde.ual.es\\\/\",\"logo\":{\"@type\":\"ImageObject\",\"inLanguage\":\"en-US\",\"@id\":\"https:\\\/\\\/www.cde.ual.es\\\/#\\\/schema\\\/logo\\\/image\\\/\",\"url\":\"https:\\\/\\\/www.cde.ual.es\\\/wp-content\\\/uploads\\\/2025\\\/07\\\/cde-logo-3.png\",\"contentUrl\":\"https:\\\/\\\/www.cde.ual.es\\\/wp-content\\\/uploads\\\/2025\\\/07\\\/cde-logo-3.png\",\"width\":1400,\"height\":300,\"caption\":\"Centro de Documentaci\u00f3n Europea de Almer\u00eda\"},\"image\":{\"@id\":\"https:\\\/\\\/www.cde.ual.es\\\/#\\\/schema\\\/logo\\\/image\\\/\"},\"sameAs\":[\"https:\\\/\\\/www.facebook.com\\\/cdeuniversidadalmeria\\\/\",\"https:\\\/\\\/x.com\\\/cdeualmeria\",\"https:\\\/\\\/www.tiktok.com\\\/@cdealmeria\",\"https:\\\/\\\/www.instagram.com\\\/cdealmeria\\\/\",\"https:\\\/\\\/www.linkedin.com\\\/in\\\/cde-almera-812b26a9\\\/\"]},{\"@type\":\"Person\",\"@id\":\"https:\\\/\\\/www.cde.ual.es\\\/#\\\/schema\\\/person\\\/224ef08c8bcc005f319d2713ce37ee5f\",\"name\":\"AdminCDE\",\"image\":{\"@type\":\"ImageObject\",\"inLanguage\":\"en-US\",\"@id\":\"https:\\\/\\\/secure.gravatar.com\\\/avatar\\\/a72d038d371f995cd13706fac32274b7952a52e8fb0a84b5f80c85426f2a98a8?s=96&d=mm&r=g\",\"url\":\"https:\\\/\\\/secure.gravatar.com\\\/avatar\\\/a72d038d371f995cd13706fac32274b7952a52e8fb0a84b5f80c85426f2a98a8?s=96&d=mm&r=g\",\"contentUrl\":\"https:\\\/\\\/secure.gravatar.com\\\/avatar\\\/a72d038d371f995cd13706fac32274b7952a52e8fb0a84b5f80c85426f2a98a8?s=96&d=mm&r=g\",\"caption\":\"AdminCDE\"}}]}<\/script>\n<!-- \/ Yoast SEO plugin. -->","yoast_head_json":{"title":"100 ideas para una Europa mejor: conclusiones del EYE2018 | CDE Almer\u00eda - Centro de Documentaci\u00f3n Europea - Universidad de Almer\u00eda","robots":{"index":"index","follow":"follow","max-snippet":"max-snippet:-1","max-image-preview":"max-image-preview:large","max-video-preview":"max-video-preview:-1"},"canonical":"https:\/\/www.cde.ual.es\/en\/100-ideas-para-una-europa-mejor-conclusiones-del-eye2018\/","og_locale":"en_US","og_type":"article","og_title":"100 ideas para una Europa mejor: conclusiones del EYE2018 | CDE Almer\u00eda - Centro de Documentaci\u00f3n Europea - Universidad de Almer\u00eda","og_description":"Los m\u00e1s de 8.000 j\u00f3venes que participaron en el Evento Europeo de la Juventud presentar\u00e1n sus ideas al Parlamento Europeo este oto\u00f1o. El Parlamento Europeo abri\u00f3 sus puertas el pasado mes de junio a m\u00e1s de 8.000 j\u00f3venes con motivo del\u00a0Evento Europeo de la Juventud (EYE2018). El encuentro permiti\u00f3 celebrar una amplia gama de debates [&hellip;]","og_url":"https:\/\/www.cde.ual.es\/en\/100-ideas-para-una-europa-mejor-conclusiones-del-eye2018\/","og_site_name":"CDE Almer\u00eda - Centro de Documentaci\u00f3n Europea - Universidad de Almer\u00eda","article_publisher":"https:\/\/www.facebook.com\/cdeuniversidadalmeria\/","article_published_time":"2018-10-05T06:45:53+00:00","og_image":[{"width":708,"height":434,"url":"https:\/\/www.cde.ual.es\/wp-content\/uploads\/2018\/10\/100-ideas-.png","type":"image\/png"}],"author":"AdminCDE","twitter_card":"summary_large_image","twitter_creator":"@cdeualmeria","twitter_site":"@cdeualmeria","twitter_misc":{"Written by":"AdminCDE","Est. reading time":"1 minute"},"schema":{"@context":"https:\/\/schema.org","@graph":[{"@type":"Article","@id":"https:\/\/www.cde.ual.es\/en\/100-ideas-para-una-europa-mejor-conclusiones-del-eye2018\/#article","isPartOf":{"@id":"https:\/\/www.cde.ual.es\/en\/100-ideas-para-una-europa-mejor-conclusiones-del-eye2018\/"},"author":{"name":"AdminCDE","@id":"https:\/\/www.cde.ual.es\/#\/schema\/person\/224ef08c8bcc005f319d2713ce37ee5f"},"headline":"100 ideas para una Europa mejor: conclusiones del EYE2018","datePublished":"2018-10-05T06:45:53+00:00","mainEntityOfPage":{"@id":"https:\/\/www.cde.ual.es\/en\/100-ideas-para-una-europa-mejor-conclusiones-del-eye2018\/"},"wordCount":294,"commentCount":0,"publisher":{"@id":"https:\/\/www.cde.ual.es\/#organization"},"image":{"@id":"https:\/\/www.cde.ual.es\/en\/100-ideas-para-una-europa-mejor-conclusiones-del-eye2018\/#primaryimage"},"thumbnailUrl":"https:\/\/www.cde.ual.es\/wp-content\/uploads\/2018\/10\/100-ideas-.png","keywords":["Uni\u00f3n Europea"],"articleSection":["Noticias UE"],"inLanguage":"en-US","potentialAction":[{"@type":"CommentAction","name":"Comment","target":["https:\/\/www.cde.ual.es\/en\/100-ideas-para-una-europa-mejor-conclusiones-del-eye2018\/#respond"]}]},{"@type":"WebPage","@id":"https:\/\/www.cde.ual.es\/en\/100-ideas-para-una-europa-mejor-conclusiones-del-eye2018\/","url":"https:\/\/www.cde.ual.es\/en\/100-ideas-para-una-europa-mejor-conclusiones-del-eye2018\/","name":"100 ideas para una Europa mejor: conclusiones del EYE2018 | CDE Almer\u00eda - Centro de Documentaci\u00f3n Europea - Universidad de Almer\u00eda","isPartOf":{"@id":"https:\/\/www.cde.ual.es\/#website"},"primaryImageOfPage":{"@id":"https:\/\/www.cde.ual.es\/en\/100-ideas-para-una-europa-mejor-conclusiones-del-eye2018\/#primaryimage"},"image":{"@id":"https:\/\/www.cde.ual.es\/en\/100-ideas-para-una-europa-mejor-conclusiones-del-eye2018\/#primaryimage"},"thumbnailUrl":"https:\/\/www.cde.ual.es\/wp-content\/uploads\/2018\/10\/100-ideas-.png","datePublished":"2018-10-05T06:45:53+00:00","breadcrumb":{"@id":"https:\/\/www.cde.ual.es\/en\/100-ideas-para-una-europa-mejor-conclusiones-del-eye2018\/#breadcrumb"},"inLanguage":"en-US","potentialAction":[{"@type":"ReadAction","target":["https:\/\/www.cde.ual.es\/en\/100-ideas-para-una-europa-mejor-conclusiones-del-eye2018\/"]}]},{"@type":"ImageObject","inLanguage":"en-US","@id":"https:\/\/www.cde.ual.es\/en\/100-ideas-para-una-europa-mejor-conclusiones-del-eye2018\/#primaryimage","url":"https:\/\/www.cde.ual.es\/wp-content\/uploads\/2018\/10\/100-ideas-.png","contentUrl":"https:\/\/www.cde.ual.es\/wp-content\/uploads\/2018\/10\/100-ideas-.png","width":708,"height":434},{"@type":"BreadcrumbList","@id":"https:\/\/www.cde.ual.es\/en\/100-ideas-para-una-europa-mejor-conclusiones-del-eye2018\/#breadcrumb","itemListElement":[{"@type":"ListItem","position":1,"name":"Inicio","item":"https:\/\/www.cde.ual.es\/en\/"},{"@type":"ListItem","position":2,"name":"EU News","item":"https:\/\/www.cde.ual.es\/en\/category\/eu-news\/"},{"@type":"ListItem","position":3,"name":"100 ideas para una Europa mejor: conclusiones del EYE2018"}]},{"@type":"WebSite","@id":"https:\/\/www.cde.ual.es\/#website","url":"https:\/\/www.cde.ual.es\/","name":"CDE Almer\u00eda - Centro de Documentaci\u00f3n Europea - Universidad de Almer\u00eda","description":"Centro de Documentaci\u00f3n Europea de la Universidad de Almer\u00eda","publisher":{"@id":"https:\/\/www.cde.ual.es\/#organization"},"alternateName":"CDE Almer\u00eda","potentialAction":[{"@type":"SearchAction","target":{"@type":"EntryPoint","urlTemplate":"https:\/\/www.cde.ual.es\/?s={search_term_string}"},"query-input":{"@type":"PropertyValueSpecification","valueRequired":true,"valueName":"search_term_string"}}],"inLanguage":"en-US"},{"@type":"Organization","@id":"https:\/\/www.cde.ual.es\/#organization","name":"Centro de Documentaci\u00f3n Europea de Almer\u00eda","url":"https:\/\/www.cde.ual.es\/","logo":{"@type":"ImageObject","inLanguage":"en-US","@id":"https:\/\/www.cde.ual.es\/#\/schema\/logo\/image\/","url":"https:\/\/www.cde.ual.es\/wp-content\/uploads\/2025\/07\/cde-logo-3.png","contentUrl":"https:\/\/www.cde.ual.es\/wp-content\/uploads\/2025\/07\/cde-logo-3.png","width":1400,"height":300,"caption":"Centro de Documentaci\u00f3n Europea de Almer\u00eda"},"image":{"@id":"https:\/\/www.cde.ual.es\/#\/schema\/logo\/image\/"},"sameAs":["https:\/\/www.facebook.com\/cdeuniversidadalmeria\/","https:\/\/x.com\/cdeualmeria","https:\/\/www.tiktok.com\/@cdealmeria","https:\/\/www.instagram.com\/cdealmeria\/","https:\/\/www.linkedin.com\/in\/cde-almera-812b26a9\/"]},{"@type":"Person","@id":"https:\/\/www.cde.ual.es\/#\/schema\/person\/224ef08c8bcc005f319d2713ce37ee5f","name":"AdminCDE","image":{"@type":"ImageObject","inLanguage":"en-US","@id":"https:\/\/secure.gravatar.com\/avatar\/a72d038d371f995cd13706fac32274b7952a52e8fb0a84b5f80c85426f2a98a8?s=96&d=mm&r=g","url":"https:\/\/secure.gravatar.com\/avatar\/a72d038d371f995cd13706fac32274b7952a52e8fb0a84b5f80c85426f2a98a8?s=96&d=mm&r=g","contentUrl":"https:\/\/secure.gravatar.com\/avatar\/a72d038d371f995cd13706fac32274b7952a52e8fb0a84b5f80c85426f2a98a8?s=96&d=mm&r=g","caption":"AdminCDE"}}]}},"_links":{"self":[{"href":"https:\/\/www.cde.ual.es\/en\/wp-json\/wp\/v2\/posts\/8824","targetHints":{"allow":["GET"]}}],"collection":[{"href":"https:\/\/www.cde.ual.es\/en\/wp-json\/wp\/v2\/posts"}],"about":[{"href":"https:\/\/www.cde.ual.es\/en\/wp-json\/wp\/v2\/types\/post"}],"author":[{"embeddable":true,"href":"https:\/\/www.cde.ual.es\/en\/wp-json\/wp\/v2\/users\/1"}],"replies":[{"embeddable":true,"href":"https:\/\/www.cde.ual.es\/en\/wp-json\/wp\/v2\/comments?post=8824"}],"version-history":[{"count":0,"href":"https:\/\/www.cde.ual.es\/en\/wp-json\/wp\/v2\/posts\/8824\/revisions"}],"wp:featuredmedia":[{"embeddable":true,"href":"https:\/\/www.cde.ual.es\/en\/wp-json\/wp\/v2\/media\/8829"}],"wp:attachment":[{"href":"https:\/\/www.cde.ual.es\/en\/wp-json\/wp\/v2\/media?parent=8824"}],"wp:term":[{"taxonomy":"category","embeddable":true,"href":"https:\/\/www.cde.ual.es\/en\/wp-json\/wp\/v2\/categories?post=8824"},{"taxonomy":"post_tag","embeddable":true,"href":"https:\/\/www.cde.ual.es\/en\/wp-json\/wp\/v2\/tags?post=8824"}],"curies":[{"name":"wp","href":"https:\/\/api.w.org\/{rel}","templated":true}]}}