{"id":87919,"date":"2021-11-15T03:00:46","date_gmt":"2021-11-15T02:00:46","guid":{"rendered":"https:\/\/www.cde.ual.es\/?p=87919"},"modified":"2021-11-29T10:44:52","modified_gmt":"2021-11-29T09:44:52","slug":"horizon-europe-mobilisation-of-society-to-transform-food-systems","status":"publish","type":"post","link":"https:\/\/www.cde.ual.es\/en\/horizon-europe-mobilisation-of-society-to-transform-food-systems\/","title":{"rendered":"HORIZON EUROPE: Mobilisation of society to transform food systems"},"content":{"rendered":"<h3><a href=\"https:\/\/www.cde.ual.es\/wp-content\/uploads\/2021\/11\/megan-thomas-xMh_ww8HN_Q-unsplash.jpg\"><img decoding=\"async\" class=\"wp-image-87920 aligncenter\" src=\"https:\/\/www.cde.ual.es\/wp-content\/uploads\/2021\/11\/megan-thomas-xMh_ww8HN_Q-unsplash-1024x683.jpg\" alt=\"\" width=\"501\" height=\"334\" srcset=\"https:\/\/www.cde.ual.es\/wp-content\/uploads\/2021\/11\/megan-thomas-xMh_ww8HN_Q-unsplash-1024x683.jpg 1024w, https:\/\/www.cde.ual.es\/wp-content\/uploads\/2021\/11\/megan-thomas-xMh_ww8HN_Q-unsplash-300x200.jpg 300w, https:\/\/www.cde.ual.es\/wp-content\/uploads\/2021\/11\/megan-thomas-xMh_ww8HN_Q-unsplash-768x512.jpg 768w, https:\/\/www.cde.ual.es\/wp-content\/uploads\/2021\/11\/megan-thomas-xMh_ww8HN_Q-unsplash-1536x1024.jpg 1536w, https:\/\/www.cde.ual.es\/wp-content\/uploads\/2021\/11\/megan-thomas-xMh_ww8HN_Q-unsplash-2048x1366.jpg 2048w\" sizes=\"(max-width: 501px) 100vw, 501px\" \/><\/a><\/h3>\n<h3><span class=\"topicdescriptionkind\">Expected Outcome<\/span><\/h3>\n<p>In line with the European Green Deal priorities and the farm to fork strategy\u00a0for a fair healthy and environmentally friendly food system, as well as with the EU&#8217;s Climate ambition for 2030 and 2050, the successful proposal will involve the mobilisation of society to transform food systems for co-benefits. This will lead to innovative governance models enabling sustainability and resilience, which achieve better-informed decision-making processes, societal engagement, and innovative solutions.<\/p>\n<p>With the overarching aim to help transform food systems for co-benefits to nutrition and health, climate, environment, biodiversity, circularity and communities, the project will:<\/p>\n<ul>\n<li>Build on the Fit4Food2030<sup><a href=\"https:\/\/ec.europa.eu\/info\/funding-tenders\/opportunities\/portal\/#fn1\" target=\"_self\" rel=\"noopener\">[1]<\/a><\/sup>\u00a0initiative to further the mobilisation of all relevant Food System public and private sector stakeholders, researchers, non-governmental organisations, educators, knowledge brokers, media and society, to work together via an interlinked structure at the level of cities, regions, and countries across Europe, and that supports mutual learning and good practices.<\/li>\n<li>A new and improved structured network of evidence-based policy labs throughout Europe so as to raise awareness, foster joint action, good practices and knowledge sharing amongst stakeholders relevant to food system policy developments and implementation at various levels: local, regional, national, EU and international level. Key to this will be the inclusion of decision and policy makers, scientists, and public authorities to ensure the sustainability and legitimacy of the governance process.<\/li>\n<li>Increased pan-European citizen engagement, social innovation and co-creation through local or regional living labs; promote food systems science education for children and youth while respecting national competence in the area of education and health, and measure the food systems transition progress in society.<\/li>\n<\/ul>\n<h3><span class=\"topicdescriptionkind\">Scope<\/span><\/h3>\n<p>Successful proposals are expected to:<\/p>\n<ul>\n<li>Establish a pan-European Food 2030 multi-actor and public engagement mechanism to raise food system awareness and foster more citizen (including youth) involvement and interest in science, research and innovation, necessary to foster support for a food system transformation that delivers co-benefits.<\/li>\n<li>Engage a network of science museums to co-create and deploy a Food 2030 \u201cfood systems lab\u201d inspired by the Oceans Plastic Lab<sup><a href=\"https:\/\/ec.europa.eu\/info\/funding-tenders\/opportunities\/portal\/#fn2\" target=\"_self\" rel=\"noopener\">[2]<\/a><\/sup>\u00a0to be deployed across Europe linking in particular to EU presidencies, important global meetings (e.g.: COP), and other relevant place-based initiatives (like I-Capital, Green Capital, etc.).<\/li>\n<li>Support emerging relevant citizen science projects at local level (neighbourhoods, towns and cities), conduct hackathons, hold science caf\u00e9s, and set up a dedicated video channel to display food systems success stories, all with the aim of raising awareness of the need to transform food systems and to co-create citizen-inspired solutions.<\/li>\n<li>Develop and deploy innovative interactive food systems education material in support of both the informal and formal education of children and youth (including gender-specific messaging) across Europe while respecting national competence in the area of education and health, in cooperation with relevant European school networks, associations and local media outlets.<\/li>\n<li>Facilitate the cooperation of relevant EU Horizon Europe projects to arrive at a common language and explore\/set common goals, discuss potential farm to fork strategy\u00a0and Green Deal interventions, all with a view to strengthen co-ownership and cooperation, share and communicate knowledge, boost innovation and increase take-up of improved policy schemes among the food system actors, and society.<\/li>\n<li>Measurement of food systems transition progress by, for example, conducting surveys or employing sentiment analyses that demonstrates society\u2019s level of interest and willingness to transform food systems for co-benefits and the perceive trade-offs.<\/li>\n<li>Explain and map how co-benefits will be achieved relevant to the four Food 2030 priorities<sup><a href=\"https:\/\/ec.europa.eu\/info\/funding-tenders\/opportunities\/portal\/#fn3\" target=\"_self\" rel=\"noopener\">[3]<\/a><\/sup>: nutrition for sustainable healthy diets, climate and environment, circularity and resource efficiency, innovation and empowerment of communities.<\/li>\n<\/ul>\n<p>Involving a wide diversity of food system actors and conducting inter-disciplinary research is expected to implement the required multi actor approach (cf eligibility conditions).<\/p>\n<h3>Deadline<\/h3>\n<p>15 February 2022<\/p>\n<h3>More information<\/h3>\n<p><a href=\"https:\/\/ec.europa.eu\/info\/funding-tenders\/opportunities\/portal\/screen\/opportunities\/topic-details\/horizon-cl6-2022-governance-01-01;callCode=null;freeTextSearchKeyword=;matchWholeText=true;typeCodes=1,2;statusCodes=31094502;programmePeriod=null;programCcm2Id=43108390;programDivisionCode=null;focusAreaCode=null;destination=null;mission=null;geographicalZonesCode=null;programmeDivisionProspect=null;startDateLte=null;startDateGte=null;crossCuttingPriorityCode=null;cpvCode=null;performanceOfDelivery=null;sortQuery=startDate;orderBy=desc;onlyTenders=false;topicListKey=topicSearchTablePageState\" target=\"_blank\" rel=\"noopener\">European Commission &#8211; Funding &amp; Tenders<\/a><\/p>\n","protected":false},"excerpt":{"rendered":"<p>Expected Outcome In line with the European Green Deal priorities and the farm to fork strategy\u00a0for a fair healthy and environmentally friendly food system, as well as with the EU&#8217;s Climate ambition for 2030 and 2050, the successful proposal will involve the mobilisation of society to transform food systems for co-benefits. This will lead to [&hellip;]<\/p>\n","protected":false},"author":1,"featured_media":87920,"comment_status":"open","ping_status":"open","sticky":false,"template":"","format":"standard","meta":{"_acf_changed":false,"_relevanssi_hide_post":"","_relevanssi_hide_content":"","_relevanssi_pin_for_all":"","_relevanssi_pin_keywords":"","_relevanssi_unpin_keywords":"","_relevanssi_related_keywords":"","_relevanssi_related_include_ids":"","_relevanssi_related_exclude_ids":"","_relevanssi_related_no_append":"","_relevanssi_related_not_related":"","_relevanssi_related_posts":"","_relevanssi_noindex_reason":"","_monsterinsights_skip_tracking":false,"_monsterinsights_sitenote_active":false,"_monsterinsights_sitenote_note":"","_monsterinsights_sitenote_category":0,"_genesis_hide_title":false,"_genesis_hide_breadcrumbs":false,"_genesis_hide_singular_image":false,"_genesis_hide_footer_widgets":false,"_genesis_custom_body_class":"","_genesis_custom_post_class":"","_genesis_layout":"","footnotes":""},"categories":[366,4056,4054],"tags":[355,4464,409,605,4691,627,433],"class_list":{"0":"post-87919","1":"post","2":"type-post","3":"status-publish","4":"format-standard","5":"has-post-thumbnail","7":"category-eu-calls-and-awards","8":"category-glob-challenges-en","9":"category-horizon-europe","10":"tag-agriculture","11":"tag-agrifood","12":"tag-call","13":"tag-food","14":"tag-food-system","15":"tag-horizon-europe","16":"tag-research","17":"entry"},"acf":[],"yoast_head":"<!-- This site is optimized with the Yoast SEO plugin v27.4 - https:\/\/yoast.com\/product\/yoast-seo-wordpress\/ -->\n<title>HORIZON EUROPE: Mobilisation of society to transform food systems | CDE Almer\u00eda - Centro de Documentaci\u00f3n Europea - Universidad de Almer\u00eda<\/title>\n<meta name=\"robots\" content=\"index, follow, max-snippet:-1, max-image-preview:large, max-video-preview:-1\" \/>\n<link rel=\"canonical\" href=\"https:\/\/www.cde.ual.es\/en\/horizon-europe-mobilisation-of-society-to-transform-food-systems\/\" \/>\n<meta property=\"og:locale\" content=\"en_US\" \/>\n<meta property=\"og:type\" content=\"article\" \/>\n<meta property=\"og:title\" content=\"HORIZON EUROPE: Mobilisation of society to transform food systems | CDE Almer\u00eda - Centro de Documentaci\u00f3n Europea - Universidad de Almer\u00eda\" \/>\n<meta property=\"og:description\" content=\"Expected Outcome In line with the European Green Deal priorities and the farm to fork strategy\u00a0for a fair healthy and environmentally friendly food system, as well as with the EU&#8217;s Climate ambition for 2030 and 2050, the successful proposal will involve the mobilisation of society to transform food systems for co-benefits. This will lead to [&hellip;]\" \/>\n<meta property=\"og:url\" content=\"https:\/\/www.cde.ual.es\/en\/horizon-europe-mobilisation-of-society-to-transform-food-systems\/\" \/>\n<meta property=\"og:site_name\" content=\"CDE Almer\u00eda - Centro de Documentaci\u00f3n Europea - Universidad de Almer\u00eda\" \/>\n<meta property=\"article:publisher\" content=\"https:\/\/www.facebook.com\/cdeuniversidadalmeria\/\" \/>\n<meta property=\"article:published_time\" content=\"2021-11-15T02:00:46+00:00\" \/>\n<meta property=\"article:modified_time\" content=\"2021-11-29T09:44:52+00:00\" \/>\n<meta property=\"og:image\" content=\"https:\/\/www.cde.ual.es\/wp-content\/uploads\/2021\/11\/megan-thomas-xMh_ww8HN_Q-unsplash.jpg\" \/>\n\t<meta property=\"og:image:width\" content=\"2500\" \/>\n\t<meta property=\"og:image:height\" content=\"1667\" \/>\n\t<meta property=\"og:image:type\" content=\"image\/jpeg\" \/>\n<meta name=\"author\" content=\"AdminCDE\" \/>\n<meta name=\"twitter:card\" content=\"summary_large_image\" \/>\n<meta name=\"twitter:creator\" content=\"@cdeualmeria\" \/>\n<meta name=\"twitter:site\" content=\"@cdeualmeria\" \/>\n<meta name=\"twitter:label1\" content=\"Written by\" \/>\n\t<meta name=\"twitter:data1\" content=\"AdminCDE\" \/>\n\t<meta name=\"twitter:label2\" content=\"Est. reading time\" \/>\n\t<meta name=\"twitter:data2\" content=\"3 minutes\" \/>\n<script type=\"application\/ld+json\" class=\"yoast-schema-graph\">{\"@context\":\"https:\\\/\\\/schema.org\",\"@graph\":[{\"@type\":\"Article\",\"@id\":\"https:\\\/\\\/www.cde.ual.es\\\/en\\\/horizon-europe-mobilisation-of-society-to-transform-food-systems\\\/#article\",\"isPartOf\":{\"@id\":\"https:\\\/\\\/www.cde.ual.es\\\/en\\\/horizon-europe-mobilisation-of-society-to-transform-food-systems\\\/\"},\"author\":{\"name\":\"AdminCDE\",\"@id\":\"https:\\\/\\\/www.cde.ual.es\\\/#\\\/schema\\\/person\\\/224ef08c8bcc005f319d2713ce37ee5f\"},\"headline\":\"HORIZON EUROPE: Mobilisation of society to transform food systems\",\"datePublished\":\"2021-11-15T02:00:46+00:00\",\"dateModified\":\"2021-11-29T09:44:52+00:00\",\"mainEntityOfPage\":{\"@id\":\"https:\\\/\\\/www.cde.ual.es\\\/en\\\/horizon-europe-mobilisation-of-society-to-transform-food-systems\\\/\"},\"wordCount\":626,\"commentCount\":0,\"publisher\":{\"@id\":\"https:\\\/\\\/www.cde.ual.es\\\/#organization\"},\"image\":{\"@id\":\"https:\\\/\\\/www.cde.ual.es\\\/en\\\/horizon-europe-mobilisation-of-society-to-transform-food-systems\\\/#primaryimage\"},\"thumbnailUrl\":\"https:\\\/\\\/www.cde.ual.es\\\/wp-content\\\/uploads\\\/2021\\\/11\\\/megan-thomas-xMh_ww8HN_Q-unsplash.jpg\",\"keywords\":[\"Agriculture\",\"agrifood\",\"call\",\"Food\",\"food system\",\"Horizon Europe\",\"Research\"],\"articleSection\":[\"EU Calls and Awards\",\"Global Challenges, EU Industrial Comp.\",\"Horizon Europe\"],\"inLanguage\":\"en-US\",\"potentialAction\":[{\"@type\":\"CommentAction\",\"name\":\"Comment\",\"target\":[\"https:\\\/\\\/www.cde.ual.es\\\/en\\\/horizon-europe-mobilisation-of-society-to-transform-food-systems\\\/#respond\"]}]},{\"@type\":\"WebPage\",\"@id\":\"https:\\\/\\\/www.cde.ual.es\\\/en\\\/horizon-europe-mobilisation-of-society-to-transform-food-systems\\\/\",\"url\":\"https:\\\/\\\/www.cde.ual.es\\\/en\\\/horizon-europe-mobilisation-of-society-to-transform-food-systems\\\/\",\"name\":\"HORIZON EUROPE: Mobilisation of society to transform food systems | CDE Almer\u00eda - Centro de Documentaci\u00f3n Europea - Universidad de Almer\u00eda\",\"isPartOf\":{\"@id\":\"https:\\\/\\\/www.cde.ual.es\\\/#website\"},\"primaryImageOfPage\":{\"@id\":\"https:\\\/\\\/www.cde.ual.es\\\/en\\\/horizon-europe-mobilisation-of-society-to-transform-food-systems\\\/#primaryimage\"},\"image\":{\"@id\":\"https:\\\/\\\/www.cde.ual.es\\\/en\\\/horizon-europe-mobilisation-of-society-to-transform-food-systems\\\/#primaryimage\"},\"thumbnailUrl\":\"https:\\\/\\\/www.cde.ual.es\\\/wp-content\\\/uploads\\\/2021\\\/11\\\/megan-thomas-xMh_ww8HN_Q-unsplash.jpg\",\"datePublished\":\"2021-11-15T02:00:46+00:00\",\"dateModified\":\"2021-11-29T09:44:52+00:00\",\"breadcrumb\":{\"@id\":\"https:\\\/\\\/www.cde.ual.es\\\/en\\\/horizon-europe-mobilisation-of-society-to-transform-food-systems\\\/#breadcrumb\"},\"inLanguage\":\"en-US\",\"potentialAction\":[{\"@type\":\"ReadAction\",\"target\":[\"https:\\\/\\\/www.cde.ual.es\\\/en\\\/horizon-europe-mobilisation-of-society-to-transform-food-systems\\\/\"]}]},{\"@type\":\"ImageObject\",\"inLanguage\":\"en-US\",\"@id\":\"https:\\\/\\\/www.cde.ual.es\\\/en\\\/horizon-europe-mobilisation-of-society-to-transform-food-systems\\\/#primaryimage\",\"url\":\"https:\\\/\\\/www.cde.ual.es\\\/wp-content\\\/uploads\\\/2021\\\/11\\\/megan-thomas-xMh_ww8HN_Q-unsplash.jpg\",\"contentUrl\":\"https:\\\/\\\/www.cde.ual.es\\\/wp-content\\\/uploads\\\/2021\\\/11\\\/megan-thomas-xMh_ww8HN_Q-unsplash.jpg\",\"width\":2500,\"height\":1667},{\"@type\":\"BreadcrumbList\",\"@id\":\"https:\\\/\\\/www.cde.ual.es\\\/en\\\/horizon-europe-mobilisation-of-society-to-transform-food-systems\\\/#breadcrumb\",\"itemListElement\":[{\"@type\":\"ListItem\",\"position\":1,\"name\":\"Inicio\",\"item\":\"https:\\\/\\\/www.cde.ual.es\\\/en\\\/\"},{\"@type\":\"ListItem\",\"position\":2,\"name\":\"EU Calls and Awards\",\"item\":\"https:\\\/\\\/www.cde.ual.es\\\/en\\\/category\\\/eu-calls-and-awards\\\/\"},{\"@type\":\"ListItem\",\"position\":3,\"name\":\"Horizon Europe\",\"item\":\"https:\\\/\\\/www.cde.ual.es\\\/en\\\/category\\\/eu-calls-and-awards\\\/horizon-europe\\\/\"},{\"@type\":\"ListItem\",\"position\":4,\"name\":\"Global Challenges, EU Industrial Comp.\",\"item\":\"https:\\\/\\\/www.cde.ual.es\\\/en\\\/category\\\/eu-calls-and-awards\\\/horizon-europe\\\/glob-challenges-en\\\/\"},{\"@type\":\"ListItem\",\"position\":5,\"name\":\"HORIZON EUROPE: Mobilisation of society to transform food systems\"}]},{\"@type\":\"WebSite\",\"@id\":\"https:\\\/\\\/www.cde.ual.es\\\/#website\",\"url\":\"https:\\\/\\\/www.cde.ual.es\\\/\",\"name\":\"CDE Almer\u00eda - Centro de Documentaci\u00f3n Europea - Universidad de Almer\u00eda\",\"description\":\"Centro de Documentaci\u00f3n Europea de la Universidad de Almer\u00eda\",\"publisher\":{\"@id\":\"https:\\\/\\\/www.cde.ual.es\\\/#organization\"},\"alternateName\":\"CDE Almer\u00eda\",\"potentialAction\":[{\"@type\":\"SearchAction\",\"target\":{\"@type\":\"EntryPoint\",\"urlTemplate\":\"https:\\\/\\\/www.cde.ual.es\\\/?s={search_term_string}\"},\"query-input\":{\"@type\":\"PropertyValueSpecification\",\"valueRequired\":true,\"valueName\":\"search_term_string\"}}],\"inLanguage\":\"en-US\"},{\"@type\":\"Organization\",\"@id\":\"https:\\\/\\\/www.cde.ual.es\\\/#organization\",\"name\":\"Centro de Documentaci\u00f3n Europea de Almer\u00eda\",\"url\":\"https:\\\/\\\/www.cde.ual.es\\\/\",\"logo\":{\"@type\":\"ImageObject\",\"inLanguage\":\"en-US\",\"@id\":\"https:\\\/\\\/www.cde.ual.es\\\/#\\\/schema\\\/logo\\\/image\\\/\",\"url\":\"https:\\\/\\\/www.cde.ual.es\\\/wp-content\\\/uploads\\\/2025\\\/07\\\/cde-logo-3.png\",\"contentUrl\":\"https:\\\/\\\/www.cde.ual.es\\\/wp-content\\\/uploads\\\/2025\\\/07\\\/cde-logo-3.png\",\"width\":1400,\"height\":300,\"caption\":\"Centro de Documentaci\u00f3n Europea de Almer\u00eda\"},\"image\":{\"@id\":\"https:\\\/\\\/www.cde.ual.es\\\/#\\\/schema\\\/logo\\\/image\\\/\"},\"sameAs\":[\"https:\\\/\\\/www.facebook.com\\\/cdeuniversidadalmeria\\\/\",\"https:\\\/\\\/x.com\\\/cdeualmeria\",\"https:\\\/\\\/www.tiktok.com\\\/@cdealmeria\",\"https:\\\/\\\/www.instagram.com\\\/cdealmeria\\\/\",\"https:\\\/\\\/www.linkedin.com\\\/in\\\/cde-almera-812b26a9\\\/\"]},{\"@type\":\"Person\",\"@id\":\"https:\\\/\\\/www.cde.ual.es\\\/#\\\/schema\\\/person\\\/224ef08c8bcc005f319d2713ce37ee5f\",\"name\":\"AdminCDE\",\"image\":{\"@type\":\"ImageObject\",\"inLanguage\":\"en-US\",\"@id\":\"https:\\\/\\\/secure.gravatar.com\\\/avatar\\\/a72d038d371f995cd13706fac32274b7952a52e8fb0a84b5f80c85426f2a98a8?s=96&d=mm&r=g\",\"url\":\"https:\\\/\\\/secure.gravatar.com\\\/avatar\\\/a72d038d371f995cd13706fac32274b7952a52e8fb0a84b5f80c85426f2a98a8?s=96&d=mm&r=g\",\"contentUrl\":\"https:\\\/\\\/secure.gravatar.com\\\/avatar\\\/a72d038d371f995cd13706fac32274b7952a52e8fb0a84b5f80c85426f2a98a8?s=96&d=mm&r=g\",\"caption\":\"AdminCDE\"}}]}<\/script>\n<!-- \/ Yoast SEO plugin. -->","yoast_head_json":{"title":"HORIZON EUROPE: Mobilisation of society to transform food systems | CDE Almer\u00eda - Centro de Documentaci\u00f3n Europea - Universidad de Almer\u00eda","robots":{"index":"index","follow":"follow","max-snippet":"max-snippet:-1","max-image-preview":"max-image-preview:large","max-video-preview":"max-video-preview:-1"},"canonical":"https:\/\/www.cde.ual.es\/en\/horizon-europe-mobilisation-of-society-to-transform-food-systems\/","og_locale":"en_US","og_type":"article","og_title":"HORIZON EUROPE: Mobilisation of society to transform food systems | CDE Almer\u00eda - Centro de Documentaci\u00f3n Europea - Universidad de Almer\u00eda","og_description":"Expected Outcome In line with the European Green Deal priorities and the farm to fork strategy\u00a0for a fair healthy and environmentally friendly food system, as well as with the EU&#8217;s Climate ambition for 2030 and 2050, the successful proposal will involve the mobilisation of society to transform food systems for co-benefits. This will lead to [&hellip;]","og_url":"https:\/\/www.cde.ual.es\/en\/horizon-europe-mobilisation-of-society-to-transform-food-systems\/","og_site_name":"CDE Almer\u00eda - Centro de Documentaci\u00f3n Europea - Universidad de Almer\u00eda","article_publisher":"https:\/\/www.facebook.com\/cdeuniversidadalmeria\/","article_published_time":"2021-11-15T02:00:46+00:00","article_modified_time":"2021-11-29T09:44:52+00:00","og_image":[{"width":2500,"height":1667,"url":"https:\/\/www.cde.ual.es\/wp-content\/uploads\/2021\/11\/megan-thomas-xMh_ww8HN_Q-unsplash.jpg","type":"image\/jpeg"}],"author":"AdminCDE","twitter_card":"summary_large_image","twitter_creator":"@cdeualmeria","twitter_site":"@cdeualmeria","twitter_misc":{"Written by":"AdminCDE","Est. reading time":"3 minutes"},"schema":{"@context":"https:\/\/schema.org","@graph":[{"@type":"Article","@id":"https:\/\/www.cde.ual.es\/en\/horizon-europe-mobilisation-of-society-to-transform-food-systems\/#article","isPartOf":{"@id":"https:\/\/www.cde.ual.es\/en\/horizon-europe-mobilisation-of-society-to-transform-food-systems\/"},"author":{"name":"AdminCDE","@id":"https:\/\/www.cde.ual.es\/#\/schema\/person\/224ef08c8bcc005f319d2713ce37ee5f"},"headline":"HORIZON EUROPE: Mobilisation of society to transform food systems","datePublished":"2021-11-15T02:00:46+00:00","dateModified":"2021-11-29T09:44:52+00:00","mainEntityOfPage":{"@id":"https:\/\/www.cde.ual.es\/en\/horizon-europe-mobilisation-of-society-to-transform-food-systems\/"},"wordCount":626,"commentCount":0,"publisher":{"@id":"https:\/\/www.cde.ual.es\/#organization"},"image":{"@id":"https:\/\/www.cde.ual.es\/en\/horizon-europe-mobilisation-of-society-to-transform-food-systems\/#primaryimage"},"thumbnailUrl":"https:\/\/www.cde.ual.es\/wp-content\/uploads\/2021\/11\/megan-thomas-xMh_ww8HN_Q-unsplash.jpg","keywords":["Agriculture","agrifood","call","Food","food system","Horizon Europe","Research"],"articleSection":["EU Calls and Awards","Global Challenges, EU Industrial Comp.","Horizon Europe"],"inLanguage":"en-US","potentialAction":[{"@type":"CommentAction","name":"Comment","target":["https:\/\/www.cde.ual.es\/en\/horizon-europe-mobilisation-of-society-to-transform-food-systems\/#respond"]}]},{"@type":"WebPage","@id":"https:\/\/www.cde.ual.es\/en\/horizon-europe-mobilisation-of-society-to-transform-food-systems\/","url":"https:\/\/www.cde.ual.es\/en\/horizon-europe-mobilisation-of-society-to-transform-food-systems\/","name":"HORIZON EUROPE: Mobilisation of society to transform food systems | CDE Almer\u00eda - Centro de Documentaci\u00f3n Europea - Universidad de Almer\u00eda","isPartOf":{"@id":"https:\/\/www.cde.ual.es\/#website"},"primaryImageOfPage":{"@id":"https:\/\/www.cde.ual.es\/en\/horizon-europe-mobilisation-of-society-to-transform-food-systems\/#primaryimage"},"image":{"@id":"https:\/\/www.cde.ual.es\/en\/horizon-europe-mobilisation-of-society-to-transform-food-systems\/#primaryimage"},"thumbnailUrl":"https:\/\/www.cde.ual.es\/wp-content\/uploads\/2021\/11\/megan-thomas-xMh_ww8HN_Q-unsplash.jpg","datePublished":"2021-11-15T02:00:46+00:00","dateModified":"2021-11-29T09:44:52+00:00","breadcrumb":{"@id":"https:\/\/www.cde.ual.es\/en\/horizon-europe-mobilisation-of-society-to-transform-food-systems\/#breadcrumb"},"inLanguage":"en-US","potentialAction":[{"@type":"ReadAction","target":["https:\/\/www.cde.ual.es\/en\/horizon-europe-mobilisation-of-society-to-transform-food-systems\/"]}]},{"@type":"ImageObject","inLanguage":"en-US","@id":"https:\/\/www.cde.ual.es\/en\/horizon-europe-mobilisation-of-society-to-transform-food-systems\/#primaryimage","url":"https:\/\/www.cde.ual.es\/wp-content\/uploads\/2021\/11\/megan-thomas-xMh_ww8HN_Q-unsplash.jpg","contentUrl":"https:\/\/www.cde.ual.es\/wp-content\/uploads\/2021\/11\/megan-thomas-xMh_ww8HN_Q-unsplash.jpg","width":2500,"height":1667},{"@type":"BreadcrumbList","@id":"https:\/\/www.cde.ual.es\/en\/horizon-europe-mobilisation-of-society-to-transform-food-systems\/#breadcrumb","itemListElement":[{"@type":"ListItem","position":1,"name":"Inicio","item":"https:\/\/www.cde.ual.es\/en\/"},{"@type":"ListItem","position":2,"name":"EU Calls and Awards","item":"https:\/\/www.cde.ual.es\/en\/category\/eu-calls-and-awards\/"},{"@type":"ListItem","position":3,"name":"Horizon Europe","item":"https:\/\/www.cde.ual.es\/en\/category\/eu-calls-and-awards\/horizon-europe\/"},{"@type":"ListItem","position":4,"name":"Global Challenges, EU Industrial Comp.","item":"https:\/\/www.cde.ual.es\/en\/category\/eu-calls-and-awards\/horizon-europe\/glob-challenges-en\/"},{"@type":"ListItem","position":5,"name":"HORIZON EUROPE: Mobilisation of society to transform food systems"}]},{"@type":"WebSite","@id":"https:\/\/www.cde.ual.es\/#website","url":"https:\/\/www.cde.ual.es\/","name":"CDE Almer\u00eda - Centro de Documentaci\u00f3n Europea - Universidad de Almer\u00eda","description":"Centro de Documentaci\u00f3n Europea de la Universidad de Almer\u00eda","publisher":{"@id":"https:\/\/www.cde.ual.es\/#organization"},"alternateName":"CDE Almer\u00eda","potentialAction":[{"@type":"SearchAction","target":{"@type":"EntryPoint","urlTemplate":"https:\/\/www.cde.ual.es\/?s={search_term_string}"},"query-input":{"@type":"PropertyValueSpecification","valueRequired":true,"valueName":"search_term_string"}}],"inLanguage":"en-US"},{"@type":"Organization","@id":"https:\/\/www.cde.ual.es\/#organization","name":"Centro de Documentaci\u00f3n Europea de Almer\u00eda","url":"https:\/\/www.cde.ual.es\/","logo":{"@type":"ImageObject","inLanguage":"en-US","@id":"https:\/\/www.cde.ual.es\/#\/schema\/logo\/image\/","url":"https:\/\/www.cde.ual.es\/wp-content\/uploads\/2025\/07\/cde-logo-3.png","contentUrl":"https:\/\/www.cde.ual.es\/wp-content\/uploads\/2025\/07\/cde-logo-3.png","width":1400,"height":300,"caption":"Centro de Documentaci\u00f3n Europea de Almer\u00eda"},"image":{"@id":"https:\/\/www.cde.ual.es\/#\/schema\/logo\/image\/"},"sameAs":["https:\/\/www.facebook.com\/cdeuniversidadalmeria\/","https:\/\/x.com\/cdeualmeria","https:\/\/www.tiktok.com\/@cdealmeria","https:\/\/www.instagram.com\/cdealmeria\/","https:\/\/www.linkedin.com\/in\/cde-almera-812b26a9\/"]},{"@type":"Person","@id":"https:\/\/www.cde.ual.es\/#\/schema\/person\/224ef08c8bcc005f319d2713ce37ee5f","name":"AdminCDE","image":{"@type":"ImageObject","inLanguage":"en-US","@id":"https:\/\/secure.gravatar.com\/avatar\/a72d038d371f995cd13706fac32274b7952a52e8fb0a84b5f80c85426f2a98a8?s=96&d=mm&r=g","url":"https:\/\/secure.gravatar.com\/avatar\/a72d038d371f995cd13706fac32274b7952a52e8fb0a84b5f80c85426f2a98a8?s=96&d=mm&r=g","contentUrl":"https:\/\/secure.gravatar.com\/avatar\/a72d038d371f995cd13706fac32274b7952a52e8fb0a84b5f80c85426f2a98a8?s=96&d=mm&r=g","caption":"AdminCDE"}}]}},"_links":{"self":[{"href":"https:\/\/www.cde.ual.es\/en\/wp-json\/wp\/v2\/posts\/87919","targetHints":{"allow":["GET"]}}],"collection":[{"href":"https:\/\/www.cde.ual.es\/en\/wp-json\/wp\/v2\/posts"}],"about":[{"href":"https:\/\/www.cde.ual.es\/en\/wp-json\/wp\/v2\/types\/post"}],"author":[{"embeddable":true,"href":"https:\/\/www.cde.ual.es\/en\/wp-json\/wp\/v2\/users\/1"}],"replies":[{"embeddable":true,"href":"https:\/\/www.cde.ual.es\/en\/wp-json\/wp\/v2\/comments?post=87919"}],"version-history":[{"count":0,"href":"https:\/\/www.cde.ual.es\/en\/wp-json\/wp\/v2\/posts\/87919\/revisions"}],"wp:featuredmedia":[{"embeddable":true,"href":"https:\/\/www.cde.ual.es\/en\/wp-json\/wp\/v2\/media\/87920"}],"wp:attachment":[{"href":"https:\/\/www.cde.ual.es\/en\/wp-json\/wp\/v2\/media?parent=87919"}],"wp:term":[{"taxonomy":"category","embeddable":true,"href":"https:\/\/www.cde.ual.es\/en\/wp-json\/wp\/v2\/categories?post=87919"},{"taxonomy":"post_tag","embeddable":true,"href":"https:\/\/www.cde.ual.es\/en\/wp-json\/wp\/v2\/tags?post=87919"}],"curies":[{"name":"wp","href":"https:\/\/api.w.org\/{rel}","templated":true}]}}