{"id":8789,"date":"2018-10-04T09:00:24","date_gmt":"2018-10-04T07:00:24","guid":{"rendered":"http:\/\/www.cde.ual.es\/?p=8789"},"modified":"2018-10-03T08:46:10","modified_gmt":"2018-10-03T06:46:10","slug":"nuevas-medidas-encaminadas-a-la-reforma-del-sistema-del-iva-de-la-ue","status":"publish","type":"post","link":"https:\/\/www.cde.ual.es\/en\/nuevas-medidas-encaminadas-a-la-reforma-del-sistema-del-iva-de-la-ue\/","title":{"rendered":"Nuevas medidas encaminadas a la reforma del sistema del IVA de la UE"},"content":{"rendered":"<p>&nbsp;<\/p>\n<p><a href=\"http:\/\/www.cde.ual.es\/wp-content\/uploads\/2018\/10\/FutureofVAT.png\"><img decoding=\"async\" class=\"wp-image-8793 aligncenter\" src=\"http:\/\/www.cde.ual.es\/wp-content\/uploads\/2018\/10\/FutureofVAT-300x170.png\" alt=\"\" width=\"355\" height=\"201\" srcset=\"https:\/\/www.cde.ual.es\/wp-content\/uploads\/2018\/10\/FutureofVAT-300x170.png 300w, https:\/\/www.cde.ual.es\/wp-content\/uploads\/2018\/10\/FutureofVAT.png 437w\" sizes=\"(max-width: 355px) 100vw, 355px\" \/><\/a><\/p>\n<p style=\"text-align: center;\">|V\u00eddeo disponible en Plan de Acci\u00f3n del IVA|<\/p>\n<p>&nbsp;<\/p>\n<p>La Comisi\u00f3n Europea ha acogido con satisfacci\u00f3n los progresos realizados hoy por los Estados miembros en las mejoras tan necesarias de c\u00f3mo funciona el impuesto sobre el valor a\u00f1adido (IVA) en la UE.<\/p>\n<p>En la reuni\u00f3n de los ministros de finanzas de la UE en Luxemburgo, que tuvo lugar ayer 2 de Octubre, se celebraron acuerdos sobre varios archivos en este campo. El objetivo de los mismos: contribuir a la gesti\u00f3n cotidiana de un sistema de IVA de la UE que necesita urgentemente una reforma de mayor alcance.<\/p>\n<p>&nbsp;<\/p>\n<h5>Nuevas medidas<\/h5>\n<p>Entre las medidas acordadas destacan:<\/p>\n<p>&#8211; Nuevas<strong> reglas para mejorar el funcionamiento diario del actual sistema de IVA<\/strong> hasta que se haya implementado la estrategia general de reforma del IVA. Estas llamadas &#8216;soluciones r\u00e1pidas&#8217; deber\u00edan reducir los costos de cumplimiento y aumentar la seguridad jur\u00eddica para las empresas. Una vez que el Parlamento Europeo haya publicado su informe sobre este archivo, las nuevas reglas deber\u00edan ser ejecutables en 2020.<\/p>\n<p>&#8211; Una <strong>nueva medida para permitir a los Estados miembros alinear los tipos de IVA que establecen para las publicaciones electr\u00f3nicas, <\/strong>actualmente gravados en la mayor\u00eda de los Estados miembros, con el r\u00e9gimen m\u00e1s favorable actualmente en vigor para las publicaciones impresas tradicionales. La decisi\u00f3n de hoy es el paso final para garantizar que el tratamiento desigual de los dos productos (papel versus digital) se convierta en algo del pasado.<\/p>\n<p>&#8211; Adopci\u00f3n formal de nuevas<strong> reglas para intercambiar m\u00e1s informaci\u00f3n e impulsar la cooperaci\u00f3n en el fraude penal del IVA entre las autoridades tributarias nacionales<\/strong> y las autoridades encargadas de hacer cumplir la ley. La informaci\u00f3n sobre el IVA y la inteligencia sobre las bandas organizadas involucradas en los casos m\u00e1s graves de fraude de IVA ahora se compartir\u00e1n de manera sistem\u00e1tica con los organismos de aplicaci\u00f3n de la UE.<\/p>\n<p>&nbsp;<\/p>\n<p>Por separado, los ministros adoptaron formalmente reglas reforzadas para controlar los flujos de efectivo il\u00edcitos dentro y fuera de la UE, una medida clave en la lucha contra la financiaci\u00f3n del terrorismo. Esta adopci\u00f3n formal reforzar\u00e1 los controles de efectivo de las personas que ingresan o salen de la UE con 10.000 \u20ac o m\u00e1s en efectivo. La nueva medida permitir\u00e1 a las autoridades actuar en montos inferiores al umbral de declaraci\u00f3n de 10.000 \u20ac donde existen sospechas de actividad delictiva y extender los controles aduaneros al efectivo enviado en paquetes postales o env\u00edos de carga, a tarjetas prepagas y a productos preciosos como el oro.<\/p>\n<p>&nbsp;<\/p>\n<h5>M\u00e1s informaci\u00f3n<\/h5>\n<p>Accede a la noticia completa <a href=\"http:\/\/europa.eu\/rapid\/press-release_IP-18-5966_en.htm\">aqu\u00ed<\/a><\/p>\n<p>Avances en el sistema del <a href=\"http:\/\/europa.eu\/rapid\/press-release_IP-16-4010_en.htm\">IVA en el Mercado \u00danico Digital<\/a><\/p>\n<p><a href=\"http:\/\/europa.eu\/rapid\/press-release_IP-16-1022_en.htm\">Plan de acci\u00f3n del IVA<\/a><\/p>\n<p>&nbsp;<\/p>\n","protected":false},"excerpt":{"rendered":"<p>&nbsp; |V\u00eddeo disponible en Plan de Acci\u00f3n del IVA| &nbsp; La Comisi\u00f3n Europea ha acogido con satisfacci\u00f3n los progresos realizados hoy por los Estados miembros en las mejoras tan necesarias de c\u00f3mo funciona el impuesto sobre el valor a\u00f1adido (IVA) en la UE. En la reuni\u00f3n de los ministros de finanzas de la UE en [&hellip;]<\/p>\n","protected":false},"author":101011,"featured_media":8793,"comment_status":"open","ping_status":"open","sticky":false,"template":"","format":"standard","meta":{"_acf_changed":false,"_relevanssi_hide_post":"","_relevanssi_hide_content":"","_relevanssi_pin_for_all":"","_relevanssi_pin_keywords":"","_relevanssi_unpin_keywords":"","_relevanssi_related_keywords":"","_relevanssi_related_include_ids":"","_relevanssi_related_exclude_ids":"","_relevanssi_related_no_append":"","_relevanssi_related_not_related":"","_relevanssi_related_posts":"","_relevanssi_noindex_reason":"","_monsterinsights_skip_tracking":false,"_monsterinsights_sitenote_active":false,"_monsterinsights_sitenote_note":"","_monsterinsights_sitenote_category":0,"_genesis_hide_title":false,"_genesis_hide_breadcrumbs":false,"_genesis_hide_singular_image":false,"_genesis_hide_footer_widgets":false,"_genesis_custom_body_class":"","_genesis_custom_post_class":"","_genesis_layout":"","footnotes":""},"categories":[96],"tags":[207,135],"class_list":{"0":"post-8789","1":"post","2":"type-post","3":"status-publish","4":"format-standard","5":"has-post-thumbnail","7":"category-noticias-ue","8":"tag-asuntos-financieros","9":"tag-union-europea","10":"entry"},"acf":[],"yoast_head":"<!-- This site is optimized with the Yoast SEO plugin v27.4 - https:\/\/yoast.com\/product\/yoast-seo-wordpress\/ -->\n<title>Nuevas medidas encaminadas a la reforma del sistema del IVA de la UE | CDE Almer\u00eda - Centro de Documentaci\u00f3n Europea - Universidad de Almer\u00eda<\/title>\n<meta name=\"robots\" content=\"index, follow, max-snippet:-1, max-image-preview:large, max-video-preview:-1\" \/>\n<link rel=\"canonical\" href=\"https:\/\/www.cde.ual.es\/nuevas-medidas-encaminadas-a-la-reforma-del-sistema-del-iva-de-la-ue\/\" \/>\n<meta property=\"og:locale\" content=\"en_US\" \/>\n<meta property=\"og:type\" content=\"article\" \/>\n<meta property=\"og:title\" content=\"Nuevas medidas encaminadas a la reforma del sistema del IVA de la UE | CDE Almer\u00eda - Centro de Documentaci\u00f3n Europea - Universidad de Almer\u00eda\" \/>\n<meta property=\"og:description\" content=\"&nbsp; |V\u00eddeo disponible en Plan de Acci\u00f3n del IVA| &nbsp; La Comisi\u00f3n Europea ha acogido con satisfacci\u00f3n los progresos realizados hoy por los Estados miembros en las mejoras tan necesarias de c\u00f3mo funciona el impuesto sobre el valor a\u00f1adido (IVA) en la UE. En la reuni\u00f3n de los ministros de finanzas de la UE en [&hellip;]\" \/>\n<meta property=\"og:url\" content=\"https:\/\/www.cde.ual.es\/nuevas-medidas-encaminadas-a-la-reforma-del-sistema-del-iva-de-la-ue\/\" \/>\n<meta property=\"og:site_name\" content=\"CDE Almer\u00eda - Centro de Documentaci\u00f3n Europea - Universidad de Almer\u00eda\" \/>\n<meta property=\"article:publisher\" content=\"https:\/\/www.facebook.com\/cdeuniversidadalmeria\/\" \/>\n<meta property=\"article:published_time\" content=\"2018-10-04T07:00:24+00:00\" \/>\n<meta property=\"og:image\" content=\"https:\/\/www.cde.ual.es\/wp-content\/uploads\/2018\/10\/FutureofVAT.png\" \/>\n\t<meta property=\"og:image:width\" content=\"437\" \/>\n\t<meta property=\"og:image:height\" content=\"247\" \/>\n\t<meta property=\"og:image:type\" content=\"image\/png\" \/>\n<meta name=\"author\" content=\"BECA 2 CDE\" \/>\n<meta name=\"twitter:card\" content=\"summary_large_image\" \/>\n<meta name=\"twitter:creator\" content=\"@cdeualmeria\" \/>\n<meta name=\"twitter:site\" content=\"@cdeualmeria\" \/>\n<meta name=\"twitter:label1\" content=\"Written by\" \/>\n\t<meta name=\"twitter:data1\" content=\"BECA 2 CDE\" \/>\n\t<meta name=\"twitter:label2\" content=\"Est. reading time\" \/>\n\t<meta name=\"twitter:data2\" content=\"2 minutes\" \/>\n<script type=\"application\/ld+json\" class=\"yoast-schema-graph\">{\"@context\":\"https:\\\/\\\/schema.org\",\"@graph\":[{\"@type\":\"Article\",\"@id\":\"https:\\\/\\\/www.cde.ual.es\\\/nuevas-medidas-encaminadas-a-la-reforma-del-sistema-del-iva-de-la-ue\\\/#article\",\"isPartOf\":{\"@id\":\"https:\\\/\\\/www.cde.ual.es\\\/nuevas-medidas-encaminadas-a-la-reforma-del-sistema-del-iva-de-la-ue\\\/\"},\"author\":{\"name\":\"BECA 2 CDE\",\"@id\":\"https:\\\/\\\/www.cde.ual.es\\\/#\\\/schema\\\/person\\\/ee46ebc19edfa19598c02cff83335acc\"},\"headline\":\"Nuevas medidas encaminadas a la reforma del sistema del IVA de la UE\",\"datePublished\":\"2018-10-04T07:00:24+00:00\",\"mainEntityOfPage\":{\"@id\":\"https:\\\/\\\/www.cde.ual.es\\\/nuevas-medidas-encaminadas-a-la-reforma-del-sistema-del-iva-de-la-ue\\\/\"},\"wordCount\":485,\"commentCount\":0,\"publisher\":{\"@id\":\"https:\\\/\\\/www.cde.ual.es\\\/#organization\"},\"image\":{\"@id\":\"https:\\\/\\\/www.cde.ual.es\\\/nuevas-medidas-encaminadas-a-la-reforma-del-sistema-del-iva-de-la-ue\\\/#primaryimage\"},\"thumbnailUrl\":\"https:\\\/\\\/www.cde.ual.es\\\/wp-content\\\/uploads\\\/2018\\\/10\\\/FutureofVAT.png\",\"keywords\":[\"Asuntos Financieros\",\"Uni\u00f3n Europea\"],\"articleSection\":[\"Noticias UE\"],\"inLanguage\":\"en-US\",\"potentialAction\":[{\"@type\":\"CommentAction\",\"name\":\"Comment\",\"target\":[\"https:\\\/\\\/www.cde.ual.es\\\/nuevas-medidas-encaminadas-a-la-reforma-del-sistema-del-iva-de-la-ue\\\/#respond\"]}]},{\"@type\":\"WebPage\",\"@id\":\"https:\\\/\\\/www.cde.ual.es\\\/nuevas-medidas-encaminadas-a-la-reforma-del-sistema-del-iva-de-la-ue\\\/\",\"url\":\"https:\\\/\\\/www.cde.ual.es\\\/nuevas-medidas-encaminadas-a-la-reforma-del-sistema-del-iva-de-la-ue\\\/\",\"name\":\"Nuevas medidas encaminadas a la reforma del sistema del IVA de la UE | CDE Almer\u00eda - Centro de Documentaci\u00f3n Europea - Universidad de Almer\u00eda\",\"isPartOf\":{\"@id\":\"https:\\\/\\\/www.cde.ual.es\\\/#website\"},\"primaryImageOfPage\":{\"@id\":\"https:\\\/\\\/www.cde.ual.es\\\/nuevas-medidas-encaminadas-a-la-reforma-del-sistema-del-iva-de-la-ue\\\/#primaryimage\"},\"image\":{\"@id\":\"https:\\\/\\\/www.cde.ual.es\\\/nuevas-medidas-encaminadas-a-la-reforma-del-sistema-del-iva-de-la-ue\\\/#primaryimage\"},\"thumbnailUrl\":\"https:\\\/\\\/www.cde.ual.es\\\/wp-content\\\/uploads\\\/2018\\\/10\\\/FutureofVAT.png\",\"datePublished\":\"2018-10-04T07:00:24+00:00\",\"breadcrumb\":{\"@id\":\"https:\\\/\\\/www.cde.ual.es\\\/nuevas-medidas-encaminadas-a-la-reforma-del-sistema-del-iva-de-la-ue\\\/#breadcrumb\"},\"inLanguage\":\"en-US\",\"potentialAction\":[{\"@type\":\"ReadAction\",\"target\":[\"https:\\\/\\\/www.cde.ual.es\\\/nuevas-medidas-encaminadas-a-la-reforma-del-sistema-del-iva-de-la-ue\\\/\"]}]},{\"@type\":\"ImageObject\",\"inLanguage\":\"en-US\",\"@id\":\"https:\\\/\\\/www.cde.ual.es\\\/nuevas-medidas-encaminadas-a-la-reforma-del-sistema-del-iva-de-la-ue\\\/#primaryimage\",\"url\":\"https:\\\/\\\/www.cde.ual.es\\\/wp-content\\\/uploads\\\/2018\\\/10\\\/FutureofVAT.png\",\"contentUrl\":\"https:\\\/\\\/www.cde.ual.es\\\/wp-content\\\/uploads\\\/2018\\\/10\\\/FutureofVAT.png\",\"width\":437,\"height\":247},{\"@type\":\"BreadcrumbList\",\"@id\":\"https:\\\/\\\/www.cde.ual.es\\\/nuevas-medidas-encaminadas-a-la-reforma-del-sistema-del-iva-de-la-ue\\\/#breadcrumb\",\"itemListElement\":[{\"@type\":\"ListItem\",\"position\":1,\"name\":\"Inicio\",\"item\":\"https:\\\/\\\/www.cde.ual.es\\\/en\\\/\"},{\"@type\":\"ListItem\",\"position\":2,\"name\":\"Noticias UE\",\"item\":\"https:\\\/\\\/www.cde.ual.es\\\/category\\\/noticias-ue\\\/\"},{\"@type\":\"ListItem\",\"position\":3,\"name\":\"Nuevas medidas encaminadas a la reforma del sistema del IVA de la UE\"}]},{\"@type\":\"WebSite\",\"@id\":\"https:\\\/\\\/www.cde.ual.es\\\/#website\",\"url\":\"https:\\\/\\\/www.cde.ual.es\\\/\",\"name\":\"CDE Almer\u00eda - Centro de Documentaci\u00f3n Europea - Universidad de Almer\u00eda\",\"description\":\"Centro de Documentaci\u00f3n Europea de la Universidad de Almer\u00eda\",\"publisher\":{\"@id\":\"https:\\\/\\\/www.cde.ual.es\\\/#organization\"},\"alternateName\":\"CDE Almer\u00eda\",\"potentialAction\":[{\"@type\":\"SearchAction\",\"target\":{\"@type\":\"EntryPoint\",\"urlTemplate\":\"https:\\\/\\\/www.cde.ual.es\\\/?s={search_term_string}\"},\"query-input\":{\"@type\":\"PropertyValueSpecification\",\"valueRequired\":true,\"valueName\":\"search_term_string\"}}],\"inLanguage\":\"en-US\"},{\"@type\":\"Organization\",\"@id\":\"https:\\\/\\\/www.cde.ual.es\\\/#organization\",\"name\":\"Centro de Documentaci\u00f3n Europea de Almer\u00eda\",\"url\":\"https:\\\/\\\/www.cde.ual.es\\\/\",\"logo\":{\"@type\":\"ImageObject\",\"inLanguage\":\"en-US\",\"@id\":\"https:\\\/\\\/www.cde.ual.es\\\/#\\\/schema\\\/logo\\\/image\\\/\",\"url\":\"https:\\\/\\\/www.cde.ual.es\\\/wp-content\\\/uploads\\\/2025\\\/07\\\/cde-logo-3.png\",\"contentUrl\":\"https:\\\/\\\/www.cde.ual.es\\\/wp-content\\\/uploads\\\/2025\\\/07\\\/cde-logo-3.png\",\"width\":1400,\"height\":300,\"caption\":\"Centro de Documentaci\u00f3n Europea de Almer\u00eda\"},\"image\":{\"@id\":\"https:\\\/\\\/www.cde.ual.es\\\/#\\\/schema\\\/logo\\\/image\\\/\"},\"sameAs\":[\"https:\\\/\\\/www.facebook.com\\\/cdeuniversidadalmeria\\\/\",\"https:\\\/\\\/x.com\\\/cdeualmeria\",\"https:\\\/\\\/www.tiktok.com\\\/@cdealmeria\",\"https:\\\/\\\/www.instagram.com\\\/cdealmeria\\\/\",\"https:\\\/\\\/www.linkedin.com\\\/in\\\/cde-almera-812b26a9\\\/\"]},{\"@type\":\"Person\",\"@id\":\"https:\\\/\\\/www.cde.ual.es\\\/#\\\/schema\\\/person\\\/ee46ebc19edfa19598c02cff83335acc\",\"name\":\"BECA 2 CDE\",\"image\":{\"@type\":\"ImageObject\",\"inLanguage\":\"en-US\",\"@id\":\"https:\\\/\\\/secure.gravatar.com\\\/avatar\\\/35a481bbc04bbd90e91bdfa3b0b5541036c222a49b9ad37b6889a2afcb5311a5?s=96&d=mm&r=g\",\"url\":\"https:\\\/\\\/secure.gravatar.com\\\/avatar\\\/35a481bbc04bbd90e91bdfa3b0b5541036c222a49b9ad37b6889a2afcb5311a5?s=96&d=mm&r=g\",\"contentUrl\":\"https:\\\/\\\/secure.gravatar.com\\\/avatar\\\/35a481bbc04bbd90e91bdfa3b0b5541036c222a49b9ad37b6889a2afcb5311a5?s=96&d=mm&r=g\",\"caption\":\"BECA 2 CDE\"},\"sameAs\":[\"http:\\\/\\\/www.cdealmeria.com\"]}]}<\/script>\n<!-- \/ Yoast SEO plugin. -->","yoast_head_json":{"title":"Nuevas medidas encaminadas a la reforma del sistema del IVA de la UE | CDE Almer\u00eda - Centro de Documentaci\u00f3n Europea - Universidad de Almer\u00eda","robots":{"index":"index","follow":"follow","max-snippet":"max-snippet:-1","max-image-preview":"max-image-preview:large","max-video-preview":"max-video-preview:-1"},"canonical":"https:\/\/www.cde.ual.es\/nuevas-medidas-encaminadas-a-la-reforma-del-sistema-del-iva-de-la-ue\/","og_locale":"en_US","og_type":"article","og_title":"Nuevas medidas encaminadas a la reforma del sistema del IVA de la UE | CDE Almer\u00eda - Centro de Documentaci\u00f3n Europea - Universidad de Almer\u00eda","og_description":"&nbsp; |V\u00eddeo disponible en Plan de Acci\u00f3n del IVA| &nbsp; La Comisi\u00f3n Europea ha acogido con satisfacci\u00f3n los progresos realizados hoy por los Estados miembros en las mejoras tan necesarias de c\u00f3mo funciona el impuesto sobre el valor a\u00f1adido (IVA) en la UE. En la reuni\u00f3n de los ministros de finanzas de la UE en [&hellip;]","og_url":"https:\/\/www.cde.ual.es\/nuevas-medidas-encaminadas-a-la-reforma-del-sistema-del-iva-de-la-ue\/","og_site_name":"CDE Almer\u00eda - Centro de Documentaci\u00f3n Europea - Universidad de Almer\u00eda","article_publisher":"https:\/\/www.facebook.com\/cdeuniversidadalmeria\/","article_published_time":"2018-10-04T07:00:24+00:00","og_image":[{"width":437,"height":247,"url":"https:\/\/www.cde.ual.es\/wp-content\/uploads\/2018\/10\/FutureofVAT.png","type":"image\/png"}],"author":"BECA 2 CDE","twitter_card":"summary_large_image","twitter_creator":"@cdeualmeria","twitter_site":"@cdeualmeria","twitter_misc":{"Written by":"BECA 2 CDE","Est. reading time":"2 minutes"},"schema":{"@context":"https:\/\/schema.org","@graph":[{"@type":"Article","@id":"https:\/\/www.cde.ual.es\/nuevas-medidas-encaminadas-a-la-reforma-del-sistema-del-iva-de-la-ue\/#article","isPartOf":{"@id":"https:\/\/www.cde.ual.es\/nuevas-medidas-encaminadas-a-la-reforma-del-sistema-del-iva-de-la-ue\/"},"author":{"name":"BECA 2 CDE","@id":"https:\/\/www.cde.ual.es\/#\/schema\/person\/ee46ebc19edfa19598c02cff83335acc"},"headline":"Nuevas medidas encaminadas a la reforma del sistema del IVA de la UE","datePublished":"2018-10-04T07:00:24+00:00","mainEntityOfPage":{"@id":"https:\/\/www.cde.ual.es\/nuevas-medidas-encaminadas-a-la-reforma-del-sistema-del-iva-de-la-ue\/"},"wordCount":485,"commentCount":0,"publisher":{"@id":"https:\/\/www.cde.ual.es\/#organization"},"image":{"@id":"https:\/\/www.cde.ual.es\/nuevas-medidas-encaminadas-a-la-reforma-del-sistema-del-iva-de-la-ue\/#primaryimage"},"thumbnailUrl":"https:\/\/www.cde.ual.es\/wp-content\/uploads\/2018\/10\/FutureofVAT.png","keywords":["Asuntos Financieros","Uni\u00f3n Europea"],"articleSection":["Noticias UE"],"inLanguage":"en-US","potentialAction":[{"@type":"CommentAction","name":"Comment","target":["https:\/\/www.cde.ual.es\/nuevas-medidas-encaminadas-a-la-reforma-del-sistema-del-iva-de-la-ue\/#respond"]}]},{"@type":"WebPage","@id":"https:\/\/www.cde.ual.es\/nuevas-medidas-encaminadas-a-la-reforma-del-sistema-del-iva-de-la-ue\/","url":"https:\/\/www.cde.ual.es\/nuevas-medidas-encaminadas-a-la-reforma-del-sistema-del-iva-de-la-ue\/","name":"Nuevas medidas encaminadas a la reforma del sistema del IVA de la UE | CDE Almer\u00eda - Centro de Documentaci\u00f3n Europea - Universidad de Almer\u00eda","isPartOf":{"@id":"https:\/\/www.cde.ual.es\/#website"},"primaryImageOfPage":{"@id":"https:\/\/www.cde.ual.es\/nuevas-medidas-encaminadas-a-la-reforma-del-sistema-del-iva-de-la-ue\/#primaryimage"},"image":{"@id":"https:\/\/www.cde.ual.es\/nuevas-medidas-encaminadas-a-la-reforma-del-sistema-del-iva-de-la-ue\/#primaryimage"},"thumbnailUrl":"https:\/\/www.cde.ual.es\/wp-content\/uploads\/2018\/10\/FutureofVAT.png","datePublished":"2018-10-04T07:00:24+00:00","breadcrumb":{"@id":"https:\/\/www.cde.ual.es\/nuevas-medidas-encaminadas-a-la-reforma-del-sistema-del-iva-de-la-ue\/#breadcrumb"},"inLanguage":"en-US","potentialAction":[{"@type":"ReadAction","target":["https:\/\/www.cde.ual.es\/nuevas-medidas-encaminadas-a-la-reforma-del-sistema-del-iva-de-la-ue\/"]}]},{"@type":"ImageObject","inLanguage":"en-US","@id":"https:\/\/www.cde.ual.es\/nuevas-medidas-encaminadas-a-la-reforma-del-sistema-del-iva-de-la-ue\/#primaryimage","url":"https:\/\/www.cde.ual.es\/wp-content\/uploads\/2018\/10\/FutureofVAT.png","contentUrl":"https:\/\/www.cde.ual.es\/wp-content\/uploads\/2018\/10\/FutureofVAT.png","width":437,"height":247},{"@type":"BreadcrumbList","@id":"https:\/\/www.cde.ual.es\/nuevas-medidas-encaminadas-a-la-reforma-del-sistema-del-iva-de-la-ue\/#breadcrumb","itemListElement":[{"@type":"ListItem","position":1,"name":"Inicio","item":"https:\/\/www.cde.ual.es\/en\/"},{"@type":"ListItem","position":2,"name":"Noticias UE","item":"https:\/\/www.cde.ual.es\/category\/noticias-ue\/"},{"@type":"ListItem","position":3,"name":"Nuevas medidas encaminadas a la reforma del sistema del IVA de la UE"}]},{"@type":"WebSite","@id":"https:\/\/www.cde.ual.es\/#website","url":"https:\/\/www.cde.ual.es\/","name":"CDE Almer\u00eda - Centro de Documentaci\u00f3n Europea - Universidad de Almer\u00eda","description":"Centro de Documentaci\u00f3n Europea de la Universidad de Almer\u00eda","publisher":{"@id":"https:\/\/www.cde.ual.es\/#organization"},"alternateName":"CDE Almer\u00eda","potentialAction":[{"@type":"SearchAction","target":{"@type":"EntryPoint","urlTemplate":"https:\/\/www.cde.ual.es\/?s={search_term_string}"},"query-input":{"@type":"PropertyValueSpecification","valueRequired":true,"valueName":"search_term_string"}}],"inLanguage":"en-US"},{"@type":"Organization","@id":"https:\/\/www.cde.ual.es\/#organization","name":"Centro de Documentaci\u00f3n Europea de Almer\u00eda","url":"https:\/\/www.cde.ual.es\/","logo":{"@type":"ImageObject","inLanguage":"en-US","@id":"https:\/\/www.cde.ual.es\/#\/schema\/logo\/image\/","url":"https:\/\/www.cde.ual.es\/wp-content\/uploads\/2025\/07\/cde-logo-3.png","contentUrl":"https:\/\/www.cde.ual.es\/wp-content\/uploads\/2025\/07\/cde-logo-3.png","width":1400,"height":300,"caption":"Centro de Documentaci\u00f3n Europea de Almer\u00eda"},"image":{"@id":"https:\/\/www.cde.ual.es\/#\/schema\/logo\/image\/"},"sameAs":["https:\/\/www.facebook.com\/cdeuniversidadalmeria\/","https:\/\/x.com\/cdeualmeria","https:\/\/www.tiktok.com\/@cdealmeria","https:\/\/www.instagram.com\/cdealmeria\/","https:\/\/www.linkedin.com\/in\/cde-almera-812b26a9\/"]},{"@type":"Person","@id":"https:\/\/www.cde.ual.es\/#\/schema\/person\/ee46ebc19edfa19598c02cff83335acc","name":"BECA 2 CDE","image":{"@type":"ImageObject","inLanguage":"en-US","@id":"https:\/\/secure.gravatar.com\/avatar\/35a481bbc04bbd90e91bdfa3b0b5541036c222a49b9ad37b6889a2afcb5311a5?s=96&d=mm&r=g","url":"https:\/\/secure.gravatar.com\/avatar\/35a481bbc04bbd90e91bdfa3b0b5541036c222a49b9ad37b6889a2afcb5311a5?s=96&d=mm&r=g","contentUrl":"https:\/\/secure.gravatar.com\/avatar\/35a481bbc04bbd90e91bdfa3b0b5541036c222a49b9ad37b6889a2afcb5311a5?s=96&d=mm&r=g","caption":"BECA 2 CDE"},"sameAs":["http:\/\/www.cdealmeria.com"]}]}},"_links":{"self":[{"href":"https:\/\/www.cde.ual.es\/en\/wp-json\/wp\/v2\/posts\/8789","targetHints":{"allow":["GET"]}}],"collection":[{"href":"https:\/\/www.cde.ual.es\/en\/wp-json\/wp\/v2\/posts"}],"about":[{"href":"https:\/\/www.cde.ual.es\/en\/wp-json\/wp\/v2\/types\/post"}],"author":[{"embeddable":true,"href":"https:\/\/www.cde.ual.es\/en\/wp-json\/wp\/v2\/users\/101011"}],"replies":[{"embeddable":true,"href":"https:\/\/www.cde.ual.es\/en\/wp-json\/wp\/v2\/comments?post=8789"}],"version-history":[{"count":0,"href":"https:\/\/www.cde.ual.es\/en\/wp-json\/wp\/v2\/posts\/8789\/revisions"}],"wp:featuredmedia":[{"embeddable":true,"href":"https:\/\/www.cde.ual.es\/en\/wp-json\/wp\/v2\/media\/8793"}],"wp:attachment":[{"href":"https:\/\/www.cde.ual.es\/en\/wp-json\/wp\/v2\/media?parent=8789"}],"wp:term":[{"taxonomy":"category","embeddable":true,"href":"https:\/\/www.cde.ual.es\/en\/wp-json\/wp\/v2\/categories?post=8789"},{"taxonomy":"post_tag","embeddable":true,"href":"https:\/\/www.cde.ual.es\/en\/wp-json\/wp\/v2\/tags?post=8789"}],"curies":[{"name":"wp","href":"https:\/\/api.w.org\/{rel}","templated":true}]}}