{"id":8786,"date":"2018-10-03T08:23:02","date_gmt":"2018-10-03T06:23:02","guid":{"rendered":"http:\/\/www.cde.ual.es\/?p=8786"},"modified":"2018-10-03T08:23:33","modified_gmt":"2018-10-03T06:23:33","slug":"el-parlamento-quiere-congelar-y-confiscar-mas-rapido-los-ingresos-de-actividades-delictivas","status":"publish","type":"post","link":"https:\/\/www.cde.ual.es\/en\/el-parlamento-quiere-congelar-y-confiscar-mas-rapido-los-ingresos-de-actividades-delictivas\/","title":{"rendered":"El Parlamento quiere congelar y confiscar m\u00e1s r\u00e1pido los ingresos de actividades delictivas"},"content":{"rendered":"<p style=\"text-align: center;\"><a href=\"http:\/\/www.cde.ual.es\/wp-content\/uploads\/2018\/10\/PE-.png\"><img decoding=\"async\" class=\"size-medium wp-image-8787 aligncenter\" src=\"http:\/\/www.cde.ual.es\/wp-content\/uploads\/2018\/10\/PE--300x186.png\" alt=\"\" width=\"300\" height=\"186\" srcset=\"https:\/\/www.cde.ual.es\/wp-content\/uploads\/2018\/10\/PE--300x186.png 300w, https:\/\/www.cde.ual.es\/wp-content\/uploads\/2018\/10\/PE-.png 726w\" sizes=\"(max-width: 300px) 100vw, 300px\" \/><\/a><\/p>\n<p><em><strong>El pleno debate el mi\u00e9rcoles y vota el jueves nuevas normas para combatir el crimen organizado.<\/strong><\/em><\/p>\n<p>La congelaci\u00f3n y confiscaci\u00f3n de los ingresos generados a trav\u00e9s de actividades delictivas es una de las formas m\u00e1s efectivas de combatir el crimen organizado. Los eurodiputados, reunidos en sesi\u00f3n plenaria en Estrasburgo (Francia) debatir\u00e1n el mi\u00e9rcoles y votar\u00e1n el jueves nuevas reglas para que este proceso sea m\u00e1s f\u00e1cil y r\u00e1pido en operaciones transfronterizas.<\/p>\n<p>Las actividades delictivas generan en Europa alrededor de 110.000 millones de euros anuales, seg\u00fan los c\u00e1lculos m\u00e1s reciente. El 98,9% de las ganancias criminales permanecieron a disposici\u00f3n de los delincuentes entre 2010 y 2014, seg\u00fan\u00a0<a href=\"https:\/\/www.europol.europa.eu\/publications-documents\/does-crime-still-pay\" target=\"_blank\" rel=\"noopener\">Europol.<\/a>\u00a0La oficina europea de polic\u00eda se\u00f1ala que solo el 2,2% de los beneficios de esa actividad fueron incautados o congelados temporalmente en la UE en ese periodo, y solo el 1,1% fue confiscado definitivamente.<\/p>\n<h3><strong>Situaci\u00f3n actual<\/strong><\/h3>\n<p>La Uni\u00f3n Europea ya cuenta con varias leyes que regulan la incautaci\u00f3n transfronteriza de activos delictivos. Sin embargo, delincuentes y terroristas aprovechan las lagunas legislativas para ocultar sus activos en otros pa\u00edses de la Uni\u00f3n. Los procedimientos y certificados actuales son \u201ccomplejos e ineficientes\u201d, seg\u00fan reconoce la propia Comisi\u00f3n European, que tambi\u00e9n apunta a una protecci\u00f3n insatisfactoria de los derechos de las v\u00edctimas a la restituci\u00f3n y la indemnizaci\u00f3n.<\/p>\n<h3><strong>Nuevas reglas<\/strong><\/h3>\n<p>Las normas existentes ser\u00e1n reemplazadas por un reglamento, directamente aplicable en todos los Estados miembros. El objetivo es que las \u00f3rdenes para congelar y confiscar estos activos se cumplan m\u00e1s r\u00e1pido y de forma m\u00e1s efectiva. La nueva legislaci\u00f3n incluir\u00e1 plazos m\u00e1s estrictos para las autoridades y certificados est\u00e1ndar para todos los pa\u00edses de la UE. Cubre todos los delitos penales y prev\u00e9 una mayor variedad de \u00f3rdenes de congelaci\u00f3n y confiscaci\u00f3n. Se dar\u00e1 adem\u00e1s prioridad al derecho de las v\u00edctimas a una indemnizaci\u00f3n.<\/p>\n<h3><strong>El papel del Parlamento Europeo<\/strong><\/h3>\n<p>El Parlamento ha endurecido las reglas con una cl\u00e1usula de no reconocimiento en caso de incumplimiento de los derechos fundamentales y un plazo de 45 d\u00edas para hacer cumplir las \u00f3rdenes de confiscaci\u00f3n. Los eurodiputados tambi\u00e9n han pedido que se incluyan disposiciones para promover la reutilizaci\u00f3n de activos confiscados con fines sociales.<\/p>\n<p>\u201cMe complace que hayamos podido dar a las v\u00edctimas un lugar importante\u201d, se\u00f1al\u00f3 la dem\u00f3crata liberal francesa\u00a0<a href=\"http:\/\/www.europarl.europa.eu\/meps\/es\/28208\/NATHALIE_GRIESBECK_home.html\" target=\"_blank\" rel=\"noopener\">Nathalie Griesbeck<\/a>, responsable de esta negociaci\u00f3n en el Parlamento. La eurodiputada tambi\u00e9n destac\u00f3 la importancia de la cl\u00e1usula de no reconocimiento: \u201cCreamos una herramienta esencial, que ser\u00e1 m\u00e1s operativa, pero tambi\u00e9n m\u00e1s justa, y con mejores garant\u00edas\u201d, explic\u00f3.<\/p>\n<h3><strong>Pr\u00f3ximos pasos<\/strong><\/h3>\n<p>Despu\u00e9s del debate del mi\u00e9rcoles y la votaci\u00f3n del jueves en el pleno, el reglamento volver\u00e1 al Consejo para su aprobaci\u00f3n final. Se aplicar\u00e1 24 meses despu\u00e9s de su entrada en vigor.<\/p>\n<p>Esta propuesta forma parte de un conjunto de medidas destinadas a combatir la financiaci\u00f3n del terrorismo y la delincuencia organizada. El Parlamento ya aprob\u00f3 normas m\u00e1s estrictas contra el\u00a0<a href=\"http:\/\/www.europarl.europa.eu\/news\/es\/headlines\/security\/20180404STO00913\/blanqueo-de-capitales-y-financiacion-del-terrorismo-normas-mas-estrictas\" target=\"_blank\" rel=\"noopener\">lavado de dinero y los movimientos de efectivo.<\/a><\/p>\n<h3 class=\"ep-p_text\"><span class=\"ep_name\">M\u00e1s informaci\u00f3n<\/span><\/h3>\n<p><a title=\"Read the PDF document\" href=\"http:\/\/www.europarl.europa.eu\/RegData\/etudes\/BRIE\/2018\/628225\/EPRS_BRI(2018)628225_EN.pdf\" target=\"_blank\" rel=\"noopener\"><span class=\"ep_name\">Estudio del Parlamento Europeo<\/span><span class=\"ep_icon\">\u00a0<\/span><\/a><\/p>\n<p><a title=\"Abrir en una nueva p\u00e1gina\" href=\"http:\/\/www.europarl.europa.eu\/sides\/getDoc.do?pubRef=-\/\/EP\/\/TEXT+REPORT+A8-2018-0001+0+DOC+XML+V0\/\/ES\"><span class=\"ep_name\">Proyecto de informe<\/span><span class=\"ep_icon\">\u00a0<\/span><\/a><\/p>\n<p><a title=\"Abrir en una nueva p\u00e1gina\" href=\"https:\/\/www.europol.europa.eu\/es\/about-europol\" target=\"_blank\" rel=\"noopener\"><span class=\"ep_name\">Europol<\/span><span class=\"ep_icon\">\u00a0<\/span><\/a><\/p>\n<p>&nbsp;<\/p>\n","protected":false},"excerpt":{"rendered":"<p>El pleno debate el mi\u00e9rcoles y vota el jueves nuevas normas para combatir el crimen organizado. La congelaci\u00f3n y confiscaci\u00f3n de los ingresos generados a trav\u00e9s de actividades delictivas es una de las formas m\u00e1s efectivas de combatir el crimen organizado. Los eurodiputados, reunidos en sesi\u00f3n plenaria en Estrasburgo (Francia) debatir\u00e1n el mi\u00e9rcoles y votar\u00e1n [&hellip;]<\/p>\n","protected":false},"author":1,"featured_media":8787,"comment_status":"open","ping_status":"open","sticky":false,"template":"","format":"standard","meta":{"_acf_changed":false,"_relevanssi_hide_post":"","_relevanssi_hide_content":"","_relevanssi_pin_for_all":"","_relevanssi_pin_keywords":"","_relevanssi_unpin_keywords":"","_relevanssi_related_keywords":"","_relevanssi_related_include_ids":"","_relevanssi_related_exclude_ids":"","_relevanssi_related_no_append":"","_relevanssi_related_not_related":"","_relevanssi_related_posts":"","_relevanssi_noindex_reason":"","_monsterinsights_skip_tracking":false,"_monsterinsights_sitenote_active":false,"_monsterinsights_sitenote_note":"","_monsterinsights_sitenote_category":0,"_genesis_hide_title":false,"_genesis_hide_breadcrumbs":false,"_genesis_hide_singular_image":false,"_genesis_hide_footer_widgets":false,"_genesis_custom_body_class":"","_genesis_custom_post_class":"","_genesis_layout":"","footnotes":""},"categories":[96],"tags":[129,135],"class_list":{"0":"post-8786","1":"post","2":"type-post","3":"status-publish","4":"format-standard","5":"has-post-thumbnail","7":"category-noticias-ue","8":"tag-seguridad-defensa","9":"tag-union-europea","10":"entry"},"acf":[],"yoast_head":"<!-- This site is optimized with the Yoast SEO plugin v27.5 - https:\/\/yoast.com\/product\/yoast-seo-wordpress\/ -->\n<title>El Parlamento quiere congelar y confiscar m\u00e1s r\u00e1pido los ingresos de actividades delictivas | CDE Almer\u00eda - Centro de Documentaci\u00f3n Europea - Universidad de Almer\u00eda<\/title>\n<meta name=\"robots\" content=\"index, follow, max-snippet:-1, max-image-preview:large, max-video-preview:-1\" \/>\n<link rel=\"canonical\" href=\"https:\/\/www.cde.ual.es\/en\/el-parlamento-quiere-congelar-y-confiscar-mas-rapido-los-ingresos-de-actividades-delictivas\/\" \/>\n<meta property=\"og:locale\" content=\"en_US\" \/>\n<meta property=\"og:type\" content=\"article\" \/>\n<meta property=\"og:title\" content=\"El Parlamento quiere congelar y confiscar m\u00e1s r\u00e1pido los ingresos de actividades delictivas | CDE Almer\u00eda - Centro de Documentaci\u00f3n Europea - Universidad de Almer\u00eda\" \/>\n<meta property=\"og:description\" content=\"El pleno debate el mi\u00e9rcoles y vota el jueves nuevas normas para combatir el crimen organizado. La congelaci\u00f3n y confiscaci\u00f3n de los ingresos generados a trav\u00e9s de actividades delictivas es una de las formas m\u00e1s efectivas de combatir el crimen organizado. Los eurodiputados, reunidos en sesi\u00f3n plenaria en Estrasburgo (Francia) debatir\u00e1n el mi\u00e9rcoles y votar\u00e1n [&hellip;]\" \/>\n<meta property=\"og:url\" content=\"https:\/\/www.cde.ual.es\/en\/el-parlamento-quiere-congelar-y-confiscar-mas-rapido-los-ingresos-de-actividades-delictivas\/\" \/>\n<meta property=\"og:site_name\" content=\"CDE Almer\u00eda - Centro de Documentaci\u00f3n Europea - Universidad de Almer\u00eda\" \/>\n<meta property=\"article:publisher\" content=\"https:\/\/www.facebook.com\/cdeuniversidadalmeria\/\" \/>\n<meta property=\"article:published_time\" content=\"2018-10-03T06:23:02+00:00\" \/>\n<meta property=\"article:modified_time\" content=\"2018-10-03T06:23:33+00:00\" \/>\n<meta property=\"og:image\" content=\"https:\/\/www.cde.ual.es\/wp-content\/uploads\/2018\/10\/PE-.png\" \/>\n\t<meta property=\"og:image:width\" content=\"726\" \/>\n\t<meta property=\"og:image:height\" content=\"450\" \/>\n\t<meta property=\"og:image:type\" content=\"image\/png\" \/>\n<meta name=\"author\" content=\"AdminCDE\" \/>\n<meta name=\"twitter:card\" content=\"summary_large_image\" \/>\n<meta name=\"twitter:creator\" content=\"@cdeualmeria\" \/>\n<meta name=\"twitter:site\" content=\"@cdeualmeria\" \/>\n<meta name=\"twitter:label1\" content=\"Written by\" \/>\n\t<meta name=\"twitter:data1\" content=\"AdminCDE\" \/>\n\t<meta name=\"twitter:label2\" content=\"Est. reading time\" \/>\n\t<meta name=\"twitter:data2\" content=\"3 minutes\" \/>\n<script type=\"application\/ld+json\" class=\"yoast-schema-graph\">{\"@context\":\"https:\\\/\\\/schema.org\",\"@graph\":[{\"@type\":\"Article\",\"@id\":\"https:\\\/\\\/www.cde.ual.es\\\/en\\\/el-parlamento-quiere-congelar-y-confiscar-mas-rapido-los-ingresos-de-actividades-delictivas\\\/#article\",\"isPartOf\":{\"@id\":\"https:\\\/\\\/www.cde.ual.es\\\/en\\\/el-parlamento-quiere-congelar-y-confiscar-mas-rapido-los-ingresos-de-actividades-delictivas\\\/\"},\"author\":{\"name\":\"AdminCDE\",\"@id\":\"https:\\\/\\\/www.cde.ual.es\\\/#\\\/schema\\\/person\\\/224ef08c8bcc005f319d2713ce37ee5f\"},\"headline\":\"El Parlamento quiere congelar y confiscar m\u00e1s r\u00e1pido los ingresos de actividades delictivas\",\"datePublished\":\"2018-10-03T06:23:02+00:00\",\"dateModified\":\"2018-10-03T06:23:33+00:00\",\"mainEntityOfPage\":{\"@id\":\"https:\\\/\\\/www.cde.ual.es\\\/en\\\/el-parlamento-quiere-congelar-y-confiscar-mas-rapido-los-ingresos-de-actividades-delictivas\\\/\"},\"wordCount\":568,\"commentCount\":0,\"publisher\":{\"@id\":\"https:\\\/\\\/www.cde.ual.es\\\/#organization\"},\"image\":{\"@id\":\"https:\\\/\\\/www.cde.ual.es\\\/en\\\/el-parlamento-quiere-congelar-y-confiscar-mas-rapido-los-ingresos-de-actividades-delictivas\\\/#primaryimage\"},\"thumbnailUrl\":\"https:\\\/\\\/www.cde.ual.es\\\/wp-content\\\/uploads\\\/2018\\\/10\\\/PE-.png\",\"keywords\":[\"Seguridad y Defensa\",\"Uni\u00f3n Europea\"],\"articleSection\":[\"Noticias UE\"],\"inLanguage\":\"en-US\",\"potentialAction\":[{\"@type\":\"CommentAction\",\"name\":\"Comment\",\"target\":[\"https:\\\/\\\/www.cde.ual.es\\\/en\\\/el-parlamento-quiere-congelar-y-confiscar-mas-rapido-los-ingresos-de-actividades-delictivas\\\/#respond\"]}]},{\"@type\":\"WebPage\",\"@id\":\"https:\\\/\\\/www.cde.ual.es\\\/en\\\/el-parlamento-quiere-congelar-y-confiscar-mas-rapido-los-ingresos-de-actividades-delictivas\\\/\",\"url\":\"https:\\\/\\\/www.cde.ual.es\\\/en\\\/el-parlamento-quiere-congelar-y-confiscar-mas-rapido-los-ingresos-de-actividades-delictivas\\\/\",\"name\":\"El Parlamento quiere congelar y confiscar m\u00e1s r\u00e1pido los ingresos de actividades delictivas | CDE Almer\u00eda - Centro de Documentaci\u00f3n Europea - Universidad de Almer\u00eda\",\"isPartOf\":{\"@id\":\"https:\\\/\\\/www.cde.ual.es\\\/#website\"},\"primaryImageOfPage\":{\"@id\":\"https:\\\/\\\/www.cde.ual.es\\\/en\\\/el-parlamento-quiere-congelar-y-confiscar-mas-rapido-los-ingresos-de-actividades-delictivas\\\/#primaryimage\"},\"image\":{\"@id\":\"https:\\\/\\\/www.cde.ual.es\\\/en\\\/el-parlamento-quiere-congelar-y-confiscar-mas-rapido-los-ingresos-de-actividades-delictivas\\\/#primaryimage\"},\"thumbnailUrl\":\"https:\\\/\\\/www.cde.ual.es\\\/wp-content\\\/uploads\\\/2018\\\/10\\\/PE-.png\",\"datePublished\":\"2018-10-03T06:23:02+00:00\",\"dateModified\":\"2018-10-03T06:23:33+00:00\",\"breadcrumb\":{\"@id\":\"https:\\\/\\\/www.cde.ual.es\\\/en\\\/el-parlamento-quiere-congelar-y-confiscar-mas-rapido-los-ingresos-de-actividades-delictivas\\\/#breadcrumb\"},\"inLanguage\":\"en-US\",\"potentialAction\":[{\"@type\":\"ReadAction\",\"target\":[\"https:\\\/\\\/www.cde.ual.es\\\/en\\\/el-parlamento-quiere-congelar-y-confiscar-mas-rapido-los-ingresos-de-actividades-delictivas\\\/\"]}]},{\"@type\":\"ImageObject\",\"inLanguage\":\"en-US\",\"@id\":\"https:\\\/\\\/www.cde.ual.es\\\/en\\\/el-parlamento-quiere-congelar-y-confiscar-mas-rapido-los-ingresos-de-actividades-delictivas\\\/#primaryimage\",\"url\":\"https:\\\/\\\/www.cde.ual.es\\\/wp-content\\\/uploads\\\/2018\\\/10\\\/PE-.png\",\"contentUrl\":\"https:\\\/\\\/www.cde.ual.es\\\/wp-content\\\/uploads\\\/2018\\\/10\\\/PE-.png\",\"width\":726,\"height\":450},{\"@type\":\"BreadcrumbList\",\"@id\":\"https:\\\/\\\/www.cde.ual.es\\\/en\\\/el-parlamento-quiere-congelar-y-confiscar-mas-rapido-los-ingresos-de-actividades-delictivas\\\/#breadcrumb\",\"itemListElement\":[{\"@type\":\"ListItem\",\"position\":1,\"name\":\"Inicio\",\"item\":\"https:\\\/\\\/www.cde.ual.es\\\/en\\\/\"},{\"@type\":\"ListItem\",\"position\":2,\"name\":\"EU News\",\"item\":\"https:\\\/\\\/www.cde.ual.es\\\/en\\\/category\\\/eu-news\\\/\"},{\"@type\":\"ListItem\",\"position\":3,\"name\":\"El Parlamento quiere congelar y confiscar m\u00e1s r\u00e1pido los ingresos de actividades delictivas\"}]},{\"@type\":\"WebSite\",\"@id\":\"https:\\\/\\\/www.cde.ual.es\\\/#website\",\"url\":\"https:\\\/\\\/www.cde.ual.es\\\/\",\"name\":\"CDE Almer\u00eda - Centro de Documentaci\u00f3n Europea - Universidad de Almer\u00eda\",\"description\":\"Centro de Documentaci\u00f3n Europea de la Universidad de Almer\u00eda\",\"publisher\":{\"@id\":\"https:\\\/\\\/www.cde.ual.es\\\/#organization\"},\"alternateName\":\"CDE Almer\u00eda\",\"potentialAction\":[{\"@type\":\"SearchAction\",\"target\":{\"@type\":\"EntryPoint\",\"urlTemplate\":\"https:\\\/\\\/www.cde.ual.es\\\/?s={search_term_string}\"},\"query-input\":{\"@type\":\"PropertyValueSpecification\",\"valueRequired\":true,\"valueName\":\"search_term_string\"}}],\"inLanguage\":\"en-US\"},{\"@type\":\"Organization\",\"@id\":\"https:\\\/\\\/www.cde.ual.es\\\/#organization\",\"name\":\"Centro de Documentaci\u00f3n Europea de Almer\u00eda\",\"url\":\"https:\\\/\\\/www.cde.ual.es\\\/\",\"logo\":{\"@type\":\"ImageObject\",\"inLanguage\":\"en-US\",\"@id\":\"https:\\\/\\\/www.cde.ual.es\\\/#\\\/schema\\\/logo\\\/image\\\/\",\"url\":\"https:\\\/\\\/www.cde.ual.es\\\/wp-content\\\/uploads\\\/2025\\\/07\\\/cde-logo-3.png\",\"contentUrl\":\"https:\\\/\\\/www.cde.ual.es\\\/wp-content\\\/uploads\\\/2025\\\/07\\\/cde-logo-3.png\",\"width\":1400,\"height\":300,\"caption\":\"Centro de Documentaci\u00f3n Europea de Almer\u00eda\"},\"image\":{\"@id\":\"https:\\\/\\\/www.cde.ual.es\\\/#\\\/schema\\\/logo\\\/image\\\/\"},\"sameAs\":[\"https:\\\/\\\/www.facebook.com\\\/cdeuniversidadalmeria\\\/\",\"https:\\\/\\\/x.com\\\/cdeualmeria\",\"https:\\\/\\\/www.tiktok.com\\\/@cdealmeria\",\"https:\\\/\\\/www.instagram.com\\\/cdealmeria\\\/\",\"https:\\\/\\\/www.linkedin.com\\\/in\\\/cde-almera-812b26a9\\\/\"]},{\"@type\":\"Person\",\"@id\":\"https:\\\/\\\/www.cde.ual.es\\\/#\\\/schema\\\/person\\\/224ef08c8bcc005f319d2713ce37ee5f\",\"name\":\"AdminCDE\",\"image\":{\"@type\":\"ImageObject\",\"inLanguage\":\"en-US\",\"@id\":\"https:\\\/\\\/secure.gravatar.com\\\/avatar\\\/a72d038d371f995cd13706fac32274b7952a52e8fb0a84b5f80c85426f2a98a8?s=96&d=mm&r=g\",\"url\":\"https:\\\/\\\/secure.gravatar.com\\\/avatar\\\/a72d038d371f995cd13706fac32274b7952a52e8fb0a84b5f80c85426f2a98a8?s=96&d=mm&r=g\",\"contentUrl\":\"https:\\\/\\\/secure.gravatar.com\\\/avatar\\\/a72d038d371f995cd13706fac32274b7952a52e8fb0a84b5f80c85426f2a98a8?s=96&d=mm&r=g\",\"caption\":\"AdminCDE\"}}]}<\/script>\n<!-- \/ Yoast SEO plugin. -->","yoast_head_json":{"title":"El Parlamento quiere congelar y confiscar m\u00e1s r\u00e1pido los ingresos de actividades delictivas | CDE Almer\u00eda - Centro de Documentaci\u00f3n Europea - Universidad de Almer\u00eda","robots":{"index":"index","follow":"follow","max-snippet":"max-snippet:-1","max-image-preview":"max-image-preview:large","max-video-preview":"max-video-preview:-1"},"canonical":"https:\/\/www.cde.ual.es\/en\/el-parlamento-quiere-congelar-y-confiscar-mas-rapido-los-ingresos-de-actividades-delictivas\/","og_locale":"en_US","og_type":"article","og_title":"El Parlamento quiere congelar y confiscar m\u00e1s r\u00e1pido los ingresos de actividades delictivas | CDE Almer\u00eda - Centro de Documentaci\u00f3n Europea - Universidad de Almer\u00eda","og_description":"El pleno debate el mi\u00e9rcoles y vota el jueves nuevas normas para combatir el crimen organizado. La congelaci\u00f3n y confiscaci\u00f3n de los ingresos generados a trav\u00e9s de actividades delictivas es una de las formas m\u00e1s efectivas de combatir el crimen organizado. Los eurodiputados, reunidos en sesi\u00f3n plenaria en Estrasburgo (Francia) debatir\u00e1n el mi\u00e9rcoles y votar\u00e1n [&hellip;]","og_url":"https:\/\/www.cde.ual.es\/en\/el-parlamento-quiere-congelar-y-confiscar-mas-rapido-los-ingresos-de-actividades-delictivas\/","og_site_name":"CDE Almer\u00eda - Centro de Documentaci\u00f3n Europea - Universidad de Almer\u00eda","article_publisher":"https:\/\/www.facebook.com\/cdeuniversidadalmeria\/","article_published_time":"2018-10-03T06:23:02+00:00","article_modified_time":"2018-10-03T06:23:33+00:00","og_image":[{"width":726,"height":450,"url":"https:\/\/www.cde.ual.es\/wp-content\/uploads\/2018\/10\/PE-.png","type":"image\/png"}],"author":"AdminCDE","twitter_card":"summary_large_image","twitter_creator":"@cdeualmeria","twitter_site":"@cdeualmeria","twitter_misc":{"Written by":"AdminCDE","Est. reading time":"3 minutes"},"schema":{"@context":"https:\/\/schema.org","@graph":[{"@type":"Article","@id":"https:\/\/www.cde.ual.es\/en\/el-parlamento-quiere-congelar-y-confiscar-mas-rapido-los-ingresos-de-actividades-delictivas\/#article","isPartOf":{"@id":"https:\/\/www.cde.ual.es\/en\/el-parlamento-quiere-congelar-y-confiscar-mas-rapido-los-ingresos-de-actividades-delictivas\/"},"author":{"name":"AdminCDE","@id":"https:\/\/www.cde.ual.es\/#\/schema\/person\/224ef08c8bcc005f319d2713ce37ee5f"},"headline":"El Parlamento quiere congelar y confiscar m\u00e1s r\u00e1pido los ingresos de actividades delictivas","datePublished":"2018-10-03T06:23:02+00:00","dateModified":"2018-10-03T06:23:33+00:00","mainEntityOfPage":{"@id":"https:\/\/www.cde.ual.es\/en\/el-parlamento-quiere-congelar-y-confiscar-mas-rapido-los-ingresos-de-actividades-delictivas\/"},"wordCount":568,"commentCount":0,"publisher":{"@id":"https:\/\/www.cde.ual.es\/#organization"},"image":{"@id":"https:\/\/www.cde.ual.es\/en\/el-parlamento-quiere-congelar-y-confiscar-mas-rapido-los-ingresos-de-actividades-delictivas\/#primaryimage"},"thumbnailUrl":"https:\/\/www.cde.ual.es\/wp-content\/uploads\/2018\/10\/PE-.png","keywords":["Seguridad y Defensa","Uni\u00f3n Europea"],"articleSection":["Noticias UE"],"inLanguage":"en-US","potentialAction":[{"@type":"CommentAction","name":"Comment","target":["https:\/\/www.cde.ual.es\/en\/el-parlamento-quiere-congelar-y-confiscar-mas-rapido-los-ingresos-de-actividades-delictivas\/#respond"]}]},{"@type":"WebPage","@id":"https:\/\/www.cde.ual.es\/en\/el-parlamento-quiere-congelar-y-confiscar-mas-rapido-los-ingresos-de-actividades-delictivas\/","url":"https:\/\/www.cde.ual.es\/en\/el-parlamento-quiere-congelar-y-confiscar-mas-rapido-los-ingresos-de-actividades-delictivas\/","name":"El Parlamento quiere congelar y confiscar m\u00e1s r\u00e1pido los ingresos de actividades delictivas | CDE Almer\u00eda - Centro de Documentaci\u00f3n Europea - Universidad de Almer\u00eda","isPartOf":{"@id":"https:\/\/www.cde.ual.es\/#website"},"primaryImageOfPage":{"@id":"https:\/\/www.cde.ual.es\/en\/el-parlamento-quiere-congelar-y-confiscar-mas-rapido-los-ingresos-de-actividades-delictivas\/#primaryimage"},"image":{"@id":"https:\/\/www.cde.ual.es\/en\/el-parlamento-quiere-congelar-y-confiscar-mas-rapido-los-ingresos-de-actividades-delictivas\/#primaryimage"},"thumbnailUrl":"https:\/\/www.cde.ual.es\/wp-content\/uploads\/2018\/10\/PE-.png","datePublished":"2018-10-03T06:23:02+00:00","dateModified":"2018-10-03T06:23:33+00:00","breadcrumb":{"@id":"https:\/\/www.cde.ual.es\/en\/el-parlamento-quiere-congelar-y-confiscar-mas-rapido-los-ingresos-de-actividades-delictivas\/#breadcrumb"},"inLanguage":"en-US","potentialAction":[{"@type":"ReadAction","target":["https:\/\/www.cde.ual.es\/en\/el-parlamento-quiere-congelar-y-confiscar-mas-rapido-los-ingresos-de-actividades-delictivas\/"]}]},{"@type":"ImageObject","inLanguage":"en-US","@id":"https:\/\/www.cde.ual.es\/en\/el-parlamento-quiere-congelar-y-confiscar-mas-rapido-los-ingresos-de-actividades-delictivas\/#primaryimage","url":"https:\/\/www.cde.ual.es\/wp-content\/uploads\/2018\/10\/PE-.png","contentUrl":"https:\/\/www.cde.ual.es\/wp-content\/uploads\/2018\/10\/PE-.png","width":726,"height":450},{"@type":"BreadcrumbList","@id":"https:\/\/www.cde.ual.es\/en\/el-parlamento-quiere-congelar-y-confiscar-mas-rapido-los-ingresos-de-actividades-delictivas\/#breadcrumb","itemListElement":[{"@type":"ListItem","position":1,"name":"Inicio","item":"https:\/\/www.cde.ual.es\/en\/"},{"@type":"ListItem","position":2,"name":"EU News","item":"https:\/\/www.cde.ual.es\/en\/category\/eu-news\/"},{"@type":"ListItem","position":3,"name":"El Parlamento quiere congelar y confiscar m\u00e1s r\u00e1pido los ingresos de actividades delictivas"}]},{"@type":"WebSite","@id":"https:\/\/www.cde.ual.es\/#website","url":"https:\/\/www.cde.ual.es\/","name":"CDE Almer\u00eda - Centro de Documentaci\u00f3n Europea - Universidad de Almer\u00eda","description":"Centro de Documentaci\u00f3n Europea de la Universidad de Almer\u00eda","publisher":{"@id":"https:\/\/www.cde.ual.es\/#organization"},"alternateName":"CDE Almer\u00eda","potentialAction":[{"@type":"SearchAction","target":{"@type":"EntryPoint","urlTemplate":"https:\/\/www.cde.ual.es\/?s={search_term_string}"},"query-input":{"@type":"PropertyValueSpecification","valueRequired":true,"valueName":"search_term_string"}}],"inLanguage":"en-US"},{"@type":"Organization","@id":"https:\/\/www.cde.ual.es\/#organization","name":"Centro de Documentaci\u00f3n Europea de Almer\u00eda","url":"https:\/\/www.cde.ual.es\/","logo":{"@type":"ImageObject","inLanguage":"en-US","@id":"https:\/\/www.cde.ual.es\/#\/schema\/logo\/image\/","url":"https:\/\/www.cde.ual.es\/wp-content\/uploads\/2025\/07\/cde-logo-3.png","contentUrl":"https:\/\/www.cde.ual.es\/wp-content\/uploads\/2025\/07\/cde-logo-3.png","width":1400,"height":300,"caption":"Centro de Documentaci\u00f3n Europea de Almer\u00eda"},"image":{"@id":"https:\/\/www.cde.ual.es\/#\/schema\/logo\/image\/"},"sameAs":["https:\/\/www.facebook.com\/cdeuniversidadalmeria\/","https:\/\/x.com\/cdeualmeria","https:\/\/www.tiktok.com\/@cdealmeria","https:\/\/www.instagram.com\/cdealmeria\/","https:\/\/www.linkedin.com\/in\/cde-almera-812b26a9\/"]},{"@type":"Person","@id":"https:\/\/www.cde.ual.es\/#\/schema\/person\/224ef08c8bcc005f319d2713ce37ee5f","name":"AdminCDE","image":{"@type":"ImageObject","inLanguage":"en-US","@id":"https:\/\/secure.gravatar.com\/avatar\/a72d038d371f995cd13706fac32274b7952a52e8fb0a84b5f80c85426f2a98a8?s=96&d=mm&r=g","url":"https:\/\/secure.gravatar.com\/avatar\/a72d038d371f995cd13706fac32274b7952a52e8fb0a84b5f80c85426f2a98a8?s=96&d=mm&r=g","contentUrl":"https:\/\/secure.gravatar.com\/avatar\/a72d038d371f995cd13706fac32274b7952a52e8fb0a84b5f80c85426f2a98a8?s=96&d=mm&r=g","caption":"AdminCDE"}}]}},"_links":{"self":[{"href":"https:\/\/www.cde.ual.es\/en\/wp-json\/wp\/v2\/posts\/8786","targetHints":{"allow":["GET"]}}],"collection":[{"href":"https:\/\/www.cde.ual.es\/en\/wp-json\/wp\/v2\/posts"}],"about":[{"href":"https:\/\/www.cde.ual.es\/en\/wp-json\/wp\/v2\/types\/post"}],"author":[{"embeddable":true,"href":"https:\/\/www.cde.ual.es\/en\/wp-json\/wp\/v2\/users\/1"}],"replies":[{"embeddable":true,"href":"https:\/\/www.cde.ual.es\/en\/wp-json\/wp\/v2\/comments?post=8786"}],"version-history":[{"count":0,"href":"https:\/\/www.cde.ual.es\/en\/wp-json\/wp\/v2\/posts\/8786\/revisions"}],"wp:featuredmedia":[{"embeddable":true,"href":"https:\/\/www.cde.ual.es\/en\/wp-json\/wp\/v2\/media\/8787"}],"wp:attachment":[{"href":"https:\/\/www.cde.ual.es\/en\/wp-json\/wp\/v2\/media?parent=8786"}],"wp:term":[{"taxonomy":"category","embeddable":true,"href":"https:\/\/www.cde.ual.es\/en\/wp-json\/wp\/v2\/categories?post=8786"},{"taxonomy":"post_tag","embeddable":true,"href":"https:\/\/www.cde.ual.es\/en\/wp-json\/wp\/v2\/tags?post=8786"}],"curies":[{"name":"wp","href":"https:\/\/api.w.org\/{rel}","templated":true}]}}