{"id":8741,"date":"2018-10-02T09:00:52","date_gmt":"2018-10-02T07:00:52","guid":{"rendered":"http:\/\/www.cde.ual.es\/?p=8741"},"modified":"2018-10-03T09:01:38","modified_gmt":"2018-10-03T07:01:38","slug":"nueva-convocatoria-de-practicas-en-el-parlamento-europeo","status":"publish","type":"post","link":"https:\/\/www.cde.ual.es\/en\/nueva-convocatoria-de-practicas-en-el-parlamento-europeo\/","title":{"rendered":"Nueva convocatoria de pr\u00e1cticas en el Parlamento Europeo"},"content":{"rendered":"<p><a href=\"http:\/\/www.cde.ual.es\/wp-content\/uploads\/2018\/10\/000ed9a0-800.jpg\"><img decoding=\"async\" class=\"wp-image-8745 aligncenter\" src=\"http:\/\/www.cde.ual.es\/wp-content\/uploads\/2018\/10\/000ed9a0-800-300x169.jpg\" alt=\"\" width=\"403\" height=\"227\" srcset=\"https:\/\/www.cde.ual.es\/wp-content\/uploads\/2018\/10\/000ed9a0-800-300x169.jpg 300w, https:\/\/www.cde.ual.es\/wp-content\/uploads\/2018\/10\/000ed9a0-800-768x432.jpg 768w, https:\/\/www.cde.ual.es\/wp-content\/uploads\/2018\/10\/000ed9a0-800.jpg 800w\" sizes=\"(max-width: 403px) 100vw, 403px\" \/><\/a><\/p>\n<p>&nbsp;<\/p>\n<p>El Parlamento Europeo ofrece diferentes per\u00edodos de pr\u00e1cticas dentro de su Secretar\u00eda para contribuir a la formaci\u00f3n profesional de los j\u00f3venes ciudadanos y al entendimiento del funcionamiento de la instituci\u00f3n.<\/p>\n<h5>Requisitos<\/h5>\n<p>Los requisitos necesarios para optar a ellas, son:<\/p>\n<ul>\n<li>Ser ciudadano de un Estado miembro de la UE o de un pa\u00eds solicitante;<\/li>\n<li>Tener 18 a\u00f1os o m\u00e1s en la fecha de inicio del per\u00edodo de pr\u00e1cticas;Tener un conocimiento profundo de una de las lenguas oficiales de la UE;<\/li>\n<li>No haber realizado anteriormente ningunas pr\u00e1cticas (remuneradas \/ no pagadas) en cualquier instituci\u00f3n de la UE.<\/li>\n<li>A un peque\u00f1o n\u00famero de ciudadanos de terceros pa\u00edses se les puede otorgar pr\u00e1cticas en el Parlamento Europeo.<\/li>\n<\/ul>\n<h5>Tipos de becas<\/h5>\n<p>Las becas con remuneraci\u00f3n cubren:<br \/>\n1. Becas Robert Schuman, opci\u00f3n general.<br \/>\n2. Becas Robert Schuman, opci\u00f3n period\u00edstica.<\/p>\n<p>Becas Robert Schuman, opci\u00f3n period\u00edstica: los candidatos deben demostrar experiencia profesional a trav\u00e9s de obras publicadas o de la pertenencia a una asociaci\u00f3n de periodistas en un Estado miembro de la Uni\u00f3n Europea o una cualificaci\u00f3n en periodismo reconocida en los Estados miembros de la Uni\u00f3n Europea. o en los pa\u00edses candidatos.<\/p>\n<h5>Duraci\u00f3n de la beca<\/h5>\n<p>Las becas pagadas se otorgar\u00e1n por un per\u00edodo de cinco meses.<\/p>\n<h5>Plazo l\u00edmite para su solicitud:<\/h5>\n<p>&#8211; 15 de octubre (para pr\u00e1cticas a partir del 1 de marzo)<br \/>\n&#8211; 15 de mayo (para pr\u00e1cticas a partir del 1 de octubre).<\/p>\n<p>&nbsp;<\/p>\n<h5>M\u00e1s informaci\u00f3n<\/h5>\n<p>Accede a la convocatoria <a href=\"http:\/\/www.europarl.europa.eu\/aboutparliament\/en\/007cecd1cc\/Traineeships.html\">aqu\u00ed<\/a><\/p>\n","protected":false},"excerpt":{"rendered":"<p>&nbsp; El Parlamento Europeo ofrece diferentes per\u00edodos de pr\u00e1cticas dentro de su Secretar\u00eda para contribuir a la formaci\u00f3n profesional de los j\u00f3venes ciudadanos y al entendimiento del funcionamiento de la instituci\u00f3n. Requisitos Los requisitos necesarios para optar a ellas, son: Ser ciudadano de un Estado miembro de la UE o de un pa\u00eds solicitante; Tener [&hellip;]<\/p>\n","protected":false},"author":101011,"featured_media":8745,"comment_status":"open","ping_status":"open","sticky":false,"template":"","format":"standard","meta":{"_acf_changed":false,"_relevanssi_hide_post":"","_relevanssi_hide_content":"","_relevanssi_pin_for_all":"","_relevanssi_pin_keywords":"","_relevanssi_unpin_keywords":"","_relevanssi_related_keywords":"","_relevanssi_related_include_ids":"","_relevanssi_related_exclude_ids":"","_relevanssi_related_no_append":"","_relevanssi_related_not_related":"","_relevanssi_related_posts":"","_relevanssi_noindex_reason":"","_monsterinsights_skip_tracking":false,"_monsterinsights_sitenote_active":false,"_monsterinsights_sitenote_note":"","_monsterinsights_sitenote_category":0,"_genesis_hide_title":false,"_genesis_hide_breadcrumbs":false,"_genesis_hide_singular_image":false,"_genesis_hide_footer_widgets":false,"_genesis_custom_body_class":"","_genesis_custom_post_class":"","_genesis_layout":"","footnotes":""},"categories":[96],"tags":[131,177,187],"class_list":{"0":"post-8741","1":"post","2":"type-post","3":"status-publish","4":"format-standard","5":"has-post-thumbnail","7":"category-noticias-ue","8":"tag-instituciones-europeas","9":"tag-parlamento-europeo","10":"tag-practicas","11":"entry"},"acf":[],"yoast_head":"<!-- This site is optimized with the Yoast SEO plugin v27.4 - https:\/\/yoast.com\/product\/yoast-seo-wordpress\/ -->\n<title>Nueva convocatoria de pr\u00e1cticas en el Parlamento Europeo | CDE Almer\u00eda - Centro de Documentaci\u00f3n Europea - Universidad de Almer\u00eda<\/title>\n<meta name=\"robots\" content=\"index, follow, max-snippet:-1, max-image-preview:large, max-video-preview:-1\" \/>\n<link rel=\"canonical\" href=\"https:\/\/www.cde.ual.es\/nueva-convocatoria-de-practicas-en-el-parlamento-europeo\/\" \/>\n<meta property=\"og:locale\" content=\"en_US\" \/>\n<meta property=\"og:type\" content=\"article\" \/>\n<meta property=\"og:title\" content=\"Nueva convocatoria de pr\u00e1cticas en el Parlamento Europeo | CDE Almer\u00eda - Centro de Documentaci\u00f3n Europea - Universidad de Almer\u00eda\" \/>\n<meta property=\"og:description\" content=\"&nbsp; El Parlamento Europeo ofrece diferentes per\u00edodos de pr\u00e1cticas dentro de su Secretar\u00eda para contribuir a la formaci\u00f3n profesional de los j\u00f3venes ciudadanos y al entendimiento del funcionamiento de la instituci\u00f3n. Requisitos Los requisitos necesarios para optar a ellas, son: Ser ciudadano de un Estado miembro de la UE o de un pa\u00eds solicitante; Tener [&hellip;]\" \/>\n<meta property=\"og:url\" content=\"https:\/\/www.cde.ual.es\/nueva-convocatoria-de-practicas-en-el-parlamento-europeo\/\" \/>\n<meta property=\"og:site_name\" content=\"CDE Almer\u00eda - Centro de Documentaci\u00f3n Europea - Universidad de Almer\u00eda\" \/>\n<meta property=\"article:publisher\" content=\"https:\/\/www.facebook.com\/cdeuniversidadalmeria\/\" \/>\n<meta property=\"article:published_time\" content=\"2018-10-02T07:00:52+00:00\" \/>\n<meta property=\"article:modified_time\" content=\"2018-10-03T07:01:38+00:00\" \/>\n<meta property=\"og:image\" content=\"https:\/\/www.cde.ual.es\/wp-content\/uploads\/2018\/10\/000ed9a0-800.jpg\" \/>\n\t<meta property=\"og:image:width\" content=\"800\" \/>\n\t<meta property=\"og:image:height\" content=\"450\" \/>\n\t<meta property=\"og:image:type\" content=\"image\/jpeg\" \/>\n<meta name=\"author\" content=\"BECA 2 CDE\" \/>\n<meta name=\"twitter:card\" content=\"summary_large_image\" \/>\n<meta name=\"twitter:creator\" content=\"@cdeualmeria\" \/>\n<meta name=\"twitter:site\" content=\"@cdeualmeria\" \/>\n<meta name=\"twitter:label1\" content=\"Written by\" \/>\n\t<meta name=\"twitter:data1\" content=\"BECA 2 CDE\" \/>\n\t<meta name=\"twitter:label2\" content=\"Est. reading time\" \/>\n\t<meta name=\"twitter:data2\" content=\"1 minute\" \/>\n<script type=\"application\/ld+json\" class=\"yoast-schema-graph\">{\"@context\":\"https:\\\/\\\/schema.org\",\"@graph\":[{\"@type\":\"Article\",\"@id\":\"https:\\\/\\\/www.cde.ual.es\\\/nueva-convocatoria-de-practicas-en-el-parlamento-europeo\\\/#article\",\"isPartOf\":{\"@id\":\"https:\\\/\\\/www.cde.ual.es\\\/nueva-convocatoria-de-practicas-en-el-parlamento-europeo\\\/\"},\"author\":{\"name\":\"BECA 2 CDE\",\"@id\":\"https:\\\/\\\/www.cde.ual.es\\\/#\\\/schema\\\/person\\\/ee46ebc19edfa19598c02cff83335acc\"},\"headline\":\"Nueva convocatoria de pr\u00e1cticas en el Parlamento Europeo\",\"datePublished\":\"2018-10-02T07:00:52+00:00\",\"dateModified\":\"2018-10-03T07:01:38+00:00\",\"mainEntityOfPage\":{\"@id\":\"https:\\\/\\\/www.cde.ual.es\\\/nueva-convocatoria-de-practicas-en-el-parlamento-europeo\\\/\"},\"wordCount\":277,\"commentCount\":0,\"publisher\":{\"@id\":\"https:\\\/\\\/www.cde.ual.es\\\/#organization\"},\"image\":{\"@id\":\"https:\\\/\\\/www.cde.ual.es\\\/nueva-convocatoria-de-practicas-en-el-parlamento-europeo\\\/#primaryimage\"},\"thumbnailUrl\":\"https:\\\/\\\/www.cde.ual.es\\\/wp-content\\\/uploads\\\/2018\\\/10\\\/000ed9a0-800.jpg\",\"keywords\":[\"Instituciones Europeas\",\"Parlamento Europeo\",\"pr\u00e1cticas\"],\"articleSection\":[\"Noticias UE\"],\"inLanguage\":\"en-US\",\"potentialAction\":[{\"@type\":\"CommentAction\",\"name\":\"Comment\",\"target\":[\"https:\\\/\\\/www.cde.ual.es\\\/nueva-convocatoria-de-practicas-en-el-parlamento-europeo\\\/#respond\"]}]},{\"@type\":\"WebPage\",\"@id\":\"https:\\\/\\\/www.cde.ual.es\\\/nueva-convocatoria-de-practicas-en-el-parlamento-europeo\\\/\",\"url\":\"https:\\\/\\\/www.cde.ual.es\\\/nueva-convocatoria-de-practicas-en-el-parlamento-europeo\\\/\",\"name\":\"Nueva convocatoria de pr\u00e1cticas en el Parlamento Europeo | CDE Almer\u00eda - Centro de Documentaci\u00f3n Europea - Universidad de Almer\u00eda\",\"isPartOf\":{\"@id\":\"https:\\\/\\\/www.cde.ual.es\\\/#website\"},\"primaryImageOfPage\":{\"@id\":\"https:\\\/\\\/www.cde.ual.es\\\/nueva-convocatoria-de-practicas-en-el-parlamento-europeo\\\/#primaryimage\"},\"image\":{\"@id\":\"https:\\\/\\\/www.cde.ual.es\\\/nueva-convocatoria-de-practicas-en-el-parlamento-europeo\\\/#primaryimage\"},\"thumbnailUrl\":\"https:\\\/\\\/www.cde.ual.es\\\/wp-content\\\/uploads\\\/2018\\\/10\\\/000ed9a0-800.jpg\",\"datePublished\":\"2018-10-02T07:00:52+00:00\",\"dateModified\":\"2018-10-03T07:01:38+00:00\",\"breadcrumb\":{\"@id\":\"https:\\\/\\\/www.cde.ual.es\\\/nueva-convocatoria-de-practicas-en-el-parlamento-europeo\\\/#breadcrumb\"},\"inLanguage\":\"en-US\",\"potentialAction\":[{\"@type\":\"ReadAction\",\"target\":[\"https:\\\/\\\/www.cde.ual.es\\\/nueva-convocatoria-de-practicas-en-el-parlamento-europeo\\\/\"]}]},{\"@type\":\"ImageObject\",\"inLanguage\":\"en-US\",\"@id\":\"https:\\\/\\\/www.cde.ual.es\\\/nueva-convocatoria-de-practicas-en-el-parlamento-europeo\\\/#primaryimage\",\"url\":\"https:\\\/\\\/www.cde.ual.es\\\/wp-content\\\/uploads\\\/2018\\\/10\\\/000ed9a0-800.jpg\",\"contentUrl\":\"https:\\\/\\\/www.cde.ual.es\\\/wp-content\\\/uploads\\\/2018\\\/10\\\/000ed9a0-800.jpg\",\"width\":800,\"height\":450},{\"@type\":\"BreadcrumbList\",\"@id\":\"https:\\\/\\\/www.cde.ual.es\\\/nueva-convocatoria-de-practicas-en-el-parlamento-europeo\\\/#breadcrumb\",\"itemListElement\":[{\"@type\":\"ListItem\",\"position\":1,\"name\":\"Inicio\",\"item\":\"https:\\\/\\\/www.cde.ual.es\\\/en\\\/\"},{\"@type\":\"ListItem\",\"position\":2,\"name\":\"Noticias UE\",\"item\":\"https:\\\/\\\/www.cde.ual.es\\\/category\\\/noticias-ue\\\/\"},{\"@type\":\"ListItem\",\"position\":3,\"name\":\"Nueva convocatoria de pr\u00e1cticas en el Parlamento Europeo\"}]},{\"@type\":\"WebSite\",\"@id\":\"https:\\\/\\\/www.cde.ual.es\\\/#website\",\"url\":\"https:\\\/\\\/www.cde.ual.es\\\/\",\"name\":\"CDE Almer\u00eda - Centro de Documentaci\u00f3n Europea - Universidad de Almer\u00eda\",\"description\":\"Centro de Documentaci\u00f3n Europea de la Universidad de Almer\u00eda\",\"publisher\":{\"@id\":\"https:\\\/\\\/www.cde.ual.es\\\/#organization\"},\"alternateName\":\"CDE Almer\u00eda\",\"potentialAction\":[{\"@type\":\"SearchAction\",\"target\":{\"@type\":\"EntryPoint\",\"urlTemplate\":\"https:\\\/\\\/www.cde.ual.es\\\/?s={search_term_string}\"},\"query-input\":{\"@type\":\"PropertyValueSpecification\",\"valueRequired\":true,\"valueName\":\"search_term_string\"}}],\"inLanguage\":\"en-US\"},{\"@type\":\"Organization\",\"@id\":\"https:\\\/\\\/www.cde.ual.es\\\/#organization\",\"name\":\"Centro de Documentaci\u00f3n Europea de Almer\u00eda\",\"url\":\"https:\\\/\\\/www.cde.ual.es\\\/\",\"logo\":{\"@type\":\"ImageObject\",\"inLanguage\":\"en-US\",\"@id\":\"https:\\\/\\\/www.cde.ual.es\\\/#\\\/schema\\\/logo\\\/image\\\/\",\"url\":\"https:\\\/\\\/www.cde.ual.es\\\/wp-content\\\/uploads\\\/2025\\\/07\\\/cde-logo-3.png\",\"contentUrl\":\"https:\\\/\\\/www.cde.ual.es\\\/wp-content\\\/uploads\\\/2025\\\/07\\\/cde-logo-3.png\",\"width\":1400,\"height\":300,\"caption\":\"Centro de Documentaci\u00f3n Europea de Almer\u00eda\"},\"image\":{\"@id\":\"https:\\\/\\\/www.cde.ual.es\\\/#\\\/schema\\\/logo\\\/image\\\/\"},\"sameAs\":[\"https:\\\/\\\/www.facebook.com\\\/cdeuniversidadalmeria\\\/\",\"https:\\\/\\\/x.com\\\/cdeualmeria\",\"https:\\\/\\\/www.tiktok.com\\\/@cdealmeria\",\"https:\\\/\\\/www.instagram.com\\\/cdealmeria\\\/\",\"https:\\\/\\\/www.linkedin.com\\\/in\\\/cde-almera-812b26a9\\\/\"]},{\"@type\":\"Person\",\"@id\":\"https:\\\/\\\/www.cde.ual.es\\\/#\\\/schema\\\/person\\\/ee46ebc19edfa19598c02cff83335acc\",\"name\":\"BECA 2 CDE\",\"image\":{\"@type\":\"ImageObject\",\"inLanguage\":\"en-US\",\"@id\":\"https:\\\/\\\/secure.gravatar.com\\\/avatar\\\/35a481bbc04bbd90e91bdfa3b0b5541036c222a49b9ad37b6889a2afcb5311a5?s=96&d=mm&r=g\",\"url\":\"https:\\\/\\\/secure.gravatar.com\\\/avatar\\\/35a481bbc04bbd90e91bdfa3b0b5541036c222a49b9ad37b6889a2afcb5311a5?s=96&d=mm&r=g\",\"contentUrl\":\"https:\\\/\\\/secure.gravatar.com\\\/avatar\\\/35a481bbc04bbd90e91bdfa3b0b5541036c222a49b9ad37b6889a2afcb5311a5?s=96&d=mm&r=g\",\"caption\":\"BECA 2 CDE\"},\"sameAs\":[\"http:\\\/\\\/www.cdealmeria.com\"]}]}<\/script>\n<!-- \/ Yoast SEO plugin. -->","yoast_head_json":{"title":"Nueva convocatoria de pr\u00e1cticas en el Parlamento Europeo | CDE Almer\u00eda - Centro de Documentaci\u00f3n Europea - Universidad de Almer\u00eda","robots":{"index":"index","follow":"follow","max-snippet":"max-snippet:-1","max-image-preview":"max-image-preview:large","max-video-preview":"max-video-preview:-1"},"canonical":"https:\/\/www.cde.ual.es\/nueva-convocatoria-de-practicas-en-el-parlamento-europeo\/","og_locale":"en_US","og_type":"article","og_title":"Nueva convocatoria de pr\u00e1cticas en el Parlamento Europeo | CDE Almer\u00eda - Centro de Documentaci\u00f3n Europea - Universidad de Almer\u00eda","og_description":"&nbsp; El Parlamento Europeo ofrece diferentes per\u00edodos de pr\u00e1cticas dentro de su Secretar\u00eda para contribuir a la formaci\u00f3n profesional de los j\u00f3venes ciudadanos y al entendimiento del funcionamiento de la instituci\u00f3n. Requisitos Los requisitos necesarios para optar a ellas, son: Ser ciudadano de un Estado miembro de la UE o de un pa\u00eds solicitante; Tener [&hellip;]","og_url":"https:\/\/www.cde.ual.es\/nueva-convocatoria-de-practicas-en-el-parlamento-europeo\/","og_site_name":"CDE Almer\u00eda - Centro de Documentaci\u00f3n Europea - Universidad de Almer\u00eda","article_publisher":"https:\/\/www.facebook.com\/cdeuniversidadalmeria\/","article_published_time":"2018-10-02T07:00:52+00:00","article_modified_time":"2018-10-03T07:01:38+00:00","og_image":[{"width":800,"height":450,"url":"https:\/\/www.cde.ual.es\/wp-content\/uploads\/2018\/10\/000ed9a0-800.jpg","type":"image\/jpeg"}],"author":"BECA 2 CDE","twitter_card":"summary_large_image","twitter_creator":"@cdeualmeria","twitter_site":"@cdeualmeria","twitter_misc":{"Written by":"BECA 2 CDE","Est. reading time":"1 minute"},"schema":{"@context":"https:\/\/schema.org","@graph":[{"@type":"Article","@id":"https:\/\/www.cde.ual.es\/nueva-convocatoria-de-practicas-en-el-parlamento-europeo\/#article","isPartOf":{"@id":"https:\/\/www.cde.ual.es\/nueva-convocatoria-de-practicas-en-el-parlamento-europeo\/"},"author":{"name":"BECA 2 CDE","@id":"https:\/\/www.cde.ual.es\/#\/schema\/person\/ee46ebc19edfa19598c02cff83335acc"},"headline":"Nueva convocatoria de pr\u00e1cticas en el Parlamento Europeo","datePublished":"2018-10-02T07:00:52+00:00","dateModified":"2018-10-03T07:01:38+00:00","mainEntityOfPage":{"@id":"https:\/\/www.cde.ual.es\/nueva-convocatoria-de-practicas-en-el-parlamento-europeo\/"},"wordCount":277,"commentCount":0,"publisher":{"@id":"https:\/\/www.cde.ual.es\/#organization"},"image":{"@id":"https:\/\/www.cde.ual.es\/nueva-convocatoria-de-practicas-en-el-parlamento-europeo\/#primaryimage"},"thumbnailUrl":"https:\/\/www.cde.ual.es\/wp-content\/uploads\/2018\/10\/000ed9a0-800.jpg","keywords":["Instituciones Europeas","Parlamento Europeo","pr\u00e1cticas"],"articleSection":["Noticias UE"],"inLanguage":"en-US","potentialAction":[{"@type":"CommentAction","name":"Comment","target":["https:\/\/www.cde.ual.es\/nueva-convocatoria-de-practicas-en-el-parlamento-europeo\/#respond"]}]},{"@type":"WebPage","@id":"https:\/\/www.cde.ual.es\/nueva-convocatoria-de-practicas-en-el-parlamento-europeo\/","url":"https:\/\/www.cde.ual.es\/nueva-convocatoria-de-practicas-en-el-parlamento-europeo\/","name":"Nueva convocatoria de pr\u00e1cticas en el Parlamento Europeo | CDE Almer\u00eda - Centro de Documentaci\u00f3n Europea - Universidad de Almer\u00eda","isPartOf":{"@id":"https:\/\/www.cde.ual.es\/#website"},"primaryImageOfPage":{"@id":"https:\/\/www.cde.ual.es\/nueva-convocatoria-de-practicas-en-el-parlamento-europeo\/#primaryimage"},"image":{"@id":"https:\/\/www.cde.ual.es\/nueva-convocatoria-de-practicas-en-el-parlamento-europeo\/#primaryimage"},"thumbnailUrl":"https:\/\/www.cde.ual.es\/wp-content\/uploads\/2018\/10\/000ed9a0-800.jpg","datePublished":"2018-10-02T07:00:52+00:00","dateModified":"2018-10-03T07:01:38+00:00","breadcrumb":{"@id":"https:\/\/www.cde.ual.es\/nueva-convocatoria-de-practicas-en-el-parlamento-europeo\/#breadcrumb"},"inLanguage":"en-US","potentialAction":[{"@type":"ReadAction","target":["https:\/\/www.cde.ual.es\/nueva-convocatoria-de-practicas-en-el-parlamento-europeo\/"]}]},{"@type":"ImageObject","inLanguage":"en-US","@id":"https:\/\/www.cde.ual.es\/nueva-convocatoria-de-practicas-en-el-parlamento-europeo\/#primaryimage","url":"https:\/\/www.cde.ual.es\/wp-content\/uploads\/2018\/10\/000ed9a0-800.jpg","contentUrl":"https:\/\/www.cde.ual.es\/wp-content\/uploads\/2018\/10\/000ed9a0-800.jpg","width":800,"height":450},{"@type":"BreadcrumbList","@id":"https:\/\/www.cde.ual.es\/nueva-convocatoria-de-practicas-en-el-parlamento-europeo\/#breadcrumb","itemListElement":[{"@type":"ListItem","position":1,"name":"Inicio","item":"https:\/\/www.cde.ual.es\/en\/"},{"@type":"ListItem","position":2,"name":"Noticias UE","item":"https:\/\/www.cde.ual.es\/category\/noticias-ue\/"},{"@type":"ListItem","position":3,"name":"Nueva convocatoria de pr\u00e1cticas en el Parlamento Europeo"}]},{"@type":"WebSite","@id":"https:\/\/www.cde.ual.es\/#website","url":"https:\/\/www.cde.ual.es\/","name":"CDE Almer\u00eda - Centro de Documentaci\u00f3n Europea - Universidad de Almer\u00eda","description":"Centro de Documentaci\u00f3n Europea de la Universidad de Almer\u00eda","publisher":{"@id":"https:\/\/www.cde.ual.es\/#organization"},"alternateName":"CDE Almer\u00eda","potentialAction":[{"@type":"SearchAction","target":{"@type":"EntryPoint","urlTemplate":"https:\/\/www.cde.ual.es\/?s={search_term_string}"},"query-input":{"@type":"PropertyValueSpecification","valueRequired":true,"valueName":"search_term_string"}}],"inLanguage":"en-US"},{"@type":"Organization","@id":"https:\/\/www.cde.ual.es\/#organization","name":"Centro de Documentaci\u00f3n Europea de Almer\u00eda","url":"https:\/\/www.cde.ual.es\/","logo":{"@type":"ImageObject","inLanguage":"en-US","@id":"https:\/\/www.cde.ual.es\/#\/schema\/logo\/image\/","url":"https:\/\/www.cde.ual.es\/wp-content\/uploads\/2025\/07\/cde-logo-3.png","contentUrl":"https:\/\/www.cde.ual.es\/wp-content\/uploads\/2025\/07\/cde-logo-3.png","width":1400,"height":300,"caption":"Centro de Documentaci\u00f3n Europea de Almer\u00eda"},"image":{"@id":"https:\/\/www.cde.ual.es\/#\/schema\/logo\/image\/"},"sameAs":["https:\/\/www.facebook.com\/cdeuniversidadalmeria\/","https:\/\/x.com\/cdeualmeria","https:\/\/www.tiktok.com\/@cdealmeria","https:\/\/www.instagram.com\/cdealmeria\/","https:\/\/www.linkedin.com\/in\/cde-almera-812b26a9\/"]},{"@type":"Person","@id":"https:\/\/www.cde.ual.es\/#\/schema\/person\/ee46ebc19edfa19598c02cff83335acc","name":"BECA 2 CDE","image":{"@type":"ImageObject","inLanguage":"en-US","@id":"https:\/\/secure.gravatar.com\/avatar\/35a481bbc04bbd90e91bdfa3b0b5541036c222a49b9ad37b6889a2afcb5311a5?s=96&d=mm&r=g","url":"https:\/\/secure.gravatar.com\/avatar\/35a481bbc04bbd90e91bdfa3b0b5541036c222a49b9ad37b6889a2afcb5311a5?s=96&d=mm&r=g","contentUrl":"https:\/\/secure.gravatar.com\/avatar\/35a481bbc04bbd90e91bdfa3b0b5541036c222a49b9ad37b6889a2afcb5311a5?s=96&d=mm&r=g","caption":"BECA 2 CDE"},"sameAs":["http:\/\/www.cdealmeria.com"]}]}},"_links":{"self":[{"href":"https:\/\/www.cde.ual.es\/en\/wp-json\/wp\/v2\/posts\/8741","targetHints":{"allow":["GET"]}}],"collection":[{"href":"https:\/\/www.cde.ual.es\/en\/wp-json\/wp\/v2\/posts"}],"about":[{"href":"https:\/\/www.cde.ual.es\/en\/wp-json\/wp\/v2\/types\/post"}],"author":[{"embeddable":true,"href":"https:\/\/www.cde.ual.es\/en\/wp-json\/wp\/v2\/users\/101011"}],"replies":[{"embeddable":true,"href":"https:\/\/www.cde.ual.es\/en\/wp-json\/wp\/v2\/comments?post=8741"}],"version-history":[{"count":0,"href":"https:\/\/www.cde.ual.es\/en\/wp-json\/wp\/v2\/posts\/8741\/revisions"}],"wp:featuredmedia":[{"embeddable":true,"href":"https:\/\/www.cde.ual.es\/en\/wp-json\/wp\/v2\/media\/8745"}],"wp:attachment":[{"href":"https:\/\/www.cde.ual.es\/en\/wp-json\/wp\/v2\/media?parent=8741"}],"wp:term":[{"taxonomy":"category","embeddable":true,"href":"https:\/\/www.cde.ual.es\/en\/wp-json\/wp\/v2\/categories?post=8741"},{"taxonomy":"post_tag","embeddable":true,"href":"https:\/\/www.cde.ual.es\/en\/wp-json\/wp\/v2\/tags?post=8741"}],"curies":[{"name":"wp","href":"https:\/\/api.w.org\/{rel}","templated":true}]}}