{"id":8715,"date":"2018-10-01T09:06:30","date_gmt":"2018-10-01T07:06:30","guid":{"rendered":"http:\/\/www.cde.ual.es\/?p=8715"},"modified":"2018-10-01T11:38:18","modified_gmt":"2018-10-01T09:38:18","slug":"la-iniciativa-spotlight","status":"publish","type":"post","link":"https:\/\/www.cde.ual.es\/en\/la-iniciativa-spotlight\/","title":{"rendered":"La Iniciativa Spotlight"},"content":{"rendered":"<p><a href=\"http:\/\/www.cde.ual.es\/wp-content\/uploads\/2018\/10\/Iniciativa-Spotlight.png\"><img decoding=\"async\" class=\"size-medium wp-image-8717 aligncenter\" src=\"http:\/\/www.cde.ual.es\/wp-content\/uploads\/2018\/10\/Iniciativa-Spotlight-300x216.png\" alt=\"\" width=\"300\" height=\"216\" srcset=\"https:\/\/www.cde.ual.es\/wp-content\/uploads\/2018\/10\/Iniciativa-Spotlight-300x216.png 300w, https:\/\/www.cde.ual.es\/wp-content\/uploads\/2018\/10\/Iniciativa-Spotlight-768x553.png 768w, https:\/\/www.cde.ual.es\/wp-content\/uploads\/2018\/10\/Iniciativa-Spotlight.png 940w\" sizes=\"(max-width: 300px) 100vw, 300px\" \/><\/a><\/p>\n<p class=\"site-header site-header-sm\"><em><strong><span class=\"event-date\">Para eliminar la violencia contra las mujeres y las ni\u00f1as<\/span>\u00a0<\/strong><\/em><\/p>\n<p>La Uni\u00f3n Europea (UE) y las Naciones Unidas se han embarcado en una nueva iniciativa global y plurianual orientada a eliminar todas las formas de violencia contra las mujeres y las ni\u00f1as: la Iniciativa Spotlight.<\/p>\n<p>La iniciativa se llama\u00a0<a href=\"http:\/\/www.un.org\/es\/spotlight-initiative\/\"><em>spotlight<\/em>\u00a0<\/a>porque llama la atenci\u00f3n sobre esta cuesti\u00f3n, sac\u00e1ndola a la luz p\u00fablica y convirti\u00e9ndola en el centro de todos los esfuerzos encaminados a hacer realidad la igualdad de g\u00e9nero y el empoderamiento de la mujer, en consonancia con la Agenda 2030 para el Desarrollo Sostenible. El nombre nos recuerda que, a menudo, la violencia tiene lugar en la oscuridad, se niega o se oculta y no puede sobrevivir a plena luz. Tambi\u00e9n pone de relieve la importancia de invertir de manera espec\u00edfica en las mujeres y las ni\u00f1as para alcanzar el desarrollo sostenible y hace visible este decidido y renovado compromiso de la Uni\u00f3n Europea y las Naciones Unidas.<\/p>\n<p>Se realizar\u00e1 una inversi\u00f3n inicial de 500 millones de euros en la que la Uni\u00f3n Europea ser\u00e1 el principal contribuyente. Adem\u00e1s, se invitar\u00e1 a otros donantes y asociados a que se sumen a la iniciativa con miras a ampliar su alcance y magnitud. Para llevarla a cabo se emplear\u00e1 un fondo fiduciario de m\u00faltiples interesados de las Naciones Unidas, administrado por la Oficina de los Fondos.<\/p>\n<p>La igualdad de g\u00e9nero y el empoderamiento de las mujeres y las ni\u00f1as son elementos esenciales de la Agenda 2030 para el Desarrollo Sostenible y resultan cruciales para su consecuci\u00f3n.<\/p>\n<p>M\u00e1s informaci\u00f3n:<\/p>\n<ul>\n<li><a href=\"http:\/\/herstoryourstory.net\/es\/\">Juego interactivo #SuHistoriaNuestraHistoria<\/a><\/li>\n<li><a href=\"http:\/\/www.un.org\/es\/spotlight-initiative\/assets\/pdf\/Spotlight_Overview.pdf\">Descarga el resumen de la Iniciativa Spotlight<\/a><\/li>\n<li><a href=\"http:\/\/www.un.org\/es\/spotlight-initiative\/assets\/pdf\/spotlight.faq.letter.02.pdf\">Preguntas m\u00e1s frecuentes<\/a><\/li>\n<li><a href=\"https:\/\/twitter.com\/hashtag\/SpotlightFindDeLaViolencia?src=hash\" target=\"_blank\" rel=\"noopener\">#SpotlightFindDeLaViolencia<\/a><\/li>\n<\/ul>\n<p>&nbsp;<\/p>\n<p><a href=\"http:\/\/www.un.org\/es\/spotlight-initiative\/index.shtml\"><img decoding=\"async\" class=\"img-responsive un-banner-logo pull-left aligncenter\" src=\"http:\/\/www.un.org\/en\/events\/global-assets\/img\/un-logo.png\" alt=\"UN logo\" \/><\/a><img decoding=\"async\" class=\"img-responsive eu-banner-logo pull-left aligncenter\" src=\"http:\/\/www.un.org\/es\/spotlight-initiative\/assets\/img\/eu_logo.png\" alt=\"EU logo\" \/><\/p>\n","protected":false},"excerpt":{"rendered":"<p>Para eliminar la violencia contra las mujeres y las ni\u00f1as\u00a0 La Uni\u00f3n Europea (UE) y las Naciones Unidas se han embarcado en una nueva iniciativa global y plurianual orientada a eliminar todas las formas de violencia contra las mujeres y las ni\u00f1as: la Iniciativa Spotlight. La iniciativa se llama\u00a0spotlight\u00a0porque llama la atenci\u00f3n sobre esta cuesti\u00f3n, [&hellip;]<\/p>\n","protected":false},"author":1,"featured_media":8717,"comment_status":"open","ping_status":"open","sticky":false,"template":"","format":"standard","meta":{"_acf_changed":false,"_relevanssi_hide_post":"","_relevanssi_hide_content":"","_relevanssi_pin_for_all":"","_relevanssi_pin_keywords":"","_relevanssi_unpin_keywords":"","_relevanssi_related_keywords":"","_relevanssi_related_include_ids":"","_relevanssi_related_exclude_ids":"","_relevanssi_related_no_append":"","_relevanssi_related_not_related":"","_relevanssi_related_posts":"","_relevanssi_noindex_reason":"","_monsterinsights_skip_tracking":false,"_monsterinsights_sitenote_active":false,"_monsterinsights_sitenote_note":"","_monsterinsights_sitenote_category":0,"_genesis_hide_title":false,"_genesis_hide_breadcrumbs":false,"_genesis_hide_singular_image":false,"_genesis_hide_footer_widgets":false,"_genesis_custom_body_class":"","_genesis_custom_post_class":"","_genesis_layout":"","footnotes":""},"categories":[96],"tags":[149,135],"class_list":{"0":"post-8715","1":"post","2":"type-post","3":"status-publish","4":"format-standard","5":"has-post-thumbnail","7":"category-noticias-ue","8":"tag-igualdad-de-genero","9":"tag-union-europea","10":"entry"},"acf":[],"yoast_head":"<!-- This site is optimized with the Yoast SEO plugin v27.5 - https:\/\/yoast.com\/product\/yoast-seo-wordpress\/ -->\n<title>La Iniciativa Spotlight | CDE Almer\u00eda - Centro de Documentaci\u00f3n Europea - Universidad de Almer\u00eda<\/title>\n<meta name=\"robots\" content=\"index, follow, max-snippet:-1, max-image-preview:large, max-video-preview:-1\" \/>\n<link rel=\"canonical\" href=\"https:\/\/www.cde.ual.es\/la-iniciativa-spotlight\/\" \/>\n<meta property=\"og:locale\" content=\"en_US\" \/>\n<meta property=\"og:type\" content=\"article\" \/>\n<meta property=\"og:title\" content=\"La Iniciativa Spotlight | CDE Almer\u00eda - Centro de Documentaci\u00f3n Europea - Universidad de Almer\u00eda\" \/>\n<meta property=\"og:description\" content=\"Para eliminar la violencia contra las mujeres y las ni\u00f1as\u00a0 La Uni\u00f3n Europea (UE) y las Naciones Unidas se han embarcado en una nueva iniciativa global y plurianual orientada a eliminar todas las formas de violencia contra las mujeres y las ni\u00f1as: la Iniciativa Spotlight. La iniciativa se llama\u00a0spotlight\u00a0porque llama la atenci\u00f3n sobre esta cuesti\u00f3n, [&hellip;]\" \/>\n<meta property=\"og:url\" content=\"https:\/\/www.cde.ual.es\/la-iniciativa-spotlight\/\" \/>\n<meta property=\"og:site_name\" content=\"CDE Almer\u00eda - Centro de Documentaci\u00f3n Europea - Universidad de Almer\u00eda\" \/>\n<meta property=\"article:publisher\" content=\"https:\/\/www.facebook.com\/cdeuniversidadalmeria\/\" \/>\n<meta property=\"article:published_time\" content=\"2018-10-01T07:06:30+00:00\" \/>\n<meta property=\"article:modified_time\" content=\"2018-10-01T09:38:18+00:00\" \/>\n<meta property=\"og:image\" content=\"https:\/\/www.cde.ual.es\/wp-content\/uploads\/2018\/10\/Iniciativa-Spotlight.png\" \/>\n\t<meta property=\"og:image:width\" content=\"940\" \/>\n\t<meta property=\"og:image:height\" content=\"677\" \/>\n\t<meta property=\"og:image:type\" content=\"image\/png\" \/>\n<meta name=\"author\" content=\"AdminCDE\" \/>\n<meta name=\"twitter:card\" content=\"summary_large_image\" \/>\n<meta name=\"twitter:creator\" content=\"@cdeualmeria\" \/>\n<meta name=\"twitter:site\" content=\"@cdeualmeria\" \/>\n<meta name=\"twitter:label1\" content=\"Written by\" \/>\n\t<meta name=\"twitter:data1\" content=\"AdminCDE\" \/>\n\t<meta name=\"twitter:label2\" content=\"Est. reading time\" \/>\n\t<meta name=\"twitter:data2\" content=\"1 minute\" \/>\n<script type=\"application\/ld+json\" class=\"yoast-schema-graph\">{\"@context\":\"https:\\\/\\\/schema.org\",\"@graph\":[{\"@type\":\"Article\",\"@id\":\"https:\\\/\\\/www.cde.ual.es\\\/la-iniciativa-spotlight\\\/#article\",\"isPartOf\":{\"@id\":\"https:\\\/\\\/www.cde.ual.es\\\/la-iniciativa-spotlight\\\/\"},\"author\":{\"name\":\"AdminCDE\",\"@id\":\"https:\\\/\\\/www.cde.ual.es\\\/#\\\/schema\\\/person\\\/224ef08c8bcc005f319d2713ce37ee5f\"},\"headline\":\"La Iniciativa Spotlight\",\"datePublished\":\"2018-10-01T07:06:30+00:00\",\"dateModified\":\"2018-10-01T09:38:18+00:00\",\"mainEntityOfPage\":{\"@id\":\"https:\\\/\\\/www.cde.ual.es\\\/la-iniciativa-spotlight\\\/\"},\"wordCount\":295,\"commentCount\":0,\"publisher\":{\"@id\":\"https:\\\/\\\/www.cde.ual.es\\\/#organization\"},\"image\":{\"@id\":\"https:\\\/\\\/www.cde.ual.es\\\/la-iniciativa-spotlight\\\/#primaryimage\"},\"thumbnailUrl\":\"https:\\\/\\\/www.cde.ual.es\\\/wp-content\\\/uploads\\\/2018\\\/10\\\/Iniciativa-Spotlight.png\",\"keywords\":[\"Igualdad de Genero\",\"Uni\u00f3n Europea\"],\"articleSection\":[\"Noticias UE\"],\"inLanguage\":\"en-US\",\"potentialAction\":[{\"@type\":\"CommentAction\",\"name\":\"Comment\",\"target\":[\"https:\\\/\\\/www.cde.ual.es\\\/la-iniciativa-spotlight\\\/#respond\"]}]},{\"@type\":\"WebPage\",\"@id\":\"https:\\\/\\\/www.cde.ual.es\\\/la-iniciativa-spotlight\\\/\",\"url\":\"https:\\\/\\\/www.cde.ual.es\\\/la-iniciativa-spotlight\\\/\",\"name\":\"La Iniciativa Spotlight | CDE Almer\u00eda - Centro de Documentaci\u00f3n Europea - Universidad de Almer\u00eda\",\"isPartOf\":{\"@id\":\"https:\\\/\\\/www.cde.ual.es\\\/#website\"},\"primaryImageOfPage\":{\"@id\":\"https:\\\/\\\/www.cde.ual.es\\\/la-iniciativa-spotlight\\\/#primaryimage\"},\"image\":{\"@id\":\"https:\\\/\\\/www.cde.ual.es\\\/la-iniciativa-spotlight\\\/#primaryimage\"},\"thumbnailUrl\":\"https:\\\/\\\/www.cde.ual.es\\\/wp-content\\\/uploads\\\/2018\\\/10\\\/Iniciativa-Spotlight.png\",\"datePublished\":\"2018-10-01T07:06:30+00:00\",\"dateModified\":\"2018-10-01T09:38:18+00:00\",\"breadcrumb\":{\"@id\":\"https:\\\/\\\/www.cde.ual.es\\\/la-iniciativa-spotlight\\\/#breadcrumb\"},\"inLanguage\":\"en-US\",\"potentialAction\":[{\"@type\":\"ReadAction\",\"target\":[\"https:\\\/\\\/www.cde.ual.es\\\/la-iniciativa-spotlight\\\/\"]}]},{\"@type\":\"ImageObject\",\"inLanguage\":\"en-US\",\"@id\":\"https:\\\/\\\/www.cde.ual.es\\\/la-iniciativa-spotlight\\\/#primaryimage\",\"url\":\"https:\\\/\\\/www.cde.ual.es\\\/wp-content\\\/uploads\\\/2018\\\/10\\\/Iniciativa-Spotlight.png\",\"contentUrl\":\"https:\\\/\\\/www.cde.ual.es\\\/wp-content\\\/uploads\\\/2018\\\/10\\\/Iniciativa-Spotlight.png\",\"width\":940,\"height\":677},{\"@type\":\"BreadcrumbList\",\"@id\":\"https:\\\/\\\/www.cde.ual.es\\\/la-iniciativa-spotlight\\\/#breadcrumb\",\"itemListElement\":[{\"@type\":\"ListItem\",\"position\":1,\"name\":\"Inicio\",\"item\":\"https:\\\/\\\/www.cde.ual.es\\\/en\\\/\"},{\"@type\":\"ListItem\",\"position\":2,\"name\":\"Noticias UE\",\"item\":\"https:\\\/\\\/www.cde.ual.es\\\/category\\\/noticias-ue\\\/\"},{\"@type\":\"ListItem\",\"position\":3,\"name\":\"La Iniciativa Spotlight\"}]},{\"@type\":\"WebSite\",\"@id\":\"https:\\\/\\\/www.cde.ual.es\\\/#website\",\"url\":\"https:\\\/\\\/www.cde.ual.es\\\/\",\"name\":\"CDE Almer\u00eda - Centro de Documentaci\u00f3n Europea - Universidad de Almer\u00eda\",\"description\":\"Centro de Documentaci\u00f3n Europea de la Universidad de Almer\u00eda\",\"publisher\":{\"@id\":\"https:\\\/\\\/www.cde.ual.es\\\/#organization\"},\"alternateName\":\"CDE Almer\u00eda\",\"potentialAction\":[{\"@type\":\"SearchAction\",\"target\":{\"@type\":\"EntryPoint\",\"urlTemplate\":\"https:\\\/\\\/www.cde.ual.es\\\/?s={search_term_string}\"},\"query-input\":{\"@type\":\"PropertyValueSpecification\",\"valueRequired\":true,\"valueName\":\"search_term_string\"}}],\"inLanguage\":\"en-US\"},{\"@type\":\"Organization\",\"@id\":\"https:\\\/\\\/www.cde.ual.es\\\/#organization\",\"name\":\"Centro de Documentaci\u00f3n Europea de Almer\u00eda\",\"url\":\"https:\\\/\\\/www.cde.ual.es\\\/\",\"logo\":{\"@type\":\"ImageObject\",\"inLanguage\":\"en-US\",\"@id\":\"https:\\\/\\\/www.cde.ual.es\\\/#\\\/schema\\\/logo\\\/image\\\/\",\"url\":\"https:\\\/\\\/www.cde.ual.es\\\/wp-content\\\/uploads\\\/2025\\\/07\\\/cde-logo-3.png\",\"contentUrl\":\"https:\\\/\\\/www.cde.ual.es\\\/wp-content\\\/uploads\\\/2025\\\/07\\\/cde-logo-3.png\",\"width\":1400,\"height\":300,\"caption\":\"Centro de Documentaci\u00f3n Europea de Almer\u00eda\"},\"image\":{\"@id\":\"https:\\\/\\\/www.cde.ual.es\\\/#\\\/schema\\\/logo\\\/image\\\/\"},\"sameAs\":[\"https:\\\/\\\/www.facebook.com\\\/cdeuniversidadalmeria\\\/\",\"https:\\\/\\\/x.com\\\/cdeualmeria\",\"https:\\\/\\\/www.tiktok.com\\\/@cdealmeria\",\"https:\\\/\\\/www.instagram.com\\\/cdealmeria\\\/\",\"https:\\\/\\\/www.linkedin.com\\\/in\\\/cde-almera-812b26a9\\\/\"]},{\"@type\":\"Person\",\"@id\":\"https:\\\/\\\/www.cde.ual.es\\\/#\\\/schema\\\/person\\\/224ef08c8bcc005f319d2713ce37ee5f\",\"name\":\"AdminCDE\",\"image\":{\"@type\":\"ImageObject\",\"inLanguage\":\"en-US\",\"@id\":\"https:\\\/\\\/secure.gravatar.com\\\/avatar\\\/a72d038d371f995cd13706fac32274b7952a52e8fb0a84b5f80c85426f2a98a8?s=96&d=mm&r=g\",\"url\":\"https:\\\/\\\/secure.gravatar.com\\\/avatar\\\/a72d038d371f995cd13706fac32274b7952a52e8fb0a84b5f80c85426f2a98a8?s=96&d=mm&r=g\",\"contentUrl\":\"https:\\\/\\\/secure.gravatar.com\\\/avatar\\\/a72d038d371f995cd13706fac32274b7952a52e8fb0a84b5f80c85426f2a98a8?s=96&d=mm&r=g\",\"caption\":\"AdminCDE\"}}]}<\/script>\n<!-- \/ Yoast SEO plugin. -->","yoast_head_json":{"title":"La Iniciativa Spotlight | CDE Almer\u00eda - Centro de Documentaci\u00f3n Europea - Universidad de Almer\u00eda","robots":{"index":"index","follow":"follow","max-snippet":"max-snippet:-1","max-image-preview":"max-image-preview:large","max-video-preview":"max-video-preview:-1"},"canonical":"https:\/\/www.cde.ual.es\/la-iniciativa-spotlight\/","og_locale":"en_US","og_type":"article","og_title":"La Iniciativa Spotlight | CDE Almer\u00eda - Centro de Documentaci\u00f3n Europea - Universidad de Almer\u00eda","og_description":"Para eliminar la violencia contra las mujeres y las ni\u00f1as\u00a0 La Uni\u00f3n Europea (UE) y las Naciones Unidas se han embarcado en una nueva iniciativa global y plurianual orientada a eliminar todas las formas de violencia contra las mujeres y las ni\u00f1as: la Iniciativa Spotlight. La iniciativa se llama\u00a0spotlight\u00a0porque llama la atenci\u00f3n sobre esta cuesti\u00f3n, [&hellip;]","og_url":"https:\/\/www.cde.ual.es\/la-iniciativa-spotlight\/","og_site_name":"CDE Almer\u00eda - Centro de Documentaci\u00f3n Europea - Universidad de Almer\u00eda","article_publisher":"https:\/\/www.facebook.com\/cdeuniversidadalmeria\/","article_published_time":"2018-10-01T07:06:30+00:00","article_modified_time":"2018-10-01T09:38:18+00:00","og_image":[{"width":940,"height":677,"url":"https:\/\/www.cde.ual.es\/wp-content\/uploads\/2018\/10\/Iniciativa-Spotlight.png","type":"image\/png"}],"author":"AdminCDE","twitter_card":"summary_large_image","twitter_creator":"@cdeualmeria","twitter_site":"@cdeualmeria","twitter_misc":{"Written by":"AdminCDE","Est. reading time":"1 minute"},"schema":{"@context":"https:\/\/schema.org","@graph":[{"@type":"Article","@id":"https:\/\/www.cde.ual.es\/la-iniciativa-spotlight\/#article","isPartOf":{"@id":"https:\/\/www.cde.ual.es\/la-iniciativa-spotlight\/"},"author":{"name":"AdminCDE","@id":"https:\/\/www.cde.ual.es\/#\/schema\/person\/224ef08c8bcc005f319d2713ce37ee5f"},"headline":"La Iniciativa Spotlight","datePublished":"2018-10-01T07:06:30+00:00","dateModified":"2018-10-01T09:38:18+00:00","mainEntityOfPage":{"@id":"https:\/\/www.cde.ual.es\/la-iniciativa-spotlight\/"},"wordCount":295,"commentCount":0,"publisher":{"@id":"https:\/\/www.cde.ual.es\/#organization"},"image":{"@id":"https:\/\/www.cde.ual.es\/la-iniciativa-spotlight\/#primaryimage"},"thumbnailUrl":"https:\/\/www.cde.ual.es\/wp-content\/uploads\/2018\/10\/Iniciativa-Spotlight.png","keywords":["Igualdad de Genero","Uni\u00f3n Europea"],"articleSection":["Noticias UE"],"inLanguage":"en-US","potentialAction":[{"@type":"CommentAction","name":"Comment","target":["https:\/\/www.cde.ual.es\/la-iniciativa-spotlight\/#respond"]}]},{"@type":"WebPage","@id":"https:\/\/www.cde.ual.es\/la-iniciativa-spotlight\/","url":"https:\/\/www.cde.ual.es\/la-iniciativa-spotlight\/","name":"La Iniciativa Spotlight | CDE Almer\u00eda - Centro de Documentaci\u00f3n Europea - Universidad de Almer\u00eda","isPartOf":{"@id":"https:\/\/www.cde.ual.es\/#website"},"primaryImageOfPage":{"@id":"https:\/\/www.cde.ual.es\/la-iniciativa-spotlight\/#primaryimage"},"image":{"@id":"https:\/\/www.cde.ual.es\/la-iniciativa-spotlight\/#primaryimage"},"thumbnailUrl":"https:\/\/www.cde.ual.es\/wp-content\/uploads\/2018\/10\/Iniciativa-Spotlight.png","datePublished":"2018-10-01T07:06:30+00:00","dateModified":"2018-10-01T09:38:18+00:00","breadcrumb":{"@id":"https:\/\/www.cde.ual.es\/la-iniciativa-spotlight\/#breadcrumb"},"inLanguage":"en-US","potentialAction":[{"@type":"ReadAction","target":["https:\/\/www.cde.ual.es\/la-iniciativa-spotlight\/"]}]},{"@type":"ImageObject","inLanguage":"en-US","@id":"https:\/\/www.cde.ual.es\/la-iniciativa-spotlight\/#primaryimage","url":"https:\/\/www.cde.ual.es\/wp-content\/uploads\/2018\/10\/Iniciativa-Spotlight.png","contentUrl":"https:\/\/www.cde.ual.es\/wp-content\/uploads\/2018\/10\/Iniciativa-Spotlight.png","width":940,"height":677},{"@type":"BreadcrumbList","@id":"https:\/\/www.cde.ual.es\/la-iniciativa-spotlight\/#breadcrumb","itemListElement":[{"@type":"ListItem","position":1,"name":"Inicio","item":"https:\/\/www.cde.ual.es\/en\/"},{"@type":"ListItem","position":2,"name":"Noticias UE","item":"https:\/\/www.cde.ual.es\/category\/noticias-ue\/"},{"@type":"ListItem","position":3,"name":"La Iniciativa Spotlight"}]},{"@type":"WebSite","@id":"https:\/\/www.cde.ual.es\/#website","url":"https:\/\/www.cde.ual.es\/","name":"CDE Almer\u00eda - Centro de Documentaci\u00f3n Europea - Universidad de Almer\u00eda","description":"Centro de Documentaci\u00f3n Europea de la Universidad de Almer\u00eda","publisher":{"@id":"https:\/\/www.cde.ual.es\/#organization"},"alternateName":"CDE Almer\u00eda","potentialAction":[{"@type":"SearchAction","target":{"@type":"EntryPoint","urlTemplate":"https:\/\/www.cde.ual.es\/?s={search_term_string}"},"query-input":{"@type":"PropertyValueSpecification","valueRequired":true,"valueName":"search_term_string"}}],"inLanguage":"en-US"},{"@type":"Organization","@id":"https:\/\/www.cde.ual.es\/#organization","name":"Centro de Documentaci\u00f3n Europea de Almer\u00eda","url":"https:\/\/www.cde.ual.es\/","logo":{"@type":"ImageObject","inLanguage":"en-US","@id":"https:\/\/www.cde.ual.es\/#\/schema\/logo\/image\/","url":"https:\/\/www.cde.ual.es\/wp-content\/uploads\/2025\/07\/cde-logo-3.png","contentUrl":"https:\/\/www.cde.ual.es\/wp-content\/uploads\/2025\/07\/cde-logo-3.png","width":1400,"height":300,"caption":"Centro de Documentaci\u00f3n Europea de Almer\u00eda"},"image":{"@id":"https:\/\/www.cde.ual.es\/#\/schema\/logo\/image\/"},"sameAs":["https:\/\/www.facebook.com\/cdeuniversidadalmeria\/","https:\/\/x.com\/cdeualmeria","https:\/\/www.tiktok.com\/@cdealmeria","https:\/\/www.instagram.com\/cdealmeria\/","https:\/\/www.linkedin.com\/in\/cde-almera-812b26a9\/"]},{"@type":"Person","@id":"https:\/\/www.cde.ual.es\/#\/schema\/person\/224ef08c8bcc005f319d2713ce37ee5f","name":"AdminCDE","image":{"@type":"ImageObject","inLanguage":"en-US","@id":"https:\/\/secure.gravatar.com\/avatar\/a72d038d371f995cd13706fac32274b7952a52e8fb0a84b5f80c85426f2a98a8?s=96&d=mm&r=g","url":"https:\/\/secure.gravatar.com\/avatar\/a72d038d371f995cd13706fac32274b7952a52e8fb0a84b5f80c85426f2a98a8?s=96&d=mm&r=g","contentUrl":"https:\/\/secure.gravatar.com\/avatar\/a72d038d371f995cd13706fac32274b7952a52e8fb0a84b5f80c85426f2a98a8?s=96&d=mm&r=g","caption":"AdminCDE"}}]}},"_links":{"self":[{"href":"https:\/\/www.cde.ual.es\/en\/wp-json\/wp\/v2\/posts\/8715","targetHints":{"allow":["GET"]}}],"collection":[{"href":"https:\/\/www.cde.ual.es\/en\/wp-json\/wp\/v2\/posts"}],"about":[{"href":"https:\/\/www.cde.ual.es\/en\/wp-json\/wp\/v2\/types\/post"}],"author":[{"embeddable":true,"href":"https:\/\/www.cde.ual.es\/en\/wp-json\/wp\/v2\/users\/1"}],"replies":[{"embeddable":true,"href":"https:\/\/www.cde.ual.es\/en\/wp-json\/wp\/v2\/comments?post=8715"}],"version-history":[{"count":0,"href":"https:\/\/www.cde.ual.es\/en\/wp-json\/wp\/v2\/posts\/8715\/revisions"}],"wp:featuredmedia":[{"embeddable":true,"href":"https:\/\/www.cde.ual.es\/en\/wp-json\/wp\/v2\/media\/8717"}],"wp:attachment":[{"href":"https:\/\/www.cde.ual.es\/en\/wp-json\/wp\/v2\/media?parent=8715"}],"wp:term":[{"taxonomy":"category","embeddable":true,"href":"https:\/\/www.cde.ual.es\/en\/wp-json\/wp\/v2\/categories?post=8715"},{"taxonomy":"post_tag","embeddable":true,"href":"https:\/\/www.cde.ual.es\/en\/wp-json\/wp\/v2\/tags?post=8715"}],"curies":[{"name":"wp","href":"https:\/\/api.w.org\/{rel}","templated":true}]}}