{"id":8712,"date":"2018-10-01T08:57:46","date_gmt":"2018-10-01T06:57:46","guid":{"rendered":"http:\/\/www.cde.ual.es\/?p=8712"},"modified":"2018-10-01T08:57:46","modified_gmt":"2018-10-01T06:57:46","slug":"los-lideres-del-parlamento-europeo-piden-que-continuen-las-negociaciones-sobre-la-actualizacion-del-registro-de-transparencia","status":"publish","type":"post","link":"https:\/\/www.cde.ual.es\/en\/los-lideres-del-parlamento-europeo-piden-que-continuen-las-negociaciones-sobre-la-actualizacion-del-registro-de-transparencia\/","title":{"rendered":"Los l\u00edderes del Parlamento Europeo piden que contin\u00faen las negociaciones sobre la actualizaci\u00f3n del Registro de transparencia"},"content":{"rendered":"<p><a href=\"http:\/\/www.cde.ual.es\/wp-content\/uploads\/2018\/10\/Registro-transparencia.png\"><img decoding=\"async\" class=\"size-medium wp-image-8713 aligncenter\" src=\"http:\/\/www.cde.ual.es\/wp-content\/uploads\/2018\/10\/Registro-transparencia-300x200.png\" alt=\"\" width=\"300\" height=\"200\" srcset=\"https:\/\/www.cde.ual.es\/wp-content\/uploads\/2018\/10\/Registro-transparencia-300x200.png 300w, https:\/\/www.cde.ual.es\/wp-content\/uploads\/2018\/10\/Registro-transparencia.png 759w\" sizes=\"(max-width: 300px) 100vw, 300px\" \/><\/a><\/p>\n<p>Los ciudadanos pueden y deben esperar que el proceso de toma de decisiones de la UE sea lo m\u00e1s transparente y abierto posible. Cuanto mayor es la apertura, m\u00e1s f\u00e1cil resulta garantizar una representaci\u00f3n equilibrada y evitar presiones abusivas y el acceso ileg\u00edtimo o privilegiado tanto a la informaci\u00f3n como a los responsables de la toma de decisiones. La transparencia es, a su vez, un elemento clave para fomentar la participaci\u00f3n activa de los ciudadanos europeos en la vida democr\u00e1tica de la UE.<\/p>\n<p>El Registro de Transparencia se ha creado para dar respuesta a preguntas b\u00e1sicas como qu\u00e9 intereses se persiguen, qui\u00e9n los defiende y con qu\u00e9 presupuesto. El sistema est\u00e1 gestionado conjuntamente por el Parlamento Europeo y la Comisi\u00f3n Europea.<\/p>\n<p><em><strong>\u00a0La Conferencia de Presidentes celebrada el d\u00eda 27 de septiembre respald\u00f3 las conversaciones continuas para un Registro Interinstitucional de Transparencia avalado por la presentaci\u00f3n de un informe de los principales negociadores.<\/strong><\/em><\/p>\n<p>Los principales negociadores del Parlamento, Sylvie Guillaume (Vicepresidenta del PE) y Danuta H\u00fcbner (Presidenta del Comit\u00e9 de Asuntos Constitucionales), informaron a los l\u00edderes del grupo de la intenci\u00f3n declarada de la Comisi\u00f3n de suspender las negociaciones sobre un Registro de transparencia actualizado. Acogieron con benepl\u00e1cito el apoyo de los grupos pol\u00edticos a favor de continuar las negociaciones interinstitucionales. Se acord\u00f3 que los organismos pertinentes en el PE acelerar\u00e1n sus esfuerzos para implementar medidas que aumenten la transparencia de las reuniones parlamentarias con los representantes de intereses, antes de las pr\u00f3ximas elecciones europeas. Los negociadores del Parlamento buscan aumentar la transparencia de la representaci\u00f3n de intereses en la toma de decisiones e incluir a las tres instituciones de la UE (el Parlamento Europeo, el Consejo de la Uni\u00f3n Europea y la Comisi\u00f3n Europea) en un esfuerzo com\u00fan para aumentar la confianza p\u00fablica.<\/p>\n<p>El paquete de medidas adicionales forma parte de las negociaciones interinstitucionales sobre el Registro de Transparencia y ya fue respaldado por la Conferencia de Presidentes del Parlamento Europeo (Presidente y l\u00edderes de grupos pol\u00edticos) antes del verano.<\/p>\n<h3>Antecedentes<\/h3>\n<p>Las negociaciones interinstitucionales sobre un Registro de transparencia obligatorio tienen como objetivo hacer que la representaci\u00f3n de los intereses en la toma de decisiones de la UE sea m\u00e1s transparente, mediante la introducci\u00f3n de ciertas condiciones para los representantes de los intereses en su interacci\u00f3n con las instituciones de la UE. El acuerdo incluir\u00eda las tres instituciones de la UE (el Parlamento Europeo, el Consejo de la Uni\u00f3n Europea y la Comisi\u00f3n Europea) en un esfuerzo conjunto para aumentar la confianza p\u00fablica en el proceso de toma de decisiones de la UE.<\/p>\n<p>El <a href=\"http:\/\/www.europarl.europa.eu\/RegData\/publications\/reg\/2017\/602260\/EP-PE_REG(2017)602260_XL.pdf\">mandato del Parlamento<\/a> busca fortalecer las normas existentes y eliminar las lagunas legales, de modo que el registro se convierta en obligatorio para cualquier representante de intereses que ingrese a sus instalaciones, hablando en sus reuniones p\u00fablicas o eventos de copatrocinio, con el objetivo de influir en la toma de decisiones de los eurodiputados.<\/p>\n<p>El mi\u00e9rcoles 27 de junio de 2018 se aprob\u00f3 un <a href=\"http:\/\/www.epgencms.europarl.europa.eu\/cmsdata\/upload\/0797dae0-9ac7-4df0-b8f7-de9c16a613ae\/2018_06_27_EP_transparency_package_-_proposals_to_strengthen_conditionality.pdf\">paquete de transparencia adicional<\/a> que incluye una declaraci\u00f3n p\u00fablica voluntaria para que los eurodiputados se comprometan a reunirse solo con representantes de intereses registrados, una herramienta para que publiquen dichas reuniones en la p\u00e1gina web de su Parlamento y aumenten el conocimiento de la herramienta de huella legislativa ya disponible para que los Miembros declaren sus aportes a los informes que ellos escriban. Despu\u00e9s de dos reuniones de negociaci\u00f3n pol\u00edtica, el 18 de julio de 2018, el Colegio de Comisionados otorg\u00f3 a su primer negociador, el Primer Vicepresidente Frans Timmermans, el mandato de suspender las negociaciones si el Parlamento Europeo y el Consejo no emulaban el enfoque de la Comisi\u00f3n sobre el principio de condicionalidad.<\/p>\n","protected":false},"excerpt":{"rendered":"<p>Los ciudadanos pueden y deben esperar que el proceso de toma de decisiones de la UE sea lo m\u00e1s transparente y abierto posible. Cuanto mayor es la apertura, m\u00e1s f\u00e1cil resulta garantizar una representaci\u00f3n equilibrada y evitar presiones abusivas y el acceso ileg\u00edtimo o privilegiado tanto a la informaci\u00f3n como a los responsables de la [&hellip;]<\/p>\n","protected":false},"author":1,"featured_media":8713,"comment_status":"open","ping_status":"open","sticky":false,"template":"","format":"standard","meta":{"_acf_changed":false,"_relevanssi_hide_post":"","_relevanssi_hide_content":"","_relevanssi_pin_for_all":"","_relevanssi_pin_keywords":"","_relevanssi_unpin_keywords":"","_relevanssi_related_keywords":"","_relevanssi_related_include_ids":"","_relevanssi_related_exclude_ids":"","_relevanssi_related_no_append":"","_relevanssi_related_not_related":"","_relevanssi_related_posts":"","_relevanssi_noindex_reason":"","_monsterinsights_skip_tracking":false,"_monsterinsights_sitenote_active":false,"_monsterinsights_sitenote_note":"","_monsterinsights_sitenote_category":0,"_genesis_hide_title":false,"_genesis_hide_breadcrumbs":false,"_genesis_hide_singular_image":false,"_genesis_hide_footer_widgets":false,"_genesis_custom_body_class":"","_genesis_custom_post_class":"","_genesis_layout":"","footnotes":""},"categories":[96],"tags":[135],"class_list":{"0":"post-8712","1":"post","2":"type-post","3":"status-publish","4":"format-standard","5":"has-post-thumbnail","7":"category-noticias-ue","8":"tag-union-europea","9":"entry"},"acf":[],"yoast_head":"<!-- This site is optimized with the Yoast SEO plugin v27.4 - https:\/\/yoast.com\/product\/yoast-seo-wordpress\/ -->\n<title>Los l\u00edderes del Parlamento Europeo piden que contin\u00faen las negociaciones sobre la actualizaci\u00f3n del Registro de transparencia | CDE Almer\u00eda - Centro de Documentaci\u00f3n Europea - Universidad de Almer\u00eda<\/title>\n<meta name=\"robots\" content=\"index, follow, max-snippet:-1, max-image-preview:large, max-video-preview:-1\" \/>\n<link rel=\"canonical\" href=\"https:\/\/www.cde.ual.es\/los-lideres-del-parlamento-europeo-piden-que-continuen-las-negociaciones-sobre-la-actualizacion-del-registro-de-transparencia\/\" \/>\n<meta property=\"og:locale\" content=\"en_US\" \/>\n<meta property=\"og:type\" content=\"article\" \/>\n<meta property=\"og:title\" content=\"Los l\u00edderes del Parlamento Europeo piden que contin\u00faen las negociaciones sobre la actualizaci\u00f3n del Registro de transparencia | CDE Almer\u00eda - Centro de Documentaci\u00f3n Europea - Universidad de Almer\u00eda\" \/>\n<meta property=\"og:description\" content=\"Los ciudadanos pueden y deben esperar que el proceso de toma de decisiones de la UE sea lo m\u00e1s transparente y abierto posible. Cuanto mayor es la apertura, m\u00e1s f\u00e1cil resulta garantizar una representaci\u00f3n equilibrada y evitar presiones abusivas y el acceso ileg\u00edtimo o privilegiado tanto a la informaci\u00f3n como a los responsables de la [&hellip;]\" \/>\n<meta property=\"og:url\" content=\"https:\/\/www.cde.ual.es\/los-lideres-del-parlamento-europeo-piden-que-continuen-las-negociaciones-sobre-la-actualizacion-del-registro-de-transparencia\/\" \/>\n<meta property=\"og:site_name\" content=\"CDE Almer\u00eda - Centro de Documentaci\u00f3n Europea - Universidad de Almer\u00eda\" \/>\n<meta property=\"article:publisher\" content=\"https:\/\/www.facebook.com\/cdeuniversidadalmeria\/\" \/>\n<meta property=\"article:published_time\" content=\"2018-10-01T06:57:46+00:00\" \/>\n<meta property=\"og:image\" content=\"https:\/\/www.cde.ual.es\/wp-content\/uploads\/2018\/10\/Registro-transparencia.png\" \/>\n\t<meta property=\"og:image:width\" content=\"759\" \/>\n\t<meta property=\"og:image:height\" content=\"505\" \/>\n\t<meta property=\"og:image:type\" content=\"image\/png\" \/>\n<meta name=\"author\" content=\"AdminCDE\" \/>\n<meta name=\"twitter:card\" content=\"summary_large_image\" \/>\n<meta name=\"twitter:creator\" content=\"@cdeualmeria\" \/>\n<meta name=\"twitter:site\" content=\"@cdeualmeria\" \/>\n<meta name=\"twitter:label1\" content=\"Written by\" \/>\n\t<meta name=\"twitter:data1\" content=\"AdminCDE\" \/>\n\t<meta name=\"twitter:label2\" content=\"Est. reading time\" \/>\n\t<meta name=\"twitter:data2\" content=\"3 minutes\" \/>\n<script type=\"application\/ld+json\" class=\"yoast-schema-graph\">{\"@context\":\"https:\\\/\\\/schema.org\",\"@graph\":[{\"@type\":\"Article\",\"@id\":\"https:\\\/\\\/www.cde.ual.es\\\/los-lideres-del-parlamento-europeo-piden-que-continuen-las-negociaciones-sobre-la-actualizacion-del-registro-de-transparencia\\\/#article\",\"isPartOf\":{\"@id\":\"https:\\\/\\\/www.cde.ual.es\\\/los-lideres-del-parlamento-europeo-piden-que-continuen-las-negociaciones-sobre-la-actualizacion-del-registro-de-transparencia\\\/\"},\"author\":{\"name\":\"AdminCDE\",\"@id\":\"https:\\\/\\\/www.cde.ual.es\\\/#\\\/schema\\\/person\\\/224ef08c8bcc005f319d2713ce37ee5f\"},\"headline\":\"Los l\u00edderes del Parlamento Europeo piden que contin\u00faen las negociaciones sobre la actualizaci\u00f3n del Registro de transparencia\",\"datePublished\":\"2018-10-01T06:57:46+00:00\",\"mainEntityOfPage\":{\"@id\":\"https:\\\/\\\/www.cde.ual.es\\\/los-lideres-del-parlamento-europeo-piden-que-continuen-las-negociaciones-sobre-la-actualizacion-del-registro-de-transparencia\\\/\"},\"wordCount\":663,\"commentCount\":0,\"publisher\":{\"@id\":\"https:\\\/\\\/www.cde.ual.es\\\/#organization\"},\"image\":{\"@id\":\"https:\\\/\\\/www.cde.ual.es\\\/los-lideres-del-parlamento-europeo-piden-que-continuen-las-negociaciones-sobre-la-actualizacion-del-registro-de-transparencia\\\/#primaryimage\"},\"thumbnailUrl\":\"https:\\\/\\\/www.cde.ual.es\\\/wp-content\\\/uploads\\\/2018\\\/10\\\/Registro-transparencia.png\",\"keywords\":[\"Uni\u00f3n Europea\"],\"articleSection\":[\"Noticias UE\"],\"inLanguage\":\"en-US\",\"potentialAction\":[{\"@type\":\"CommentAction\",\"name\":\"Comment\",\"target\":[\"https:\\\/\\\/www.cde.ual.es\\\/los-lideres-del-parlamento-europeo-piden-que-continuen-las-negociaciones-sobre-la-actualizacion-del-registro-de-transparencia\\\/#respond\"]}]},{\"@type\":\"WebPage\",\"@id\":\"https:\\\/\\\/www.cde.ual.es\\\/los-lideres-del-parlamento-europeo-piden-que-continuen-las-negociaciones-sobre-la-actualizacion-del-registro-de-transparencia\\\/\",\"url\":\"https:\\\/\\\/www.cde.ual.es\\\/los-lideres-del-parlamento-europeo-piden-que-continuen-las-negociaciones-sobre-la-actualizacion-del-registro-de-transparencia\\\/\",\"name\":\"Los l\u00edderes del Parlamento Europeo piden que contin\u00faen las negociaciones sobre la actualizaci\u00f3n del Registro de transparencia | CDE Almer\u00eda - Centro de Documentaci\u00f3n Europea - Universidad de Almer\u00eda\",\"isPartOf\":{\"@id\":\"https:\\\/\\\/www.cde.ual.es\\\/#website\"},\"primaryImageOfPage\":{\"@id\":\"https:\\\/\\\/www.cde.ual.es\\\/los-lideres-del-parlamento-europeo-piden-que-continuen-las-negociaciones-sobre-la-actualizacion-del-registro-de-transparencia\\\/#primaryimage\"},\"image\":{\"@id\":\"https:\\\/\\\/www.cde.ual.es\\\/los-lideres-del-parlamento-europeo-piden-que-continuen-las-negociaciones-sobre-la-actualizacion-del-registro-de-transparencia\\\/#primaryimage\"},\"thumbnailUrl\":\"https:\\\/\\\/www.cde.ual.es\\\/wp-content\\\/uploads\\\/2018\\\/10\\\/Registro-transparencia.png\",\"datePublished\":\"2018-10-01T06:57:46+00:00\",\"breadcrumb\":{\"@id\":\"https:\\\/\\\/www.cde.ual.es\\\/los-lideres-del-parlamento-europeo-piden-que-continuen-las-negociaciones-sobre-la-actualizacion-del-registro-de-transparencia\\\/#breadcrumb\"},\"inLanguage\":\"en-US\",\"potentialAction\":[{\"@type\":\"ReadAction\",\"target\":[\"https:\\\/\\\/www.cde.ual.es\\\/los-lideres-del-parlamento-europeo-piden-que-continuen-las-negociaciones-sobre-la-actualizacion-del-registro-de-transparencia\\\/\"]}]},{\"@type\":\"ImageObject\",\"inLanguage\":\"en-US\",\"@id\":\"https:\\\/\\\/www.cde.ual.es\\\/los-lideres-del-parlamento-europeo-piden-que-continuen-las-negociaciones-sobre-la-actualizacion-del-registro-de-transparencia\\\/#primaryimage\",\"url\":\"https:\\\/\\\/www.cde.ual.es\\\/wp-content\\\/uploads\\\/2018\\\/10\\\/Registro-transparencia.png\",\"contentUrl\":\"https:\\\/\\\/www.cde.ual.es\\\/wp-content\\\/uploads\\\/2018\\\/10\\\/Registro-transparencia.png\",\"width\":759,\"height\":505},{\"@type\":\"BreadcrumbList\",\"@id\":\"https:\\\/\\\/www.cde.ual.es\\\/los-lideres-del-parlamento-europeo-piden-que-continuen-las-negociaciones-sobre-la-actualizacion-del-registro-de-transparencia\\\/#breadcrumb\",\"itemListElement\":[{\"@type\":\"ListItem\",\"position\":1,\"name\":\"Inicio\",\"item\":\"https:\\\/\\\/www.cde.ual.es\\\/en\\\/\"},{\"@type\":\"ListItem\",\"position\":2,\"name\":\"Noticias UE\",\"item\":\"https:\\\/\\\/www.cde.ual.es\\\/category\\\/noticias-ue\\\/\"},{\"@type\":\"ListItem\",\"position\":3,\"name\":\"Los l\u00edderes del Parlamento Europeo piden que contin\u00faen las negociaciones sobre la actualizaci\u00f3n del Registro de transparencia\"}]},{\"@type\":\"WebSite\",\"@id\":\"https:\\\/\\\/www.cde.ual.es\\\/#website\",\"url\":\"https:\\\/\\\/www.cde.ual.es\\\/\",\"name\":\"CDE Almer\u00eda - Centro de Documentaci\u00f3n Europea - Universidad de Almer\u00eda\",\"description\":\"Centro de Documentaci\u00f3n Europea de la Universidad de Almer\u00eda\",\"publisher\":{\"@id\":\"https:\\\/\\\/www.cde.ual.es\\\/#organization\"},\"alternateName\":\"CDE Almer\u00eda\",\"potentialAction\":[{\"@type\":\"SearchAction\",\"target\":{\"@type\":\"EntryPoint\",\"urlTemplate\":\"https:\\\/\\\/www.cde.ual.es\\\/?s={search_term_string}\"},\"query-input\":{\"@type\":\"PropertyValueSpecification\",\"valueRequired\":true,\"valueName\":\"search_term_string\"}}],\"inLanguage\":\"en-US\"},{\"@type\":\"Organization\",\"@id\":\"https:\\\/\\\/www.cde.ual.es\\\/#organization\",\"name\":\"Centro de Documentaci\u00f3n Europea de Almer\u00eda\",\"url\":\"https:\\\/\\\/www.cde.ual.es\\\/\",\"logo\":{\"@type\":\"ImageObject\",\"inLanguage\":\"en-US\",\"@id\":\"https:\\\/\\\/www.cde.ual.es\\\/#\\\/schema\\\/logo\\\/image\\\/\",\"url\":\"https:\\\/\\\/www.cde.ual.es\\\/wp-content\\\/uploads\\\/2025\\\/07\\\/cde-logo-3.png\",\"contentUrl\":\"https:\\\/\\\/www.cde.ual.es\\\/wp-content\\\/uploads\\\/2025\\\/07\\\/cde-logo-3.png\",\"width\":1400,\"height\":300,\"caption\":\"Centro de Documentaci\u00f3n Europea de Almer\u00eda\"},\"image\":{\"@id\":\"https:\\\/\\\/www.cde.ual.es\\\/#\\\/schema\\\/logo\\\/image\\\/\"},\"sameAs\":[\"https:\\\/\\\/www.facebook.com\\\/cdeuniversidadalmeria\\\/\",\"https:\\\/\\\/x.com\\\/cdeualmeria\",\"https:\\\/\\\/www.tiktok.com\\\/@cdealmeria\",\"https:\\\/\\\/www.instagram.com\\\/cdealmeria\\\/\",\"https:\\\/\\\/www.linkedin.com\\\/in\\\/cde-almera-812b26a9\\\/\"]},{\"@type\":\"Person\",\"@id\":\"https:\\\/\\\/www.cde.ual.es\\\/#\\\/schema\\\/person\\\/224ef08c8bcc005f319d2713ce37ee5f\",\"name\":\"AdminCDE\",\"image\":{\"@type\":\"ImageObject\",\"inLanguage\":\"en-US\",\"@id\":\"https:\\\/\\\/secure.gravatar.com\\\/avatar\\\/a72d038d371f995cd13706fac32274b7952a52e8fb0a84b5f80c85426f2a98a8?s=96&d=mm&r=g\",\"url\":\"https:\\\/\\\/secure.gravatar.com\\\/avatar\\\/a72d038d371f995cd13706fac32274b7952a52e8fb0a84b5f80c85426f2a98a8?s=96&d=mm&r=g\",\"contentUrl\":\"https:\\\/\\\/secure.gravatar.com\\\/avatar\\\/a72d038d371f995cd13706fac32274b7952a52e8fb0a84b5f80c85426f2a98a8?s=96&d=mm&r=g\",\"caption\":\"AdminCDE\"}}]}<\/script>\n<!-- \/ Yoast SEO plugin. -->","yoast_head_json":{"title":"Los l\u00edderes del Parlamento Europeo piden que contin\u00faen las negociaciones sobre la actualizaci\u00f3n del Registro de transparencia | CDE Almer\u00eda - Centro de Documentaci\u00f3n Europea - Universidad de Almer\u00eda","robots":{"index":"index","follow":"follow","max-snippet":"max-snippet:-1","max-image-preview":"max-image-preview:large","max-video-preview":"max-video-preview:-1"},"canonical":"https:\/\/www.cde.ual.es\/los-lideres-del-parlamento-europeo-piden-que-continuen-las-negociaciones-sobre-la-actualizacion-del-registro-de-transparencia\/","og_locale":"en_US","og_type":"article","og_title":"Los l\u00edderes del Parlamento Europeo piden que contin\u00faen las negociaciones sobre la actualizaci\u00f3n del Registro de transparencia | CDE Almer\u00eda - Centro de Documentaci\u00f3n Europea - Universidad de Almer\u00eda","og_description":"Los ciudadanos pueden y deben esperar que el proceso de toma de decisiones de la UE sea lo m\u00e1s transparente y abierto posible. Cuanto mayor es la apertura, m\u00e1s f\u00e1cil resulta garantizar una representaci\u00f3n equilibrada y evitar presiones abusivas y el acceso ileg\u00edtimo o privilegiado tanto a la informaci\u00f3n como a los responsables de la [&hellip;]","og_url":"https:\/\/www.cde.ual.es\/los-lideres-del-parlamento-europeo-piden-que-continuen-las-negociaciones-sobre-la-actualizacion-del-registro-de-transparencia\/","og_site_name":"CDE Almer\u00eda - Centro de Documentaci\u00f3n Europea - Universidad de Almer\u00eda","article_publisher":"https:\/\/www.facebook.com\/cdeuniversidadalmeria\/","article_published_time":"2018-10-01T06:57:46+00:00","og_image":[{"width":759,"height":505,"url":"https:\/\/www.cde.ual.es\/wp-content\/uploads\/2018\/10\/Registro-transparencia.png","type":"image\/png"}],"author":"AdminCDE","twitter_card":"summary_large_image","twitter_creator":"@cdeualmeria","twitter_site":"@cdeualmeria","twitter_misc":{"Written by":"AdminCDE","Est. reading time":"3 minutes"},"schema":{"@context":"https:\/\/schema.org","@graph":[{"@type":"Article","@id":"https:\/\/www.cde.ual.es\/los-lideres-del-parlamento-europeo-piden-que-continuen-las-negociaciones-sobre-la-actualizacion-del-registro-de-transparencia\/#article","isPartOf":{"@id":"https:\/\/www.cde.ual.es\/los-lideres-del-parlamento-europeo-piden-que-continuen-las-negociaciones-sobre-la-actualizacion-del-registro-de-transparencia\/"},"author":{"name":"AdminCDE","@id":"https:\/\/www.cde.ual.es\/#\/schema\/person\/224ef08c8bcc005f319d2713ce37ee5f"},"headline":"Los l\u00edderes del Parlamento Europeo piden que contin\u00faen las negociaciones sobre la actualizaci\u00f3n del Registro de transparencia","datePublished":"2018-10-01T06:57:46+00:00","mainEntityOfPage":{"@id":"https:\/\/www.cde.ual.es\/los-lideres-del-parlamento-europeo-piden-que-continuen-las-negociaciones-sobre-la-actualizacion-del-registro-de-transparencia\/"},"wordCount":663,"commentCount":0,"publisher":{"@id":"https:\/\/www.cde.ual.es\/#organization"},"image":{"@id":"https:\/\/www.cde.ual.es\/los-lideres-del-parlamento-europeo-piden-que-continuen-las-negociaciones-sobre-la-actualizacion-del-registro-de-transparencia\/#primaryimage"},"thumbnailUrl":"https:\/\/www.cde.ual.es\/wp-content\/uploads\/2018\/10\/Registro-transparencia.png","keywords":["Uni\u00f3n Europea"],"articleSection":["Noticias UE"],"inLanguage":"en-US","potentialAction":[{"@type":"CommentAction","name":"Comment","target":["https:\/\/www.cde.ual.es\/los-lideres-del-parlamento-europeo-piden-que-continuen-las-negociaciones-sobre-la-actualizacion-del-registro-de-transparencia\/#respond"]}]},{"@type":"WebPage","@id":"https:\/\/www.cde.ual.es\/los-lideres-del-parlamento-europeo-piden-que-continuen-las-negociaciones-sobre-la-actualizacion-del-registro-de-transparencia\/","url":"https:\/\/www.cde.ual.es\/los-lideres-del-parlamento-europeo-piden-que-continuen-las-negociaciones-sobre-la-actualizacion-del-registro-de-transparencia\/","name":"Los l\u00edderes del Parlamento Europeo piden que contin\u00faen las negociaciones sobre la actualizaci\u00f3n del Registro de transparencia | CDE Almer\u00eda - Centro de Documentaci\u00f3n Europea - Universidad de Almer\u00eda","isPartOf":{"@id":"https:\/\/www.cde.ual.es\/#website"},"primaryImageOfPage":{"@id":"https:\/\/www.cde.ual.es\/los-lideres-del-parlamento-europeo-piden-que-continuen-las-negociaciones-sobre-la-actualizacion-del-registro-de-transparencia\/#primaryimage"},"image":{"@id":"https:\/\/www.cde.ual.es\/los-lideres-del-parlamento-europeo-piden-que-continuen-las-negociaciones-sobre-la-actualizacion-del-registro-de-transparencia\/#primaryimage"},"thumbnailUrl":"https:\/\/www.cde.ual.es\/wp-content\/uploads\/2018\/10\/Registro-transparencia.png","datePublished":"2018-10-01T06:57:46+00:00","breadcrumb":{"@id":"https:\/\/www.cde.ual.es\/los-lideres-del-parlamento-europeo-piden-que-continuen-las-negociaciones-sobre-la-actualizacion-del-registro-de-transparencia\/#breadcrumb"},"inLanguage":"en-US","potentialAction":[{"@type":"ReadAction","target":["https:\/\/www.cde.ual.es\/los-lideres-del-parlamento-europeo-piden-que-continuen-las-negociaciones-sobre-la-actualizacion-del-registro-de-transparencia\/"]}]},{"@type":"ImageObject","inLanguage":"en-US","@id":"https:\/\/www.cde.ual.es\/los-lideres-del-parlamento-europeo-piden-que-continuen-las-negociaciones-sobre-la-actualizacion-del-registro-de-transparencia\/#primaryimage","url":"https:\/\/www.cde.ual.es\/wp-content\/uploads\/2018\/10\/Registro-transparencia.png","contentUrl":"https:\/\/www.cde.ual.es\/wp-content\/uploads\/2018\/10\/Registro-transparencia.png","width":759,"height":505},{"@type":"BreadcrumbList","@id":"https:\/\/www.cde.ual.es\/los-lideres-del-parlamento-europeo-piden-que-continuen-las-negociaciones-sobre-la-actualizacion-del-registro-de-transparencia\/#breadcrumb","itemListElement":[{"@type":"ListItem","position":1,"name":"Inicio","item":"https:\/\/www.cde.ual.es\/en\/"},{"@type":"ListItem","position":2,"name":"Noticias UE","item":"https:\/\/www.cde.ual.es\/category\/noticias-ue\/"},{"@type":"ListItem","position":3,"name":"Los l\u00edderes del Parlamento Europeo piden que contin\u00faen las negociaciones sobre la actualizaci\u00f3n del Registro de transparencia"}]},{"@type":"WebSite","@id":"https:\/\/www.cde.ual.es\/#website","url":"https:\/\/www.cde.ual.es\/","name":"CDE Almer\u00eda - Centro de Documentaci\u00f3n Europea - Universidad de Almer\u00eda","description":"Centro de Documentaci\u00f3n Europea de la Universidad de Almer\u00eda","publisher":{"@id":"https:\/\/www.cde.ual.es\/#organization"},"alternateName":"CDE Almer\u00eda","potentialAction":[{"@type":"SearchAction","target":{"@type":"EntryPoint","urlTemplate":"https:\/\/www.cde.ual.es\/?s={search_term_string}"},"query-input":{"@type":"PropertyValueSpecification","valueRequired":true,"valueName":"search_term_string"}}],"inLanguage":"en-US"},{"@type":"Organization","@id":"https:\/\/www.cde.ual.es\/#organization","name":"Centro de Documentaci\u00f3n Europea de Almer\u00eda","url":"https:\/\/www.cde.ual.es\/","logo":{"@type":"ImageObject","inLanguage":"en-US","@id":"https:\/\/www.cde.ual.es\/#\/schema\/logo\/image\/","url":"https:\/\/www.cde.ual.es\/wp-content\/uploads\/2025\/07\/cde-logo-3.png","contentUrl":"https:\/\/www.cde.ual.es\/wp-content\/uploads\/2025\/07\/cde-logo-3.png","width":1400,"height":300,"caption":"Centro de Documentaci\u00f3n Europea de Almer\u00eda"},"image":{"@id":"https:\/\/www.cde.ual.es\/#\/schema\/logo\/image\/"},"sameAs":["https:\/\/www.facebook.com\/cdeuniversidadalmeria\/","https:\/\/x.com\/cdeualmeria","https:\/\/www.tiktok.com\/@cdealmeria","https:\/\/www.instagram.com\/cdealmeria\/","https:\/\/www.linkedin.com\/in\/cde-almera-812b26a9\/"]},{"@type":"Person","@id":"https:\/\/www.cde.ual.es\/#\/schema\/person\/224ef08c8bcc005f319d2713ce37ee5f","name":"AdminCDE","image":{"@type":"ImageObject","inLanguage":"en-US","@id":"https:\/\/secure.gravatar.com\/avatar\/a72d038d371f995cd13706fac32274b7952a52e8fb0a84b5f80c85426f2a98a8?s=96&d=mm&r=g","url":"https:\/\/secure.gravatar.com\/avatar\/a72d038d371f995cd13706fac32274b7952a52e8fb0a84b5f80c85426f2a98a8?s=96&d=mm&r=g","contentUrl":"https:\/\/secure.gravatar.com\/avatar\/a72d038d371f995cd13706fac32274b7952a52e8fb0a84b5f80c85426f2a98a8?s=96&d=mm&r=g","caption":"AdminCDE"}}]}},"_links":{"self":[{"href":"https:\/\/www.cde.ual.es\/en\/wp-json\/wp\/v2\/posts\/8712","targetHints":{"allow":["GET"]}}],"collection":[{"href":"https:\/\/www.cde.ual.es\/en\/wp-json\/wp\/v2\/posts"}],"about":[{"href":"https:\/\/www.cde.ual.es\/en\/wp-json\/wp\/v2\/types\/post"}],"author":[{"embeddable":true,"href":"https:\/\/www.cde.ual.es\/en\/wp-json\/wp\/v2\/users\/1"}],"replies":[{"embeddable":true,"href":"https:\/\/www.cde.ual.es\/en\/wp-json\/wp\/v2\/comments?post=8712"}],"version-history":[{"count":0,"href":"https:\/\/www.cde.ual.es\/en\/wp-json\/wp\/v2\/posts\/8712\/revisions"}],"wp:featuredmedia":[{"embeddable":true,"href":"https:\/\/www.cde.ual.es\/en\/wp-json\/wp\/v2\/media\/8713"}],"wp:attachment":[{"href":"https:\/\/www.cde.ual.es\/en\/wp-json\/wp\/v2\/media?parent=8712"}],"wp:term":[{"taxonomy":"category","embeddable":true,"href":"https:\/\/www.cde.ual.es\/en\/wp-json\/wp\/v2\/categories?post=8712"},{"taxonomy":"post_tag","embeddable":true,"href":"https:\/\/www.cde.ual.es\/en\/wp-json\/wp\/v2\/tags?post=8712"}],"curies":[{"name":"wp","href":"https:\/\/api.w.org\/{rel}","templated":true}]}}