{"id":8683,"date":"2018-09-28T08:51:20","date_gmt":"2018-09-28T06:51:20","guid":{"rendered":"http:\/\/www.cde.ual.es\/?p=8683"},"modified":"2018-09-28T08:52:11","modified_gmt":"2018-09-28T06:52:11","slug":"presupuesto-de-la-ue-para-2019-los-diputados-al-parlamento-europeo-aumentan-los-fondos-destinados-a-los-jovenes-la-migracion-y-la-investigacion","status":"publish","type":"post","link":"https:\/\/www.cde.ual.es\/en\/presupuesto-de-la-ue-para-2019-los-diputados-al-parlamento-europeo-aumentan-los-fondos-destinados-a-los-jovenes-la-migracion-y-la-investigacion\/","title":{"rendered":"Presupuesto de la UE para 2019: los diputados al Parlamento Europeo aumentan los fondos destinados a los j\u00f3venes, la migraci\u00f3n y la investigaci\u00f3n"},"content":{"rendered":"<p><a href=\"http:\/\/www.cde.ual.es\/wp-content\/uploads\/2018\/05\/Presupuesto-2021-2027.jpg\"><img decoding=\"async\" class=\"size-medium wp-image-4188 aligncenter\" src=\"http:\/\/www.cde.ual.es\/wp-content\/uploads\/2018\/05\/Presupuesto-2021-2027-300x169.jpg\" alt=\"\" width=\"300\" height=\"169\" srcset=\"https:\/\/www.cde.ual.es\/wp-content\/uploads\/2018\/05\/Presupuesto-2021-2027-300x169.jpg 300w, https:\/\/www.cde.ual.es\/wp-content\/uploads\/2018\/05\/Presupuesto-2021-2027-768x432.jpg 768w, https:\/\/www.cde.ual.es\/wp-content\/uploads\/2018\/05\/Presupuesto-2021-2027-1024x576.jpg 1024w, https:\/\/www.cde.ual.es\/wp-content\/uploads\/2018\/05\/Presupuesto-2021-2027.jpg 1200w\" sizes=\"(max-width: 300px) 100vw, 300px\" \/><\/a><\/p>\n<p><em><strong>La Comisi\u00f3n de Presupuestos ha impulsado los fondos para Erasmus +, la protecci\u00f3n del clima, la investigaci\u00f3n, la lucha contra la migraci\u00f3n y el desempleo juvenil.<\/strong><\/em><\/p>\n<p>Los eurodiputados del presupuesto aumentaron los fondos Erasmus + y restablecieron los presupuestos para las inversiones en infraestructuras, as\u00ed como Horizonte 2020, el programa de investigaci\u00f3n de la UE.<\/p>\n<p>El martes y el mi\u00e9rcoles, votaron a trav\u00e9s de un presupuesto total de \u20ac 166.3 mil millones en compromisos, que es \u20ac 717 millones m\u00e1s que la propuesta original de la Comisi\u00f3n Europea.<\/p>\n<p>En cuanto a los pagos, los eurodiputados del Comit\u00e9 de Presupuestos los fijaron en 149 300 millones de euros (la propuesta original de la Comisi\u00f3n fue de 148 700 millones de euros en pagos). Las cifras incluyen los <a href=\"http:\/\/ec.europa.eu\/budget\/mff\/flexibility\/index_en.cfm\">instrumentos especiales<\/a> como los fondos de Solidaridad y Ajuste de la Globalizaci\u00f3n y el presupuesto administrativo de la Comisi\u00f3n Europea, pero no los presupuestos administrativos de las otras instituciones de la UE.<\/p>\n<h3>Erasmus +, investigaci\u00f3n, infraestructura<\/h3>\n<p>Los eurodiputados aumentaron el programa Erasmus + en 362 millones de euros y restauraron por completo los presupuestos pre-FEIE del Fondo para la conexi\u00f3n de Europa (CEF), que financia proyectos de infraestructura, y el programa Horizonte 2020, que respalda los proyectos de investigaci\u00f3n, a\u00f1adiendo \u20ac 256,9 millones. Ambos programas se enfrentaron a recortes como parte de las medidas para ayudar a financiar la garant\u00eda de la UE para el Fondo Europeo para Inversiones Estrat\u00e9gicas (FEIE). Aumentaron a\u00fan m\u00e1s el Horizonte 2020 en otros 65 millones de euros y el gasto relacionado con el clima en el marco de los programas Horizonte 2020, CEF y <a href=\"http:\/\/ec.europa.eu\/budget\/explained\/budg_system\/fin_fwk0713\/fin_fwk0713_en.cfm#content_struct\">Heading 2<\/a> en otros 97,3 millones de euros.<\/p>\n<p>Otras adiciones importantes de la Comisi\u00f3n de Presupuestos al proyecto de presupuesto de la Comisi\u00f3n incluyen:<\/p>\n<p>\u20ac 346,7 millones para la Iniciativa de Empleo Juvenil, que eleva el total de 2019 a \u20ac 580 millones;<br \/>\n74,7 millones de euros para programas y organismos relacionados con la seguridad;<br \/>\n50 millones de euros en apoyo de la UE a los Estados miembros afectados por la peste porcina africana;<br \/>\n28,9 millones de euros para apoyar a las peque\u00f1as y medianas empresas (PYME).<\/p>\n<h3>Migraci\u00f3n<\/h3>\n<p>Los eurodiputados han reforzado ciertas l\u00edneas presupuestarias con un claro v\u00ednculo con las causas de la migraci\u00f3n dentro del vecindario inmediato y m\u00e1s amplio de la UE, como el Instrumento de Cooperaci\u00f3n al Desarrollo (+ 147,5 millones de euros), el Instrumento Europeo de Vecindad (fondos para el vecindario del sur y Palestina, +146 millones de euros), as\u00ed como el apoyo de preadhesi\u00f3n para los Balcanes Occidentales (+56,3 millones de euros). Para las acciones para hacer frente a los desaf\u00edos de la migraci\u00f3n dentro de la UE, los eurodiputados han reforzado el Fondo de Asilo, Migraci\u00f3n e Integraci\u00f3n (AMIF) con \u20ac 33 millones.<\/p>\n<h3>Turqu\u00eda<\/h3>\n<p>Los eurodiputados insisten en que la cuota presupuestaria de la UE del segundo tramo de la <a href=\"https:\/\/ec.europa.eu\/neighbourhood-enlargement\/sites\/near\/files\/frit_factsheet.pdf\">Facilidad para refugiados en Turqu\u00eda (FRT)<\/a> no debe superar los mil millones de euros para mantener la misma proporci\u00f3n del presupuesto de la UE y las contribuciones de los estados miembros en cuanto al primer tramo . Como ya se utilizaron <a href=\"http:\/\/www.europarl.europa.eu\/news\/en\/press-room\/20180628IPR06821\/parliament-approves-EU500-million-for-schooling-of-refugee-children-in-turkey\">550 millones de euros del presupuesto<\/a> de la UE para 2018, los miembros del Comit\u00e9 disminuyeron la propuesta de la Comisi\u00f3n para 2019 en \u20ac 1000 millones, lo que resulta en una contribuci\u00f3n de \u20ac 450 millones (los estados miembros quieren una contribuci\u00f3n de \u20ac 2 mil millones del presupuesto de la UE en consecuencia, presupuest\u00f3 1.450 millones de euros para el FRT en 2019).<\/p>\n<p>En cuanto al apoyo de preadhesi\u00f3n a Turqu\u00eda, los miembros del Comit\u00e9 decidieron no revertir los recortes realizados por el Consejo, disminuyendo a\u00fan m\u00e1s parte de los fondos de preadhesi\u00f3n en 66,8 millones de euros, llegando, en total, a una reducci\u00f3n de 213,5 millones de euros por debajo del Propuesta de la Comisi\u00f3n en fondos asignados a Turqu\u00eda, debido a una falta de respeto por los valores de la UE.<\/p>\n<h3>Pr\u00f3ximos pasos<\/h3>\n<p>Los detalles del presupuesto estar\u00e1n disponibles en breve y se votar\u00e1 una resoluci\u00f3n correspondiente en la reuni\u00f3n del comit\u00e9 el 8 o 9 de octubre. Todo el Parlamento votar\u00e1 su posici\u00f3n sobre el Proyecto de Presupuesto 2019 el 24 de octubre. Esto dar\u00e1 inicio a tres semanas de conversaciones de &#8220;conciliaci\u00f3n&#8221; con el Consejo, con el objetivo de alcanzar un acuerdo entre las dos instituciones a tiempo para el presupuesto del pr\u00f3ximo a\u00f1o, que ser\u00e1 votado por el Parlamento y firmado por su presidente a fines de noviembre.<\/p>\n","protected":false},"excerpt":{"rendered":"<p>La Comisi\u00f3n de Presupuestos ha impulsado los fondos para Erasmus +, la protecci\u00f3n del clima, la investigaci\u00f3n, la lucha contra la migraci\u00f3n y el desempleo juvenil. Los eurodiputados del presupuesto aumentaron los fondos Erasmus + y restablecieron los presupuestos para las inversiones en infraestructuras, as\u00ed como Horizonte 2020, el programa de investigaci\u00f3n de la UE. [&hellip;]<\/p>\n","protected":false},"author":1,"featured_media":4188,"comment_status":"open","ping_status":"open","sticky":false,"template":"","format":"standard","meta":{"_acf_changed":false,"_relevanssi_hide_post":"","_relevanssi_hide_content":"","_relevanssi_pin_for_all":"","_relevanssi_pin_keywords":"","_relevanssi_unpin_keywords":"","_relevanssi_related_keywords":"","_relevanssi_related_include_ids":"","_relevanssi_related_exclude_ids":"","_relevanssi_related_no_append":"","_relevanssi_related_not_related":"","_relevanssi_related_posts":"","_relevanssi_noindex_reason":"","_monsterinsights_skip_tracking":false,"_monsterinsights_sitenote_active":false,"_monsterinsights_sitenote_note":"","_monsterinsights_sitenote_category":0,"_genesis_hide_title":false,"_genesis_hide_breadcrumbs":false,"_genesis_hide_singular_image":false,"_genesis_hide_footer_widgets":false,"_genesis_custom_body_class":"","_genesis_custom_post_class":"","_genesis_layout":"","footnotes":""},"categories":[96],"tags":[238,135],"class_list":{"0":"post-8683","1":"post","2":"type-post","3":"status-publish","4":"format-standard","5":"has-post-thumbnail","7":"category-noticias-ue","8":"tag-presupuesto","9":"tag-union-europea","10":"entry"},"acf":[],"yoast_head":"<!-- This site is optimized with the Yoast SEO plugin v27.4 - https:\/\/yoast.com\/product\/yoast-seo-wordpress\/ -->\n<title>Presupuesto de la UE para 2019: los diputados al Parlamento Europeo aumentan los fondos destinados a los j\u00f3venes, la migraci\u00f3n y la investigaci\u00f3n | CDE Almer\u00eda - Centro de Documentaci\u00f3n Europea - Universidad de Almer\u00eda<\/title>\n<meta name=\"robots\" content=\"index, follow, max-snippet:-1, max-image-preview:large, max-video-preview:-1\" \/>\n<link rel=\"canonical\" href=\"https:\/\/www.cde.ual.es\/presupuesto-de-la-ue-para-2019-los-diputados-al-parlamento-europeo-aumentan-los-fondos-destinados-a-los-jovenes-la-migracion-y-la-investigacion\/\" \/>\n<meta property=\"og:locale\" content=\"en_US\" \/>\n<meta property=\"og:type\" content=\"article\" \/>\n<meta property=\"og:title\" content=\"Presupuesto de la UE para 2019: los diputados al Parlamento Europeo aumentan los fondos destinados a los j\u00f3venes, la migraci\u00f3n y la investigaci\u00f3n | CDE Almer\u00eda - Centro de Documentaci\u00f3n Europea - Universidad de Almer\u00eda\" \/>\n<meta property=\"og:description\" content=\"La Comisi\u00f3n de Presupuestos ha impulsado los fondos para Erasmus +, la protecci\u00f3n del clima, la investigaci\u00f3n, la lucha contra la migraci\u00f3n y el desempleo juvenil. Los eurodiputados del presupuesto aumentaron los fondos Erasmus + y restablecieron los presupuestos para las inversiones en infraestructuras, as\u00ed como Horizonte 2020, el programa de investigaci\u00f3n de la UE. [&hellip;]\" \/>\n<meta property=\"og:url\" content=\"https:\/\/www.cde.ual.es\/presupuesto-de-la-ue-para-2019-los-diputados-al-parlamento-europeo-aumentan-los-fondos-destinados-a-los-jovenes-la-migracion-y-la-investigacion\/\" \/>\n<meta property=\"og:site_name\" content=\"CDE Almer\u00eda - Centro de Documentaci\u00f3n Europea - Universidad de Almer\u00eda\" \/>\n<meta property=\"article:publisher\" content=\"https:\/\/www.facebook.com\/cdeuniversidadalmeria\/\" \/>\n<meta property=\"article:published_time\" content=\"2018-09-28T06:51:20+00:00\" \/>\n<meta property=\"article:modified_time\" content=\"2018-09-28T06:52:11+00:00\" \/>\n<meta property=\"og:image\" content=\"https:\/\/www.cde.ual.es\/wp-content\/uploads\/2018\/05\/Presupuesto-2021-2027.jpg\" \/>\n\t<meta property=\"og:image:width\" content=\"1200\" \/>\n\t<meta property=\"og:image:height\" content=\"675\" \/>\n\t<meta property=\"og:image:type\" content=\"image\/jpeg\" \/>\n<meta name=\"author\" content=\"AdminCDE\" \/>\n<meta name=\"twitter:card\" content=\"summary_large_image\" \/>\n<meta name=\"twitter:creator\" content=\"@cdeualmeria\" \/>\n<meta name=\"twitter:site\" content=\"@cdeualmeria\" \/>\n<meta name=\"twitter:label1\" content=\"Written by\" \/>\n\t<meta name=\"twitter:data1\" content=\"AdminCDE\" \/>\n\t<meta name=\"twitter:label2\" content=\"Est. reading time\" \/>\n\t<meta name=\"twitter:data2\" content=\"4 minutes\" \/>\n<script type=\"application\/ld+json\" class=\"yoast-schema-graph\">{\"@context\":\"https:\\\/\\\/schema.org\",\"@graph\":[{\"@type\":\"Article\",\"@id\":\"https:\\\/\\\/www.cde.ual.es\\\/presupuesto-de-la-ue-para-2019-los-diputados-al-parlamento-europeo-aumentan-los-fondos-destinados-a-los-jovenes-la-migracion-y-la-investigacion\\\/#article\",\"isPartOf\":{\"@id\":\"https:\\\/\\\/www.cde.ual.es\\\/presupuesto-de-la-ue-para-2019-los-diputados-al-parlamento-europeo-aumentan-los-fondos-destinados-a-los-jovenes-la-migracion-y-la-investigacion\\\/\"},\"author\":{\"name\":\"AdminCDE\",\"@id\":\"https:\\\/\\\/www.cde.ual.es\\\/#\\\/schema\\\/person\\\/224ef08c8bcc005f319d2713ce37ee5f\"},\"headline\":\"Presupuesto de la UE para 2019: los diputados al Parlamento Europeo aumentan los fondos destinados a los j\u00f3venes, la migraci\u00f3n y la investigaci\u00f3n\",\"datePublished\":\"2018-09-28T06:51:20+00:00\",\"dateModified\":\"2018-09-28T06:52:11+00:00\",\"mainEntityOfPage\":{\"@id\":\"https:\\\/\\\/www.cde.ual.es\\\/presupuesto-de-la-ue-para-2019-los-diputados-al-parlamento-europeo-aumentan-los-fondos-destinados-a-los-jovenes-la-migracion-y-la-investigacion\\\/\"},\"wordCount\":766,\"commentCount\":0,\"publisher\":{\"@id\":\"https:\\\/\\\/www.cde.ual.es\\\/#organization\"},\"image\":{\"@id\":\"https:\\\/\\\/www.cde.ual.es\\\/presupuesto-de-la-ue-para-2019-los-diputados-al-parlamento-europeo-aumentan-los-fondos-destinados-a-los-jovenes-la-migracion-y-la-investigacion\\\/#primaryimage\"},\"thumbnailUrl\":\"https:\\\/\\\/www.cde.ual.es\\\/wp-content\\\/uploads\\\/2018\\\/05\\\/Presupuesto-2021-2027.jpg\",\"keywords\":[\"Presupuesto\",\"Uni\u00f3n Europea\"],\"articleSection\":[\"Noticias UE\"],\"inLanguage\":\"en-US\",\"potentialAction\":[{\"@type\":\"CommentAction\",\"name\":\"Comment\",\"target\":[\"https:\\\/\\\/www.cde.ual.es\\\/presupuesto-de-la-ue-para-2019-los-diputados-al-parlamento-europeo-aumentan-los-fondos-destinados-a-los-jovenes-la-migracion-y-la-investigacion\\\/#respond\"]}]},{\"@type\":\"WebPage\",\"@id\":\"https:\\\/\\\/www.cde.ual.es\\\/presupuesto-de-la-ue-para-2019-los-diputados-al-parlamento-europeo-aumentan-los-fondos-destinados-a-los-jovenes-la-migracion-y-la-investigacion\\\/\",\"url\":\"https:\\\/\\\/www.cde.ual.es\\\/presupuesto-de-la-ue-para-2019-los-diputados-al-parlamento-europeo-aumentan-los-fondos-destinados-a-los-jovenes-la-migracion-y-la-investigacion\\\/\",\"name\":\"Presupuesto de la UE para 2019: los diputados al Parlamento Europeo aumentan los fondos destinados a los j\u00f3venes, la migraci\u00f3n y la investigaci\u00f3n | CDE Almer\u00eda - Centro de Documentaci\u00f3n Europea - Universidad de Almer\u00eda\",\"isPartOf\":{\"@id\":\"https:\\\/\\\/www.cde.ual.es\\\/#website\"},\"primaryImageOfPage\":{\"@id\":\"https:\\\/\\\/www.cde.ual.es\\\/presupuesto-de-la-ue-para-2019-los-diputados-al-parlamento-europeo-aumentan-los-fondos-destinados-a-los-jovenes-la-migracion-y-la-investigacion\\\/#primaryimage\"},\"image\":{\"@id\":\"https:\\\/\\\/www.cde.ual.es\\\/presupuesto-de-la-ue-para-2019-los-diputados-al-parlamento-europeo-aumentan-los-fondos-destinados-a-los-jovenes-la-migracion-y-la-investigacion\\\/#primaryimage\"},\"thumbnailUrl\":\"https:\\\/\\\/www.cde.ual.es\\\/wp-content\\\/uploads\\\/2018\\\/05\\\/Presupuesto-2021-2027.jpg\",\"datePublished\":\"2018-09-28T06:51:20+00:00\",\"dateModified\":\"2018-09-28T06:52:11+00:00\",\"breadcrumb\":{\"@id\":\"https:\\\/\\\/www.cde.ual.es\\\/presupuesto-de-la-ue-para-2019-los-diputados-al-parlamento-europeo-aumentan-los-fondos-destinados-a-los-jovenes-la-migracion-y-la-investigacion\\\/#breadcrumb\"},\"inLanguage\":\"en-US\",\"potentialAction\":[{\"@type\":\"ReadAction\",\"target\":[\"https:\\\/\\\/www.cde.ual.es\\\/presupuesto-de-la-ue-para-2019-los-diputados-al-parlamento-europeo-aumentan-los-fondos-destinados-a-los-jovenes-la-migracion-y-la-investigacion\\\/\"]}]},{\"@type\":\"ImageObject\",\"inLanguage\":\"en-US\",\"@id\":\"https:\\\/\\\/www.cde.ual.es\\\/presupuesto-de-la-ue-para-2019-los-diputados-al-parlamento-europeo-aumentan-los-fondos-destinados-a-los-jovenes-la-migracion-y-la-investigacion\\\/#primaryimage\",\"url\":\"https:\\\/\\\/www.cde.ual.es\\\/wp-content\\\/uploads\\\/2018\\\/05\\\/Presupuesto-2021-2027.jpg\",\"contentUrl\":\"https:\\\/\\\/www.cde.ual.es\\\/wp-content\\\/uploads\\\/2018\\\/05\\\/Presupuesto-2021-2027.jpg\",\"width\":1200,\"height\":675},{\"@type\":\"BreadcrumbList\",\"@id\":\"https:\\\/\\\/www.cde.ual.es\\\/presupuesto-de-la-ue-para-2019-los-diputados-al-parlamento-europeo-aumentan-los-fondos-destinados-a-los-jovenes-la-migracion-y-la-investigacion\\\/#breadcrumb\",\"itemListElement\":[{\"@type\":\"ListItem\",\"position\":1,\"name\":\"Inicio\",\"item\":\"https:\\\/\\\/www.cde.ual.es\\\/en\\\/\"},{\"@type\":\"ListItem\",\"position\":2,\"name\":\"Noticias UE\",\"item\":\"https:\\\/\\\/www.cde.ual.es\\\/category\\\/noticias-ue\\\/\"},{\"@type\":\"ListItem\",\"position\":3,\"name\":\"Presupuesto de la UE para 2019: los diputados al Parlamento Europeo aumentan los fondos destinados a los j\u00f3venes, la migraci\u00f3n y la investigaci\u00f3n\"}]},{\"@type\":\"WebSite\",\"@id\":\"https:\\\/\\\/www.cde.ual.es\\\/#website\",\"url\":\"https:\\\/\\\/www.cde.ual.es\\\/\",\"name\":\"CDE Almer\u00eda - Centro de Documentaci\u00f3n Europea - Universidad de Almer\u00eda\",\"description\":\"Centro de Documentaci\u00f3n Europea de la Universidad de Almer\u00eda\",\"publisher\":{\"@id\":\"https:\\\/\\\/www.cde.ual.es\\\/#organization\"},\"alternateName\":\"CDE Almer\u00eda\",\"potentialAction\":[{\"@type\":\"SearchAction\",\"target\":{\"@type\":\"EntryPoint\",\"urlTemplate\":\"https:\\\/\\\/www.cde.ual.es\\\/?s={search_term_string}\"},\"query-input\":{\"@type\":\"PropertyValueSpecification\",\"valueRequired\":true,\"valueName\":\"search_term_string\"}}],\"inLanguage\":\"en-US\"},{\"@type\":\"Organization\",\"@id\":\"https:\\\/\\\/www.cde.ual.es\\\/#organization\",\"name\":\"Centro de Documentaci\u00f3n Europea de Almer\u00eda\",\"url\":\"https:\\\/\\\/www.cde.ual.es\\\/\",\"logo\":{\"@type\":\"ImageObject\",\"inLanguage\":\"en-US\",\"@id\":\"https:\\\/\\\/www.cde.ual.es\\\/#\\\/schema\\\/logo\\\/image\\\/\",\"url\":\"https:\\\/\\\/www.cde.ual.es\\\/wp-content\\\/uploads\\\/2025\\\/07\\\/cde-logo-3.png\",\"contentUrl\":\"https:\\\/\\\/www.cde.ual.es\\\/wp-content\\\/uploads\\\/2025\\\/07\\\/cde-logo-3.png\",\"width\":1400,\"height\":300,\"caption\":\"Centro de Documentaci\u00f3n Europea de Almer\u00eda\"},\"image\":{\"@id\":\"https:\\\/\\\/www.cde.ual.es\\\/#\\\/schema\\\/logo\\\/image\\\/\"},\"sameAs\":[\"https:\\\/\\\/www.facebook.com\\\/cdeuniversidadalmeria\\\/\",\"https:\\\/\\\/x.com\\\/cdeualmeria\",\"https:\\\/\\\/www.tiktok.com\\\/@cdealmeria\",\"https:\\\/\\\/www.instagram.com\\\/cdealmeria\\\/\",\"https:\\\/\\\/www.linkedin.com\\\/in\\\/cde-almera-812b26a9\\\/\"]},{\"@type\":\"Person\",\"@id\":\"https:\\\/\\\/www.cde.ual.es\\\/#\\\/schema\\\/person\\\/224ef08c8bcc005f319d2713ce37ee5f\",\"name\":\"AdminCDE\",\"image\":{\"@type\":\"ImageObject\",\"inLanguage\":\"en-US\",\"@id\":\"https:\\\/\\\/secure.gravatar.com\\\/avatar\\\/a72d038d371f995cd13706fac32274b7952a52e8fb0a84b5f80c85426f2a98a8?s=96&d=mm&r=g\",\"url\":\"https:\\\/\\\/secure.gravatar.com\\\/avatar\\\/a72d038d371f995cd13706fac32274b7952a52e8fb0a84b5f80c85426f2a98a8?s=96&d=mm&r=g\",\"contentUrl\":\"https:\\\/\\\/secure.gravatar.com\\\/avatar\\\/a72d038d371f995cd13706fac32274b7952a52e8fb0a84b5f80c85426f2a98a8?s=96&d=mm&r=g\",\"caption\":\"AdminCDE\"}}]}<\/script>\n<!-- \/ Yoast SEO plugin. -->","yoast_head_json":{"title":"Presupuesto de la UE para 2019: los diputados al Parlamento Europeo aumentan los fondos destinados a los j\u00f3venes, la migraci\u00f3n y la investigaci\u00f3n | CDE Almer\u00eda - Centro de Documentaci\u00f3n Europea - Universidad de Almer\u00eda","robots":{"index":"index","follow":"follow","max-snippet":"max-snippet:-1","max-image-preview":"max-image-preview:large","max-video-preview":"max-video-preview:-1"},"canonical":"https:\/\/www.cde.ual.es\/presupuesto-de-la-ue-para-2019-los-diputados-al-parlamento-europeo-aumentan-los-fondos-destinados-a-los-jovenes-la-migracion-y-la-investigacion\/","og_locale":"en_US","og_type":"article","og_title":"Presupuesto de la UE para 2019: los diputados al Parlamento Europeo aumentan los fondos destinados a los j\u00f3venes, la migraci\u00f3n y la investigaci\u00f3n | CDE Almer\u00eda - Centro de Documentaci\u00f3n Europea - Universidad de Almer\u00eda","og_description":"La Comisi\u00f3n de Presupuestos ha impulsado los fondos para Erasmus +, la protecci\u00f3n del clima, la investigaci\u00f3n, la lucha contra la migraci\u00f3n y el desempleo juvenil. Los eurodiputados del presupuesto aumentaron los fondos Erasmus + y restablecieron los presupuestos para las inversiones en infraestructuras, as\u00ed como Horizonte 2020, el programa de investigaci\u00f3n de la UE. [&hellip;]","og_url":"https:\/\/www.cde.ual.es\/presupuesto-de-la-ue-para-2019-los-diputados-al-parlamento-europeo-aumentan-los-fondos-destinados-a-los-jovenes-la-migracion-y-la-investigacion\/","og_site_name":"CDE Almer\u00eda - Centro de Documentaci\u00f3n Europea - Universidad de Almer\u00eda","article_publisher":"https:\/\/www.facebook.com\/cdeuniversidadalmeria\/","article_published_time":"2018-09-28T06:51:20+00:00","article_modified_time":"2018-09-28T06:52:11+00:00","og_image":[{"width":1200,"height":675,"url":"https:\/\/www.cde.ual.es\/wp-content\/uploads\/2018\/05\/Presupuesto-2021-2027.jpg","type":"image\/jpeg"}],"author":"AdminCDE","twitter_card":"summary_large_image","twitter_creator":"@cdeualmeria","twitter_site":"@cdeualmeria","twitter_misc":{"Written by":"AdminCDE","Est. reading time":"4 minutes"},"schema":{"@context":"https:\/\/schema.org","@graph":[{"@type":"Article","@id":"https:\/\/www.cde.ual.es\/presupuesto-de-la-ue-para-2019-los-diputados-al-parlamento-europeo-aumentan-los-fondos-destinados-a-los-jovenes-la-migracion-y-la-investigacion\/#article","isPartOf":{"@id":"https:\/\/www.cde.ual.es\/presupuesto-de-la-ue-para-2019-los-diputados-al-parlamento-europeo-aumentan-los-fondos-destinados-a-los-jovenes-la-migracion-y-la-investigacion\/"},"author":{"name":"AdminCDE","@id":"https:\/\/www.cde.ual.es\/#\/schema\/person\/224ef08c8bcc005f319d2713ce37ee5f"},"headline":"Presupuesto de la UE para 2019: los diputados al Parlamento Europeo aumentan los fondos destinados a los j\u00f3venes, la migraci\u00f3n y la investigaci\u00f3n","datePublished":"2018-09-28T06:51:20+00:00","dateModified":"2018-09-28T06:52:11+00:00","mainEntityOfPage":{"@id":"https:\/\/www.cde.ual.es\/presupuesto-de-la-ue-para-2019-los-diputados-al-parlamento-europeo-aumentan-los-fondos-destinados-a-los-jovenes-la-migracion-y-la-investigacion\/"},"wordCount":766,"commentCount":0,"publisher":{"@id":"https:\/\/www.cde.ual.es\/#organization"},"image":{"@id":"https:\/\/www.cde.ual.es\/presupuesto-de-la-ue-para-2019-los-diputados-al-parlamento-europeo-aumentan-los-fondos-destinados-a-los-jovenes-la-migracion-y-la-investigacion\/#primaryimage"},"thumbnailUrl":"https:\/\/www.cde.ual.es\/wp-content\/uploads\/2018\/05\/Presupuesto-2021-2027.jpg","keywords":["Presupuesto","Uni\u00f3n Europea"],"articleSection":["Noticias UE"],"inLanguage":"en-US","potentialAction":[{"@type":"CommentAction","name":"Comment","target":["https:\/\/www.cde.ual.es\/presupuesto-de-la-ue-para-2019-los-diputados-al-parlamento-europeo-aumentan-los-fondos-destinados-a-los-jovenes-la-migracion-y-la-investigacion\/#respond"]}]},{"@type":"WebPage","@id":"https:\/\/www.cde.ual.es\/presupuesto-de-la-ue-para-2019-los-diputados-al-parlamento-europeo-aumentan-los-fondos-destinados-a-los-jovenes-la-migracion-y-la-investigacion\/","url":"https:\/\/www.cde.ual.es\/presupuesto-de-la-ue-para-2019-los-diputados-al-parlamento-europeo-aumentan-los-fondos-destinados-a-los-jovenes-la-migracion-y-la-investigacion\/","name":"Presupuesto de la UE para 2019: los diputados al Parlamento Europeo aumentan los fondos destinados a los j\u00f3venes, la migraci\u00f3n y la investigaci\u00f3n | CDE Almer\u00eda - Centro de Documentaci\u00f3n Europea - Universidad de Almer\u00eda","isPartOf":{"@id":"https:\/\/www.cde.ual.es\/#website"},"primaryImageOfPage":{"@id":"https:\/\/www.cde.ual.es\/presupuesto-de-la-ue-para-2019-los-diputados-al-parlamento-europeo-aumentan-los-fondos-destinados-a-los-jovenes-la-migracion-y-la-investigacion\/#primaryimage"},"image":{"@id":"https:\/\/www.cde.ual.es\/presupuesto-de-la-ue-para-2019-los-diputados-al-parlamento-europeo-aumentan-los-fondos-destinados-a-los-jovenes-la-migracion-y-la-investigacion\/#primaryimage"},"thumbnailUrl":"https:\/\/www.cde.ual.es\/wp-content\/uploads\/2018\/05\/Presupuesto-2021-2027.jpg","datePublished":"2018-09-28T06:51:20+00:00","dateModified":"2018-09-28T06:52:11+00:00","breadcrumb":{"@id":"https:\/\/www.cde.ual.es\/presupuesto-de-la-ue-para-2019-los-diputados-al-parlamento-europeo-aumentan-los-fondos-destinados-a-los-jovenes-la-migracion-y-la-investigacion\/#breadcrumb"},"inLanguage":"en-US","potentialAction":[{"@type":"ReadAction","target":["https:\/\/www.cde.ual.es\/presupuesto-de-la-ue-para-2019-los-diputados-al-parlamento-europeo-aumentan-los-fondos-destinados-a-los-jovenes-la-migracion-y-la-investigacion\/"]}]},{"@type":"ImageObject","inLanguage":"en-US","@id":"https:\/\/www.cde.ual.es\/presupuesto-de-la-ue-para-2019-los-diputados-al-parlamento-europeo-aumentan-los-fondos-destinados-a-los-jovenes-la-migracion-y-la-investigacion\/#primaryimage","url":"https:\/\/www.cde.ual.es\/wp-content\/uploads\/2018\/05\/Presupuesto-2021-2027.jpg","contentUrl":"https:\/\/www.cde.ual.es\/wp-content\/uploads\/2018\/05\/Presupuesto-2021-2027.jpg","width":1200,"height":675},{"@type":"BreadcrumbList","@id":"https:\/\/www.cde.ual.es\/presupuesto-de-la-ue-para-2019-los-diputados-al-parlamento-europeo-aumentan-los-fondos-destinados-a-los-jovenes-la-migracion-y-la-investigacion\/#breadcrumb","itemListElement":[{"@type":"ListItem","position":1,"name":"Inicio","item":"https:\/\/www.cde.ual.es\/en\/"},{"@type":"ListItem","position":2,"name":"Noticias UE","item":"https:\/\/www.cde.ual.es\/category\/noticias-ue\/"},{"@type":"ListItem","position":3,"name":"Presupuesto de la UE para 2019: los diputados al Parlamento Europeo aumentan los fondos destinados a los j\u00f3venes, la migraci\u00f3n y la investigaci\u00f3n"}]},{"@type":"WebSite","@id":"https:\/\/www.cde.ual.es\/#website","url":"https:\/\/www.cde.ual.es\/","name":"CDE Almer\u00eda - Centro de Documentaci\u00f3n Europea - Universidad de Almer\u00eda","description":"Centro de Documentaci\u00f3n Europea de la Universidad de Almer\u00eda","publisher":{"@id":"https:\/\/www.cde.ual.es\/#organization"},"alternateName":"CDE Almer\u00eda","potentialAction":[{"@type":"SearchAction","target":{"@type":"EntryPoint","urlTemplate":"https:\/\/www.cde.ual.es\/?s={search_term_string}"},"query-input":{"@type":"PropertyValueSpecification","valueRequired":true,"valueName":"search_term_string"}}],"inLanguage":"en-US"},{"@type":"Organization","@id":"https:\/\/www.cde.ual.es\/#organization","name":"Centro de Documentaci\u00f3n Europea de Almer\u00eda","url":"https:\/\/www.cde.ual.es\/","logo":{"@type":"ImageObject","inLanguage":"en-US","@id":"https:\/\/www.cde.ual.es\/#\/schema\/logo\/image\/","url":"https:\/\/www.cde.ual.es\/wp-content\/uploads\/2025\/07\/cde-logo-3.png","contentUrl":"https:\/\/www.cde.ual.es\/wp-content\/uploads\/2025\/07\/cde-logo-3.png","width":1400,"height":300,"caption":"Centro de Documentaci\u00f3n Europea de Almer\u00eda"},"image":{"@id":"https:\/\/www.cde.ual.es\/#\/schema\/logo\/image\/"},"sameAs":["https:\/\/www.facebook.com\/cdeuniversidadalmeria\/","https:\/\/x.com\/cdeualmeria","https:\/\/www.tiktok.com\/@cdealmeria","https:\/\/www.instagram.com\/cdealmeria\/","https:\/\/www.linkedin.com\/in\/cde-almera-812b26a9\/"]},{"@type":"Person","@id":"https:\/\/www.cde.ual.es\/#\/schema\/person\/224ef08c8bcc005f319d2713ce37ee5f","name":"AdminCDE","image":{"@type":"ImageObject","inLanguage":"en-US","@id":"https:\/\/secure.gravatar.com\/avatar\/a72d038d371f995cd13706fac32274b7952a52e8fb0a84b5f80c85426f2a98a8?s=96&d=mm&r=g","url":"https:\/\/secure.gravatar.com\/avatar\/a72d038d371f995cd13706fac32274b7952a52e8fb0a84b5f80c85426f2a98a8?s=96&d=mm&r=g","contentUrl":"https:\/\/secure.gravatar.com\/avatar\/a72d038d371f995cd13706fac32274b7952a52e8fb0a84b5f80c85426f2a98a8?s=96&d=mm&r=g","caption":"AdminCDE"}}]}},"_links":{"self":[{"href":"https:\/\/www.cde.ual.es\/en\/wp-json\/wp\/v2\/posts\/8683","targetHints":{"allow":["GET"]}}],"collection":[{"href":"https:\/\/www.cde.ual.es\/en\/wp-json\/wp\/v2\/posts"}],"about":[{"href":"https:\/\/www.cde.ual.es\/en\/wp-json\/wp\/v2\/types\/post"}],"author":[{"embeddable":true,"href":"https:\/\/www.cde.ual.es\/en\/wp-json\/wp\/v2\/users\/1"}],"replies":[{"embeddable":true,"href":"https:\/\/www.cde.ual.es\/en\/wp-json\/wp\/v2\/comments?post=8683"}],"version-history":[{"count":0,"href":"https:\/\/www.cde.ual.es\/en\/wp-json\/wp\/v2\/posts\/8683\/revisions"}],"wp:featuredmedia":[{"embeddable":true,"href":"https:\/\/www.cde.ual.es\/en\/wp-json\/wp\/v2\/media\/4188"}],"wp:attachment":[{"href":"https:\/\/www.cde.ual.es\/en\/wp-json\/wp\/v2\/media?parent=8683"}],"wp:term":[{"taxonomy":"category","embeddable":true,"href":"https:\/\/www.cde.ual.es\/en\/wp-json\/wp\/v2\/categories?post=8683"},{"taxonomy":"post_tag","embeddable":true,"href":"https:\/\/www.cde.ual.es\/en\/wp-json\/wp\/v2\/tags?post=8683"}],"curies":[{"name":"wp","href":"https:\/\/api.w.org\/{rel}","templated":true}]}}