{"id":86063,"date":"2021-10-15T14:05:03","date_gmt":"2021-10-15T12:05:03","guid":{"rendered":"https:\/\/www.cde.ual.es\/?p=86063"},"modified":"2021-11-15T14:06:26","modified_gmt":"2021-11-15T13:06:26","slug":"covid-19-evolution-in-america-during-september","status":"publish","type":"post","link":"https:\/\/www.cde.ual.es\/en\/covid-19-evolution-in-america-during-september\/","title":{"rendered":"COVID-19 evolution in America during September"},"content":{"rendered":"<p>This news shows an analysis of the evolution of COVID-19 in America with the data provided by the Johns Hopkins University.<\/p>\n<p><a href=\"https:\/\/www.cde.ual.es\/wp-content\/uploads\/2020\/09\/CovidAmericaENG.png\"><img decoding=\"async\" class=\"aligncenter wp-image-52630\" src=\"https:\/\/www.cde.ual.es\/wp-content\/uploads\/2020\/09\/CovidAmericaENG.png\" alt=\"\" width=\"915\" height=\"478\" srcset=\"https:\/\/www.cde.ual.es\/wp-content\/uploads\/2020\/09\/CovidAmericaENG.png 1200w, https:\/\/www.cde.ual.es\/wp-content\/uploads\/2020\/09\/CovidAmericaENG-300x157.png 300w, https:\/\/www.cde.ual.es\/wp-content\/uploads\/2020\/09\/CovidAmericaENG-1024x535.png 1024w, https:\/\/www.cde.ual.es\/wp-content\/uploads\/2020\/09\/CovidAmericaENG-768x401.png 768w\" sizes=\"(max-width: 915px) 100vw, 915px\" \/><\/a><\/p>\n<p>September has ended with an increase of <strong>6.38% <\/strong>of COVID-19 diagnosed cases (<strong>89,964,588<\/strong>), and a growth of\u00a0<strong>4.62% <\/strong>(<strong>2,214,867<\/strong>) in deaths by the aforementioned disease. In August these numbers were <strong>83,799,880\u00a0<\/strong>diagnosed cases and <strong>2,103,067\u00a0<\/strong>deaths by the disease aforementioned.. The following graph shows the evolution of confirmed cases and deaths from COVD-19 during the months of August and September:<\/p>\n<div class=\"flourish-embed flourish-chart\" data-src=\"visualisation\/7527243\"><script src=\"https:\/\/public.flourish.studio\/resources\/embed.js\"><\/script><\/div>\n<p style=\"text-align: left;\">The American countries with the most diagnosed cases and deaths are shown in the table below (data as of October 14, 2021):<\/p>\n<table class=\" aligncenter\" width=\"353\">\n<tbody>\n<tr>\n<td width=\"225\">Country<\/td>\n<td width=\"64\">Total confirmed cases<\/td>\n<td width=\"64\">Total deaths<\/td>\n<\/tr>\n<tr>\n<td>United States of America<\/td>\n<td>44,683,014<\/td>\n<td>719,525<\/td>\n<\/tr>\n<tr>\n<td>Brazil<\/td>\n<td>21,597,949<\/td>\n<td>601,574<\/td>\n<\/tr>\n<tr>\n<td>Argentina<\/td>\n<td>5,268,653<\/td>\n<td>115,582<\/td>\n<\/tr>\n<tr>\n<td>Colombia<\/td>\n<td>4,975,656<\/td>\n<td>126,726<\/td>\n<\/tr>\n<tr>\n<td>Mexico<\/td>\n<td>3,732,429<\/td>\n<td>282,773<\/td>\n<\/tr>\n<\/tbody>\n<\/table>\n<p>U.S.A. has been the country with the most COVID-19 diagnosed cases to date, with a total of <strong>44,683,014 (an increase of 9.47% durign the month of September)<\/strong>. This same country was also the one with the highest number of diagnosed cases of Coronavirus during August (<strong>39,151,147<\/strong>). Data for U.S.A., Brazil, Argentina, Colombia and Mexico, the countries with the most significant numbers of confirmed cases, are presented below:<\/p>\n<div class=\"flourish-embed flourish-chart\" data-src=\"visualisation\/7527383\"><script src=\"https:\/\/public.flourish.studio\/resources\/embed.js\"><\/script><\/div>\n<p>Likewise, this country has remain the one with the highest number of deaths due to COVID-19, with a total of <strong>719,525 (an increase of 8.11% during the month of September)<\/strong>. In August, its number of deaths was of <strong>639,856<\/strong>. The evolution of countries that have ended September with the highest number of deaths are shown below:<\/p>\n<div class=\"flourish-embed flourish-chart\" data-src=\"visualisation\/7527494\"><script src=\"https:\/\/public.flourish.studio\/resources\/embed.js\"><\/script><\/div>\n<p style=\"text-align: left;\">With regard to larger percentage increases in cases diagnosed by COVID-19, the following table shows a comparison between which countries are the ones with a larger increment in August and September:<\/p>\n<table class=\" aligncenter\" width=\"473\">\n<tbody>\n<tr>\n<td colspan=\"2\" width=\"313\">August<\/td>\n<td colspan=\"2\" width=\"160\">September<\/td>\n<\/tr>\n<tr>\n<td>Country<\/td>\n<td>Increase<\/td>\n<td>Country<\/td>\n<td>Increase<\/td>\n<\/tr>\n<tr>\n<td>Cuba<\/td>\n<td>60.18%<\/td>\n<td>Chile<\/td>\n<td>85.47%<\/td>\n<\/tr>\n<tr>\n<td>Saint Lucia<\/td>\n<td>44.80%<\/td>\n<td>Peru<\/td>\n<td>39.14%<\/td>\n<\/tr>\n<tr>\n<td>Antigua and Barbuda<\/td>\n<td>31.46%<\/td>\n<td>Colombia<\/td>\n<td>34.15%<\/td>\n<\/tr>\n<tr>\n<td>Jamaica<\/td>\n<td>26.60%<\/td>\n<td>Dominican Republic<\/td>\n<td>31.81%<\/td>\n<\/tr>\n<tr>\n<td>Guatemala<\/td>\n<td>25.80%<\/td>\n<td>Ecuador<\/td>\n<td>22.64%<\/td>\n<\/tr>\n<\/tbody>\n<\/table>\n<p>&nbsp;<\/p>\n<p>As it is seen, Cuba was the country with the highest rate of diagnosed cases of COVID-19 during August, with an increase of <strong>60.18%<\/strong>. On the other hand, this spot was taken by Chile in September, with an increase of <strong>85.47%<\/strong>.<\/p>\n<p style=\"text-align: left;\">Likewise, the table below shows the countries with the greatest percentage increase in COVID-19 deaths in August and September:<\/p>\n<table class=\" aligncenter\" style=\"border-collapse: collapse; width: 240pt;\" border=\"0\" width=\"320\" cellspacing=\"0\" cellpadding=\"0\">\n<tbody>\n<tr style=\"height: 15.0pt;\">\n<td class=\"xl65\" style=\"height: 15.0pt; width: 120pt;\" colspan=\"2\" width=\"160\" height=\"20\">August<\/td>\n<td class=\"xl65\" style=\"width: 120pt;\" colspan=\"2\" width=\"160\">September<\/td>\n<\/tr>\n<tr style=\"height: 15.0pt;\">\n<td style=\"height: 15.0pt;\" height=\"20\">Country<\/td>\n<td>Increase<\/td>\n<td>Country<\/td>\n<td>Increase<\/td>\n<\/tr>\n<tr style=\"height: 15.0pt;\">\n<td style=\"height: 15.0pt;\" height=\"20\">Cuba<\/td>\n<td align=\"right\">79.16%<\/td>\n<td>Saint Lucia<\/td>\n<td align=\"right\">86.11%<\/td>\n<\/tr>\n<tr style=\"height: 15.0pt;\">\n<td style=\"height: 15.0pt;\" height=\"20\">Jamaica<\/td>\n<td align=\"right\">26.25%<\/td>\n<td>Antigua and Barbuda<\/td>\n<td align=\"right\">79.55%<\/td>\n<\/tr>\n<tr style=\"height: 15.0pt;\">\n<td style=\"height: 15.0pt;\" height=\"20\">Bahamas<\/td>\n<td align=\"right\">23.34%<\/td>\n<td>Cuba<\/td>\n<td align=\"right\">36.09%<\/td>\n<\/tr>\n<tr style=\"height: 15.0pt;\">\n<td style=\"height: 15.0pt;\" height=\"20\">Trinidad and Tobago<\/td>\n<td align=\"right\">17.67%<\/td>\n<td>Bahamas<\/td>\n<td align=\"right\">28.88%<\/td>\n<\/tr>\n<tr style=\"height: 15.0pt;\">\n<td style=\"height: 15.0pt;\" height=\"20\">Saint Lucia<\/td>\n<td align=\"right\">15.73%<\/td>\n<td>Guyana<\/td>\n<td align=\"right\">24.37%<\/td>\n<\/tr>\n<\/tbody>\n<\/table>\n<p>The table shows that in August the country with the highest increase was Cuba (<strong>79.16%<\/strong>), meanwhile in September Saint Lucia was the one with the highest increase (<strong>86.11%<\/strong>).<\/p>\n<p><strong>Next table shows american countries with reported laboratory-confirmed COVID-19 cases and deaths. Data as of 14th October 2021 &#8211; 09:25 am CET<\/strong><\/p>\n<p>[table id=16 \/]<\/p>\n<h5>Source<\/h5>\n<p><a href=\"https:\/\/coronavirus.jhu.edu\/map.html\" target=\"_blank\" rel=\"noopener\">Johns Hopkins University<\/a><\/p>\n<h3>More information<\/h3>\n<p><a href=\"https:\/\/www.cde.ual.es\/en\/coronavirus-present-situation\/\">Coronavirus Present Situation<\/a><\/p>\n","protected":false},"excerpt":{"rendered":"<p>This news shows an analysis of the evolution of COVID-19 in America with the data provided by the Johns Hopkins University. September has ended with an increase of 6.38% of COVID-19 diagnosed cases (89,964,588), and a growth of\u00a04.62% (2,214,867) in deaths by the aforementioned disease. In August these numbers were 83,799,880\u00a0diagnosed cases and 2,103,067\u00a0deaths by [&hellip;]<\/p>\n","protected":false},"author":101011,"featured_media":52630,"comment_status":"open","ping_status":"open","sticky":false,"template":"","format":"standard","meta":{"_acf_changed":false,"_relevanssi_hide_post":"","_relevanssi_hide_content":"","_relevanssi_pin_for_all":"","_relevanssi_pin_keywords":"","_relevanssi_unpin_keywords":"","_relevanssi_related_keywords":"","_relevanssi_related_include_ids":"","_relevanssi_related_exclude_ids":"","_relevanssi_related_no_append":"","_relevanssi_related_not_related":"","_relevanssi_related_posts":"","_relevanssi_noindex_reason":"","_monsterinsights_skip_tracking":false,"_monsterinsights_sitenote_active":false,"_monsterinsights_sitenote_note":"","_monsterinsights_sitenote_category":0,"_genesis_hide_title":false,"_genesis_hide_breadcrumbs":false,"_genesis_hide_singular_image":false,"_genesis_hide_footer_widgets":false,"_genesis_custom_body_class":"","_genesis_custom_post_class":"","_genesis_layout":"","footnotes":""},"categories":[4093,346,4092],"tags":[1517,2448,4533],"class_list":{"0":"post-86063","1":"post","2":"type-post","3":"status-publish","4":"format-standard","5":"has-post-thumbnail","7":"category-diseases","8":"category-eu-news","9":"category-health","10":"tag-america-en","11":"tag-covid","12":"tag-september","13":"entry"},"acf":[],"yoast_head":"<!-- This site is optimized with the Yoast SEO plugin v27.4 - https:\/\/yoast.com\/product\/yoast-seo-wordpress\/ -->\n<title>COVID-19 evolution in America during September | CDE Almer\u00eda - Centro de Documentaci\u00f3n Europea - Universidad de Almer\u00eda<\/title>\n<meta name=\"robots\" content=\"index, follow, max-snippet:-1, max-image-preview:large, max-video-preview:-1\" \/>\n<link rel=\"canonical\" href=\"https:\/\/www.cde.ual.es\/en\/covid-19-evolution-in-america-during-september\/\" \/>\n<meta property=\"og:locale\" content=\"en_US\" \/>\n<meta property=\"og:type\" content=\"article\" \/>\n<meta property=\"og:title\" content=\"COVID-19 evolution in America during September | CDE Almer\u00eda - Centro de Documentaci\u00f3n Europea - Universidad de Almer\u00eda\" \/>\n<meta property=\"og:description\" content=\"This news shows an analysis of the evolution of COVID-19 in America with the data provided by the Johns Hopkins University. September has ended with an increase of 6.38% of COVID-19 diagnosed cases (89,964,588), and a growth of\u00a04.62% (2,214,867) in deaths by the aforementioned disease. In August these numbers were 83,799,880\u00a0diagnosed cases and 2,103,067\u00a0deaths by [&hellip;]\" \/>\n<meta property=\"og:url\" content=\"https:\/\/www.cde.ual.es\/en\/covid-19-evolution-in-america-during-september\/\" \/>\n<meta property=\"og:site_name\" content=\"CDE Almer\u00eda - Centro de Documentaci\u00f3n Europea - Universidad de Almer\u00eda\" \/>\n<meta property=\"article:publisher\" content=\"https:\/\/www.facebook.com\/cdeuniversidadalmeria\/\" \/>\n<meta property=\"article:published_time\" content=\"2021-10-15T12:05:03+00:00\" \/>\n<meta property=\"article:modified_time\" content=\"2021-11-15T13:06:26+00:00\" \/>\n<meta property=\"og:image\" content=\"https:\/\/www.cde.ual.es\/wp-content\/uploads\/2020\/09\/CovidAmericaENG.png\" \/>\n\t<meta property=\"og:image:width\" content=\"1200\" \/>\n\t<meta property=\"og:image:height\" content=\"627\" \/>\n\t<meta property=\"og:image:type\" content=\"image\/png\" \/>\n<meta name=\"author\" content=\"BECA 2 CDE\" \/>\n<meta name=\"twitter:card\" content=\"summary_large_image\" \/>\n<meta name=\"twitter:creator\" content=\"@cdeualmeria\" \/>\n<meta name=\"twitter:site\" content=\"@cdeualmeria\" \/>\n<meta name=\"twitter:label1\" content=\"Written by\" \/>\n\t<meta name=\"twitter:data1\" content=\"BECA 2 CDE\" \/>\n\t<meta name=\"twitter:label2\" content=\"Est. reading time\" \/>\n\t<meta name=\"twitter:data2\" content=\"2 minutes\" \/>\n<script type=\"application\/ld+json\" class=\"yoast-schema-graph\">{\"@context\":\"https:\\\/\\\/schema.org\",\"@graph\":[{\"@type\":\"Article\",\"@id\":\"https:\\\/\\\/www.cde.ual.es\\\/en\\\/covid-19-evolution-in-america-during-september\\\/#article\",\"isPartOf\":{\"@id\":\"https:\\\/\\\/www.cde.ual.es\\\/en\\\/covid-19-evolution-in-america-during-september\\\/\"},\"author\":{\"name\":\"BECA 2 CDE\",\"@id\":\"https:\\\/\\\/www.cde.ual.es\\\/#\\\/schema\\\/person\\\/ee46ebc19edfa19598c02cff83335acc\"},\"headline\":\"COVID-19 evolution in America during September\",\"datePublished\":\"2021-10-15T12:05:03+00:00\",\"dateModified\":\"2021-11-15T13:06:26+00:00\",\"mainEntityOfPage\":{\"@id\":\"https:\\\/\\\/www.cde.ual.es\\\/en\\\/covid-19-evolution-in-america-during-september\\\/\"},\"wordCount\":425,\"commentCount\":0,\"publisher\":{\"@id\":\"https:\\\/\\\/www.cde.ual.es\\\/#organization\"},\"image\":{\"@id\":\"https:\\\/\\\/www.cde.ual.es\\\/en\\\/covid-19-evolution-in-america-during-september\\\/#primaryimage\"},\"thumbnailUrl\":\"https:\\\/\\\/www.cde.ual.es\\\/wp-content\\\/uploads\\\/2020\\\/09\\\/CovidAmericaENG.png\",\"keywords\":[\"Am\u00e9rica\",\"Covid\",\"september\"],\"articleSection\":[\"Diseases\",\"EU News\",\"Health\"],\"inLanguage\":\"en-US\",\"potentialAction\":[{\"@type\":\"CommentAction\",\"name\":\"Comment\",\"target\":[\"https:\\\/\\\/www.cde.ual.es\\\/en\\\/covid-19-evolution-in-america-during-september\\\/#respond\"]}]},{\"@type\":\"WebPage\",\"@id\":\"https:\\\/\\\/www.cde.ual.es\\\/en\\\/covid-19-evolution-in-america-during-september\\\/\",\"url\":\"https:\\\/\\\/www.cde.ual.es\\\/en\\\/covid-19-evolution-in-america-during-september\\\/\",\"name\":\"COVID-19 evolution in America during September | CDE Almer\u00eda - Centro de Documentaci\u00f3n Europea - Universidad de Almer\u00eda\",\"isPartOf\":{\"@id\":\"https:\\\/\\\/www.cde.ual.es\\\/#website\"},\"primaryImageOfPage\":{\"@id\":\"https:\\\/\\\/www.cde.ual.es\\\/en\\\/covid-19-evolution-in-america-during-september\\\/#primaryimage\"},\"image\":{\"@id\":\"https:\\\/\\\/www.cde.ual.es\\\/en\\\/covid-19-evolution-in-america-during-september\\\/#primaryimage\"},\"thumbnailUrl\":\"https:\\\/\\\/www.cde.ual.es\\\/wp-content\\\/uploads\\\/2020\\\/09\\\/CovidAmericaENG.png\",\"datePublished\":\"2021-10-15T12:05:03+00:00\",\"dateModified\":\"2021-11-15T13:06:26+00:00\",\"breadcrumb\":{\"@id\":\"https:\\\/\\\/www.cde.ual.es\\\/en\\\/covid-19-evolution-in-america-during-september\\\/#breadcrumb\"},\"inLanguage\":\"en-US\",\"potentialAction\":[{\"@type\":\"ReadAction\",\"target\":[\"https:\\\/\\\/www.cde.ual.es\\\/en\\\/covid-19-evolution-in-america-during-september\\\/\"]}]},{\"@type\":\"ImageObject\",\"inLanguage\":\"en-US\",\"@id\":\"https:\\\/\\\/www.cde.ual.es\\\/en\\\/covid-19-evolution-in-america-during-september\\\/#primaryimage\",\"url\":\"https:\\\/\\\/www.cde.ual.es\\\/wp-content\\\/uploads\\\/2020\\\/09\\\/CovidAmericaENG.png\",\"contentUrl\":\"https:\\\/\\\/www.cde.ual.es\\\/wp-content\\\/uploads\\\/2020\\\/09\\\/CovidAmericaENG.png\",\"width\":1200,\"height\":627},{\"@type\":\"BreadcrumbList\",\"@id\":\"https:\\\/\\\/www.cde.ual.es\\\/en\\\/covid-19-evolution-in-america-during-september\\\/#breadcrumb\",\"itemListElement\":[{\"@type\":\"ListItem\",\"position\":1,\"name\":\"Inicio\",\"item\":\"https:\\\/\\\/www.cde.ual.es\\\/en\\\/\"},{\"@type\":\"ListItem\",\"position\":2,\"name\":\"EU News\",\"item\":\"https:\\\/\\\/www.cde.ual.es\\\/en\\\/category\\\/eu-news\\\/\"},{\"@type\":\"ListItem\",\"position\":3,\"name\":\"Health\",\"item\":\"https:\\\/\\\/www.cde.ual.es\\\/en\\\/category\\\/eu-news\\\/health\\\/\"},{\"@type\":\"ListItem\",\"position\":4,\"name\":\"Diseases\",\"item\":\"https:\\\/\\\/www.cde.ual.es\\\/en\\\/category\\\/eu-news\\\/health\\\/diseases\\\/\"},{\"@type\":\"ListItem\",\"position\":5,\"name\":\"COVID-19 evolution in America during September\"}]},{\"@type\":\"WebSite\",\"@id\":\"https:\\\/\\\/www.cde.ual.es\\\/#website\",\"url\":\"https:\\\/\\\/www.cde.ual.es\\\/\",\"name\":\"CDE Almer\u00eda - Centro de Documentaci\u00f3n Europea - Universidad de Almer\u00eda\",\"description\":\"Centro de Documentaci\u00f3n Europea de la Universidad de Almer\u00eda\",\"publisher\":{\"@id\":\"https:\\\/\\\/www.cde.ual.es\\\/#organization\"},\"alternateName\":\"CDE Almer\u00eda\",\"potentialAction\":[{\"@type\":\"SearchAction\",\"target\":{\"@type\":\"EntryPoint\",\"urlTemplate\":\"https:\\\/\\\/www.cde.ual.es\\\/?s={search_term_string}\"},\"query-input\":{\"@type\":\"PropertyValueSpecification\",\"valueRequired\":true,\"valueName\":\"search_term_string\"}}],\"inLanguage\":\"en-US\"},{\"@type\":\"Organization\",\"@id\":\"https:\\\/\\\/www.cde.ual.es\\\/#organization\",\"name\":\"Centro de Documentaci\u00f3n Europea de Almer\u00eda\",\"url\":\"https:\\\/\\\/www.cde.ual.es\\\/\",\"logo\":{\"@type\":\"ImageObject\",\"inLanguage\":\"en-US\",\"@id\":\"https:\\\/\\\/www.cde.ual.es\\\/#\\\/schema\\\/logo\\\/image\\\/\",\"url\":\"https:\\\/\\\/www.cde.ual.es\\\/wp-content\\\/uploads\\\/2025\\\/07\\\/cde-logo-3.png\",\"contentUrl\":\"https:\\\/\\\/www.cde.ual.es\\\/wp-content\\\/uploads\\\/2025\\\/07\\\/cde-logo-3.png\",\"width\":1400,\"height\":300,\"caption\":\"Centro de Documentaci\u00f3n Europea de Almer\u00eda\"},\"image\":{\"@id\":\"https:\\\/\\\/www.cde.ual.es\\\/#\\\/schema\\\/logo\\\/image\\\/\"},\"sameAs\":[\"https:\\\/\\\/www.facebook.com\\\/cdeuniversidadalmeria\\\/\",\"https:\\\/\\\/x.com\\\/cdeualmeria\",\"https:\\\/\\\/www.tiktok.com\\\/@cdealmeria\",\"https:\\\/\\\/www.instagram.com\\\/cdealmeria\\\/\",\"https:\\\/\\\/www.linkedin.com\\\/in\\\/cde-almera-812b26a9\\\/\"]},{\"@type\":\"Person\",\"@id\":\"https:\\\/\\\/www.cde.ual.es\\\/#\\\/schema\\\/person\\\/ee46ebc19edfa19598c02cff83335acc\",\"name\":\"BECA 2 CDE\",\"image\":{\"@type\":\"ImageObject\",\"inLanguage\":\"en-US\",\"@id\":\"https:\\\/\\\/secure.gravatar.com\\\/avatar\\\/35a481bbc04bbd90e91bdfa3b0b5541036c222a49b9ad37b6889a2afcb5311a5?s=96&d=mm&r=g\",\"url\":\"https:\\\/\\\/secure.gravatar.com\\\/avatar\\\/35a481bbc04bbd90e91bdfa3b0b5541036c222a49b9ad37b6889a2afcb5311a5?s=96&d=mm&r=g\",\"contentUrl\":\"https:\\\/\\\/secure.gravatar.com\\\/avatar\\\/35a481bbc04bbd90e91bdfa3b0b5541036c222a49b9ad37b6889a2afcb5311a5?s=96&d=mm&r=g\",\"caption\":\"BECA 2 CDE\"},\"sameAs\":[\"http:\\\/\\\/www.cdealmeria.com\"]}]}<\/script>\n<!-- \/ Yoast SEO plugin. -->","yoast_head_json":{"title":"COVID-19 evolution in America during September | CDE Almer\u00eda - Centro de Documentaci\u00f3n Europea - Universidad de Almer\u00eda","robots":{"index":"index","follow":"follow","max-snippet":"max-snippet:-1","max-image-preview":"max-image-preview:large","max-video-preview":"max-video-preview:-1"},"canonical":"https:\/\/www.cde.ual.es\/en\/covid-19-evolution-in-america-during-september\/","og_locale":"en_US","og_type":"article","og_title":"COVID-19 evolution in America during September | CDE Almer\u00eda - Centro de Documentaci\u00f3n Europea - Universidad de Almer\u00eda","og_description":"This news shows an analysis of the evolution of COVID-19 in America with the data provided by the Johns Hopkins University. September has ended with an increase of 6.38% of COVID-19 diagnosed cases (89,964,588), and a growth of\u00a04.62% (2,214,867) in deaths by the aforementioned disease. In August these numbers were 83,799,880\u00a0diagnosed cases and 2,103,067\u00a0deaths by [&hellip;]","og_url":"https:\/\/www.cde.ual.es\/en\/covid-19-evolution-in-america-during-september\/","og_site_name":"CDE Almer\u00eda - Centro de Documentaci\u00f3n Europea - Universidad de Almer\u00eda","article_publisher":"https:\/\/www.facebook.com\/cdeuniversidadalmeria\/","article_published_time":"2021-10-15T12:05:03+00:00","article_modified_time":"2021-11-15T13:06:26+00:00","og_image":[{"width":1200,"height":627,"url":"https:\/\/www.cde.ual.es\/wp-content\/uploads\/2020\/09\/CovidAmericaENG.png","type":"image\/png"}],"author":"BECA 2 CDE","twitter_card":"summary_large_image","twitter_creator":"@cdeualmeria","twitter_site":"@cdeualmeria","twitter_misc":{"Written by":"BECA 2 CDE","Est. reading time":"2 minutes"},"schema":{"@context":"https:\/\/schema.org","@graph":[{"@type":"Article","@id":"https:\/\/www.cde.ual.es\/en\/covid-19-evolution-in-america-during-september\/#article","isPartOf":{"@id":"https:\/\/www.cde.ual.es\/en\/covid-19-evolution-in-america-during-september\/"},"author":{"name":"BECA 2 CDE","@id":"https:\/\/www.cde.ual.es\/#\/schema\/person\/ee46ebc19edfa19598c02cff83335acc"},"headline":"COVID-19 evolution in America during September","datePublished":"2021-10-15T12:05:03+00:00","dateModified":"2021-11-15T13:06:26+00:00","mainEntityOfPage":{"@id":"https:\/\/www.cde.ual.es\/en\/covid-19-evolution-in-america-during-september\/"},"wordCount":425,"commentCount":0,"publisher":{"@id":"https:\/\/www.cde.ual.es\/#organization"},"image":{"@id":"https:\/\/www.cde.ual.es\/en\/covid-19-evolution-in-america-during-september\/#primaryimage"},"thumbnailUrl":"https:\/\/www.cde.ual.es\/wp-content\/uploads\/2020\/09\/CovidAmericaENG.png","keywords":["Am\u00e9rica","Covid","september"],"articleSection":["Diseases","EU News","Health"],"inLanguage":"en-US","potentialAction":[{"@type":"CommentAction","name":"Comment","target":["https:\/\/www.cde.ual.es\/en\/covid-19-evolution-in-america-during-september\/#respond"]}]},{"@type":"WebPage","@id":"https:\/\/www.cde.ual.es\/en\/covid-19-evolution-in-america-during-september\/","url":"https:\/\/www.cde.ual.es\/en\/covid-19-evolution-in-america-during-september\/","name":"COVID-19 evolution in America during September | CDE Almer\u00eda - Centro de Documentaci\u00f3n Europea - Universidad de Almer\u00eda","isPartOf":{"@id":"https:\/\/www.cde.ual.es\/#website"},"primaryImageOfPage":{"@id":"https:\/\/www.cde.ual.es\/en\/covid-19-evolution-in-america-during-september\/#primaryimage"},"image":{"@id":"https:\/\/www.cde.ual.es\/en\/covid-19-evolution-in-america-during-september\/#primaryimage"},"thumbnailUrl":"https:\/\/www.cde.ual.es\/wp-content\/uploads\/2020\/09\/CovidAmericaENG.png","datePublished":"2021-10-15T12:05:03+00:00","dateModified":"2021-11-15T13:06:26+00:00","breadcrumb":{"@id":"https:\/\/www.cde.ual.es\/en\/covid-19-evolution-in-america-during-september\/#breadcrumb"},"inLanguage":"en-US","potentialAction":[{"@type":"ReadAction","target":["https:\/\/www.cde.ual.es\/en\/covid-19-evolution-in-america-during-september\/"]}]},{"@type":"ImageObject","inLanguage":"en-US","@id":"https:\/\/www.cde.ual.es\/en\/covid-19-evolution-in-america-during-september\/#primaryimage","url":"https:\/\/www.cde.ual.es\/wp-content\/uploads\/2020\/09\/CovidAmericaENG.png","contentUrl":"https:\/\/www.cde.ual.es\/wp-content\/uploads\/2020\/09\/CovidAmericaENG.png","width":1200,"height":627},{"@type":"BreadcrumbList","@id":"https:\/\/www.cde.ual.es\/en\/covid-19-evolution-in-america-during-september\/#breadcrumb","itemListElement":[{"@type":"ListItem","position":1,"name":"Inicio","item":"https:\/\/www.cde.ual.es\/en\/"},{"@type":"ListItem","position":2,"name":"EU News","item":"https:\/\/www.cde.ual.es\/en\/category\/eu-news\/"},{"@type":"ListItem","position":3,"name":"Health","item":"https:\/\/www.cde.ual.es\/en\/category\/eu-news\/health\/"},{"@type":"ListItem","position":4,"name":"Diseases","item":"https:\/\/www.cde.ual.es\/en\/category\/eu-news\/health\/diseases\/"},{"@type":"ListItem","position":5,"name":"COVID-19 evolution in America during September"}]},{"@type":"WebSite","@id":"https:\/\/www.cde.ual.es\/#website","url":"https:\/\/www.cde.ual.es\/","name":"CDE Almer\u00eda - Centro de Documentaci\u00f3n Europea - Universidad de Almer\u00eda","description":"Centro de Documentaci\u00f3n Europea de la Universidad de Almer\u00eda","publisher":{"@id":"https:\/\/www.cde.ual.es\/#organization"},"alternateName":"CDE Almer\u00eda","potentialAction":[{"@type":"SearchAction","target":{"@type":"EntryPoint","urlTemplate":"https:\/\/www.cde.ual.es\/?s={search_term_string}"},"query-input":{"@type":"PropertyValueSpecification","valueRequired":true,"valueName":"search_term_string"}}],"inLanguage":"en-US"},{"@type":"Organization","@id":"https:\/\/www.cde.ual.es\/#organization","name":"Centro de Documentaci\u00f3n Europea de Almer\u00eda","url":"https:\/\/www.cde.ual.es\/","logo":{"@type":"ImageObject","inLanguage":"en-US","@id":"https:\/\/www.cde.ual.es\/#\/schema\/logo\/image\/","url":"https:\/\/www.cde.ual.es\/wp-content\/uploads\/2025\/07\/cde-logo-3.png","contentUrl":"https:\/\/www.cde.ual.es\/wp-content\/uploads\/2025\/07\/cde-logo-3.png","width":1400,"height":300,"caption":"Centro de Documentaci\u00f3n Europea de Almer\u00eda"},"image":{"@id":"https:\/\/www.cde.ual.es\/#\/schema\/logo\/image\/"},"sameAs":["https:\/\/www.facebook.com\/cdeuniversidadalmeria\/","https:\/\/x.com\/cdeualmeria","https:\/\/www.tiktok.com\/@cdealmeria","https:\/\/www.instagram.com\/cdealmeria\/","https:\/\/www.linkedin.com\/in\/cde-almera-812b26a9\/"]},{"@type":"Person","@id":"https:\/\/www.cde.ual.es\/#\/schema\/person\/ee46ebc19edfa19598c02cff83335acc","name":"BECA 2 CDE","image":{"@type":"ImageObject","inLanguage":"en-US","@id":"https:\/\/secure.gravatar.com\/avatar\/35a481bbc04bbd90e91bdfa3b0b5541036c222a49b9ad37b6889a2afcb5311a5?s=96&d=mm&r=g","url":"https:\/\/secure.gravatar.com\/avatar\/35a481bbc04bbd90e91bdfa3b0b5541036c222a49b9ad37b6889a2afcb5311a5?s=96&d=mm&r=g","contentUrl":"https:\/\/secure.gravatar.com\/avatar\/35a481bbc04bbd90e91bdfa3b0b5541036c222a49b9ad37b6889a2afcb5311a5?s=96&d=mm&r=g","caption":"BECA 2 CDE"},"sameAs":["http:\/\/www.cdealmeria.com"]}]}},"_links":{"self":[{"href":"https:\/\/www.cde.ual.es\/en\/wp-json\/wp\/v2\/posts\/86063","targetHints":{"allow":["GET"]}}],"collection":[{"href":"https:\/\/www.cde.ual.es\/en\/wp-json\/wp\/v2\/posts"}],"about":[{"href":"https:\/\/www.cde.ual.es\/en\/wp-json\/wp\/v2\/types\/post"}],"author":[{"embeddable":true,"href":"https:\/\/www.cde.ual.es\/en\/wp-json\/wp\/v2\/users\/101011"}],"replies":[{"embeddable":true,"href":"https:\/\/www.cde.ual.es\/en\/wp-json\/wp\/v2\/comments?post=86063"}],"version-history":[{"count":0,"href":"https:\/\/www.cde.ual.es\/en\/wp-json\/wp\/v2\/posts\/86063\/revisions"}],"wp:featuredmedia":[{"embeddable":true,"href":"https:\/\/www.cde.ual.es\/en\/wp-json\/wp\/v2\/media\/52630"}],"wp:attachment":[{"href":"https:\/\/www.cde.ual.es\/en\/wp-json\/wp\/v2\/media?parent=86063"}],"wp:term":[{"taxonomy":"category","embeddable":true,"href":"https:\/\/www.cde.ual.es\/en\/wp-json\/wp\/v2\/categories?post=86063"},{"taxonomy":"post_tag","embeddable":true,"href":"https:\/\/www.cde.ual.es\/en\/wp-json\/wp\/v2\/tags?post=86063"}],"curies":[{"name":"wp","href":"https:\/\/api.w.org\/{rel}","templated":true}]}}