{"id":8587,"date":"2018-09-25T11:25:52","date_gmt":"2018-09-25T09:25:52","guid":{"rendered":"http:\/\/www.cde.ual.es\/?p=8587"},"modified":"2018-09-25T14:12:13","modified_gmt":"2018-09-25T12:12:13","slug":"practicas-remuneradas-en-la-delegacion-de-la-ue-en-el-pacifico-islas-fiji","status":"publish","type":"post","link":"https:\/\/www.cde.ual.es\/en\/practicas-remuneradas-en-la-delegacion-de-la-ue-en-el-pacifico-islas-fiji\/","title":{"rendered":"Pr\u00e1cticas remuneradas en la Delegaci\u00f3n de la UE en el Pac\u00edfico (Islas Fiji)"},"content":{"rendered":"<h3><\/h3>\n<h3><a href=\"http:\/\/www.cde.ual.es\/wp-content\/uploads\/2018\/09\/beach-exotic-holiday-248797.jpg\"><img decoding=\"async\" class=\"wp-image-8603 aligncenter\" src=\"http:\/\/www.cde.ual.es\/wp-content\/uploads\/2018\/09\/beach-exotic-holiday-248797-300x120.jpg\" alt=\"\" width=\"398\" height=\"159\" srcset=\"https:\/\/www.cde.ual.es\/wp-content\/uploads\/2018\/09\/beach-exotic-holiday-248797-300x120.jpg 300w, https:\/\/www.cde.ual.es\/wp-content\/uploads\/2018\/09\/beach-exotic-holiday-248797-768x307.jpg 768w, https:\/\/www.cde.ual.es\/wp-content\/uploads\/2018\/09\/beach-exotic-holiday-248797-1024x410.jpg 1024w\" sizes=\"(max-width: 398px) 100vw, 398px\" \/><\/a><\/h3>\n<h3 style=\"text-align: center;\">\u00bfQuieres ganar experiencia profesional remunerada de la mano de la Uni\u00f3n Europea desde un entorno paradis\u00edaco?<\/h3>\n<h3 style=\"text-align: center;\">\u00a1ES POSIBLE!<\/h3>\n<p>La Delegaci\u00f3n de la Uni\u00f3n Europea en el Pac\u00edfico, con sede en las Islas Fiji, te ofrece la oportunidad de realizar unas <strong>pr\u00e1cticas remuneradas<\/strong> en su Departamento de Gobernabilidad durante <strong>6 meses.<\/strong><\/p>\n<h3>Requisitos<\/h3>\n<p>Para optar a esta incre\u00edble experiencia solamente necesitas:<\/p>\n<ul>\n<li>Ser ciudadano de la UE, ciudadanos de pa\u00edses candidatos que hayan concluido las negociaciones de adhesi\u00f3n a la U o nacionales del pa\u00eds de realizaci\u00f3n de las pr\u00e1cticas.<\/li>\n<\/ul>\n<ul>\n<li>Ser un graduado menor de 26 a\u00f1os.<\/li>\n<li>No poseer m\u00e1s de 6 semanas de experiencia (remunerada o no) en cualquier instituci\u00f3n de la UE.<\/li>\n<li>Tener conocimientos en la lengua de trabajo del departamento. El conocimiento de la lengua del pa\u00eds de acogida puede ser una ventaja.<\/li>\n<li>Presentar inter\u00e9s hacia temas internacionales.<\/li>\n<\/ul>\n<p>&nbsp;<\/p>\n<h3>Principales tareas<\/h3>\n<p>Las tareas que realizar\u00e1s durante esta experiencia ser\u00e1n:<\/p>\n<ol>\n<li>Contribuir al trabajo relacionado con proyectos de desarrollo en Fiji y la regi\u00f3n del Pac\u00edfico, con un enfoque en el trabajo de la sociedad civil, la justicia, el g\u00e9nero y la gobernanza en general.<\/li>\n<li>\u00a0Asistir con el seguimiento y la preparaci\u00f3n de eventos espec\u00edficos de la UE y \/ o proyectos. Contribuir a la preparaci\u00f3n de discursos y notas informativas.<\/li>\n<li>Asistir a trav\u00e9s de tareas de investigaci\u00f3n, res\u00famenes y reuniones con respecto a proyectos de desarrollo.<\/li>\n<\/ol>\n<p>para solicitar estas pr\u00e1cticas remuneradas en las Islas Fiji\u00a0 solamente debes enviar tu <strong>curr\u00edculum (CV)<\/strong> y una <strong>carta de motivaci\u00f3n en ingl\u00e9s<\/strong> a <em><a href=\"mailto:delegation-fiji-hoa@eeas.europa.eu\">delegation-fiji-hoa@eeas.europa.eu<\/a>.<\/em><\/p>\n<p>El plazo acaba el <strong>30 de Septiembre de 2018.\u00a0<\/strong><\/p>\n<p>&nbsp;<\/p>\n<h3>M\u00e1s informaci\u00f3n<\/h3>\n<p>Accede a la noticia completa <a href=\"https:\/\/eeas.europa.eu\/headquarters\/headquarters-homepage\/50449\/paid-internship-governance-section_en\">aqu\u00ed<\/a><\/p>\n<p>M\u00e1s informaci\u00f3n sobre los <a href=\"https:\/\/eeas.europa.eu\/headquarters\/headquarters-homepage\/39144\/traineeship-eu-delegation_en\">criterios de elegibilidad<\/a><\/p>\n<p>Otras pr\u00e1cticas ofrecidas por el<a href=\"https:\/\/eeas.europa.eu\/headquarters\/headquarters-homepage_en\"> Servicio Europeo de Acci\u00f3n Exterior (SEAE)<\/a> en Delegaciones de la UE en todo el mundo <a href=\"https:\/\/eeas.europa.eu\/headquarters\/headquarters-homepage\/search\/site\/_en?f%5B0%5D=sm_specific_content_type%3Aeeas_job_vacancy%3Afield_job_type%3Anon-remunerated\">aqu\u00ed<\/a><\/p>\n<p>&nbsp;<\/p>\n<p>&nbsp;<\/p>\n","protected":false},"excerpt":{"rendered":"<p>\u00bfQuieres ganar experiencia profesional remunerada de la mano de la Uni\u00f3n Europea desde un entorno paradis\u00edaco? \u00a1ES POSIBLE! La Delegaci\u00f3n de la Uni\u00f3n Europea en el Pac\u00edfico, con sede en las Islas Fiji, te ofrece la oportunidad de realizar unas pr\u00e1cticas remuneradas en su Departamento de Gobernabilidad durante 6 meses. Requisitos Para optar a esta [&hellip;]<\/p>\n","protected":false},"author":101011,"featured_media":8603,"comment_status":"open","ping_status":"open","sticky":false,"template":"","format":"standard","meta":{"_acf_changed":false,"_relevanssi_hide_post":"","_relevanssi_hide_content":"","_relevanssi_pin_for_all":"","_relevanssi_pin_keywords":"","_relevanssi_unpin_keywords":"","_relevanssi_related_keywords":"","_relevanssi_related_include_ids":"","_relevanssi_related_exclude_ids":"","_relevanssi_related_no_append":"","_relevanssi_related_not_related":"","_relevanssi_related_posts":"","_relevanssi_noindex_reason":"","_monsterinsights_skip_tracking":false,"_monsterinsights_sitenote_active":false,"_monsterinsights_sitenote_note":"","_monsterinsights_sitenote_category":0,"_genesis_hide_title":false,"_genesis_hide_breadcrumbs":false,"_genesis_hide_singular_image":false,"_genesis_hide_footer_widgets":false,"_genesis_custom_body_class":"","_genesis_custom_post_class":"","_genesis_layout":"","footnotes":""},"categories":[96],"tags":[236,187,135],"class_list":{"0":"post-8587","1":"post","2":"type-post","3":"status-publish","4":"format-standard","5":"has-post-thumbnail","7":"category-noticias-ue","8":"tag-pacifico","9":"tag-practicas","10":"tag-union-europea","11":"entry"},"acf":[],"yoast_head":"<!-- This site is optimized with the Yoast SEO plugin v27.5 - https:\/\/yoast.com\/product\/yoast-seo-wordpress\/ -->\n<title>Pr\u00e1cticas remuneradas en la Delegaci\u00f3n de la UE en el Pac\u00edfico (Islas Fiji) | CDE Almer\u00eda - Centro de Documentaci\u00f3n Europea - Universidad de Almer\u00eda<\/title>\n<meta name=\"robots\" content=\"index, follow, max-snippet:-1, max-image-preview:large, max-video-preview:-1\" \/>\n<link rel=\"canonical\" href=\"https:\/\/www.cde.ual.es\/en\/practicas-remuneradas-en-la-delegacion-de-la-ue-en-el-pacifico-islas-fiji\/\" \/>\n<meta property=\"og:locale\" content=\"en_US\" \/>\n<meta property=\"og:type\" content=\"article\" \/>\n<meta property=\"og:title\" content=\"Pr\u00e1cticas remuneradas en la Delegaci\u00f3n de la UE en el Pac\u00edfico (Islas Fiji) | CDE Almer\u00eda - Centro de Documentaci\u00f3n Europea - Universidad de Almer\u00eda\" \/>\n<meta property=\"og:description\" content=\"\u00bfQuieres ganar experiencia profesional remunerada de la mano de la Uni\u00f3n Europea desde un entorno paradis\u00edaco? \u00a1ES POSIBLE! La Delegaci\u00f3n de la Uni\u00f3n Europea en el Pac\u00edfico, con sede en las Islas Fiji, te ofrece la oportunidad de realizar unas pr\u00e1cticas remuneradas en su Departamento de Gobernabilidad durante 6 meses. Requisitos Para optar a esta [&hellip;]\" \/>\n<meta property=\"og:url\" content=\"https:\/\/www.cde.ual.es\/en\/practicas-remuneradas-en-la-delegacion-de-la-ue-en-el-pacifico-islas-fiji\/\" \/>\n<meta property=\"og:site_name\" content=\"CDE Almer\u00eda - Centro de Documentaci\u00f3n Europea - Universidad de Almer\u00eda\" \/>\n<meta property=\"article:publisher\" content=\"https:\/\/www.facebook.com\/cdeuniversidadalmeria\/\" \/>\n<meta property=\"article:published_time\" content=\"2018-09-25T09:25:52+00:00\" \/>\n<meta property=\"article:modified_time\" content=\"2018-09-25T12:12:13+00:00\" \/>\n<meta property=\"og:image\" content=\"https:\/\/www.cde.ual.es\/wp-content\/uploads\/2018\/09\/beach-exotic-holiday-248797.jpg\" \/>\n\t<meta property=\"og:image:width\" content=\"2500\" \/>\n\t<meta property=\"og:image:height\" content=\"1000\" \/>\n\t<meta property=\"og:image:type\" content=\"image\/jpeg\" \/>\n<meta name=\"author\" content=\"BECA 2 CDE\" \/>\n<meta name=\"twitter:card\" content=\"summary_large_image\" \/>\n<meta name=\"twitter:creator\" content=\"@cdeualmeria\" \/>\n<meta name=\"twitter:site\" content=\"@cdeualmeria\" \/>\n<meta name=\"twitter:label1\" content=\"Written by\" \/>\n\t<meta name=\"twitter:data1\" content=\"BECA 2 CDE\" \/>\n\t<meta name=\"twitter:label2\" content=\"Est. reading time\" \/>\n\t<meta name=\"twitter:data2\" content=\"2 minutes\" \/>\n<script type=\"application\/ld+json\" class=\"yoast-schema-graph\">{\"@context\":\"https:\\\/\\\/schema.org\",\"@graph\":[{\"@type\":\"Article\",\"@id\":\"https:\\\/\\\/www.cde.ual.es\\\/en\\\/practicas-remuneradas-en-la-delegacion-de-la-ue-en-el-pacifico-islas-fiji\\\/#article\",\"isPartOf\":{\"@id\":\"https:\\\/\\\/www.cde.ual.es\\\/en\\\/practicas-remuneradas-en-la-delegacion-de-la-ue-en-el-pacifico-islas-fiji\\\/\"},\"author\":{\"name\":\"BECA 2 CDE\",\"@id\":\"https:\\\/\\\/www.cde.ual.es\\\/#\\\/schema\\\/person\\\/ee46ebc19edfa19598c02cff83335acc\"},\"headline\":\"Pr\u00e1cticas remuneradas en la Delegaci\u00f3n de la UE en el Pac\u00edfico (Islas Fiji)\",\"datePublished\":\"2018-09-25T09:25:52+00:00\",\"dateModified\":\"2018-09-25T12:12:13+00:00\",\"mainEntityOfPage\":{\"@id\":\"https:\\\/\\\/www.cde.ual.es\\\/en\\\/practicas-remuneradas-en-la-delegacion-de-la-ue-en-el-pacifico-islas-fiji\\\/\"},\"wordCount\":348,\"commentCount\":0,\"publisher\":{\"@id\":\"https:\\\/\\\/www.cde.ual.es\\\/#organization\"},\"image\":{\"@id\":\"https:\\\/\\\/www.cde.ual.es\\\/en\\\/practicas-remuneradas-en-la-delegacion-de-la-ue-en-el-pacifico-islas-fiji\\\/#primaryimage\"},\"thumbnailUrl\":\"https:\\\/\\\/www.cde.ual.es\\\/wp-content\\\/uploads\\\/2018\\\/09\\\/beach-exotic-holiday-248797.jpg\",\"keywords\":[\"Pac\u00edfico\",\"pr\u00e1cticas\",\"Uni\u00f3n Europea\"],\"articleSection\":[\"Noticias UE\"],\"inLanguage\":\"en-US\",\"potentialAction\":[{\"@type\":\"CommentAction\",\"name\":\"Comment\",\"target\":[\"https:\\\/\\\/www.cde.ual.es\\\/en\\\/practicas-remuneradas-en-la-delegacion-de-la-ue-en-el-pacifico-islas-fiji\\\/#respond\"]}]},{\"@type\":\"WebPage\",\"@id\":\"https:\\\/\\\/www.cde.ual.es\\\/en\\\/practicas-remuneradas-en-la-delegacion-de-la-ue-en-el-pacifico-islas-fiji\\\/\",\"url\":\"https:\\\/\\\/www.cde.ual.es\\\/en\\\/practicas-remuneradas-en-la-delegacion-de-la-ue-en-el-pacifico-islas-fiji\\\/\",\"name\":\"Pr\u00e1cticas remuneradas en la Delegaci\u00f3n de la UE en el Pac\u00edfico (Islas Fiji) | CDE Almer\u00eda - Centro de Documentaci\u00f3n Europea - Universidad de Almer\u00eda\",\"isPartOf\":{\"@id\":\"https:\\\/\\\/www.cde.ual.es\\\/#website\"},\"primaryImageOfPage\":{\"@id\":\"https:\\\/\\\/www.cde.ual.es\\\/en\\\/practicas-remuneradas-en-la-delegacion-de-la-ue-en-el-pacifico-islas-fiji\\\/#primaryimage\"},\"image\":{\"@id\":\"https:\\\/\\\/www.cde.ual.es\\\/en\\\/practicas-remuneradas-en-la-delegacion-de-la-ue-en-el-pacifico-islas-fiji\\\/#primaryimage\"},\"thumbnailUrl\":\"https:\\\/\\\/www.cde.ual.es\\\/wp-content\\\/uploads\\\/2018\\\/09\\\/beach-exotic-holiday-248797.jpg\",\"datePublished\":\"2018-09-25T09:25:52+00:00\",\"dateModified\":\"2018-09-25T12:12:13+00:00\",\"breadcrumb\":{\"@id\":\"https:\\\/\\\/www.cde.ual.es\\\/en\\\/practicas-remuneradas-en-la-delegacion-de-la-ue-en-el-pacifico-islas-fiji\\\/#breadcrumb\"},\"inLanguage\":\"en-US\",\"potentialAction\":[{\"@type\":\"ReadAction\",\"target\":[\"https:\\\/\\\/www.cde.ual.es\\\/en\\\/practicas-remuneradas-en-la-delegacion-de-la-ue-en-el-pacifico-islas-fiji\\\/\"]}]},{\"@type\":\"ImageObject\",\"inLanguage\":\"en-US\",\"@id\":\"https:\\\/\\\/www.cde.ual.es\\\/en\\\/practicas-remuneradas-en-la-delegacion-de-la-ue-en-el-pacifico-islas-fiji\\\/#primaryimage\",\"url\":\"https:\\\/\\\/www.cde.ual.es\\\/wp-content\\\/uploads\\\/2018\\\/09\\\/beach-exotic-holiday-248797.jpg\",\"contentUrl\":\"https:\\\/\\\/www.cde.ual.es\\\/wp-content\\\/uploads\\\/2018\\\/09\\\/beach-exotic-holiday-248797.jpg\",\"width\":2500,\"height\":1000},{\"@type\":\"BreadcrumbList\",\"@id\":\"https:\\\/\\\/www.cde.ual.es\\\/en\\\/practicas-remuneradas-en-la-delegacion-de-la-ue-en-el-pacifico-islas-fiji\\\/#breadcrumb\",\"itemListElement\":[{\"@type\":\"ListItem\",\"position\":1,\"name\":\"Inicio\",\"item\":\"https:\\\/\\\/www.cde.ual.es\\\/en\\\/\"},{\"@type\":\"ListItem\",\"position\":2,\"name\":\"EU News\",\"item\":\"https:\\\/\\\/www.cde.ual.es\\\/en\\\/category\\\/eu-news\\\/\"},{\"@type\":\"ListItem\",\"position\":3,\"name\":\"Pr\u00e1cticas remuneradas en la Delegaci\u00f3n de la UE en el Pac\u00edfico (Islas Fiji)\"}]},{\"@type\":\"WebSite\",\"@id\":\"https:\\\/\\\/www.cde.ual.es\\\/#website\",\"url\":\"https:\\\/\\\/www.cde.ual.es\\\/\",\"name\":\"CDE Almer\u00eda - Centro de Documentaci\u00f3n Europea - Universidad de Almer\u00eda\",\"description\":\"Centro de Documentaci\u00f3n Europea de la Universidad de Almer\u00eda\",\"publisher\":{\"@id\":\"https:\\\/\\\/www.cde.ual.es\\\/#organization\"},\"alternateName\":\"CDE Almer\u00eda\",\"potentialAction\":[{\"@type\":\"SearchAction\",\"target\":{\"@type\":\"EntryPoint\",\"urlTemplate\":\"https:\\\/\\\/www.cde.ual.es\\\/?s={search_term_string}\"},\"query-input\":{\"@type\":\"PropertyValueSpecification\",\"valueRequired\":true,\"valueName\":\"search_term_string\"}}],\"inLanguage\":\"en-US\"},{\"@type\":\"Organization\",\"@id\":\"https:\\\/\\\/www.cde.ual.es\\\/#organization\",\"name\":\"Centro de Documentaci\u00f3n Europea de Almer\u00eda\",\"url\":\"https:\\\/\\\/www.cde.ual.es\\\/\",\"logo\":{\"@type\":\"ImageObject\",\"inLanguage\":\"en-US\",\"@id\":\"https:\\\/\\\/www.cde.ual.es\\\/#\\\/schema\\\/logo\\\/image\\\/\",\"url\":\"https:\\\/\\\/www.cde.ual.es\\\/wp-content\\\/uploads\\\/2025\\\/07\\\/cde-logo-3.png\",\"contentUrl\":\"https:\\\/\\\/www.cde.ual.es\\\/wp-content\\\/uploads\\\/2025\\\/07\\\/cde-logo-3.png\",\"width\":1400,\"height\":300,\"caption\":\"Centro de Documentaci\u00f3n Europea de Almer\u00eda\"},\"image\":{\"@id\":\"https:\\\/\\\/www.cde.ual.es\\\/#\\\/schema\\\/logo\\\/image\\\/\"},\"sameAs\":[\"https:\\\/\\\/www.facebook.com\\\/cdeuniversidadalmeria\\\/\",\"https:\\\/\\\/x.com\\\/cdeualmeria\",\"https:\\\/\\\/www.tiktok.com\\\/@cdealmeria\",\"https:\\\/\\\/www.instagram.com\\\/cdealmeria\\\/\",\"https:\\\/\\\/www.linkedin.com\\\/in\\\/cde-almera-812b26a9\\\/\"]},{\"@type\":\"Person\",\"@id\":\"https:\\\/\\\/www.cde.ual.es\\\/#\\\/schema\\\/person\\\/ee46ebc19edfa19598c02cff83335acc\",\"name\":\"BECA 2 CDE\",\"image\":{\"@type\":\"ImageObject\",\"inLanguage\":\"en-US\",\"@id\":\"https:\\\/\\\/secure.gravatar.com\\\/avatar\\\/35a481bbc04bbd90e91bdfa3b0b5541036c222a49b9ad37b6889a2afcb5311a5?s=96&d=mm&r=g\",\"url\":\"https:\\\/\\\/secure.gravatar.com\\\/avatar\\\/35a481bbc04bbd90e91bdfa3b0b5541036c222a49b9ad37b6889a2afcb5311a5?s=96&d=mm&r=g\",\"contentUrl\":\"https:\\\/\\\/secure.gravatar.com\\\/avatar\\\/35a481bbc04bbd90e91bdfa3b0b5541036c222a49b9ad37b6889a2afcb5311a5?s=96&d=mm&r=g\",\"caption\":\"BECA 2 CDE\"},\"sameAs\":[\"http:\\\/\\\/www.cdealmeria.com\"]}]}<\/script>\n<!-- \/ Yoast SEO plugin. -->","yoast_head_json":{"title":"Pr\u00e1cticas remuneradas en la Delegaci\u00f3n de la UE en el Pac\u00edfico (Islas Fiji) | CDE Almer\u00eda - Centro de Documentaci\u00f3n Europea - Universidad de Almer\u00eda","robots":{"index":"index","follow":"follow","max-snippet":"max-snippet:-1","max-image-preview":"max-image-preview:large","max-video-preview":"max-video-preview:-1"},"canonical":"https:\/\/www.cde.ual.es\/en\/practicas-remuneradas-en-la-delegacion-de-la-ue-en-el-pacifico-islas-fiji\/","og_locale":"en_US","og_type":"article","og_title":"Pr\u00e1cticas remuneradas en la Delegaci\u00f3n de la UE en el Pac\u00edfico (Islas Fiji) | CDE Almer\u00eda - Centro de Documentaci\u00f3n Europea - Universidad de Almer\u00eda","og_description":"\u00bfQuieres ganar experiencia profesional remunerada de la mano de la Uni\u00f3n Europea desde un entorno paradis\u00edaco? \u00a1ES POSIBLE! La Delegaci\u00f3n de la Uni\u00f3n Europea en el Pac\u00edfico, con sede en las Islas Fiji, te ofrece la oportunidad de realizar unas pr\u00e1cticas remuneradas en su Departamento de Gobernabilidad durante 6 meses. Requisitos Para optar a esta [&hellip;]","og_url":"https:\/\/www.cde.ual.es\/en\/practicas-remuneradas-en-la-delegacion-de-la-ue-en-el-pacifico-islas-fiji\/","og_site_name":"CDE Almer\u00eda - Centro de Documentaci\u00f3n Europea - Universidad de Almer\u00eda","article_publisher":"https:\/\/www.facebook.com\/cdeuniversidadalmeria\/","article_published_time":"2018-09-25T09:25:52+00:00","article_modified_time":"2018-09-25T12:12:13+00:00","og_image":[{"width":2500,"height":1000,"url":"https:\/\/www.cde.ual.es\/wp-content\/uploads\/2018\/09\/beach-exotic-holiday-248797.jpg","type":"image\/jpeg"}],"author":"BECA 2 CDE","twitter_card":"summary_large_image","twitter_creator":"@cdeualmeria","twitter_site":"@cdeualmeria","twitter_misc":{"Written by":"BECA 2 CDE","Est. reading time":"2 minutes"},"schema":{"@context":"https:\/\/schema.org","@graph":[{"@type":"Article","@id":"https:\/\/www.cde.ual.es\/en\/practicas-remuneradas-en-la-delegacion-de-la-ue-en-el-pacifico-islas-fiji\/#article","isPartOf":{"@id":"https:\/\/www.cde.ual.es\/en\/practicas-remuneradas-en-la-delegacion-de-la-ue-en-el-pacifico-islas-fiji\/"},"author":{"name":"BECA 2 CDE","@id":"https:\/\/www.cde.ual.es\/#\/schema\/person\/ee46ebc19edfa19598c02cff83335acc"},"headline":"Pr\u00e1cticas remuneradas en la Delegaci\u00f3n de la UE en el Pac\u00edfico (Islas Fiji)","datePublished":"2018-09-25T09:25:52+00:00","dateModified":"2018-09-25T12:12:13+00:00","mainEntityOfPage":{"@id":"https:\/\/www.cde.ual.es\/en\/practicas-remuneradas-en-la-delegacion-de-la-ue-en-el-pacifico-islas-fiji\/"},"wordCount":348,"commentCount":0,"publisher":{"@id":"https:\/\/www.cde.ual.es\/#organization"},"image":{"@id":"https:\/\/www.cde.ual.es\/en\/practicas-remuneradas-en-la-delegacion-de-la-ue-en-el-pacifico-islas-fiji\/#primaryimage"},"thumbnailUrl":"https:\/\/www.cde.ual.es\/wp-content\/uploads\/2018\/09\/beach-exotic-holiday-248797.jpg","keywords":["Pac\u00edfico","pr\u00e1cticas","Uni\u00f3n Europea"],"articleSection":["Noticias UE"],"inLanguage":"en-US","potentialAction":[{"@type":"CommentAction","name":"Comment","target":["https:\/\/www.cde.ual.es\/en\/practicas-remuneradas-en-la-delegacion-de-la-ue-en-el-pacifico-islas-fiji\/#respond"]}]},{"@type":"WebPage","@id":"https:\/\/www.cde.ual.es\/en\/practicas-remuneradas-en-la-delegacion-de-la-ue-en-el-pacifico-islas-fiji\/","url":"https:\/\/www.cde.ual.es\/en\/practicas-remuneradas-en-la-delegacion-de-la-ue-en-el-pacifico-islas-fiji\/","name":"Pr\u00e1cticas remuneradas en la Delegaci\u00f3n de la UE en el Pac\u00edfico (Islas Fiji) | CDE Almer\u00eda - Centro de Documentaci\u00f3n Europea - Universidad de Almer\u00eda","isPartOf":{"@id":"https:\/\/www.cde.ual.es\/#website"},"primaryImageOfPage":{"@id":"https:\/\/www.cde.ual.es\/en\/practicas-remuneradas-en-la-delegacion-de-la-ue-en-el-pacifico-islas-fiji\/#primaryimage"},"image":{"@id":"https:\/\/www.cde.ual.es\/en\/practicas-remuneradas-en-la-delegacion-de-la-ue-en-el-pacifico-islas-fiji\/#primaryimage"},"thumbnailUrl":"https:\/\/www.cde.ual.es\/wp-content\/uploads\/2018\/09\/beach-exotic-holiday-248797.jpg","datePublished":"2018-09-25T09:25:52+00:00","dateModified":"2018-09-25T12:12:13+00:00","breadcrumb":{"@id":"https:\/\/www.cde.ual.es\/en\/practicas-remuneradas-en-la-delegacion-de-la-ue-en-el-pacifico-islas-fiji\/#breadcrumb"},"inLanguage":"en-US","potentialAction":[{"@type":"ReadAction","target":["https:\/\/www.cde.ual.es\/en\/practicas-remuneradas-en-la-delegacion-de-la-ue-en-el-pacifico-islas-fiji\/"]}]},{"@type":"ImageObject","inLanguage":"en-US","@id":"https:\/\/www.cde.ual.es\/en\/practicas-remuneradas-en-la-delegacion-de-la-ue-en-el-pacifico-islas-fiji\/#primaryimage","url":"https:\/\/www.cde.ual.es\/wp-content\/uploads\/2018\/09\/beach-exotic-holiday-248797.jpg","contentUrl":"https:\/\/www.cde.ual.es\/wp-content\/uploads\/2018\/09\/beach-exotic-holiday-248797.jpg","width":2500,"height":1000},{"@type":"BreadcrumbList","@id":"https:\/\/www.cde.ual.es\/en\/practicas-remuneradas-en-la-delegacion-de-la-ue-en-el-pacifico-islas-fiji\/#breadcrumb","itemListElement":[{"@type":"ListItem","position":1,"name":"Inicio","item":"https:\/\/www.cde.ual.es\/en\/"},{"@type":"ListItem","position":2,"name":"EU News","item":"https:\/\/www.cde.ual.es\/en\/category\/eu-news\/"},{"@type":"ListItem","position":3,"name":"Pr\u00e1cticas remuneradas en la Delegaci\u00f3n de la UE en el Pac\u00edfico (Islas Fiji)"}]},{"@type":"WebSite","@id":"https:\/\/www.cde.ual.es\/#website","url":"https:\/\/www.cde.ual.es\/","name":"CDE Almer\u00eda - Centro de Documentaci\u00f3n Europea - Universidad de Almer\u00eda","description":"Centro de Documentaci\u00f3n Europea de la Universidad de Almer\u00eda","publisher":{"@id":"https:\/\/www.cde.ual.es\/#organization"},"alternateName":"CDE Almer\u00eda","potentialAction":[{"@type":"SearchAction","target":{"@type":"EntryPoint","urlTemplate":"https:\/\/www.cde.ual.es\/?s={search_term_string}"},"query-input":{"@type":"PropertyValueSpecification","valueRequired":true,"valueName":"search_term_string"}}],"inLanguage":"en-US"},{"@type":"Organization","@id":"https:\/\/www.cde.ual.es\/#organization","name":"Centro de Documentaci\u00f3n Europea de Almer\u00eda","url":"https:\/\/www.cde.ual.es\/","logo":{"@type":"ImageObject","inLanguage":"en-US","@id":"https:\/\/www.cde.ual.es\/#\/schema\/logo\/image\/","url":"https:\/\/www.cde.ual.es\/wp-content\/uploads\/2025\/07\/cde-logo-3.png","contentUrl":"https:\/\/www.cde.ual.es\/wp-content\/uploads\/2025\/07\/cde-logo-3.png","width":1400,"height":300,"caption":"Centro de Documentaci\u00f3n Europea de Almer\u00eda"},"image":{"@id":"https:\/\/www.cde.ual.es\/#\/schema\/logo\/image\/"},"sameAs":["https:\/\/www.facebook.com\/cdeuniversidadalmeria\/","https:\/\/x.com\/cdeualmeria","https:\/\/www.tiktok.com\/@cdealmeria","https:\/\/www.instagram.com\/cdealmeria\/","https:\/\/www.linkedin.com\/in\/cde-almera-812b26a9\/"]},{"@type":"Person","@id":"https:\/\/www.cde.ual.es\/#\/schema\/person\/ee46ebc19edfa19598c02cff83335acc","name":"BECA 2 CDE","image":{"@type":"ImageObject","inLanguage":"en-US","@id":"https:\/\/secure.gravatar.com\/avatar\/35a481bbc04bbd90e91bdfa3b0b5541036c222a49b9ad37b6889a2afcb5311a5?s=96&d=mm&r=g","url":"https:\/\/secure.gravatar.com\/avatar\/35a481bbc04bbd90e91bdfa3b0b5541036c222a49b9ad37b6889a2afcb5311a5?s=96&d=mm&r=g","contentUrl":"https:\/\/secure.gravatar.com\/avatar\/35a481bbc04bbd90e91bdfa3b0b5541036c222a49b9ad37b6889a2afcb5311a5?s=96&d=mm&r=g","caption":"BECA 2 CDE"},"sameAs":["http:\/\/www.cdealmeria.com"]}]}},"_links":{"self":[{"href":"https:\/\/www.cde.ual.es\/en\/wp-json\/wp\/v2\/posts\/8587","targetHints":{"allow":["GET"]}}],"collection":[{"href":"https:\/\/www.cde.ual.es\/en\/wp-json\/wp\/v2\/posts"}],"about":[{"href":"https:\/\/www.cde.ual.es\/en\/wp-json\/wp\/v2\/types\/post"}],"author":[{"embeddable":true,"href":"https:\/\/www.cde.ual.es\/en\/wp-json\/wp\/v2\/users\/101011"}],"replies":[{"embeddable":true,"href":"https:\/\/www.cde.ual.es\/en\/wp-json\/wp\/v2\/comments?post=8587"}],"version-history":[{"count":0,"href":"https:\/\/www.cde.ual.es\/en\/wp-json\/wp\/v2\/posts\/8587\/revisions"}],"wp:featuredmedia":[{"embeddable":true,"href":"https:\/\/www.cde.ual.es\/en\/wp-json\/wp\/v2\/media\/8603"}],"wp:attachment":[{"href":"https:\/\/www.cde.ual.es\/en\/wp-json\/wp\/v2\/media?parent=8587"}],"wp:term":[{"taxonomy":"category","embeddable":true,"href":"https:\/\/www.cde.ual.es\/en\/wp-json\/wp\/v2\/categories?post=8587"},{"taxonomy":"post_tag","embeddable":true,"href":"https:\/\/www.cde.ual.es\/en\/wp-json\/wp\/v2\/tags?post=8587"}],"curies":[{"name":"wp","href":"https:\/\/api.w.org\/{rel}","templated":true}]}}