{"id":8536,"date":"2018-09-25T09:06:13","date_gmt":"2018-09-25T07:06:13","guid":{"rendered":"http:\/\/www.cde.ual.es\/?p=8536"},"modified":"2018-09-25T09:06:13","modified_gmt":"2018-09-25T07:06:13","slug":"la-comision-europea-lleva-a-polonia-ante-el-tribunal-de-justicia-para-preservar-la-independencia-del-tribunal-supremo-de-polonia","status":"publish","type":"post","link":"https:\/\/www.cde.ual.es\/en\/la-comision-europea-lleva-a-polonia-ante-el-tribunal-de-justicia-para-preservar-la-independencia-del-tribunal-supremo-de-polonia\/","title":{"rendered":"La Comisi\u00f3n Europea lleva a Polonia ante el Tribunal de Justicia para preservar la independencia del Tribunal Supremo de Polonia"},"content":{"rendered":"<h2>La Comisi\u00f3n Europea ha decidido\u00a0 llevar a Polonia ante el Tribunal de Justicia de la UE debido a las vulneraciones del principio de independencia judicial a que da lugar la nueva Ley polaca del Tribunal Supremo<\/h2>\n<p>La nueva Ley polaca del Tribunal Supremo reduce la edad de jubilaci\u00f3n de los jueces de dicho Tribunal de 70 a 65 a\u00f1os, lo que har\u00e1 que unos 27 de los 72 jueces en ejercicio del Tribunal se vean obligados a jubilarse. Esta medida se aplica tambi\u00e9n al presidente primero del Tribunal Supremo, cuyo mandato de seis a\u00f1os, fijado en la Constituci\u00f3n polaca, se ver\u00eda prematuramente interrumpido.<\/p>\n<p>De acuerdo con la Ley, que entr\u00f3 en vigor el 3 de abril de 2018, se ofrece a los jueces afectados por la reducci\u00f3n de la edad de jubilaci\u00f3n la posibilidad de solicitar una pr\u00f3rroga de su mandato al presidente de la Rep\u00fablica, que este puede conceder por un periodo de tres a\u00f1os y renovar una vez.<\/p>\n<p>La Comisi\u00f3n Europea mantiene su posici\u00f3n de que la Ley polaca del Tribunal Supremo es incompatible con el Derecho de la UE, dado que socava el principio de la independencia del poder judicial, incluida la inamovilidad de los jueces, y Polonia incumple, por lo tanto, sus obligaciones en virtud del art\u00edculo 19, apartado 1, del Tratado de la Uni\u00f3n Europea, le\u00eddo en relaci\u00f3n con el art\u00edculo 47 de la Carta de los Derechos Fundamentales de la Uni\u00f3n Europea.<\/p>\n<p>La Comisi\u00f3n envi\u00f3 una carta de emplazamiento a las autoridades polacas el 2 de julio de 2018 relativa a la Ley del Tribunal Supremo y prosigui\u00f3 con un dictamen motivado el 14 de agosto de 2018. La respuesta de las autoridades polacas a ambos escritos no disipa las reservas jur\u00eddicas que abriga la Comisi\u00f3n.<\/p>\n<h2>Contexto<\/h2>\n<p>El Estado de Derecho es uno de los valores comunes en los que se funda la Uni\u00f3n Europea. Est\u00e1 consagrado en el art\u00edculo 2 del Tratado de la Uni\u00f3n Europea. La Comisi\u00f3n Europea, junto con el Parlamento Europeo y el Consejo, es responsable, con arreglo a los Tratados, de garantizar el respeto del Estado de Derecho como valor fundamental de la Uni\u00f3n y de velar por que se respeten la legislaci\u00f3n, los valores y los principios de la UE.<\/p>\n<p>La evoluci\u00f3n de la situaci\u00f3n en Polonia dio lugar a que la Comisi\u00f3n Europea iniciara un di\u00e1logo con el Gobierno de Polonia en enero de 2016 con arreglo al Marco del Estado de Derecho. El proceso se basa en un di\u00e1logo permanente entre la Comisi\u00f3n y el Estado miembro de que se trate. La Comisi\u00f3n mantiene peri\u00f3dicamente informados al Parlamento Europeo y al Consejo.<\/p>\n<p>&nbsp;<\/p>\n<p>Leer m\u00e1s:\u00a0<a href=\"http:\/\/europa.eu\/rapid\/press-release_IP-18-5830_es.htm\">Noticia Completa<\/a><\/p>\n<p>&nbsp;<\/p>\n","protected":false},"excerpt":{"rendered":"<p>La Comisi\u00f3n Europea ha decidido\u00a0 llevar a Polonia ante el Tribunal de Justicia de la UE debido a las vulneraciones del principio de independencia judicial a que da lugar la nueva Ley polaca del Tribunal Supremo La nueva Ley polaca del Tribunal Supremo reduce la edad de jubilaci\u00f3n de los jueces de dicho Tribunal de [&hellip;]<\/p>\n","protected":false},"author":101012,"featured_media":8540,"comment_status":"open","ping_status":"open","sticky":false,"template":"","format":"standard","meta":{"_acf_changed":false,"_relevanssi_hide_post":"","_relevanssi_hide_content":"","_relevanssi_pin_for_all":"","_relevanssi_pin_keywords":"","_relevanssi_unpin_keywords":"","_relevanssi_related_keywords":"","_relevanssi_related_include_ids":"","_relevanssi_related_exclude_ids":"","_relevanssi_related_no_append":"","_relevanssi_related_not_related":"","_relevanssi_related_posts":"","_relevanssi_noindex_reason":"","_monsterinsights_skip_tracking":false,"_monsterinsights_sitenote_active":false,"_monsterinsights_sitenote_note":"","_monsterinsights_sitenote_category":0,"_genesis_hide_title":false,"_genesis_hide_breadcrumbs":false,"_genesis_hide_singular_image":false,"_genesis_hide_footer_widgets":false,"_genesis_custom_body_class":"","_genesis_custom_post_class":"","_genesis_layout":"","footnotes":""},"categories":[96],"tags":[135],"class_list":{"0":"post-8536","1":"post","2":"type-post","3":"status-publish","4":"format-standard","5":"has-post-thumbnail","7":"category-noticias-ue","8":"tag-union-europea","9":"entry"},"acf":[],"yoast_head":"<!-- This site is optimized with the Yoast SEO plugin v27.4 - https:\/\/yoast.com\/product\/yoast-seo-wordpress\/ -->\n<title>La Comisi\u00f3n Europea lleva a Polonia ante el Tribunal de Justicia para preservar la independencia del Tribunal Supremo de Polonia | CDE Almer\u00eda - Centro de Documentaci\u00f3n Europea - Universidad de Almer\u00eda<\/title>\n<meta name=\"robots\" content=\"index, follow, max-snippet:-1, max-image-preview:large, max-video-preview:-1\" \/>\n<link rel=\"canonical\" href=\"https:\/\/www.cde.ual.es\/la-comision-europea-lleva-a-polonia-ante-el-tribunal-de-justicia-para-preservar-la-independencia-del-tribunal-supremo-de-polonia\/\" \/>\n<meta property=\"og:locale\" content=\"en_US\" \/>\n<meta property=\"og:type\" content=\"article\" \/>\n<meta property=\"og:title\" content=\"La Comisi\u00f3n Europea lleva a Polonia ante el Tribunal de Justicia para preservar la independencia del Tribunal Supremo de Polonia | CDE Almer\u00eda - Centro de Documentaci\u00f3n Europea - Universidad de Almer\u00eda\" \/>\n<meta property=\"og:description\" content=\"La Comisi\u00f3n Europea ha decidido\u00a0 llevar a Polonia ante el Tribunal de Justicia de la UE debido a las vulneraciones del principio de independencia judicial a que da lugar la nueva Ley polaca del Tribunal Supremo La nueva Ley polaca del Tribunal Supremo reduce la edad de jubilaci\u00f3n de los jueces de dicho Tribunal de [&hellip;]\" \/>\n<meta property=\"og:url\" content=\"https:\/\/www.cde.ual.es\/la-comision-europea-lleva-a-polonia-ante-el-tribunal-de-justicia-para-preservar-la-independencia-del-tribunal-supremo-de-polonia\/\" \/>\n<meta property=\"og:site_name\" content=\"CDE Almer\u00eda - Centro de Documentaci\u00f3n Europea - Universidad de Almer\u00eda\" \/>\n<meta property=\"article:publisher\" content=\"https:\/\/www.facebook.com\/cdeuniversidadalmeria\/\" \/>\n<meta property=\"article:published_time\" content=\"2018-09-25T07:06:13+00:00\" \/>\n<meta property=\"og:image\" content=\"https:\/\/www.cde.ual.es\/wp-content\/uploads\/2018\/09\/Polonia-en-la-UE.jpg\" \/>\n\t<meta property=\"og:image:width\" content=\"840\" \/>\n\t<meta property=\"og:image:height\" content=\"467\" \/>\n\t<meta property=\"og:image:type\" content=\"image\/jpeg\" \/>\n<meta name=\"author\" content=\"BECACDE1\" \/>\n<meta name=\"twitter:card\" content=\"summary_large_image\" \/>\n<meta name=\"twitter:creator\" content=\"@cdeualmeria\" \/>\n<meta name=\"twitter:site\" content=\"@cdeualmeria\" \/>\n<meta name=\"twitter:label1\" content=\"Written by\" \/>\n\t<meta name=\"twitter:data1\" content=\"BECACDE1\" \/>\n\t<meta name=\"twitter:label2\" content=\"Est. reading time\" \/>\n\t<meta name=\"twitter:data2\" content=\"2 minutes\" \/>\n<script type=\"application\/ld+json\" class=\"yoast-schema-graph\">{\"@context\":\"https:\\\/\\\/schema.org\",\"@graph\":[{\"@type\":\"Article\",\"@id\":\"https:\\\/\\\/www.cde.ual.es\\\/la-comision-europea-lleva-a-polonia-ante-el-tribunal-de-justicia-para-preservar-la-independencia-del-tribunal-supremo-de-polonia\\\/#article\",\"isPartOf\":{\"@id\":\"https:\\\/\\\/www.cde.ual.es\\\/la-comision-europea-lleva-a-polonia-ante-el-tribunal-de-justicia-para-preservar-la-independencia-del-tribunal-supremo-de-polonia\\\/\"},\"author\":{\"name\":\"BECACDE1\",\"@id\":\"https:\\\/\\\/www.cde.ual.es\\\/#\\\/schema\\\/person\\\/bf2f837cf3353e2161fe1087adbd728f\"},\"headline\":\"La Comisi\u00f3n Europea lleva a Polonia ante el Tribunal de Justicia para preservar la independencia del Tribunal Supremo de Polonia\",\"datePublished\":\"2018-09-25T07:06:13+00:00\",\"mainEntityOfPage\":{\"@id\":\"https:\\\/\\\/www.cde.ual.es\\\/la-comision-europea-lleva-a-polonia-ante-el-tribunal-de-justicia-para-preservar-la-independencia-del-tribunal-supremo-de-polonia\\\/\"},\"wordCount\":486,\"commentCount\":0,\"publisher\":{\"@id\":\"https:\\\/\\\/www.cde.ual.es\\\/#organization\"},\"image\":{\"@id\":\"https:\\\/\\\/www.cde.ual.es\\\/la-comision-europea-lleva-a-polonia-ante-el-tribunal-de-justicia-para-preservar-la-independencia-del-tribunal-supremo-de-polonia\\\/#primaryimage\"},\"thumbnailUrl\":\"https:\\\/\\\/www.cde.ual.es\\\/wp-content\\\/uploads\\\/2018\\\/09\\\/Polonia-en-la-UE.jpg\",\"keywords\":[\"Uni\u00f3n Europea\"],\"articleSection\":[\"Noticias UE\"],\"inLanguage\":\"en-US\",\"potentialAction\":[{\"@type\":\"CommentAction\",\"name\":\"Comment\",\"target\":[\"https:\\\/\\\/www.cde.ual.es\\\/la-comision-europea-lleva-a-polonia-ante-el-tribunal-de-justicia-para-preservar-la-independencia-del-tribunal-supremo-de-polonia\\\/#respond\"]}]},{\"@type\":\"WebPage\",\"@id\":\"https:\\\/\\\/www.cde.ual.es\\\/la-comision-europea-lleva-a-polonia-ante-el-tribunal-de-justicia-para-preservar-la-independencia-del-tribunal-supremo-de-polonia\\\/\",\"url\":\"https:\\\/\\\/www.cde.ual.es\\\/la-comision-europea-lleva-a-polonia-ante-el-tribunal-de-justicia-para-preservar-la-independencia-del-tribunal-supremo-de-polonia\\\/\",\"name\":\"La Comisi\u00f3n Europea lleva a Polonia ante el Tribunal de Justicia para preservar la independencia del Tribunal Supremo de Polonia | CDE Almer\u00eda - Centro de Documentaci\u00f3n Europea - Universidad de Almer\u00eda\",\"isPartOf\":{\"@id\":\"https:\\\/\\\/www.cde.ual.es\\\/#website\"},\"primaryImageOfPage\":{\"@id\":\"https:\\\/\\\/www.cde.ual.es\\\/la-comision-europea-lleva-a-polonia-ante-el-tribunal-de-justicia-para-preservar-la-independencia-del-tribunal-supremo-de-polonia\\\/#primaryimage\"},\"image\":{\"@id\":\"https:\\\/\\\/www.cde.ual.es\\\/la-comision-europea-lleva-a-polonia-ante-el-tribunal-de-justicia-para-preservar-la-independencia-del-tribunal-supremo-de-polonia\\\/#primaryimage\"},\"thumbnailUrl\":\"https:\\\/\\\/www.cde.ual.es\\\/wp-content\\\/uploads\\\/2018\\\/09\\\/Polonia-en-la-UE.jpg\",\"datePublished\":\"2018-09-25T07:06:13+00:00\",\"breadcrumb\":{\"@id\":\"https:\\\/\\\/www.cde.ual.es\\\/la-comision-europea-lleva-a-polonia-ante-el-tribunal-de-justicia-para-preservar-la-independencia-del-tribunal-supremo-de-polonia\\\/#breadcrumb\"},\"inLanguage\":\"en-US\",\"potentialAction\":[{\"@type\":\"ReadAction\",\"target\":[\"https:\\\/\\\/www.cde.ual.es\\\/la-comision-europea-lleva-a-polonia-ante-el-tribunal-de-justicia-para-preservar-la-independencia-del-tribunal-supremo-de-polonia\\\/\"]}]},{\"@type\":\"ImageObject\",\"inLanguage\":\"en-US\",\"@id\":\"https:\\\/\\\/www.cde.ual.es\\\/la-comision-europea-lleva-a-polonia-ante-el-tribunal-de-justicia-para-preservar-la-independencia-del-tribunal-supremo-de-polonia\\\/#primaryimage\",\"url\":\"https:\\\/\\\/www.cde.ual.es\\\/wp-content\\\/uploads\\\/2018\\\/09\\\/Polonia-en-la-UE.jpg\",\"contentUrl\":\"https:\\\/\\\/www.cde.ual.es\\\/wp-content\\\/uploads\\\/2018\\\/09\\\/Polonia-en-la-UE.jpg\",\"width\":840,\"height\":467,\"caption\":\"bandera polonia y eu\"},{\"@type\":\"BreadcrumbList\",\"@id\":\"https:\\\/\\\/www.cde.ual.es\\\/la-comision-europea-lleva-a-polonia-ante-el-tribunal-de-justicia-para-preservar-la-independencia-del-tribunal-supremo-de-polonia\\\/#breadcrumb\",\"itemListElement\":[{\"@type\":\"ListItem\",\"position\":1,\"name\":\"Inicio\",\"item\":\"https:\\\/\\\/www.cde.ual.es\\\/en\\\/\"},{\"@type\":\"ListItem\",\"position\":2,\"name\":\"Noticias UE\",\"item\":\"https:\\\/\\\/www.cde.ual.es\\\/category\\\/noticias-ue\\\/\"},{\"@type\":\"ListItem\",\"position\":3,\"name\":\"La Comisi\u00f3n Europea lleva a Polonia ante el Tribunal de Justicia para preservar la independencia del Tribunal Supremo de Polonia\"}]},{\"@type\":\"WebSite\",\"@id\":\"https:\\\/\\\/www.cde.ual.es\\\/#website\",\"url\":\"https:\\\/\\\/www.cde.ual.es\\\/\",\"name\":\"CDE Almer\u00eda - Centro de Documentaci\u00f3n Europea - Universidad de Almer\u00eda\",\"description\":\"Centro de Documentaci\u00f3n Europea de la Universidad de Almer\u00eda\",\"publisher\":{\"@id\":\"https:\\\/\\\/www.cde.ual.es\\\/#organization\"},\"alternateName\":\"CDE Almer\u00eda\",\"potentialAction\":[{\"@type\":\"SearchAction\",\"target\":{\"@type\":\"EntryPoint\",\"urlTemplate\":\"https:\\\/\\\/www.cde.ual.es\\\/?s={search_term_string}\"},\"query-input\":{\"@type\":\"PropertyValueSpecification\",\"valueRequired\":true,\"valueName\":\"search_term_string\"}}],\"inLanguage\":\"en-US\"},{\"@type\":\"Organization\",\"@id\":\"https:\\\/\\\/www.cde.ual.es\\\/#organization\",\"name\":\"Centro de Documentaci\u00f3n Europea de Almer\u00eda\",\"url\":\"https:\\\/\\\/www.cde.ual.es\\\/\",\"logo\":{\"@type\":\"ImageObject\",\"inLanguage\":\"en-US\",\"@id\":\"https:\\\/\\\/www.cde.ual.es\\\/#\\\/schema\\\/logo\\\/image\\\/\",\"url\":\"https:\\\/\\\/www.cde.ual.es\\\/wp-content\\\/uploads\\\/2025\\\/07\\\/cde-logo-3.png\",\"contentUrl\":\"https:\\\/\\\/www.cde.ual.es\\\/wp-content\\\/uploads\\\/2025\\\/07\\\/cde-logo-3.png\",\"width\":1400,\"height\":300,\"caption\":\"Centro de Documentaci\u00f3n Europea de Almer\u00eda\"},\"image\":{\"@id\":\"https:\\\/\\\/www.cde.ual.es\\\/#\\\/schema\\\/logo\\\/image\\\/\"},\"sameAs\":[\"https:\\\/\\\/www.facebook.com\\\/cdeuniversidadalmeria\\\/\",\"https:\\\/\\\/x.com\\\/cdeualmeria\",\"https:\\\/\\\/www.tiktok.com\\\/@cdealmeria\",\"https:\\\/\\\/www.instagram.com\\\/cdealmeria\\\/\",\"https:\\\/\\\/www.linkedin.com\\\/in\\\/cde-almera-812b26a9\\\/\"]},{\"@type\":\"Person\",\"@id\":\"https:\\\/\\\/www.cde.ual.es\\\/#\\\/schema\\\/person\\\/bf2f837cf3353e2161fe1087adbd728f\",\"name\":\"BECACDE1\",\"image\":{\"@type\":\"ImageObject\",\"inLanguage\":\"en-US\",\"@id\":\"https:\\\/\\\/secure.gravatar.com\\\/avatar\\\/16a4c1e422b5dec818ee13eab3353b19db9cfd278cc10f9b0e1188a37671d9d4?s=96&d=mm&r=g\",\"url\":\"https:\\\/\\\/secure.gravatar.com\\\/avatar\\\/16a4c1e422b5dec818ee13eab3353b19db9cfd278cc10f9b0e1188a37671d9d4?s=96&d=mm&r=g\",\"contentUrl\":\"https:\\\/\\\/secure.gravatar.com\\\/avatar\\\/16a4c1e422b5dec818ee13eab3353b19db9cfd278cc10f9b0e1188a37671d9d4?s=96&d=mm&r=g\",\"caption\":\"BECACDE1\"},\"sameAs\":[\"http:\\\/\\\/www.cdealmeria.com\"]}]}<\/script>\n<!-- \/ Yoast SEO plugin. -->","yoast_head_json":{"title":"La Comisi\u00f3n Europea lleva a Polonia ante el Tribunal de Justicia para preservar la independencia del Tribunal Supremo de Polonia | CDE Almer\u00eda - Centro de Documentaci\u00f3n Europea - Universidad de Almer\u00eda","robots":{"index":"index","follow":"follow","max-snippet":"max-snippet:-1","max-image-preview":"max-image-preview:large","max-video-preview":"max-video-preview:-1"},"canonical":"https:\/\/www.cde.ual.es\/la-comision-europea-lleva-a-polonia-ante-el-tribunal-de-justicia-para-preservar-la-independencia-del-tribunal-supremo-de-polonia\/","og_locale":"en_US","og_type":"article","og_title":"La Comisi\u00f3n Europea lleva a Polonia ante el Tribunal de Justicia para preservar la independencia del Tribunal Supremo de Polonia | CDE Almer\u00eda - Centro de Documentaci\u00f3n Europea - Universidad de Almer\u00eda","og_description":"La Comisi\u00f3n Europea ha decidido\u00a0 llevar a Polonia ante el Tribunal de Justicia de la UE debido a las vulneraciones del principio de independencia judicial a que da lugar la nueva Ley polaca del Tribunal Supremo La nueva Ley polaca del Tribunal Supremo reduce la edad de jubilaci\u00f3n de los jueces de dicho Tribunal de [&hellip;]","og_url":"https:\/\/www.cde.ual.es\/la-comision-europea-lleva-a-polonia-ante-el-tribunal-de-justicia-para-preservar-la-independencia-del-tribunal-supremo-de-polonia\/","og_site_name":"CDE Almer\u00eda - Centro de Documentaci\u00f3n Europea - Universidad de Almer\u00eda","article_publisher":"https:\/\/www.facebook.com\/cdeuniversidadalmeria\/","article_published_time":"2018-09-25T07:06:13+00:00","og_image":[{"width":840,"height":467,"url":"https:\/\/www.cde.ual.es\/wp-content\/uploads\/2018\/09\/Polonia-en-la-UE.jpg","type":"image\/jpeg"}],"author":"BECACDE1","twitter_card":"summary_large_image","twitter_creator":"@cdeualmeria","twitter_site":"@cdeualmeria","twitter_misc":{"Written by":"BECACDE1","Est. reading time":"2 minutes"},"schema":{"@context":"https:\/\/schema.org","@graph":[{"@type":"Article","@id":"https:\/\/www.cde.ual.es\/la-comision-europea-lleva-a-polonia-ante-el-tribunal-de-justicia-para-preservar-la-independencia-del-tribunal-supremo-de-polonia\/#article","isPartOf":{"@id":"https:\/\/www.cde.ual.es\/la-comision-europea-lleva-a-polonia-ante-el-tribunal-de-justicia-para-preservar-la-independencia-del-tribunal-supremo-de-polonia\/"},"author":{"name":"BECACDE1","@id":"https:\/\/www.cde.ual.es\/#\/schema\/person\/bf2f837cf3353e2161fe1087adbd728f"},"headline":"La Comisi\u00f3n Europea lleva a Polonia ante el Tribunal de Justicia para preservar la independencia del Tribunal Supremo de Polonia","datePublished":"2018-09-25T07:06:13+00:00","mainEntityOfPage":{"@id":"https:\/\/www.cde.ual.es\/la-comision-europea-lleva-a-polonia-ante-el-tribunal-de-justicia-para-preservar-la-independencia-del-tribunal-supremo-de-polonia\/"},"wordCount":486,"commentCount":0,"publisher":{"@id":"https:\/\/www.cde.ual.es\/#organization"},"image":{"@id":"https:\/\/www.cde.ual.es\/la-comision-europea-lleva-a-polonia-ante-el-tribunal-de-justicia-para-preservar-la-independencia-del-tribunal-supremo-de-polonia\/#primaryimage"},"thumbnailUrl":"https:\/\/www.cde.ual.es\/wp-content\/uploads\/2018\/09\/Polonia-en-la-UE.jpg","keywords":["Uni\u00f3n Europea"],"articleSection":["Noticias UE"],"inLanguage":"en-US","potentialAction":[{"@type":"CommentAction","name":"Comment","target":["https:\/\/www.cde.ual.es\/la-comision-europea-lleva-a-polonia-ante-el-tribunal-de-justicia-para-preservar-la-independencia-del-tribunal-supremo-de-polonia\/#respond"]}]},{"@type":"WebPage","@id":"https:\/\/www.cde.ual.es\/la-comision-europea-lleva-a-polonia-ante-el-tribunal-de-justicia-para-preservar-la-independencia-del-tribunal-supremo-de-polonia\/","url":"https:\/\/www.cde.ual.es\/la-comision-europea-lleva-a-polonia-ante-el-tribunal-de-justicia-para-preservar-la-independencia-del-tribunal-supremo-de-polonia\/","name":"La Comisi\u00f3n Europea lleva a Polonia ante el Tribunal de Justicia para preservar la independencia del Tribunal Supremo de Polonia | CDE Almer\u00eda - Centro de Documentaci\u00f3n Europea - Universidad de Almer\u00eda","isPartOf":{"@id":"https:\/\/www.cde.ual.es\/#website"},"primaryImageOfPage":{"@id":"https:\/\/www.cde.ual.es\/la-comision-europea-lleva-a-polonia-ante-el-tribunal-de-justicia-para-preservar-la-independencia-del-tribunal-supremo-de-polonia\/#primaryimage"},"image":{"@id":"https:\/\/www.cde.ual.es\/la-comision-europea-lleva-a-polonia-ante-el-tribunal-de-justicia-para-preservar-la-independencia-del-tribunal-supremo-de-polonia\/#primaryimage"},"thumbnailUrl":"https:\/\/www.cde.ual.es\/wp-content\/uploads\/2018\/09\/Polonia-en-la-UE.jpg","datePublished":"2018-09-25T07:06:13+00:00","breadcrumb":{"@id":"https:\/\/www.cde.ual.es\/la-comision-europea-lleva-a-polonia-ante-el-tribunal-de-justicia-para-preservar-la-independencia-del-tribunal-supremo-de-polonia\/#breadcrumb"},"inLanguage":"en-US","potentialAction":[{"@type":"ReadAction","target":["https:\/\/www.cde.ual.es\/la-comision-europea-lleva-a-polonia-ante-el-tribunal-de-justicia-para-preservar-la-independencia-del-tribunal-supremo-de-polonia\/"]}]},{"@type":"ImageObject","inLanguage":"en-US","@id":"https:\/\/www.cde.ual.es\/la-comision-europea-lleva-a-polonia-ante-el-tribunal-de-justicia-para-preservar-la-independencia-del-tribunal-supremo-de-polonia\/#primaryimage","url":"https:\/\/www.cde.ual.es\/wp-content\/uploads\/2018\/09\/Polonia-en-la-UE.jpg","contentUrl":"https:\/\/www.cde.ual.es\/wp-content\/uploads\/2018\/09\/Polonia-en-la-UE.jpg","width":840,"height":467,"caption":"bandera polonia y eu"},{"@type":"BreadcrumbList","@id":"https:\/\/www.cde.ual.es\/la-comision-europea-lleva-a-polonia-ante-el-tribunal-de-justicia-para-preservar-la-independencia-del-tribunal-supremo-de-polonia\/#breadcrumb","itemListElement":[{"@type":"ListItem","position":1,"name":"Inicio","item":"https:\/\/www.cde.ual.es\/en\/"},{"@type":"ListItem","position":2,"name":"Noticias UE","item":"https:\/\/www.cde.ual.es\/category\/noticias-ue\/"},{"@type":"ListItem","position":3,"name":"La Comisi\u00f3n Europea lleva a Polonia ante el Tribunal de Justicia para preservar la independencia del Tribunal Supremo de Polonia"}]},{"@type":"WebSite","@id":"https:\/\/www.cde.ual.es\/#website","url":"https:\/\/www.cde.ual.es\/","name":"CDE Almer\u00eda - Centro de Documentaci\u00f3n Europea - Universidad de Almer\u00eda","description":"Centro de Documentaci\u00f3n Europea de la Universidad de Almer\u00eda","publisher":{"@id":"https:\/\/www.cde.ual.es\/#organization"},"alternateName":"CDE Almer\u00eda","potentialAction":[{"@type":"SearchAction","target":{"@type":"EntryPoint","urlTemplate":"https:\/\/www.cde.ual.es\/?s={search_term_string}"},"query-input":{"@type":"PropertyValueSpecification","valueRequired":true,"valueName":"search_term_string"}}],"inLanguage":"en-US"},{"@type":"Organization","@id":"https:\/\/www.cde.ual.es\/#organization","name":"Centro de Documentaci\u00f3n Europea de Almer\u00eda","url":"https:\/\/www.cde.ual.es\/","logo":{"@type":"ImageObject","inLanguage":"en-US","@id":"https:\/\/www.cde.ual.es\/#\/schema\/logo\/image\/","url":"https:\/\/www.cde.ual.es\/wp-content\/uploads\/2025\/07\/cde-logo-3.png","contentUrl":"https:\/\/www.cde.ual.es\/wp-content\/uploads\/2025\/07\/cde-logo-3.png","width":1400,"height":300,"caption":"Centro de Documentaci\u00f3n Europea de Almer\u00eda"},"image":{"@id":"https:\/\/www.cde.ual.es\/#\/schema\/logo\/image\/"},"sameAs":["https:\/\/www.facebook.com\/cdeuniversidadalmeria\/","https:\/\/x.com\/cdeualmeria","https:\/\/www.tiktok.com\/@cdealmeria","https:\/\/www.instagram.com\/cdealmeria\/","https:\/\/www.linkedin.com\/in\/cde-almera-812b26a9\/"]},{"@type":"Person","@id":"https:\/\/www.cde.ual.es\/#\/schema\/person\/bf2f837cf3353e2161fe1087adbd728f","name":"BECACDE1","image":{"@type":"ImageObject","inLanguage":"en-US","@id":"https:\/\/secure.gravatar.com\/avatar\/16a4c1e422b5dec818ee13eab3353b19db9cfd278cc10f9b0e1188a37671d9d4?s=96&d=mm&r=g","url":"https:\/\/secure.gravatar.com\/avatar\/16a4c1e422b5dec818ee13eab3353b19db9cfd278cc10f9b0e1188a37671d9d4?s=96&d=mm&r=g","contentUrl":"https:\/\/secure.gravatar.com\/avatar\/16a4c1e422b5dec818ee13eab3353b19db9cfd278cc10f9b0e1188a37671d9d4?s=96&d=mm&r=g","caption":"BECACDE1"},"sameAs":["http:\/\/www.cdealmeria.com"]}]}},"_links":{"self":[{"href":"https:\/\/www.cde.ual.es\/en\/wp-json\/wp\/v2\/posts\/8536","targetHints":{"allow":["GET"]}}],"collection":[{"href":"https:\/\/www.cde.ual.es\/en\/wp-json\/wp\/v2\/posts"}],"about":[{"href":"https:\/\/www.cde.ual.es\/en\/wp-json\/wp\/v2\/types\/post"}],"author":[{"embeddable":true,"href":"https:\/\/www.cde.ual.es\/en\/wp-json\/wp\/v2\/users\/101012"}],"replies":[{"embeddable":true,"href":"https:\/\/www.cde.ual.es\/en\/wp-json\/wp\/v2\/comments?post=8536"}],"version-history":[{"count":0,"href":"https:\/\/www.cde.ual.es\/en\/wp-json\/wp\/v2\/posts\/8536\/revisions"}],"wp:featuredmedia":[{"embeddable":true,"href":"https:\/\/www.cde.ual.es\/en\/wp-json\/wp\/v2\/media\/8540"}],"wp:attachment":[{"href":"https:\/\/www.cde.ual.es\/en\/wp-json\/wp\/v2\/media?parent=8536"}],"wp:term":[{"taxonomy":"category","embeddable":true,"href":"https:\/\/www.cde.ual.es\/en\/wp-json\/wp\/v2\/categories?post=8536"},{"taxonomy":"post_tag","embeddable":true,"href":"https:\/\/www.cde.ual.es\/en\/wp-json\/wp\/v2\/tags?post=8536"}],"curies":[{"name":"wp","href":"https:\/\/api.w.org\/{rel}","templated":true}]}}