{"id":85226,"date":"2021-10-01T13:23:58","date_gmt":"2021-10-01T11:23:58","guid":{"rendered":"https:\/\/www.cde.ual.es\/?p=85226"},"modified":"2021-11-09T13:25:22","modified_gmt":"2021-11-09T12:25:22","slug":"covid-19-vaccination-in-europe-september","status":"publish","type":"post","link":"https:\/\/www.cde.ual.es\/en\/covid-19-vaccination-in-europe-september\/","title":{"rendered":"COVID-19 Vaccination in Europe &#8211; September"},"content":{"rendered":"<h2><a href=\"https:\/\/www.cde.ual.es\/wp-content\/uploads\/2021\/05\/vaccination-in-europe.png\"><img decoding=\"async\" class=\"aligncenter wp-image-70777\" src=\"https:\/\/www.cde.ual.es\/wp-content\/uploads\/2021\/05\/vaccination-in-europe-1024x535.png\" alt=\"\" width=\"651\" height=\"340\" srcset=\"https:\/\/www.cde.ual.es\/wp-content\/uploads\/2021\/05\/vaccination-in-europe-1024x535.png 1024w, https:\/\/www.cde.ual.es\/wp-content\/uploads\/2021\/05\/vaccination-in-europe-300x157.png 300w, https:\/\/www.cde.ual.es\/wp-content\/uploads\/2021\/05\/vaccination-in-europe-768x401.png 768w, https:\/\/www.cde.ual.es\/wp-content\/uploads\/2021\/05\/vaccination-in-europe.png 1200w\" sizes=\"(max-width: 651px) 100vw, 651px\" \/><\/a><\/h2>\n<p>In this article, and with data collected from Our world in Data, we provide an analysis of the evolution of COVID-19 vaccination and hospitalizations in Europe during the moths of August and September.<\/p>\n<h3>Vaccination in Europe<\/h3>\n<p>During September Europe reached 411,745,042 vaccinated citizens, which means that 51.87% of Europeans have already received the full course of one of the licensed vaccines and have therefore been immunised against COVID-19. During September, a total of 57,575,288 people in Europe were fully vaccinated. The pace of vaccination in September was faster than in August as 4.01% more citizens were fully vaccinated in September than in August.<\/p>\n<div class=\"flourish-embed flourish-chart\" data-src=\"visualisation\/7170405\"><script src=\"https:\/\/public.flourish.studio\/resources\/embed.js\"><\/script><\/div>\n<p>The European countries which, to date, have vaccinated the highest percentage of their citizens are: Portugal (84.66 % of its population vaccinated), Malta (81.61 %), Iceland (80.53 %), Spain (78.44 %), Denmark (75.19 %) and Ireland (73.91 %).<\/p>\n<p>The countries with the slowest vaccination progress to date and the lowest percentage immunised are: Armenia (3.64 %), Ukraine (13.06 %) Belarus (14.75 %) Bulgaria (19.29 %), Moldova (19.5 %) and Albania (19.93 %).<\/p>\n<h3>Vaccination in the most populous countries<\/h3>\n<p>The most populous countries in Europe with the highest percentage of vaccinated population are: Spain (78.44 %), Italy (67.92 %), United Kingdom (65.83 %), France (65.83 %) and Germany (64.03 %).<\/p>\n<div class=\"flourish-embed flourish-chart\" data-src=\"visualisation\/7193614\"><script src=\"https:\/\/public.flourish.studio\/resources\/embed.js\"><\/script><\/div>\n<h3>Hospitalisations in Europe<\/h3>\n<p>As of 30 September, 34,578 citizens were hospitalised in Europe, a decrease of 13.94 % in the number of hospitalisations compared to August. The biggest increase in the number of hospitalised citizens was in Slovenia, where the number of hospitalised citizens increased by 654%, Hungary with an increase of 308%, the Czech Republic with an increase of 300%, Poland with an increase of 239%, Latvia where the number of hospitalised citizens increased by 197% and Lithuania with an increase of 105%.<\/p>\n<p>The countries where the number of inpatients decreased the most during the month of September were: Malta, where the number of inpatients decreased by 83.8%, Spain with a decrease of 62%, Portugal where the number of inpatients decreased by 43.2%, Cyprus with a decrease of 42.3%, and Switzerland which experienced a decrease of 41.6%.<\/p>\n<div class=\"flourish-embed flourish-chart\" data-src=\"visualisation\/7172498\"><script src=\"https:\/\/public.flourish.studio\/resources\/embed.js\"><\/script><\/div>\n<p>*Our World in Data does not provide data on hospitalizations in Russia, Turkey, Germany, Ukraine and Romania<br \/>\n<iframe title=\"YouTube video player\" src=\"https:\/\/www.youtube.com\/embed\/VAejup_dhVg\" width=\"560\" height=\"315\" frameborder=\"0\" allowfullscreen=\"allowfullscreen\" data-mce-fragment=\"1\"><\/iframe><\/p>\n","protected":false},"excerpt":{"rendered":"<p>In this article, and with data collected from Our world in Data, we provide an analysis of the evolution of COVID-19 vaccination and hospitalizations in Europe during the moths of August and September. Vaccination in Europe During September Europe reached 411,745,042 vaccinated citizens, which means that 51.87% of Europeans have already received the full course [&hellip;]<\/p>\n","protected":false},"author":101011,"featured_media":70777,"comment_status":"open","ping_status":"open","sticky":false,"template":"","format":"standard","meta":{"_acf_changed":false,"_relevanssi_hide_post":"","_relevanssi_hide_content":"","_relevanssi_pin_for_all":"","_relevanssi_pin_keywords":"","_relevanssi_unpin_keywords":"","_relevanssi_related_keywords":"","_relevanssi_related_include_ids":"","_relevanssi_related_exclude_ids":"","_relevanssi_related_no_append":"","_relevanssi_related_not_related":"","_relevanssi_related_posts":"","_relevanssi_noindex_reason":"","_monsterinsights_skip_tracking":false,"_monsterinsights_sitenote_active":false,"_monsterinsights_sitenote_note":"","_monsterinsights_sitenote_category":0,"_genesis_hide_title":false,"_genesis_hide_breadcrumbs":false,"_genesis_hide_singular_image":false,"_genesis_hide_footer_widgets":false,"_genesis_custom_body_class":"","_genesis_custom_post_class":"","_genesis_layout":"","footnotes":""},"categories":[4093,346,4092],"tags":[1217,4533,2518],"class_list":{"0":"post-85226","1":"post","2":"type-post","3":"status-publish","4":"format-standard","5":"has-post-thumbnail","7":"category-diseases","8":"category-eu-news","9":"category-health","10":"tag-europe","11":"tag-september","12":"tag-vaccination","13":"entry"},"acf":[],"yoast_head":"<!-- This site is optimized with the Yoast SEO plugin v27.4 - https:\/\/yoast.com\/product\/yoast-seo-wordpress\/ -->\n<title>COVID-19 Vaccination in Europe - September | CDE Almer\u00eda - Centro de Documentaci\u00f3n Europea - Universidad de Almer\u00eda<\/title>\n<meta name=\"robots\" content=\"index, follow, max-snippet:-1, max-image-preview:large, max-video-preview:-1\" \/>\n<link rel=\"canonical\" href=\"https:\/\/www.cde.ual.es\/en\/covid-19-vaccination-in-europe-september\/\" \/>\n<meta property=\"og:locale\" content=\"en_US\" \/>\n<meta property=\"og:type\" content=\"article\" \/>\n<meta property=\"og:title\" content=\"COVID-19 Vaccination in Europe - September | CDE Almer\u00eda - Centro de Documentaci\u00f3n Europea - Universidad de Almer\u00eda\" \/>\n<meta property=\"og:description\" content=\"In this article, and with data collected from Our world in Data, we provide an analysis of the evolution of COVID-19 vaccination and hospitalizations in Europe during the moths of August and September. Vaccination in Europe During September Europe reached 411,745,042 vaccinated citizens, which means that 51.87% of Europeans have already received the full course [&hellip;]\" \/>\n<meta property=\"og:url\" content=\"https:\/\/www.cde.ual.es\/en\/covid-19-vaccination-in-europe-september\/\" \/>\n<meta property=\"og:site_name\" content=\"CDE Almer\u00eda - Centro de Documentaci\u00f3n Europea - Universidad de Almer\u00eda\" \/>\n<meta property=\"article:publisher\" content=\"https:\/\/www.facebook.com\/cdeuniversidadalmeria\/\" \/>\n<meta property=\"article:published_time\" content=\"2021-10-01T11:23:58+00:00\" \/>\n<meta property=\"article:modified_time\" content=\"2021-11-09T12:25:22+00:00\" \/>\n<meta property=\"og:image\" content=\"https:\/\/www.cde.ual.es\/wp-content\/uploads\/2021\/05\/vaccination-in-europe.png\" \/>\n\t<meta property=\"og:image:width\" content=\"1200\" \/>\n\t<meta property=\"og:image:height\" content=\"627\" \/>\n\t<meta property=\"og:image:type\" content=\"image\/png\" \/>\n<meta name=\"author\" content=\"BECA 2 CDE\" \/>\n<meta name=\"twitter:card\" content=\"summary_large_image\" \/>\n<meta name=\"twitter:creator\" content=\"@cdeualmeria\" \/>\n<meta name=\"twitter:site\" content=\"@cdeualmeria\" \/>\n<meta name=\"twitter:label1\" content=\"Written by\" \/>\n\t<meta name=\"twitter:data1\" content=\"BECA 2 CDE\" \/>\n\t<meta name=\"twitter:label2\" content=\"Est. reading time\" \/>\n\t<meta name=\"twitter:data2\" content=\"2 minutes\" \/>\n<script type=\"application\/ld+json\" class=\"yoast-schema-graph\">{\"@context\":\"https:\\\/\\\/schema.org\",\"@graph\":[{\"@type\":\"Article\",\"@id\":\"https:\\\/\\\/www.cde.ual.es\\\/en\\\/covid-19-vaccination-in-europe-september\\\/#article\",\"isPartOf\":{\"@id\":\"https:\\\/\\\/www.cde.ual.es\\\/en\\\/covid-19-vaccination-in-europe-september\\\/\"},\"author\":{\"name\":\"BECA 2 CDE\",\"@id\":\"https:\\\/\\\/www.cde.ual.es\\\/#\\\/schema\\\/person\\\/ee46ebc19edfa19598c02cff83335acc\"},\"headline\":\"COVID-19 Vaccination in Europe &#8211; September\",\"datePublished\":\"2021-10-01T11:23:58+00:00\",\"dateModified\":\"2021-11-09T12:25:22+00:00\",\"mainEntityOfPage\":{\"@id\":\"https:\\\/\\\/www.cde.ual.es\\\/en\\\/covid-19-vaccination-in-europe-september\\\/\"},\"wordCount\":320,\"commentCount\":0,\"publisher\":{\"@id\":\"https:\\\/\\\/www.cde.ual.es\\\/#organization\"},\"image\":{\"@id\":\"https:\\\/\\\/www.cde.ual.es\\\/en\\\/covid-19-vaccination-in-europe-september\\\/#primaryimage\"},\"thumbnailUrl\":\"https:\\\/\\\/www.cde.ual.es\\\/wp-content\\\/uploads\\\/2021\\\/05\\\/vaccination-in-europe.png\",\"keywords\":[\"Europe\",\"september\",\"vaccination\"],\"articleSection\":[\"Diseases\",\"EU News\",\"Health\"],\"inLanguage\":\"en-US\",\"potentialAction\":[{\"@type\":\"CommentAction\",\"name\":\"Comment\",\"target\":[\"https:\\\/\\\/www.cde.ual.es\\\/en\\\/covid-19-vaccination-in-europe-september\\\/#respond\"]}]},{\"@type\":\"WebPage\",\"@id\":\"https:\\\/\\\/www.cde.ual.es\\\/en\\\/covid-19-vaccination-in-europe-september\\\/\",\"url\":\"https:\\\/\\\/www.cde.ual.es\\\/en\\\/covid-19-vaccination-in-europe-september\\\/\",\"name\":\"COVID-19 Vaccination in Europe - September | CDE Almer\u00eda - Centro de Documentaci\u00f3n Europea - Universidad de Almer\u00eda\",\"isPartOf\":{\"@id\":\"https:\\\/\\\/www.cde.ual.es\\\/#website\"},\"primaryImageOfPage\":{\"@id\":\"https:\\\/\\\/www.cde.ual.es\\\/en\\\/covid-19-vaccination-in-europe-september\\\/#primaryimage\"},\"image\":{\"@id\":\"https:\\\/\\\/www.cde.ual.es\\\/en\\\/covid-19-vaccination-in-europe-september\\\/#primaryimage\"},\"thumbnailUrl\":\"https:\\\/\\\/www.cde.ual.es\\\/wp-content\\\/uploads\\\/2021\\\/05\\\/vaccination-in-europe.png\",\"datePublished\":\"2021-10-01T11:23:58+00:00\",\"dateModified\":\"2021-11-09T12:25:22+00:00\",\"breadcrumb\":{\"@id\":\"https:\\\/\\\/www.cde.ual.es\\\/en\\\/covid-19-vaccination-in-europe-september\\\/#breadcrumb\"},\"inLanguage\":\"en-US\",\"potentialAction\":[{\"@type\":\"ReadAction\",\"target\":[\"https:\\\/\\\/www.cde.ual.es\\\/en\\\/covid-19-vaccination-in-europe-september\\\/\"]}]},{\"@type\":\"ImageObject\",\"inLanguage\":\"en-US\",\"@id\":\"https:\\\/\\\/www.cde.ual.es\\\/en\\\/covid-19-vaccination-in-europe-september\\\/#primaryimage\",\"url\":\"https:\\\/\\\/www.cde.ual.es\\\/wp-content\\\/uploads\\\/2021\\\/05\\\/vaccination-in-europe.png\",\"contentUrl\":\"https:\\\/\\\/www.cde.ual.es\\\/wp-content\\\/uploads\\\/2021\\\/05\\\/vaccination-in-europe.png\",\"width\":1200,\"height\":627},{\"@type\":\"BreadcrumbList\",\"@id\":\"https:\\\/\\\/www.cde.ual.es\\\/en\\\/covid-19-vaccination-in-europe-september\\\/#breadcrumb\",\"itemListElement\":[{\"@type\":\"ListItem\",\"position\":1,\"name\":\"Inicio\",\"item\":\"https:\\\/\\\/www.cde.ual.es\\\/en\\\/\"},{\"@type\":\"ListItem\",\"position\":2,\"name\":\"EU News\",\"item\":\"https:\\\/\\\/www.cde.ual.es\\\/en\\\/category\\\/eu-news\\\/\"},{\"@type\":\"ListItem\",\"position\":3,\"name\":\"Health\",\"item\":\"https:\\\/\\\/www.cde.ual.es\\\/en\\\/category\\\/eu-news\\\/health\\\/\"},{\"@type\":\"ListItem\",\"position\":4,\"name\":\"Diseases\",\"item\":\"https:\\\/\\\/www.cde.ual.es\\\/en\\\/category\\\/eu-news\\\/health\\\/diseases\\\/\"},{\"@type\":\"ListItem\",\"position\":5,\"name\":\"COVID-19 Vaccination in Europe &#8211; September\"}]},{\"@type\":\"WebSite\",\"@id\":\"https:\\\/\\\/www.cde.ual.es\\\/#website\",\"url\":\"https:\\\/\\\/www.cde.ual.es\\\/\",\"name\":\"CDE Almer\u00eda - Centro de Documentaci\u00f3n Europea - Universidad de Almer\u00eda\",\"description\":\"Centro de Documentaci\u00f3n Europea de la Universidad de Almer\u00eda\",\"publisher\":{\"@id\":\"https:\\\/\\\/www.cde.ual.es\\\/#organization\"},\"alternateName\":\"CDE Almer\u00eda\",\"potentialAction\":[{\"@type\":\"SearchAction\",\"target\":{\"@type\":\"EntryPoint\",\"urlTemplate\":\"https:\\\/\\\/www.cde.ual.es\\\/?s={search_term_string}\"},\"query-input\":{\"@type\":\"PropertyValueSpecification\",\"valueRequired\":true,\"valueName\":\"search_term_string\"}}],\"inLanguage\":\"en-US\"},{\"@type\":\"Organization\",\"@id\":\"https:\\\/\\\/www.cde.ual.es\\\/#organization\",\"name\":\"Centro de Documentaci\u00f3n Europea de Almer\u00eda\",\"url\":\"https:\\\/\\\/www.cde.ual.es\\\/\",\"logo\":{\"@type\":\"ImageObject\",\"inLanguage\":\"en-US\",\"@id\":\"https:\\\/\\\/www.cde.ual.es\\\/#\\\/schema\\\/logo\\\/image\\\/\",\"url\":\"https:\\\/\\\/www.cde.ual.es\\\/wp-content\\\/uploads\\\/2025\\\/07\\\/cde-logo-3.png\",\"contentUrl\":\"https:\\\/\\\/www.cde.ual.es\\\/wp-content\\\/uploads\\\/2025\\\/07\\\/cde-logo-3.png\",\"width\":1400,\"height\":300,\"caption\":\"Centro de Documentaci\u00f3n Europea de Almer\u00eda\"},\"image\":{\"@id\":\"https:\\\/\\\/www.cde.ual.es\\\/#\\\/schema\\\/logo\\\/image\\\/\"},\"sameAs\":[\"https:\\\/\\\/www.facebook.com\\\/cdeuniversidadalmeria\\\/\",\"https:\\\/\\\/x.com\\\/cdeualmeria\",\"https:\\\/\\\/www.tiktok.com\\\/@cdealmeria\",\"https:\\\/\\\/www.instagram.com\\\/cdealmeria\\\/\",\"https:\\\/\\\/www.linkedin.com\\\/in\\\/cde-almera-812b26a9\\\/\"]},{\"@type\":\"Person\",\"@id\":\"https:\\\/\\\/www.cde.ual.es\\\/#\\\/schema\\\/person\\\/ee46ebc19edfa19598c02cff83335acc\",\"name\":\"BECA 2 CDE\",\"image\":{\"@type\":\"ImageObject\",\"inLanguage\":\"en-US\",\"@id\":\"https:\\\/\\\/secure.gravatar.com\\\/avatar\\\/35a481bbc04bbd90e91bdfa3b0b5541036c222a49b9ad37b6889a2afcb5311a5?s=96&d=mm&r=g\",\"url\":\"https:\\\/\\\/secure.gravatar.com\\\/avatar\\\/35a481bbc04bbd90e91bdfa3b0b5541036c222a49b9ad37b6889a2afcb5311a5?s=96&d=mm&r=g\",\"contentUrl\":\"https:\\\/\\\/secure.gravatar.com\\\/avatar\\\/35a481bbc04bbd90e91bdfa3b0b5541036c222a49b9ad37b6889a2afcb5311a5?s=96&d=mm&r=g\",\"caption\":\"BECA 2 CDE\"},\"sameAs\":[\"http:\\\/\\\/www.cdealmeria.com\"]}]}<\/script>\n<!-- \/ Yoast SEO plugin. -->","yoast_head_json":{"title":"COVID-19 Vaccination in Europe - September | CDE Almer\u00eda - Centro de Documentaci\u00f3n Europea - Universidad de Almer\u00eda","robots":{"index":"index","follow":"follow","max-snippet":"max-snippet:-1","max-image-preview":"max-image-preview:large","max-video-preview":"max-video-preview:-1"},"canonical":"https:\/\/www.cde.ual.es\/en\/covid-19-vaccination-in-europe-september\/","og_locale":"en_US","og_type":"article","og_title":"COVID-19 Vaccination in Europe - September | CDE Almer\u00eda - Centro de Documentaci\u00f3n Europea - Universidad de Almer\u00eda","og_description":"In this article, and with data collected from Our world in Data, we provide an analysis of the evolution of COVID-19 vaccination and hospitalizations in Europe during the moths of August and September. Vaccination in Europe During September Europe reached 411,745,042 vaccinated citizens, which means that 51.87% of Europeans have already received the full course [&hellip;]","og_url":"https:\/\/www.cde.ual.es\/en\/covid-19-vaccination-in-europe-september\/","og_site_name":"CDE Almer\u00eda - Centro de Documentaci\u00f3n Europea - Universidad de Almer\u00eda","article_publisher":"https:\/\/www.facebook.com\/cdeuniversidadalmeria\/","article_published_time":"2021-10-01T11:23:58+00:00","article_modified_time":"2021-11-09T12:25:22+00:00","og_image":[{"width":1200,"height":627,"url":"https:\/\/www.cde.ual.es\/wp-content\/uploads\/2021\/05\/vaccination-in-europe.png","type":"image\/png"}],"author":"BECA 2 CDE","twitter_card":"summary_large_image","twitter_creator":"@cdeualmeria","twitter_site":"@cdeualmeria","twitter_misc":{"Written by":"BECA 2 CDE","Est. reading time":"2 minutes"},"schema":{"@context":"https:\/\/schema.org","@graph":[{"@type":"Article","@id":"https:\/\/www.cde.ual.es\/en\/covid-19-vaccination-in-europe-september\/#article","isPartOf":{"@id":"https:\/\/www.cde.ual.es\/en\/covid-19-vaccination-in-europe-september\/"},"author":{"name":"BECA 2 CDE","@id":"https:\/\/www.cde.ual.es\/#\/schema\/person\/ee46ebc19edfa19598c02cff83335acc"},"headline":"COVID-19 Vaccination in Europe &#8211; September","datePublished":"2021-10-01T11:23:58+00:00","dateModified":"2021-11-09T12:25:22+00:00","mainEntityOfPage":{"@id":"https:\/\/www.cde.ual.es\/en\/covid-19-vaccination-in-europe-september\/"},"wordCount":320,"commentCount":0,"publisher":{"@id":"https:\/\/www.cde.ual.es\/#organization"},"image":{"@id":"https:\/\/www.cde.ual.es\/en\/covid-19-vaccination-in-europe-september\/#primaryimage"},"thumbnailUrl":"https:\/\/www.cde.ual.es\/wp-content\/uploads\/2021\/05\/vaccination-in-europe.png","keywords":["Europe","september","vaccination"],"articleSection":["Diseases","EU News","Health"],"inLanguage":"en-US","potentialAction":[{"@type":"CommentAction","name":"Comment","target":["https:\/\/www.cde.ual.es\/en\/covid-19-vaccination-in-europe-september\/#respond"]}]},{"@type":"WebPage","@id":"https:\/\/www.cde.ual.es\/en\/covid-19-vaccination-in-europe-september\/","url":"https:\/\/www.cde.ual.es\/en\/covid-19-vaccination-in-europe-september\/","name":"COVID-19 Vaccination in Europe - September | CDE Almer\u00eda - Centro de Documentaci\u00f3n Europea - Universidad de Almer\u00eda","isPartOf":{"@id":"https:\/\/www.cde.ual.es\/#website"},"primaryImageOfPage":{"@id":"https:\/\/www.cde.ual.es\/en\/covid-19-vaccination-in-europe-september\/#primaryimage"},"image":{"@id":"https:\/\/www.cde.ual.es\/en\/covid-19-vaccination-in-europe-september\/#primaryimage"},"thumbnailUrl":"https:\/\/www.cde.ual.es\/wp-content\/uploads\/2021\/05\/vaccination-in-europe.png","datePublished":"2021-10-01T11:23:58+00:00","dateModified":"2021-11-09T12:25:22+00:00","breadcrumb":{"@id":"https:\/\/www.cde.ual.es\/en\/covid-19-vaccination-in-europe-september\/#breadcrumb"},"inLanguage":"en-US","potentialAction":[{"@type":"ReadAction","target":["https:\/\/www.cde.ual.es\/en\/covid-19-vaccination-in-europe-september\/"]}]},{"@type":"ImageObject","inLanguage":"en-US","@id":"https:\/\/www.cde.ual.es\/en\/covid-19-vaccination-in-europe-september\/#primaryimage","url":"https:\/\/www.cde.ual.es\/wp-content\/uploads\/2021\/05\/vaccination-in-europe.png","contentUrl":"https:\/\/www.cde.ual.es\/wp-content\/uploads\/2021\/05\/vaccination-in-europe.png","width":1200,"height":627},{"@type":"BreadcrumbList","@id":"https:\/\/www.cde.ual.es\/en\/covid-19-vaccination-in-europe-september\/#breadcrumb","itemListElement":[{"@type":"ListItem","position":1,"name":"Inicio","item":"https:\/\/www.cde.ual.es\/en\/"},{"@type":"ListItem","position":2,"name":"EU News","item":"https:\/\/www.cde.ual.es\/en\/category\/eu-news\/"},{"@type":"ListItem","position":3,"name":"Health","item":"https:\/\/www.cde.ual.es\/en\/category\/eu-news\/health\/"},{"@type":"ListItem","position":4,"name":"Diseases","item":"https:\/\/www.cde.ual.es\/en\/category\/eu-news\/health\/diseases\/"},{"@type":"ListItem","position":5,"name":"COVID-19 Vaccination in Europe &#8211; September"}]},{"@type":"WebSite","@id":"https:\/\/www.cde.ual.es\/#website","url":"https:\/\/www.cde.ual.es\/","name":"CDE Almer\u00eda - Centro de Documentaci\u00f3n Europea - Universidad de Almer\u00eda","description":"Centro de Documentaci\u00f3n Europea de la Universidad de Almer\u00eda","publisher":{"@id":"https:\/\/www.cde.ual.es\/#organization"},"alternateName":"CDE Almer\u00eda","potentialAction":[{"@type":"SearchAction","target":{"@type":"EntryPoint","urlTemplate":"https:\/\/www.cde.ual.es\/?s={search_term_string}"},"query-input":{"@type":"PropertyValueSpecification","valueRequired":true,"valueName":"search_term_string"}}],"inLanguage":"en-US"},{"@type":"Organization","@id":"https:\/\/www.cde.ual.es\/#organization","name":"Centro de Documentaci\u00f3n Europea de Almer\u00eda","url":"https:\/\/www.cde.ual.es\/","logo":{"@type":"ImageObject","inLanguage":"en-US","@id":"https:\/\/www.cde.ual.es\/#\/schema\/logo\/image\/","url":"https:\/\/www.cde.ual.es\/wp-content\/uploads\/2025\/07\/cde-logo-3.png","contentUrl":"https:\/\/www.cde.ual.es\/wp-content\/uploads\/2025\/07\/cde-logo-3.png","width":1400,"height":300,"caption":"Centro de Documentaci\u00f3n Europea de Almer\u00eda"},"image":{"@id":"https:\/\/www.cde.ual.es\/#\/schema\/logo\/image\/"},"sameAs":["https:\/\/www.facebook.com\/cdeuniversidadalmeria\/","https:\/\/x.com\/cdeualmeria","https:\/\/www.tiktok.com\/@cdealmeria","https:\/\/www.instagram.com\/cdealmeria\/","https:\/\/www.linkedin.com\/in\/cde-almera-812b26a9\/"]},{"@type":"Person","@id":"https:\/\/www.cde.ual.es\/#\/schema\/person\/ee46ebc19edfa19598c02cff83335acc","name":"BECA 2 CDE","image":{"@type":"ImageObject","inLanguage":"en-US","@id":"https:\/\/secure.gravatar.com\/avatar\/35a481bbc04bbd90e91bdfa3b0b5541036c222a49b9ad37b6889a2afcb5311a5?s=96&d=mm&r=g","url":"https:\/\/secure.gravatar.com\/avatar\/35a481bbc04bbd90e91bdfa3b0b5541036c222a49b9ad37b6889a2afcb5311a5?s=96&d=mm&r=g","contentUrl":"https:\/\/secure.gravatar.com\/avatar\/35a481bbc04bbd90e91bdfa3b0b5541036c222a49b9ad37b6889a2afcb5311a5?s=96&d=mm&r=g","caption":"BECA 2 CDE"},"sameAs":["http:\/\/www.cdealmeria.com"]}]}},"_links":{"self":[{"href":"https:\/\/www.cde.ual.es\/en\/wp-json\/wp\/v2\/posts\/85226","targetHints":{"allow":["GET"]}}],"collection":[{"href":"https:\/\/www.cde.ual.es\/en\/wp-json\/wp\/v2\/posts"}],"about":[{"href":"https:\/\/www.cde.ual.es\/en\/wp-json\/wp\/v2\/types\/post"}],"author":[{"embeddable":true,"href":"https:\/\/www.cde.ual.es\/en\/wp-json\/wp\/v2\/users\/101011"}],"replies":[{"embeddable":true,"href":"https:\/\/www.cde.ual.es\/en\/wp-json\/wp\/v2\/comments?post=85226"}],"version-history":[{"count":0,"href":"https:\/\/www.cde.ual.es\/en\/wp-json\/wp\/v2\/posts\/85226\/revisions"}],"wp:featuredmedia":[{"embeddable":true,"href":"https:\/\/www.cde.ual.es\/en\/wp-json\/wp\/v2\/media\/70777"}],"wp:attachment":[{"href":"https:\/\/www.cde.ual.es\/en\/wp-json\/wp\/v2\/media?parent=85226"}],"wp:term":[{"taxonomy":"category","embeddable":true,"href":"https:\/\/www.cde.ual.es\/en\/wp-json\/wp\/v2\/categories?post=85226"},{"taxonomy":"post_tag","embeddable":true,"href":"https:\/\/www.cde.ual.es\/en\/wp-json\/wp\/v2\/tags?post=85226"}],"curies":[{"name":"wp","href":"https:\/\/api.w.org\/{rel}","templated":true}]}}