{"id":8498,"date":"2018-09-24T12:06:58","date_gmt":"2018-09-24T10:06:58","guid":{"rendered":"http:\/\/www.cde.ual.es\/?p=8498"},"modified":"2018-09-24T12:08:22","modified_gmt":"2018-09-24T10:08:22","slug":"la-ue-impulsa-su-estrategia-para-conectar-europa-y-asia","status":"publish","type":"post","link":"https:\/\/www.cde.ual.es\/en\/la-ue-impulsa-su-estrategia-para-conectar-europa-y-asia\/","title":{"rendered":"La UE impulsa su estrategia para conectar Europa y Asia"},"content":{"rendered":"<h4 style=\"text-align: left;\"><a href=\"http:\/\/www.cde.ual.es\/wp-content\/uploads\/2018\/07\/migration-.jpg\"><img decoding=\"async\" class=\"size-medium wp-image-6580 aligncenter\" src=\"http:\/\/www.cde.ual.es\/wp-content\/uploads\/2018\/07\/migration--300x215.jpg\" alt=\"\" width=\"300\" height=\"215\" srcset=\"https:\/\/www.cde.ual.es\/wp-content\/uploads\/2018\/07\/migration--300x215.jpg 300w, https:\/\/www.cde.ual.es\/wp-content\/uploads\/2018\/07\/migration-.jpg 475w\" sizes=\"(max-width: 300px) 100vw, 300px\" \/><\/a><\/h4>\n<h4 style=\"text-align: left;\">La Comisi\u00f3n Europea\u00a0y la Alta Representante de la Uni\u00f3n para Asuntos Exteriores y Pol\u00edtica de Seguridad han adoptado hoy una Comunicaci\u00f3n conjunta en la que se establece la visi\u00f3n de la UE para una nueva estrategia global destinada a conectar mejor Europa y Asia.<\/h4>\n<p>La Comunicaci\u00f3n conjunta se basa en la propia experiencia de la Uni\u00f3n Europea a la hora de mejorar las conexiones entre sus Estados miembros y con otras regiones. La Comunicaci\u00f3n, que tiene como fundamento una conectividad sostenible, amplia y basada en normas, contribuir\u00e1 a guiar la acci\u00f3n exterior en este \u00e1mbito y es parte de la aplicaci\u00f3n de la\u00a0<a href=\"http:\/\/europa.eu\/globalstrategy\/sites\/globalstrategy\/files\/regions\/files\/eugs_review_web_0.pdf\">Estrategia Global<\/a>\u00a0de la UE.<\/p>\n<p>La Comunicaci\u00f3n conjunta sobre los elementos de una estrategia de la UE para conectar Europa y Asia est\u00e1\u00a0<a href=\"http:\/\/europa.eu\/rapid\/press-release_MEMO-18-5804_en.htm\">disponible en internet<\/a>.<\/p>\n<p>&nbsp;<\/p>\n<h5><strong>Sostenible, amplia y basada en normas: la conectividad seg\u00fan la UE<\/strong><\/h5>\n<p>La UE combinar\u00e1 un planteamiento de la conectividad basado en principios, as\u00ed como el reconocimiento de que Asia consta de diferentes regiones que integran pa\u00edses muy diversos desde el punto de vista de los modelos econ\u00f3micos y del nivel de desarrollo, con medidas concretas en tres apartados:<\/p>\n<ol>\n<li>crear enlaces de\u00a0<strong>transporte<\/strong>, redes\u00a0<strong>energ\u00e9ticas<\/strong>\u00a0y\u00a0<strong>digitales<\/strong>\u00a0y conexiones\u00a0<strong>humanas<\/strong><\/li>\n<li>ofrecer\u00a0<strong>asociaciones de conectividad<\/strong>\u00a0a los pa\u00edses y organizaciones de Asia<\/li>\n<li>promover la financiaci\u00f3n sostenible mediante una serie de\u00a0<strong>instrumentos financieros<\/strong>.<\/li>\n<\/ol>\n<p>&nbsp;<\/p>\n<h5><strong>Creaci\u00f3n de redes transfronterizas<\/strong><\/h5>\n<p>Las conexiones e infraestructuras eficientes generan crecimiento y empleo y hacen posible la circulaci\u00f3n de personas y mercanc\u00edas. Ya se trate de enlaces de transporte, redes energ\u00e9ticas, contactos interpersonales o redes digitales, la UE ampliar\u00e1 sus propias redes y contribuir\u00e1 al establecimiento de otras nuevas m\u00e1s all\u00e1 de sus fronteras.<\/p>\n<p>Las\u00a0<a href=\"https:\/\/ec.europa.eu\/transport\/themes\/infrastructure_en\">redes transeuropeas de transporte<\/a>\u00a0de la UE se est\u00e1n ampliando a pa\u00edses vecinos de Asia. Llegado este punto, la Uni\u00f3n deber\u00eda conectar sus con otras redes de Asia. El mercado \u00fanico digital de la UE proporciona un modelo para mejorar el comercio de servicios digitales, al tiempo de su\u00a0<a href=\"https:\/\/ec.europa.eu\/europeaid\/sites\/devco\/files\/swd-digital4development_part1_v3.pdf\">estrategia Digital4Development<\/a>\u00a0fomenta el desarrollo socioecon\u00f3mico.<\/p>\n<p>&nbsp;<\/p>\n<h5>Pr\u00f3ximos pasos<\/h5>\n<p>Las propuestas formuladas en la Comunicaci\u00f3n conjunta ser\u00e1n objeto de an\u00e1lisis en el Parlamento Europeo y el Consejo y contribuir\u00e1n a los debates sobre la conectividad en la pr\u00f3xima cumbre de la\u00a0<a href=\"http:\/\/www.consilium.europa.eu\/en\/meetings\/international-summit\/2018\/10\/18-19\/\">Reuni\u00f3n Asia-Europa (ASEM)<\/a>, que se celebrar\u00e1 en Bruselas los d\u00edas 18 y 19 de octubre.<\/p>\n<p>&nbsp;<\/p>\n<h5>M\u00e1s informaci\u00f3n<\/h5>\n<p>Accede a la noticia completa <a href=\"http:\/\/europa.eu\/rapid\/press-release_IP-18-5803_es.htm\">aqu\u00ed<\/a><\/p>\n<div class=\"content\">\n<p><a href=\"https:\/\/eeas.europa.eu\/headquarters\/headquarters-homepage\/50708\/connecting-europe-and-asia-building-blocks-eu-strategy_en\">Comunicaci\u00f3n conjunta \u00abConectar Europa y Asia: elementos de una estrategia de la UE\u00bb<\/a><\/p>\n<p><a href=\"http:\/\/europa.eu\/rapid\/press-release_MEMO-18-5804_en.htm\">Nota informativa \u00abExplicar el planteamiento de la Uni\u00f3n Europea para conectar Europa y Asia\u00bb<\/a><\/p>\n<p><a href=\"https:\/\/eeas.europa.eu\/headquarters\/headquarters-homepage\/50699\/connecting-europe-asia-eu-strategy_en\">Ficha informativa \u00abConectar Europa y Asia: la estrategia de la UE\u00bb<\/a><\/p>\n<\/div>\n<p>&nbsp;<\/p>\n","protected":false},"excerpt":{"rendered":"<p>La Comisi\u00f3n Europea\u00a0y la Alta Representante de la Uni\u00f3n para Asuntos Exteriores y Pol\u00edtica de Seguridad han adoptado hoy una Comunicaci\u00f3n conjunta en la que se establece la visi\u00f3n de la UE para una nueva estrategia global destinada a conectar mejor Europa y Asia. La Comunicaci\u00f3n conjunta se basa en la propia experiencia de la [&hellip;]<\/p>\n","protected":false},"author":101011,"featured_media":6580,"comment_status":"open","ping_status":"open","sticky":false,"template":"","format":"standard","meta":{"_acf_changed":false,"_relevanssi_hide_post":"","_relevanssi_hide_content":"","_relevanssi_pin_for_all":"","_relevanssi_pin_keywords":"","_relevanssi_unpin_keywords":"","_relevanssi_related_keywords":"","_relevanssi_related_include_ids":"","_relevanssi_related_exclude_ids":"","_relevanssi_related_no_append":"","_relevanssi_related_not_related":"","_relevanssi_related_posts":"","_relevanssi_noindex_reason":"","_monsterinsights_skip_tracking":false,"_monsterinsights_sitenote_active":false,"_monsterinsights_sitenote_note":"","_monsterinsights_sitenote_category":0,"_genesis_hide_title":false,"_genesis_hide_breadcrumbs":false,"_genesis_hide_singular_image":false,"_genesis_hide_footer_widgets":false,"_genesis_custom_body_class":"","_genesis_custom_post_class":"","_genesis_layout":"","footnotes":""},"categories":[96],"tags":[235,127,135],"class_list":{"0":"post-8498","1":"post","2":"type-post","3":"status-publish","4":"format-standard","5":"has-post-thumbnail","7":"category-noticias-ue","8":"tag-asia","9":"tag-cooperacion-internacional","10":"tag-union-europea","11":"entry"},"acf":[],"yoast_head":"<!-- This site is optimized with the Yoast SEO plugin v27.4 - https:\/\/yoast.com\/product\/yoast-seo-wordpress\/ -->\n<title>La UE impulsa su estrategia para conectar Europa y Asia | CDE Almer\u00eda - Centro de Documentaci\u00f3n Europea - Universidad de Almer\u00eda<\/title>\n<meta name=\"robots\" content=\"index, follow, max-snippet:-1, max-image-preview:large, max-video-preview:-1\" \/>\n<link rel=\"canonical\" href=\"https:\/\/www.cde.ual.es\/la-ue-impulsa-su-estrategia-para-conectar-europa-y-asia\/\" \/>\n<meta property=\"og:locale\" content=\"en_US\" \/>\n<meta property=\"og:type\" content=\"article\" \/>\n<meta property=\"og:title\" content=\"La UE impulsa su estrategia para conectar Europa y Asia | CDE Almer\u00eda - Centro de Documentaci\u00f3n Europea - Universidad de Almer\u00eda\" \/>\n<meta property=\"og:description\" content=\"La Comisi\u00f3n Europea\u00a0y la Alta Representante de la Uni\u00f3n para Asuntos Exteriores y Pol\u00edtica de Seguridad han adoptado hoy una Comunicaci\u00f3n conjunta en la que se establece la visi\u00f3n de la UE para una nueva estrategia global destinada a conectar mejor Europa y Asia. La Comunicaci\u00f3n conjunta se basa en la propia experiencia de la [&hellip;]\" \/>\n<meta property=\"og:url\" content=\"https:\/\/www.cde.ual.es\/la-ue-impulsa-su-estrategia-para-conectar-europa-y-asia\/\" \/>\n<meta property=\"og:site_name\" content=\"CDE Almer\u00eda - Centro de Documentaci\u00f3n Europea - Universidad de Almer\u00eda\" \/>\n<meta property=\"article:publisher\" content=\"https:\/\/www.facebook.com\/cdeuniversidadalmeria\/\" \/>\n<meta property=\"article:published_time\" content=\"2018-09-24T10:06:58+00:00\" \/>\n<meta property=\"article:modified_time\" content=\"2018-09-24T10:08:22+00:00\" \/>\n<meta property=\"og:image\" content=\"https:\/\/www.cde.ual.es\/wp-content\/uploads\/2018\/07\/migration-.jpg\" \/>\n\t<meta property=\"og:image:width\" content=\"475\" \/>\n\t<meta property=\"og:image:height\" content=\"340\" \/>\n\t<meta property=\"og:image:type\" content=\"image\/jpeg\" \/>\n<meta name=\"author\" content=\"BECA 2 CDE\" \/>\n<meta name=\"twitter:card\" content=\"summary_large_image\" \/>\n<meta name=\"twitter:creator\" content=\"@cdeualmeria\" \/>\n<meta name=\"twitter:site\" content=\"@cdeualmeria\" \/>\n<meta name=\"twitter:label1\" content=\"Written by\" \/>\n\t<meta name=\"twitter:data1\" content=\"BECA 2 CDE\" \/>\n\t<meta name=\"twitter:label2\" content=\"Est. reading time\" \/>\n\t<meta name=\"twitter:data2\" content=\"2 minutes\" \/>\n<script type=\"application\/ld+json\" class=\"yoast-schema-graph\">{\"@context\":\"https:\\\/\\\/schema.org\",\"@graph\":[{\"@type\":\"Article\",\"@id\":\"https:\\\/\\\/www.cde.ual.es\\\/la-ue-impulsa-su-estrategia-para-conectar-europa-y-asia\\\/#article\",\"isPartOf\":{\"@id\":\"https:\\\/\\\/www.cde.ual.es\\\/la-ue-impulsa-su-estrategia-para-conectar-europa-y-asia\\\/\"},\"author\":{\"name\":\"BECA 2 CDE\",\"@id\":\"https:\\\/\\\/www.cde.ual.es\\\/#\\\/schema\\\/person\\\/ee46ebc19edfa19598c02cff83335acc\"},\"headline\":\"La UE impulsa su estrategia para conectar Europa y Asia\",\"datePublished\":\"2018-09-24T10:06:58+00:00\",\"dateModified\":\"2018-09-24T10:08:22+00:00\",\"mainEntityOfPage\":{\"@id\":\"https:\\\/\\\/www.cde.ual.es\\\/la-ue-impulsa-su-estrategia-para-conectar-europa-y-asia\\\/\"},\"wordCount\":478,\"commentCount\":0,\"publisher\":{\"@id\":\"https:\\\/\\\/www.cde.ual.es\\\/#organization\"},\"image\":{\"@id\":\"https:\\\/\\\/www.cde.ual.es\\\/la-ue-impulsa-su-estrategia-para-conectar-europa-y-asia\\\/#primaryimage\"},\"thumbnailUrl\":\"https:\\\/\\\/www.cde.ual.es\\\/wp-content\\\/uploads\\\/2018\\\/07\\\/migration-.jpg\",\"keywords\":[\"Asia\",\"Cooperaci\u00f3n Internacional\",\"Uni\u00f3n Europea\"],\"articleSection\":[\"Noticias UE\"],\"inLanguage\":\"en-US\",\"potentialAction\":[{\"@type\":\"CommentAction\",\"name\":\"Comment\",\"target\":[\"https:\\\/\\\/www.cde.ual.es\\\/la-ue-impulsa-su-estrategia-para-conectar-europa-y-asia\\\/#respond\"]}]},{\"@type\":\"WebPage\",\"@id\":\"https:\\\/\\\/www.cde.ual.es\\\/la-ue-impulsa-su-estrategia-para-conectar-europa-y-asia\\\/\",\"url\":\"https:\\\/\\\/www.cde.ual.es\\\/la-ue-impulsa-su-estrategia-para-conectar-europa-y-asia\\\/\",\"name\":\"La UE impulsa su estrategia para conectar Europa y Asia | CDE Almer\u00eda - Centro de Documentaci\u00f3n Europea - Universidad de Almer\u00eda\",\"isPartOf\":{\"@id\":\"https:\\\/\\\/www.cde.ual.es\\\/#website\"},\"primaryImageOfPage\":{\"@id\":\"https:\\\/\\\/www.cde.ual.es\\\/la-ue-impulsa-su-estrategia-para-conectar-europa-y-asia\\\/#primaryimage\"},\"image\":{\"@id\":\"https:\\\/\\\/www.cde.ual.es\\\/la-ue-impulsa-su-estrategia-para-conectar-europa-y-asia\\\/#primaryimage\"},\"thumbnailUrl\":\"https:\\\/\\\/www.cde.ual.es\\\/wp-content\\\/uploads\\\/2018\\\/07\\\/migration-.jpg\",\"datePublished\":\"2018-09-24T10:06:58+00:00\",\"dateModified\":\"2018-09-24T10:08:22+00:00\",\"breadcrumb\":{\"@id\":\"https:\\\/\\\/www.cde.ual.es\\\/la-ue-impulsa-su-estrategia-para-conectar-europa-y-asia\\\/#breadcrumb\"},\"inLanguage\":\"en-US\",\"potentialAction\":[{\"@type\":\"ReadAction\",\"target\":[\"https:\\\/\\\/www.cde.ual.es\\\/la-ue-impulsa-su-estrategia-para-conectar-europa-y-asia\\\/\"]}]},{\"@type\":\"ImageObject\",\"inLanguage\":\"en-US\",\"@id\":\"https:\\\/\\\/www.cde.ual.es\\\/la-ue-impulsa-su-estrategia-para-conectar-europa-y-asia\\\/#primaryimage\",\"url\":\"https:\\\/\\\/www.cde.ual.es\\\/wp-content\\\/uploads\\\/2018\\\/07\\\/migration-.jpg\",\"contentUrl\":\"https:\\\/\\\/www.cde.ual.es\\\/wp-content\\\/uploads\\\/2018\\\/07\\\/migration-.jpg\",\"width\":475,\"height\":340},{\"@type\":\"BreadcrumbList\",\"@id\":\"https:\\\/\\\/www.cde.ual.es\\\/la-ue-impulsa-su-estrategia-para-conectar-europa-y-asia\\\/#breadcrumb\",\"itemListElement\":[{\"@type\":\"ListItem\",\"position\":1,\"name\":\"Inicio\",\"item\":\"https:\\\/\\\/www.cde.ual.es\\\/en\\\/\"},{\"@type\":\"ListItem\",\"position\":2,\"name\":\"Noticias UE\",\"item\":\"https:\\\/\\\/www.cde.ual.es\\\/category\\\/noticias-ue\\\/\"},{\"@type\":\"ListItem\",\"position\":3,\"name\":\"La UE impulsa su estrategia para conectar Europa y Asia\"}]},{\"@type\":\"WebSite\",\"@id\":\"https:\\\/\\\/www.cde.ual.es\\\/#website\",\"url\":\"https:\\\/\\\/www.cde.ual.es\\\/\",\"name\":\"CDE Almer\u00eda - Centro de Documentaci\u00f3n Europea - Universidad de Almer\u00eda\",\"description\":\"Centro de Documentaci\u00f3n Europea de la Universidad de Almer\u00eda\",\"publisher\":{\"@id\":\"https:\\\/\\\/www.cde.ual.es\\\/#organization\"},\"alternateName\":\"CDE Almer\u00eda\",\"potentialAction\":[{\"@type\":\"SearchAction\",\"target\":{\"@type\":\"EntryPoint\",\"urlTemplate\":\"https:\\\/\\\/www.cde.ual.es\\\/?s={search_term_string}\"},\"query-input\":{\"@type\":\"PropertyValueSpecification\",\"valueRequired\":true,\"valueName\":\"search_term_string\"}}],\"inLanguage\":\"en-US\"},{\"@type\":\"Organization\",\"@id\":\"https:\\\/\\\/www.cde.ual.es\\\/#organization\",\"name\":\"Centro de Documentaci\u00f3n Europea de Almer\u00eda\",\"url\":\"https:\\\/\\\/www.cde.ual.es\\\/\",\"logo\":{\"@type\":\"ImageObject\",\"inLanguage\":\"en-US\",\"@id\":\"https:\\\/\\\/www.cde.ual.es\\\/#\\\/schema\\\/logo\\\/image\\\/\",\"url\":\"https:\\\/\\\/www.cde.ual.es\\\/wp-content\\\/uploads\\\/2025\\\/07\\\/cde-logo-3.png\",\"contentUrl\":\"https:\\\/\\\/www.cde.ual.es\\\/wp-content\\\/uploads\\\/2025\\\/07\\\/cde-logo-3.png\",\"width\":1400,\"height\":300,\"caption\":\"Centro de Documentaci\u00f3n Europea de Almer\u00eda\"},\"image\":{\"@id\":\"https:\\\/\\\/www.cde.ual.es\\\/#\\\/schema\\\/logo\\\/image\\\/\"},\"sameAs\":[\"https:\\\/\\\/www.facebook.com\\\/cdeuniversidadalmeria\\\/\",\"https:\\\/\\\/x.com\\\/cdeualmeria\",\"https:\\\/\\\/www.tiktok.com\\\/@cdealmeria\",\"https:\\\/\\\/www.instagram.com\\\/cdealmeria\\\/\",\"https:\\\/\\\/www.linkedin.com\\\/in\\\/cde-almera-812b26a9\\\/\"]},{\"@type\":\"Person\",\"@id\":\"https:\\\/\\\/www.cde.ual.es\\\/#\\\/schema\\\/person\\\/ee46ebc19edfa19598c02cff83335acc\",\"name\":\"BECA 2 CDE\",\"image\":{\"@type\":\"ImageObject\",\"inLanguage\":\"en-US\",\"@id\":\"https:\\\/\\\/secure.gravatar.com\\\/avatar\\\/35a481bbc04bbd90e91bdfa3b0b5541036c222a49b9ad37b6889a2afcb5311a5?s=96&d=mm&r=g\",\"url\":\"https:\\\/\\\/secure.gravatar.com\\\/avatar\\\/35a481bbc04bbd90e91bdfa3b0b5541036c222a49b9ad37b6889a2afcb5311a5?s=96&d=mm&r=g\",\"contentUrl\":\"https:\\\/\\\/secure.gravatar.com\\\/avatar\\\/35a481bbc04bbd90e91bdfa3b0b5541036c222a49b9ad37b6889a2afcb5311a5?s=96&d=mm&r=g\",\"caption\":\"BECA 2 CDE\"},\"sameAs\":[\"http:\\\/\\\/www.cdealmeria.com\"]}]}<\/script>\n<!-- \/ Yoast SEO plugin. -->","yoast_head_json":{"title":"La UE impulsa su estrategia para conectar Europa y Asia | CDE Almer\u00eda - Centro de Documentaci\u00f3n Europea - Universidad de Almer\u00eda","robots":{"index":"index","follow":"follow","max-snippet":"max-snippet:-1","max-image-preview":"max-image-preview:large","max-video-preview":"max-video-preview:-1"},"canonical":"https:\/\/www.cde.ual.es\/la-ue-impulsa-su-estrategia-para-conectar-europa-y-asia\/","og_locale":"en_US","og_type":"article","og_title":"La UE impulsa su estrategia para conectar Europa y Asia | CDE Almer\u00eda - Centro de Documentaci\u00f3n Europea - Universidad de Almer\u00eda","og_description":"La Comisi\u00f3n Europea\u00a0y la Alta Representante de la Uni\u00f3n para Asuntos Exteriores y Pol\u00edtica de Seguridad han adoptado hoy una Comunicaci\u00f3n conjunta en la que se establece la visi\u00f3n de la UE para una nueva estrategia global destinada a conectar mejor Europa y Asia. La Comunicaci\u00f3n conjunta se basa en la propia experiencia de la [&hellip;]","og_url":"https:\/\/www.cde.ual.es\/la-ue-impulsa-su-estrategia-para-conectar-europa-y-asia\/","og_site_name":"CDE Almer\u00eda - Centro de Documentaci\u00f3n Europea - Universidad de Almer\u00eda","article_publisher":"https:\/\/www.facebook.com\/cdeuniversidadalmeria\/","article_published_time":"2018-09-24T10:06:58+00:00","article_modified_time":"2018-09-24T10:08:22+00:00","og_image":[{"width":475,"height":340,"url":"https:\/\/www.cde.ual.es\/wp-content\/uploads\/2018\/07\/migration-.jpg","type":"image\/jpeg"}],"author":"BECA 2 CDE","twitter_card":"summary_large_image","twitter_creator":"@cdeualmeria","twitter_site":"@cdeualmeria","twitter_misc":{"Written by":"BECA 2 CDE","Est. reading time":"2 minutes"},"schema":{"@context":"https:\/\/schema.org","@graph":[{"@type":"Article","@id":"https:\/\/www.cde.ual.es\/la-ue-impulsa-su-estrategia-para-conectar-europa-y-asia\/#article","isPartOf":{"@id":"https:\/\/www.cde.ual.es\/la-ue-impulsa-su-estrategia-para-conectar-europa-y-asia\/"},"author":{"name":"BECA 2 CDE","@id":"https:\/\/www.cde.ual.es\/#\/schema\/person\/ee46ebc19edfa19598c02cff83335acc"},"headline":"La UE impulsa su estrategia para conectar Europa y Asia","datePublished":"2018-09-24T10:06:58+00:00","dateModified":"2018-09-24T10:08:22+00:00","mainEntityOfPage":{"@id":"https:\/\/www.cde.ual.es\/la-ue-impulsa-su-estrategia-para-conectar-europa-y-asia\/"},"wordCount":478,"commentCount":0,"publisher":{"@id":"https:\/\/www.cde.ual.es\/#organization"},"image":{"@id":"https:\/\/www.cde.ual.es\/la-ue-impulsa-su-estrategia-para-conectar-europa-y-asia\/#primaryimage"},"thumbnailUrl":"https:\/\/www.cde.ual.es\/wp-content\/uploads\/2018\/07\/migration-.jpg","keywords":["Asia","Cooperaci\u00f3n Internacional","Uni\u00f3n Europea"],"articleSection":["Noticias UE"],"inLanguage":"en-US","potentialAction":[{"@type":"CommentAction","name":"Comment","target":["https:\/\/www.cde.ual.es\/la-ue-impulsa-su-estrategia-para-conectar-europa-y-asia\/#respond"]}]},{"@type":"WebPage","@id":"https:\/\/www.cde.ual.es\/la-ue-impulsa-su-estrategia-para-conectar-europa-y-asia\/","url":"https:\/\/www.cde.ual.es\/la-ue-impulsa-su-estrategia-para-conectar-europa-y-asia\/","name":"La UE impulsa su estrategia para conectar Europa y Asia | CDE Almer\u00eda - Centro de Documentaci\u00f3n Europea - Universidad de Almer\u00eda","isPartOf":{"@id":"https:\/\/www.cde.ual.es\/#website"},"primaryImageOfPage":{"@id":"https:\/\/www.cde.ual.es\/la-ue-impulsa-su-estrategia-para-conectar-europa-y-asia\/#primaryimage"},"image":{"@id":"https:\/\/www.cde.ual.es\/la-ue-impulsa-su-estrategia-para-conectar-europa-y-asia\/#primaryimage"},"thumbnailUrl":"https:\/\/www.cde.ual.es\/wp-content\/uploads\/2018\/07\/migration-.jpg","datePublished":"2018-09-24T10:06:58+00:00","dateModified":"2018-09-24T10:08:22+00:00","breadcrumb":{"@id":"https:\/\/www.cde.ual.es\/la-ue-impulsa-su-estrategia-para-conectar-europa-y-asia\/#breadcrumb"},"inLanguage":"en-US","potentialAction":[{"@type":"ReadAction","target":["https:\/\/www.cde.ual.es\/la-ue-impulsa-su-estrategia-para-conectar-europa-y-asia\/"]}]},{"@type":"ImageObject","inLanguage":"en-US","@id":"https:\/\/www.cde.ual.es\/la-ue-impulsa-su-estrategia-para-conectar-europa-y-asia\/#primaryimage","url":"https:\/\/www.cde.ual.es\/wp-content\/uploads\/2018\/07\/migration-.jpg","contentUrl":"https:\/\/www.cde.ual.es\/wp-content\/uploads\/2018\/07\/migration-.jpg","width":475,"height":340},{"@type":"BreadcrumbList","@id":"https:\/\/www.cde.ual.es\/la-ue-impulsa-su-estrategia-para-conectar-europa-y-asia\/#breadcrumb","itemListElement":[{"@type":"ListItem","position":1,"name":"Inicio","item":"https:\/\/www.cde.ual.es\/en\/"},{"@type":"ListItem","position":2,"name":"Noticias UE","item":"https:\/\/www.cde.ual.es\/category\/noticias-ue\/"},{"@type":"ListItem","position":3,"name":"La UE impulsa su estrategia para conectar Europa y Asia"}]},{"@type":"WebSite","@id":"https:\/\/www.cde.ual.es\/#website","url":"https:\/\/www.cde.ual.es\/","name":"CDE Almer\u00eda - Centro de Documentaci\u00f3n Europea - Universidad de Almer\u00eda","description":"Centro de Documentaci\u00f3n Europea de la Universidad de Almer\u00eda","publisher":{"@id":"https:\/\/www.cde.ual.es\/#organization"},"alternateName":"CDE Almer\u00eda","potentialAction":[{"@type":"SearchAction","target":{"@type":"EntryPoint","urlTemplate":"https:\/\/www.cde.ual.es\/?s={search_term_string}"},"query-input":{"@type":"PropertyValueSpecification","valueRequired":true,"valueName":"search_term_string"}}],"inLanguage":"en-US"},{"@type":"Organization","@id":"https:\/\/www.cde.ual.es\/#organization","name":"Centro de Documentaci\u00f3n Europea de Almer\u00eda","url":"https:\/\/www.cde.ual.es\/","logo":{"@type":"ImageObject","inLanguage":"en-US","@id":"https:\/\/www.cde.ual.es\/#\/schema\/logo\/image\/","url":"https:\/\/www.cde.ual.es\/wp-content\/uploads\/2025\/07\/cde-logo-3.png","contentUrl":"https:\/\/www.cde.ual.es\/wp-content\/uploads\/2025\/07\/cde-logo-3.png","width":1400,"height":300,"caption":"Centro de Documentaci\u00f3n Europea de Almer\u00eda"},"image":{"@id":"https:\/\/www.cde.ual.es\/#\/schema\/logo\/image\/"},"sameAs":["https:\/\/www.facebook.com\/cdeuniversidadalmeria\/","https:\/\/x.com\/cdeualmeria","https:\/\/www.tiktok.com\/@cdealmeria","https:\/\/www.instagram.com\/cdealmeria\/","https:\/\/www.linkedin.com\/in\/cde-almera-812b26a9\/"]},{"@type":"Person","@id":"https:\/\/www.cde.ual.es\/#\/schema\/person\/ee46ebc19edfa19598c02cff83335acc","name":"BECA 2 CDE","image":{"@type":"ImageObject","inLanguage":"en-US","@id":"https:\/\/secure.gravatar.com\/avatar\/35a481bbc04bbd90e91bdfa3b0b5541036c222a49b9ad37b6889a2afcb5311a5?s=96&d=mm&r=g","url":"https:\/\/secure.gravatar.com\/avatar\/35a481bbc04bbd90e91bdfa3b0b5541036c222a49b9ad37b6889a2afcb5311a5?s=96&d=mm&r=g","contentUrl":"https:\/\/secure.gravatar.com\/avatar\/35a481bbc04bbd90e91bdfa3b0b5541036c222a49b9ad37b6889a2afcb5311a5?s=96&d=mm&r=g","caption":"BECA 2 CDE"},"sameAs":["http:\/\/www.cdealmeria.com"]}]}},"_links":{"self":[{"href":"https:\/\/www.cde.ual.es\/en\/wp-json\/wp\/v2\/posts\/8498","targetHints":{"allow":["GET"]}}],"collection":[{"href":"https:\/\/www.cde.ual.es\/en\/wp-json\/wp\/v2\/posts"}],"about":[{"href":"https:\/\/www.cde.ual.es\/en\/wp-json\/wp\/v2\/types\/post"}],"author":[{"embeddable":true,"href":"https:\/\/www.cde.ual.es\/en\/wp-json\/wp\/v2\/users\/101011"}],"replies":[{"embeddable":true,"href":"https:\/\/www.cde.ual.es\/en\/wp-json\/wp\/v2\/comments?post=8498"}],"version-history":[{"count":0,"href":"https:\/\/www.cde.ual.es\/en\/wp-json\/wp\/v2\/posts\/8498\/revisions"}],"wp:featuredmedia":[{"embeddable":true,"href":"https:\/\/www.cde.ual.es\/en\/wp-json\/wp\/v2\/media\/6580"}],"wp:attachment":[{"href":"https:\/\/www.cde.ual.es\/en\/wp-json\/wp\/v2\/media?parent=8498"}],"wp:term":[{"taxonomy":"category","embeddable":true,"href":"https:\/\/www.cde.ual.es\/en\/wp-json\/wp\/v2\/categories?post=8498"},{"taxonomy":"post_tag","embeddable":true,"href":"https:\/\/www.cde.ual.es\/en\/wp-json\/wp\/v2\/tags?post=8498"}],"curies":[{"name":"wp","href":"https:\/\/api.w.org\/{rel}","templated":true}]}}