{"id":84877,"date":"2021-11-10T03:00:39","date_gmt":"2021-11-10T02:00:39","guid":{"rendered":"https:\/\/www.cde.ual.es\/?p=84877"},"modified":"2021-11-08T10:21:54","modified_gmt":"2021-11-08T09:21:54","slug":"new-eu-farm-to-fork-strategy-to-make-our-food-healthier-and-more-sustainable","status":"publish","type":"post","link":"https:\/\/www.cde.ual.es\/en\/new-eu-farm-to-fork-strategy-to-make-our-food-healthier-and-more-sustainable\/","title":{"rendered":"New EU farm to fork strategy to make our food healthier and more sustainable"},"content":{"rendered":"<div class=\"ep_gridcolumn ep-m_product\" data-view1200=\"6\" data-view1020=\"6\" data-view750=\"10\" data-view640=\"6\" data-view480=\"8\" data-view320=\"4\">\n<div class=\"ep_gridcolumn-content\">\n<div class=\"ep-a_text ep-layout_chapo\">\n<p><strong>MEPs present plans revamping the EU\u2019s food systems, to produce healthier food, ensure food security, a fair income for farmers and reduce agriculture\u2019s environmental footprint.<\/strong><\/p>\n<p><a href=\"https:\/\/www.cde.ual.es\/wp-content\/uploads\/2021\/11\/thomas-le-pRJhn4MbsMM-unsplash-scaled-e1636363171818.jpg\"><img decoding=\"async\" class=\" wp-image-84885 aligncenter\" src=\"https:\/\/www.cde.ual.es\/wp-content\/uploads\/2021\/11\/thomas-le-pRJhn4MbsMM-unsplash-scaled-e1636363171818-1024x928.jpg\" alt=\"\" width=\"505\" height=\"457\" srcset=\"https:\/\/www.cde.ual.es\/wp-content\/uploads\/2021\/11\/thomas-le-pRJhn4MbsMM-unsplash-scaled-e1636363171818-1024x928.jpg 1024w, https:\/\/www.cde.ual.es\/wp-content\/uploads\/2021\/11\/thomas-le-pRJhn4MbsMM-unsplash-scaled-e1636363171818-300x272.jpg 300w, https:\/\/www.cde.ual.es\/wp-content\/uploads\/2021\/11\/thomas-le-pRJhn4MbsMM-unsplash-scaled-e1636363171818-768x696.jpg 768w, https:\/\/www.cde.ual.es\/wp-content\/uploads\/2021\/11\/thomas-le-pRJhn4MbsMM-unsplash-scaled-e1636363171818-1536x1392.jpg 1536w, https:\/\/www.cde.ual.es\/wp-content\/uploads\/2021\/11\/thomas-le-pRJhn4MbsMM-unsplash-scaled-e1636363171818.jpg 1708w\" sizes=\"(max-width: 505px) 100vw, 505px\" \/><\/a><\/p>\n<\/div>\n<\/div>\n<\/div>\n<div class=\"ep_gridcolumn ep-m_product\" data-view1200=\"6\" data-view1020=\"6\" data-view750=\"10\" data-view640=\"6\" data-view480=\"8\" data-view320=\"4\">\n<div class=\"ep_gridcolumn-content\">\n<div class=\"ep-a_text\">\n<p class=\"ep-wysiwig_paragraph\">Parliament welcomes the\u00a0<a href=\"https:\/\/ec.europa.eu\/commission\/presscorner\/detail\/en\/ip_20_884\" target=\"_blank\" rel=\"noopener\">Farm to Fork strategy<\/a>\u00a0and underlines the importance of producing sustainable and healthy food to achieve the goals of the European Green Deal, including on climate, biodiversity, zero pollution and public health.<\/p>\n<p class=\"ep-wysiwig_paragraph\">MEPs highlighted the need for enhanced sustainability at every step of the food supply chain and reiterated that everyone &#8211; from farmer to consumer &#8211; has a role to play in this. To ensure that farmers can earn a fair share of the profit made from sustainably produced food, MEPs want the Commission to reinforce efforts &#8211; including through the adaptation of competition rules &#8211; to strengthen the position of farmers in the supply chain.<\/p>\n<h3 class=\"ep-wysiwig_paragraph\">Other recommendations include<\/h3>\n<p class=\"ep-wysiwig_paragraph\"><strong>Healthier food<\/strong><\/p>\n<ul>\n<li>EU science-based recommendations for healthy diets, including a mandatory EU front-of-pack nutritional label<\/li>\n<li>Overconsumption of meat and highly processed foods with high salt, sugar and fat content must be addressed, including by setting maximum intake levels.<\/li>\n<\/ul>\n<p class=\"ep-wysiwig_paragraph\"><strong>Pesticides and protection of pollinators<\/strong><\/p>\n<ul>\n<li>Improvement of the pesticides approval process and better monitoring of implementation to protect pollinators and\u00a0<a href=\"https:\/\/www.europarl.europa.eu\/news\/en\/press-room\/20210604IPR05513\/biodiversity-meps-demand-binding-targets-to-protect-wildlife-and-people\" target=\"_blank\" rel=\"noopener\">biodiversity<\/a><\/li>\n<li>Binding reduction targets for pesticide use. Member states should implement targets through their\u00a0<a href=\"https:\/\/www.europarl.europa.eu\/news\/en\/press-room\/20210903IPR11210\/agriculture-meps-approve-agreement-on-eu-farm-policy-reform\" target=\"_blank\" rel=\"noopener\">CAP<\/a>\u00a0Strategic Plans<\/li>\n<\/ul>\n<p class=\"ep-wysiwig_paragraph\"><strong>Greenhouse gas (GHG) emissions<\/strong><\/p>\n<ul>\n<li><a href=\"https:\/\/ec.europa.eu\/commission\/presscorner\/detail\/en\/ip_21_3541\" target=\"_blank\" rel=\"noopener\">\u201cFit for 55 in 2030 package\u201d<\/a>\u00a0must regulate and set ambitious targets for emissions from agriculture and related land use, including strict criteria for biomass-based renewable energy<\/li>\n<li>Natural carbon sinks must be restored and enhanced.<\/li>\n<\/ul>\n<p class=\"ep-wysiwig_paragraph\"><strong>Animal welfare<\/strong><\/p>\n<ul>\n<li>Need for common, science-based animal welfare indicators for stronger pan-EU harmonisation<\/li>\n<li>Current EU legislation must be evaluated to see if changes are needed<\/li>\n<li>Gradual end to the\u00a0<a href=\"https:\/\/www.europarl.europa.eu\/news\/en\/press-room\/20210604IPR05532\/meps-endorse-eu-citizens-call-for-gradual-end-to-caged-farming\" target=\"_blank\" rel=\"noopener\">use of cages in EU animal farming<\/a><\/li>\n<li>Non-EU animal products should be allowed only if their standards are EU-aligned.<\/li>\n<\/ul>\n<p class=\"ep-wysiwig_paragraph\"><strong>Organic farming<\/strong><\/p>\n<ul>\n<li>EU\u2019s organic land should be increased by 2030<\/li>\n<li>Need for initiatives &#8211; promotion, public procurement and fiscal &#8211; to stimulate demand<\/li>\n<\/ul>\n<h3 class=\"ep-wysiwig_paragraph\"><strong>Next steps<\/strong><\/h3>\n<p class=\"ep-wysiwig_paragraph\">The resolution was adopted with 452 votes in favour, 170 against and 76 abstentions. The vote took place on Tuesday with results announced on Wednesday. You can watch the debate\u00a0<a href=\"https:\/\/www.europarl.europa.eu\/plenary\/en\/vod.html?mode=chapter&amp;vodLanguage=EN&amp;vodId=33aa1884-3e56-d6e8-eb58-184507c67f2c&amp;date=20211018\" target=\"_blank\" rel=\"noopener\">here<\/a>.<\/p>\n<p class=\"ep-wysiwig_paragraph\">The Commission is planning a number of\u00a0<a href=\"https:\/\/www.eumonitor.nl\/9353000\/1\/j4nvgs5kjg27kof_j9vvik7m1c3gyxp\/vl906tyhrhzt\/f=\/8280_20_add_1.pdf\" target=\"_blank\" rel=\"noopener\">legislative proposals under the Farm to Fork Strategy<\/a>. MEPs emphasises the need for scientific ex-ante impact assessments of any such proposals (AM1) and during the plenary\u00a0<a href=\"https:\/\/www.europarl.europa.eu\/plenary\/en\/vod.html?mode=chapter&amp;vodLanguage=EN&amp;vodId=33aa1884-3e56-d6e8-eb58-184507c67f2c&amp;date=20211018\" target=\"_blank\" rel=\"noopener\">debate<\/a>\u00a0many regretted the late publication by the Commission of the Joint research Centre\u2019s\u00a0<a href=\"https:\/\/publications.jrc.ec.europa.eu\/repository\/handle\/JRC121368\" target=\"_blank\" rel=\"noopener\">report<\/a>\u00a0on the impact of Farm to Fork.<\/p>\n<h3 class=\"ep-wysiwig_paragraph\"><strong>Quotes<\/strong><\/h3>\n<p class=\"ep-wysiwig_paragraph\">Following the vote,\u00a0<a href=\"https:\/\/www.europarl.europa.eu\/meps\/nl\/96787\/HERBERT_DORFMANN\/home\" target=\"_blank\" rel=\"noopener\">Herbert Dorfmann<\/a>\u00a0(EPP, IT), rapporteur for the Committee on Agriculture and Rural Development, said: \u201cResponsibility for a more sustainable agriculture must be a joint effort by famers and consumers. Our farmers are already doing a great job, so when we rightly ask them to further reduce their use of pesticides, fertilisers and antibiotics, we need to support them so production does not just move outside the EU. Ensuring the availability of food at reasonable prices must continue to be a priority.\u201d<\/p>\n<p class=\"ep-wysiwig_paragraph\"><a href=\"https:\/\/www.europarl.europa.eu\/meps\/en\/125023\/ANJA_HAZEKAMP\/home\" target=\"_blank\" rel=\"noopener\">Anja Hazekamp<\/a>\u00a0(The Left, NL), rapporteur for the Committee on Environment, Public Health and Food Safety, said: \u201cCurrent EU policies are driving environmentally harmful farming models and paving the way for imports of unsustainable products. We propose concrete measures to bring our food system back within planetary boundaries by stimulating local food production and by moving away from intensive livestock farming and crop monocultures with high pesticide use. A sustainable food system is also crucial for the future of farmers.\u201d<\/p>\n<h3><strong>More information<\/strong><\/h3>\n<p><a href=\"https:\/\/www.europarl.europa.eu\/news\/en\/press-room\/20211014IPR14914\/new-eu-farm-to-fork-strategy-to-make-our-food-healthier-and-more-sustainable\" target=\"_blank\" rel=\"noopener\">European Parliament &#8211; Press releases<\/a><\/p>\n<\/div>\n<\/div>\n<\/div>\n","protected":false},"excerpt":{"rendered":"<p>MEPs present plans revamping the EU\u2019s food systems, to produce healthier food, ensure food security, a fair income for farmers and reduce agriculture\u2019s environmental footprint. Parliament welcomes the\u00a0Farm to Fork strategy\u00a0and underlines the importance of producing sustainable and healthy food to achieve the goals of the European Green Deal, including on climate, biodiversity, zero pollution [&hellip;]<\/p>\n","protected":false},"author":101012,"featured_media":84886,"comment_status":"open","ping_status":"open","sticky":false,"template":"","format":"standard","meta":{"_acf_changed":false,"_relevanssi_hide_post":"","_relevanssi_hide_content":"","_relevanssi_pin_for_all":"","_relevanssi_pin_keywords":"","_relevanssi_unpin_keywords":"","_relevanssi_related_keywords":"","_relevanssi_related_include_ids":"","_relevanssi_related_exclude_ids":"","_relevanssi_related_no_append":"","_relevanssi_related_not_related":"","_relevanssi_related_posts":"","_relevanssi_noindex_reason":"","_monsterinsights_skip_tracking":false,"_monsterinsights_sitenote_active":false,"_monsterinsights_sitenote_note":"","_monsterinsights_sitenote_category":0,"_genesis_hide_title":false,"_genesis_hide_breadcrumbs":false,"_genesis_hide_singular_image":false,"_genesis_hide_footer_widgets":false,"_genesis_custom_body_class":"","_genesis_custom_post_class":"","_genesis_layout":"","footnotes":""},"categories":[346,4092,4095],"tags":[355,4464,753,605,437,3893],"class_list":{"0":"post-84877","1":"post","2":"type-post","3":"status-publish","4":"format-standard","5":"has-post-thumbnail","7":"category-eu-news","8":"category-health","9":"category-nutrition","10":"tag-agriculture","11":"tag-agrifood","12":"tag-european-parliament","13":"tag-food","14":"tag-health","15":"tag-nutrition","16":"entry"},"acf":[],"yoast_head":"<!-- This site is optimized with the Yoast SEO plugin v27.4 - https:\/\/yoast.com\/product\/yoast-seo-wordpress\/ -->\n<title>New EU farm to fork strategy to make our food healthier and more sustainable | CDE Almer\u00eda - Centro de Documentaci\u00f3n Europea - Universidad de Almer\u00eda<\/title>\n<meta name=\"robots\" content=\"index, follow, max-snippet:-1, max-image-preview:large, max-video-preview:-1\" \/>\n<link rel=\"canonical\" href=\"https:\/\/www.cde.ual.es\/en\/new-eu-farm-to-fork-strategy-to-make-our-food-healthier-and-more-sustainable\/\" \/>\n<meta property=\"og:locale\" content=\"en_US\" \/>\n<meta property=\"og:type\" content=\"article\" \/>\n<meta property=\"og:title\" content=\"New EU farm to fork strategy to make our food healthier and more sustainable | CDE Almer\u00eda - Centro de Documentaci\u00f3n Europea - Universidad de Almer\u00eda\" \/>\n<meta property=\"og:description\" content=\"MEPs present plans revamping the EU\u2019s food systems, to produce healthier food, ensure food security, a fair income for farmers and reduce agriculture\u2019s environmental footprint. Parliament welcomes the\u00a0Farm to Fork strategy\u00a0and underlines the importance of producing sustainable and healthy food to achieve the goals of the European Green Deal, including on climate, biodiversity, zero pollution [&hellip;]\" \/>\n<meta property=\"og:url\" content=\"https:\/\/www.cde.ual.es\/en\/new-eu-farm-to-fork-strategy-to-make-our-food-healthier-and-more-sustainable\/\" \/>\n<meta property=\"og:site_name\" content=\"CDE Almer\u00eda - Centro de Documentaci\u00f3n Europea - Universidad de Almer\u00eda\" \/>\n<meta property=\"article:publisher\" content=\"https:\/\/www.facebook.com\/cdeuniversidadalmeria\/\" \/>\n<meta property=\"article:published_time\" content=\"2021-11-10T02:00:39+00:00\" \/>\n<meta property=\"og:image\" content=\"https:\/\/www.cde.ual.es\/wp-content\/uploads\/2021\/11\/thomas-le-pRJhn4MbsMM-unsplash-scaled-e1636363171818.jpg\" \/>\n\t<meta property=\"og:image:width\" content=\"1707\" \/>\n\t<meta property=\"og:image:height\" content=\"2560\" \/>\n\t<meta property=\"og:image:type\" content=\"image\/jpeg\" \/>\n<meta name=\"author\" content=\"BECACDE1\" \/>\n<meta name=\"twitter:card\" content=\"summary_large_image\" \/>\n<meta name=\"twitter:creator\" content=\"@cdeualmeria\" \/>\n<meta name=\"twitter:site\" content=\"@cdeualmeria\" \/>\n<meta name=\"twitter:label1\" content=\"Written by\" \/>\n\t<meta name=\"twitter:data1\" content=\"BECACDE1\" \/>\n\t<meta name=\"twitter:label2\" content=\"Est. reading time\" \/>\n\t<meta name=\"twitter:data2\" content=\"3 minutes\" \/>\n<script type=\"application\/ld+json\" class=\"yoast-schema-graph\">{\"@context\":\"https:\\\/\\\/schema.org\",\"@graph\":[{\"@type\":\"Article\",\"@id\":\"https:\\\/\\\/www.cde.ual.es\\\/en\\\/new-eu-farm-to-fork-strategy-to-make-our-food-healthier-and-more-sustainable\\\/#article\",\"isPartOf\":{\"@id\":\"https:\\\/\\\/www.cde.ual.es\\\/en\\\/new-eu-farm-to-fork-strategy-to-make-our-food-healthier-and-more-sustainable\\\/\"},\"author\":{\"name\":\"BECACDE1\",\"@id\":\"https:\\\/\\\/www.cde.ual.es\\\/#\\\/schema\\\/person\\\/bf2f837cf3353e2161fe1087adbd728f\"},\"headline\":\"New EU farm to fork strategy to make our food healthier and more sustainable\",\"datePublished\":\"2021-11-10T02:00:39+00:00\",\"mainEntityOfPage\":{\"@id\":\"https:\\\/\\\/www.cde.ual.es\\\/en\\\/new-eu-farm-to-fork-strategy-to-make-our-food-healthier-and-more-sustainable\\\/\"},\"wordCount\":595,\"commentCount\":0,\"publisher\":{\"@id\":\"https:\\\/\\\/www.cde.ual.es\\\/#organization\"},\"image\":{\"@id\":\"https:\\\/\\\/www.cde.ual.es\\\/en\\\/new-eu-farm-to-fork-strategy-to-make-our-food-healthier-and-more-sustainable\\\/#primaryimage\"},\"thumbnailUrl\":\"https:\\\/\\\/www.cde.ual.es\\\/wp-content\\\/uploads\\\/2021\\\/11\\\/thomas-le-pRJhn4MbsMM-unsplash-scaled-e1636363171818.jpg\",\"keywords\":[\"Agriculture\",\"agrifood\",\"European Parliament\",\"Food\",\"health\",\"nutrition\"],\"articleSection\":[\"EU News\",\"Health\",\"Nutrition\"],\"inLanguage\":\"en-US\",\"potentialAction\":[{\"@type\":\"CommentAction\",\"name\":\"Comment\",\"target\":[\"https:\\\/\\\/www.cde.ual.es\\\/en\\\/new-eu-farm-to-fork-strategy-to-make-our-food-healthier-and-more-sustainable\\\/#respond\"]}]},{\"@type\":\"WebPage\",\"@id\":\"https:\\\/\\\/www.cde.ual.es\\\/en\\\/new-eu-farm-to-fork-strategy-to-make-our-food-healthier-and-more-sustainable\\\/\",\"url\":\"https:\\\/\\\/www.cde.ual.es\\\/en\\\/new-eu-farm-to-fork-strategy-to-make-our-food-healthier-and-more-sustainable\\\/\",\"name\":\"New EU farm to fork strategy to make our food healthier and more sustainable | CDE Almer\u00eda - Centro de Documentaci\u00f3n Europea - Universidad de Almer\u00eda\",\"isPartOf\":{\"@id\":\"https:\\\/\\\/www.cde.ual.es\\\/#website\"},\"primaryImageOfPage\":{\"@id\":\"https:\\\/\\\/www.cde.ual.es\\\/en\\\/new-eu-farm-to-fork-strategy-to-make-our-food-healthier-and-more-sustainable\\\/#primaryimage\"},\"image\":{\"@id\":\"https:\\\/\\\/www.cde.ual.es\\\/en\\\/new-eu-farm-to-fork-strategy-to-make-our-food-healthier-and-more-sustainable\\\/#primaryimage\"},\"thumbnailUrl\":\"https:\\\/\\\/www.cde.ual.es\\\/wp-content\\\/uploads\\\/2021\\\/11\\\/thomas-le-pRJhn4MbsMM-unsplash-scaled-e1636363171818.jpg\",\"datePublished\":\"2021-11-10T02:00:39+00:00\",\"breadcrumb\":{\"@id\":\"https:\\\/\\\/www.cde.ual.es\\\/en\\\/new-eu-farm-to-fork-strategy-to-make-our-food-healthier-and-more-sustainable\\\/#breadcrumb\"},\"inLanguage\":\"en-US\",\"potentialAction\":[{\"@type\":\"ReadAction\",\"target\":[\"https:\\\/\\\/www.cde.ual.es\\\/en\\\/new-eu-farm-to-fork-strategy-to-make-our-food-healthier-and-more-sustainable\\\/\"]}]},{\"@type\":\"ImageObject\",\"inLanguage\":\"en-US\",\"@id\":\"https:\\\/\\\/www.cde.ual.es\\\/en\\\/new-eu-farm-to-fork-strategy-to-make-our-food-healthier-and-more-sustainable\\\/#primaryimage\",\"url\":\"https:\\\/\\\/www.cde.ual.es\\\/wp-content\\\/uploads\\\/2021\\\/11\\\/thomas-le-pRJhn4MbsMM-unsplash-scaled-e1636363171818.jpg\",\"contentUrl\":\"https:\\\/\\\/www.cde.ual.es\\\/wp-content\\\/uploads\\\/2021\\\/11\\\/thomas-le-pRJhn4MbsMM-unsplash-scaled-e1636363171818.jpg\",\"width\":1707,\"height\":2560},{\"@type\":\"BreadcrumbList\",\"@id\":\"https:\\\/\\\/www.cde.ual.es\\\/en\\\/new-eu-farm-to-fork-strategy-to-make-our-food-healthier-and-more-sustainable\\\/#breadcrumb\",\"itemListElement\":[{\"@type\":\"ListItem\",\"position\":1,\"name\":\"Inicio\",\"item\":\"https:\\\/\\\/www.cde.ual.es\\\/en\\\/\"},{\"@type\":\"ListItem\",\"position\":2,\"name\":\"EU News\",\"item\":\"https:\\\/\\\/www.cde.ual.es\\\/en\\\/category\\\/eu-news\\\/\"},{\"@type\":\"ListItem\",\"position\":3,\"name\":\"New EU farm to fork strategy to make our food healthier and more sustainable\"}]},{\"@type\":\"WebSite\",\"@id\":\"https:\\\/\\\/www.cde.ual.es\\\/#website\",\"url\":\"https:\\\/\\\/www.cde.ual.es\\\/\",\"name\":\"CDE Almer\u00eda - Centro de Documentaci\u00f3n Europea - Universidad de Almer\u00eda\",\"description\":\"Centro de Documentaci\u00f3n Europea de la Universidad de Almer\u00eda\",\"publisher\":{\"@id\":\"https:\\\/\\\/www.cde.ual.es\\\/#organization\"},\"alternateName\":\"CDE Almer\u00eda\",\"potentialAction\":[{\"@type\":\"SearchAction\",\"target\":{\"@type\":\"EntryPoint\",\"urlTemplate\":\"https:\\\/\\\/www.cde.ual.es\\\/?s={search_term_string}\"},\"query-input\":{\"@type\":\"PropertyValueSpecification\",\"valueRequired\":true,\"valueName\":\"search_term_string\"}}],\"inLanguage\":\"en-US\"},{\"@type\":\"Organization\",\"@id\":\"https:\\\/\\\/www.cde.ual.es\\\/#organization\",\"name\":\"Centro de Documentaci\u00f3n Europea de Almer\u00eda\",\"url\":\"https:\\\/\\\/www.cde.ual.es\\\/\",\"logo\":{\"@type\":\"ImageObject\",\"inLanguage\":\"en-US\",\"@id\":\"https:\\\/\\\/www.cde.ual.es\\\/#\\\/schema\\\/logo\\\/image\\\/\",\"url\":\"https:\\\/\\\/www.cde.ual.es\\\/wp-content\\\/uploads\\\/2025\\\/07\\\/cde-logo-3.png\",\"contentUrl\":\"https:\\\/\\\/www.cde.ual.es\\\/wp-content\\\/uploads\\\/2025\\\/07\\\/cde-logo-3.png\",\"width\":1400,\"height\":300,\"caption\":\"Centro de Documentaci\u00f3n Europea de Almer\u00eda\"},\"image\":{\"@id\":\"https:\\\/\\\/www.cde.ual.es\\\/#\\\/schema\\\/logo\\\/image\\\/\"},\"sameAs\":[\"https:\\\/\\\/www.facebook.com\\\/cdeuniversidadalmeria\\\/\",\"https:\\\/\\\/x.com\\\/cdeualmeria\",\"https:\\\/\\\/www.tiktok.com\\\/@cdealmeria\",\"https:\\\/\\\/www.instagram.com\\\/cdealmeria\\\/\",\"https:\\\/\\\/www.linkedin.com\\\/in\\\/cde-almera-812b26a9\\\/\"]},{\"@type\":\"Person\",\"@id\":\"https:\\\/\\\/www.cde.ual.es\\\/#\\\/schema\\\/person\\\/bf2f837cf3353e2161fe1087adbd728f\",\"name\":\"BECACDE1\",\"image\":{\"@type\":\"ImageObject\",\"inLanguage\":\"en-US\",\"@id\":\"https:\\\/\\\/secure.gravatar.com\\\/avatar\\\/16a4c1e422b5dec818ee13eab3353b19db9cfd278cc10f9b0e1188a37671d9d4?s=96&d=mm&r=g\",\"url\":\"https:\\\/\\\/secure.gravatar.com\\\/avatar\\\/16a4c1e422b5dec818ee13eab3353b19db9cfd278cc10f9b0e1188a37671d9d4?s=96&d=mm&r=g\",\"contentUrl\":\"https:\\\/\\\/secure.gravatar.com\\\/avatar\\\/16a4c1e422b5dec818ee13eab3353b19db9cfd278cc10f9b0e1188a37671d9d4?s=96&d=mm&r=g\",\"caption\":\"BECACDE1\"},\"sameAs\":[\"http:\\\/\\\/www.cdealmeria.com\"]}]}<\/script>\n<!-- \/ Yoast SEO plugin. -->","yoast_head_json":{"title":"New EU farm to fork strategy to make our food healthier and more sustainable | CDE Almer\u00eda - Centro de Documentaci\u00f3n Europea - Universidad de Almer\u00eda","robots":{"index":"index","follow":"follow","max-snippet":"max-snippet:-1","max-image-preview":"max-image-preview:large","max-video-preview":"max-video-preview:-1"},"canonical":"https:\/\/www.cde.ual.es\/en\/new-eu-farm-to-fork-strategy-to-make-our-food-healthier-and-more-sustainable\/","og_locale":"en_US","og_type":"article","og_title":"New EU farm to fork strategy to make our food healthier and more sustainable | CDE Almer\u00eda - Centro de Documentaci\u00f3n Europea - Universidad de Almer\u00eda","og_description":"MEPs present plans revamping the EU\u2019s food systems, to produce healthier food, ensure food security, a fair income for farmers and reduce agriculture\u2019s environmental footprint. Parliament welcomes the\u00a0Farm to Fork strategy\u00a0and underlines the importance of producing sustainable and healthy food to achieve the goals of the European Green Deal, including on climate, biodiversity, zero pollution [&hellip;]","og_url":"https:\/\/www.cde.ual.es\/en\/new-eu-farm-to-fork-strategy-to-make-our-food-healthier-and-more-sustainable\/","og_site_name":"CDE Almer\u00eda - Centro de Documentaci\u00f3n Europea - Universidad de Almer\u00eda","article_publisher":"https:\/\/www.facebook.com\/cdeuniversidadalmeria\/","article_published_time":"2021-11-10T02:00:39+00:00","og_image":[{"width":1707,"height":2560,"url":"https:\/\/www.cde.ual.es\/wp-content\/uploads\/2021\/11\/thomas-le-pRJhn4MbsMM-unsplash-scaled-e1636363171818.jpg","type":"image\/jpeg"}],"author":"BECACDE1","twitter_card":"summary_large_image","twitter_creator":"@cdeualmeria","twitter_site":"@cdeualmeria","twitter_misc":{"Written by":"BECACDE1","Est. reading time":"3 minutes"},"schema":{"@context":"https:\/\/schema.org","@graph":[{"@type":"Article","@id":"https:\/\/www.cde.ual.es\/en\/new-eu-farm-to-fork-strategy-to-make-our-food-healthier-and-more-sustainable\/#article","isPartOf":{"@id":"https:\/\/www.cde.ual.es\/en\/new-eu-farm-to-fork-strategy-to-make-our-food-healthier-and-more-sustainable\/"},"author":{"name":"BECACDE1","@id":"https:\/\/www.cde.ual.es\/#\/schema\/person\/bf2f837cf3353e2161fe1087adbd728f"},"headline":"New EU farm to fork strategy to make our food healthier and more sustainable","datePublished":"2021-11-10T02:00:39+00:00","mainEntityOfPage":{"@id":"https:\/\/www.cde.ual.es\/en\/new-eu-farm-to-fork-strategy-to-make-our-food-healthier-and-more-sustainable\/"},"wordCount":595,"commentCount":0,"publisher":{"@id":"https:\/\/www.cde.ual.es\/#organization"},"image":{"@id":"https:\/\/www.cde.ual.es\/en\/new-eu-farm-to-fork-strategy-to-make-our-food-healthier-and-more-sustainable\/#primaryimage"},"thumbnailUrl":"https:\/\/www.cde.ual.es\/wp-content\/uploads\/2021\/11\/thomas-le-pRJhn4MbsMM-unsplash-scaled-e1636363171818.jpg","keywords":["Agriculture","agrifood","European Parliament","Food","health","nutrition"],"articleSection":["EU News","Health","Nutrition"],"inLanguage":"en-US","potentialAction":[{"@type":"CommentAction","name":"Comment","target":["https:\/\/www.cde.ual.es\/en\/new-eu-farm-to-fork-strategy-to-make-our-food-healthier-and-more-sustainable\/#respond"]}]},{"@type":"WebPage","@id":"https:\/\/www.cde.ual.es\/en\/new-eu-farm-to-fork-strategy-to-make-our-food-healthier-and-more-sustainable\/","url":"https:\/\/www.cde.ual.es\/en\/new-eu-farm-to-fork-strategy-to-make-our-food-healthier-and-more-sustainable\/","name":"New EU farm to fork strategy to make our food healthier and more sustainable | CDE Almer\u00eda - Centro de Documentaci\u00f3n Europea - Universidad de Almer\u00eda","isPartOf":{"@id":"https:\/\/www.cde.ual.es\/#website"},"primaryImageOfPage":{"@id":"https:\/\/www.cde.ual.es\/en\/new-eu-farm-to-fork-strategy-to-make-our-food-healthier-and-more-sustainable\/#primaryimage"},"image":{"@id":"https:\/\/www.cde.ual.es\/en\/new-eu-farm-to-fork-strategy-to-make-our-food-healthier-and-more-sustainable\/#primaryimage"},"thumbnailUrl":"https:\/\/www.cde.ual.es\/wp-content\/uploads\/2021\/11\/thomas-le-pRJhn4MbsMM-unsplash-scaled-e1636363171818.jpg","datePublished":"2021-11-10T02:00:39+00:00","breadcrumb":{"@id":"https:\/\/www.cde.ual.es\/en\/new-eu-farm-to-fork-strategy-to-make-our-food-healthier-and-more-sustainable\/#breadcrumb"},"inLanguage":"en-US","potentialAction":[{"@type":"ReadAction","target":["https:\/\/www.cde.ual.es\/en\/new-eu-farm-to-fork-strategy-to-make-our-food-healthier-and-more-sustainable\/"]}]},{"@type":"ImageObject","inLanguage":"en-US","@id":"https:\/\/www.cde.ual.es\/en\/new-eu-farm-to-fork-strategy-to-make-our-food-healthier-and-more-sustainable\/#primaryimage","url":"https:\/\/www.cde.ual.es\/wp-content\/uploads\/2021\/11\/thomas-le-pRJhn4MbsMM-unsplash-scaled-e1636363171818.jpg","contentUrl":"https:\/\/www.cde.ual.es\/wp-content\/uploads\/2021\/11\/thomas-le-pRJhn4MbsMM-unsplash-scaled-e1636363171818.jpg","width":1707,"height":2560},{"@type":"BreadcrumbList","@id":"https:\/\/www.cde.ual.es\/en\/new-eu-farm-to-fork-strategy-to-make-our-food-healthier-and-more-sustainable\/#breadcrumb","itemListElement":[{"@type":"ListItem","position":1,"name":"Inicio","item":"https:\/\/www.cde.ual.es\/en\/"},{"@type":"ListItem","position":2,"name":"EU News","item":"https:\/\/www.cde.ual.es\/en\/category\/eu-news\/"},{"@type":"ListItem","position":3,"name":"New EU farm to fork strategy to make our food healthier and more sustainable"}]},{"@type":"WebSite","@id":"https:\/\/www.cde.ual.es\/#website","url":"https:\/\/www.cde.ual.es\/","name":"CDE Almer\u00eda - Centro de Documentaci\u00f3n Europea - Universidad de Almer\u00eda","description":"Centro de Documentaci\u00f3n Europea de la Universidad de Almer\u00eda","publisher":{"@id":"https:\/\/www.cde.ual.es\/#organization"},"alternateName":"CDE Almer\u00eda","potentialAction":[{"@type":"SearchAction","target":{"@type":"EntryPoint","urlTemplate":"https:\/\/www.cde.ual.es\/?s={search_term_string}"},"query-input":{"@type":"PropertyValueSpecification","valueRequired":true,"valueName":"search_term_string"}}],"inLanguage":"en-US"},{"@type":"Organization","@id":"https:\/\/www.cde.ual.es\/#organization","name":"Centro de Documentaci\u00f3n Europea de Almer\u00eda","url":"https:\/\/www.cde.ual.es\/","logo":{"@type":"ImageObject","inLanguage":"en-US","@id":"https:\/\/www.cde.ual.es\/#\/schema\/logo\/image\/","url":"https:\/\/www.cde.ual.es\/wp-content\/uploads\/2025\/07\/cde-logo-3.png","contentUrl":"https:\/\/www.cde.ual.es\/wp-content\/uploads\/2025\/07\/cde-logo-3.png","width":1400,"height":300,"caption":"Centro de Documentaci\u00f3n Europea de Almer\u00eda"},"image":{"@id":"https:\/\/www.cde.ual.es\/#\/schema\/logo\/image\/"},"sameAs":["https:\/\/www.facebook.com\/cdeuniversidadalmeria\/","https:\/\/x.com\/cdeualmeria","https:\/\/www.tiktok.com\/@cdealmeria","https:\/\/www.instagram.com\/cdealmeria\/","https:\/\/www.linkedin.com\/in\/cde-almera-812b26a9\/"]},{"@type":"Person","@id":"https:\/\/www.cde.ual.es\/#\/schema\/person\/bf2f837cf3353e2161fe1087adbd728f","name":"BECACDE1","image":{"@type":"ImageObject","inLanguage":"en-US","@id":"https:\/\/secure.gravatar.com\/avatar\/16a4c1e422b5dec818ee13eab3353b19db9cfd278cc10f9b0e1188a37671d9d4?s=96&d=mm&r=g","url":"https:\/\/secure.gravatar.com\/avatar\/16a4c1e422b5dec818ee13eab3353b19db9cfd278cc10f9b0e1188a37671d9d4?s=96&d=mm&r=g","contentUrl":"https:\/\/secure.gravatar.com\/avatar\/16a4c1e422b5dec818ee13eab3353b19db9cfd278cc10f9b0e1188a37671d9d4?s=96&d=mm&r=g","caption":"BECACDE1"},"sameAs":["http:\/\/www.cdealmeria.com"]}]}},"_links":{"self":[{"href":"https:\/\/www.cde.ual.es\/en\/wp-json\/wp\/v2\/posts\/84877","targetHints":{"allow":["GET"]}}],"collection":[{"href":"https:\/\/www.cde.ual.es\/en\/wp-json\/wp\/v2\/posts"}],"about":[{"href":"https:\/\/www.cde.ual.es\/en\/wp-json\/wp\/v2\/types\/post"}],"author":[{"embeddable":true,"href":"https:\/\/www.cde.ual.es\/en\/wp-json\/wp\/v2\/users\/101012"}],"replies":[{"embeddable":true,"href":"https:\/\/www.cde.ual.es\/en\/wp-json\/wp\/v2\/comments?post=84877"}],"version-history":[{"count":0,"href":"https:\/\/www.cde.ual.es\/en\/wp-json\/wp\/v2\/posts\/84877\/revisions"}],"wp:featuredmedia":[{"embeddable":true,"href":"https:\/\/www.cde.ual.es\/en\/wp-json\/wp\/v2\/media\/84886"}],"wp:attachment":[{"href":"https:\/\/www.cde.ual.es\/en\/wp-json\/wp\/v2\/media?parent=84877"}],"wp:term":[{"taxonomy":"category","embeddable":true,"href":"https:\/\/www.cde.ual.es\/en\/wp-json\/wp\/v2\/categories?post=84877"},{"taxonomy":"post_tag","embeddable":true,"href":"https:\/\/www.cde.ual.es\/en\/wp-json\/wp\/v2\/tags?post=84877"}],"curies":[{"name":"wp","href":"https:\/\/api.w.org\/{rel}","templated":true}]}}