{"id":84673,"date":"2021-11-08T03:00:33","date_gmt":"2021-11-08T02:00:33","guid":{"rendered":"https:\/\/www.cde.ual.es\/?p=84673"},"modified":"2021-11-09T12:57:49","modified_gmt":"2021-11-09T11:57:49","slug":"cop26-european-commission-announces-e1-billion-pledge-to-protect-world-forests","status":"publish","type":"post","link":"https:\/\/www.cde.ual.es\/en\/cop26-european-commission-announces-e1-billion-pledge-to-protect-world-forests\/","title":{"rendered":"COP26: European Commission announces \u20ac1 billion pledge to protect world forests"},"content":{"rendered":"<p>European Commission President Ursula\u00a0<strong>von der Leyen<\/strong>\u00a0announced today \u20ac1 billion at the 26<sup>th<\/sup>\u00a0UN Climate Change Conference of the Parties (COP26) in Glasgow as the European Union contribution to the Global Forests Finance Pledge. This 5-year support package from the EU budget will help partner countries to protect, restore and sustainably manage forests worldwide and deliver on the Paris Agreement.<\/p>\n<p><a href=\"https:\/\/www.cde.ual.es\/wp-content\/uploads\/2021\/11\/johannes-plenio-Enhs8UrXEb0-unsplash-scaled.jpg\"><img decoding=\"async\" class=\" wp-image-84674 aligncenter\" src=\"https:\/\/www.cde.ual.es\/wp-content\/uploads\/2021\/11\/johannes-plenio-Enhs8UrXEb0-unsplash-scaled.jpg\" alt=\"\" width=\"700\" height=\"467\" srcset=\"https:\/\/www.cde.ual.es\/wp-content\/uploads\/2021\/11\/johannes-plenio-Enhs8UrXEb0-unsplash-scaled.jpg 2560w, https:\/\/www.cde.ual.es\/wp-content\/uploads\/2021\/11\/johannes-plenio-Enhs8UrXEb0-unsplash-300x200.jpg 300w, https:\/\/www.cde.ual.es\/wp-content\/uploads\/2021\/11\/johannes-plenio-Enhs8UrXEb0-unsplash-1024x683.jpg 1024w, https:\/\/www.cde.ual.es\/wp-content\/uploads\/2021\/11\/johannes-plenio-Enhs8UrXEb0-unsplash-768x512.jpg 768w, https:\/\/www.cde.ual.es\/wp-content\/uploads\/2021\/11\/johannes-plenio-Enhs8UrXEb0-unsplash-1536x1024.jpg 1536w, https:\/\/www.cde.ual.es\/wp-content\/uploads\/2021\/11\/johannes-plenio-Enhs8UrXEb0-unsplash-2048x1365.jpg 2048w\" sizes=\"(max-width: 700px) 100vw, 700px\" \/><\/a><\/p>\n<p>President Ursula<strong>\u00a0von der Leyen<\/strong>\u00a0said: \u201c<em>Forests are the green lungs of the earth. We need to protect and restore them. I gladly announce that we are pledging \u20ac1 billion to protect world forests. This is a clear sign of the EU&#8217;s commitment to lead global change to protect our planet, in line with our EU Green Deal<\/em>.\u201d<\/p>\n<p>Commissioner for International Partnerships, Jutta\u00a0<strong>Urpilainen<\/strong>, added:\u00a0<em>&#8220;The EU&#8217;s contribution pledged today to sustainably manage, restore and protect forests will support sustainable growth and jobs, climate mitigation and adaptation, as well as preservation of biodiversity in our partner countries.<\/em><em>\u00a0The European Union\u00a0<\/em><em>will work in partnerships with governments, civil society, indigenous peoples and private actors, in a\u00a0<\/em><em>multilateral approach, to achieve the Sustainable Development Goals and to put people and planet first<\/em>.<em>\u00a0The specific focus on the Congo Basin is a timely message on the importance of this unique area and its ecosystem.<\/em>\u201d<\/p>\n<p>This pledge is the European Commission&#8217;s contribution to the Global Forests pledge made at COP26 by the international community. As a follow-up, the EU will work with partner countries to conserve, restore and ensure the sustainable management of forests in a comprehensive and integrated way. Within the \u20ac1 billion pledged today, \u20ac250 million will go to the Congo Basin, covering eight countries (Cameroon, Central African Republic, Democratic Republic of the Congo, Republic of the Congo, Equatorial Guinea, Gabon, Burundi and Rwanda) to protect the world&#8217;s second largest tropical rainforest region while improving livelihoods for its populations.<\/p>\n<h3><strong>Background<\/strong><\/h3>\n<p>More than 1.6 billion people all over the world depend on forests for food, medicine and livelihoods. Forests preserve soil and support 80% of the world&#8217;s biodiversity, with the biggest forest basins outside the EU&#8217;s territory.<\/p>\n<p>Because they produce oxygen and purify the air, forests are also essential for mitigating climate change as they absorb up to 30% of Green House Gas Emissions. They are equally important for climate adaptation. Greenhouse gas emissions linked to deforestation are the second biggest cause of climate change. Between 1990 and 2016, the world has been losing forest cover at a rate equivalent to about 800 football pitches an hour.<\/p>\n<p>Since the early 1990s, the EU has been supporting forest conservation, particularly in Central Africa through the EU flagship ECOFAC programme (Preserving Biodiversity and fragile ecosystems in Central Africa). This continuous support helped conserve around 16 million ha of humid forests in the Congo Basin, while promoting sustainable development and livelihoods amongst the local population.<\/p>\n<p>Today&#8217;s European Commission pledge is funded by the NDICI-Global Europe instrument.<\/p>\n<h3>More information<\/h3>\n<p><a href=\"https:\/\/ec.europa.eu\/commission\/presscorner\/detail\/en\/ip_21_5678\" target=\"_blank\" rel=\"noopener\">European Commission<\/a><\/p>\n","protected":false},"excerpt":{"rendered":"<p>European Commission President Ursula\u00a0von der Leyen\u00a0announced today \u20ac1 billion at the 26th\u00a0UN Climate Change Conference of the Parties (COP26) in Glasgow as the European Union contribution to the Global Forests Finance Pledge. This 5-year support package from the EU budget will help partner countries to protect, restore and sustainably manage forests worldwide and deliver on [&hellip;]<\/p>\n","protected":false},"author":101011,"featured_media":84674,"comment_status":"open","ping_status":"open","sticky":false,"template":"","format":"standard","meta":{"_acf_changed":false,"_relevanssi_hide_post":"","_relevanssi_hide_content":"","_relevanssi_pin_for_all":"","_relevanssi_pin_keywords":"","_relevanssi_unpin_keywords":"","_relevanssi_related_keywords":"","_relevanssi_related_include_ids":"","_relevanssi_related_exclude_ids":"","_relevanssi_related_no_append":"","_relevanssi_related_not_related":"","_relevanssi_related_posts":"","_relevanssi_noindex_reason":"","_monsterinsights_skip_tracking":false,"_monsterinsights_sitenote_active":false,"_monsterinsights_sitenote_note":"","_monsterinsights_sitenote_category":0,"_genesis_hide_title":false,"_genesis_hide_breadcrumbs":false,"_genesis_hide_singular_image":false,"_genesis_hide_footer_widgets":false,"_genesis_custom_body_class":"","_genesis_custom_post_class":"","_genesis_layout":"","footnotes":""},"categories":[4085,346],"tags":[4481,1488],"class_list":{"0":"post-84673","1":"post","2":"type-post","3":"status-publish","4":"format-standard","5":"has-post-thumbnail","7":"category-environment","8":"category-eu-news","9":"tag-cop26-en","10":"tag-european-commission","11":"entry"},"acf":[],"yoast_head":"<!-- This site is optimized with the Yoast SEO plugin v27.5 - https:\/\/yoast.com\/product\/yoast-seo-wordpress\/ -->\n<title>COP26: European Commission announces \u20ac1 billion pledge to protect world forests | CDE Almer\u00eda - Centro de Documentaci\u00f3n Europea - Universidad de Almer\u00eda<\/title>\n<meta name=\"robots\" content=\"index, follow, max-snippet:-1, max-image-preview:large, max-video-preview:-1\" \/>\n<link rel=\"canonical\" href=\"https:\/\/www.cde.ual.es\/en\/cop26-european-commission-announces-e1-billion-pledge-to-protect-world-forests\/\" \/>\n<meta property=\"og:locale\" content=\"en_US\" \/>\n<meta property=\"og:type\" content=\"article\" \/>\n<meta property=\"og:title\" content=\"COP26: European Commission announces \u20ac1 billion pledge to protect world forests | CDE Almer\u00eda - Centro de Documentaci\u00f3n Europea - Universidad de Almer\u00eda\" \/>\n<meta property=\"og:description\" content=\"European Commission President Ursula\u00a0von der Leyen\u00a0announced today \u20ac1 billion at the 26th\u00a0UN Climate Change Conference of the Parties (COP26) in Glasgow as the European Union contribution to the Global Forests Finance Pledge. This 5-year support package from the EU budget will help partner countries to protect, restore and sustainably manage forests worldwide and deliver on [&hellip;]\" \/>\n<meta property=\"og:url\" content=\"https:\/\/www.cde.ual.es\/en\/cop26-european-commission-announces-e1-billion-pledge-to-protect-world-forests\/\" \/>\n<meta property=\"og:site_name\" content=\"CDE Almer\u00eda - Centro de Documentaci\u00f3n Europea - Universidad de Almer\u00eda\" \/>\n<meta property=\"article:publisher\" content=\"https:\/\/www.facebook.com\/cdeuniversidadalmeria\/\" \/>\n<meta property=\"article:published_time\" content=\"2021-11-08T02:00:33+00:00\" \/>\n<meta property=\"article:modified_time\" content=\"2021-11-09T11:57:49+00:00\" \/>\n<meta property=\"og:image\" content=\"https:\/\/www.cde.ual.es\/wp-content\/uploads\/2021\/11\/johannes-plenio-Enhs8UrXEb0-unsplash-scaled.jpg\" \/>\n\t<meta property=\"og:image:width\" content=\"2560\" \/>\n\t<meta property=\"og:image:height\" content=\"1707\" \/>\n\t<meta property=\"og:image:type\" content=\"image\/jpeg\" \/>\n<meta name=\"author\" content=\"BECA 2 CDE\" \/>\n<meta name=\"twitter:card\" content=\"summary_large_image\" \/>\n<meta name=\"twitter:creator\" content=\"@cdeualmeria\" \/>\n<meta name=\"twitter:site\" content=\"@cdeualmeria\" \/>\n<meta name=\"twitter:label1\" content=\"Written by\" \/>\n\t<meta name=\"twitter:data1\" content=\"BECA 2 CDE\" \/>\n\t<meta name=\"twitter:label2\" content=\"Est. reading time\" \/>\n\t<meta name=\"twitter:data2\" content=\"3 minutes\" \/>\n<script type=\"application\/ld+json\" class=\"yoast-schema-graph\">{\"@context\":\"https:\\\/\\\/schema.org\",\"@graph\":[{\"@type\":\"Article\",\"@id\":\"https:\\\/\\\/www.cde.ual.es\\\/en\\\/cop26-european-commission-announces-e1-billion-pledge-to-protect-world-forests\\\/#article\",\"isPartOf\":{\"@id\":\"https:\\\/\\\/www.cde.ual.es\\\/en\\\/cop26-european-commission-announces-e1-billion-pledge-to-protect-world-forests\\\/\"},\"author\":{\"name\":\"BECA 2 CDE\",\"@id\":\"https:\\\/\\\/www.cde.ual.es\\\/#\\\/schema\\\/person\\\/ee46ebc19edfa19598c02cff83335acc\"},\"headline\":\"COP26: European Commission announces \u20ac1 billion pledge to protect world forests\",\"datePublished\":\"2021-11-08T02:00:33+00:00\",\"dateModified\":\"2021-11-09T11:57:49+00:00\",\"mainEntityOfPage\":{\"@id\":\"https:\\\/\\\/www.cde.ual.es\\\/en\\\/cop26-european-commission-announces-e1-billion-pledge-to-protect-world-forests\\\/\"},\"wordCount\":491,\"commentCount\":0,\"publisher\":{\"@id\":\"https:\\\/\\\/www.cde.ual.es\\\/#organization\"},\"image\":{\"@id\":\"https:\\\/\\\/www.cde.ual.es\\\/en\\\/cop26-european-commission-announces-e1-billion-pledge-to-protect-world-forests\\\/#primaryimage\"},\"thumbnailUrl\":\"https:\\\/\\\/www.cde.ual.es\\\/wp-content\\\/uploads\\\/2021\\\/11\\\/johannes-plenio-Enhs8UrXEb0-unsplash-scaled.jpg\",\"keywords\":[\"COP26\",\"European Commission\"],\"articleSection\":[\"Environmental Affairs\",\"EU News\"],\"inLanguage\":\"en-US\",\"potentialAction\":[{\"@type\":\"CommentAction\",\"name\":\"Comment\",\"target\":[\"https:\\\/\\\/www.cde.ual.es\\\/en\\\/cop26-european-commission-announces-e1-billion-pledge-to-protect-world-forests\\\/#respond\"]}]},{\"@type\":\"WebPage\",\"@id\":\"https:\\\/\\\/www.cde.ual.es\\\/en\\\/cop26-european-commission-announces-e1-billion-pledge-to-protect-world-forests\\\/\",\"url\":\"https:\\\/\\\/www.cde.ual.es\\\/en\\\/cop26-european-commission-announces-e1-billion-pledge-to-protect-world-forests\\\/\",\"name\":\"COP26: European Commission announces \u20ac1 billion pledge to protect world forests | CDE Almer\u00eda - Centro de Documentaci\u00f3n Europea - Universidad de Almer\u00eda\",\"isPartOf\":{\"@id\":\"https:\\\/\\\/www.cde.ual.es\\\/#website\"},\"primaryImageOfPage\":{\"@id\":\"https:\\\/\\\/www.cde.ual.es\\\/en\\\/cop26-european-commission-announces-e1-billion-pledge-to-protect-world-forests\\\/#primaryimage\"},\"image\":{\"@id\":\"https:\\\/\\\/www.cde.ual.es\\\/en\\\/cop26-european-commission-announces-e1-billion-pledge-to-protect-world-forests\\\/#primaryimage\"},\"thumbnailUrl\":\"https:\\\/\\\/www.cde.ual.es\\\/wp-content\\\/uploads\\\/2021\\\/11\\\/johannes-plenio-Enhs8UrXEb0-unsplash-scaled.jpg\",\"datePublished\":\"2021-11-08T02:00:33+00:00\",\"dateModified\":\"2021-11-09T11:57:49+00:00\",\"breadcrumb\":{\"@id\":\"https:\\\/\\\/www.cde.ual.es\\\/en\\\/cop26-european-commission-announces-e1-billion-pledge-to-protect-world-forests\\\/#breadcrumb\"},\"inLanguage\":\"en-US\",\"potentialAction\":[{\"@type\":\"ReadAction\",\"target\":[\"https:\\\/\\\/www.cde.ual.es\\\/en\\\/cop26-european-commission-announces-e1-billion-pledge-to-protect-world-forests\\\/\"]}]},{\"@type\":\"ImageObject\",\"inLanguage\":\"en-US\",\"@id\":\"https:\\\/\\\/www.cde.ual.es\\\/en\\\/cop26-european-commission-announces-e1-billion-pledge-to-protect-world-forests\\\/#primaryimage\",\"url\":\"https:\\\/\\\/www.cde.ual.es\\\/wp-content\\\/uploads\\\/2021\\\/11\\\/johannes-plenio-Enhs8UrXEb0-unsplash-scaled.jpg\",\"contentUrl\":\"https:\\\/\\\/www.cde.ual.es\\\/wp-content\\\/uploads\\\/2021\\\/11\\\/johannes-plenio-Enhs8UrXEb0-unsplash-scaled.jpg\",\"width\":2560,\"height\":1707},{\"@type\":\"BreadcrumbList\",\"@id\":\"https:\\\/\\\/www.cde.ual.es\\\/en\\\/cop26-european-commission-announces-e1-billion-pledge-to-protect-world-forests\\\/#breadcrumb\",\"itemListElement\":[{\"@type\":\"ListItem\",\"position\":1,\"name\":\"Inicio\",\"item\":\"https:\\\/\\\/www.cde.ual.es\\\/en\\\/\"},{\"@type\":\"ListItem\",\"position\":2,\"name\":\"EU News\",\"item\":\"https:\\\/\\\/www.cde.ual.es\\\/en\\\/category\\\/eu-news\\\/\"},{\"@type\":\"ListItem\",\"position\":3,\"name\":\"Environmental Affairs\",\"item\":\"https:\\\/\\\/www.cde.ual.es\\\/en\\\/category\\\/eu-news\\\/environment\\\/\"},{\"@type\":\"ListItem\",\"position\":4,\"name\":\"COP26: European Commission announces \u20ac1 billion pledge to protect world forests\"}]},{\"@type\":\"WebSite\",\"@id\":\"https:\\\/\\\/www.cde.ual.es\\\/#website\",\"url\":\"https:\\\/\\\/www.cde.ual.es\\\/\",\"name\":\"CDE Almer\u00eda - Centro de Documentaci\u00f3n Europea - Universidad de Almer\u00eda\",\"description\":\"Centro de Documentaci\u00f3n Europea de la Universidad de Almer\u00eda\",\"publisher\":{\"@id\":\"https:\\\/\\\/www.cde.ual.es\\\/#organization\"},\"alternateName\":\"CDE Almer\u00eda\",\"potentialAction\":[{\"@type\":\"SearchAction\",\"target\":{\"@type\":\"EntryPoint\",\"urlTemplate\":\"https:\\\/\\\/www.cde.ual.es\\\/?s={search_term_string}\"},\"query-input\":{\"@type\":\"PropertyValueSpecification\",\"valueRequired\":true,\"valueName\":\"search_term_string\"}}],\"inLanguage\":\"en-US\"},{\"@type\":\"Organization\",\"@id\":\"https:\\\/\\\/www.cde.ual.es\\\/#organization\",\"name\":\"Centro de Documentaci\u00f3n Europea de Almer\u00eda\",\"url\":\"https:\\\/\\\/www.cde.ual.es\\\/\",\"logo\":{\"@type\":\"ImageObject\",\"inLanguage\":\"en-US\",\"@id\":\"https:\\\/\\\/www.cde.ual.es\\\/#\\\/schema\\\/logo\\\/image\\\/\",\"url\":\"https:\\\/\\\/www.cde.ual.es\\\/wp-content\\\/uploads\\\/2025\\\/07\\\/cde-logo-3.png\",\"contentUrl\":\"https:\\\/\\\/www.cde.ual.es\\\/wp-content\\\/uploads\\\/2025\\\/07\\\/cde-logo-3.png\",\"width\":1400,\"height\":300,\"caption\":\"Centro de Documentaci\u00f3n Europea de Almer\u00eda\"},\"image\":{\"@id\":\"https:\\\/\\\/www.cde.ual.es\\\/#\\\/schema\\\/logo\\\/image\\\/\"},\"sameAs\":[\"https:\\\/\\\/www.facebook.com\\\/cdeuniversidadalmeria\\\/\",\"https:\\\/\\\/x.com\\\/cdeualmeria\",\"https:\\\/\\\/www.tiktok.com\\\/@cdealmeria\",\"https:\\\/\\\/www.instagram.com\\\/cdealmeria\\\/\",\"https:\\\/\\\/www.linkedin.com\\\/in\\\/cde-almera-812b26a9\\\/\"]},{\"@type\":\"Person\",\"@id\":\"https:\\\/\\\/www.cde.ual.es\\\/#\\\/schema\\\/person\\\/ee46ebc19edfa19598c02cff83335acc\",\"name\":\"BECA 2 CDE\",\"image\":{\"@type\":\"ImageObject\",\"inLanguage\":\"en-US\",\"@id\":\"https:\\\/\\\/secure.gravatar.com\\\/avatar\\\/35a481bbc04bbd90e91bdfa3b0b5541036c222a49b9ad37b6889a2afcb5311a5?s=96&d=mm&r=g\",\"url\":\"https:\\\/\\\/secure.gravatar.com\\\/avatar\\\/35a481bbc04bbd90e91bdfa3b0b5541036c222a49b9ad37b6889a2afcb5311a5?s=96&d=mm&r=g\",\"contentUrl\":\"https:\\\/\\\/secure.gravatar.com\\\/avatar\\\/35a481bbc04bbd90e91bdfa3b0b5541036c222a49b9ad37b6889a2afcb5311a5?s=96&d=mm&r=g\",\"caption\":\"BECA 2 CDE\"},\"sameAs\":[\"http:\\\/\\\/www.cdealmeria.com\"]}]}<\/script>\n<!-- \/ Yoast SEO plugin. -->","yoast_head_json":{"title":"COP26: European Commission announces \u20ac1 billion pledge to protect world forests | CDE Almer\u00eda - Centro de Documentaci\u00f3n Europea - Universidad de Almer\u00eda","robots":{"index":"index","follow":"follow","max-snippet":"max-snippet:-1","max-image-preview":"max-image-preview:large","max-video-preview":"max-video-preview:-1"},"canonical":"https:\/\/www.cde.ual.es\/en\/cop26-european-commission-announces-e1-billion-pledge-to-protect-world-forests\/","og_locale":"en_US","og_type":"article","og_title":"COP26: European Commission announces \u20ac1 billion pledge to protect world forests | CDE Almer\u00eda - Centro de Documentaci\u00f3n Europea - Universidad de Almer\u00eda","og_description":"European Commission President Ursula\u00a0von der Leyen\u00a0announced today \u20ac1 billion at the 26th\u00a0UN Climate Change Conference of the Parties (COP26) in Glasgow as the European Union contribution to the Global Forests Finance Pledge. This 5-year support package from the EU budget will help partner countries to protect, restore and sustainably manage forests worldwide and deliver on [&hellip;]","og_url":"https:\/\/www.cde.ual.es\/en\/cop26-european-commission-announces-e1-billion-pledge-to-protect-world-forests\/","og_site_name":"CDE Almer\u00eda - Centro de Documentaci\u00f3n Europea - Universidad de Almer\u00eda","article_publisher":"https:\/\/www.facebook.com\/cdeuniversidadalmeria\/","article_published_time":"2021-11-08T02:00:33+00:00","article_modified_time":"2021-11-09T11:57:49+00:00","og_image":[{"width":2560,"height":1707,"url":"https:\/\/www.cde.ual.es\/wp-content\/uploads\/2021\/11\/johannes-plenio-Enhs8UrXEb0-unsplash-scaled.jpg","type":"image\/jpeg"}],"author":"BECA 2 CDE","twitter_card":"summary_large_image","twitter_creator":"@cdeualmeria","twitter_site":"@cdeualmeria","twitter_misc":{"Written by":"BECA 2 CDE","Est. reading time":"3 minutes"},"schema":{"@context":"https:\/\/schema.org","@graph":[{"@type":"Article","@id":"https:\/\/www.cde.ual.es\/en\/cop26-european-commission-announces-e1-billion-pledge-to-protect-world-forests\/#article","isPartOf":{"@id":"https:\/\/www.cde.ual.es\/en\/cop26-european-commission-announces-e1-billion-pledge-to-protect-world-forests\/"},"author":{"name":"BECA 2 CDE","@id":"https:\/\/www.cde.ual.es\/#\/schema\/person\/ee46ebc19edfa19598c02cff83335acc"},"headline":"COP26: European Commission announces \u20ac1 billion pledge to protect world forests","datePublished":"2021-11-08T02:00:33+00:00","dateModified":"2021-11-09T11:57:49+00:00","mainEntityOfPage":{"@id":"https:\/\/www.cde.ual.es\/en\/cop26-european-commission-announces-e1-billion-pledge-to-protect-world-forests\/"},"wordCount":491,"commentCount":0,"publisher":{"@id":"https:\/\/www.cde.ual.es\/#organization"},"image":{"@id":"https:\/\/www.cde.ual.es\/en\/cop26-european-commission-announces-e1-billion-pledge-to-protect-world-forests\/#primaryimage"},"thumbnailUrl":"https:\/\/www.cde.ual.es\/wp-content\/uploads\/2021\/11\/johannes-plenio-Enhs8UrXEb0-unsplash-scaled.jpg","keywords":["COP26","European Commission"],"articleSection":["Environmental Affairs","EU News"],"inLanguage":"en-US","potentialAction":[{"@type":"CommentAction","name":"Comment","target":["https:\/\/www.cde.ual.es\/en\/cop26-european-commission-announces-e1-billion-pledge-to-protect-world-forests\/#respond"]}]},{"@type":"WebPage","@id":"https:\/\/www.cde.ual.es\/en\/cop26-european-commission-announces-e1-billion-pledge-to-protect-world-forests\/","url":"https:\/\/www.cde.ual.es\/en\/cop26-european-commission-announces-e1-billion-pledge-to-protect-world-forests\/","name":"COP26: European Commission announces \u20ac1 billion pledge to protect world forests | CDE Almer\u00eda - Centro de Documentaci\u00f3n Europea - Universidad de Almer\u00eda","isPartOf":{"@id":"https:\/\/www.cde.ual.es\/#website"},"primaryImageOfPage":{"@id":"https:\/\/www.cde.ual.es\/en\/cop26-european-commission-announces-e1-billion-pledge-to-protect-world-forests\/#primaryimage"},"image":{"@id":"https:\/\/www.cde.ual.es\/en\/cop26-european-commission-announces-e1-billion-pledge-to-protect-world-forests\/#primaryimage"},"thumbnailUrl":"https:\/\/www.cde.ual.es\/wp-content\/uploads\/2021\/11\/johannes-plenio-Enhs8UrXEb0-unsplash-scaled.jpg","datePublished":"2021-11-08T02:00:33+00:00","dateModified":"2021-11-09T11:57:49+00:00","breadcrumb":{"@id":"https:\/\/www.cde.ual.es\/en\/cop26-european-commission-announces-e1-billion-pledge-to-protect-world-forests\/#breadcrumb"},"inLanguage":"en-US","potentialAction":[{"@type":"ReadAction","target":["https:\/\/www.cde.ual.es\/en\/cop26-european-commission-announces-e1-billion-pledge-to-protect-world-forests\/"]}]},{"@type":"ImageObject","inLanguage":"en-US","@id":"https:\/\/www.cde.ual.es\/en\/cop26-european-commission-announces-e1-billion-pledge-to-protect-world-forests\/#primaryimage","url":"https:\/\/www.cde.ual.es\/wp-content\/uploads\/2021\/11\/johannes-plenio-Enhs8UrXEb0-unsplash-scaled.jpg","contentUrl":"https:\/\/www.cde.ual.es\/wp-content\/uploads\/2021\/11\/johannes-plenio-Enhs8UrXEb0-unsplash-scaled.jpg","width":2560,"height":1707},{"@type":"BreadcrumbList","@id":"https:\/\/www.cde.ual.es\/en\/cop26-european-commission-announces-e1-billion-pledge-to-protect-world-forests\/#breadcrumb","itemListElement":[{"@type":"ListItem","position":1,"name":"Inicio","item":"https:\/\/www.cde.ual.es\/en\/"},{"@type":"ListItem","position":2,"name":"EU News","item":"https:\/\/www.cde.ual.es\/en\/category\/eu-news\/"},{"@type":"ListItem","position":3,"name":"Environmental Affairs","item":"https:\/\/www.cde.ual.es\/en\/category\/eu-news\/environment\/"},{"@type":"ListItem","position":4,"name":"COP26: European Commission announces \u20ac1 billion pledge to protect world forests"}]},{"@type":"WebSite","@id":"https:\/\/www.cde.ual.es\/#website","url":"https:\/\/www.cde.ual.es\/","name":"CDE Almer\u00eda - Centro de Documentaci\u00f3n Europea - Universidad de Almer\u00eda","description":"Centro de Documentaci\u00f3n Europea de la Universidad de Almer\u00eda","publisher":{"@id":"https:\/\/www.cde.ual.es\/#organization"},"alternateName":"CDE Almer\u00eda","potentialAction":[{"@type":"SearchAction","target":{"@type":"EntryPoint","urlTemplate":"https:\/\/www.cde.ual.es\/?s={search_term_string}"},"query-input":{"@type":"PropertyValueSpecification","valueRequired":true,"valueName":"search_term_string"}}],"inLanguage":"en-US"},{"@type":"Organization","@id":"https:\/\/www.cde.ual.es\/#organization","name":"Centro de Documentaci\u00f3n Europea de Almer\u00eda","url":"https:\/\/www.cde.ual.es\/","logo":{"@type":"ImageObject","inLanguage":"en-US","@id":"https:\/\/www.cde.ual.es\/#\/schema\/logo\/image\/","url":"https:\/\/www.cde.ual.es\/wp-content\/uploads\/2025\/07\/cde-logo-3.png","contentUrl":"https:\/\/www.cde.ual.es\/wp-content\/uploads\/2025\/07\/cde-logo-3.png","width":1400,"height":300,"caption":"Centro de Documentaci\u00f3n Europea de Almer\u00eda"},"image":{"@id":"https:\/\/www.cde.ual.es\/#\/schema\/logo\/image\/"},"sameAs":["https:\/\/www.facebook.com\/cdeuniversidadalmeria\/","https:\/\/x.com\/cdeualmeria","https:\/\/www.tiktok.com\/@cdealmeria","https:\/\/www.instagram.com\/cdealmeria\/","https:\/\/www.linkedin.com\/in\/cde-almera-812b26a9\/"]},{"@type":"Person","@id":"https:\/\/www.cde.ual.es\/#\/schema\/person\/ee46ebc19edfa19598c02cff83335acc","name":"BECA 2 CDE","image":{"@type":"ImageObject","inLanguage":"en-US","@id":"https:\/\/secure.gravatar.com\/avatar\/35a481bbc04bbd90e91bdfa3b0b5541036c222a49b9ad37b6889a2afcb5311a5?s=96&d=mm&r=g","url":"https:\/\/secure.gravatar.com\/avatar\/35a481bbc04bbd90e91bdfa3b0b5541036c222a49b9ad37b6889a2afcb5311a5?s=96&d=mm&r=g","contentUrl":"https:\/\/secure.gravatar.com\/avatar\/35a481bbc04bbd90e91bdfa3b0b5541036c222a49b9ad37b6889a2afcb5311a5?s=96&d=mm&r=g","caption":"BECA 2 CDE"},"sameAs":["http:\/\/www.cdealmeria.com"]}]}},"_links":{"self":[{"href":"https:\/\/www.cde.ual.es\/en\/wp-json\/wp\/v2\/posts\/84673","targetHints":{"allow":["GET"]}}],"collection":[{"href":"https:\/\/www.cde.ual.es\/en\/wp-json\/wp\/v2\/posts"}],"about":[{"href":"https:\/\/www.cde.ual.es\/en\/wp-json\/wp\/v2\/types\/post"}],"author":[{"embeddable":true,"href":"https:\/\/www.cde.ual.es\/en\/wp-json\/wp\/v2\/users\/101011"}],"replies":[{"embeddable":true,"href":"https:\/\/www.cde.ual.es\/en\/wp-json\/wp\/v2\/comments?post=84673"}],"version-history":[{"count":0,"href":"https:\/\/www.cde.ual.es\/en\/wp-json\/wp\/v2\/posts\/84673\/revisions"}],"wp:featuredmedia":[{"embeddable":true,"href":"https:\/\/www.cde.ual.es\/en\/wp-json\/wp\/v2\/media\/84674"}],"wp:attachment":[{"href":"https:\/\/www.cde.ual.es\/en\/wp-json\/wp\/v2\/media?parent=84673"}],"wp:term":[{"taxonomy":"category","embeddable":true,"href":"https:\/\/www.cde.ual.es\/en\/wp-json\/wp\/v2\/categories?post=84673"},{"taxonomy":"post_tag","embeddable":true,"href":"https:\/\/www.cde.ual.es\/en\/wp-json\/wp\/v2\/tags?post=84673"}],"curies":[{"name":"wp","href":"https:\/\/api.w.org\/{rel}","templated":true}]}}