{"id":8438,"date":"2018-09-20T10:15:50","date_gmt":"2018-09-20T08:15:50","guid":{"rendered":"http:\/\/www.cde.ual.es\/?p=8438"},"modified":"2018-09-20T10:15:50","modified_gmt":"2018-09-20T08:15:50","slug":"los-espanoles-creen-que-la-union-europea-debe-ser-mas-protagonista-en-la-lucha-contra-el-desempleo-el-fraude-fiscal-y-el-terrorismo","status":"publish","type":"post","link":"https:\/\/www.cde.ual.es\/en\/los-espanoles-creen-que-la-union-europea-debe-ser-mas-protagonista-en-la-lucha-contra-el-desempleo-el-fraude-fiscal-y-el-terrorismo\/","title":{"rendered":"Los espa\u00f1oles creen que la Uni\u00f3n Europea debe ser m\u00e1s protagonista en la lucha contra el desempleo, el fraude fiscal y el terrorismo"},"content":{"rendered":"<h2>En comparaci\u00f3n con el Eurobar\u00f3metro de 2016, cada vez m\u00e1s espa\u00f1oles consideran que la acci\u00f3n de la UE ha sido la adecuada en la mayor\u00eda de las pol\u00edticas, entre ellas, migraci\u00f3n, terrorismo, protecci\u00f3n de fronteras y desempleo<\/h2>\n<ul>\n<li>En total se han realizado 27.601 entrevistas a mayores de 15 a\u00f1os en los 28 pa\u00edses de la UE<\/li>\n<li>Espa\u00f1a es el pa\u00eds con m\u00e1s apoyo a una negociaci\u00f3n del Brexit de manera conjunta<\/li>\n<\/ul>\n<p>El Parlamento Europeo ha publicado hoy la nueva encuesta del Eurobar\u00f3metro, en la que se demuestra que la mayor\u00eda de los espa\u00f1oles quieren que la Uni\u00f3n Europea sea m\u00e1s protagonista a la hora de tratar los retos principales.<\/p>\n<p>En los 15 casos preguntados, la gran mayor\u00eda de los espa\u00f1oles desea que se haga m\u00e1s de lo que se hace actualmente, destacando los altos porcentajes a favor de una mayor acci\u00f3n en la lucha contra el desempleo (90%), fraude fiscal (89%), terrorismo (87%), protecci\u00f3n del medio ambiente (86%) o la igualdad entre hombres y mujeres (86%), entre otros. En el caso del fraude fiscal, es el segundo pa\u00eds con porcentajes m\u00e1s altos a favor de una mayor intervenci\u00f3n.<\/p>\n<h2>Incrementa la buena percepci\u00f3n sobre la acci\u00f3n de la UE<\/h2>\n<p>A nivel europeo, preguntados sobre si el trabajo de la Uni\u00f3n Europea ha sido el adecuado para cada uno de los casos, la media se sit\u00faa en torno al 32% de encuestados que creen que la UE ha hecho suficiente en la lucha contra el terrorismo (23% en 2016), mientras que el 57% lo considera insuficiente (aunque supone un descenso del 69% que lo cre\u00eda hace dos a\u00f1os).<\/p>\n<p>Respecto a la pol\u00edtica migratoria, el 26% considera que la UE ha hecho un trabajo suficientemente bueno, lo que supone un aumento desde el 19% de 2016; sin embargo, a\u00fan son mayor\u00eda, con un 58% de encuestados, los que consideran que las acciones de la UE se han quedado por debajo de sus expectativas, lo que supone un descenso desde el 66% registrado en el anterior Eurobar\u00f3metro.<\/p>\n<p>Por \u00faltimo, cabe destacar el 29% que considera que la UE ha hecho su trabajo en la lucha contra el desempleo, con una subida de 10 puntos porcentuales desde el 19% registrado en 2016, aunque sigue habiendo un 59% que cree que ha sido insuficiente, pero en menor medida que el 69% alcanzado hace dos a\u00f1os.<\/p>\n<p>&nbsp;<\/p>\n<p><strong>En el caso concreto de Espa\u00f1a, se ha registrado una subida de 8 puntos en la consideraci\u00f3n de que la UE ha hecho su trabajo tanto en migraci\u00f3n como lucha contra el terrorismo, un incremento de 7 puntos en protecci\u00f3n de fronteras o de 6 puntos en lucha contra el desempleo.<\/strong><\/p>\n<p>&nbsp;<\/p>\n<h2>Los pa\u00edses de la UE deber\u00edan actuar unidos ante los problemas globales<\/h2>\n<p>En cuanto a la cohesi\u00f3n dentro de la UE, la mayor\u00eda de los espa\u00f1oles (54%) prefieren esperar a que todos los pa\u00edses est\u00e9n de acuerdo para llevar a cabo una pol\u00edtica antes que favorecer la creaci\u00f3n de grupos de pa\u00edses que puedan desarrollar pol\u00edticas sin esperar al resto. De hecho, Espa\u00f1a es el tercer pa\u00eds con m\u00e1s respuestas a favor de la primera opci\u00f3n, solo por detr\u00e1s de Portugal y Grecia. No obstante, la media europea es ligeramente favorable a una Europa de varias velocidades, con un 44% de europeos proclives a esta opci\u00f3n frente a un 43% que favorece la unidad.<\/p>\n<p>En lo que respecta a problemas globales como la creciente influencia de Rusia y China o la inestabilidad en el mundo \u00e1rabe, 7 de cada 10 europeos considera que la respuesta a estos desaf\u00edos debe pasar por actuaci\u00f3n conjunta de la UE.<\/p>\n<p>En el caso de Espa\u00f1a, los porcentajes son incluso mayores, con el 79% de los encuestados a favor de actuar unidos contra el Brexit o la pol\u00edtica proteccionista de la Administraci\u00f3n Trump.\u00a0 Respecto a la salida del Reino Unido de la Uni\u00f3n Europea, Espa\u00f1a exhibe el porcentaje m\u00e1s alto junto con Malta a favor de que se act\u00fae de manera colectiva.<\/p>\n<p>&nbsp;<\/p>\n<p>Leer m\u00e1s:\u00a0<a href=\"http:\/\/www.europarl.europa.eu\/spain\/es\/sala_de_prensa\/communicados_de_prensa\/pr-2018\/09-2018\/nuevo-eurobarometro.html\">Noticia completa<\/a><\/p>\n<p><a href=\"http:\/\/www.europarl.europa.eu\/at-your-service\/en\/be-heard\/eurobarometer\/delivering-on-europe-citizens-views-on-current-and-future-eu-action\">Resultados del Eurobar\u00f3metro Completos<\/a><\/p>\n","protected":false},"excerpt":{"rendered":"<p>En comparaci\u00f3n con el Eurobar\u00f3metro de 2016, cada vez m\u00e1s espa\u00f1oles consideran que la acci\u00f3n de la UE ha sido la adecuada en la mayor\u00eda de las pol\u00edticas, entre ellas, migraci\u00f3n, terrorismo, protecci\u00f3n de fronteras y desempleo En total se han realizado 27.601 entrevistas a mayores de 15 a\u00f1os en los 28 pa\u00edses de la [&hellip;]<\/p>\n","protected":false},"author":101012,"featured_media":8447,"comment_status":"open","ping_status":"open","sticky":false,"template":"","format":"standard","meta":{"_acf_changed":false,"_relevanssi_hide_post":"","_relevanssi_hide_content":"","_relevanssi_pin_for_all":"","_relevanssi_pin_keywords":"","_relevanssi_unpin_keywords":"","_relevanssi_related_keywords":"","_relevanssi_related_include_ids":"","_relevanssi_related_exclude_ids":"","_relevanssi_related_no_append":"","_relevanssi_related_not_related":"","_relevanssi_related_posts":"","_relevanssi_noindex_reason":"","_monsterinsights_skip_tracking":false,"_monsterinsights_sitenote_active":false,"_monsterinsights_sitenote_note":"","_monsterinsights_sitenote_category":0,"_genesis_hide_title":false,"_genesis_hide_breadcrumbs":false,"_genesis_hide_singular_image":false,"_genesis_hide_footer_widgets":false,"_genesis_custom_body_class":"","_genesis_custom_post_class":"","_genesis_layout":"","footnotes":""},"categories":[96],"tags":[135],"class_list":{"0":"post-8438","1":"post","2":"type-post","3":"status-publish","4":"format-standard","5":"has-post-thumbnail","7":"category-noticias-ue","8":"tag-union-europea","9":"entry"},"acf":[],"yoast_head":"<!-- This site is optimized with the Yoast SEO plugin v27.4 - https:\/\/yoast.com\/product\/yoast-seo-wordpress\/ -->\n<title>Los espa\u00f1oles creen que la Uni\u00f3n Europea debe ser m\u00e1s protagonista en la lucha contra el desempleo, el fraude fiscal y el terrorismo | CDE Almer\u00eda - Centro de Documentaci\u00f3n Europea - Universidad de Almer\u00eda<\/title>\n<meta name=\"robots\" content=\"index, follow, max-snippet:-1, max-image-preview:large, max-video-preview:-1\" \/>\n<link rel=\"canonical\" href=\"https:\/\/www.cde.ual.es\/los-espanoles-creen-que-la-union-europea-debe-ser-mas-protagonista-en-la-lucha-contra-el-desempleo-el-fraude-fiscal-y-el-terrorismo\/\" \/>\n<meta property=\"og:locale\" content=\"en_US\" \/>\n<meta property=\"og:type\" content=\"article\" \/>\n<meta property=\"og:title\" content=\"Los espa\u00f1oles creen que la Uni\u00f3n Europea debe ser m\u00e1s protagonista en la lucha contra el desempleo, el fraude fiscal y el terrorismo | CDE Almer\u00eda - Centro de Documentaci\u00f3n Europea - Universidad de Almer\u00eda\" \/>\n<meta property=\"og:description\" content=\"En comparaci\u00f3n con el Eurobar\u00f3metro de 2016, cada vez m\u00e1s espa\u00f1oles consideran que la acci\u00f3n de la UE ha sido la adecuada en la mayor\u00eda de las pol\u00edticas, entre ellas, migraci\u00f3n, terrorismo, protecci\u00f3n de fronteras y desempleo En total se han realizado 27.601 entrevistas a mayores de 15 a\u00f1os en los 28 pa\u00edses de la [&hellip;]\" \/>\n<meta property=\"og:url\" content=\"https:\/\/www.cde.ual.es\/los-espanoles-creen-que-la-union-europea-debe-ser-mas-protagonista-en-la-lucha-contra-el-desempleo-el-fraude-fiscal-y-el-terrorismo\/\" \/>\n<meta property=\"og:site_name\" content=\"CDE Almer\u00eda - Centro de Documentaci\u00f3n Europea - Universidad de Almer\u00eda\" \/>\n<meta property=\"article:publisher\" content=\"https:\/\/www.facebook.com\/cdeuniversidadalmeria\/\" \/>\n<meta property=\"article:published_time\" content=\"2018-09-20T08:15:50+00:00\" \/>\n<meta property=\"og:image\" content=\"https:\/\/www.cde.ual.es\/wp-content\/uploads\/2018\/09\/Eurobarometro-Espa\u00f1a.png\" \/>\n\t<meta property=\"og:image:width\" content=\"800\" \/>\n\t<meta property=\"og:image:height\" content=\"723\" \/>\n\t<meta property=\"og:image:type\" content=\"image\/png\" \/>\n<meta name=\"author\" content=\"BECACDE1\" \/>\n<meta name=\"twitter:card\" content=\"summary_large_image\" \/>\n<meta name=\"twitter:creator\" content=\"@cdeualmeria\" \/>\n<meta name=\"twitter:site\" content=\"@cdeualmeria\" \/>\n<meta name=\"twitter:label1\" content=\"Written by\" \/>\n\t<meta name=\"twitter:data1\" content=\"BECACDE1\" \/>\n\t<meta name=\"twitter:label2\" content=\"Est. reading time\" \/>\n\t<meta name=\"twitter:data2\" content=\"4 minutes\" \/>\n<script type=\"application\/ld+json\" class=\"yoast-schema-graph\">{\"@context\":\"https:\\\/\\\/schema.org\",\"@graph\":[{\"@type\":\"Article\",\"@id\":\"https:\\\/\\\/www.cde.ual.es\\\/los-espanoles-creen-que-la-union-europea-debe-ser-mas-protagonista-en-la-lucha-contra-el-desempleo-el-fraude-fiscal-y-el-terrorismo\\\/#article\",\"isPartOf\":{\"@id\":\"https:\\\/\\\/www.cde.ual.es\\\/los-espanoles-creen-que-la-union-europea-debe-ser-mas-protagonista-en-la-lucha-contra-el-desempleo-el-fraude-fiscal-y-el-terrorismo\\\/\"},\"author\":{\"name\":\"BECACDE1\",\"@id\":\"https:\\\/\\\/www.cde.ual.es\\\/#\\\/schema\\\/person\\\/bf2f837cf3353e2161fe1087adbd728f\"},\"headline\":\"Los espa\u00f1oles creen que la Uni\u00f3n Europea debe ser m\u00e1s protagonista en la lucha contra el desempleo, el fraude fiscal y el terrorismo\",\"datePublished\":\"2018-09-20T08:15:50+00:00\",\"mainEntityOfPage\":{\"@id\":\"https:\\\/\\\/www.cde.ual.es\\\/los-espanoles-creen-que-la-union-europea-debe-ser-mas-protagonista-en-la-lucha-contra-el-desempleo-el-fraude-fiscal-y-el-terrorismo\\\/\"},\"wordCount\":730,\"commentCount\":0,\"publisher\":{\"@id\":\"https:\\\/\\\/www.cde.ual.es\\\/#organization\"},\"image\":{\"@id\":\"https:\\\/\\\/www.cde.ual.es\\\/los-espanoles-creen-que-la-union-europea-debe-ser-mas-protagonista-en-la-lucha-contra-el-desempleo-el-fraude-fiscal-y-el-terrorismo\\\/#primaryimage\"},\"thumbnailUrl\":\"https:\\\/\\\/www.cde.ual.es\\\/wp-content\\\/uploads\\\/2018\\\/09\\\/Eurobarometro-Espa\u00f1a.png\",\"keywords\":[\"Uni\u00f3n Europea\"],\"articleSection\":[\"Noticias UE\"],\"inLanguage\":\"en-US\",\"potentialAction\":[{\"@type\":\"CommentAction\",\"name\":\"Comment\",\"target\":[\"https:\\\/\\\/www.cde.ual.es\\\/los-espanoles-creen-que-la-union-europea-debe-ser-mas-protagonista-en-la-lucha-contra-el-desempleo-el-fraude-fiscal-y-el-terrorismo\\\/#respond\"]}]},{\"@type\":\"WebPage\",\"@id\":\"https:\\\/\\\/www.cde.ual.es\\\/los-espanoles-creen-que-la-union-europea-debe-ser-mas-protagonista-en-la-lucha-contra-el-desempleo-el-fraude-fiscal-y-el-terrorismo\\\/\",\"url\":\"https:\\\/\\\/www.cde.ual.es\\\/los-espanoles-creen-que-la-union-europea-debe-ser-mas-protagonista-en-la-lucha-contra-el-desempleo-el-fraude-fiscal-y-el-terrorismo\\\/\",\"name\":\"Los espa\u00f1oles creen que la Uni\u00f3n Europea debe ser m\u00e1s protagonista en la lucha contra el desempleo, el fraude fiscal y el terrorismo | CDE Almer\u00eda - Centro de Documentaci\u00f3n Europea - Universidad de Almer\u00eda\",\"isPartOf\":{\"@id\":\"https:\\\/\\\/www.cde.ual.es\\\/#website\"},\"primaryImageOfPage\":{\"@id\":\"https:\\\/\\\/www.cde.ual.es\\\/los-espanoles-creen-que-la-union-europea-debe-ser-mas-protagonista-en-la-lucha-contra-el-desempleo-el-fraude-fiscal-y-el-terrorismo\\\/#primaryimage\"},\"image\":{\"@id\":\"https:\\\/\\\/www.cde.ual.es\\\/los-espanoles-creen-que-la-union-europea-debe-ser-mas-protagonista-en-la-lucha-contra-el-desempleo-el-fraude-fiscal-y-el-terrorismo\\\/#primaryimage\"},\"thumbnailUrl\":\"https:\\\/\\\/www.cde.ual.es\\\/wp-content\\\/uploads\\\/2018\\\/09\\\/Eurobarometro-Espa\u00f1a.png\",\"datePublished\":\"2018-09-20T08:15:50+00:00\",\"breadcrumb\":{\"@id\":\"https:\\\/\\\/www.cde.ual.es\\\/los-espanoles-creen-que-la-union-europea-debe-ser-mas-protagonista-en-la-lucha-contra-el-desempleo-el-fraude-fiscal-y-el-terrorismo\\\/#breadcrumb\"},\"inLanguage\":\"en-US\",\"potentialAction\":[{\"@type\":\"ReadAction\",\"target\":[\"https:\\\/\\\/www.cde.ual.es\\\/los-espanoles-creen-que-la-union-europea-debe-ser-mas-protagonista-en-la-lucha-contra-el-desempleo-el-fraude-fiscal-y-el-terrorismo\\\/\"]}]},{\"@type\":\"ImageObject\",\"inLanguage\":\"en-US\",\"@id\":\"https:\\\/\\\/www.cde.ual.es\\\/los-espanoles-creen-que-la-union-europea-debe-ser-mas-protagonista-en-la-lucha-contra-el-desempleo-el-fraude-fiscal-y-el-terrorismo\\\/#primaryimage\",\"url\":\"https:\\\/\\\/www.cde.ual.es\\\/wp-content\\\/uploads\\\/2018\\\/09\\\/Eurobarometro-Espa\u00f1a.png\",\"contentUrl\":\"https:\\\/\\\/www.cde.ual.es\\\/wp-content\\\/uploads\\\/2018\\\/09\\\/Eurobarometro-Espa\u00f1a.png\",\"width\":800,\"height\":723},{\"@type\":\"BreadcrumbList\",\"@id\":\"https:\\\/\\\/www.cde.ual.es\\\/los-espanoles-creen-que-la-union-europea-debe-ser-mas-protagonista-en-la-lucha-contra-el-desempleo-el-fraude-fiscal-y-el-terrorismo\\\/#breadcrumb\",\"itemListElement\":[{\"@type\":\"ListItem\",\"position\":1,\"name\":\"Inicio\",\"item\":\"https:\\\/\\\/www.cde.ual.es\\\/en\\\/\"},{\"@type\":\"ListItem\",\"position\":2,\"name\":\"Noticias UE\",\"item\":\"https:\\\/\\\/www.cde.ual.es\\\/category\\\/noticias-ue\\\/\"},{\"@type\":\"ListItem\",\"position\":3,\"name\":\"Los espa\u00f1oles creen que la Uni\u00f3n Europea debe ser m\u00e1s protagonista en la lucha contra el desempleo, el fraude fiscal y el terrorismo\"}]},{\"@type\":\"WebSite\",\"@id\":\"https:\\\/\\\/www.cde.ual.es\\\/#website\",\"url\":\"https:\\\/\\\/www.cde.ual.es\\\/\",\"name\":\"CDE Almer\u00eda - Centro de Documentaci\u00f3n Europea - Universidad de Almer\u00eda\",\"description\":\"Centro de Documentaci\u00f3n Europea de la Universidad de Almer\u00eda\",\"publisher\":{\"@id\":\"https:\\\/\\\/www.cde.ual.es\\\/#organization\"},\"alternateName\":\"CDE Almer\u00eda\",\"potentialAction\":[{\"@type\":\"SearchAction\",\"target\":{\"@type\":\"EntryPoint\",\"urlTemplate\":\"https:\\\/\\\/www.cde.ual.es\\\/?s={search_term_string}\"},\"query-input\":{\"@type\":\"PropertyValueSpecification\",\"valueRequired\":true,\"valueName\":\"search_term_string\"}}],\"inLanguage\":\"en-US\"},{\"@type\":\"Organization\",\"@id\":\"https:\\\/\\\/www.cde.ual.es\\\/#organization\",\"name\":\"Centro de Documentaci\u00f3n Europea de Almer\u00eda\",\"url\":\"https:\\\/\\\/www.cde.ual.es\\\/\",\"logo\":{\"@type\":\"ImageObject\",\"inLanguage\":\"en-US\",\"@id\":\"https:\\\/\\\/www.cde.ual.es\\\/#\\\/schema\\\/logo\\\/image\\\/\",\"url\":\"https:\\\/\\\/www.cde.ual.es\\\/wp-content\\\/uploads\\\/2025\\\/07\\\/cde-logo-3.png\",\"contentUrl\":\"https:\\\/\\\/www.cde.ual.es\\\/wp-content\\\/uploads\\\/2025\\\/07\\\/cde-logo-3.png\",\"width\":1400,\"height\":300,\"caption\":\"Centro de Documentaci\u00f3n Europea de Almer\u00eda\"},\"image\":{\"@id\":\"https:\\\/\\\/www.cde.ual.es\\\/#\\\/schema\\\/logo\\\/image\\\/\"},\"sameAs\":[\"https:\\\/\\\/www.facebook.com\\\/cdeuniversidadalmeria\\\/\",\"https:\\\/\\\/x.com\\\/cdeualmeria\",\"https:\\\/\\\/www.tiktok.com\\\/@cdealmeria\",\"https:\\\/\\\/www.instagram.com\\\/cdealmeria\\\/\",\"https:\\\/\\\/www.linkedin.com\\\/in\\\/cde-almera-812b26a9\\\/\"]},{\"@type\":\"Person\",\"@id\":\"https:\\\/\\\/www.cde.ual.es\\\/#\\\/schema\\\/person\\\/bf2f837cf3353e2161fe1087adbd728f\",\"name\":\"BECACDE1\",\"image\":{\"@type\":\"ImageObject\",\"inLanguage\":\"en-US\",\"@id\":\"https:\\\/\\\/secure.gravatar.com\\\/avatar\\\/16a4c1e422b5dec818ee13eab3353b19db9cfd278cc10f9b0e1188a37671d9d4?s=96&d=mm&r=g\",\"url\":\"https:\\\/\\\/secure.gravatar.com\\\/avatar\\\/16a4c1e422b5dec818ee13eab3353b19db9cfd278cc10f9b0e1188a37671d9d4?s=96&d=mm&r=g\",\"contentUrl\":\"https:\\\/\\\/secure.gravatar.com\\\/avatar\\\/16a4c1e422b5dec818ee13eab3353b19db9cfd278cc10f9b0e1188a37671d9d4?s=96&d=mm&r=g\",\"caption\":\"BECACDE1\"},\"sameAs\":[\"http:\\\/\\\/www.cdealmeria.com\"]}]}<\/script>\n<!-- \/ Yoast SEO plugin. -->","yoast_head_json":{"title":"Los espa\u00f1oles creen que la Uni\u00f3n Europea debe ser m\u00e1s protagonista en la lucha contra el desempleo, el fraude fiscal y el terrorismo | CDE Almer\u00eda - Centro de Documentaci\u00f3n Europea - Universidad de Almer\u00eda","robots":{"index":"index","follow":"follow","max-snippet":"max-snippet:-1","max-image-preview":"max-image-preview:large","max-video-preview":"max-video-preview:-1"},"canonical":"https:\/\/www.cde.ual.es\/los-espanoles-creen-que-la-union-europea-debe-ser-mas-protagonista-en-la-lucha-contra-el-desempleo-el-fraude-fiscal-y-el-terrorismo\/","og_locale":"en_US","og_type":"article","og_title":"Los espa\u00f1oles creen que la Uni\u00f3n Europea debe ser m\u00e1s protagonista en la lucha contra el desempleo, el fraude fiscal y el terrorismo | CDE Almer\u00eda - Centro de Documentaci\u00f3n Europea - Universidad de Almer\u00eda","og_description":"En comparaci\u00f3n con el Eurobar\u00f3metro de 2016, cada vez m\u00e1s espa\u00f1oles consideran que la acci\u00f3n de la UE ha sido la adecuada en la mayor\u00eda de las pol\u00edticas, entre ellas, migraci\u00f3n, terrorismo, protecci\u00f3n de fronteras y desempleo En total se han realizado 27.601 entrevistas a mayores de 15 a\u00f1os en los 28 pa\u00edses de la [&hellip;]","og_url":"https:\/\/www.cde.ual.es\/los-espanoles-creen-que-la-union-europea-debe-ser-mas-protagonista-en-la-lucha-contra-el-desempleo-el-fraude-fiscal-y-el-terrorismo\/","og_site_name":"CDE Almer\u00eda - Centro de Documentaci\u00f3n Europea - Universidad de Almer\u00eda","article_publisher":"https:\/\/www.facebook.com\/cdeuniversidadalmeria\/","article_published_time":"2018-09-20T08:15:50+00:00","og_image":[{"width":800,"height":723,"url":"https:\/\/www.cde.ual.es\/wp-content\/uploads\/2018\/09\/Eurobarometro-Espa\u00f1a.png","type":"image\/png"}],"author":"BECACDE1","twitter_card":"summary_large_image","twitter_creator":"@cdeualmeria","twitter_site":"@cdeualmeria","twitter_misc":{"Written by":"BECACDE1","Est. reading time":"4 minutes"},"schema":{"@context":"https:\/\/schema.org","@graph":[{"@type":"Article","@id":"https:\/\/www.cde.ual.es\/los-espanoles-creen-que-la-union-europea-debe-ser-mas-protagonista-en-la-lucha-contra-el-desempleo-el-fraude-fiscal-y-el-terrorismo\/#article","isPartOf":{"@id":"https:\/\/www.cde.ual.es\/los-espanoles-creen-que-la-union-europea-debe-ser-mas-protagonista-en-la-lucha-contra-el-desempleo-el-fraude-fiscal-y-el-terrorismo\/"},"author":{"name":"BECACDE1","@id":"https:\/\/www.cde.ual.es\/#\/schema\/person\/bf2f837cf3353e2161fe1087adbd728f"},"headline":"Los espa\u00f1oles creen que la Uni\u00f3n Europea debe ser m\u00e1s protagonista en la lucha contra el desempleo, el fraude fiscal y el terrorismo","datePublished":"2018-09-20T08:15:50+00:00","mainEntityOfPage":{"@id":"https:\/\/www.cde.ual.es\/los-espanoles-creen-que-la-union-europea-debe-ser-mas-protagonista-en-la-lucha-contra-el-desempleo-el-fraude-fiscal-y-el-terrorismo\/"},"wordCount":730,"commentCount":0,"publisher":{"@id":"https:\/\/www.cde.ual.es\/#organization"},"image":{"@id":"https:\/\/www.cde.ual.es\/los-espanoles-creen-que-la-union-europea-debe-ser-mas-protagonista-en-la-lucha-contra-el-desempleo-el-fraude-fiscal-y-el-terrorismo\/#primaryimage"},"thumbnailUrl":"https:\/\/www.cde.ual.es\/wp-content\/uploads\/2018\/09\/Eurobarometro-Espa\u00f1a.png","keywords":["Uni\u00f3n Europea"],"articleSection":["Noticias UE"],"inLanguage":"en-US","potentialAction":[{"@type":"CommentAction","name":"Comment","target":["https:\/\/www.cde.ual.es\/los-espanoles-creen-que-la-union-europea-debe-ser-mas-protagonista-en-la-lucha-contra-el-desempleo-el-fraude-fiscal-y-el-terrorismo\/#respond"]}]},{"@type":"WebPage","@id":"https:\/\/www.cde.ual.es\/los-espanoles-creen-que-la-union-europea-debe-ser-mas-protagonista-en-la-lucha-contra-el-desempleo-el-fraude-fiscal-y-el-terrorismo\/","url":"https:\/\/www.cde.ual.es\/los-espanoles-creen-que-la-union-europea-debe-ser-mas-protagonista-en-la-lucha-contra-el-desempleo-el-fraude-fiscal-y-el-terrorismo\/","name":"Los espa\u00f1oles creen que la Uni\u00f3n Europea debe ser m\u00e1s protagonista en la lucha contra el desempleo, el fraude fiscal y el terrorismo | CDE Almer\u00eda - Centro de Documentaci\u00f3n Europea - Universidad de Almer\u00eda","isPartOf":{"@id":"https:\/\/www.cde.ual.es\/#website"},"primaryImageOfPage":{"@id":"https:\/\/www.cde.ual.es\/los-espanoles-creen-que-la-union-europea-debe-ser-mas-protagonista-en-la-lucha-contra-el-desempleo-el-fraude-fiscal-y-el-terrorismo\/#primaryimage"},"image":{"@id":"https:\/\/www.cde.ual.es\/los-espanoles-creen-que-la-union-europea-debe-ser-mas-protagonista-en-la-lucha-contra-el-desempleo-el-fraude-fiscal-y-el-terrorismo\/#primaryimage"},"thumbnailUrl":"https:\/\/www.cde.ual.es\/wp-content\/uploads\/2018\/09\/Eurobarometro-Espa\u00f1a.png","datePublished":"2018-09-20T08:15:50+00:00","breadcrumb":{"@id":"https:\/\/www.cde.ual.es\/los-espanoles-creen-que-la-union-europea-debe-ser-mas-protagonista-en-la-lucha-contra-el-desempleo-el-fraude-fiscal-y-el-terrorismo\/#breadcrumb"},"inLanguage":"en-US","potentialAction":[{"@type":"ReadAction","target":["https:\/\/www.cde.ual.es\/los-espanoles-creen-que-la-union-europea-debe-ser-mas-protagonista-en-la-lucha-contra-el-desempleo-el-fraude-fiscal-y-el-terrorismo\/"]}]},{"@type":"ImageObject","inLanguage":"en-US","@id":"https:\/\/www.cde.ual.es\/los-espanoles-creen-que-la-union-europea-debe-ser-mas-protagonista-en-la-lucha-contra-el-desempleo-el-fraude-fiscal-y-el-terrorismo\/#primaryimage","url":"https:\/\/www.cde.ual.es\/wp-content\/uploads\/2018\/09\/Eurobarometro-Espa\u00f1a.png","contentUrl":"https:\/\/www.cde.ual.es\/wp-content\/uploads\/2018\/09\/Eurobarometro-Espa\u00f1a.png","width":800,"height":723},{"@type":"BreadcrumbList","@id":"https:\/\/www.cde.ual.es\/los-espanoles-creen-que-la-union-europea-debe-ser-mas-protagonista-en-la-lucha-contra-el-desempleo-el-fraude-fiscal-y-el-terrorismo\/#breadcrumb","itemListElement":[{"@type":"ListItem","position":1,"name":"Inicio","item":"https:\/\/www.cde.ual.es\/en\/"},{"@type":"ListItem","position":2,"name":"Noticias UE","item":"https:\/\/www.cde.ual.es\/category\/noticias-ue\/"},{"@type":"ListItem","position":3,"name":"Los espa\u00f1oles creen que la Uni\u00f3n Europea debe ser m\u00e1s protagonista en la lucha contra el desempleo, el fraude fiscal y el terrorismo"}]},{"@type":"WebSite","@id":"https:\/\/www.cde.ual.es\/#website","url":"https:\/\/www.cde.ual.es\/","name":"CDE Almer\u00eda - Centro de Documentaci\u00f3n Europea - Universidad de Almer\u00eda","description":"Centro de Documentaci\u00f3n Europea de la Universidad de Almer\u00eda","publisher":{"@id":"https:\/\/www.cde.ual.es\/#organization"},"alternateName":"CDE Almer\u00eda","potentialAction":[{"@type":"SearchAction","target":{"@type":"EntryPoint","urlTemplate":"https:\/\/www.cde.ual.es\/?s={search_term_string}"},"query-input":{"@type":"PropertyValueSpecification","valueRequired":true,"valueName":"search_term_string"}}],"inLanguage":"en-US"},{"@type":"Organization","@id":"https:\/\/www.cde.ual.es\/#organization","name":"Centro de Documentaci\u00f3n Europea de Almer\u00eda","url":"https:\/\/www.cde.ual.es\/","logo":{"@type":"ImageObject","inLanguage":"en-US","@id":"https:\/\/www.cde.ual.es\/#\/schema\/logo\/image\/","url":"https:\/\/www.cde.ual.es\/wp-content\/uploads\/2025\/07\/cde-logo-3.png","contentUrl":"https:\/\/www.cde.ual.es\/wp-content\/uploads\/2025\/07\/cde-logo-3.png","width":1400,"height":300,"caption":"Centro de Documentaci\u00f3n Europea de Almer\u00eda"},"image":{"@id":"https:\/\/www.cde.ual.es\/#\/schema\/logo\/image\/"},"sameAs":["https:\/\/www.facebook.com\/cdeuniversidadalmeria\/","https:\/\/x.com\/cdeualmeria","https:\/\/www.tiktok.com\/@cdealmeria","https:\/\/www.instagram.com\/cdealmeria\/","https:\/\/www.linkedin.com\/in\/cde-almera-812b26a9\/"]},{"@type":"Person","@id":"https:\/\/www.cde.ual.es\/#\/schema\/person\/bf2f837cf3353e2161fe1087adbd728f","name":"BECACDE1","image":{"@type":"ImageObject","inLanguage":"en-US","@id":"https:\/\/secure.gravatar.com\/avatar\/16a4c1e422b5dec818ee13eab3353b19db9cfd278cc10f9b0e1188a37671d9d4?s=96&d=mm&r=g","url":"https:\/\/secure.gravatar.com\/avatar\/16a4c1e422b5dec818ee13eab3353b19db9cfd278cc10f9b0e1188a37671d9d4?s=96&d=mm&r=g","contentUrl":"https:\/\/secure.gravatar.com\/avatar\/16a4c1e422b5dec818ee13eab3353b19db9cfd278cc10f9b0e1188a37671d9d4?s=96&d=mm&r=g","caption":"BECACDE1"},"sameAs":["http:\/\/www.cdealmeria.com"]}]}},"_links":{"self":[{"href":"https:\/\/www.cde.ual.es\/en\/wp-json\/wp\/v2\/posts\/8438","targetHints":{"allow":["GET"]}}],"collection":[{"href":"https:\/\/www.cde.ual.es\/en\/wp-json\/wp\/v2\/posts"}],"about":[{"href":"https:\/\/www.cde.ual.es\/en\/wp-json\/wp\/v2\/types\/post"}],"author":[{"embeddable":true,"href":"https:\/\/www.cde.ual.es\/en\/wp-json\/wp\/v2\/users\/101012"}],"replies":[{"embeddable":true,"href":"https:\/\/www.cde.ual.es\/en\/wp-json\/wp\/v2\/comments?post=8438"}],"version-history":[{"count":0,"href":"https:\/\/www.cde.ual.es\/en\/wp-json\/wp\/v2\/posts\/8438\/revisions"}],"wp:featuredmedia":[{"embeddable":true,"href":"https:\/\/www.cde.ual.es\/en\/wp-json\/wp\/v2\/media\/8447"}],"wp:attachment":[{"href":"https:\/\/www.cde.ual.es\/en\/wp-json\/wp\/v2\/media?parent=8438"}],"wp:term":[{"taxonomy":"category","embeddable":true,"href":"https:\/\/www.cde.ual.es\/en\/wp-json\/wp\/v2\/categories?post=8438"},{"taxonomy":"post_tag","embeddable":true,"href":"https:\/\/www.cde.ual.es\/en\/wp-json\/wp\/v2\/tags?post=8438"}],"curies":[{"name":"wp","href":"https:\/\/api.w.org\/{rel}","templated":true}]}}