{"id":8394,"date":"2018-09-18T10:33:32","date_gmt":"2018-09-18T08:33:32","guid":{"rendered":"http:\/\/www.cde.ual.es\/?p=8394"},"modified":"2018-09-18T10:52:21","modified_gmt":"2018-09-18T08:52:21","slug":"combatir-el-acoso-sexual-en-europa","status":"publish","type":"post","link":"https:\/\/www.cde.ual.es\/en\/combatir-el-acoso-sexual-en-europa\/","title":{"rendered":"Combatir el acoso sexual en Europa"},"content":{"rendered":"<h2>Una nueva resoluci\u00f3n del Parlamento Europeo propone normas m\u00e1s espec\u00edficas para combatir el acoso en la UE<\/h2>\n<p>El pleno del Parlamento Europeo adopt\u00f3, el 11 de septiembre, una resoluci\u00f3n en la que insta a la Comisi\u00f3n Europea a que adopte nuevas medidas para combatir el acoso.<\/p>\n<p><span class=\"ep_name\">La eurodiputada Pina Picierno habla sobre este tema y da respuesta a preguntas claves:<\/span><\/p>\n<p><strong>El movimiento #Metoo nos mostr\u00f3 que el problema es m\u00e1s amplio de lo que nadie imaginaba: el 55% de las mujeres en la UE han sido acosadas sexualmente y m\u00e1s del 20% de las j\u00f3venes (de entre 18 y 29 a\u00f1os) en la UE han experimentado acoso cibern\u00e9tico al menos una vez. Si tenemos en cuenta que la mayor\u00eda de las mujeres y ni\u00f1as no denuncian el acoso, las cifras reales son en realidad mucho m\u00e1s altas. Por eso necesitamos un enfoque europeo. Necesitamos una definici\u00f3n clara de acoso; sin una definici\u00f3n en toda la UE, ser\u00e1 muy dif\u00edcil erradicar este problema, ya que las percepciones var\u00edan. Una vez que hayamos establecido qu\u00e9 es el acoso (sexual) y qu\u00e9 no es, podemos abordar mejor el problema y apoyar a las v\u00edctimas.<\/strong><\/p>\n<h2>El acoso sexual a menudo no se denuncia. \u00bfCu\u00e1les son las principales barreras y soluciones?<\/h2>\n<p>La mayor\u00eda de las veces las mujeres y las ni\u00f1as tienen miedo de denunciar la violencia. Pueden sentirse avergonzadas o temer que se las culpe o, como sucede con el acoso sexual en el lugar de trabajo, tener miedo de perder su trabajo o de ser penalizadas. Una soluci\u00f3n es intensificar la capacitaci\u00f3n de las autoridades policiales y judiciales, as\u00ed como desarrollar procedimientos seguros e independientes en el trabajo y en las universidades y escuelas, para que las mujeres puedan denunciar m\u00e1s f\u00e1cilmente los casos de violencia o acoso.<\/p>\n<h2>Internet, las redes sociales y los chats crean posibilidades de acoso y violencia. \u00bfQu\u00e9 medidas propone para combatir el acoso en l\u00ednea?<\/h2>\n<p>Necesitamos una definici\u00f3n clara de un espacio p\u00fablico, con el fin de incluir espacios virtuales como redes sociales, blogs, chats, etc., donde el hostigamiento ocurre dentro de las reglas. Eso facilitar\u00e1 que las autoridades procesen a los perpetradores y ayuden a las v\u00edctimas. La distribuci\u00f3n de pornograf\u00eda en un contexto de venganza, o de material expl\u00edcito sin el consentimiento del individuo, tiene terribles consecuencias psicol\u00f3gicas, incluido el suicidio, en los casos m\u00e1s extremos. Por eso propongo la inclusi\u00f3n en el pr\u00f3ximo presupuesto de la UE de un proyecto piloto para un servicio de ayuda en l\u00ednea de f\u00e1cil acceso, para brindar apoyo a cualquier ni\u00f1a o mujer que sufra acoso en l\u00ednea, acoso sexual o distribuci\u00f3n de pornograf\u00eda por venganza.<\/p>\n<p>Leer m\u00e1s:\u00a0<a href=\"http:\/\/www.europarl.europa.eu\/news\/es\/headlines\/society\/20180911STO13151\/el-parlamento-quiere-combatir-el-acoso-sexual-en-europa\">Noticia Completa<\/a><\/p>\n<p><a href=\"http:\/\/www.europarl.europa.eu\/news\/es\/press-room\/20171025IPR86830\/tolerancia-cero-con-el-acoso-y-el-abuso-sexual\">Tolerancia cero con el acoso y el abuso sexual en la UE<\/a><\/p>\n<p><a href=\"http:\/\/www.europarl.europa.eu\/RegData\/etudes\/ATAG\/2018\/614716\/EPRS_ATA(2018)614716_EN.pdf\">Informe sobre acoso sexual a mujeres en la UE <\/a><\/p>\n<p>&nbsp;<\/p>\n","protected":false},"excerpt":{"rendered":"<p>Una nueva resoluci\u00f3n del Parlamento Europeo propone normas m\u00e1s espec\u00edficas para combatir el acoso en la UE El pleno del Parlamento Europeo adopt\u00f3, el 11 de septiembre, una resoluci\u00f3n en la que insta a la Comisi\u00f3n Europea a que adopte nuevas medidas para combatir el acoso. La eurodiputada Pina Picierno habla sobre este tema y [&hellip;]<\/p>\n","protected":false},"author":101012,"featured_media":8395,"comment_status":"open","ping_status":"open","sticky":false,"template":"","format":"standard","meta":{"_acf_changed":false,"_relevanssi_hide_post":"","_relevanssi_hide_content":"","_relevanssi_pin_for_all":"","_relevanssi_pin_keywords":"","_relevanssi_unpin_keywords":"","_relevanssi_related_keywords":"","_relevanssi_related_include_ids":"","_relevanssi_related_exclude_ids":"","_relevanssi_related_no_append":"","_relevanssi_related_not_related":"","_relevanssi_related_posts":"","_relevanssi_noindex_reason":"","_monsterinsights_skip_tracking":false,"_monsterinsights_sitenote_active":false,"_monsterinsights_sitenote_note":"","_monsterinsights_sitenote_category":0,"_genesis_hide_title":false,"_genesis_hide_breadcrumbs":false,"_genesis_hide_singular_image":false,"_genesis_hide_footer_widgets":false,"_genesis_custom_body_class":"","_genesis_custom_post_class":"","_genesis_layout":"","footnotes":""},"categories":[96],"tags":[149],"class_list":{"0":"post-8394","1":"post","2":"type-post","3":"status-publish","4":"format-standard","5":"has-post-thumbnail","7":"category-noticias-ue","8":"tag-igualdad-de-genero","9":"entry"},"acf":[],"yoast_head":"<!-- This site is optimized with the Yoast SEO plugin v27.4 - https:\/\/yoast.com\/product\/yoast-seo-wordpress\/ -->\n<title>Combatir el acoso sexual en Europa | CDE Almer\u00eda - Centro de Documentaci\u00f3n Europea - Universidad de Almer\u00eda<\/title>\n<meta name=\"robots\" content=\"index, follow, max-snippet:-1, max-image-preview:large, max-video-preview:-1\" \/>\n<link rel=\"canonical\" href=\"https:\/\/www.cde.ual.es\/combatir-el-acoso-sexual-en-europa\/\" \/>\n<meta property=\"og:locale\" content=\"en_US\" \/>\n<meta property=\"og:type\" content=\"article\" \/>\n<meta property=\"og:title\" content=\"Combatir el acoso sexual en Europa | CDE Almer\u00eda - Centro de Documentaci\u00f3n Europea - Universidad de Almer\u00eda\" \/>\n<meta property=\"og:description\" content=\"Una nueva resoluci\u00f3n del Parlamento Europeo propone normas m\u00e1s espec\u00edficas para combatir el acoso en la UE El pleno del Parlamento Europeo adopt\u00f3, el 11 de septiembre, una resoluci\u00f3n en la que insta a la Comisi\u00f3n Europea a que adopte nuevas medidas para combatir el acoso. La eurodiputada Pina Picierno habla sobre este tema y [&hellip;]\" \/>\n<meta property=\"og:url\" content=\"https:\/\/www.cde.ual.es\/combatir-el-acoso-sexual-en-europa\/\" \/>\n<meta property=\"og:site_name\" content=\"CDE Almer\u00eda - Centro de Documentaci\u00f3n Europea - Universidad de Almer\u00eda\" \/>\n<meta property=\"article:publisher\" content=\"https:\/\/www.facebook.com\/cdeuniversidadalmeria\/\" \/>\n<meta property=\"article:published_time\" content=\"2018-09-18T08:33:32+00:00\" \/>\n<meta property=\"article:modified_time\" content=\"2018-09-18T08:52:21+00:00\" \/>\n<meta property=\"og:image\" content=\"https:\/\/www.cde.ual.es\/wp-content\/uploads\/2018\/09\/aCOSO-SEXUAL-EN-EUROPA.jpg\" \/>\n\t<meta property=\"og:image:width\" content=\"800\" \/>\n\t<meta property=\"og:image:height\" content=\"533\" \/>\n\t<meta property=\"og:image:type\" content=\"image\/jpeg\" \/>\n<meta name=\"author\" content=\"BECACDE1\" \/>\n<meta name=\"twitter:card\" content=\"summary_large_image\" \/>\n<meta name=\"twitter:creator\" content=\"@cdeualmeria\" \/>\n<meta name=\"twitter:site\" content=\"@cdeualmeria\" \/>\n<meta name=\"twitter:label1\" content=\"Written by\" \/>\n\t<meta name=\"twitter:data1\" content=\"BECACDE1\" \/>\n\t<meta name=\"twitter:label2\" content=\"Est. reading time\" \/>\n\t<meta name=\"twitter:data2\" content=\"3 minutes\" \/>\n<script type=\"application\/ld+json\" class=\"yoast-schema-graph\">{\"@context\":\"https:\\\/\\\/schema.org\",\"@graph\":[{\"@type\":\"Article\",\"@id\":\"https:\\\/\\\/www.cde.ual.es\\\/combatir-el-acoso-sexual-en-europa\\\/#article\",\"isPartOf\":{\"@id\":\"https:\\\/\\\/www.cde.ual.es\\\/combatir-el-acoso-sexual-en-europa\\\/\"},\"author\":{\"name\":\"BECACDE1\",\"@id\":\"https:\\\/\\\/www.cde.ual.es\\\/#\\\/schema\\\/person\\\/bf2f837cf3353e2161fe1087adbd728f\"},\"headline\":\"Combatir el acoso sexual en Europa\",\"datePublished\":\"2018-09-18T08:33:32+00:00\",\"dateModified\":\"2018-09-18T08:52:21+00:00\",\"mainEntityOfPage\":{\"@id\":\"https:\\\/\\\/www.cde.ual.es\\\/combatir-el-acoso-sexual-en-europa\\\/\"},\"wordCount\":507,\"commentCount\":0,\"publisher\":{\"@id\":\"https:\\\/\\\/www.cde.ual.es\\\/#organization\"},\"image\":{\"@id\":\"https:\\\/\\\/www.cde.ual.es\\\/combatir-el-acoso-sexual-en-europa\\\/#primaryimage\"},\"thumbnailUrl\":\"https:\\\/\\\/www.cde.ual.es\\\/wp-content\\\/uploads\\\/2018\\\/09\\\/aCOSO-SEXUAL-EN-EUROPA.jpg\",\"keywords\":[\"Igualdad de Genero\"],\"articleSection\":[\"Noticias UE\"],\"inLanguage\":\"en-US\",\"potentialAction\":[{\"@type\":\"CommentAction\",\"name\":\"Comment\",\"target\":[\"https:\\\/\\\/www.cde.ual.es\\\/combatir-el-acoso-sexual-en-europa\\\/#respond\"]}]},{\"@type\":\"WebPage\",\"@id\":\"https:\\\/\\\/www.cde.ual.es\\\/combatir-el-acoso-sexual-en-europa\\\/\",\"url\":\"https:\\\/\\\/www.cde.ual.es\\\/combatir-el-acoso-sexual-en-europa\\\/\",\"name\":\"Combatir el acoso sexual en Europa | CDE Almer\u00eda - Centro de Documentaci\u00f3n Europea - Universidad de Almer\u00eda\",\"isPartOf\":{\"@id\":\"https:\\\/\\\/www.cde.ual.es\\\/#website\"},\"primaryImageOfPage\":{\"@id\":\"https:\\\/\\\/www.cde.ual.es\\\/combatir-el-acoso-sexual-en-europa\\\/#primaryimage\"},\"image\":{\"@id\":\"https:\\\/\\\/www.cde.ual.es\\\/combatir-el-acoso-sexual-en-europa\\\/#primaryimage\"},\"thumbnailUrl\":\"https:\\\/\\\/www.cde.ual.es\\\/wp-content\\\/uploads\\\/2018\\\/09\\\/aCOSO-SEXUAL-EN-EUROPA.jpg\",\"datePublished\":\"2018-09-18T08:33:32+00:00\",\"dateModified\":\"2018-09-18T08:52:21+00:00\",\"breadcrumb\":{\"@id\":\"https:\\\/\\\/www.cde.ual.es\\\/combatir-el-acoso-sexual-en-europa\\\/#breadcrumb\"},\"inLanguage\":\"en-US\",\"potentialAction\":[{\"@type\":\"ReadAction\",\"target\":[\"https:\\\/\\\/www.cde.ual.es\\\/combatir-el-acoso-sexual-en-europa\\\/\"]}]},{\"@type\":\"ImageObject\",\"inLanguage\":\"en-US\",\"@id\":\"https:\\\/\\\/www.cde.ual.es\\\/combatir-el-acoso-sexual-en-europa\\\/#primaryimage\",\"url\":\"https:\\\/\\\/www.cde.ual.es\\\/wp-content\\\/uploads\\\/2018\\\/09\\\/aCOSO-SEXUAL-EN-EUROPA.jpg\",\"contentUrl\":\"https:\\\/\\\/www.cde.ual.es\\\/wp-content\\\/uploads\\\/2018\\\/09\\\/aCOSO-SEXUAL-EN-EUROPA.jpg\",\"width\":800,\"height\":533},{\"@type\":\"BreadcrumbList\",\"@id\":\"https:\\\/\\\/www.cde.ual.es\\\/combatir-el-acoso-sexual-en-europa\\\/#breadcrumb\",\"itemListElement\":[{\"@type\":\"ListItem\",\"position\":1,\"name\":\"Inicio\",\"item\":\"https:\\\/\\\/www.cde.ual.es\\\/en\\\/\"},{\"@type\":\"ListItem\",\"position\":2,\"name\":\"Noticias UE\",\"item\":\"https:\\\/\\\/www.cde.ual.es\\\/category\\\/noticias-ue\\\/\"},{\"@type\":\"ListItem\",\"position\":3,\"name\":\"Combatir el acoso sexual en Europa\"}]},{\"@type\":\"WebSite\",\"@id\":\"https:\\\/\\\/www.cde.ual.es\\\/#website\",\"url\":\"https:\\\/\\\/www.cde.ual.es\\\/\",\"name\":\"CDE Almer\u00eda - Centro de Documentaci\u00f3n Europea - Universidad de Almer\u00eda\",\"description\":\"Centro de Documentaci\u00f3n Europea de la Universidad de Almer\u00eda\",\"publisher\":{\"@id\":\"https:\\\/\\\/www.cde.ual.es\\\/#organization\"},\"alternateName\":\"CDE Almer\u00eda\",\"potentialAction\":[{\"@type\":\"SearchAction\",\"target\":{\"@type\":\"EntryPoint\",\"urlTemplate\":\"https:\\\/\\\/www.cde.ual.es\\\/?s={search_term_string}\"},\"query-input\":{\"@type\":\"PropertyValueSpecification\",\"valueRequired\":true,\"valueName\":\"search_term_string\"}}],\"inLanguage\":\"en-US\"},{\"@type\":\"Organization\",\"@id\":\"https:\\\/\\\/www.cde.ual.es\\\/#organization\",\"name\":\"Centro de Documentaci\u00f3n Europea de Almer\u00eda\",\"url\":\"https:\\\/\\\/www.cde.ual.es\\\/\",\"logo\":{\"@type\":\"ImageObject\",\"inLanguage\":\"en-US\",\"@id\":\"https:\\\/\\\/www.cde.ual.es\\\/#\\\/schema\\\/logo\\\/image\\\/\",\"url\":\"https:\\\/\\\/www.cde.ual.es\\\/wp-content\\\/uploads\\\/2025\\\/07\\\/cde-logo-3.png\",\"contentUrl\":\"https:\\\/\\\/www.cde.ual.es\\\/wp-content\\\/uploads\\\/2025\\\/07\\\/cde-logo-3.png\",\"width\":1400,\"height\":300,\"caption\":\"Centro de Documentaci\u00f3n Europea de Almer\u00eda\"},\"image\":{\"@id\":\"https:\\\/\\\/www.cde.ual.es\\\/#\\\/schema\\\/logo\\\/image\\\/\"},\"sameAs\":[\"https:\\\/\\\/www.facebook.com\\\/cdeuniversidadalmeria\\\/\",\"https:\\\/\\\/x.com\\\/cdeualmeria\",\"https:\\\/\\\/www.tiktok.com\\\/@cdealmeria\",\"https:\\\/\\\/www.instagram.com\\\/cdealmeria\\\/\",\"https:\\\/\\\/www.linkedin.com\\\/in\\\/cde-almera-812b26a9\\\/\"]},{\"@type\":\"Person\",\"@id\":\"https:\\\/\\\/www.cde.ual.es\\\/#\\\/schema\\\/person\\\/bf2f837cf3353e2161fe1087adbd728f\",\"name\":\"BECACDE1\",\"image\":{\"@type\":\"ImageObject\",\"inLanguage\":\"en-US\",\"@id\":\"https:\\\/\\\/secure.gravatar.com\\\/avatar\\\/16a4c1e422b5dec818ee13eab3353b19db9cfd278cc10f9b0e1188a37671d9d4?s=96&d=mm&r=g\",\"url\":\"https:\\\/\\\/secure.gravatar.com\\\/avatar\\\/16a4c1e422b5dec818ee13eab3353b19db9cfd278cc10f9b0e1188a37671d9d4?s=96&d=mm&r=g\",\"contentUrl\":\"https:\\\/\\\/secure.gravatar.com\\\/avatar\\\/16a4c1e422b5dec818ee13eab3353b19db9cfd278cc10f9b0e1188a37671d9d4?s=96&d=mm&r=g\",\"caption\":\"BECACDE1\"},\"sameAs\":[\"http:\\\/\\\/www.cdealmeria.com\"]}]}<\/script>\n<!-- \/ Yoast SEO plugin. -->","yoast_head_json":{"title":"Combatir el acoso sexual en Europa | CDE Almer\u00eda - Centro de Documentaci\u00f3n Europea - Universidad de Almer\u00eda","robots":{"index":"index","follow":"follow","max-snippet":"max-snippet:-1","max-image-preview":"max-image-preview:large","max-video-preview":"max-video-preview:-1"},"canonical":"https:\/\/www.cde.ual.es\/combatir-el-acoso-sexual-en-europa\/","og_locale":"en_US","og_type":"article","og_title":"Combatir el acoso sexual en Europa | CDE Almer\u00eda - Centro de Documentaci\u00f3n Europea - Universidad de Almer\u00eda","og_description":"Una nueva resoluci\u00f3n del Parlamento Europeo propone normas m\u00e1s espec\u00edficas para combatir el acoso en la UE El pleno del Parlamento Europeo adopt\u00f3, el 11 de septiembre, una resoluci\u00f3n en la que insta a la Comisi\u00f3n Europea a que adopte nuevas medidas para combatir el acoso. La eurodiputada Pina Picierno habla sobre este tema y [&hellip;]","og_url":"https:\/\/www.cde.ual.es\/combatir-el-acoso-sexual-en-europa\/","og_site_name":"CDE Almer\u00eda - Centro de Documentaci\u00f3n Europea - Universidad de Almer\u00eda","article_publisher":"https:\/\/www.facebook.com\/cdeuniversidadalmeria\/","article_published_time":"2018-09-18T08:33:32+00:00","article_modified_time":"2018-09-18T08:52:21+00:00","og_image":[{"width":800,"height":533,"url":"https:\/\/www.cde.ual.es\/wp-content\/uploads\/2018\/09\/aCOSO-SEXUAL-EN-EUROPA.jpg","type":"image\/jpeg"}],"author":"BECACDE1","twitter_card":"summary_large_image","twitter_creator":"@cdeualmeria","twitter_site":"@cdeualmeria","twitter_misc":{"Written by":"BECACDE1","Est. reading time":"3 minutes"},"schema":{"@context":"https:\/\/schema.org","@graph":[{"@type":"Article","@id":"https:\/\/www.cde.ual.es\/combatir-el-acoso-sexual-en-europa\/#article","isPartOf":{"@id":"https:\/\/www.cde.ual.es\/combatir-el-acoso-sexual-en-europa\/"},"author":{"name":"BECACDE1","@id":"https:\/\/www.cde.ual.es\/#\/schema\/person\/bf2f837cf3353e2161fe1087adbd728f"},"headline":"Combatir el acoso sexual en Europa","datePublished":"2018-09-18T08:33:32+00:00","dateModified":"2018-09-18T08:52:21+00:00","mainEntityOfPage":{"@id":"https:\/\/www.cde.ual.es\/combatir-el-acoso-sexual-en-europa\/"},"wordCount":507,"commentCount":0,"publisher":{"@id":"https:\/\/www.cde.ual.es\/#organization"},"image":{"@id":"https:\/\/www.cde.ual.es\/combatir-el-acoso-sexual-en-europa\/#primaryimage"},"thumbnailUrl":"https:\/\/www.cde.ual.es\/wp-content\/uploads\/2018\/09\/aCOSO-SEXUAL-EN-EUROPA.jpg","keywords":["Igualdad de Genero"],"articleSection":["Noticias UE"],"inLanguage":"en-US","potentialAction":[{"@type":"CommentAction","name":"Comment","target":["https:\/\/www.cde.ual.es\/combatir-el-acoso-sexual-en-europa\/#respond"]}]},{"@type":"WebPage","@id":"https:\/\/www.cde.ual.es\/combatir-el-acoso-sexual-en-europa\/","url":"https:\/\/www.cde.ual.es\/combatir-el-acoso-sexual-en-europa\/","name":"Combatir el acoso sexual en Europa | CDE Almer\u00eda - Centro de Documentaci\u00f3n Europea - Universidad de Almer\u00eda","isPartOf":{"@id":"https:\/\/www.cde.ual.es\/#website"},"primaryImageOfPage":{"@id":"https:\/\/www.cde.ual.es\/combatir-el-acoso-sexual-en-europa\/#primaryimage"},"image":{"@id":"https:\/\/www.cde.ual.es\/combatir-el-acoso-sexual-en-europa\/#primaryimage"},"thumbnailUrl":"https:\/\/www.cde.ual.es\/wp-content\/uploads\/2018\/09\/aCOSO-SEXUAL-EN-EUROPA.jpg","datePublished":"2018-09-18T08:33:32+00:00","dateModified":"2018-09-18T08:52:21+00:00","breadcrumb":{"@id":"https:\/\/www.cde.ual.es\/combatir-el-acoso-sexual-en-europa\/#breadcrumb"},"inLanguage":"en-US","potentialAction":[{"@type":"ReadAction","target":["https:\/\/www.cde.ual.es\/combatir-el-acoso-sexual-en-europa\/"]}]},{"@type":"ImageObject","inLanguage":"en-US","@id":"https:\/\/www.cde.ual.es\/combatir-el-acoso-sexual-en-europa\/#primaryimage","url":"https:\/\/www.cde.ual.es\/wp-content\/uploads\/2018\/09\/aCOSO-SEXUAL-EN-EUROPA.jpg","contentUrl":"https:\/\/www.cde.ual.es\/wp-content\/uploads\/2018\/09\/aCOSO-SEXUAL-EN-EUROPA.jpg","width":800,"height":533},{"@type":"BreadcrumbList","@id":"https:\/\/www.cde.ual.es\/combatir-el-acoso-sexual-en-europa\/#breadcrumb","itemListElement":[{"@type":"ListItem","position":1,"name":"Inicio","item":"https:\/\/www.cde.ual.es\/en\/"},{"@type":"ListItem","position":2,"name":"Noticias UE","item":"https:\/\/www.cde.ual.es\/category\/noticias-ue\/"},{"@type":"ListItem","position":3,"name":"Combatir el acoso sexual en Europa"}]},{"@type":"WebSite","@id":"https:\/\/www.cde.ual.es\/#website","url":"https:\/\/www.cde.ual.es\/","name":"CDE Almer\u00eda - Centro de Documentaci\u00f3n Europea - Universidad de Almer\u00eda","description":"Centro de Documentaci\u00f3n Europea de la Universidad de Almer\u00eda","publisher":{"@id":"https:\/\/www.cde.ual.es\/#organization"},"alternateName":"CDE Almer\u00eda","potentialAction":[{"@type":"SearchAction","target":{"@type":"EntryPoint","urlTemplate":"https:\/\/www.cde.ual.es\/?s={search_term_string}"},"query-input":{"@type":"PropertyValueSpecification","valueRequired":true,"valueName":"search_term_string"}}],"inLanguage":"en-US"},{"@type":"Organization","@id":"https:\/\/www.cde.ual.es\/#organization","name":"Centro de Documentaci\u00f3n Europea de Almer\u00eda","url":"https:\/\/www.cde.ual.es\/","logo":{"@type":"ImageObject","inLanguage":"en-US","@id":"https:\/\/www.cde.ual.es\/#\/schema\/logo\/image\/","url":"https:\/\/www.cde.ual.es\/wp-content\/uploads\/2025\/07\/cde-logo-3.png","contentUrl":"https:\/\/www.cde.ual.es\/wp-content\/uploads\/2025\/07\/cde-logo-3.png","width":1400,"height":300,"caption":"Centro de Documentaci\u00f3n Europea de Almer\u00eda"},"image":{"@id":"https:\/\/www.cde.ual.es\/#\/schema\/logo\/image\/"},"sameAs":["https:\/\/www.facebook.com\/cdeuniversidadalmeria\/","https:\/\/x.com\/cdeualmeria","https:\/\/www.tiktok.com\/@cdealmeria","https:\/\/www.instagram.com\/cdealmeria\/","https:\/\/www.linkedin.com\/in\/cde-almera-812b26a9\/"]},{"@type":"Person","@id":"https:\/\/www.cde.ual.es\/#\/schema\/person\/bf2f837cf3353e2161fe1087adbd728f","name":"BECACDE1","image":{"@type":"ImageObject","inLanguage":"en-US","@id":"https:\/\/secure.gravatar.com\/avatar\/16a4c1e422b5dec818ee13eab3353b19db9cfd278cc10f9b0e1188a37671d9d4?s=96&d=mm&r=g","url":"https:\/\/secure.gravatar.com\/avatar\/16a4c1e422b5dec818ee13eab3353b19db9cfd278cc10f9b0e1188a37671d9d4?s=96&d=mm&r=g","contentUrl":"https:\/\/secure.gravatar.com\/avatar\/16a4c1e422b5dec818ee13eab3353b19db9cfd278cc10f9b0e1188a37671d9d4?s=96&d=mm&r=g","caption":"BECACDE1"},"sameAs":["http:\/\/www.cdealmeria.com"]}]}},"_links":{"self":[{"href":"https:\/\/www.cde.ual.es\/en\/wp-json\/wp\/v2\/posts\/8394","targetHints":{"allow":["GET"]}}],"collection":[{"href":"https:\/\/www.cde.ual.es\/en\/wp-json\/wp\/v2\/posts"}],"about":[{"href":"https:\/\/www.cde.ual.es\/en\/wp-json\/wp\/v2\/types\/post"}],"author":[{"embeddable":true,"href":"https:\/\/www.cde.ual.es\/en\/wp-json\/wp\/v2\/users\/101012"}],"replies":[{"embeddable":true,"href":"https:\/\/www.cde.ual.es\/en\/wp-json\/wp\/v2\/comments?post=8394"}],"version-history":[{"count":0,"href":"https:\/\/www.cde.ual.es\/en\/wp-json\/wp\/v2\/posts\/8394\/revisions"}],"wp:featuredmedia":[{"embeddable":true,"href":"https:\/\/www.cde.ual.es\/en\/wp-json\/wp\/v2\/media\/8395"}],"wp:attachment":[{"href":"https:\/\/www.cde.ual.es\/en\/wp-json\/wp\/v2\/media?parent=8394"}],"wp:term":[{"taxonomy":"category","embeddable":true,"href":"https:\/\/www.cde.ual.es\/en\/wp-json\/wp\/v2\/categories?post=8394"},{"taxonomy":"post_tag","embeddable":true,"href":"https:\/\/www.cde.ual.es\/en\/wp-json\/wp\/v2\/tags?post=8394"}],"curies":[{"name":"wp","href":"https:\/\/api.w.org\/{rel}","templated":true}]}}