{"id":83729,"date":"2021-10-27T03:00:38","date_gmt":"2021-10-27T01:00:38","guid":{"rendered":"https:\/\/www.cde.ual.es\/?p=83729"},"modified":"2021-10-26T14:01:53","modified_gmt":"2021-10-26T12:01:53","slug":"conference-on-the-future-of-europe-second-plenary-session-concludes","status":"publish","type":"post","link":"https:\/\/www.cde.ual.es\/en\/conference-on-the-future-of-europe-second-plenary-session-concludes\/","title":{"rendered":"Conference on the Future of Europe: second Plenary session concludes"},"content":{"rendered":"<p><strong>On Saturday 23 October, the second Conference Plenary meeting took place in the European Parliament in Strasbourg to discuss citizens&#8217; contributions.<\/strong><\/p>\n<p><a href=\"https:\/\/www.cde.ual.es\/wp-content\/uploads\/2021\/04\/Conferencia-sobre-el-futuro-de-Europa.png\"><img decoding=\"async\" class=\"wp-image-67823 aligncenter\" src=\"https:\/\/www.cde.ual.es\/wp-content\/uploads\/2021\/04\/Conferencia-sobre-el-futuro-de-Europa.png\" alt=\"\" width=\"706\" height=\"482\" srcset=\"https:\/\/www.cde.ual.es\/wp-content\/uploads\/2021\/04\/Conferencia-sobre-el-futuro-de-Europa.png 1101w, https:\/\/www.cde.ual.es\/wp-content\/uploads\/2021\/04\/Conferencia-sobre-el-futuro-de-Europa-300x205.png 300w, https:\/\/www.cde.ual.es\/wp-content\/uploads\/2021\/04\/Conferencia-sobre-el-futuro-de-Europa-1024x699.png 1024w, https:\/\/www.cde.ual.es\/wp-content\/uploads\/2021\/04\/Conferencia-sobre-el-futuro-de-Europa-768x525.png 768w\" sizes=\"(max-width: 706px) 100vw, 706px\" \/><\/a><\/p>\n<p>The 80 representatives of the European Citizens&#8217; Panels took their seats as Members of the Plenary and discussions focused on citizens&#8217; contributions from:<\/p>\n<ul>\n<li>the\u00a0<a href=\"https:\/\/futureu.europa.eu\/assemblies\/citizens-panels\">European Citizens&#8217; Panels<\/a>\u00a0(initial impressions, work streams and subtopics);<\/li>\n<li><a href=\"https:\/\/futureu.europa.eu\/meetings\">national panels and events<\/a>\u00a0(report presented by national panel representatives);<\/li>\n<li>the\u00a0<a href=\"https:\/\/european-youth-event.europarl.europa.eu\/en\/\">European Youth Event<\/a>\u00a0(the\u00a0<a href=\"https:\/\/www.europarl.europa.eu\/resources\/library\/media\/20211011RES14633\/20211011RES14633.pdf\">20 most popular ideas<\/a>\u00a0were presented by EYE2021 representatives);<\/li>\n<li>and the\u00a0<a href=\"https:\/\/futureu.europa.eu\/pages\/reporting\">second interim report from the Multilingual Digital Platform<\/a>.<\/li>\n<\/ul>\n<p>The Conference on the Future of Europe is an unprecedented, open and inclusive democratic exercise, with a\u00a0<a href=\"https:\/\/futureu.europa.eu\/\">Multilingual Digital Platform<\/a>, where all Europeans are invited to have their say on how to shape our shared future on various issues.<\/p>\n<h3><strong>Quotes<\/strong><\/h3>\n<p>The Co-Chairs of the Conference made the following statements from Strasbourg:<\/p>\n<p>Guy Verhofstadt (European Parliament), said:\u00a0<em>\u201cThe enthusiasm in the Citizens&#8217; Panels is great, expectations are high, the formula is working. Now the Plenary has to find answers to the issues raised, in the form of a shared vision of Europe&#8217;s future and concrete deliverables on how we reform the European Union. EU politics have to rise to the occasion.\u201d<\/em><\/p>\n<p>Ga\u0161per Dov\u017ean (Presidency of the Council) commented that:<em>\u00a0\u201cTens of thousands of citizens continue to discuss the future of Europe in the European and national panels and events, as well as on the Platform. The Plenary will debate and bring forward their recommendations in the areas that matter most to them, without a predetermined outcome. This is the first Plenary under the Slovenian Presidency of the Council and we were very pleased to welcome representatives from our Western Balkans partners as key stakeholders with whom we share responsibility for the future of the EU.\u201d<\/em><\/p>\n<p>Dubravka\u00a0<strong>\u0160uica<\/strong>\u00a0(Vice-President of the European Commission) stated:\u00a0<em>&#8220;This is a historic moment where, for the first time, citizens deliberate on a par with their elected representatives at all levels. Bringing citizens to the core of European policymaking will reinforce our representative democracies, as we set sail towards our common future.\u201d<\/em><\/p>\n<h3><strong>Audio-visual coverage<\/strong><\/h3>\n<p>Extracts are available on\u00a0<a href=\"https:\/\/audiovisual.ec.europa.eu\/en\/\">EbS<\/a>, and all video, audio and photo coverage (including an edited video) can be downloaded from\u00a0<a href=\"https:\/\/multimedia.europarl.europa.eu\/en\/conference-on-future-of-europe_17609_pk\">Parliament&#8217;s Multimedia Centre<\/a>. A\u00a0<a href=\"https:\/\/multimedia.europarl.europa.eu\/en\/conference-on-future-of-europe-press-point-by-guy-verhofstadt-gasper-dovzan-and-dubravka-suica-co-ch_20211023-1230-SPECIAL-PRESSER_vd\">recorded press point with the three Co-Chairs<\/a>\u00a0is also available.<\/p>\n<h3><strong>Next steps<\/strong><\/h3>\n<p>The next Conference Plenary will take place on 17-18 December. In the meantime, citizens&#8217; contributions to the Conference will continue to flow in:<\/p>\n<ul>\n<li>the European Citizens&#8217; Panels will meet online in November, and the first two will finalise their recommendations and present them in Plenary in December;<\/li>\n<li>the\u00a0<a href=\"https:\/\/futureu.europa.eu\/\">Multilingual Digital Platform<\/a>\u00a0remains available for citizens&#8217; ideas and events, which will become part of the third report due for December, and which will feed into the last sessions of European Citizens&#8217; Panels and the upcoming meetings of the Conference Plenary; and<\/li>\n<li>national panels and events are still being organised in the member states.<\/li>\n<\/ul>\n<h3><strong>Background<\/strong><\/h3>\n<p><em>On the Plenary<\/em><\/p>\n<p>The Plenary was prepared by Working Groups, which held their constitutive meetings on Friday.<\/p>\n<p>The Plenary comprises representatives from the European Parliament (108), the Council (54, or two per member state) and the European Commission (3), as well as from all national Parliaments (108) on an equal footing, and citizens (108). As part of the citizens&#8217; component, representatives from the European Citizens&#8217; Panels (80), representatives of national events or national citizens&#8217; panels (27, or one per member state) and the President of the European Youth Forum take part in the deliberations. In addition, representatives from the Committee of the Regions and the European Economic and Social Committee (18 from each), elected representatives from regional and local authorities (6 from each), and representatives of the social partners (12) and civil society (8) participate as members. For the first time, representatives from the Western Balkans participated as key partners.<\/p>\n<p><em>On the Panels and the Multilingual Digital Platform<\/em><\/p>\n<p>The Multilingual Digital Platform has collected 8,600 ideas and 14,900 comments from over 31,000 participants. The four European Citizens&#8217; Panels have had their first sessions, bringing together around 800 citizens from across the EU. There have also been over 3,180 other events, across the European Union that have brought together over 140,000 participants.<\/p>\n<p>The reports from the first sessions of the Panels and the lists of streams and subtopics the citizens selected for their further discussions are available on the\u00a0<a href=\"https:\/\/futureu.europa.eu\/?locale=en\">Multilingual Digital Platform<\/a>:<\/p>\n<p>Panel 1\u00a0<a href=\"https:\/\/futureu.europa.eu\/assemblies\/citizens-panels\/f\/298\/\">A stronger economy, social justice, jobs \/ education, youth, culture, sport \/ digital transformation<\/a>;<\/p>\n<p>Panel 2\u00a0<a href=\"https:\/\/futureu.europa.eu\/assemblies\/citizens-panels\/f\/299\/\">European democracy \/ values and rights, rule of law, security<\/a>;<\/p>\n<p>Panel 3\u00a0<a href=\"https:\/\/futureu.europa.eu\/assemblies\/citizens-panels\/f\/300\/\">Climate change, environment\/health<\/a>; and<\/p>\n<p>Panel 4\u00a0<a href=\"https:\/\/futureu.europa.eu\/assemblies\/citizens-panels\/f\/301\/\">EU in the world\/migration<\/a><\/p>\n<h3><strong>More Information<\/strong><\/h3>\n<p><a href=\"https:\/\/futureu.europa.eu\/\">The Multilingual Digital Platform<\/a><\/p>\n<p><a href=\"https:\/\/futureu.europa.eu\/uploads\/decidim\/attachment\/file\/14587\/CoFoE_Timeline__3_.jpg\">Infographic: Timeline of the Conference on the Future of Europe<\/a><\/p>\n<p><a href=\"https:\/\/futureu.europa.eu\/rails\/active_storage\/blobs\/eyJfcmFpbHMiOnsibWVzc2FnZSI6IkJBaHBBbHNvIiwiZXhwIjpudWxsLCJwdXIiOiJibG9iX2lkIn19--fbe274ff16e79b4d729dfddfb77a5a6a664da7cf\/CoFoE_Process_EN.jpg\">Infographic: Process of the Conference on the Future of Europe<\/a><\/p>\n<p><a href=\"https:\/\/futureu.europa.eu\/uploads\/decidim\/attachment\/file\/6\/EN_-_JOINT_DECLARATION_ON_THE_CONFERENCE_ON_THE_FUTURE_OF_EUROPE.pdf\">Joint Declaration on the Conference on the Future of Europe<\/a><\/p>\n","protected":false},"excerpt":{"rendered":"<p>On Saturday 23 October, the second Conference Plenary meeting took place in the European Parliament in Strasbourg to discuss citizens&#8217; contributions. The 80 representatives of the European Citizens&#8217; Panels took their seats as Members of the Plenary and discussions focused on citizens&#8217; contributions from: the\u00a0European Citizens&#8217; Panels\u00a0(initial impressions, work streams and subtopics); national panels and [&hellip;]<\/p>\n","protected":false},"author":101011,"featured_media":67822,"comment_status":"open","ping_status":"open","sticky":false,"template":"","format":"standard","meta":{"_acf_changed":false,"_relevanssi_hide_post":"","_relevanssi_hide_content":"","_relevanssi_pin_for_all":"","_relevanssi_pin_keywords":"","_relevanssi_unpin_keywords":"","_relevanssi_related_keywords":"","_relevanssi_related_include_ids":"","_relevanssi_related_exclude_ids":"","_relevanssi_related_no_append":"","_relevanssi_related_not_related":"","_relevanssi_related_posts":"","_relevanssi_noindex_reason":"","_monsterinsights_skip_tracking":false,"_monsterinsights_sitenote_active":false,"_monsterinsights_sitenote_note":"","_monsterinsights_sitenote_category":0,"_genesis_hide_title":false,"_genesis_hide_breadcrumbs":false,"_genesis_hide_singular_image":false,"_genesis_hide_footer_widgets":false,"_genesis_custom_body_class":"","_genesis_custom_post_class":"","_genesis_layout":"","footnotes":""},"categories":[346,4064],"tags":[1217,2999],"class_list":{"0":"post-83729","1":"post","2":"type-post","3":"status-publish","4":"format-standard","5":"has-post-thumbnail","7":"category-eu-news","8":"category-institutional","9":"tag-europe","10":"tag-future","11":"entry"},"acf":[],"yoast_head":"<!-- This site is optimized with the Yoast SEO plugin v27.5 - https:\/\/yoast.com\/product\/yoast-seo-wordpress\/ -->\n<title>Conference on the Future of Europe: second Plenary session concludes | CDE Almer\u00eda - Centro de Documentaci\u00f3n Europea - Universidad de Almer\u00eda<\/title>\n<meta name=\"robots\" content=\"index, follow, max-snippet:-1, max-image-preview:large, max-video-preview:-1\" \/>\n<link rel=\"canonical\" href=\"https:\/\/www.cde.ual.es\/en\/conference-on-the-future-of-europe-second-plenary-session-concludes\/\" \/>\n<meta property=\"og:locale\" content=\"en_US\" \/>\n<meta property=\"og:type\" content=\"article\" \/>\n<meta property=\"og:title\" content=\"Conference on the Future of Europe: second Plenary session concludes | CDE Almer\u00eda - Centro de Documentaci\u00f3n Europea - Universidad de Almer\u00eda\" \/>\n<meta property=\"og:description\" content=\"On Saturday 23 October, the second Conference Plenary meeting took place in the European Parliament in Strasbourg to discuss citizens&#8217; contributions. The 80 representatives of the European Citizens&#8217; Panels took their seats as Members of the Plenary and discussions focused on citizens&#8217; contributions from: the\u00a0European Citizens&#8217; Panels\u00a0(initial impressions, work streams and subtopics); national panels and [&hellip;]\" \/>\n<meta property=\"og:url\" content=\"https:\/\/www.cde.ual.es\/en\/conference-on-the-future-of-europe-second-plenary-session-concludes\/\" \/>\n<meta property=\"og:site_name\" content=\"CDE Almer\u00eda - Centro de Documentaci\u00f3n Europea - Universidad de Almer\u00eda\" \/>\n<meta property=\"article:publisher\" content=\"https:\/\/www.facebook.com\/cdeuniversidadalmeria\/\" \/>\n<meta property=\"article:published_time\" content=\"2021-10-27T01:00:38+00:00\" \/>\n<meta property=\"og:image\" content=\"https:\/\/www.cde.ual.es\/wp-content\/uploads\/2021\/04\/Conferencia-sobre-el-futuro-de-Europa.png\" \/>\n\t<meta property=\"og:image:width\" content=\"1101\" \/>\n\t<meta property=\"og:image:height\" content=\"752\" \/>\n\t<meta property=\"og:image:type\" content=\"image\/png\" \/>\n<meta name=\"author\" content=\"BECA 2 CDE\" \/>\n<meta name=\"twitter:card\" content=\"summary_large_image\" \/>\n<meta name=\"twitter:creator\" content=\"@cdeualmeria\" \/>\n<meta name=\"twitter:site\" content=\"@cdeualmeria\" \/>\n<meta name=\"twitter:label1\" content=\"Written by\" \/>\n\t<meta name=\"twitter:data1\" content=\"BECA 2 CDE\" \/>\n\t<meta name=\"twitter:label2\" content=\"Est. reading time\" \/>\n\t<meta name=\"twitter:data2\" content=\"4 minutes\" \/>\n<script type=\"application\/ld+json\" class=\"yoast-schema-graph\">{\"@context\":\"https:\\\/\\\/schema.org\",\"@graph\":[{\"@type\":\"Article\",\"@id\":\"https:\\\/\\\/www.cde.ual.es\\\/en\\\/conference-on-the-future-of-europe-second-plenary-session-concludes\\\/#article\",\"isPartOf\":{\"@id\":\"https:\\\/\\\/www.cde.ual.es\\\/en\\\/conference-on-the-future-of-europe-second-plenary-session-concludes\\\/\"},\"author\":{\"name\":\"BECA 2 CDE\",\"@id\":\"https:\\\/\\\/www.cde.ual.es\\\/#\\\/schema\\\/person\\\/ee46ebc19edfa19598c02cff83335acc\"},\"headline\":\"Conference on the Future of Europe: second Plenary session concludes\",\"datePublished\":\"2021-10-27T01:00:38+00:00\",\"mainEntityOfPage\":{\"@id\":\"https:\\\/\\\/www.cde.ual.es\\\/en\\\/conference-on-the-future-of-europe-second-plenary-session-concludes\\\/\"},\"wordCount\":790,\"commentCount\":0,\"publisher\":{\"@id\":\"https:\\\/\\\/www.cde.ual.es\\\/#organization\"},\"image\":{\"@id\":\"https:\\\/\\\/www.cde.ual.es\\\/en\\\/conference-on-the-future-of-europe-second-plenary-session-concludes\\\/#primaryimage\"},\"thumbnailUrl\":\"https:\\\/\\\/www.cde.ual.es\\\/wp-content\\\/uploads\\\/2021\\\/04\\\/Conferencia-sobre-el-futuro-de-Europa.png\",\"keywords\":[\"Europe\",\"future\"],\"articleSection\":[\"EU News\",\"Institutional Affairs\"],\"inLanguage\":\"en-US\",\"potentialAction\":[{\"@type\":\"CommentAction\",\"name\":\"Comment\",\"target\":[\"https:\\\/\\\/www.cde.ual.es\\\/en\\\/conference-on-the-future-of-europe-second-plenary-session-concludes\\\/#respond\"]}]},{\"@type\":\"WebPage\",\"@id\":\"https:\\\/\\\/www.cde.ual.es\\\/en\\\/conference-on-the-future-of-europe-second-plenary-session-concludes\\\/\",\"url\":\"https:\\\/\\\/www.cde.ual.es\\\/en\\\/conference-on-the-future-of-europe-second-plenary-session-concludes\\\/\",\"name\":\"Conference on the Future of Europe: second Plenary session concludes | CDE Almer\u00eda - Centro de Documentaci\u00f3n Europea - Universidad de Almer\u00eda\",\"isPartOf\":{\"@id\":\"https:\\\/\\\/www.cde.ual.es\\\/#website\"},\"primaryImageOfPage\":{\"@id\":\"https:\\\/\\\/www.cde.ual.es\\\/en\\\/conference-on-the-future-of-europe-second-plenary-session-concludes\\\/#primaryimage\"},\"image\":{\"@id\":\"https:\\\/\\\/www.cde.ual.es\\\/en\\\/conference-on-the-future-of-europe-second-plenary-session-concludes\\\/#primaryimage\"},\"thumbnailUrl\":\"https:\\\/\\\/www.cde.ual.es\\\/wp-content\\\/uploads\\\/2021\\\/04\\\/Conferencia-sobre-el-futuro-de-Europa.png\",\"datePublished\":\"2021-10-27T01:00:38+00:00\",\"breadcrumb\":{\"@id\":\"https:\\\/\\\/www.cde.ual.es\\\/en\\\/conference-on-the-future-of-europe-second-plenary-session-concludes\\\/#breadcrumb\"},\"inLanguage\":\"en-US\",\"potentialAction\":[{\"@type\":\"ReadAction\",\"target\":[\"https:\\\/\\\/www.cde.ual.es\\\/en\\\/conference-on-the-future-of-europe-second-plenary-session-concludes\\\/\"]}]},{\"@type\":\"ImageObject\",\"inLanguage\":\"en-US\",\"@id\":\"https:\\\/\\\/www.cde.ual.es\\\/en\\\/conference-on-the-future-of-europe-second-plenary-session-concludes\\\/#primaryimage\",\"url\":\"https:\\\/\\\/www.cde.ual.es\\\/wp-content\\\/uploads\\\/2021\\\/04\\\/Conferencia-sobre-el-futuro-de-Europa.png\",\"contentUrl\":\"https:\\\/\\\/www.cde.ual.es\\\/wp-content\\\/uploads\\\/2021\\\/04\\\/Conferencia-sobre-el-futuro-de-Europa.png\",\"width\":1101,\"height\":752},{\"@type\":\"BreadcrumbList\",\"@id\":\"https:\\\/\\\/www.cde.ual.es\\\/en\\\/conference-on-the-future-of-europe-second-plenary-session-concludes\\\/#breadcrumb\",\"itemListElement\":[{\"@type\":\"ListItem\",\"position\":1,\"name\":\"Inicio\",\"item\":\"https:\\\/\\\/www.cde.ual.es\\\/en\\\/\"},{\"@type\":\"ListItem\",\"position\":2,\"name\":\"EU News\",\"item\":\"https:\\\/\\\/www.cde.ual.es\\\/en\\\/category\\\/eu-news\\\/\"},{\"@type\":\"ListItem\",\"position\":3,\"name\":\"Institutional Affairs\",\"item\":\"https:\\\/\\\/www.cde.ual.es\\\/en\\\/category\\\/eu-news\\\/institutional\\\/\"},{\"@type\":\"ListItem\",\"position\":4,\"name\":\"Conference on the Future of Europe: second Plenary session concludes\"}]},{\"@type\":\"WebSite\",\"@id\":\"https:\\\/\\\/www.cde.ual.es\\\/#website\",\"url\":\"https:\\\/\\\/www.cde.ual.es\\\/\",\"name\":\"CDE Almer\u00eda - Centro de Documentaci\u00f3n Europea - Universidad de Almer\u00eda\",\"description\":\"Centro de Documentaci\u00f3n Europea de la Universidad de Almer\u00eda\",\"publisher\":{\"@id\":\"https:\\\/\\\/www.cde.ual.es\\\/#organization\"},\"alternateName\":\"CDE Almer\u00eda\",\"potentialAction\":[{\"@type\":\"SearchAction\",\"target\":{\"@type\":\"EntryPoint\",\"urlTemplate\":\"https:\\\/\\\/www.cde.ual.es\\\/?s={search_term_string}\"},\"query-input\":{\"@type\":\"PropertyValueSpecification\",\"valueRequired\":true,\"valueName\":\"search_term_string\"}}],\"inLanguage\":\"en-US\"},{\"@type\":\"Organization\",\"@id\":\"https:\\\/\\\/www.cde.ual.es\\\/#organization\",\"name\":\"Centro de Documentaci\u00f3n Europea de Almer\u00eda\",\"url\":\"https:\\\/\\\/www.cde.ual.es\\\/\",\"logo\":{\"@type\":\"ImageObject\",\"inLanguage\":\"en-US\",\"@id\":\"https:\\\/\\\/www.cde.ual.es\\\/#\\\/schema\\\/logo\\\/image\\\/\",\"url\":\"https:\\\/\\\/www.cde.ual.es\\\/wp-content\\\/uploads\\\/2025\\\/07\\\/cde-logo-3.png\",\"contentUrl\":\"https:\\\/\\\/www.cde.ual.es\\\/wp-content\\\/uploads\\\/2025\\\/07\\\/cde-logo-3.png\",\"width\":1400,\"height\":300,\"caption\":\"Centro de Documentaci\u00f3n Europea de Almer\u00eda\"},\"image\":{\"@id\":\"https:\\\/\\\/www.cde.ual.es\\\/#\\\/schema\\\/logo\\\/image\\\/\"},\"sameAs\":[\"https:\\\/\\\/www.facebook.com\\\/cdeuniversidadalmeria\\\/\",\"https:\\\/\\\/x.com\\\/cdeualmeria\",\"https:\\\/\\\/www.tiktok.com\\\/@cdealmeria\",\"https:\\\/\\\/www.instagram.com\\\/cdealmeria\\\/\",\"https:\\\/\\\/www.linkedin.com\\\/in\\\/cde-almera-812b26a9\\\/\"]},{\"@type\":\"Person\",\"@id\":\"https:\\\/\\\/www.cde.ual.es\\\/#\\\/schema\\\/person\\\/ee46ebc19edfa19598c02cff83335acc\",\"name\":\"BECA 2 CDE\",\"image\":{\"@type\":\"ImageObject\",\"inLanguage\":\"en-US\",\"@id\":\"https:\\\/\\\/secure.gravatar.com\\\/avatar\\\/35a481bbc04bbd90e91bdfa3b0b5541036c222a49b9ad37b6889a2afcb5311a5?s=96&d=mm&r=g\",\"url\":\"https:\\\/\\\/secure.gravatar.com\\\/avatar\\\/35a481bbc04bbd90e91bdfa3b0b5541036c222a49b9ad37b6889a2afcb5311a5?s=96&d=mm&r=g\",\"contentUrl\":\"https:\\\/\\\/secure.gravatar.com\\\/avatar\\\/35a481bbc04bbd90e91bdfa3b0b5541036c222a49b9ad37b6889a2afcb5311a5?s=96&d=mm&r=g\",\"caption\":\"BECA 2 CDE\"},\"sameAs\":[\"http:\\\/\\\/www.cdealmeria.com\"]}]}<\/script>\n<!-- \/ Yoast SEO plugin. -->","yoast_head_json":{"title":"Conference on the Future of Europe: second Plenary session concludes | CDE Almer\u00eda - Centro de Documentaci\u00f3n Europea - Universidad de Almer\u00eda","robots":{"index":"index","follow":"follow","max-snippet":"max-snippet:-1","max-image-preview":"max-image-preview:large","max-video-preview":"max-video-preview:-1"},"canonical":"https:\/\/www.cde.ual.es\/en\/conference-on-the-future-of-europe-second-plenary-session-concludes\/","og_locale":"en_US","og_type":"article","og_title":"Conference on the Future of Europe: second Plenary session concludes | CDE Almer\u00eda - Centro de Documentaci\u00f3n Europea - Universidad de Almer\u00eda","og_description":"On Saturday 23 October, the second Conference Plenary meeting took place in the European Parliament in Strasbourg to discuss citizens&#8217; contributions. The 80 representatives of the European Citizens&#8217; Panels took their seats as Members of the Plenary and discussions focused on citizens&#8217; contributions from: the\u00a0European Citizens&#8217; Panels\u00a0(initial impressions, work streams and subtopics); national panels and [&hellip;]","og_url":"https:\/\/www.cde.ual.es\/en\/conference-on-the-future-of-europe-second-plenary-session-concludes\/","og_site_name":"CDE Almer\u00eda - Centro de Documentaci\u00f3n Europea - Universidad de Almer\u00eda","article_publisher":"https:\/\/www.facebook.com\/cdeuniversidadalmeria\/","article_published_time":"2021-10-27T01:00:38+00:00","og_image":[{"width":1101,"height":752,"url":"https:\/\/www.cde.ual.es\/wp-content\/uploads\/2021\/04\/Conferencia-sobre-el-futuro-de-Europa.png","type":"image\/png"}],"author":"BECA 2 CDE","twitter_card":"summary_large_image","twitter_creator":"@cdeualmeria","twitter_site":"@cdeualmeria","twitter_misc":{"Written by":"BECA 2 CDE","Est. reading time":"4 minutes"},"schema":{"@context":"https:\/\/schema.org","@graph":[{"@type":"Article","@id":"https:\/\/www.cde.ual.es\/en\/conference-on-the-future-of-europe-second-plenary-session-concludes\/#article","isPartOf":{"@id":"https:\/\/www.cde.ual.es\/en\/conference-on-the-future-of-europe-second-plenary-session-concludes\/"},"author":{"name":"BECA 2 CDE","@id":"https:\/\/www.cde.ual.es\/#\/schema\/person\/ee46ebc19edfa19598c02cff83335acc"},"headline":"Conference on the Future of Europe: second Plenary session concludes","datePublished":"2021-10-27T01:00:38+00:00","mainEntityOfPage":{"@id":"https:\/\/www.cde.ual.es\/en\/conference-on-the-future-of-europe-second-plenary-session-concludes\/"},"wordCount":790,"commentCount":0,"publisher":{"@id":"https:\/\/www.cde.ual.es\/#organization"},"image":{"@id":"https:\/\/www.cde.ual.es\/en\/conference-on-the-future-of-europe-second-plenary-session-concludes\/#primaryimage"},"thumbnailUrl":"https:\/\/www.cde.ual.es\/wp-content\/uploads\/2021\/04\/Conferencia-sobre-el-futuro-de-Europa.png","keywords":["Europe","future"],"articleSection":["EU News","Institutional Affairs"],"inLanguage":"en-US","potentialAction":[{"@type":"CommentAction","name":"Comment","target":["https:\/\/www.cde.ual.es\/en\/conference-on-the-future-of-europe-second-plenary-session-concludes\/#respond"]}]},{"@type":"WebPage","@id":"https:\/\/www.cde.ual.es\/en\/conference-on-the-future-of-europe-second-plenary-session-concludes\/","url":"https:\/\/www.cde.ual.es\/en\/conference-on-the-future-of-europe-second-plenary-session-concludes\/","name":"Conference on the Future of Europe: second Plenary session concludes | CDE Almer\u00eda - Centro de Documentaci\u00f3n Europea - Universidad de Almer\u00eda","isPartOf":{"@id":"https:\/\/www.cde.ual.es\/#website"},"primaryImageOfPage":{"@id":"https:\/\/www.cde.ual.es\/en\/conference-on-the-future-of-europe-second-plenary-session-concludes\/#primaryimage"},"image":{"@id":"https:\/\/www.cde.ual.es\/en\/conference-on-the-future-of-europe-second-plenary-session-concludes\/#primaryimage"},"thumbnailUrl":"https:\/\/www.cde.ual.es\/wp-content\/uploads\/2021\/04\/Conferencia-sobre-el-futuro-de-Europa.png","datePublished":"2021-10-27T01:00:38+00:00","breadcrumb":{"@id":"https:\/\/www.cde.ual.es\/en\/conference-on-the-future-of-europe-second-plenary-session-concludes\/#breadcrumb"},"inLanguage":"en-US","potentialAction":[{"@type":"ReadAction","target":["https:\/\/www.cde.ual.es\/en\/conference-on-the-future-of-europe-second-plenary-session-concludes\/"]}]},{"@type":"ImageObject","inLanguage":"en-US","@id":"https:\/\/www.cde.ual.es\/en\/conference-on-the-future-of-europe-second-plenary-session-concludes\/#primaryimage","url":"https:\/\/www.cde.ual.es\/wp-content\/uploads\/2021\/04\/Conferencia-sobre-el-futuro-de-Europa.png","contentUrl":"https:\/\/www.cde.ual.es\/wp-content\/uploads\/2021\/04\/Conferencia-sobre-el-futuro-de-Europa.png","width":1101,"height":752},{"@type":"BreadcrumbList","@id":"https:\/\/www.cde.ual.es\/en\/conference-on-the-future-of-europe-second-plenary-session-concludes\/#breadcrumb","itemListElement":[{"@type":"ListItem","position":1,"name":"Inicio","item":"https:\/\/www.cde.ual.es\/en\/"},{"@type":"ListItem","position":2,"name":"EU News","item":"https:\/\/www.cde.ual.es\/en\/category\/eu-news\/"},{"@type":"ListItem","position":3,"name":"Institutional Affairs","item":"https:\/\/www.cde.ual.es\/en\/category\/eu-news\/institutional\/"},{"@type":"ListItem","position":4,"name":"Conference on the Future of Europe: second Plenary session concludes"}]},{"@type":"WebSite","@id":"https:\/\/www.cde.ual.es\/#website","url":"https:\/\/www.cde.ual.es\/","name":"CDE Almer\u00eda - Centro de Documentaci\u00f3n Europea - Universidad de Almer\u00eda","description":"Centro de Documentaci\u00f3n Europea de la Universidad de Almer\u00eda","publisher":{"@id":"https:\/\/www.cde.ual.es\/#organization"},"alternateName":"CDE Almer\u00eda","potentialAction":[{"@type":"SearchAction","target":{"@type":"EntryPoint","urlTemplate":"https:\/\/www.cde.ual.es\/?s={search_term_string}"},"query-input":{"@type":"PropertyValueSpecification","valueRequired":true,"valueName":"search_term_string"}}],"inLanguage":"en-US"},{"@type":"Organization","@id":"https:\/\/www.cde.ual.es\/#organization","name":"Centro de Documentaci\u00f3n Europea de Almer\u00eda","url":"https:\/\/www.cde.ual.es\/","logo":{"@type":"ImageObject","inLanguage":"en-US","@id":"https:\/\/www.cde.ual.es\/#\/schema\/logo\/image\/","url":"https:\/\/www.cde.ual.es\/wp-content\/uploads\/2025\/07\/cde-logo-3.png","contentUrl":"https:\/\/www.cde.ual.es\/wp-content\/uploads\/2025\/07\/cde-logo-3.png","width":1400,"height":300,"caption":"Centro de Documentaci\u00f3n Europea de Almer\u00eda"},"image":{"@id":"https:\/\/www.cde.ual.es\/#\/schema\/logo\/image\/"},"sameAs":["https:\/\/www.facebook.com\/cdeuniversidadalmeria\/","https:\/\/x.com\/cdeualmeria","https:\/\/www.tiktok.com\/@cdealmeria","https:\/\/www.instagram.com\/cdealmeria\/","https:\/\/www.linkedin.com\/in\/cde-almera-812b26a9\/"]},{"@type":"Person","@id":"https:\/\/www.cde.ual.es\/#\/schema\/person\/ee46ebc19edfa19598c02cff83335acc","name":"BECA 2 CDE","image":{"@type":"ImageObject","inLanguage":"en-US","@id":"https:\/\/secure.gravatar.com\/avatar\/35a481bbc04bbd90e91bdfa3b0b5541036c222a49b9ad37b6889a2afcb5311a5?s=96&d=mm&r=g","url":"https:\/\/secure.gravatar.com\/avatar\/35a481bbc04bbd90e91bdfa3b0b5541036c222a49b9ad37b6889a2afcb5311a5?s=96&d=mm&r=g","contentUrl":"https:\/\/secure.gravatar.com\/avatar\/35a481bbc04bbd90e91bdfa3b0b5541036c222a49b9ad37b6889a2afcb5311a5?s=96&d=mm&r=g","caption":"BECA 2 CDE"},"sameAs":["http:\/\/www.cdealmeria.com"]}]}},"_links":{"self":[{"href":"https:\/\/www.cde.ual.es\/en\/wp-json\/wp\/v2\/posts\/83729","targetHints":{"allow":["GET"]}}],"collection":[{"href":"https:\/\/www.cde.ual.es\/en\/wp-json\/wp\/v2\/posts"}],"about":[{"href":"https:\/\/www.cde.ual.es\/en\/wp-json\/wp\/v2\/types\/post"}],"author":[{"embeddable":true,"href":"https:\/\/www.cde.ual.es\/en\/wp-json\/wp\/v2\/users\/101011"}],"replies":[{"embeddable":true,"href":"https:\/\/www.cde.ual.es\/en\/wp-json\/wp\/v2\/comments?post=83729"}],"version-history":[{"count":0,"href":"https:\/\/www.cde.ual.es\/en\/wp-json\/wp\/v2\/posts\/83729\/revisions"}],"wp:featuredmedia":[{"embeddable":true,"href":"https:\/\/www.cde.ual.es\/en\/wp-json\/wp\/v2\/media\/67822"}],"wp:attachment":[{"href":"https:\/\/www.cde.ual.es\/en\/wp-json\/wp\/v2\/media?parent=83729"}],"wp:term":[{"taxonomy":"category","embeddable":true,"href":"https:\/\/www.cde.ual.es\/en\/wp-json\/wp\/v2\/categories?post=83729"},{"taxonomy":"post_tag","embeddable":true,"href":"https:\/\/www.cde.ual.es\/en\/wp-json\/wp\/v2\/tags?post=83729"}],"curies":[{"name":"wp","href":"https:\/\/api.w.org\/{rel}","templated":true}]}}