{"id":8357,"date":"2018-09-17T09:26:44","date_gmt":"2018-09-17T07:26:44","guid":{"rendered":"http:\/\/www.cde.ual.es\/?p=8357"},"modified":"2018-09-17T09:26:44","modified_gmt":"2018-09-17T07:26:44","slug":"diez-anos-tras-la-caida-de-lehman-brothers-revision-de-las-politicas-financieras-de-la-ue","status":"publish","type":"post","link":"https:\/\/www.cde.ual.es\/en\/diez-anos-tras-la-caida-de-lehman-brothers-revision-de-las-politicas-financieras-de-la-ue\/","title":{"rendered":"Diez a\u00f1os tras la ca\u00edda de Lehman Brothers: revisi\u00f3n de las pol\u00edticas financieras de la UE"},"content":{"rendered":"<p><a href=\"http:\/\/www.cde.ual.es\/wp-content\/uploads\/2018\/09\/Lehman-Brothers.png\"><img decoding=\"async\" class=\"size-medium wp-image-8358 aligncenter\" src=\"http:\/\/www.cde.ual.es\/wp-content\/uploads\/2018\/09\/Lehman-Brothers-300x201.png\" alt=\"\" width=\"300\" height=\"201\" srcset=\"https:\/\/www.cde.ual.es\/wp-content\/uploads\/2018\/09\/Lehman-Brothers-300x201.png 300w, https:\/\/www.cde.ual.es\/wp-content\/uploads\/2018\/09\/Lehman-Brothers.png 757w\" sizes=\"(max-width: 300px) 100vw, 300px\" \/><\/a><\/p>\n<p><em><strong>Esa crisis mundial llev\u00f3 a la UE a emprender medidas para contener su efecto que modificaron ampliamente la gobernanza econ\u00f3mica.<\/strong><\/em><\/p>\n<h3>Una d\u00e9cada de cambios<\/h3>\n<p>En Europa, se convirti\u00f3 en una crisis de deuda bancaria y soberana, y muchos gobiernos consideraron necesario introducir medidas de austeridad, como aumentar los impuestos y recortar los gastos para reducir los d\u00e9ficits.<\/p>\n<p>La UE cay\u00f3 en la peor recesi\u00f3n de su historia. La deuda p\u00fablica de la zona del euro en 2017 super\u00f3 en m\u00e1s de 20 puntos porcentuales a la de 2007. En el mismo per\u00edodo, la deuda griega alcanz\u00f3 el 178,6% del PIB desde un 103,1%,. En Espa\u00f1a, aument\u00f3 al 98,3% desde un 35,6%, y en Italia alcanz\u00f3 el 131,8 %, desde el 99,8%, seg\u00fan datos de la oficina comunitaria de estad\u00edstica, <a href=\"https:\/\/ec.europa.eu\/eurostat\/tgm\/table.do?tab=table&amp;init=1&amp;language=en&amp;pcode=teina225&amp;plugin=1\">Eurostat<\/a>.<\/p>\n<p>Como respuesta, las instituciones de la UE y los Estados miembros tomaron algunas medidas importantes para contener la crisis y preservar la integridad de la zona del euro.<\/p>\n<h3>La uni\u00f3n bancaria<\/h3>\n<p>Una de las iniciativas que surgieron de la crisis fue, por ejemplo, la creaci\u00f3n de una <a href=\"http:\/\/www.consilium.europa.eu\/es\/policies\/banking-union\/\">uni\u00f3n bancaria<\/a> basada en tres pilares: la supervisi\u00f3n de los mayores bancos europeos por parte del Banco Central Europeo, un r\u00e9gimen de resoluci\u00f3n \u00fanica para bancos con problemas y un sistema de garant\u00eda de dep\u00f3sitos.<\/p>\n<p>Su objetivo es garantizar que el sector bancario en la zona del euro y la UE en su conjunto sea seguro y fiable y que la resoluci\u00f3n de los bancos no viables se lleve a cabo sin recurrir al dinero de los contribuyentes y con unas repercusiones m\u00ednimas para la econom\u00eda real. Al mismo tiempo, los dep\u00f3sitos individuales de hasta 100.00 euros quedan protegidos.<\/p>\n<h3>Semestre europeo<\/h3>\n<p>La UE tambi\u00e9n cre\u00f3 el <a href=\"https:\/\/ec.europa.eu\/info\/business-economy-euro\/economic-and-fiscal-policy-coordination\/eu-economic-governance-monitoring-prevention-correction\/european-semester_es\">Semestre Europeo<\/a> para debatir y coordinar las pol\u00edticas econ\u00f3micas a nivel nacional y de la UE, garantizar una supervisi\u00f3n m\u00e1s estrecha de los presupuestos nacionales y prestar mayor atenci\u00f3n a los niveles de deuda.<\/p>\n<h3>El plan de inversiones Juncker<\/h3>\n<p>El <a href=\"https:\/\/ec.europa.eu\/commission\/priorities\/jobs-growth-and-investment\/investment-plan-europe-juncker-plan_es\">Plan de Inversiones para Europa<\/a>, tambi\u00e9n denominado &#8220;Plan Juncker&#8221;, se estableci\u00f3 para aumentar la cantidad de inversi\u00f3n en la UE, que se <a href=\"https:\/\/ec.europa.eu\/commission\/sites\/beta-political\/files\/factsheet1-why_en.pdf\">redujo dr\u00e1sticamente durante la crisis<\/a> debido a la baja confianza de los inversores. Su principal cometido es eliminar los obst\u00e1culos y barreras a la inversi\u00f3n.<\/p>\n<h3>Uni\u00f3n de Mercados de Capitales<\/h3>\n<p>La<a href=\"http:\/\/www.consilium.europa.eu\/es\/policies\/capital-markets-union\/\"> Uni\u00f3n de Mercados de Capitales<\/a> fue otra de las medidas adoptadas, en este caso con el objetivo de profundizar e integrar en mayor medida los mercados de capitales de los 28 Estados miembros de la UE. Las empresas, especialmente las pymes, tendr\u00edan nuevas fuentes de financiaci\u00f3n y podr\u00edan reducir el coste de la obtenci\u00f3n de capital.<\/p>\n<h3>Desempleo a\u00fan elevado en Grecia, Espa\u00f1a e Italia<\/h3>\n<p>La uni\u00f3n bancaria fue \u201cuna gran mejora\u201d, en opini\u00f3n del presidente de la comisi\u00f3n de Presupuesto del Parlamento Europeo, el eurodiputado Jean Arthuis. Sin embargo, el dem\u00f3crata liberal franc\u00e9s considera tambi\u00e9n que la gobernanza de la zona del euro a\u00fan no est\u00e1 a la altura de los desaf\u00edos econ\u00f3micos y sociales: &#8220;Una pol\u00edtica monetaria \u00fanica requiere una pol\u00edtica econ\u00f3mica que trascienda los ego\u00edsmos nacionales&#8221;.<\/p>\n<p>Adem\u00e1s, algunos pa\u00edses de la UE siguen teniendo niveles elevados de desempleo. Grecia, por ejemplo, ha logrado salir de su programa de ayuda econ\u00f3mica, pero su nivel de paro sigue siendo del 19,5% y del 39,7% para los j\u00f3venes (cifras de mayo de 2018), seg\u00fan <a href=\"https:\/\/ec.europa.eu\/eurostat\/documents\/2995521\/9105310\/3-31082018-AP-EN.pdf\/772f2449-74be-415d-b4b0-351f31982720\">Eurostat<\/a>.<\/p>\n<p>Espa\u00f1a e Italia presentan, despu\u00e9s de Grecia, los niveles de desempleo m\u00e1s elevados de la UE. La tasa de paro se situ\u00f3, en julio de 2018, en el 15,1% y la de desempleo juvenil, 33,4%. Italia registr\u00f3 un 10,4% y un 30,8%, respectivamente, tambi\u00e9n seg\u00fan los datos de Eurostat.<\/p>\n<h3>M\u00e1s informaci\u00f3n<\/h3>\n<p><a href=\"http:\/\/europa.eu\/rapid\/press-release_IP-17-2401_es.htm\">Diez a\u00f1os despu\u00e9s del comienzo de la crisis: vuelta a la recuperaci\u00f3n gracias a la intervenci\u00f3n decisiva de la UE (comunicado de prensa de la Comisi\u00f3n Europea)<\/a><\/p>\n","protected":false},"excerpt":{"rendered":"<p>Esa crisis mundial llev\u00f3 a la UE a emprender medidas para contener su efecto que modificaron ampliamente la gobernanza econ\u00f3mica. Una d\u00e9cada de cambios En Europa, se convirti\u00f3 en una crisis de deuda bancaria y soberana, y muchos gobiernos consideraron necesario introducir medidas de austeridad, como aumentar los impuestos y recortar los gastos para reducir [&hellip;]<\/p>\n","protected":false},"author":1,"featured_media":8358,"comment_status":"open","ping_status":"open","sticky":false,"template":"","format":"standard","meta":{"_acf_changed":false,"_relevanssi_hide_post":"","_relevanssi_hide_content":"","_relevanssi_pin_for_all":"","_relevanssi_pin_keywords":"","_relevanssi_unpin_keywords":"","_relevanssi_related_keywords":"","_relevanssi_related_include_ids":"","_relevanssi_related_exclude_ids":"","_relevanssi_related_no_append":"","_relevanssi_related_not_related":"","_relevanssi_related_posts":"","_relevanssi_noindex_reason":"","_monsterinsights_skip_tracking":false,"_monsterinsights_sitenote_active":false,"_monsterinsights_sitenote_note":"","_monsterinsights_sitenote_category":0,"_genesis_hide_title":false,"_genesis_hide_breadcrumbs":false,"_genesis_hide_singular_image":false,"_genesis_hide_footer_widgets":false,"_genesis_custom_body_class":"","_genesis_custom_post_class":"","_genesis_layout":"","footnotes":""},"categories":[96],"tags":[126,135],"class_list":{"0":"post-8357","1":"post","2":"type-post","3":"status-publish","4":"format-standard","5":"has-post-thumbnail","7":"category-noticias-ue","8":"tag-competitividad-empresa","9":"tag-union-europea","10":"entry"},"acf":[],"yoast_head":"<!-- This site is optimized with the Yoast SEO plugin v27.4 - https:\/\/yoast.com\/product\/yoast-seo-wordpress\/ -->\n<title>Diez a\u00f1os tras la ca\u00edda de Lehman Brothers: revisi\u00f3n de las pol\u00edticas financieras de la UE | CDE Almer\u00eda - Centro de Documentaci\u00f3n Europea - Universidad de Almer\u00eda<\/title>\n<meta name=\"robots\" content=\"index, follow, max-snippet:-1, max-image-preview:large, max-video-preview:-1\" \/>\n<link rel=\"canonical\" href=\"https:\/\/www.cde.ual.es\/diez-anos-tras-la-caida-de-lehman-brothers-revision-de-las-politicas-financieras-de-la-ue\/\" \/>\n<meta property=\"og:locale\" content=\"en_US\" \/>\n<meta property=\"og:type\" content=\"article\" \/>\n<meta property=\"og:title\" content=\"Diez a\u00f1os tras la ca\u00edda de Lehman Brothers: revisi\u00f3n de las pol\u00edticas financieras de la UE | CDE Almer\u00eda - Centro de Documentaci\u00f3n Europea - Universidad de Almer\u00eda\" \/>\n<meta property=\"og:description\" content=\"Esa crisis mundial llev\u00f3 a la UE a emprender medidas para contener su efecto que modificaron ampliamente la gobernanza econ\u00f3mica. Una d\u00e9cada de cambios En Europa, se convirti\u00f3 en una crisis de deuda bancaria y soberana, y muchos gobiernos consideraron necesario introducir medidas de austeridad, como aumentar los impuestos y recortar los gastos para reducir [&hellip;]\" \/>\n<meta property=\"og:url\" content=\"https:\/\/www.cde.ual.es\/diez-anos-tras-la-caida-de-lehman-brothers-revision-de-las-politicas-financieras-de-la-ue\/\" \/>\n<meta property=\"og:site_name\" content=\"CDE Almer\u00eda - Centro de Documentaci\u00f3n Europea - Universidad de Almer\u00eda\" \/>\n<meta property=\"article:publisher\" content=\"https:\/\/www.facebook.com\/cdeuniversidadalmeria\/\" \/>\n<meta property=\"article:published_time\" content=\"2018-09-17T07:26:44+00:00\" \/>\n<meta property=\"og:image\" content=\"https:\/\/www.cde.ual.es\/wp-content\/uploads\/2018\/09\/Lehman-Brothers.png\" \/>\n\t<meta property=\"og:image:width\" content=\"757\" \/>\n\t<meta property=\"og:image:height\" content=\"507\" \/>\n\t<meta property=\"og:image:type\" content=\"image\/png\" \/>\n<meta name=\"author\" content=\"AdminCDE\" \/>\n<meta name=\"twitter:card\" content=\"summary_large_image\" \/>\n<meta name=\"twitter:creator\" content=\"@cdeualmeria\" \/>\n<meta name=\"twitter:site\" content=\"@cdeualmeria\" \/>\n<meta name=\"twitter:label1\" content=\"Written by\" \/>\n\t<meta name=\"twitter:data1\" content=\"AdminCDE\" \/>\n\t<meta name=\"twitter:label2\" content=\"Est. reading time\" \/>\n\t<meta name=\"twitter:data2\" content=\"3 minutes\" \/>\n<script type=\"application\/ld+json\" class=\"yoast-schema-graph\">{\"@context\":\"https:\\\/\\\/schema.org\",\"@graph\":[{\"@type\":\"Article\",\"@id\":\"https:\\\/\\\/www.cde.ual.es\\\/diez-anos-tras-la-caida-de-lehman-brothers-revision-de-las-politicas-financieras-de-la-ue\\\/#article\",\"isPartOf\":{\"@id\":\"https:\\\/\\\/www.cde.ual.es\\\/diez-anos-tras-la-caida-de-lehman-brothers-revision-de-las-politicas-financieras-de-la-ue\\\/\"},\"author\":{\"name\":\"AdminCDE\",\"@id\":\"https:\\\/\\\/www.cde.ual.es\\\/#\\\/schema\\\/person\\\/224ef08c8bcc005f319d2713ce37ee5f\"},\"headline\":\"Diez a\u00f1os tras la ca\u00edda de Lehman Brothers: revisi\u00f3n de las pol\u00edticas financieras de la UE\",\"datePublished\":\"2018-09-17T07:26:44+00:00\",\"mainEntityOfPage\":{\"@id\":\"https:\\\/\\\/www.cde.ual.es\\\/diez-anos-tras-la-caida-de-lehman-brothers-revision-de-las-politicas-financieras-de-la-ue\\\/\"},\"wordCount\":699,\"commentCount\":0,\"publisher\":{\"@id\":\"https:\\\/\\\/www.cde.ual.es\\\/#organization\"},\"image\":{\"@id\":\"https:\\\/\\\/www.cde.ual.es\\\/diez-anos-tras-la-caida-de-lehman-brothers-revision-de-las-politicas-financieras-de-la-ue\\\/#primaryimage\"},\"thumbnailUrl\":\"https:\\\/\\\/www.cde.ual.es\\\/wp-content\\\/uploads\\\/2018\\\/09\\\/Lehman-Brothers.png\",\"keywords\":[\"Mercado en la Uni\u00f3n Europea\",\"Uni\u00f3n Europea\"],\"articleSection\":[\"Noticias UE\"],\"inLanguage\":\"en-US\",\"potentialAction\":[{\"@type\":\"CommentAction\",\"name\":\"Comment\",\"target\":[\"https:\\\/\\\/www.cde.ual.es\\\/diez-anos-tras-la-caida-de-lehman-brothers-revision-de-las-politicas-financieras-de-la-ue\\\/#respond\"]}]},{\"@type\":\"WebPage\",\"@id\":\"https:\\\/\\\/www.cde.ual.es\\\/diez-anos-tras-la-caida-de-lehman-brothers-revision-de-las-politicas-financieras-de-la-ue\\\/\",\"url\":\"https:\\\/\\\/www.cde.ual.es\\\/diez-anos-tras-la-caida-de-lehman-brothers-revision-de-las-politicas-financieras-de-la-ue\\\/\",\"name\":\"Diez a\u00f1os tras la ca\u00edda de Lehman Brothers: revisi\u00f3n de las pol\u00edticas financieras de la UE | CDE Almer\u00eda - Centro de Documentaci\u00f3n Europea - Universidad de Almer\u00eda\",\"isPartOf\":{\"@id\":\"https:\\\/\\\/www.cde.ual.es\\\/#website\"},\"primaryImageOfPage\":{\"@id\":\"https:\\\/\\\/www.cde.ual.es\\\/diez-anos-tras-la-caida-de-lehman-brothers-revision-de-las-politicas-financieras-de-la-ue\\\/#primaryimage\"},\"image\":{\"@id\":\"https:\\\/\\\/www.cde.ual.es\\\/diez-anos-tras-la-caida-de-lehman-brothers-revision-de-las-politicas-financieras-de-la-ue\\\/#primaryimage\"},\"thumbnailUrl\":\"https:\\\/\\\/www.cde.ual.es\\\/wp-content\\\/uploads\\\/2018\\\/09\\\/Lehman-Brothers.png\",\"datePublished\":\"2018-09-17T07:26:44+00:00\",\"breadcrumb\":{\"@id\":\"https:\\\/\\\/www.cde.ual.es\\\/diez-anos-tras-la-caida-de-lehman-brothers-revision-de-las-politicas-financieras-de-la-ue\\\/#breadcrumb\"},\"inLanguage\":\"en-US\",\"potentialAction\":[{\"@type\":\"ReadAction\",\"target\":[\"https:\\\/\\\/www.cde.ual.es\\\/diez-anos-tras-la-caida-de-lehman-brothers-revision-de-las-politicas-financieras-de-la-ue\\\/\"]}]},{\"@type\":\"ImageObject\",\"inLanguage\":\"en-US\",\"@id\":\"https:\\\/\\\/www.cde.ual.es\\\/diez-anos-tras-la-caida-de-lehman-brothers-revision-de-las-politicas-financieras-de-la-ue\\\/#primaryimage\",\"url\":\"https:\\\/\\\/www.cde.ual.es\\\/wp-content\\\/uploads\\\/2018\\\/09\\\/Lehman-Brothers.png\",\"contentUrl\":\"https:\\\/\\\/www.cde.ual.es\\\/wp-content\\\/uploads\\\/2018\\\/09\\\/Lehman-Brothers.png\",\"width\":757,\"height\":507},{\"@type\":\"BreadcrumbList\",\"@id\":\"https:\\\/\\\/www.cde.ual.es\\\/diez-anos-tras-la-caida-de-lehman-brothers-revision-de-las-politicas-financieras-de-la-ue\\\/#breadcrumb\",\"itemListElement\":[{\"@type\":\"ListItem\",\"position\":1,\"name\":\"Inicio\",\"item\":\"https:\\\/\\\/www.cde.ual.es\\\/en\\\/\"},{\"@type\":\"ListItem\",\"position\":2,\"name\":\"Noticias UE\",\"item\":\"https:\\\/\\\/www.cde.ual.es\\\/category\\\/noticias-ue\\\/\"},{\"@type\":\"ListItem\",\"position\":3,\"name\":\"Diez a\u00f1os tras la ca\u00edda de Lehman Brothers: revisi\u00f3n de las pol\u00edticas financieras de la UE\"}]},{\"@type\":\"WebSite\",\"@id\":\"https:\\\/\\\/www.cde.ual.es\\\/#website\",\"url\":\"https:\\\/\\\/www.cde.ual.es\\\/\",\"name\":\"CDE Almer\u00eda - Centro de Documentaci\u00f3n Europea - Universidad de Almer\u00eda\",\"description\":\"Centro de Documentaci\u00f3n Europea de la Universidad de Almer\u00eda\",\"publisher\":{\"@id\":\"https:\\\/\\\/www.cde.ual.es\\\/#organization\"},\"alternateName\":\"CDE Almer\u00eda\",\"potentialAction\":[{\"@type\":\"SearchAction\",\"target\":{\"@type\":\"EntryPoint\",\"urlTemplate\":\"https:\\\/\\\/www.cde.ual.es\\\/?s={search_term_string}\"},\"query-input\":{\"@type\":\"PropertyValueSpecification\",\"valueRequired\":true,\"valueName\":\"search_term_string\"}}],\"inLanguage\":\"en-US\"},{\"@type\":\"Organization\",\"@id\":\"https:\\\/\\\/www.cde.ual.es\\\/#organization\",\"name\":\"Centro de Documentaci\u00f3n Europea de Almer\u00eda\",\"url\":\"https:\\\/\\\/www.cde.ual.es\\\/\",\"logo\":{\"@type\":\"ImageObject\",\"inLanguage\":\"en-US\",\"@id\":\"https:\\\/\\\/www.cde.ual.es\\\/#\\\/schema\\\/logo\\\/image\\\/\",\"url\":\"https:\\\/\\\/www.cde.ual.es\\\/wp-content\\\/uploads\\\/2025\\\/07\\\/cde-logo-3.png\",\"contentUrl\":\"https:\\\/\\\/www.cde.ual.es\\\/wp-content\\\/uploads\\\/2025\\\/07\\\/cde-logo-3.png\",\"width\":1400,\"height\":300,\"caption\":\"Centro de Documentaci\u00f3n Europea de Almer\u00eda\"},\"image\":{\"@id\":\"https:\\\/\\\/www.cde.ual.es\\\/#\\\/schema\\\/logo\\\/image\\\/\"},\"sameAs\":[\"https:\\\/\\\/www.facebook.com\\\/cdeuniversidadalmeria\\\/\",\"https:\\\/\\\/x.com\\\/cdeualmeria\",\"https:\\\/\\\/www.tiktok.com\\\/@cdealmeria\",\"https:\\\/\\\/www.instagram.com\\\/cdealmeria\\\/\",\"https:\\\/\\\/www.linkedin.com\\\/in\\\/cde-almera-812b26a9\\\/\"]},{\"@type\":\"Person\",\"@id\":\"https:\\\/\\\/www.cde.ual.es\\\/#\\\/schema\\\/person\\\/224ef08c8bcc005f319d2713ce37ee5f\",\"name\":\"AdminCDE\",\"image\":{\"@type\":\"ImageObject\",\"inLanguage\":\"en-US\",\"@id\":\"https:\\\/\\\/secure.gravatar.com\\\/avatar\\\/a72d038d371f995cd13706fac32274b7952a52e8fb0a84b5f80c85426f2a98a8?s=96&d=mm&r=g\",\"url\":\"https:\\\/\\\/secure.gravatar.com\\\/avatar\\\/a72d038d371f995cd13706fac32274b7952a52e8fb0a84b5f80c85426f2a98a8?s=96&d=mm&r=g\",\"contentUrl\":\"https:\\\/\\\/secure.gravatar.com\\\/avatar\\\/a72d038d371f995cd13706fac32274b7952a52e8fb0a84b5f80c85426f2a98a8?s=96&d=mm&r=g\",\"caption\":\"AdminCDE\"}}]}<\/script>\n<!-- \/ Yoast SEO plugin. -->","yoast_head_json":{"title":"Diez a\u00f1os tras la ca\u00edda de Lehman Brothers: revisi\u00f3n de las pol\u00edticas financieras de la UE | CDE Almer\u00eda - Centro de Documentaci\u00f3n Europea - Universidad de Almer\u00eda","robots":{"index":"index","follow":"follow","max-snippet":"max-snippet:-1","max-image-preview":"max-image-preview:large","max-video-preview":"max-video-preview:-1"},"canonical":"https:\/\/www.cde.ual.es\/diez-anos-tras-la-caida-de-lehman-brothers-revision-de-las-politicas-financieras-de-la-ue\/","og_locale":"en_US","og_type":"article","og_title":"Diez a\u00f1os tras la ca\u00edda de Lehman Brothers: revisi\u00f3n de las pol\u00edticas financieras de la UE | CDE Almer\u00eda - Centro de Documentaci\u00f3n Europea - Universidad de Almer\u00eda","og_description":"Esa crisis mundial llev\u00f3 a la UE a emprender medidas para contener su efecto que modificaron ampliamente la gobernanza econ\u00f3mica. Una d\u00e9cada de cambios En Europa, se convirti\u00f3 en una crisis de deuda bancaria y soberana, y muchos gobiernos consideraron necesario introducir medidas de austeridad, como aumentar los impuestos y recortar los gastos para reducir [&hellip;]","og_url":"https:\/\/www.cde.ual.es\/diez-anos-tras-la-caida-de-lehman-brothers-revision-de-las-politicas-financieras-de-la-ue\/","og_site_name":"CDE Almer\u00eda - Centro de Documentaci\u00f3n Europea - Universidad de Almer\u00eda","article_publisher":"https:\/\/www.facebook.com\/cdeuniversidadalmeria\/","article_published_time":"2018-09-17T07:26:44+00:00","og_image":[{"width":757,"height":507,"url":"https:\/\/www.cde.ual.es\/wp-content\/uploads\/2018\/09\/Lehman-Brothers.png","type":"image\/png"}],"author":"AdminCDE","twitter_card":"summary_large_image","twitter_creator":"@cdeualmeria","twitter_site":"@cdeualmeria","twitter_misc":{"Written by":"AdminCDE","Est. reading time":"3 minutes"},"schema":{"@context":"https:\/\/schema.org","@graph":[{"@type":"Article","@id":"https:\/\/www.cde.ual.es\/diez-anos-tras-la-caida-de-lehman-brothers-revision-de-las-politicas-financieras-de-la-ue\/#article","isPartOf":{"@id":"https:\/\/www.cde.ual.es\/diez-anos-tras-la-caida-de-lehman-brothers-revision-de-las-politicas-financieras-de-la-ue\/"},"author":{"name":"AdminCDE","@id":"https:\/\/www.cde.ual.es\/#\/schema\/person\/224ef08c8bcc005f319d2713ce37ee5f"},"headline":"Diez a\u00f1os tras la ca\u00edda de Lehman Brothers: revisi\u00f3n de las pol\u00edticas financieras de la UE","datePublished":"2018-09-17T07:26:44+00:00","mainEntityOfPage":{"@id":"https:\/\/www.cde.ual.es\/diez-anos-tras-la-caida-de-lehman-brothers-revision-de-las-politicas-financieras-de-la-ue\/"},"wordCount":699,"commentCount":0,"publisher":{"@id":"https:\/\/www.cde.ual.es\/#organization"},"image":{"@id":"https:\/\/www.cde.ual.es\/diez-anos-tras-la-caida-de-lehman-brothers-revision-de-las-politicas-financieras-de-la-ue\/#primaryimage"},"thumbnailUrl":"https:\/\/www.cde.ual.es\/wp-content\/uploads\/2018\/09\/Lehman-Brothers.png","keywords":["Mercado en la Uni\u00f3n Europea","Uni\u00f3n Europea"],"articleSection":["Noticias UE"],"inLanguage":"en-US","potentialAction":[{"@type":"CommentAction","name":"Comment","target":["https:\/\/www.cde.ual.es\/diez-anos-tras-la-caida-de-lehman-brothers-revision-de-las-politicas-financieras-de-la-ue\/#respond"]}]},{"@type":"WebPage","@id":"https:\/\/www.cde.ual.es\/diez-anos-tras-la-caida-de-lehman-brothers-revision-de-las-politicas-financieras-de-la-ue\/","url":"https:\/\/www.cde.ual.es\/diez-anos-tras-la-caida-de-lehman-brothers-revision-de-las-politicas-financieras-de-la-ue\/","name":"Diez a\u00f1os tras la ca\u00edda de Lehman Brothers: revisi\u00f3n de las pol\u00edticas financieras de la UE | CDE Almer\u00eda - Centro de Documentaci\u00f3n Europea - Universidad de Almer\u00eda","isPartOf":{"@id":"https:\/\/www.cde.ual.es\/#website"},"primaryImageOfPage":{"@id":"https:\/\/www.cde.ual.es\/diez-anos-tras-la-caida-de-lehman-brothers-revision-de-las-politicas-financieras-de-la-ue\/#primaryimage"},"image":{"@id":"https:\/\/www.cde.ual.es\/diez-anos-tras-la-caida-de-lehman-brothers-revision-de-las-politicas-financieras-de-la-ue\/#primaryimage"},"thumbnailUrl":"https:\/\/www.cde.ual.es\/wp-content\/uploads\/2018\/09\/Lehman-Brothers.png","datePublished":"2018-09-17T07:26:44+00:00","breadcrumb":{"@id":"https:\/\/www.cde.ual.es\/diez-anos-tras-la-caida-de-lehman-brothers-revision-de-las-politicas-financieras-de-la-ue\/#breadcrumb"},"inLanguage":"en-US","potentialAction":[{"@type":"ReadAction","target":["https:\/\/www.cde.ual.es\/diez-anos-tras-la-caida-de-lehman-brothers-revision-de-las-politicas-financieras-de-la-ue\/"]}]},{"@type":"ImageObject","inLanguage":"en-US","@id":"https:\/\/www.cde.ual.es\/diez-anos-tras-la-caida-de-lehman-brothers-revision-de-las-politicas-financieras-de-la-ue\/#primaryimage","url":"https:\/\/www.cde.ual.es\/wp-content\/uploads\/2018\/09\/Lehman-Brothers.png","contentUrl":"https:\/\/www.cde.ual.es\/wp-content\/uploads\/2018\/09\/Lehman-Brothers.png","width":757,"height":507},{"@type":"BreadcrumbList","@id":"https:\/\/www.cde.ual.es\/diez-anos-tras-la-caida-de-lehman-brothers-revision-de-las-politicas-financieras-de-la-ue\/#breadcrumb","itemListElement":[{"@type":"ListItem","position":1,"name":"Inicio","item":"https:\/\/www.cde.ual.es\/en\/"},{"@type":"ListItem","position":2,"name":"Noticias UE","item":"https:\/\/www.cde.ual.es\/category\/noticias-ue\/"},{"@type":"ListItem","position":3,"name":"Diez a\u00f1os tras la ca\u00edda de Lehman Brothers: revisi\u00f3n de las pol\u00edticas financieras de la UE"}]},{"@type":"WebSite","@id":"https:\/\/www.cde.ual.es\/#website","url":"https:\/\/www.cde.ual.es\/","name":"CDE Almer\u00eda - Centro de Documentaci\u00f3n Europea - Universidad de Almer\u00eda","description":"Centro de Documentaci\u00f3n Europea de la Universidad de Almer\u00eda","publisher":{"@id":"https:\/\/www.cde.ual.es\/#organization"},"alternateName":"CDE Almer\u00eda","potentialAction":[{"@type":"SearchAction","target":{"@type":"EntryPoint","urlTemplate":"https:\/\/www.cde.ual.es\/?s={search_term_string}"},"query-input":{"@type":"PropertyValueSpecification","valueRequired":true,"valueName":"search_term_string"}}],"inLanguage":"en-US"},{"@type":"Organization","@id":"https:\/\/www.cde.ual.es\/#organization","name":"Centro de Documentaci\u00f3n Europea de Almer\u00eda","url":"https:\/\/www.cde.ual.es\/","logo":{"@type":"ImageObject","inLanguage":"en-US","@id":"https:\/\/www.cde.ual.es\/#\/schema\/logo\/image\/","url":"https:\/\/www.cde.ual.es\/wp-content\/uploads\/2025\/07\/cde-logo-3.png","contentUrl":"https:\/\/www.cde.ual.es\/wp-content\/uploads\/2025\/07\/cde-logo-3.png","width":1400,"height":300,"caption":"Centro de Documentaci\u00f3n Europea de Almer\u00eda"},"image":{"@id":"https:\/\/www.cde.ual.es\/#\/schema\/logo\/image\/"},"sameAs":["https:\/\/www.facebook.com\/cdeuniversidadalmeria\/","https:\/\/x.com\/cdeualmeria","https:\/\/www.tiktok.com\/@cdealmeria","https:\/\/www.instagram.com\/cdealmeria\/","https:\/\/www.linkedin.com\/in\/cde-almera-812b26a9\/"]},{"@type":"Person","@id":"https:\/\/www.cde.ual.es\/#\/schema\/person\/224ef08c8bcc005f319d2713ce37ee5f","name":"AdminCDE","image":{"@type":"ImageObject","inLanguage":"en-US","@id":"https:\/\/secure.gravatar.com\/avatar\/a72d038d371f995cd13706fac32274b7952a52e8fb0a84b5f80c85426f2a98a8?s=96&d=mm&r=g","url":"https:\/\/secure.gravatar.com\/avatar\/a72d038d371f995cd13706fac32274b7952a52e8fb0a84b5f80c85426f2a98a8?s=96&d=mm&r=g","contentUrl":"https:\/\/secure.gravatar.com\/avatar\/a72d038d371f995cd13706fac32274b7952a52e8fb0a84b5f80c85426f2a98a8?s=96&d=mm&r=g","caption":"AdminCDE"}}]}},"_links":{"self":[{"href":"https:\/\/www.cde.ual.es\/en\/wp-json\/wp\/v2\/posts\/8357","targetHints":{"allow":["GET"]}}],"collection":[{"href":"https:\/\/www.cde.ual.es\/en\/wp-json\/wp\/v2\/posts"}],"about":[{"href":"https:\/\/www.cde.ual.es\/en\/wp-json\/wp\/v2\/types\/post"}],"author":[{"embeddable":true,"href":"https:\/\/www.cde.ual.es\/en\/wp-json\/wp\/v2\/users\/1"}],"replies":[{"embeddable":true,"href":"https:\/\/www.cde.ual.es\/en\/wp-json\/wp\/v2\/comments?post=8357"}],"version-history":[{"count":0,"href":"https:\/\/www.cde.ual.es\/en\/wp-json\/wp\/v2\/posts\/8357\/revisions"}],"wp:featuredmedia":[{"embeddable":true,"href":"https:\/\/www.cde.ual.es\/en\/wp-json\/wp\/v2\/media\/8358"}],"wp:attachment":[{"href":"https:\/\/www.cde.ual.es\/en\/wp-json\/wp\/v2\/media?parent=8357"}],"wp:term":[{"taxonomy":"category","embeddable":true,"href":"https:\/\/www.cde.ual.es\/en\/wp-json\/wp\/v2\/categories?post=8357"},{"taxonomy":"post_tag","embeddable":true,"href":"https:\/\/www.cde.ual.es\/en\/wp-json\/wp\/v2\/tags?post=8357"}],"curies":[{"name":"wp","href":"https:\/\/api.w.org\/{rel}","templated":true}]}}