{"id":8315,"date":"2018-09-14T10:18:36","date_gmt":"2018-09-14T08:18:36","guid":{"rendered":"http:\/\/www.cde.ual.es\/?p=8315"},"modified":"2018-09-14T10:18:36","modified_gmt":"2018-09-14T08:18:36","slug":"estado-de-la-union-2018-la-comision-propone-hoy-una-nueva-alianza-africa-europa-para-la-inversion-y-el-empleo-sostenibles","status":"publish","type":"post","link":"https:\/\/www.cde.ual.es\/en\/estado-de-la-union-2018-la-comision-propone-hoy-una-nueva-alianza-africa-europa-para-la-inversion-y-el-empleo-sostenibles\/","title":{"rendered":"Estado de la Uni\u00f3n 2018: La Comisi\u00f3n propone hoy una nueva \u00abAlianza \u00c1frica &#8211; Europa para la Inversi\u00f3n y el Empleo Sostenibles\u00bb."},"content":{"rendered":"<h3 style=\"text-align: center;\">Nueva Alianza \u00c1frica &#8211; Europa para la Inversi\u00f3n y el Empleo Sostenibles.<\/h3>\n<p><a href=\"http:\/\/www.cde.ual.es\/wp-content\/uploads\/2018\/09\/soteu_2018_reps_banner_editable_342x272_es.jpg\"><img decoding=\"async\" class=\"size-medium wp-image-8311 aligncenter\" src=\"http:\/\/www.cde.ual.es\/wp-content\/uploads\/2018\/09\/soteu_2018_reps_banner_editable_342x272_es-300x238.jpg\" alt=\"\" width=\"300\" height=\"238\" srcset=\"https:\/\/www.cde.ual.es\/wp-content\/uploads\/2018\/09\/soteu_2018_reps_banner_editable_342x272_es-300x238.jpg 300w, https:\/\/www.cde.ual.es\/wp-content\/uploads\/2018\/09\/soteu_2018_reps_banner_editable_342x272_es.jpg 456w\" sizes=\"(max-width: 300px) 100vw, 300px\" \/><\/a><\/p>\n<h5>La Alianza<\/h5>\n<p>Como parte de las propuestas del Presidente Juncker sobre el Estado de la Uni\u00f3n, la Comisi\u00f3n ha anunciado una nueva \u00abAlianza \u00c1frica &#8211; Europa para la Inversi\u00f3n y el Empleo Sostenibles\u00bb. El objetivo es promover un aumento sustancial de la inversi\u00f3n privada en \u00c1frica, impulsar el comercio, mejorar la creaci\u00f3n de empleo y contribuir a la sostenibilidad desarrollo inclusivo. La Comunicaci\u00f3n propone una &#8220;Alianza \u00c1frica &#8211; Europa para la Inversi\u00f3n y el Empleo Sostenibles&#8221; como parte de una Asociaci\u00f3n reforzada de la Uni\u00f3n Africana y la Uni\u00f3n Europea. Se organizar\u00e1n consultas con los socios africanos en los pr\u00f3ximos meses para definir conjuntamente las prioridades y tomar nuevas medidas.<\/p>\n<h5>Medidas propuestas<\/h5>\n<p>Algunas de las iniciativas incluyen: expandir los niveles de inversi\u00f3n a trav\u00e9s de subsidios y pr\u00e9stamos, combinaci\u00f3n y garant\u00edas; identificar nuevas cadenas de valor a trav\u00e9s de los Pactos de empleo y crecimiento, asegurando un v\u00ednculo con el <a href=\"https:\/\/www.compactwithafrica.org\/content\/compactwithafrica\/home.html\">G20 Compact con \u00c1frica;<\/a> apoyar el desarrollo de habilidades a nivel africano y nacional; desarrollar un di\u00e1logo y una cooperaci\u00f3n fortalecidos con los socios africanos en el clima de inversi\u00f3n, incluidas las reformas del clima de los negocios y las inversiones; reforzar el comercio entre la UE y \u00c1frica con la perspectiva a largo plazo de un acuerdo de libre comercio de continente a continente basado en acuerdos existentes; apoyo a la conectividad intra-africana y los v\u00ednculos estrat\u00e9gicos entre \u00c1frica y la UE.<\/p>\n<h5>Los fondos<\/h5>\n<p>Las iniciativas se respaldar\u00e1n con un paquete importante de recursos financieros en el Marco Financiero Plurianual actual. Adem\u00e1s, en el futuro, una vez adoptada, se prev\u00e9 un aumento de la financiaci\u00f3n externa total de 123 000 millones de euros para 2021-2027 (hasta en un 30%). Las asignaciones propuestas para \u00c1frica se incrementar\u00e1n por lo menos a \u20ac 32 mil millones en subvenciones para el \u00c1frica subsahariana y \u20ac 7,7 mil millones para el norte de \u00c1frica. Esto se complementar\u00e1 con la financiaci\u00f3n del pilar tem\u00e1tico, la respuesta r\u00e1pida y el &#8220;colch\u00f3n&#8221; del Instrumento de Vecindad, Desarrollo y Cooperaci\u00f3n Internacional con una asignaci\u00f3n propuesta de 89.200 millones de euros. Dentro de este instrumento, bas\u00e1ndose en el actual Fondo Europeo para el Desarrollo Sostenible, 60 000 millones de euros equipar\u00e1 a la UE para actuar globalmente con \u00c1frica como regi\u00f3n prioritaria.<\/p>\n<p>Adem\u00e1s, la Alta Representante con el apoyo de la Comisi\u00f3n tambi\u00e9n ha propuesto establecer el Mecanismo Europeo para la Paz por valor de 10.500 millones de euros para 2021-2027. Esta acci\u00f3n mejorar\u00e1 a\u00fan m\u00e1s nuestro trabajo con \u00c1frica para garantizar la paz, la seguridad y la estabilidad en todo el continente africano,crucial para el desarrollo econ\u00f3mico.<\/p>\n<p>&nbsp;<\/p>\n<h5>M\u00e1s informaci\u00f3n<\/h5>\n<p>Accede a la noticia completa <a href=\"http:\/\/europa.eu\/rapid\/press-release_MEMO-18-5705_en.htm\">aqu\u00ed<\/a><\/p>\n<p>P\u00e1gina web Estado de la Uni\u00f3n 2018<\/p>\n","protected":false},"excerpt":{"rendered":"<p>Nueva Alianza \u00c1frica &#8211; Europa para la Inversi\u00f3n y el Empleo Sostenibles. La Alianza Como parte de las propuestas del Presidente Juncker sobre el Estado de la Uni\u00f3n, la Comisi\u00f3n ha anunciado una nueva \u00abAlianza \u00c1frica &#8211; Europa para la Inversi\u00f3n y el Empleo Sostenibles\u00bb. El objetivo es promover un aumento sustancial de la inversi\u00f3n [&hellip;]<\/p>\n","protected":false},"author":101011,"featured_media":8311,"comment_status":"open","ping_status":"open","sticky":false,"template":"","format":"standard","meta":{"_acf_changed":false,"_relevanssi_hide_post":"","_relevanssi_hide_content":"","_relevanssi_pin_for_all":"","_relevanssi_pin_keywords":"","_relevanssi_unpin_keywords":"","_relevanssi_related_keywords":"","_relevanssi_related_include_ids":"","_relevanssi_related_exclude_ids":"","_relevanssi_related_no_append":"","_relevanssi_related_not_related":"","_relevanssi_related_posts":"","_relevanssi_noindex_reason":"","_monsterinsights_skip_tracking":false,"_monsterinsights_sitenote_active":false,"_monsterinsights_sitenote_note":"","_monsterinsights_sitenote_category":0,"_genesis_hide_title":false,"_genesis_hide_breadcrumbs":false,"_genesis_hide_singular_image":false,"_genesis_hide_footer_widgets":false,"_genesis_custom_body_class":"","_genesis_custom_post_class":"","_genesis_layout":"","footnotes":""},"categories":[96],"tags":[232,127,135],"class_list":{"0":"post-8315","1":"post","2":"type-post","3":"status-publish","4":"format-standard","5":"has-post-thumbnail","7":"category-noticias-ue","8":"tag-africa","9":"tag-cooperacion-internacional","10":"tag-union-europea","11":"entry"},"acf":[],"yoast_head":"<!-- This site is optimized with the Yoast SEO plugin v27.4 - https:\/\/yoast.com\/product\/yoast-seo-wordpress\/ -->\n<title>Estado de la Uni\u00f3n 2018: La Comisi\u00f3n propone hoy una nueva \u00abAlianza \u00c1frica - Europa para la Inversi\u00f3n y el Empleo Sostenibles\u00bb. | CDE Almer\u00eda - Centro de Documentaci\u00f3n Europea - Universidad de Almer\u00eda<\/title>\n<meta name=\"robots\" content=\"index, follow, max-snippet:-1, max-image-preview:large, max-video-preview:-1\" \/>\n<link rel=\"canonical\" href=\"https:\/\/www.cde.ual.es\/en\/estado-de-la-union-2018-la-comision-propone-hoy-una-nueva-alianza-africa-europa-para-la-inversion-y-el-empleo-sostenibles\/\" \/>\n<meta property=\"og:locale\" content=\"en_US\" \/>\n<meta property=\"og:type\" content=\"article\" \/>\n<meta property=\"og:title\" content=\"Estado de la Uni\u00f3n 2018: La Comisi\u00f3n propone hoy una nueva \u00abAlianza \u00c1frica - Europa para la Inversi\u00f3n y el Empleo Sostenibles\u00bb. | CDE Almer\u00eda - Centro de Documentaci\u00f3n Europea - Universidad de Almer\u00eda\" \/>\n<meta property=\"og:description\" content=\"Nueva Alianza \u00c1frica &#8211; Europa para la Inversi\u00f3n y el Empleo Sostenibles. La Alianza Como parte de las propuestas del Presidente Juncker sobre el Estado de la Uni\u00f3n, la Comisi\u00f3n ha anunciado una nueva \u00abAlianza \u00c1frica &#8211; Europa para la Inversi\u00f3n y el Empleo Sostenibles\u00bb. El objetivo es promover un aumento sustancial de la inversi\u00f3n [&hellip;]\" \/>\n<meta property=\"og:url\" content=\"https:\/\/www.cde.ual.es\/en\/estado-de-la-union-2018-la-comision-propone-hoy-una-nueva-alianza-africa-europa-para-la-inversion-y-el-empleo-sostenibles\/\" \/>\n<meta property=\"og:site_name\" content=\"CDE Almer\u00eda - Centro de Documentaci\u00f3n Europea - Universidad de Almer\u00eda\" \/>\n<meta property=\"article:publisher\" content=\"https:\/\/www.facebook.com\/cdeuniversidadalmeria\/\" \/>\n<meta property=\"article:published_time\" content=\"2018-09-14T08:18:36+00:00\" \/>\n<meta property=\"og:image\" content=\"https:\/\/www.cde.ual.es\/wp-content\/uploads\/2018\/09\/soteu_2018_reps_banner_editable_342x272_es.jpg\" \/>\n\t<meta property=\"og:image:width\" content=\"456\" \/>\n\t<meta property=\"og:image:height\" content=\"362\" \/>\n\t<meta property=\"og:image:type\" content=\"image\/jpeg\" \/>\n<meta name=\"author\" content=\"BECA 2 CDE\" \/>\n<meta name=\"twitter:card\" content=\"summary_large_image\" \/>\n<meta name=\"twitter:creator\" content=\"@cdeualmeria\" \/>\n<meta name=\"twitter:site\" content=\"@cdeualmeria\" \/>\n<meta name=\"twitter:label1\" content=\"Written by\" \/>\n\t<meta name=\"twitter:data1\" content=\"BECA 2 CDE\" \/>\n\t<meta name=\"twitter:label2\" content=\"Est. reading time\" \/>\n\t<meta name=\"twitter:data2\" content=\"2 minutes\" \/>\n<script type=\"application\/ld+json\" class=\"yoast-schema-graph\">{\"@context\":\"https:\\\/\\\/schema.org\",\"@graph\":[{\"@type\":\"Article\",\"@id\":\"https:\\\/\\\/www.cde.ual.es\\\/en\\\/estado-de-la-union-2018-la-comision-propone-hoy-una-nueva-alianza-africa-europa-para-la-inversion-y-el-empleo-sostenibles\\\/#article\",\"isPartOf\":{\"@id\":\"https:\\\/\\\/www.cde.ual.es\\\/en\\\/estado-de-la-union-2018-la-comision-propone-hoy-una-nueva-alianza-africa-europa-para-la-inversion-y-el-empleo-sostenibles\\\/\"},\"author\":{\"name\":\"BECA 2 CDE\",\"@id\":\"https:\\\/\\\/www.cde.ual.es\\\/#\\\/schema\\\/person\\\/ee46ebc19edfa19598c02cff83335acc\"},\"headline\":\"Estado de la Uni\u00f3n 2018: La Comisi\u00f3n propone hoy una nueva \u00abAlianza \u00c1frica &#8211; Europa para la Inversi\u00f3n y el Empleo Sostenibles\u00bb.\",\"datePublished\":\"2018-09-14T08:18:36+00:00\",\"mainEntityOfPage\":{\"@id\":\"https:\\\/\\\/www.cde.ual.es\\\/en\\\/estado-de-la-union-2018-la-comision-propone-hoy-una-nueva-alianza-africa-europa-para-la-inversion-y-el-empleo-sostenibles\\\/\"},\"wordCount\":519,\"commentCount\":0,\"publisher\":{\"@id\":\"https:\\\/\\\/www.cde.ual.es\\\/#organization\"},\"image\":{\"@id\":\"https:\\\/\\\/www.cde.ual.es\\\/en\\\/estado-de-la-union-2018-la-comision-propone-hoy-una-nueva-alianza-africa-europa-para-la-inversion-y-el-empleo-sostenibles\\\/#primaryimage\"},\"thumbnailUrl\":\"https:\\\/\\\/www.cde.ual.es\\\/wp-content\\\/uploads\\\/2018\\\/09\\\/soteu_2018_reps_banner_editable_342x272_es.jpg\",\"keywords\":[\"\u00c1frica\",\"Cooperaci\u00f3n Internacional\",\"Uni\u00f3n Europea\"],\"articleSection\":[\"Noticias UE\"],\"inLanguage\":\"en-US\",\"potentialAction\":[{\"@type\":\"CommentAction\",\"name\":\"Comment\",\"target\":[\"https:\\\/\\\/www.cde.ual.es\\\/en\\\/estado-de-la-union-2018-la-comision-propone-hoy-una-nueva-alianza-africa-europa-para-la-inversion-y-el-empleo-sostenibles\\\/#respond\"]}]},{\"@type\":\"WebPage\",\"@id\":\"https:\\\/\\\/www.cde.ual.es\\\/en\\\/estado-de-la-union-2018-la-comision-propone-hoy-una-nueva-alianza-africa-europa-para-la-inversion-y-el-empleo-sostenibles\\\/\",\"url\":\"https:\\\/\\\/www.cde.ual.es\\\/en\\\/estado-de-la-union-2018-la-comision-propone-hoy-una-nueva-alianza-africa-europa-para-la-inversion-y-el-empleo-sostenibles\\\/\",\"name\":\"Estado de la Uni\u00f3n 2018: La Comisi\u00f3n propone hoy una nueva \u00abAlianza \u00c1frica - Europa para la Inversi\u00f3n y el Empleo Sostenibles\u00bb. | CDE Almer\u00eda - Centro de Documentaci\u00f3n Europea - Universidad de Almer\u00eda\",\"isPartOf\":{\"@id\":\"https:\\\/\\\/www.cde.ual.es\\\/#website\"},\"primaryImageOfPage\":{\"@id\":\"https:\\\/\\\/www.cde.ual.es\\\/en\\\/estado-de-la-union-2018-la-comision-propone-hoy-una-nueva-alianza-africa-europa-para-la-inversion-y-el-empleo-sostenibles\\\/#primaryimage\"},\"image\":{\"@id\":\"https:\\\/\\\/www.cde.ual.es\\\/en\\\/estado-de-la-union-2018-la-comision-propone-hoy-una-nueva-alianza-africa-europa-para-la-inversion-y-el-empleo-sostenibles\\\/#primaryimage\"},\"thumbnailUrl\":\"https:\\\/\\\/www.cde.ual.es\\\/wp-content\\\/uploads\\\/2018\\\/09\\\/soteu_2018_reps_banner_editable_342x272_es.jpg\",\"datePublished\":\"2018-09-14T08:18:36+00:00\",\"breadcrumb\":{\"@id\":\"https:\\\/\\\/www.cde.ual.es\\\/en\\\/estado-de-la-union-2018-la-comision-propone-hoy-una-nueva-alianza-africa-europa-para-la-inversion-y-el-empleo-sostenibles\\\/#breadcrumb\"},\"inLanguage\":\"en-US\",\"potentialAction\":[{\"@type\":\"ReadAction\",\"target\":[\"https:\\\/\\\/www.cde.ual.es\\\/en\\\/estado-de-la-union-2018-la-comision-propone-hoy-una-nueva-alianza-africa-europa-para-la-inversion-y-el-empleo-sostenibles\\\/\"]}]},{\"@type\":\"ImageObject\",\"inLanguage\":\"en-US\",\"@id\":\"https:\\\/\\\/www.cde.ual.es\\\/en\\\/estado-de-la-union-2018-la-comision-propone-hoy-una-nueva-alianza-africa-europa-para-la-inversion-y-el-empleo-sostenibles\\\/#primaryimage\",\"url\":\"https:\\\/\\\/www.cde.ual.es\\\/wp-content\\\/uploads\\\/2018\\\/09\\\/soteu_2018_reps_banner_editable_342x272_es.jpg\",\"contentUrl\":\"https:\\\/\\\/www.cde.ual.es\\\/wp-content\\\/uploads\\\/2018\\\/09\\\/soteu_2018_reps_banner_editable_342x272_es.jpg\",\"width\":456,\"height\":362},{\"@type\":\"BreadcrumbList\",\"@id\":\"https:\\\/\\\/www.cde.ual.es\\\/en\\\/estado-de-la-union-2018-la-comision-propone-hoy-una-nueva-alianza-africa-europa-para-la-inversion-y-el-empleo-sostenibles\\\/#breadcrumb\",\"itemListElement\":[{\"@type\":\"ListItem\",\"position\":1,\"name\":\"Inicio\",\"item\":\"https:\\\/\\\/www.cde.ual.es\\\/en\\\/\"},{\"@type\":\"ListItem\",\"position\":2,\"name\":\"EU News\",\"item\":\"https:\\\/\\\/www.cde.ual.es\\\/en\\\/category\\\/eu-news\\\/\"},{\"@type\":\"ListItem\",\"position\":3,\"name\":\"Estado de la Uni\u00f3n 2018: La Comisi\u00f3n propone hoy una nueva \u00abAlianza \u00c1frica &#8211; Europa para la Inversi\u00f3n y el Empleo Sostenibles\u00bb.\"}]},{\"@type\":\"WebSite\",\"@id\":\"https:\\\/\\\/www.cde.ual.es\\\/#website\",\"url\":\"https:\\\/\\\/www.cde.ual.es\\\/\",\"name\":\"CDE Almer\u00eda - Centro de Documentaci\u00f3n Europea - Universidad de Almer\u00eda\",\"description\":\"Centro de Documentaci\u00f3n Europea de la Universidad de Almer\u00eda\",\"publisher\":{\"@id\":\"https:\\\/\\\/www.cde.ual.es\\\/#organization\"},\"alternateName\":\"CDE Almer\u00eda\",\"potentialAction\":[{\"@type\":\"SearchAction\",\"target\":{\"@type\":\"EntryPoint\",\"urlTemplate\":\"https:\\\/\\\/www.cde.ual.es\\\/?s={search_term_string}\"},\"query-input\":{\"@type\":\"PropertyValueSpecification\",\"valueRequired\":true,\"valueName\":\"search_term_string\"}}],\"inLanguage\":\"en-US\"},{\"@type\":\"Organization\",\"@id\":\"https:\\\/\\\/www.cde.ual.es\\\/#organization\",\"name\":\"Centro de Documentaci\u00f3n Europea de Almer\u00eda\",\"url\":\"https:\\\/\\\/www.cde.ual.es\\\/\",\"logo\":{\"@type\":\"ImageObject\",\"inLanguage\":\"en-US\",\"@id\":\"https:\\\/\\\/www.cde.ual.es\\\/#\\\/schema\\\/logo\\\/image\\\/\",\"url\":\"https:\\\/\\\/www.cde.ual.es\\\/wp-content\\\/uploads\\\/2025\\\/07\\\/cde-logo-3.png\",\"contentUrl\":\"https:\\\/\\\/www.cde.ual.es\\\/wp-content\\\/uploads\\\/2025\\\/07\\\/cde-logo-3.png\",\"width\":1400,\"height\":300,\"caption\":\"Centro de Documentaci\u00f3n Europea de Almer\u00eda\"},\"image\":{\"@id\":\"https:\\\/\\\/www.cde.ual.es\\\/#\\\/schema\\\/logo\\\/image\\\/\"},\"sameAs\":[\"https:\\\/\\\/www.facebook.com\\\/cdeuniversidadalmeria\\\/\",\"https:\\\/\\\/x.com\\\/cdeualmeria\",\"https:\\\/\\\/www.tiktok.com\\\/@cdealmeria\",\"https:\\\/\\\/www.instagram.com\\\/cdealmeria\\\/\",\"https:\\\/\\\/www.linkedin.com\\\/in\\\/cde-almera-812b26a9\\\/\"]},{\"@type\":\"Person\",\"@id\":\"https:\\\/\\\/www.cde.ual.es\\\/#\\\/schema\\\/person\\\/ee46ebc19edfa19598c02cff83335acc\",\"name\":\"BECA 2 CDE\",\"image\":{\"@type\":\"ImageObject\",\"inLanguage\":\"en-US\",\"@id\":\"https:\\\/\\\/secure.gravatar.com\\\/avatar\\\/35a481bbc04bbd90e91bdfa3b0b5541036c222a49b9ad37b6889a2afcb5311a5?s=96&d=mm&r=g\",\"url\":\"https:\\\/\\\/secure.gravatar.com\\\/avatar\\\/35a481bbc04bbd90e91bdfa3b0b5541036c222a49b9ad37b6889a2afcb5311a5?s=96&d=mm&r=g\",\"contentUrl\":\"https:\\\/\\\/secure.gravatar.com\\\/avatar\\\/35a481bbc04bbd90e91bdfa3b0b5541036c222a49b9ad37b6889a2afcb5311a5?s=96&d=mm&r=g\",\"caption\":\"BECA 2 CDE\"},\"sameAs\":[\"http:\\\/\\\/www.cdealmeria.com\"]}]}<\/script>\n<!-- \/ Yoast SEO plugin. -->","yoast_head_json":{"title":"Estado de la Uni\u00f3n 2018: La Comisi\u00f3n propone hoy una nueva \u00abAlianza \u00c1frica - Europa para la Inversi\u00f3n y el Empleo Sostenibles\u00bb. | CDE Almer\u00eda - Centro de Documentaci\u00f3n Europea - Universidad de Almer\u00eda","robots":{"index":"index","follow":"follow","max-snippet":"max-snippet:-1","max-image-preview":"max-image-preview:large","max-video-preview":"max-video-preview:-1"},"canonical":"https:\/\/www.cde.ual.es\/en\/estado-de-la-union-2018-la-comision-propone-hoy-una-nueva-alianza-africa-europa-para-la-inversion-y-el-empleo-sostenibles\/","og_locale":"en_US","og_type":"article","og_title":"Estado de la Uni\u00f3n 2018: La Comisi\u00f3n propone hoy una nueva \u00abAlianza \u00c1frica - Europa para la Inversi\u00f3n y el Empleo Sostenibles\u00bb. | CDE Almer\u00eda - Centro de Documentaci\u00f3n Europea - Universidad de Almer\u00eda","og_description":"Nueva Alianza \u00c1frica &#8211; Europa para la Inversi\u00f3n y el Empleo Sostenibles. La Alianza Como parte de las propuestas del Presidente Juncker sobre el Estado de la Uni\u00f3n, la Comisi\u00f3n ha anunciado una nueva \u00abAlianza \u00c1frica &#8211; Europa para la Inversi\u00f3n y el Empleo Sostenibles\u00bb. El objetivo es promover un aumento sustancial de la inversi\u00f3n [&hellip;]","og_url":"https:\/\/www.cde.ual.es\/en\/estado-de-la-union-2018-la-comision-propone-hoy-una-nueva-alianza-africa-europa-para-la-inversion-y-el-empleo-sostenibles\/","og_site_name":"CDE Almer\u00eda - Centro de Documentaci\u00f3n Europea - Universidad de Almer\u00eda","article_publisher":"https:\/\/www.facebook.com\/cdeuniversidadalmeria\/","article_published_time":"2018-09-14T08:18:36+00:00","og_image":[{"width":456,"height":362,"url":"https:\/\/www.cde.ual.es\/wp-content\/uploads\/2018\/09\/soteu_2018_reps_banner_editable_342x272_es.jpg","type":"image\/jpeg"}],"author":"BECA 2 CDE","twitter_card":"summary_large_image","twitter_creator":"@cdeualmeria","twitter_site":"@cdeualmeria","twitter_misc":{"Written by":"BECA 2 CDE","Est. reading time":"2 minutes"},"schema":{"@context":"https:\/\/schema.org","@graph":[{"@type":"Article","@id":"https:\/\/www.cde.ual.es\/en\/estado-de-la-union-2018-la-comision-propone-hoy-una-nueva-alianza-africa-europa-para-la-inversion-y-el-empleo-sostenibles\/#article","isPartOf":{"@id":"https:\/\/www.cde.ual.es\/en\/estado-de-la-union-2018-la-comision-propone-hoy-una-nueva-alianza-africa-europa-para-la-inversion-y-el-empleo-sostenibles\/"},"author":{"name":"BECA 2 CDE","@id":"https:\/\/www.cde.ual.es\/#\/schema\/person\/ee46ebc19edfa19598c02cff83335acc"},"headline":"Estado de la Uni\u00f3n 2018: La Comisi\u00f3n propone hoy una nueva \u00abAlianza \u00c1frica &#8211; Europa para la Inversi\u00f3n y el Empleo Sostenibles\u00bb.","datePublished":"2018-09-14T08:18:36+00:00","mainEntityOfPage":{"@id":"https:\/\/www.cde.ual.es\/en\/estado-de-la-union-2018-la-comision-propone-hoy-una-nueva-alianza-africa-europa-para-la-inversion-y-el-empleo-sostenibles\/"},"wordCount":519,"commentCount":0,"publisher":{"@id":"https:\/\/www.cde.ual.es\/#organization"},"image":{"@id":"https:\/\/www.cde.ual.es\/en\/estado-de-la-union-2018-la-comision-propone-hoy-una-nueva-alianza-africa-europa-para-la-inversion-y-el-empleo-sostenibles\/#primaryimage"},"thumbnailUrl":"https:\/\/www.cde.ual.es\/wp-content\/uploads\/2018\/09\/soteu_2018_reps_banner_editable_342x272_es.jpg","keywords":["\u00c1frica","Cooperaci\u00f3n Internacional","Uni\u00f3n Europea"],"articleSection":["Noticias UE"],"inLanguage":"en-US","potentialAction":[{"@type":"CommentAction","name":"Comment","target":["https:\/\/www.cde.ual.es\/en\/estado-de-la-union-2018-la-comision-propone-hoy-una-nueva-alianza-africa-europa-para-la-inversion-y-el-empleo-sostenibles\/#respond"]}]},{"@type":"WebPage","@id":"https:\/\/www.cde.ual.es\/en\/estado-de-la-union-2018-la-comision-propone-hoy-una-nueva-alianza-africa-europa-para-la-inversion-y-el-empleo-sostenibles\/","url":"https:\/\/www.cde.ual.es\/en\/estado-de-la-union-2018-la-comision-propone-hoy-una-nueva-alianza-africa-europa-para-la-inversion-y-el-empleo-sostenibles\/","name":"Estado de la Uni\u00f3n 2018: La Comisi\u00f3n propone hoy una nueva \u00abAlianza \u00c1frica - Europa para la Inversi\u00f3n y el Empleo Sostenibles\u00bb. | CDE Almer\u00eda - Centro de Documentaci\u00f3n Europea - Universidad de Almer\u00eda","isPartOf":{"@id":"https:\/\/www.cde.ual.es\/#website"},"primaryImageOfPage":{"@id":"https:\/\/www.cde.ual.es\/en\/estado-de-la-union-2018-la-comision-propone-hoy-una-nueva-alianza-africa-europa-para-la-inversion-y-el-empleo-sostenibles\/#primaryimage"},"image":{"@id":"https:\/\/www.cde.ual.es\/en\/estado-de-la-union-2018-la-comision-propone-hoy-una-nueva-alianza-africa-europa-para-la-inversion-y-el-empleo-sostenibles\/#primaryimage"},"thumbnailUrl":"https:\/\/www.cde.ual.es\/wp-content\/uploads\/2018\/09\/soteu_2018_reps_banner_editable_342x272_es.jpg","datePublished":"2018-09-14T08:18:36+00:00","breadcrumb":{"@id":"https:\/\/www.cde.ual.es\/en\/estado-de-la-union-2018-la-comision-propone-hoy-una-nueva-alianza-africa-europa-para-la-inversion-y-el-empleo-sostenibles\/#breadcrumb"},"inLanguage":"en-US","potentialAction":[{"@type":"ReadAction","target":["https:\/\/www.cde.ual.es\/en\/estado-de-la-union-2018-la-comision-propone-hoy-una-nueva-alianza-africa-europa-para-la-inversion-y-el-empleo-sostenibles\/"]}]},{"@type":"ImageObject","inLanguage":"en-US","@id":"https:\/\/www.cde.ual.es\/en\/estado-de-la-union-2018-la-comision-propone-hoy-una-nueva-alianza-africa-europa-para-la-inversion-y-el-empleo-sostenibles\/#primaryimage","url":"https:\/\/www.cde.ual.es\/wp-content\/uploads\/2018\/09\/soteu_2018_reps_banner_editable_342x272_es.jpg","contentUrl":"https:\/\/www.cde.ual.es\/wp-content\/uploads\/2018\/09\/soteu_2018_reps_banner_editable_342x272_es.jpg","width":456,"height":362},{"@type":"BreadcrumbList","@id":"https:\/\/www.cde.ual.es\/en\/estado-de-la-union-2018-la-comision-propone-hoy-una-nueva-alianza-africa-europa-para-la-inversion-y-el-empleo-sostenibles\/#breadcrumb","itemListElement":[{"@type":"ListItem","position":1,"name":"Inicio","item":"https:\/\/www.cde.ual.es\/en\/"},{"@type":"ListItem","position":2,"name":"EU News","item":"https:\/\/www.cde.ual.es\/en\/category\/eu-news\/"},{"@type":"ListItem","position":3,"name":"Estado de la Uni\u00f3n 2018: La Comisi\u00f3n propone hoy una nueva \u00abAlianza \u00c1frica &#8211; Europa para la Inversi\u00f3n y el Empleo Sostenibles\u00bb."}]},{"@type":"WebSite","@id":"https:\/\/www.cde.ual.es\/#website","url":"https:\/\/www.cde.ual.es\/","name":"CDE Almer\u00eda - Centro de Documentaci\u00f3n Europea - Universidad de Almer\u00eda","description":"Centro de Documentaci\u00f3n Europea de la Universidad de Almer\u00eda","publisher":{"@id":"https:\/\/www.cde.ual.es\/#organization"},"alternateName":"CDE Almer\u00eda","potentialAction":[{"@type":"SearchAction","target":{"@type":"EntryPoint","urlTemplate":"https:\/\/www.cde.ual.es\/?s={search_term_string}"},"query-input":{"@type":"PropertyValueSpecification","valueRequired":true,"valueName":"search_term_string"}}],"inLanguage":"en-US"},{"@type":"Organization","@id":"https:\/\/www.cde.ual.es\/#organization","name":"Centro de Documentaci\u00f3n Europea de Almer\u00eda","url":"https:\/\/www.cde.ual.es\/","logo":{"@type":"ImageObject","inLanguage":"en-US","@id":"https:\/\/www.cde.ual.es\/#\/schema\/logo\/image\/","url":"https:\/\/www.cde.ual.es\/wp-content\/uploads\/2025\/07\/cde-logo-3.png","contentUrl":"https:\/\/www.cde.ual.es\/wp-content\/uploads\/2025\/07\/cde-logo-3.png","width":1400,"height":300,"caption":"Centro de Documentaci\u00f3n Europea de Almer\u00eda"},"image":{"@id":"https:\/\/www.cde.ual.es\/#\/schema\/logo\/image\/"},"sameAs":["https:\/\/www.facebook.com\/cdeuniversidadalmeria\/","https:\/\/x.com\/cdeualmeria","https:\/\/www.tiktok.com\/@cdealmeria","https:\/\/www.instagram.com\/cdealmeria\/","https:\/\/www.linkedin.com\/in\/cde-almera-812b26a9\/"]},{"@type":"Person","@id":"https:\/\/www.cde.ual.es\/#\/schema\/person\/ee46ebc19edfa19598c02cff83335acc","name":"BECA 2 CDE","image":{"@type":"ImageObject","inLanguage":"en-US","@id":"https:\/\/secure.gravatar.com\/avatar\/35a481bbc04bbd90e91bdfa3b0b5541036c222a49b9ad37b6889a2afcb5311a5?s=96&d=mm&r=g","url":"https:\/\/secure.gravatar.com\/avatar\/35a481bbc04bbd90e91bdfa3b0b5541036c222a49b9ad37b6889a2afcb5311a5?s=96&d=mm&r=g","contentUrl":"https:\/\/secure.gravatar.com\/avatar\/35a481bbc04bbd90e91bdfa3b0b5541036c222a49b9ad37b6889a2afcb5311a5?s=96&d=mm&r=g","caption":"BECA 2 CDE"},"sameAs":["http:\/\/www.cdealmeria.com"]}]}},"_links":{"self":[{"href":"https:\/\/www.cde.ual.es\/en\/wp-json\/wp\/v2\/posts\/8315","targetHints":{"allow":["GET"]}}],"collection":[{"href":"https:\/\/www.cde.ual.es\/en\/wp-json\/wp\/v2\/posts"}],"about":[{"href":"https:\/\/www.cde.ual.es\/en\/wp-json\/wp\/v2\/types\/post"}],"author":[{"embeddable":true,"href":"https:\/\/www.cde.ual.es\/en\/wp-json\/wp\/v2\/users\/101011"}],"replies":[{"embeddable":true,"href":"https:\/\/www.cde.ual.es\/en\/wp-json\/wp\/v2\/comments?post=8315"}],"version-history":[{"count":0,"href":"https:\/\/www.cde.ual.es\/en\/wp-json\/wp\/v2\/posts\/8315\/revisions"}],"wp:featuredmedia":[{"embeddable":true,"href":"https:\/\/www.cde.ual.es\/en\/wp-json\/wp\/v2\/media\/8311"}],"wp:attachment":[{"href":"https:\/\/www.cde.ual.es\/en\/wp-json\/wp\/v2\/media?parent=8315"}],"wp:term":[{"taxonomy":"category","embeddable":true,"href":"https:\/\/www.cde.ual.es\/en\/wp-json\/wp\/v2\/categories?post=8315"},{"taxonomy":"post_tag","embeddable":true,"href":"https:\/\/www.cde.ual.es\/en\/wp-json\/wp\/v2\/tags?post=8315"}],"curies":[{"name":"wp","href":"https:\/\/api.w.org\/{rel}","templated":true}]}}