{"id":8285,"date":"2018-09-17T12:30:49","date_gmt":"2018-09-17T10:30:49","guid":{"rendered":"http:\/\/www.cde.ual.es\/?p=8285"},"modified":"2018-09-13T12:41:27","modified_gmt":"2018-09-13T10:41:27","slug":"la-crisis-economica-y-la-sombra-alargada-del-paro-juvenil-en-europa","status":"publish","type":"post","link":"https:\/\/www.cde.ual.es\/en\/la-crisis-economica-y-la-sombra-alargada-del-paro-juvenil-en-europa\/","title":{"rendered":"La crisis econ\u00f3mica y la sombra alargada del paro juvenil en Europa"},"content":{"rendered":"<h2>Una de las consecuencias m\u00e1s visibles y desoladoras de la crisis financiera de 2008-2009 fue el aumento notable del paro en toda Europa, que lleg\u00f3 a alcanzar cotas in\u00e9ditas desde hace decenios.<\/h2>\n<p>Los j\u00f3venes sufrieron este paro de un modo especialmente intenso y un proyecto financiado por la Uni\u00f3n Europea estudi\u00f3 al detalle las consecuencias directas de este repunte del desempleo juvenil, un reto social con el que a\u00fan hay que lidiar.<\/p>\n<p>Hace ya casi diez a\u00f1os desde que comenz\u00f3 la peor crisis econ\u00f3mica desde la gran depresi\u00f3n. Esta crisis a\u00fan proyecta su sombra alargada sobre Europa, e investigadores del proyecto EXCEPT (Social Exclusion of Youth in Europe: Cumulative Disadvantage, Coping Strategies, Effective Policies and Transfer) descubrieron que esta sombra se cierne en mayor medida sobre los m\u00e1s j\u00f3venes del continente. Los investigadores tambi\u00e9n estudiaron en profundidad las consecuencias directas del desempleo juvenil.<\/p>\n<h2>Las consecuencias inmediatas del desempleo<\/h2>\n<p>A partir de un an\u00e1lisis de datos cuantitativos de la UE de los veintiocho y Ucrania, el equipo del proyecto descubri\u00f3 que las consecuencias inmediatas del paro entre los j\u00f3venes eran un descenso general del bienestar, la salud y la independencia.<\/p>\n<p>Las consecuencias son mucho peores para los hombres que para las mujeres, sobre todo si la p\u00e9rdida del trabajo se produce al principio de su carrera. \u00abLas consecuencias para la salud del desempleo, en especial en el caso de los hombres, va m\u00e1s all\u00e1 del joven desempleado y afecta tambi\u00e9n a la pareja\u00bb, confes\u00f3 la profesora Marge Unt, coordinadora del proyecto. \u00abEl desempleo masculino deteriora la salud de sus parejas, sobre todo en pa\u00edses conservadores en los que a\u00fan existe la expectativa de que el hombre debe ser el principal sost\u00e9n familiar\u00bb.<\/p>\n<h2>Experiencias de j\u00f3venes en nueve pa\u00edses<\/h2>\n<p>EXCEPT entrevist\u00f3 a 386 j\u00f3venes de 9 pa\u00edses europeos representantes de distintos sistemas de seguridad social, y ofreci\u00f3 un conocimiento exhaustivo sobre el modo en el que los j\u00f3venes desaventajados perciben su situaci\u00f3n social y las diferencias existentes de un pa\u00eds a otro. \u00abEn Bulgaria, Estonia, Polonia y Ucrania, los j\u00f3venes se quejaban menos de la falta de trabajo y m\u00e1s de los trabajos &#8220;t\u00f3xicos&#8221; y de las condiciones de trabajo &#8220;duras&#8221;\u00bb, se\u00f1ala la profesora Unt. \u00abEn Grecia e Italia, aflor\u00f3 un sentimiento mucho m\u00e1s intenso de des\u00e1nimo en cuanto a la trayectoria profesional de los j\u00f3venes en su pa\u00eds de origen\u00bb. Entre los j\u00f3venes desempleados, el mayor aumento en el pesimismo en cuanto a poder o no llegar a fin de mes tras la crisis se produjo en Chipre, Grecia y Espa\u00f1a.<\/p>\n<p>No obstante, no todos los resultados fueron negativos. En Suecia y Reino Unido, donde est\u00e1 descendiendo el paro juvenil, los j\u00f3venes son m\u00e1s optimistas y aspiraban a oportunidades profesionales acordes con su formaci\u00f3n y ambiciones. En general, el paro tuvo un impacto mucho menor en pa\u00edses con un mayor grado de educaci\u00f3n superior entre los j\u00f3venes, un sistema educativo terciario menos estratificado y pol\u00edticas de empleo pasivas m\u00e1s generosas.<\/p>\n<h2>Mejores pensiones para la juventud<\/h2>\n<p>Los descubrimientos de EXCEPT ofrecen mucha informaci\u00f3n de cara a redactar pol\u00edticas sobre la experiencia de los j\u00f3venes, sobre todo en un \u00e1mbito que podr\u00eda no asociarse directamente con los m\u00e1s j\u00f3venes, las pensiones. \u00abUna de las facetas m\u00e1s innovadoras de nuestro proyecto fue analizar las consecuencias de la fragilidad del mercado de trabajo para los mayores\u00bb, afirm\u00f3 la profesora Unt. \u00abLos j\u00f3venes saben que deben ahorrar para la jubilaci\u00f3n pero muchos no pueden hacerlo\u00bb.<\/p>\n<p>&nbsp;<\/p>\n<p>LEER M\u00c1S:\u00a0<a href=\"https:\/\/cordis.europa.eu\/result\/rcn\/238744_es.html\">Noticia Completa<\/a><\/p>\n","protected":false},"excerpt":{"rendered":"<p>Una de las consecuencias m\u00e1s visibles y desoladoras de la crisis financiera de 2008-2009 fue el aumento notable del paro en toda Europa, que lleg\u00f3 a alcanzar cotas in\u00e9ditas desde hace decenios. Los j\u00f3venes sufrieron este paro de un modo especialmente intenso y un proyecto financiado por la Uni\u00f3n Europea estudi\u00f3 al detalle las consecuencias [&hellip;]<\/p>\n","protected":false},"author":101012,"featured_media":8286,"comment_status":"open","ping_status":"open","sticky":false,"template":"","format":"standard","meta":{"_acf_changed":false,"_relevanssi_hide_post":"","_relevanssi_hide_content":"","_relevanssi_pin_for_all":"","_relevanssi_pin_keywords":"","_relevanssi_unpin_keywords":"","_relevanssi_related_keywords":"","_relevanssi_related_include_ids":"","_relevanssi_related_exclude_ids":"","_relevanssi_related_no_append":"","_relevanssi_related_not_related":"","_relevanssi_related_posts":"","_relevanssi_noindex_reason":"","_monsterinsights_skip_tracking":false,"_monsterinsights_sitenote_active":false,"_monsterinsights_sitenote_note":"","_monsterinsights_sitenote_category":0,"_genesis_hide_title":false,"_genesis_hide_breadcrumbs":false,"_genesis_hide_singular_image":false,"_genesis_hide_footer_widgets":false,"_genesis_custom_body_class":"","_genesis_custom_post_class":"","_genesis_layout":"","footnotes":""},"categories":[96],"tags":[172],"class_list":{"0":"post-8285","1":"post","2":"type-post","3":"status-publish","4":"format-standard","5":"has-post-thumbnail","7":"category-noticias-ue","8":"tag-trabajo-y-empleo","9":"entry"},"acf":[],"yoast_head":"<!-- This site is optimized with the Yoast SEO plugin v27.5 - https:\/\/yoast.com\/product\/yoast-seo-wordpress\/ -->\n<title>La crisis econ\u00f3mica y la sombra alargada del paro juvenil en Europa | CDE Almer\u00eda - Centro de Documentaci\u00f3n Europea - Universidad de Almer\u00eda<\/title>\n<meta name=\"robots\" content=\"index, follow, max-snippet:-1, max-image-preview:large, max-video-preview:-1\" \/>\n<link rel=\"canonical\" href=\"https:\/\/www.cde.ual.es\/la-crisis-economica-y-la-sombra-alargada-del-paro-juvenil-en-europa\/\" \/>\n<meta property=\"og:locale\" content=\"en_US\" \/>\n<meta property=\"og:type\" content=\"article\" \/>\n<meta property=\"og:title\" content=\"La crisis econ\u00f3mica y la sombra alargada del paro juvenil en Europa | CDE Almer\u00eda - Centro de Documentaci\u00f3n Europea - Universidad de Almer\u00eda\" \/>\n<meta property=\"og:description\" content=\"Una de las consecuencias m\u00e1s visibles y desoladoras de la crisis financiera de 2008-2009 fue el aumento notable del paro en toda Europa, que lleg\u00f3 a alcanzar cotas in\u00e9ditas desde hace decenios. Los j\u00f3venes sufrieron este paro de un modo especialmente intenso y un proyecto financiado por la Uni\u00f3n Europea estudi\u00f3 al detalle las consecuencias [&hellip;]\" \/>\n<meta property=\"og:url\" content=\"https:\/\/www.cde.ual.es\/la-crisis-economica-y-la-sombra-alargada-del-paro-juvenil-en-europa\/\" \/>\n<meta property=\"og:site_name\" content=\"CDE Almer\u00eda - Centro de Documentaci\u00f3n Europea - Universidad de Almer\u00eda\" \/>\n<meta property=\"article:publisher\" content=\"https:\/\/www.facebook.com\/cdeuniversidadalmeria\/\" \/>\n<meta property=\"article:published_time\" content=\"2018-09-17T10:30:49+00:00\" \/>\n<meta property=\"og:image\" content=\"https:\/\/www.cde.ual.es\/wp-content\/uploads\/2018\/09\/Paro-Juvenil.jpg\" \/>\n\t<meta property=\"og:image:width\" content=\"800\" \/>\n\t<meta property=\"og:image:height\" content=\"453\" \/>\n\t<meta property=\"og:image:type\" content=\"image\/jpeg\" \/>\n<meta name=\"author\" content=\"BECACDE1\" \/>\n<meta name=\"twitter:card\" content=\"summary_large_image\" \/>\n<meta name=\"twitter:creator\" content=\"@cdeualmeria\" \/>\n<meta name=\"twitter:site\" content=\"@cdeualmeria\" \/>\n<meta name=\"twitter:label1\" content=\"Written by\" \/>\n\t<meta name=\"twitter:data1\" content=\"BECACDE1\" \/>\n\t<meta name=\"twitter:label2\" content=\"Est. reading time\" \/>\n\t<meta name=\"twitter:data2\" content=\"3 minutes\" \/>\n<script type=\"application\/ld+json\" class=\"yoast-schema-graph\">{\"@context\":\"https:\\\/\\\/schema.org\",\"@graph\":[{\"@type\":\"Article\",\"@id\":\"https:\\\/\\\/www.cde.ual.es\\\/la-crisis-economica-y-la-sombra-alargada-del-paro-juvenil-en-europa\\\/#article\",\"isPartOf\":{\"@id\":\"https:\\\/\\\/www.cde.ual.es\\\/la-crisis-economica-y-la-sombra-alargada-del-paro-juvenil-en-europa\\\/\"},\"author\":{\"name\":\"BECACDE1\",\"@id\":\"https:\\\/\\\/www.cde.ual.es\\\/#\\\/schema\\\/person\\\/bf2f837cf3353e2161fe1087adbd728f\"},\"headline\":\"La crisis econ\u00f3mica y la sombra alargada del paro juvenil en Europa\",\"datePublished\":\"2018-09-17T10:30:49+00:00\",\"mainEntityOfPage\":{\"@id\":\"https:\\\/\\\/www.cde.ual.es\\\/la-crisis-economica-y-la-sombra-alargada-del-paro-juvenil-en-europa\\\/\"},\"wordCount\":640,\"commentCount\":0,\"publisher\":{\"@id\":\"https:\\\/\\\/www.cde.ual.es\\\/#organization\"},\"image\":{\"@id\":\"https:\\\/\\\/www.cde.ual.es\\\/la-crisis-economica-y-la-sombra-alargada-del-paro-juvenil-en-europa\\\/#primaryimage\"},\"thumbnailUrl\":\"https:\\\/\\\/www.cde.ual.es\\\/wp-content\\\/uploads\\\/2018\\\/09\\\/Paro-Juvenil.jpg\",\"keywords\":[\"Trabajo y empleo\"],\"articleSection\":[\"Noticias UE\"],\"inLanguage\":\"en-US\",\"potentialAction\":[{\"@type\":\"CommentAction\",\"name\":\"Comment\",\"target\":[\"https:\\\/\\\/www.cde.ual.es\\\/la-crisis-economica-y-la-sombra-alargada-del-paro-juvenil-en-europa\\\/#respond\"]}]},{\"@type\":\"WebPage\",\"@id\":\"https:\\\/\\\/www.cde.ual.es\\\/la-crisis-economica-y-la-sombra-alargada-del-paro-juvenil-en-europa\\\/\",\"url\":\"https:\\\/\\\/www.cde.ual.es\\\/la-crisis-economica-y-la-sombra-alargada-del-paro-juvenil-en-europa\\\/\",\"name\":\"La crisis econ\u00f3mica y la sombra alargada del paro juvenil en Europa | CDE Almer\u00eda - Centro de Documentaci\u00f3n Europea - Universidad de Almer\u00eda\",\"isPartOf\":{\"@id\":\"https:\\\/\\\/www.cde.ual.es\\\/#website\"},\"primaryImageOfPage\":{\"@id\":\"https:\\\/\\\/www.cde.ual.es\\\/la-crisis-economica-y-la-sombra-alargada-del-paro-juvenil-en-europa\\\/#primaryimage\"},\"image\":{\"@id\":\"https:\\\/\\\/www.cde.ual.es\\\/la-crisis-economica-y-la-sombra-alargada-del-paro-juvenil-en-europa\\\/#primaryimage\"},\"thumbnailUrl\":\"https:\\\/\\\/www.cde.ual.es\\\/wp-content\\\/uploads\\\/2018\\\/09\\\/Paro-Juvenil.jpg\",\"datePublished\":\"2018-09-17T10:30:49+00:00\",\"breadcrumb\":{\"@id\":\"https:\\\/\\\/www.cde.ual.es\\\/la-crisis-economica-y-la-sombra-alargada-del-paro-juvenil-en-europa\\\/#breadcrumb\"},\"inLanguage\":\"en-US\",\"potentialAction\":[{\"@type\":\"ReadAction\",\"target\":[\"https:\\\/\\\/www.cde.ual.es\\\/la-crisis-economica-y-la-sombra-alargada-del-paro-juvenil-en-europa\\\/\"]}]},{\"@type\":\"ImageObject\",\"inLanguage\":\"en-US\",\"@id\":\"https:\\\/\\\/www.cde.ual.es\\\/la-crisis-economica-y-la-sombra-alargada-del-paro-juvenil-en-europa\\\/#primaryimage\",\"url\":\"https:\\\/\\\/www.cde.ual.es\\\/wp-content\\\/uploads\\\/2018\\\/09\\\/Paro-Juvenil.jpg\",\"contentUrl\":\"https:\\\/\\\/www.cde.ual.es\\\/wp-content\\\/uploads\\\/2018\\\/09\\\/Paro-Juvenil.jpg\",\"width\":800,\"height\":453},{\"@type\":\"BreadcrumbList\",\"@id\":\"https:\\\/\\\/www.cde.ual.es\\\/la-crisis-economica-y-la-sombra-alargada-del-paro-juvenil-en-europa\\\/#breadcrumb\",\"itemListElement\":[{\"@type\":\"ListItem\",\"position\":1,\"name\":\"Inicio\",\"item\":\"https:\\\/\\\/www.cde.ual.es\\\/en\\\/\"},{\"@type\":\"ListItem\",\"position\":2,\"name\":\"Noticias UE\",\"item\":\"https:\\\/\\\/www.cde.ual.es\\\/category\\\/noticias-ue\\\/\"},{\"@type\":\"ListItem\",\"position\":3,\"name\":\"La crisis econ\u00f3mica y la sombra alargada del paro juvenil en Europa\"}]},{\"@type\":\"WebSite\",\"@id\":\"https:\\\/\\\/www.cde.ual.es\\\/#website\",\"url\":\"https:\\\/\\\/www.cde.ual.es\\\/\",\"name\":\"CDE Almer\u00eda - Centro de Documentaci\u00f3n Europea - Universidad de Almer\u00eda\",\"description\":\"Centro de Documentaci\u00f3n Europea de la Universidad de Almer\u00eda\",\"publisher\":{\"@id\":\"https:\\\/\\\/www.cde.ual.es\\\/#organization\"},\"alternateName\":\"CDE Almer\u00eda\",\"potentialAction\":[{\"@type\":\"SearchAction\",\"target\":{\"@type\":\"EntryPoint\",\"urlTemplate\":\"https:\\\/\\\/www.cde.ual.es\\\/?s={search_term_string}\"},\"query-input\":{\"@type\":\"PropertyValueSpecification\",\"valueRequired\":true,\"valueName\":\"search_term_string\"}}],\"inLanguage\":\"en-US\"},{\"@type\":\"Organization\",\"@id\":\"https:\\\/\\\/www.cde.ual.es\\\/#organization\",\"name\":\"Centro de Documentaci\u00f3n Europea de Almer\u00eda\",\"url\":\"https:\\\/\\\/www.cde.ual.es\\\/\",\"logo\":{\"@type\":\"ImageObject\",\"inLanguage\":\"en-US\",\"@id\":\"https:\\\/\\\/www.cde.ual.es\\\/#\\\/schema\\\/logo\\\/image\\\/\",\"url\":\"https:\\\/\\\/www.cde.ual.es\\\/wp-content\\\/uploads\\\/2025\\\/07\\\/cde-logo-3.png\",\"contentUrl\":\"https:\\\/\\\/www.cde.ual.es\\\/wp-content\\\/uploads\\\/2025\\\/07\\\/cde-logo-3.png\",\"width\":1400,\"height\":300,\"caption\":\"Centro de Documentaci\u00f3n Europea de Almer\u00eda\"},\"image\":{\"@id\":\"https:\\\/\\\/www.cde.ual.es\\\/#\\\/schema\\\/logo\\\/image\\\/\"},\"sameAs\":[\"https:\\\/\\\/www.facebook.com\\\/cdeuniversidadalmeria\\\/\",\"https:\\\/\\\/x.com\\\/cdeualmeria\",\"https:\\\/\\\/www.tiktok.com\\\/@cdealmeria\",\"https:\\\/\\\/www.instagram.com\\\/cdealmeria\\\/\",\"https:\\\/\\\/www.linkedin.com\\\/in\\\/cde-almera-812b26a9\\\/\"]},{\"@type\":\"Person\",\"@id\":\"https:\\\/\\\/www.cde.ual.es\\\/#\\\/schema\\\/person\\\/bf2f837cf3353e2161fe1087adbd728f\",\"name\":\"BECACDE1\",\"image\":{\"@type\":\"ImageObject\",\"inLanguage\":\"en-US\",\"@id\":\"https:\\\/\\\/secure.gravatar.com\\\/avatar\\\/16a4c1e422b5dec818ee13eab3353b19db9cfd278cc10f9b0e1188a37671d9d4?s=96&d=mm&r=g\",\"url\":\"https:\\\/\\\/secure.gravatar.com\\\/avatar\\\/16a4c1e422b5dec818ee13eab3353b19db9cfd278cc10f9b0e1188a37671d9d4?s=96&d=mm&r=g\",\"contentUrl\":\"https:\\\/\\\/secure.gravatar.com\\\/avatar\\\/16a4c1e422b5dec818ee13eab3353b19db9cfd278cc10f9b0e1188a37671d9d4?s=96&d=mm&r=g\",\"caption\":\"BECACDE1\"},\"sameAs\":[\"http:\\\/\\\/www.cdealmeria.com\"]}]}<\/script>\n<!-- \/ Yoast SEO plugin. -->","yoast_head_json":{"title":"La crisis econ\u00f3mica y la sombra alargada del paro juvenil en Europa | CDE Almer\u00eda - Centro de Documentaci\u00f3n Europea - Universidad de Almer\u00eda","robots":{"index":"index","follow":"follow","max-snippet":"max-snippet:-1","max-image-preview":"max-image-preview:large","max-video-preview":"max-video-preview:-1"},"canonical":"https:\/\/www.cde.ual.es\/la-crisis-economica-y-la-sombra-alargada-del-paro-juvenil-en-europa\/","og_locale":"en_US","og_type":"article","og_title":"La crisis econ\u00f3mica y la sombra alargada del paro juvenil en Europa | CDE Almer\u00eda - Centro de Documentaci\u00f3n Europea - Universidad de Almer\u00eda","og_description":"Una de las consecuencias m\u00e1s visibles y desoladoras de la crisis financiera de 2008-2009 fue el aumento notable del paro en toda Europa, que lleg\u00f3 a alcanzar cotas in\u00e9ditas desde hace decenios. Los j\u00f3venes sufrieron este paro de un modo especialmente intenso y un proyecto financiado por la Uni\u00f3n Europea estudi\u00f3 al detalle las consecuencias [&hellip;]","og_url":"https:\/\/www.cde.ual.es\/la-crisis-economica-y-la-sombra-alargada-del-paro-juvenil-en-europa\/","og_site_name":"CDE Almer\u00eda - Centro de Documentaci\u00f3n Europea - Universidad de Almer\u00eda","article_publisher":"https:\/\/www.facebook.com\/cdeuniversidadalmeria\/","article_published_time":"2018-09-17T10:30:49+00:00","og_image":[{"width":800,"height":453,"url":"https:\/\/www.cde.ual.es\/wp-content\/uploads\/2018\/09\/Paro-Juvenil.jpg","type":"image\/jpeg"}],"author":"BECACDE1","twitter_card":"summary_large_image","twitter_creator":"@cdeualmeria","twitter_site":"@cdeualmeria","twitter_misc":{"Written by":"BECACDE1","Est. reading time":"3 minutes"},"schema":{"@context":"https:\/\/schema.org","@graph":[{"@type":"Article","@id":"https:\/\/www.cde.ual.es\/la-crisis-economica-y-la-sombra-alargada-del-paro-juvenil-en-europa\/#article","isPartOf":{"@id":"https:\/\/www.cde.ual.es\/la-crisis-economica-y-la-sombra-alargada-del-paro-juvenil-en-europa\/"},"author":{"name":"BECACDE1","@id":"https:\/\/www.cde.ual.es\/#\/schema\/person\/bf2f837cf3353e2161fe1087adbd728f"},"headline":"La crisis econ\u00f3mica y la sombra alargada del paro juvenil en Europa","datePublished":"2018-09-17T10:30:49+00:00","mainEntityOfPage":{"@id":"https:\/\/www.cde.ual.es\/la-crisis-economica-y-la-sombra-alargada-del-paro-juvenil-en-europa\/"},"wordCount":640,"commentCount":0,"publisher":{"@id":"https:\/\/www.cde.ual.es\/#organization"},"image":{"@id":"https:\/\/www.cde.ual.es\/la-crisis-economica-y-la-sombra-alargada-del-paro-juvenil-en-europa\/#primaryimage"},"thumbnailUrl":"https:\/\/www.cde.ual.es\/wp-content\/uploads\/2018\/09\/Paro-Juvenil.jpg","keywords":["Trabajo y empleo"],"articleSection":["Noticias UE"],"inLanguage":"en-US","potentialAction":[{"@type":"CommentAction","name":"Comment","target":["https:\/\/www.cde.ual.es\/la-crisis-economica-y-la-sombra-alargada-del-paro-juvenil-en-europa\/#respond"]}]},{"@type":"WebPage","@id":"https:\/\/www.cde.ual.es\/la-crisis-economica-y-la-sombra-alargada-del-paro-juvenil-en-europa\/","url":"https:\/\/www.cde.ual.es\/la-crisis-economica-y-la-sombra-alargada-del-paro-juvenil-en-europa\/","name":"La crisis econ\u00f3mica y la sombra alargada del paro juvenil en Europa | CDE Almer\u00eda - Centro de Documentaci\u00f3n Europea - Universidad de Almer\u00eda","isPartOf":{"@id":"https:\/\/www.cde.ual.es\/#website"},"primaryImageOfPage":{"@id":"https:\/\/www.cde.ual.es\/la-crisis-economica-y-la-sombra-alargada-del-paro-juvenil-en-europa\/#primaryimage"},"image":{"@id":"https:\/\/www.cde.ual.es\/la-crisis-economica-y-la-sombra-alargada-del-paro-juvenil-en-europa\/#primaryimage"},"thumbnailUrl":"https:\/\/www.cde.ual.es\/wp-content\/uploads\/2018\/09\/Paro-Juvenil.jpg","datePublished":"2018-09-17T10:30:49+00:00","breadcrumb":{"@id":"https:\/\/www.cde.ual.es\/la-crisis-economica-y-la-sombra-alargada-del-paro-juvenil-en-europa\/#breadcrumb"},"inLanguage":"en-US","potentialAction":[{"@type":"ReadAction","target":["https:\/\/www.cde.ual.es\/la-crisis-economica-y-la-sombra-alargada-del-paro-juvenil-en-europa\/"]}]},{"@type":"ImageObject","inLanguage":"en-US","@id":"https:\/\/www.cde.ual.es\/la-crisis-economica-y-la-sombra-alargada-del-paro-juvenil-en-europa\/#primaryimage","url":"https:\/\/www.cde.ual.es\/wp-content\/uploads\/2018\/09\/Paro-Juvenil.jpg","contentUrl":"https:\/\/www.cde.ual.es\/wp-content\/uploads\/2018\/09\/Paro-Juvenil.jpg","width":800,"height":453},{"@type":"BreadcrumbList","@id":"https:\/\/www.cde.ual.es\/la-crisis-economica-y-la-sombra-alargada-del-paro-juvenil-en-europa\/#breadcrumb","itemListElement":[{"@type":"ListItem","position":1,"name":"Inicio","item":"https:\/\/www.cde.ual.es\/en\/"},{"@type":"ListItem","position":2,"name":"Noticias UE","item":"https:\/\/www.cde.ual.es\/category\/noticias-ue\/"},{"@type":"ListItem","position":3,"name":"La crisis econ\u00f3mica y la sombra alargada del paro juvenil en Europa"}]},{"@type":"WebSite","@id":"https:\/\/www.cde.ual.es\/#website","url":"https:\/\/www.cde.ual.es\/","name":"CDE Almer\u00eda - Centro de Documentaci\u00f3n Europea - Universidad de Almer\u00eda","description":"Centro de Documentaci\u00f3n Europea de la Universidad de Almer\u00eda","publisher":{"@id":"https:\/\/www.cde.ual.es\/#organization"},"alternateName":"CDE Almer\u00eda","potentialAction":[{"@type":"SearchAction","target":{"@type":"EntryPoint","urlTemplate":"https:\/\/www.cde.ual.es\/?s={search_term_string}"},"query-input":{"@type":"PropertyValueSpecification","valueRequired":true,"valueName":"search_term_string"}}],"inLanguage":"en-US"},{"@type":"Organization","@id":"https:\/\/www.cde.ual.es\/#organization","name":"Centro de Documentaci\u00f3n Europea de Almer\u00eda","url":"https:\/\/www.cde.ual.es\/","logo":{"@type":"ImageObject","inLanguage":"en-US","@id":"https:\/\/www.cde.ual.es\/#\/schema\/logo\/image\/","url":"https:\/\/www.cde.ual.es\/wp-content\/uploads\/2025\/07\/cde-logo-3.png","contentUrl":"https:\/\/www.cde.ual.es\/wp-content\/uploads\/2025\/07\/cde-logo-3.png","width":1400,"height":300,"caption":"Centro de Documentaci\u00f3n Europea de Almer\u00eda"},"image":{"@id":"https:\/\/www.cde.ual.es\/#\/schema\/logo\/image\/"},"sameAs":["https:\/\/www.facebook.com\/cdeuniversidadalmeria\/","https:\/\/x.com\/cdeualmeria","https:\/\/www.tiktok.com\/@cdealmeria","https:\/\/www.instagram.com\/cdealmeria\/","https:\/\/www.linkedin.com\/in\/cde-almera-812b26a9\/"]},{"@type":"Person","@id":"https:\/\/www.cde.ual.es\/#\/schema\/person\/bf2f837cf3353e2161fe1087adbd728f","name":"BECACDE1","image":{"@type":"ImageObject","inLanguage":"en-US","@id":"https:\/\/secure.gravatar.com\/avatar\/16a4c1e422b5dec818ee13eab3353b19db9cfd278cc10f9b0e1188a37671d9d4?s=96&d=mm&r=g","url":"https:\/\/secure.gravatar.com\/avatar\/16a4c1e422b5dec818ee13eab3353b19db9cfd278cc10f9b0e1188a37671d9d4?s=96&d=mm&r=g","contentUrl":"https:\/\/secure.gravatar.com\/avatar\/16a4c1e422b5dec818ee13eab3353b19db9cfd278cc10f9b0e1188a37671d9d4?s=96&d=mm&r=g","caption":"BECACDE1"},"sameAs":["http:\/\/www.cdealmeria.com"]}]}},"_links":{"self":[{"href":"https:\/\/www.cde.ual.es\/en\/wp-json\/wp\/v2\/posts\/8285","targetHints":{"allow":["GET"]}}],"collection":[{"href":"https:\/\/www.cde.ual.es\/en\/wp-json\/wp\/v2\/posts"}],"about":[{"href":"https:\/\/www.cde.ual.es\/en\/wp-json\/wp\/v2\/types\/post"}],"author":[{"embeddable":true,"href":"https:\/\/www.cde.ual.es\/en\/wp-json\/wp\/v2\/users\/101012"}],"replies":[{"embeddable":true,"href":"https:\/\/www.cde.ual.es\/en\/wp-json\/wp\/v2\/comments?post=8285"}],"version-history":[{"count":0,"href":"https:\/\/www.cde.ual.es\/en\/wp-json\/wp\/v2\/posts\/8285\/revisions"}],"wp:featuredmedia":[{"embeddable":true,"href":"https:\/\/www.cde.ual.es\/en\/wp-json\/wp\/v2\/media\/8286"}],"wp:attachment":[{"href":"https:\/\/www.cde.ual.es\/en\/wp-json\/wp\/v2\/media?parent=8285"}],"wp:term":[{"taxonomy":"category","embeddable":true,"href":"https:\/\/www.cde.ual.es\/en\/wp-json\/wp\/v2\/categories?post=8285"},{"taxonomy":"post_tag","embeddable":true,"href":"https:\/\/www.cde.ual.es\/en\/wp-json\/wp\/v2\/tags?post=8285"}],"curies":[{"name":"wp","href":"https:\/\/api.w.org\/{rel}","templated":true}]}}