{"id":8249,"date":"2018-09-13T10:03:23","date_gmt":"2018-09-13T08:03:23","guid":{"rendered":"http:\/\/www.cde.ual.es\/?p=8249"},"modified":"2018-09-14T08:44:57","modified_gmt":"2018-09-14T06:44:57","slug":"la-comision-europea-propone-eliminar-el-cambio-de-hora-estacional","status":"publish","type":"post","link":"https:\/\/www.cde.ual.es\/en\/la-comision-europea-propone-eliminar-el-cambio-de-hora-estacional\/","title":{"rendered":"La Comisi\u00f3n Europea propone eliminar el cambio de hora estacional"},"content":{"rendered":"<h2>La Comisi\u00f3n Europea propone <strong>eliminar los cambios de hora en Europa en 2019<\/strong>, ofreciendo a los Estados miembros la libertad de decidir si se regir\u00e1n de manera permanente por la hora de verano o la de invierno.<\/h2>\n<p>La propuesta legislativa tiene por objeto velar por que todos los cambios se adopten de manera coordinada entre pa\u00edses vecinos, de manera que el mercado interior siga funcionando adecuadamente y se evite cualquier tipo de fragmentaci\u00f3n, lo que podr\u00eda ocurrir si algunos Estados miembros mantuvieran las disposiciones sobre el cambio de hora y otros no.<\/p>\n<p>En el d\u00eda de ayer, con motivo del discurso sobre el estado de la Uni\u00f3n, el presidente Jean-ClaudeJuncker\u00a0afirm\u00f3: \u00abEn nuestros discursos, siempre afirmamos que queremos ser grandes en las cosas grandes y peque\u00f1os en las cosas peque\u00f1as. Sin embargo, no suenan los aplausos cuando la legislaci\u00f3n de la UE dicta que los europeos cambien la hora dos veces al a\u00f1o, y la Comisi\u00f3n propone cambiar esto hoy. Es necesario acabar con el cambio de hora. Los Estados miembros deber\u00edan decidir por s\u00ed mismos si sus ciudadanos viven con la hora de verano o la de invierno. Es una cuesti\u00f3n de subsidiariedad. Espero que el Parlamento y el Consejo compartan esta idea y encuentren soluciones adecuadas para nuestro mercado interior. No podemos esperar m\u00e1s\u00bb<\/p>\n<h2>La propuesta de la Comisi\u00f3n:<\/h2>\n<ul>\n<li>elimina el cambio de hora bianual en el conjunto de la Uni\u00f3n Europea;<\/li>\n<li>fija un calendario breve y claro para que los cambios entren en vigor;<\/li>\n<li>anima a realizar consultas en los \u00e1mbitos nacional y europeo, con el objetivo de velar por un enfoque coordinado entre Estados miembros.<\/li>\n<\/ul>\n<h2>\u00bfC\u00f3mo y cu\u00e1ndo empezar\u00edan a tener efecto estos cambios?<\/h2>\n<p>La propuesta de la Comisi\u00f3n Europea se enviar\u00e1 ahora al Parlamento Europeo y al Consejo para su aprobaci\u00f3n.<\/p>\n<p>Con miras a una transici\u00f3n fluida, la propuesta de la Comisi\u00f3n prev\u00e9 que, a m\u00e1s tardar en abril de 2019, cada Estado miembro notifique su intenci\u00f3n de aplicar la hora de verano o de invierno de forma permanente. El \u00faltimo cambio obligatorio a la hora de verano tendr\u00eda lugar el domingo 31 de marzo de 2019. A continuaci\u00f3n, los Estados miembros que desearan volver a la hora de invierno podr\u00edan efectuar un \u00faltimo cambio de hora el domingo 27 de octubre de 2019. A partir de esa fecha no se podr\u00edan realizar m\u00e1s cambios.<\/p>\n<p>Este calendario est\u00e1 supeditado a la adopci\u00f3n de la propuesta de la Comisi\u00f3n a m\u00e1s tardar en marzo de 2019 por parte del Parlamento Europeo y el Consejo.<\/p>\n<h2>\u00bfPor qu\u00e9 propone este cambio la Comisi\u00f3n?<\/h2>\n<p>Los pa\u00edses europeos introdujeron las disposiciones sobre la hora de verano el siglo pasado con el objetivo de ahorrar energ\u00eda, especialmente durante la guerra y la crisis del petr\u00f3leo de los a\u00f1os 70. A principios de los a\u00f1os 80, la Uni\u00f3n Europea fue adoptando de manera gradual legislaci\u00f3n que pon\u00eda fin a los distintos esquemas nacionales de cambio de hora. No obstante, en 2018, el objetivo inicial resulta mucho menos relevante, con estudios que parecen indicar que el ahorro de energ\u00eda es m\u00ednimo y con cada vez m\u00e1s quejas por parte de los ciudadanos por los efectos negativos para la salud.<\/p>\n<p>Efectivamente, el cambio de hora es cada vez m\u00e1s cuestionado por los ciudadanos, el Parlamento Europeo y un n\u00famero creciente de Estados miembros. A instancia del Parlamento Europeo, y como parte de la evaluaci\u00f3n de las disposiciones actuales, la Comisi\u00f3n llev\u00f3 a cabo una consulta p\u00fablica en el verano de 2018 en la que se obtuvieron 4,6 millones de respuestas, el mayor n\u00famero de respuestas obtenido en una consulta p\u00fablica organizada por la Comisi\u00f3n Europea. El 84 % de los encuestados declararon estar a favor de eliminar el cambio de hora bianual.<\/p>\n<p>A la luz de lo anterior, la Comisi\u00f3n Europea concluye que no tiene sentido que Bruselas siga regulando el cambio de hora bianual y que son los Estados miembros quienes deben tener la libertad de elegir si prefieren mantener la hora de verano o la de invierno y gestionarlo en el \u00e1mbito nacional, de conformidad con el principio de subsidiariedad.<\/p>\n<p>&nbsp;<\/p>\n<p>LEER M\u00c1S:\u00a0<a href=\"https:\/\/ec.europa.eu\/commission\/priorities\/state-union-speeches\/state-union-2018\/state-union-2018-ending-seasonal-clock-changes_es\">Textos Legales de la propuesta<\/a><\/p>\n<p><a href=\"http:\/\/europa.eu\/rapid\/press-release_MEMO-18-5641_es.htm\">Preguntas y respuestas<\/a><\/p>\n<p><a href=\"https:\/\/ec.europa.eu\/commission\/priorities\/state-union-speeches\/state-union-2018\/state-union-2018-ending-seasonal-clock-changes_en\">Informe final de la consulta p\u00fablica<\/a><\/p>\n","protected":false},"excerpt":{"rendered":"<p>La Comisi\u00f3n Europea propone eliminar los cambios de hora en Europa en 2019, ofreciendo a los Estados miembros la libertad de decidir si se regir\u00e1n de manera permanente por la hora de verano o la de invierno. La propuesta legislativa tiene por objeto velar por que todos los cambios se adopten de manera coordinada entre [&hellip;]<\/p>\n","protected":false},"author":101012,"featured_media":8251,"comment_status":"open","ping_status":"open","sticky":false,"template":"","format":"standard","meta":{"_acf_changed":false,"_relevanssi_hide_post":"","_relevanssi_hide_content":"","_relevanssi_pin_for_all":"","_relevanssi_pin_keywords":"","_relevanssi_unpin_keywords":"","_relevanssi_related_keywords":"","_relevanssi_related_include_ids":"","_relevanssi_related_exclude_ids":"","_relevanssi_related_no_append":"","_relevanssi_related_not_related":"","_relevanssi_related_posts":"","_relevanssi_noindex_reason":"","_monsterinsights_skip_tracking":false,"_monsterinsights_sitenote_active":false,"_monsterinsights_sitenote_note":"","_monsterinsights_sitenote_category":0,"_genesis_hide_title":false,"_genesis_hide_breadcrumbs":false,"_genesis_hide_singular_image":false,"_genesis_hide_footer_widgets":false,"_genesis_custom_body_class":"","_genesis_custom_post_class":"","_genesis_layout":"","footnotes":""},"categories":[96],"tags":[135],"class_list":{"0":"post-8249","1":"post","2":"type-post","3":"status-publish","4":"format-standard","5":"has-post-thumbnail","7":"category-noticias-ue","8":"tag-union-europea","9":"entry"},"acf":[],"yoast_head":"<!-- This site is optimized with the Yoast SEO plugin v27.4 - https:\/\/yoast.com\/product\/yoast-seo-wordpress\/ -->\n<title>La Comisi\u00f3n Europea propone eliminar el cambio de hora estacional | CDE Almer\u00eda - Centro de Documentaci\u00f3n Europea - Universidad de Almer\u00eda<\/title>\n<meta name=\"robots\" content=\"index, follow, max-snippet:-1, max-image-preview:large, max-video-preview:-1\" \/>\n<link rel=\"canonical\" href=\"https:\/\/www.cde.ual.es\/la-comision-europea-propone-eliminar-el-cambio-de-hora-estacional\/\" \/>\n<meta property=\"og:locale\" content=\"en_US\" \/>\n<meta property=\"og:type\" content=\"article\" \/>\n<meta property=\"og:title\" content=\"La Comisi\u00f3n Europea propone eliminar el cambio de hora estacional | CDE Almer\u00eda - Centro de Documentaci\u00f3n Europea - Universidad de Almer\u00eda\" \/>\n<meta property=\"og:description\" content=\"La Comisi\u00f3n Europea propone eliminar los cambios de hora en Europa en 2019, ofreciendo a los Estados miembros la libertad de decidir si se regir\u00e1n de manera permanente por la hora de verano o la de invierno. La propuesta legislativa tiene por objeto velar por que todos los cambios se adopten de manera coordinada entre [&hellip;]\" \/>\n<meta property=\"og:url\" content=\"https:\/\/www.cde.ual.es\/la-comision-europea-propone-eliminar-el-cambio-de-hora-estacional\/\" \/>\n<meta property=\"og:site_name\" content=\"CDE Almer\u00eda - Centro de Documentaci\u00f3n Europea - Universidad de Almer\u00eda\" \/>\n<meta property=\"article:publisher\" content=\"https:\/\/www.facebook.com\/cdeuniversidadalmeria\/\" \/>\n<meta property=\"article:published_time\" content=\"2018-09-13T08:03:23+00:00\" \/>\n<meta property=\"article:modified_time\" content=\"2018-09-14T06:44:57+00:00\" \/>\n<meta property=\"og:image\" content=\"https:\/\/www.cde.ual.es\/wp-content\/uploads\/2018\/09\/Fin-del-cambio-de-hora.jpg\" \/>\n\t<meta property=\"og:image:width\" content=\"800\" \/>\n\t<meta property=\"og:image:height\" content=\"449\" \/>\n\t<meta property=\"og:image:type\" content=\"image\/jpeg\" \/>\n<meta name=\"author\" content=\"BECACDE1\" \/>\n<meta name=\"twitter:card\" content=\"summary_large_image\" \/>\n<meta name=\"twitter:creator\" content=\"@cdeualmeria\" \/>\n<meta name=\"twitter:site\" content=\"@cdeualmeria\" \/>\n<meta name=\"twitter:label1\" content=\"Written by\" \/>\n\t<meta name=\"twitter:data1\" content=\"BECACDE1\" \/>\n\t<meta name=\"twitter:label2\" content=\"Est. reading time\" \/>\n\t<meta name=\"twitter:data2\" content=\"4 minutes\" \/>\n<script type=\"application\/ld+json\" class=\"yoast-schema-graph\">{\"@context\":\"https:\\\/\\\/schema.org\",\"@graph\":[{\"@type\":\"Article\",\"@id\":\"https:\\\/\\\/www.cde.ual.es\\\/la-comision-europea-propone-eliminar-el-cambio-de-hora-estacional\\\/#article\",\"isPartOf\":{\"@id\":\"https:\\\/\\\/www.cde.ual.es\\\/la-comision-europea-propone-eliminar-el-cambio-de-hora-estacional\\\/\"},\"author\":{\"name\":\"BECACDE1\",\"@id\":\"https:\\\/\\\/www.cde.ual.es\\\/#\\\/schema\\\/person\\\/bf2f837cf3353e2161fe1087adbd728f\"},\"headline\":\"La Comisi\u00f3n Europea propone eliminar el cambio de hora estacional\",\"datePublished\":\"2018-09-13T08:03:23+00:00\",\"dateModified\":\"2018-09-14T06:44:57+00:00\",\"mainEntityOfPage\":{\"@id\":\"https:\\\/\\\/www.cde.ual.es\\\/la-comision-europea-propone-eliminar-el-cambio-de-hora-estacional\\\/\"},\"wordCount\":749,\"commentCount\":0,\"publisher\":{\"@id\":\"https:\\\/\\\/www.cde.ual.es\\\/#organization\"},\"image\":{\"@id\":\"https:\\\/\\\/www.cde.ual.es\\\/la-comision-europea-propone-eliminar-el-cambio-de-hora-estacional\\\/#primaryimage\"},\"thumbnailUrl\":\"https:\\\/\\\/www.cde.ual.es\\\/wp-content\\\/uploads\\\/2018\\\/09\\\/Fin-del-cambio-de-hora.jpg\",\"keywords\":[\"Uni\u00f3n Europea\"],\"articleSection\":[\"Noticias UE\"],\"inLanguage\":\"en-US\",\"potentialAction\":[{\"@type\":\"CommentAction\",\"name\":\"Comment\",\"target\":[\"https:\\\/\\\/www.cde.ual.es\\\/la-comision-europea-propone-eliminar-el-cambio-de-hora-estacional\\\/#respond\"]}]},{\"@type\":\"WebPage\",\"@id\":\"https:\\\/\\\/www.cde.ual.es\\\/la-comision-europea-propone-eliminar-el-cambio-de-hora-estacional\\\/\",\"url\":\"https:\\\/\\\/www.cde.ual.es\\\/la-comision-europea-propone-eliminar-el-cambio-de-hora-estacional\\\/\",\"name\":\"La Comisi\u00f3n Europea propone eliminar el cambio de hora estacional | CDE Almer\u00eda - Centro de Documentaci\u00f3n Europea - Universidad de Almer\u00eda\",\"isPartOf\":{\"@id\":\"https:\\\/\\\/www.cde.ual.es\\\/#website\"},\"primaryImageOfPage\":{\"@id\":\"https:\\\/\\\/www.cde.ual.es\\\/la-comision-europea-propone-eliminar-el-cambio-de-hora-estacional\\\/#primaryimage\"},\"image\":{\"@id\":\"https:\\\/\\\/www.cde.ual.es\\\/la-comision-europea-propone-eliminar-el-cambio-de-hora-estacional\\\/#primaryimage\"},\"thumbnailUrl\":\"https:\\\/\\\/www.cde.ual.es\\\/wp-content\\\/uploads\\\/2018\\\/09\\\/Fin-del-cambio-de-hora.jpg\",\"datePublished\":\"2018-09-13T08:03:23+00:00\",\"dateModified\":\"2018-09-14T06:44:57+00:00\",\"breadcrumb\":{\"@id\":\"https:\\\/\\\/www.cde.ual.es\\\/la-comision-europea-propone-eliminar-el-cambio-de-hora-estacional\\\/#breadcrumb\"},\"inLanguage\":\"en-US\",\"potentialAction\":[{\"@type\":\"ReadAction\",\"target\":[\"https:\\\/\\\/www.cde.ual.es\\\/la-comision-europea-propone-eliminar-el-cambio-de-hora-estacional\\\/\"]}]},{\"@type\":\"ImageObject\",\"inLanguage\":\"en-US\",\"@id\":\"https:\\\/\\\/www.cde.ual.es\\\/la-comision-europea-propone-eliminar-el-cambio-de-hora-estacional\\\/#primaryimage\",\"url\":\"https:\\\/\\\/www.cde.ual.es\\\/wp-content\\\/uploads\\\/2018\\\/09\\\/Fin-del-cambio-de-hora.jpg\",\"contentUrl\":\"https:\\\/\\\/www.cde.ual.es\\\/wp-content\\\/uploads\\\/2018\\\/09\\\/Fin-del-cambio-de-hora.jpg\",\"width\":800,\"height\":449},{\"@type\":\"BreadcrumbList\",\"@id\":\"https:\\\/\\\/www.cde.ual.es\\\/la-comision-europea-propone-eliminar-el-cambio-de-hora-estacional\\\/#breadcrumb\",\"itemListElement\":[{\"@type\":\"ListItem\",\"position\":1,\"name\":\"Inicio\",\"item\":\"https:\\\/\\\/www.cde.ual.es\\\/en\\\/\"},{\"@type\":\"ListItem\",\"position\":2,\"name\":\"Noticias UE\",\"item\":\"https:\\\/\\\/www.cde.ual.es\\\/category\\\/noticias-ue\\\/\"},{\"@type\":\"ListItem\",\"position\":3,\"name\":\"La Comisi\u00f3n Europea propone eliminar el cambio de hora estacional\"}]},{\"@type\":\"WebSite\",\"@id\":\"https:\\\/\\\/www.cde.ual.es\\\/#website\",\"url\":\"https:\\\/\\\/www.cde.ual.es\\\/\",\"name\":\"CDE Almer\u00eda - Centro de Documentaci\u00f3n Europea - Universidad de Almer\u00eda\",\"description\":\"Centro de Documentaci\u00f3n Europea de la Universidad de Almer\u00eda\",\"publisher\":{\"@id\":\"https:\\\/\\\/www.cde.ual.es\\\/#organization\"},\"alternateName\":\"CDE Almer\u00eda\",\"potentialAction\":[{\"@type\":\"SearchAction\",\"target\":{\"@type\":\"EntryPoint\",\"urlTemplate\":\"https:\\\/\\\/www.cde.ual.es\\\/?s={search_term_string}\"},\"query-input\":{\"@type\":\"PropertyValueSpecification\",\"valueRequired\":true,\"valueName\":\"search_term_string\"}}],\"inLanguage\":\"en-US\"},{\"@type\":\"Organization\",\"@id\":\"https:\\\/\\\/www.cde.ual.es\\\/#organization\",\"name\":\"Centro de Documentaci\u00f3n Europea de Almer\u00eda\",\"url\":\"https:\\\/\\\/www.cde.ual.es\\\/\",\"logo\":{\"@type\":\"ImageObject\",\"inLanguage\":\"en-US\",\"@id\":\"https:\\\/\\\/www.cde.ual.es\\\/#\\\/schema\\\/logo\\\/image\\\/\",\"url\":\"https:\\\/\\\/www.cde.ual.es\\\/wp-content\\\/uploads\\\/2025\\\/07\\\/cde-logo-3.png\",\"contentUrl\":\"https:\\\/\\\/www.cde.ual.es\\\/wp-content\\\/uploads\\\/2025\\\/07\\\/cde-logo-3.png\",\"width\":1400,\"height\":300,\"caption\":\"Centro de Documentaci\u00f3n Europea de Almer\u00eda\"},\"image\":{\"@id\":\"https:\\\/\\\/www.cde.ual.es\\\/#\\\/schema\\\/logo\\\/image\\\/\"},\"sameAs\":[\"https:\\\/\\\/www.facebook.com\\\/cdeuniversidadalmeria\\\/\",\"https:\\\/\\\/x.com\\\/cdeualmeria\",\"https:\\\/\\\/www.tiktok.com\\\/@cdealmeria\",\"https:\\\/\\\/www.instagram.com\\\/cdealmeria\\\/\",\"https:\\\/\\\/www.linkedin.com\\\/in\\\/cde-almera-812b26a9\\\/\"]},{\"@type\":\"Person\",\"@id\":\"https:\\\/\\\/www.cde.ual.es\\\/#\\\/schema\\\/person\\\/bf2f837cf3353e2161fe1087adbd728f\",\"name\":\"BECACDE1\",\"image\":{\"@type\":\"ImageObject\",\"inLanguage\":\"en-US\",\"@id\":\"https:\\\/\\\/secure.gravatar.com\\\/avatar\\\/16a4c1e422b5dec818ee13eab3353b19db9cfd278cc10f9b0e1188a37671d9d4?s=96&d=mm&r=g\",\"url\":\"https:\\\/\\\/secure.gravatar.com\\\/avatar\\\/16a4c1e422b5dec818ee13eab3353b19db9cfd278cc10f9b0e1188a37671d9d4?s=96&d=mm&r=g\",\"contentUrl\":\"https:\\\/\\\/secure.gravatar.com\\\/avatar\\\/16a4c1e422b5dec818ee13eab3353b19db9cfd278cc10f9b0e1188a37671d9d4?s=96&d=mm&r=g\",\"caption\":\"BECACDE1\"},\"sameAs\":[\"http:\\\/\\\/www.cdealmeria.com\"]}]}<\/script>\n<!-- \/ Yoast SEO plugin. -->","yoast_head_json":{"title":"La Comisi\u00f3n Europea propone eliminar el cambio de hora estacional | CDE Almer\u00eda - Centro de Documentaci\u00f3n Europea - Universidad de Almer\u00eda","robots":{"index":"index","follow":"follow","max-snippet":"max-snippet:-1","max-image-preview":"max-image-preview:large","max-video-preview":"max-video-preview:-1"},"canonical":"https:\/\/www.cde.ual.es\/la-comision-europea-propone-eliminar-el-cambio-de-hora-estacional\/","og_locale":"en_US","og_type":"article","og_title":"La Comisi\u00f3n Europea propone eliminar el cambio de hora estacional | CDE Almer\u00eda - Centro de Documentaci\u00f3n Europea - Universidad de Almer\u00eda","og_description":"La Comisi\u00f3n Europea propone eliminar los cambios de hora en Europa en 2019, ofreciendo a los Estados miembros la libertad de decidir si se regir\u00e1n de manera permanente por la hora de verano o la de invierno. La propuesta legislativa tiene por objeto velar por que todos los cambios se adopten de manera coordinada entre [&hellip;]","og_url":"https:\/\/www.cde.ual.es\/la-comision-europea-propone-eliminar-el-cambio-de-hora-estacional\/","og_site_name":"CDE Almer\u00eda - Centro de Documentaci\u00f3n Europea - Universidad de Almer\u00eda","article_publisher":"https:\/\/www.facebook.com\/cdeuniversidadalmeria\/","article_published_time":"2018-09-13T08:03:23+00:00","article_modified_time":"2018-09-14T06:44:57+00:00","og_image":[{"width":800,"height":449,"url":"https:\/\/www.cde.ual.es\/wp-content\/uploads\/2018\/09\/Fin-del-cambio-de-hora.jpg","type":"image\/jpeg"}],"author":"BECACDE1","twitter_card":"summary_large_image","twitter_creator":"@cdeualmeria","twitter_site":"@cdeualmeria","twitter_misc":{"Written by":"BECACDE1","Est. reading time":"4 minutes"},"schema":{"@context":"https:\/\/schema.org","@graph":[{"@type":"Article","@id":"https:\/\/www.cde.ual.es\/la-comision-europea-propone-eliminar-el-cambio-de-hora-estacional\/#article","isPartOf":{"@id":"https:\/\/www.cde.ual.es\/la-comision-europea-propone-eliminar-el-cambio-de-hora-estacional\/"},"author":{"name":"BECACDE1","@id":"https:\/\/www.cde.ual.es\/#\/schema\/person\/bf2f837cf3353e2161fe1087adbd728f"},"headline":"La Comisi\u00f3n Europea propone eliminar el cambio de hora estacional","datePublished":"2018-09-13T08:03:23+00:00","dateModified":"2018-09-14T06:44:57+00:00","mainEntityOfPage":{"@id":"https:\/\/www.cde.ual.es\/la-comision-europea-propone-eliminar-el-cambio-de-hora-estacional\/"},"wordCount":749,"commentCount":0,"publisher":{"@id":"https:\/\/www.cde.ual.es\/#organization"},"image":{"@id":"https:\/\/www.cde.ual.es\/la-comision-europea-propone-eliminar-el-cambio-de-hora-estacional\/#primaryimage"},"thumbnailUrl":"https:\/\/www.cde.ual.es\/wp-content\/uploads\/2018\/09\/Fin-del-cambio-de-hora.jpg","keywords":["Uni\u00f3n Europea"],"articleSection":["Noticias UE"],"inLanguage":"en-US","potentialAction":[{"@type":"CommentAction","name":"Comment","target":["https:\/\/www.cde.ual.es\/la-comision-europea-propone-eliminar-el-cambio-de-hora-estacional\/#respond"]}]},{"@type":"WebPage","@id":"https:\/\/www.cde.ual.es\/la-comision-europea-propone-eliminar-el-cambio-de-hora-estacional\/","url":"https:\/\/www.cde.ual.es\/la-comision-europea-propone-eliminar-el-cambio-de-hora-estacional\/","name":"La Comisi\u00f3n Europea propone eliminar el cambio de hora estacional | CDE Almer\u00eda - Centro de Documentaci\u00f3n Europea - Universidad de Almer\u00eda","isPartOf":{"@id":"https:\/\/www.cde.ual.es\/#website"},"primaryImageOfPage":{"@id":"https:\/\/www.cde.ual.es\/la-comision-europea-propone-eliminar-el-cambio-de-hora-estacional\/#primaryimage"},"image":{"@id":"https:\/\/www.cde.ual.es\/la-comision-europea-propone-eliminar-el-cambio-de-hora-estacional\/#primaryimage"},"thumbnailUrl":"https:\/\/www.cde.ual.es\/wp-content\/uploads\/2018\/09\/Fin-del-cambio-de-hora.jpg","datePublished":"2018-09-13T08:03:23+00:00","dateModified":"2018-09-14T06:44:57+00:00","breadcrumb":{"@id":"https:\/\/www.cde.ual.es\/la-comision-europea-propone-eliminar-el-cambio-de-hora-estacional\/#breadcrumb"},"inLanguage":"en-US","potentialAction":[{"@type":"ReadAction","target":["https:\/\/www.cde.ual.es\/la-comision-europea-propone-eliminar-el-cambio-de-hora-estacional\/"]}]},{"@type":"ImageObject","inLanguage":"en-US","@id":"https:\/\/www.cde.ual.es\/la-comision-europea-propone-eliminar-el-cambio-de-hora-estacional\/#primaryimage","url":"https:\/\/www.cde.ual.es\/wp-content\/uploads\/2018\/09\/Fin-del-cambio-de-hora.jpg","contentUrl":"https:\/\/www.cde.ual.es\/wp-content\/uploads\/2018\/09\/Fin-del-cambio-de-hora.jpg","width":800,"height":449},{"@type":"BreadcrumbList","@id":"https:\/\/www.cde.ual.es\/la-comision-europea-propone-eliminar-el-cambio-de-hora-estacional\/#breadcrumb","itemListElement":[{"@type":"ListItem","position":1,"name":"Inicio","item":"https:\/\/www.cde.ual.es\/en\/"},{"@type":"ListItem","position":2,"name":"Noticias UE","item":"https:\/\/www.cde.ual.es\/category\/noticias-ue\/"},{"@type":"ListItem","position":3,"name":"La Comisi\u00f3n Europea propone eliminar el cambio de hora estacional"}]},{"@type":"WebSite","@id":"https:\/\/www.cde.ual.es\/#website","url":"https:\/\/www.cde.ual.es\/","name":"CDE Almer\u00eda - Centro de Documentaci\u00f3n Europea - Universidad de Almer\u00eda","description":"Centro de Documentaci\u00f3n Europea de la Universidad de Almer\u00eda","publisher":{"@id":"https:\/\/www.cde.ual.es\/#organization"},"alternateName":"CDE Almer\u00eda","potentialAction":[{"@type":"SearchAction","target":{"@type":"EntryPoint","urlTemplate":"https:\/\/www.cde.ual.es\/?s={search_term_string}"},"query-input":{"@type":"PropertyValueSpecification","valueRequired":true,"valueName":"search_term_string"}}],"inLanguage":"en-US"},{"@type":"Organization","@id":"https:\/\/www.cde.ual.es\/#organization","name":"Centro de Documentaci\u00f3n Europea de Almer\u00eda","url":"https:\/\/www.cde.ual.es\/","logo":{"@type":"ImageObject","inLanguage":"en-US","@id":"https:\/\/www.cde.ual.es\/#\/schema\/logo\/image\/","url":"https:\/\/www.cde.ual.es\/wp-content\/uploads\/2025\/07\/cde-logo-3.png","contentUrl":"https:\/\/www.cde.ual.es\/wp-content\/uploads\/2025\/07\/cde-logo-3.png","width":1400,"height":300,"caption":"Centro de Documentaci\u00f3n Europea de Almer\u00eda"},"image":{"@id":"https:\/\/www.cde.ual.es\/#\/schema\/logo\/image\/"},"sameAs":["https:\/\/www.facebook.com\/cdeuniversidadalmeria\/","https:\/\/x.com\/cdeualmeria","https:\/\/www.tiktok.com\/@cdealmeria","https:\/\/www.instagram.com\/cdealmeria\/","https:\/\/www.linkedin.com\/in\/cde-almera-812b26a9\/"]},{"@type":"Person","@id":"https:\/\/www.cde.ual.es\/#\/schema\/person\/bf2f837cf3353e2161fe1087adbd728f","name":"BECACDE1","image":{"@type":"ImageObject","inLanguage":"en-US","@id":"https:\/\/secure.gravatar.com\/avatar\/16a4c1e422b5dec818ee13eab3353b19db9cfd278cc10f9b0e1188a37671d9d4?s=96&d=mm&r=g","url":"https:\/\/secure.gravatar.com\/avatar\/16a4c1e422b5dec818ee13eab3353b19db9cfd278cc10f9b0e1188a37671d9d4?s=96&d=mm&r=g","contentUrl":"https:\/\/secure.gravatar.com\/avatar\/16a4c1e422b5dec818ee13eab3353b19db9cfd278cc10f9b0e1188a37671d9d4?s=96&d=mm&r=g","caption":"BECACDE1"},"sameAs":["http:\/\/www.cdealmeria.com"]}]}},"_links":{"self":[{"href":"https:\/\/www.cde.ual.es\/en\/wp-json\/wp\/v2\/posts\/8249","targetHints":{"allow":["GET"]}}],"collection":[{"href":"https:\/\/www.cde.ual.es\/en\/wp-json\/wp\/v2\/posts"}],"about":[{"href":"https:\/\/www.cde.ual.es\/en\/wp-json\/wp\/v2\/types\/post"}],"author":[{"embeddable":true,"href":"https:\/\/www.cde.ual.es\/en\/wp-json\/wp\/v2\/users\/101012"}],"replies":[{"embeddable":true,"href":"https:\/\/www.cde.ual.es\/en\/wp-json\/wp\/v2\/comments?post=8249"}],"version-history":[{"count":0,"href":"https:\/\/www.cde.ual.es\/en\/wp-json\/wp\/v2\/posts\/8249\/revisions"}],"wp:featuredmedia":[{"embeddable":true,"href":"https:\/\/www.cde.ual.es\/en\/wp-json\/wp\/v2\/media\/8251"}],"wp:attachment":[{"href":"https:\/\/www.cde.ual.es\/en\/wp-json\/wp\/v2\/media?parent=8249"}],"wp:term":[{"taxonomy":"category","embeddable":true,"href":"https:\/\/www.cde.ual.es\/en\/wp-json\/wp\/v2\/categories?post=8249"},{"taxonomy":"post_tag","embeddable":true,"href":"https:\/\/www.cde.ual.es\/en\/wp-json\/wp\/v2\/tags?post=8249"}],"curies":[{"name":"wp","href":"https:\/\/api.w.org\/{rel}","templated":true}]}}