{"id":8181,"date":"2018-09-11T10:09:04","date_gmt":"2018-09-11T08:09:04","guid":{"rendered":"http:\/\/www.cde.ual.es\/?p=8181"},"modified":"2018-09-11T10:34:33","modified_gmt":"2018-09-11T08:34:33","slug":"estado-de-la-union-el-presidente-juncker-pronunciara-su-discurso-de-2018-la-proxima-semana","status":"publish","type":"post","link":"https:\/\/www.cde.ual.es\/en\/estado-de-la-union-el-presidente-juncker-pronunciara-su-discurso-de-2018-la-proxima-semana\/","title":{"rendered":"Estado de la Uni\u00f3n: el presidente Juncker pronunciar\u00e1 su discurso de 2018 ma\u00f1ana"},"content":{"rendered":"<p style=\"text-align: center;\"><em><strong><a href=\"http:\/\/www.cde.ual.es\/wp-content\/uploads\/2018\/09\/Estado-Naci\u00f3n.jpg\"><img decoding=\"async\" class=\"size-medium wp-image-8184 aligncenter\" src=\"http:\/\/www.cde.ual.es\/wp-content\/uploads\/2018\/09\/Estado-Naci\u00f3n-300x169.jpg\" alt=\"\" width=\"300\" height=\"169\" srcset=\"https:\/\/www.cde.ual.es\/wp-content\/uploads\/2018\/09\/Estado-Naci\u00f3n-300x169.jpg 300w, https:\/\/www.cde.ual.es\/wp-content\/uploads\/2018\/09\/Estado-Naci\u00f3n-768x432.jpg 768w, https:\/\/www.cde.ual.es\/wp-content\/uploads\/2018\/09\/Estado-Naci\u00f3n-1024x576.jpg 1024w, https:\/\/www.cde.ual.es\/wp-content\/uploads\/2018\/09\/Estado-Naci\u00f3n.jpg 1200w\" sizes=\"(max-width: 300px) 100vw, 300px\" \/><\/a><\/strong><\/em><\/p>\n<p><em><strong>El presidente de la Comisi\u00f3n Europea, Jean-Claude Juncker, pronunciar\u00e1 su cuarto discurso sobre el Estado de la Uni\u00f3n en el Parlamento Europeo en Estrasburgo ma\u00f1ana 12 de septiembre.<\/strong><\/em><\/p>\n<p>Este a\u00f1o, el discurso precede a las elecciones europeas de 2019 y se enmarca en el debate en curso sobre el futuro de la Uni\u00f3n Europea con 27 Estados miembros. En el discurso del a\u00f1o pasado, el presidente Juncker expuso su visi\u00f3n de la manera en que podr\u00eda evolucionar la Uni\u00f3n Europea hasta 2025 y present\u00f3 una <a href=\"https:\/\/ec.europa.eu\/commission\/sites\/beta-political\/files\/roadmap-soteu-factsheet_en.pdf\">Hoja de ruta para una Uni\u00f3n<\/a> m\u00e1s unida, m\u00e1s fuerte y m\u00e1s democr\u00e1tica. Complementaron el discurso iniciativas concretas sobre comercio, control de las inversiones, ciberseguridad, industria y datos. Sobre esta base, los dirigentes nacionales se reunieron en Tallin (Estonia) y alcanzaron un acuerdo sobre una Agenda de los Dirigentes, esto es, una lista de los problemas y retos m\u00e1s apremiantes para los que deben hallarse soluciones antes de las elecciones al Parlamento Europeo de mayo de 2019. El 9 de mayo de 2019, en una cumbre que se celebrar\u00e1 en Sibiu (Ruman\u00eda), se prev\u00e9 que los dirigentes nacionales marquen la culminaci\u00f3n de este proceso con la renovaci\u00f3n del compromiso con una Uni\u00f3n Europea que ofrezca respuestas a las cuestiones que realmente importan a los ciudadanos.<\/p>\n<p>El discurso de este a\u00f1o volver\u00e1 a ir acompa\u00f1ado de nuevas propuestas, para pasar inmediatamente de las palabras a las obras. El presidente har\u00e1 propuestas que puedan arrojar resultados positivos para los ciudadanos de aqu\u00ed a la cumbre de Sibiu y sentar las bases para un amplio debate en v\u00edsperas de las elecciones europeas.<\/p>\n<h3>Contexto<\/h3>\n<p>El discurso sobre el Estado de la Uni\u00f3n marca el inicio del di\u00e1logo con el Parlamento Europeo y el Consejo de cara de cara a la elaboraci\u00f3n del programa de trabajo anual de la Comisi\u00f3n. Anclado en el Tratado de Lisboa, el Discurso sobre el Estado de la Uni\u00f3n est\u00e1 previsto en el Acuerdo marco de 2010 sobre las relaciones entre el Parlamento Europeo y la Comisi\u00f3n Europea, que exige a su presidente y a su vicepresidente primero que remitan una carta de intenciones al presidente del Parlamento Europeo y a la Presidencia del Consejo en la que expongan las medidas que la Comisi\u00f3n Europea tiene previsto adoptar mediante disposiciones legislativas y de otro tipo. Al discurso sobre el Estado de la Uni\u00f3n sigue un debate en el pleno con los diputados del Parlamento Europeo. El primer discurso sobre el Estado de la Uni\u00f3n se pronunci\u00f3 en 2010, tras la entrada en vigor del Tratado de Lisboa.<\/p>\n<p>Los preparativos del presidente Juncker de cara al discurso sobre el Estado de la Uni\u00f3n empiezan en julio. Se re\u00fanen aportaciones de toda la Comisi\u00f3n, esto es, de los comisarios, los gabinetes, las Direcciones Generales y los embajadores de la UE. El presidente Juncker celebra a continuaci\u00f3n un seminario de dos d\u00edas con el Colegio de Comisarios a finales de agosto para debatir los desaf\u00edos y las prioridades del a\u00f1o siguiente. Al redactar el discurso, el presidente Juncker tambi\u00e9n mantiene amplias consultas fuera de la instituci\u00f3n, hablando con l\u00edderes de toda Europa y de fuera de ella, la Conferencia de Presidentes y los grupos pol\u00edticos del Parlamento Europeo, adem\u00e1s de con embajadores y representantes permanentes ante la UE y los principales grupos de reflexi\u00f3n europeos.<\/p>\n<p><img decoding=\"async\" id=\"m_-5078609691482629155Picture_x0020_4\" class=\"CToWUd aligncenter\" src=\"https:\/\/mail.google.com\/mail\/u\/0\/?ui=2&amp;ik=f1cba815a9&amp;view=fimg&amp;th=165c795997674a0b&amp;attid=0.3&amp;disp=emb&amp;attbid=ANGjdJ9EiObwYyds7oSO7HC8j_4_mTYu4dOpS14LYXZ9T98BFoxI0_EE6qou36Olfa-yXTzNrhQDKxRuqAs6v0F8Tjt0ywBrt9wgzQq15wWjALe8-WRtBxJTKl2Z06s&amp;sz=w1600-h76&amp;ats=1536652076744&amp;rm=165c795997674a0b&amp;zw&amp;atsh=1\" alt=\"banner\" width=\"800\" height=\"38\" border=\"0\" \/><u><\/u><u><\/u><\/p>\n<p><span lang=\"ES\">\u00a0<\/span><\/p>\n<h3>Para m\u00e1s informaci\u00f3n<\/h3>\n<p><a href=\"https:\/\/ec.europa.eu\/commission\/priorities\/state-union-speeches_en\">Discursos anteriores del presidente Juncker sobre el estado de la Uni\u00f3n<\/a><\/p>\n<p><a href=\"http:\/\/ec.europa.eu\/avservices\/ebs\/schedule.cfm?sitelang=en&amp;page=1&amp;institution=&amp;date=09\/12\/2018\">Vinculo para seguir el discurso<\/a><\/p>\n","protected":false},"excerpt":{"rendered":"<p>El presidente de la Comisi\u00f3n Europea, Jean-Claude Juncker, pronunciar\u00e1 su cuarto discurso sobre el Estado de la Uni\u00f3n en el Parlamento Europeo en Estrasburgo ma\u00f1ana 12 de septiembre. Este a\u00f1o, el discurso precede a las elecciones europeas de 2019 y se enmarca en el debate en curso sobre el futuro de la Uni\u00f3n Europea con [&hellip;]<\/p>\n","protected":false},"author":1,"featured_media":8184,"comment_status":"open","ping_status":"open","sticky":false,"template":"","format":"standard","meta":{"_acf_changed":false,"_relevanssi_hide_post":"","_relevanssi_hide_content":"","_relevanssi_pin_for_all":"","_relevanssi_pin_keywords":"","_relevanssi_unpin_keywords":"","_relevanssi_related_keywords":"","_relevanssi_related_include_ids":"","_relevanssi_related_exclude_ids":"","_relevanssi_related_no_append":"","_relevanssi_related_not_related":"","_relevanssi_related_posts":"","_relevanssi_noindex_reason":"","_monsterinsights_skip_tracking":false,"_monsterinsights_sitenote_active":false,"_monsterinsights_sitenote_note":"","_monsterinsights_sitenote_category":0,"_genesis_hide_title":false,"_genesis_hide_breadcrumbs":false,"_genesis_hide_singular_image":false,"_genesis_hide_footer_widgets":false,"_genesis_custom_body_class":"","_genesis_custom_post_class":"","_genesis_layout":"","footnotes":""},"categories":[96],"tags":[135],"class_list":{"0":"post-8181","1":"post","2":"type-post","3":"status-publish","4":"format-standard","5":"has-post-thumbnail","7":"category-noticias-ue","8":"tag-union-europea","9":"entry"},"acf":[],"yoast_head":"<!-- This site is optimized with the Yoast SEO plugin v27.4 - https:\/\/yoast.com\/product\/yoast-seo-wordpress\/ -->\n<title>Estado de la Uni\u00f3n: el presidente Juncker pronunciar\u00e1 su discurso de 2018 ma\u00f1ana | CDE Almer\u00eda - Centro de Documentaci\u00f3n Europea - Universidad de Almer\u00eda<\/title>\n<meta name=\"robots\" content=\"index, follow, max-snippet:-1, max-image-preview:large, max-video-preview:-1\" \/>\n<link rel=\"canonical\" href=\"https:\/\/www.cde.ual.es\/estado-de-la-union-el-presidente-juncker-pronunciara-su-discurso-de-2018-la-proxima-semana\/\" \/>\n<meta property=\"og:locale\" content=\"en_US\" \/>\n<meta property=\"og:type\" content=\"article\" \/>\n<meta property=\"og:title\" content=\"Estado de la Uni\u00f3n: el presidente Juncker pronunciar\u00e1 su discurso de 2018 ma\u00f1ana | CDE Almer\u00eda - Centro de Documentaci\u00f3n Europea - Universidad de Almer\u00eda\" \/>\n<meta property=\"og:description\" content=\"El presidente de la Comisi\u00f3n Europea, Jean-Claude Juncker, pronunciar\u00e1 su cuarto discurso sobre el Estado de la Uni\u00f3n en el Parlamento Europeo en Estrasburgo ma\u00f1ana 12 de septiembre. Este a\u00f1o, el discurso precede a las elecciones europeas de 2019 y se enmarca en el debate en curso sobre el futuro de la Uni\u00f3n Europea con [&hellip;]\" \/>\n<meta property=\"og:url\" content=\"https:\/\/www.cde.ual.es\/estado-de-la-union-el-presidente-juncker-pronunciara-su-discurso-de-2018-la-proxima-semana\/\" \/>\n<meta property=\"og:site_name\" content=\"CDE Almer\u00eda - Centro de Documentaci\u00f3n Europea - Universidad de Almer\u00eda\" \/>\n<meta property=\"article:publisher\" content=\"https:\/\/www.facebook.com\/cdeuniversidadalmeria\/\" \/>\n<meta property=\"article:published_time\" content=\"2018-09-11T08:09:04+00:00\" \/>\n<meta property=\"article:modified_time\" content=\"2018-09-11T08:34:33+00:00\" \/>\n<meta property=\"og:image\" content=\"https:\/\/www.cde.ual.es\/wp-content\/uploads\/2018\/09\/Estado-Naci\u00f3n.jpg\" \/>\n\t<meta property=\"og:image:width\" content=\"1200\" \/>\n\t<meta property=\"og:image:height\" content=\"675\" \/>\n\t<meta property=\"og:image:type\" content=\"image\/jpeg\" \/>\n<meta name=\"author\" content=\"AdminCDE\" \/>\n<meta name=\"twitter:card\" content=\"summary_large_image\" \/>\n<meta name=\"twitter:creator\" content=\"@cdeualmeria\" \/>\n<meta name=\"twitter:site\" content=\"@cdeualmeria\" \/>\n<meta name=\"twitter:label1\" content=\"Written by\" \/>\n\t<meta name=\"twitter:data1\" content=\"AdminCDE\" \/>\n\t<meta name=\"twitter:label2\" content=\"Est. reading time\" \/>\n\t<meta name=\"twitter:data2\" content=\"3 minutes\" \/>\n<script type=\"application\/ld+json\" class=\"yoast-schema-graph\">{\"@context\":\"https:\\\/\\\/schema.org\",\"@graph\":[{\"@type\":\"Article\",\"@id\":\"https:\\\/\\\/www.cde.ual.es\\\/estado-de-la-union-el-presidente-juncker-pronunciara-su-discurso-de-2018-la-proxima-semana\\\/#article\",\"isPartOf\":{\"@id\":\"https:\\\/\\\/www.cde.ual.es\\\/estado-de-la-union-el-presidente-juncker-pronunciara-su-discurso-de-2018-la-proxima-semana\\\/\"},\"author\":{\"name\":\"AdminCDE\",\"@id\":\"https:\\\/\\\/www.cde.ual.es\\\/#\\\/schema\\\/person\\\/224ef08c8bcc005f319d2713ce37ee5f\"},\"headline\":\"Estado de la Uni\u00f3n: el presidente Juncker pronunciar\u00e1 su discurso de 2018 ma\u00f1ana\",\"datePublished\":\"2018-09-11T08:09:04+00:00\",\"dateModified\":\"2018-09-11T08:34:33+00:00\",\"mainEntityOfPage\":{\"@id\":\"https:\\\/\\\/www.cde.ual.es\\\/estado-de-la-union-el-presidente-juncker-pronunciara-su-discurso-de-2018-la-proxima-semana\\\/\"},\"wordCount\":618,\"commentCount\":0,\"publisher\":{\"@id\":\"https:\\\/\\\/www.cde.ual.es\\\/#organization\"},\"image\":{\"@id\":\"https:\\\/\\\/www.cde.ual.es\\\/estado-de-la-union-el-presidente-juncker-pronunciara-su-discurso-de-2018-la-proxima-semana\\\/#primaryimage\"},\"thumbnailUrl\":\"https:\\\/\\\/www.cde.ual.es\\\/wp-content\\\/uploads\\\/2018\\\/09\\\/Estado-Naci\u00f3n.jpg\",\"keywords\":[\"Uni\u00f3n Europea\"],\"articleSection\":[\"Noticias UE\"],\"inLanguage\":\"en-US\",\"potentialAction\":[{\"@type\":\"CommentAction\",\"name\":\"Comment\",\"target\":[\"https:\\\/\\\/www.cde.ual.es\\\/estado-de-la-union-el-presidente-juncker-pronunciara-su-discurso-de-2018-la-proxima-semana\\\/#respond\"]}]},{\"@type\":\"WebPage\",\"@id\":\"https:\\\/\\\/www.cde.ual.es\\\/estado-de-la-union-el-presidente-juncker-pronunciara-su-discurso-de-2018-la-proxima-semana\\\/\",\"url\":\"https:\\\/\\\/www.cde.ual.es\\\/estado-de-la-union-el-presidente-juncker-pronunciara-su-discurso-de-2018-la-proxima-semana\\\/\",\"name\":\"Estado de la Uni\u00f3n: el presidente Juncker pronunciar\u00e1 su discurso de 2018 ma\u00f1ana | CDE Almer\u00eda - Centro de Documentaci\u00f3n Europea - Universidad de Almer\u00eda\",\"isPartOf\":{\"@id\":\"https:\\\/\\\/www.cde.ual.es\\\/#website\"},\"primaryImageOfPage\":{\"@id\":\"https:\\\/\\\/www.cde.ual.es\\\/estado-de-la-union-el-presidente-juncker-pronunciara-su-discurso-de-2018-la-proxima-semana\\\/#primaryimage\"},\"image\":{\"@id\":\"https:\\\/\\\/www.cde.ual.es\\\/estado-de-la-union-el-presidente-juncker-pronunciara-su-discurso-de-2018-la-proxima-semana\\\/#primaryimage\"},\"thumbnailUrl\":\"https:\\\/\\\/www.cde.ual.es\\\/wp-content\\\/uploads\\\/2018\\\/09\\\/Estado-Naci\u00f3n.jpg\",\"datePublished\":\"2018-09-11T08:09:04+00:00\",\"dateModified\":\"2018-09-11T08:34:33+00:00\",\"breadcrumb\":{\"@id\":\"https:\\\/\\\/www.cde.ual.es\\\/estado-de-la-union-el-presidente-juncker-pronunciara-su-discurso-de-2018-la-proxima-semana\\\/#breadcrumb\"},\"inLanguage\":\"en-US\",\"potentialAction\":[{\"@type\":\"ReadAction\",\"target\":[\"https:\\\/\\\/www.cde.ual.es\\\/estado-de-la-union-el-presidente-juncker-pronunciara-su-discurso-de-2018-la-proxima-semana\\\/\"]}]},{\"@type\":\"ImageObject\",\"inLanguage\":\"en-US\",\"@id\":\"https:\\\/\\\/www.cde.ual.es\\\/estado-de-la-union-el-presidente-juncker-pronunciara-su-discurso-de-2018-la-proxima-semana\\\/#primaryimage\",\"url\":\"https:\\\/\\\/www.cde.ual.es\\\/wp-content\\\/uploads\\\/2018\\\/09\\\/Estado-Naci\u00f3n.jpg\",\"contentUrl\":\"https:\\\/\\\/www.cde.ual.es\\\/wp-content\\\/uploads\\\/2018\\\/09\\\/Estado-Naci\u00f3n.jpg\",\"width\":1200,\"height\":675},{\"@type\":\"BreadcrumbList\",\"@id\":\"https:\\\/\\\/www.cde.ual.es\\\/estado-de-la-union-el-presidente-juncker-pronunciara-su-discurso-de-2018-la-proxima-semana\\\/#breadcrumb\",\"itemListElement\":[{\"@type\":\"ListItem\",\"position\":1,\"name\":\"Inicio\",\"item\":\"https:\\\/\\\/www.cde.ual.es\\\/en\\\/\"},{\"@type\":\"ListItem\",\"position\":2,\"name\":\"Noticias UE\",\"item\":\"https:\\\/\\\/www.cde.ual.es\\\/category\\\/noticias-ue\\\/\"},{\"@type\":\"ListItem\",\"position\":3,\"name\":\"Estado de la Uni\u00f3n: el presidente Juncker pronunciar\u00e1 su discurso de 2018 ma\u00f1ana\"}]},{\"@type\":\"WebSite\",\"@id\":\"https:\\\/\\\/www.cde.ual.es\\\/#website\",\"url\":\"https:\\\/\\\/www.cde.ual.es\\\/\",\"name\":\"CDE Almer\u00eda - Centro de Documentaci\u00f3n Europea - Universidad de Almer\u00eda\",\"description\":\"Centro de Documentaci\u00f3n Europea de la Universidad de Almer\u00eda\",\"publisher\":{\"@id\":\"https:\\\/\\\/www.cde.ual.es\\\/#organization\"},\"alternateName\":\"CDE Almer\u00eda\",\"potentialAction\":[{\"@type\":\"SearchAction\",\"target\":{\"@type\":\"EntryPoint\",\"urlTemplate\":\"https:\\\/\\\/www.cde.ual.es\\\/?s={search_term_string}\"},\"query-input\":{\"@type\":\"PropertyValueSpecification\",\"valueRequired\":true,\"valueName\":\"search_term_string\"}}],\"inLanguage\":\"en-US\"},{\"@type\":\"Organization\",\"@id\":\"https:\\\/\\\/www.cde.ual.es\\\/#organization\",\"name\":\"Centro de Documentaci\u00f3n Europea de Almer\u00eda\",\"url\":\"https:\\\/\\\/www.cde.ual.es\\\/\",\"logo\":{\"@type\":\"ImageObject\",\"inLanguage\":\"en-US\",\"@id\":\"https:\\\/\\\/www.cde.ual.es\\\/#\\\/schema\\\/logo\\\/image\\\/\",\"url\":\"https:\\\/\\\/www.cde.ual.es\\\/wp-content\\\/uploads\\\/2025\\\/07\\\/cde-logo-3.png\",\"contentUrl\":\"https:\\\/\\\/www.cde.ual.es\\\/wp-content\\\/uploads\\\/2025\\\/07\\\/cde-logo-3.png\",\"width\":1400,\"height\":300,\"caption\":\"Centro de Documentaci\u00f3n Europea de Almer\u00eda\"},\"image\":{\"@id\":\"https:\\\/\\\/www.cde.ual.es\\\/#\\\/schema\\\/logo\\\/image\\\/\"},\"sameAs\":[\"https:\\\/\\\/www.facebook.com\\\/cdeuniversidadalmeria\\\/\",\"https:\\\/\\\/x.com\\\/cdeualmeria\",\"https:\\\/\\\/www.tiktok.com\\\/@cdealmeria\",\"https:\\\/\\\/www.instagram.com\\\/cdealmeria\\\/\",\"https:\\\/\\\/www.linkedin.com\\\/in\\\/cde-almera-812b26a9\\\/\"]},{\"@type\":\"Person\",\"@id\":\"https:\\\/\\\/www.cde.ual.es\\\/#\\\/schema\\\/person\\\/224ef08c8bcc005f319d2713ce37ee5f\",\"name\":\"AdminCDE\",\"image\":{\"@type\":\"ImageObject\",\"inLanguage\":\"en-US\",\"@id\":\"https:\\\/\\\/secure.gravatar.com\\\/avatar\\\/a72d038d371f995cd13706fac32274b7952a52e8fb0a84b5f80c85426f2a98a8?s=96&d=mm&r=g\",\"url\":\"https:\\\/\\\/secure.gravatar.com\\\/avatar\\\/a72d038d371f995cd13706fac32274b7952a52e8fb0a84b5f80c85426f2a98a8?s=96&d=mm&r=g\",\"contentUrl\":\"https:\\\/\\\/secure.gravatar.com\\\/avatar\\\/a72d038d371f995cd13706fac32274b7952a52e8fb0a84b5f80c85426f2a98a8?s=96&d=mm&r=g\",\"caption\":\"AdminCDE\"}}]}<\/script>\n<!-- \/ Yoast SEO plugin. -->","yoast_head_json":{"title":"Estado de la Uni\u00f3n: el presidente Juncker pronunciar\u00e1 su discurso de 2018 ma\u00f1ana | CDE Almer\u00eda - Centro de Documentaci\u00f3n Europea - Universidad de Almer\u00eda","robots":{"index":"index","follow":"follow","max-snippet":"max-snippet:-1","max-image-preview":"max-image-preview:large","max-video-preview":"max-video-preview:-1"},"canonical":"https:\/\/www.cde.ual.es\/estado-de-la-union-el-presidente-juncker-pronunciara-su-discurso-de-2018-la-proxima-semana\/","og_locale":"en_US","og_type":"article","og_title":"Estado de la Uni\u00f3n: el presidente Juncker pronunciar\u00e1 su discurso de 2018 ma\u00f1ana | CDE Almer\u00eda - Centro de Documentaci\u00f3n Europea - Universidad de Almer\u00eda","og_description":"El presidente de la Comisi\u00f3n Europea, Jean-Claude Juncker, pronunciar\u00e1 su cuarto discurso sobre el Estado de la Uni\u00f3n en el Parlamento Europeo en Estrasburgo ma\u00f1ana 12 de septiembre. Este a\u00f1o, el discurso precede a las elecciones europeas de 2019 y se enmarca en el debate en curso sobre el futuro de la Uni\u00f3n Europea con [&hellip;]","og_url":"https:\/\/www.cde.ual.es\/estado-de-la-union-el-presidente-juncker-pronunciara-su-discurso-de-2018-la-proxima-semana\/","og_site_name":"CDE Almer\u00eda - Centro de Documentaci\u00f3n Europea - Universidad de Almer\u00eda","article_publisher":"https:\/\/www.facebook.com\/cdeuniversidadalmeria\/","article_published_time":"2018-09-11T08:09:04+00:00","article_modified_time":"2018-09-11T08:34:33+00:00","og_image":[{"width":1200,"height":675,"url":"https:\/\/www.cde.ual.es\/wp-content\/uploads\/2018\/09\/Estado-Naci\u00f3n.jpg","type":"image\/jpeg"}],"author":"AdminCDE","twitter_card":"summary_large_image","twitter_creator":"@cdeualmeria","twitter_site":"@cdeualmeria","twitter_misc":{"Written by":"AdminCDE","Est. reading time":"3 minutes"},"schema":{"@context":"https:\/\/schema.org","@graph":[{"@type":"Article","@id":"https:\/\/www.cde.ual.es\/estado-de-la-union-el-presidente-juncker-pronunciara-su-discurso-de-2018-la-proxima-semana\/#article","isPartOf":{"@id":"https:\/\/www.cde.ual.es\/estado-de-la-union-el-presidente-juncker-pronunciara-su-discurso-de-2018-la-proxima-semana\/"},"author":{"name":"AdminCDE","@id":"https:\/\/www.cde.ual.es\/#\/schema\/person\/224ef08c8bcc005f319d2713ce37ee5f"},"headline":"Estado de la Uni\u00f3n: el presidente Juncker pronunciar\u00e1 su discurso de 2018 ma\u00f1ana","datePublished":"2018-09-11T08:09:04+00:00","dateModified":"2018-09-11T08:34:33+00:00","mainEntityOfPage":{"@id":"https:\/\/www.cde.ual.es\/estado-de-la-union-el-presidente-juncker-pronunciara-su-discurso-de-2018-la-proxima-semana\/"},"wordCount":618,"commentCount":0,"publisher":{"@id":"https:\/\/www.cde.ual.es\/#organization"},"image":{"@id":"https:\/\/www.cde.ual.es\/estado-de-la-union-el-presidente-juncker-pronunciara-su-discurso-de-2018-la-proxima-semana\/#primaryimage"},"thumbnailUrl":"https:\/\/www.cde.ual.es\/wp-content\/uploads\/2018\/09\/Estado-Naci\u00f3n.jpg","keywords":["Uni\u00f3n Europea"],"articleSection":["Noticias UE"],"inLanguage":"en-US","potentialAction":[{"@type":"CommentAction","name":"Comment","target":["https:\/\/www.cde.ual.es\/estado-de-la-union-el-presidente-juncker-pronunciara-su-discurso-de-2018-la-proxima-semana\/#respond"]}]},{"@type":"WebPage","@id":"https:\/\/www.cde.ual.es\/estado-de-la-union-el-presidente-juncker-pronunciara-su-discurso-de-2018-la-proxima-semana\/","url":"https:\/\/www.cde.ual.es\/estado-de-la-union-el-presidente-juncker-pronunciara-su-discurso-de-2018-la-proxima-semana\/","name":"Estado de la Uni\u00f3n: el presidente Juncker pronunciar\u00e1 su discurso de 2018 ma\u00f1ana | CDE Almer\u00eda - Centro de Documentaci\u00f3n Europea - Universidad de Almer\u00eda","isPartOf":{"@id":"https:\/\/www.cde.ual.es\/#website"},"primaryImageOfPage":{"@id":"https:\/\/www.cde.ual.es\/estado-de-la-union-el-presidente-juncker-pronunciara-su-discurso-de-2018-la-proxima-semana\/#primaryimage"},"image":{"@id":"https:\/\/www.cde.ual.es\/estado-de-la-union-el-presidente-juncker-pronunciara-su-discurso-de-2018-la-proxima-semana\/#primaryimage"},"thumbnailUrl":"https:\/\/www.cde.ual.es\/wp-content\/uploads\/2018\/09\/Estado-Naci\u00f3n.jpg","datePublished":"2018-09-11T08:09:04+00:00","dateModified":"2018-09-11T08:34:33+00:00","breadcrumb":{"@id":"https:\/\/www.cde.ual.es\/estado-de-la-union-el-presidente-juncker-pronunciara-su-discurso-de-2018-la-proxima-semana\/#breadcrumb"},"inLanguage":"en-US","potentialAction":[{"@type":"ReadAction","target":["https:\/\/www.cde.ual.es\/estado-de-la-union-el-presidente-juncker-pronunciara-su-discurso-de-2018-la-proxima-semana\/"]}]},{"@type":"ImageObject","inLanguage":"en-US","@id":"https:\/\/www.cde.ual.es\/estado-de-la-union-el-presidente-juncker-pronunciara-su-discurso-de-2018-la-proxima-semana\/#primaryimage","url":"https:\/\/www.cde.ual.es\/wp-content\/uploads\/2018\/09\/Estado-Naci\u00f3n.jpg","contentUrl":"https:\/\/www.cde.ual.es\/wp-content\/uploads\/2018\/09\/Estado-Naci\u00f3n.jpg","width":1200,"height":675},{"@type":"BreadcrumbList","@id":"https:\/\/www.cde.ual.es\/estado-de-la-union-el-presidente-juncker-pronunciara-su-discurso-de-2018-la-proxima-semana\/#breadcrumb","itemListElement":[{"@type":"ListItem","position":1,"name":"Inicio","item":"https:\/\/www.cde.ual.es\/en\/"},{"@type":"ListItem","position":2,"name":"Noticias UE","item":"https:\/\/www.cde.ual.es\/category\/noticias-ue\/"},{"@type":"ListItem","position":3,"name":"Estado de la Uni\u00f3n: el presidente Juncker pronunciar\u00e1 su discurso de 2018 ma\u00f1ana"}]},{"@type":"WebSite","@id":"https:\/\/www.cde.ual.es\/#website","url":"https:\/\/www.cde.ual.es\/","name":"CDE Almer\u00eda - Centro de Documentaci\u00f3n Europea - Universidad de Almer\u00eda","description":"Centro de Documentaci\u00f3n Europea de la Universidad de Almer\u00eda","publisher":{"@id":"https:\/\/www.cde.ual.es\/#organization"},"alternateName":"CDE Almer\u00eda","potentialAction":[{"@type":"SearchAction","target":{"@type":"EntryPoint","urlTemplate":"https:\/\/www.cde.ual.es\/?s={search_term_string}"},"query-input":{"@type":"PropertyValueSpecification","valueRequired":true,"valueName":"search_term_string"}}],"inLanguage":"en-US"},{"@type":"Organization","@id":"https:\/\/www.cde.ual.es\/#organization","name":"Centro de Documentaci\u00f3n Europea de Almer\u00eda","url":"https:\/\/www.cde.ual.es\/","logo":{"@type":"ImageObject","inLanguage":"en-US","@id":"https:\/\/www.cde.ual.es\/#\/schema\/logo\/image\/","url":"https:\/\/www.cde.ual.es\/wp-content\/uploads\/2025\/07\/cde-logo-3.png","contentUrl":"https:\/\/www.cde.ual.es\/wp-content\/uploads\/2025\/07\/cde-logo-3.png","width":1400,"height":300,"caption":"Centro de Documentaci\u00f3n Europea de Almer\u00eda"},"image":{"@id":"https:\/\/www.cde.ual.es\/#\/schema\/logo\/image\/"},"sameAs":["https:\/\/www.facebook.com\/cdeuniversidadalmeria\/","https:\/\/x.com\/cdeualmeria","https:\/\/www.tiktok.com\/@cdealmeria","https:\/\/www.instagram.com\/cdealmeria\/","https:\/\/www.linkedin.com\/in\/cde-almera-812b26a9\/"]},{"@type":"Person","@id":"https:\/\/www.cde.ual.es\/#\/schema\/person\/224ef08c8bcc005f319d2713ce37ee5f","name":"AdminCDE","image":{"@type":"ImageObject","inLanguage":"en-US","@id":"https:\/\/secure.gravatar.com\/avatar\/a72d038d371f995cd13706fac32274b7952a52e8fb0a84b5f80c85426f2a98a8?s=96&d=mm&r=g","url":"https:\/\/secure.gravatar.com\/avatar\/a72d038d371f995cd13706fac32274b7952a52e8fb0a84b5f80c85426f2a98a8?s=96&d=mm&r=g","contentUrl":"https:\/\/secure.gravatar.com\/avatar\/a72d038d371f995cd13706fac32274b7952a52e8fb0a84b5f80c85426f2a98a8?s=96&d=mm&r=g","caption":"AdminCDE"}}]}},"_links":{"self":[{"href":"https:\/\/www.cde.ual.es\/en\/wp-json\/wp\/v2\/posts\/8181","targetHints":{"allow":["GET"]}}],"collection":[{"href":"https:\/\/www.cde.ual.es\/en\/wp-json\/wp\/v2\/posts"}],"about":[{"href":"https:\/\/www.cde.ual.es\/en\/wp-json\/wp\/v2\/types\/post"}],"author":[{"embeddable":true,"href":"https:\/\/www.cde.ual.es\/en\/wp-json\/wp\/v2\/users\/1"}],"replies":[{"embeddable":true,"href":"https:\/\/www.cde.ual.es\/en\/wp-json\/wp\/v2\/comments?post=8181"}],"version-history":[{"count":0,"href":"https:\/\/www.cde.ual.es\/en\/wp-json\/wp\/v2\/posts\/8181\/revisions"}],"wp:featuredmedia":[{"embeddable":true,"href":"https:\/\/www.cde.ual.es\/en\/wp-json\/wp\/v2\/media\/8184"}],"wp:attachment":[{"href":"https:\/\/www.cde.ual.es\/en\/wp-json\/wp\/v2\/media?parent=8181"}],"wp:term":[{"taxonomy":"category","embeddable":true,"href":"https:\/\/www.cde.ual.es\/en\/wp-json\/wp\/v2\/categories?post=8181"},{"taxonomy":"post_tag","embeddable":true,"href":"https:\/\/www.cde.ual.es\/en\/wp-json\/wp\/v2\/tags?post=8181"}],"curies":[{"name":"wp","href":"https:\/\/api.w.org\/{rel}","templated":true}]}}