{"id":8176,"date":"2018-09-12T09:15:19","date_gmt":"2018-09-12T07:15:19","guid":{"rendered":"http:\/\/www.cde.ual.es\/?p=8176"},"modified":"2018-09-27T08:59:25","modified_gmt":"2018-09-27T06:59:25","slug":"tumores-cerebrales-nuevos-conocimientos-sobre-el-epigenoma","status":"publish","type":"post","link":"https:\/\/www.cde.ual.es\/en\/tumores-cerebrales-nuevos-conocimientos-sobre-el-epigenoma\/","title":{"rendered":"Tumores cerebrales : Nuevos conocimientos sobre el epigenoma"},"content":{"rendered":"<p>&nbsp;<\/p>\n<p><a href=\"http:\/\/www.cde.ual.es\/wp-content\/uploads\/2018\/09\/Tumor-cerebral.jpg\"><img decoding=\"async\" class=\"size-medium wp-image-8179 aligncenter\" src=\"http:\/\/www.cde.ual.es\/wp-content\/uploads\/2018\/09\/Tumor-cerebral-300x227.jpg\" alt=\"\" width=\"300\" height=\"227\" srcset=\"https:\/\/www.cde.ual.es\/wp-content\/uploads\/2018\/09\/Tumor-cerebral-300x227.jpg 300w, https:\/\/www.cde.ual.es\/wp-content\/uploads\/2018\/09\/Tumor-cerebral.jpg 449w\" sizes=\"(max-width: 300px) 100vw, 300px\" \/><\/a><\/p>\n<p><em><strong>Nuevos conocimientos sobre el epigenoma de los Tumores cerebrales<\/strong><\/em><\/p>\n<p>El c\u00e1ncer de cerebro es la forma m\u00e1s com\u00fan de c\u00e1ncer entre los ni\u00f1os y, debido al gran n\u00famero de tipos diferentes de tumores cerebrales, es necesario disponer de un diagn\u00f3stico adecuado para lograr un tratamiento eficaz. Un proyecto financiado con fondos europeos ha proporcionado herramientas para mejorar el diagn\u00f3stico y el pron\u00f3stico de pacientes con tumores cerebrales.<\/p>\n<p>Durante los primeros estadios de la neoplasia se observan alteraciones epigen\u00e9ticas en las c\u00e9lulas madre. Una caracter\u00edstica importante de dichas alteraciones es que son reversibles y, posiblemente, pueden tratarse. En los ni\u00f1os, los tumores cerebrales son la principal causa de morbilidad a largo plazo y mortalidad relacionadas con el c\u00e1ncer. Adem\u00e1s, existen muchos tipos de tumores cerebrales que pueden ser dif\u00edciles de distinguir mediante m\u00e9todos convencionales. Sin embargo, un diagn\u00f3stico adecuado es fundamental para poder tratar a los pacientes de forma m\u00e1s eficaz.<\/p>\n<h3>Objetivos del proyecto<\/h3>\n<p>El objetivo del proyecto financiado con fondos europeos <a href=\"https:\/\/www.up2europe.eu\/european\/projects\/the-importance-of-the-epigenome-in-tumour-development-and-recurrence_24400.html\">EPIBRAIN<\/a> era estudiar el epigenoma de los tumores cerebrales, tal y como explica la investigadora principal, la doctora Helena Car\u00e9n: \u00abQuer\u00edamos desarrollar herramientas para mejorar el diagn\u00f3stico y el pron\u00f3stico de pacientes con tumores cerebrales y, adem\u00e1s, busc\u00e1bamos formas de mejorar el seguimiento de la respuesta de los pacientes al tratamiento\u00bb.<\/p>\n<p>A parte de estos objetivos, EPIBRAIN trat\u00f3 de descifrar el papel de las alteraciones epigen\u00e9ticas en los tumores y el modo de actuar espec\u00edficamente sobre ellas a fin de mejorar la tasa de supervivencia y la calidad de vida de los pacientes.<\/p>\n<p>Los tumores cerebrales en ni\u00f1os y adultos son diferentes a nivel molecular. \u00abNo se dispon\u00eda de sistemas modelo para el estudio de tumores cerebrales infantiles en condiciones que preservaran las caracter\u00edsticas de las c\u00e9lulas. Por lo tanto, optimizamos las condiciones de cultivo y desarrollamos cultivos celulares \u2018\u2018in vitro\u201d para pacientes infantiles con c\u00e1ncer de cerebro. Estos cultivos se est\u00e1n utilizando actualmente en estudios ulteriores destinados a encontrar m\u00e9todos para tratar terap\u00e9uticamente dichos tumores\u00bb.<\/p>\n<p>Su an\u00e1lisis proporcion\u00f3 algunos hallazgos interesantes. \u00abDado que no siempre es factible realizar un diagn\u00f3stico preciso a partir de una evaluaci\u00f3n histopatol\u00f3gica, utilizamos perfiles de metilaci\u00f3n del ADN de tumores cerebrales infantiles. De esta forma pudimos desarrollar y publicar un clasificador de diagn\u00f3stico llamado MethPed\u00bb.<\/p>\n<p>Este clasificador se est\u00e1 evaluando actualmente, junto con otro clasificador publicado posteriormente, en un estudio a escala nacional en el que se incluyen todos los tipos de tumores cerebrales infantiles a fin de mejorar los diagn\u00f3sticos existentes. El estudio a escala nacional est\u00e1 en curso y se completar\u00e1 en los pr\u00f3ximos dos a\u00f1os. Mientras tanto, el equipo contin\u00faa con sus experimentos \u00abin vitro\u00bb dirigidos a determinar por qu\u00e9 y c\u00f3mo las c\u00e9lulas se convierten en c\u00e9lulas tumorales y el modo en el que estas pueden ser tratadas espec\u00edficamente.<\/p>\n<p>Pero no es solo la investigaci\u00f3n la que est\u00e1 abriendo nuevos caminos. La coordinaci\u00f3n de un grupo de investigadores, junto con la colaboraci\u00f3n en curso que foment\u00f3, constituye tambi\u00e9n un resultado clave del proyecto. \u00abMe involucr\u00e9 en la docencia e inici\u00e9 y organic\u00e9 un nuevo curso de doctorado en Epigen\u00e9tica del C\u00e1ncer para transferir conocimientos a otros investigadores en la Universidad de Gotemburgo\u00bb, explica la doctora Car\u00e9n. Y a\u00f1ade que adem\u00e1s cre\u00f3 un grupo de investigaci\u00f3n en el Centro Oncol\u00f3gico Sahlgrenska, que ahora est\u00e1 formado por doce miembros del equipo, entre los que se incluyen estudiantes de doctorado, investigadores postdoctorales, t\u00e9cnicos y estudiantes de m\u00e1ster.<\/p>\n<p>Tal y como comenta la doctora Car\u00e9n, las cuestiones m\u00e1s dif\u00edciles tambi\u00e9n pueden convertirse en las mejores facetas de un reto: \u00abDescubr\u00ed que seleccionar y crear el equipo de investigaci\u00f3n, al mismo tiempo que realizaba la investigaci\u00f3n experimental, era la faceta m\u00e1s exigente y gratificante del proyecto\u00bb.<\/p>\n<h3>M\u00e1s informaci\u00f3n:<\/h3>\n<p><a href=\"https:\/\/cordis.europa.eu\/projects\/result_es?q=\/result\/relations\/categories\/resultCategory\/code=%27brief%27%20AND%20sicCode\/code=%27LIF%27%20AND%20language=%27es%27\">CORDIS<\/a><\/p>\n<p>&nbsp;<\/p>\n","protected":false},"excerpt":{"rendered":"<p>&nbsp; Nuevos conocimientos sobre el epigenoma de los Tumores cerebrales El c\u00e1ncer de cerebro es la forma m\u00e1s com\u00fan de c\u00e1ncer entre los ni\u00f1os y, debido al gran n\u00famero de tipos diferentes de tumores cerebrales, es necesario disponer de un diagn\u00f3stico adecuado para lograr un tratamiento eficaz. Un proyecto financiado con fondos europeos ha proporcionado [&hellip;]<\/p>\n","protected":false},"author":1,"featured_media":8179,"comment_status":"open","ping_status":"open","sticky":false,"template":"","format":"standard","meta":{"_acf_changed":false,"_relevanssi_hide_post":"","_relevanssi_hide_content":"","_relevanssi_pin_for_all":"","_relevanssi_pin_keywords":"","_relevanssi_unpin_keywords":"","_relevanssi_related_keywords":"","_relevanssi_related_include_ids":"","_relevanssi_related_exclude_ids":"","_relevanssi_related_no_append":"","_relevanssi_related_not_related":"","_relevanssi_related_posts":"","_relevanssi_noindex_reason":"","_monsterinsights_skip_tracking":false,"_monsterinsights_sitenote_active":false,"_monsterinsights_sitenote_note":"","_monsterinsights_sitenote_category":0,"_genesis_hide_title":false,"_genesis_hide_breadcrumbs":false,"_genesis_hide_singular_image":false,"_genesis_hide_footer_widgets":false,"_genesis_custom_body_class":"","_genesis_custom_post_class":"","_genesis_layout":"","footnotes":""},"categories":[96],"tags":[132,140],"class_list":{"0":"post-8176","1":"post","2":"type-post","3":"status-publish","4":"format-standard","5":"has-post-thumbnail","7":"category-noticias-ue","8":"tag-investigacion","9":"tag-salud","10":"entry"},"acf":[],"yoast_head":"<!-- This site is optimized with the Yoast SEO plugin v27.5 - https:\/\/yoast.com\/product\/yoast-seo-wordpress\/ -->\n<title>Tumores cerebrales : Nuevos conocimientos sobre el epigenoma | CDE Almer\u00eda - Centro de Documentaci\u00f3n Europea - Universidad de Almer\u00eda<\/title>\n<meta name=\"robots\" content=\"index, follow, max-snippet:-1, max-image-preview:large, max-video-preview:-1\" \/>\n<link rel=\"canonical\" href=\"https:\/\/www.cde.ual.es\/tumores-cerebrales-nuevos-conocimientos-sobre-el-epigenoma\/\" \/>\n<meta property=\"og:locale\" content=\"en_US\" \/>\n<meta property=\"og:type\" content=\"article\" \/>\n<meta property=\"og:title\" content=\"Tumores cerebrales : Nuevos conocimientos sobre el epigenoma | CDE Almer\u00eda - Centro de Documentaci\u00f3n Europea - Universidad de Almer\u00eda\" \/>\n<meta property=\"og:description\" content=\"&nbsp; Nuevos conocimientos sobre el epigenoma de los Tumores cerebrales El c\u00e1ncer de cerebro es la forma m\u00e1s com\u00fan de c\u00e1ncer entre los ni\u00f1os y, debido al gran n\u00famero de tipos diferentes de tumores cerebrales, es necesario disponer de un diagn\u00f3stico adecuado para lograr un tratamiento eficaz. Un proyecto financiado con fondos europeos ha proporcionado [&hellip;]\" \/>\n<meta property=\"og:url\" content=\"https:\/\/www.cde.ual.es\/tumores-cerebrales-nuevos-conocimientos-sobre-el-epigenoma\/\" \/>\n<meta property=\"og:site_name\" content=\"CDE Almer\u00eda - Centro de Documentaci\u00f3n Europea - Universidad de Almer\u00eda\" \/>\n<meta property=\"article:publisher\" content=\"https:\/\/www.facebook.com\/cdeuniversidadalmeria\/\" \/>\n<meta property=\"article:published_time\" content=\"2018-09-12T07:15:19+00:00\" \/>\n<meta property=\"article:modified_time\" content=\"2018-09-27T06:59:25+00:00\" \/>\n<meta property=\"og:image\" content=\"https:\/\/www.cde.ual.es\/wp-content\/uploads\/2018\/09\/Tumor-cerebral.jpg\" \/>\n\t<meta property=\"og:image:width\" content=\"449\" \/>\n\t<meta property=\"og:image:height\" content=\"340\" \/>\n\t<meta property=\"og:image:type\" content=\"image\/jpeg\" \/>\n<meta name=\"author\" content=\"AdminCDE\" \/>\n<meta name=\"twitter:card\" content=\"summary_large_image\" \/>\n<meta name=\"twitter:creator\" content=\"@cdeualmeria\" \/>\n<meta name=\"twitter:site\" content=\"@cdeualmeria\" \/>\n<meta name=\"twitter:label1\" content=\"Written by\" \/>\n\t<meta name=\"twitter:data1\" content=\"AdminCDE\" \/>\n\t<meta name=\"twitter:label2\" content=\"Est. reading time\" \/>\n\t<meta name=\"twitter:data2\" content=\"3 minutes\" \/>\n<script type=\"application\/ld+json\" class=\"yoast-schema-graph\">{\"@context\":\"https:\\\/\\\/schema.org\",\"@graph\":[{\"@type\":\"Article\",\"@id\":\"https:\\\/\\\/www.cde.ual.es\\\/tumores-cerebrales-nuevos-conocimientos-sobre-el-epigenoma\\\/#article\",\"isPartOf\":{\"@id\":\"https:\\\/\\\/www.cde.ual.es\\\/tumores-cerebrales-nuevos-conocimientos-sobre-el-epigenoma\\\/\"},\"author\":{\"name\":\"AdminCDE\",\"@id\":\"https:\\\/\\\/www.cde.ual.es\\\/#\\\/schema\\\/person\\\/224ef08c8bcc005f319d2713ce37ee5f\"},\"headline\":\"Tumores cerebrales : Nuevos conocimientos sobre el epigenoma\",\"datePublished\":\"2018-09-12T07:15:19+00:00\",\"dateModified\":\"2018-09-27T06:59:25+00:00\",\"mainEntityOfPage\":{\"@id\":\"https:\\\/\\\/www.cde.ual.es\\\/tumores-cerebrales-nuevos-conocimientos-sobre-el-epigenoma\\\/\"},\"wordCount\":695,\"commentCount\":0,\"publisher\":{\"@id\":\"https:\\\/\\\/www.cde.ual.es\\\/#organization\"},\"image\":{\"@id\":\"https:\\\/\\\/www.cde.ual.es\\\/tumores-cerebrales-nuevos-conocimientos-sobre-el-epigenoma\\\/#primaryimage\"},\"thumbnailUrl\":\"https:\\\/\\\/www.cde.ual.es\\\/wp-content\\\/uploads\\\/2018\\\/09\\\/Tumor-cerebral.jpg\",\"keywords\":[\"Investigaci\u00f3n\",\"Salud\"],\"articleSection\":[\"Noticias UE\"],\"inLanguage\":\"en-US\",\"potentialAction\":[{\"@type\":\"CommentAction\",\"name\":\"Comment\",\"target\":[\"https:\\\/\\\/www.cde.ual.es\\\/tumores-cerebrales-nuevos-conocimientos-sobre-el-epigenoma\\\/#respond\"]}]},{\"@type\":\"WebPage\",\"@id\":\"https:\\\/\\\/www.cde.ual.es\\\/tumores-cerebrales-nuevos-conocimientos-sobre-el-epigenoma\\\/\",\"url\":\"https:\\\/\\\/www.cde.ual.es\\\/tumores-cerebrales-nuevos-conocimientos-sobre-el-epigenoma\\\/\",\"name\":\"Tumores cerebrales : Nuevos conocimientos sobre el epigenoma | CDE Almer\u00eda - Centro de Documentaci\u00f3n Europea - Universidad de Almer\u00eda\",\"isPartOf\":{\"@id\":\"https:\\\/\\\/www.cde.ual.es\\\/#website\"},\"primaryImageOfPage\":{\"@id\":\"https:\\\/\\\/www.cde.ual.es\\\/tumores-cerebrales-nuevos-conocimientos-sobre-el-epigenoma\\\/#primaryimage\"},\"image\":{\"@id\":\"https:\\\/\\\/www.cde.ual.es\\\/tumores-cerebrales-nuevos-conocimientos-sobre-el-epigenoma\\\/#primaryimage\"},\"thumbnailUrl\":\"https:\\\/\\\/www.cde.ual.es\\\/wp-content\\\/uploads\\\/2018\\\/09\\\/Tumor-cerebral.jpg\",\"datePublished\":\"2018-09-12T07:15:19+00:00\",\"dateModified\":\"2018-09-27T06:59:25+00:00\",\"breadcrumb\":{\"@id\":\"https:\\\/\\\/www.cde.ual.es\\\/tumores-cerebrales-nuevos-conocimientos-sobre-el-epigenoma\\\/#breadcrumb\"},\"inLanguage\":\"en-US\",\"potentialAction\":[{\"@type\":\"ReadAction\",\"target\":[\"https:\\\/\\\/www.cde.ual.es\\\/tumores-cerebrales-nuevos-conocimientos-sobre-el-epigenoma\\\/\"]}]},{\"@type\":\"ImageObject\",\"inLanguage\":\"en-US\",\"@id\":\"https:\\\/\\\/www.cde.ual.es\\\/tumores-cerebrales-nuevos-conocimientos-sobre-el-epigenoma\\\/#primaryimage\",\"url\":\"https:\\\/\\\/www.cde.ual.es\\\/wp-content\\\/uploads\\\/2018\\\/09\\\/Tumor-cerebral.jpg\",\"contentUrl\":\"https:\\\/\\\/www.cde.ual.es\\\/wp-content\\\/uploads\\\/2018\\\/09\\\/Tumor-cerebral.jpg\",\"width\":449,\"height\":340},{\"@type\":\"BreadcrumbList\",\"@id\":\"https:\\\/\\\/www.cde.ual.es\\\/tumores-cerebrales-nuevos-conocimientos-sobre-el-epigenoma\\\/#breadcrumb\",\"itemListElement\":[{\"@type\":\"ListItem\",\"position\":1,\"name\":\"Inicio\",\"item\":\"https:\\\/\\\/www.cde.ual.es\\\/en\\\/\"},{\"@type\":\"ListItem\",\"position\":2,\"name\":\"Noticias UE\",\"item\":\"https:\\\/\\\/www.cde.ual.es\\\/category\\\/noticias-ue\\\/\"},{\"@type\":\"ListItem\",\"position\":3,\"name\":\"Tumores cerebrales : Nuevos conocimientos sobre el epigenoma\"}]},{\"@type\":\"WebSite\",\"@id\":\"https:\\\/\\\/www.cde.ual.es\\\/#website\",\"url\":\"https:\\\/\\\/www.cde.ual.es\\\/\",\"name\":\"CDE Almer\u00eda - Centro de Documentaci\u00f3n Europea - Universidad de Almer\u00eda\",\"description\":\"Centro de Documentaci\u00f3n Europea de la Universidad de Almer\u00eda\",\"publisher\":{\"@id\":\"https:\\\/\\\/www.cde.ual.es\\\/#organization\"},\"alternateName\":\"CDE Almer\u00eda\",\"potentialAction\":[{\"@type\":\"SearchAction\",\"target\":{\"@type\":\"EntryPoint\",\"urlTemplate\":\"https:\\\/\\\/www.cde.ual.es\\\/?s={search_term_string}\"},\"query-input\":{\"@type\":\"PropertyValueSpecification\",\"valueRequired\":true,\"valueName\":\"search_term_string\"}}],\"inLanguage\":\"en-US\"},{\"@type\":\"Organization\",\"@id\":\"https:\\\/\\\/www.cde.ual.es\\\/#organization\",\"name\":\"Centro de Documentaci\u00f3n Europea de Almer\u00eda\",\"url\":\"https:\\\/\\\/www.cde.ual.es\\\/\",\"logo\":{\"@type\":\"ImageObject\",\"inLanguage\":\"en-US\",\"@id\":\"https:\\\/\\\/www.cde.ual.es\\\/#\\\/schema\\\/logo\\\/image\\\/\",\"url\":\"https:\\\/\\\/www.cde.ual.es\\\/wp-content\\\/uploads\\\/2025\\\/07\\\/cde-logo-3.png\",\"contentUrl\":\"https:\\\/\\\/www.cde.ual.es\\\/wp-content\\\/uploads\\\/2025\\\/07\\\/cde-logo-3.png\",\"width\":1400,\"height\":300,\"caption\":\"Centro de Documentaci\u00f3n Europea de Almer\u00eda\"},\"image\":{\"@id\":\"https:\\\/\\\/www.cde.ual.es\\\/#\\\/schema\\\/logo\\\/image\\\/\"},\"sameAs\":[\"https:\\\/\\\/www.facebook.com\\\/cdeuniversidadalmeria\\\/\",\"https:\\\/\\\/x.com\\\/cdeualmeria\",\"https:\\\/\\\/www.tiktok.com\\\/@cdealmeria\",\"https:\\\/\\\/www.instagram.com\\\/cdealmeria\\\/\",\"https:\\\/\\\/www.linkedin.com\\\/in\\\/cde-almera-812b26a9\\\/\"]},{\"@type\":\"Person\",\"@id\":\"https:\\\/\\\/www.cde.ual.es\\\/#\\\/schema\\\/person\\\/224ef08c8bcc005f319d2713ce37ee5f\",\"name\":\"AdminCDE\",\"image\":{\"@type\":\"ImageObject\",\"inLanguage\":\"en-US\",\"@id\":\"https:\\\/\\\/secure.gravatar.com\\\/avatar\\\/a72d038d371f995cd13706fac32274b7952a52e8fb0a84b5f80c85426f2a98a8?s=96&d=mm&r=g\",\"url\":\"https:\\\/\\\/secure.gravatar.com\\\/avatar\\\/a72d038d371f995cd13706fac32274b7952a52e8fb0a84b5f80c85426f2a98a8?s=96&d=mm&r=g\",\"contentUrl\":\"https:\\\/\\\/secure.gravatar.com\\\/avatar\\\/a72d038d371f995cd13706fac32274b7952a52e8fb0a84b5f80c85426f2a98a8?s=96&d=mm&r=g\",\"caption\":\"AdminCDE\"}}]}<\/script>\n<!-- \/ Yoast SEO plugin. -->","yoast_head_json":{"title":"Tumores cerebrales : Nuevos conocimientos sobre el epigenoma | CDE Almer\u00eda - Centro de Documentaci\u00f3n Europea - Universidad de Almer\u00eda","robots":{"index":"index","follow":"follow","max-snippet":"max-snippet:-1","max-image-preview":"max-image-preview:large","max-video-preview":"max-video-preview:-1"},"canonical":"https:\/\/www.cde.ual.es\/tumores-cerebrales-nuevos-conocimientos-sobre-el-epigenoma\/","og_locale":"en_US","og_type":"article","og_title":"Tumores cerebrales : Nuevos conocimientos sobre el epigenoma | CDE Almer\u00eda - Centro de Documentaci\u00f3n Europea - Universidad de Almer\u00eda","og_description":"&nbsp; Nuevos conocimientos sobre el epigenoma de los Tumores cerebrales El c\u00e1ncer de cerebro es la forma m\u00e1s com\u00fan de c\u00e1ncer entre los ni\u00f1os y, debido al gran n\u00famero de tipos diferentes de tumores cerebrales, es necesario disponer de un diagn\u00f3stico adecuado para lograr un tratamiento eficaz. Un proyecto financiado con fondos europeos ha proporcionado [&hellip;]","og_url":"https:\/\/www.cde.ual.es\/tumores-cerebrales-nuevos-conocimientos-sobre-el-epigenoma\/","og_site_name":"CDE Almer\u00eda - Centro de Documentaci\u00f3n Europea - Universidad de Almer\u00eda","article_publisher":"https:\/\/www.facebook.com\/cdeuniversidadalmeria\/","article_published_time":"2018-09-12T07:15:19+00:00","article_modified_time":"2018-09-27T06:59:25+00:00","og_image":[{"width":449,"height":340,"url":"https:\/\/www.cde.ual.es\/wp-content\/uploads\/2018\/09\/Tumor-cerebral.jpg","type":"image\/jpeg"}],"author":"AdminCDE","twitter_card":"summary_large_image","twitter_creator":"@cdeualmeria","twitter_site":"@cdeualmeria","twitter_misc":{"Written by":"AdminCDE","Est. reading time":"3 minutes"},"schema":{"@context":"https:\/\/schema.org","@graph":[{"@type":"Article","@id":"https:\/\/www.cde.ual.es\/tumores-cerebrales-nuevos-conocimientos-sobre-el-epigenoma\/#article","isPartOf":{"@id":"https:\/\/www.cde.ual.es\/tumores-cerebrales-nuevos-conocimientos-sobre-el-epigenoma\/"},"author":{"name":"AdminCDE","@id":"https:\/\/www.cde.ual.es\/#\/schema\/person\/224ef08c8bcc005f319d2713ce37ee5f"},"headline":"Tumores cerebrales : Nuevos conocimientos sobre el epigenoma","datePublished":"2018-09-12T07:15:19+00:00","dateModified":"2018-09-27T06:59:25+00:00","mainEntityOfPage":{"@id":"https:\/\/www.cde.ual.es\/tumores-cerebrales-nuevos-conocimientos-sobre-el-epigenoma\/"},"wordCount":695,"commentCount":0,"publisher":{"@id":"https:\/\/www.cde.ual.es\/#organization"},"image":{"@id":"https:\/\/www.cde.ual.es\/tumores-cerebrales-nuevos-conocimientos-sobre-el-epigenoma\/#primaryimage"},"thumbnailUrl":"https:\/\/www.cde.ual.es\/wp-content\/uploads\/2018\/09\/Tumor-cerebral.jpg","keywords":["Investigaci\u00f3n","Salud"],"articleSection":["Noticias UE"],"inLanguage":"en-US","potentialAction":[{"@type":"CommentAction","name":"Comment","target":["https:\/\/www.cde.ual.es\/tumores-cerebrales-nuevos-conocimientos-sobre-el-epigenoma\/#respond"]}]},{"@type":"WebPage","@id":"https:\/\/www.cde.ual.es\/tumores-cerebrales-nuevos-conocimientos-sobre-el-epigenoma\/","url":"https:\/\/www.cde.ual.es\/tumores-cerebrales-nuevos-conocimientos-sobre-el-epigenoma\/","name":"Tumores cerebrales : Nuevos conocimientos sobre el epigenoma | CDE Almer\u00eda - Centro de Documentaci\u00f3n Europea - Universidad de Almer\u00eda","isPartOf":{"@id":"https:\/\/www.cde.ual.es\/#website"},"primaryImageOfPage":{"@id":"https:\/\/www.cde.ual.es\/tumores-cerebrales-nuevos-conocimientos-sobre-el-epigenoma\/#primaryimage"},"image":{"@id":"https:\/\/www.cde.ual.es\/tumores-cerebrales-nuevos-conocimientos-sobre-el-epigenoma\/#primaryimage"},"thumbnailUrl":"https:\/\/www.cde.ual.es\/wp-content\/uploads\/2018\/09\/Tumor-cerebral.jpg","datePublished":"2018-09-12T07:15:19+00:00","dateModified":"2018-09-27T06:59:25+00:00","breadcrumb":{"@id":"https:\/\/www.cde.ual.es\/tumores-cerebrales-nuevos-conocimientos-sobre-el-epigenoma\/#breadcrumb"},"inLanguage":"en-US","potentialAction":[{"@type":"ReadAction","target":["https:\/\/www.cde.ual.es\/tumores-cerebrales-nuevos-conocimientos-sobre-el-epigenoma\/"]}]},{"@type":"ImageObject","inLanguage":"en-US","@id":"https:\/\/www.cde.ual.es\/tumores-cerebrales-nuevos-conocimientos-sobre-el-epigenoma\/#primaryimage","url":"https:\/\/www.cde.ual.es\/wp-content\/uploads\/2018\/09\/Tumor-cerebral.jpg","contentUrl":"https:\/\/www.cde.ual.es\/wp-content\/uploads\/2018\/09\/Tumor-cerebral.jpg","width":449,"height":340},{"@type":"BreadcrumbList","@id":"https:\/\/www.cde.ual.es\/tumores-cerebrales-nuevos-conocimientos-sobre-el-epigenoma\/#breadcrumb","itemListElement":[{"@type":"ListItem","position":1,"name":"Inicio","item":"https:\/\/www.cde.ual.es\/en\/"},{"@type":"ListItem","position":2,"name":"Noticias UE","item":"https:\/\/www.cde.ual.es\/category\/noticias-ue\/"},{"@type":"ListItem","position":3,"name":"Tumores cerebrales : Nuevos conocimientos sobre el epigenoma"}]},{"@type":"WebSite","@id":"https:\/\/www.cde.ual.es\/#website","url":"https:\/\/www.cde.ual.es\/","name":"CDE Almer\u00eda - Centro de Documentaci\u00f3n Europea - Universidad de Almer\u00eda","description":"Centro de Documentaci\u00f3n Europea de la Universidad de Almer\u00eda","publisher":{"@id":"https:\/\/www.cde.ual.es\/#organization"},"alternateName":"CDE Almer\u00eda","potentialAction":[{"@type":"SearchAction","target":{"@type":"EntryPoint","urlTemplate":"https:\/\/www.cde.ual.es\/?s={search_term_string}"},"query-input":{"@type":"PropertyValueSpecification","valueRequired":true,"valueName":"search_term_string"}}],"inLanguage":"en-US"},{"@type":"Organization","@id":"https:\/\/www.cde.ual.es\/#organization","name":"Centro de Documentaci\u00f3n Europea de Almer\u00eda","url":"https:\/\/www.cde.ual.es\/","logo":{"@type":"ImageObject","inLanguage":"en-US","@id":"https:\/\/www.cde.ual.es\/#\/schema\/logo\/image\/","url":"https:\/\/www.cde.ual.es\/wp-content\/uploads\/2025\/07\/cde-logo-3.png","contentUrl":"https:\/\/www.cde.ual.es\/wp-content\/uploads\/2025\/07\/cde-logo-3.png","width":1400,"height":300,"caption":"Centro de Documentaci\u00f3n Europea de Almer\u00eda"},"image":{"@id":"https:\/\/www.cde.ual.es\/#\/schema\/logo\/image\/"},"sameAs":["https:\/\/www.facebook.com\/cdeuniversidadalmeria\/","https:\/\/x.com\/cdeualmeria","https:\/\/www.tiktok.com\/@cdealmeria","https:\/\/www.instagram.com\/cdealmeria\/","https:\/\/www.linkedin.com\/in\/cde-almera-812b26a9\/"]},{"@type":"Person","@id":"https:\/\/www.cde.ual.es\/#\/schema\/person\/224ef08c8bcc005f319d2713ce37ee5f","name":"AdminCDE","image":{"@type":"ImageObject","inLanguage":"en-US","@id":"https:\/\/secure.gravatar.com\/avatar\/a72d038d371f995cd13706fac32274b7952a52e8fb0a84b5f80c85426f2a98a8?s=96&d=mm&r=g","url":"https:\/\/secure.gravatar.com\/avatar\/a72d038d371f995cd13706fac32274b7952a52e8fb0a84b5f80c85426f2a98a8?s=96&d=mm&r=g","contentUrl":"https:\/\/secure.gravatar.com\/avatar\/a72d038d371f995cd13706fac32274b7952a52e8fb0a84b5f80c85426f2a98a8?s=96&d=mm&r=g","caption":"AdminCDE"}}]}},"_links":{"self":[{"href":"https:\/\/www.cde.ual.es\/en\/wp-json\/wp\/v2\/posts\/8176","targetHints":{"allow":["GET"]}}],"collection":[{"href":"https:\/\/www.cde.ual.es\/en\/wp-json\/wp\/v2\/posts"}],"about":[{"href":"https:\/\/www.cde.ual.es\/en\/wp-json\/wp\/v2\/types\/post"}],"author":[{"embeddable":true,"href":"https:\/\/www.cde.ual.es\/en\/wp-json\/wp\/v2\/users\/1"}],"replies":[{"embeddable":true,"href":"https:\/\/www.cde.ual.es\/en\/wp-json\/wp\/v2\/comments?post=8176"}],"version-history":[{"count":0,"href":"https:\/\/www.cde.ual.es\/en\/wp-json\/wp\/v2\/posts\/8176\/revisions"}],"wp:featuredmedia":[{"embeddable":true,"href":"https:\/\/www.cde.ual.es\/en\/wp-json\/wp\/v2\/media\/8179"}],"wp:attachment":[{"href":"https:\/\/www.cde.ual.es\/en\/wp-json\/wp\/v2\/media?parent=8176"}],"wp:term":[{"taxonomy":"category","embeddable":true,"href":"https:\/\/www.cde.ual.es\/en\/wp-json\/wp\/v2\/categories?post=8176"},{"taxonomy":"post_tag","embeddable":true,"href":"https:\/\/www.cde.ual.es\/en\/wp-json\/wp\/v2\/tags?post=8176"}],"curies":[{"name":"wp","href":"https:\/\/api.w.org\/{rel}","templated":true}]}}