{"id":81350,"date":"2021-10-14T03:00:37","date_gmt":"2021-10-14T01:00:37","guid":{"rendered":"https:\/\/www.cde.ual.es\/?p=81350"},"modified":"2021-10-06T14:06:06","modified_gmt":"2021-10-06T12:06:06","slug":"smes-weight-in-eus-international-trade-in-goods","status":"publish","type":"post","link":"https:\/\/www.cde.ual.es\/en\/smes-weight-in-eus-international-trade-in-goods\/","title":{"rendered":"SMEs weight in EU\u2019s international trade in goods"},"content":{"rendered":"<p><a href=\"https:\/\/www.cde.ual.es\/wp-content\/uploads\/2021\/10\/chuttersnap-kyCNGGKCvyw-unsplash-scaled.jpg\"><img decoding=\"async\" class=\" wp-image-81355 aligncenter\" src=\"https:\/\/www.cde.ual.es\/wp-content\/uploads\/2021\/10\/chuttersnap-kyCNGGKCvyw-unsplash-1024x683.jpg\" alt=\"\" width=\"505\" height=\"336\" srcset=\"https:\/\/www.cde.ual.es\/wp-content\/uploads\/2021\/10\/chuttersnap-kyCNGGKCvyw-unsplash-1024x683.jpg 1024w, https:\/\/www.cde.ual.es\/wp-content\/uploads\/2021\/10\/chuttersnap-kyCNGGKCvyw-unsplash-300x200.jpg 300w, https:\/\/www.cde.ual.es\/wp-content\/uploads\/2021\/10\/chuttersnap-kyCNGGKCvyw-unsplash-768x512.jpg 768w, https:\/\/www.cde.ual.es\/wp-content\/uploads\/2021\/10\/chuttersnap-kyCNGGKCvyw-unsplash-1536x1024.jpg 1536w, https:\/\/www.cde.ual.es\/wp-content\/uploads\/2021\/10\/chuttersnap-kyCNGGKCvyw-unsplash-2048x1365.jpg 2048w\" sizes=\"(max-width: 505px) 100vw, 505px\" \/><\/a><\/p>\n<p>In 2019, 99% of importing enterprises in total trade (<a href=\"https:\/\/ec.europa.eu\/eurostat\/statistics-explained\/index.php?title=Glossary:Extra-EU\" target=\"_blank\" rel=\"noopener\">intra-EU<\/a>\u00a0and\u00a0<a href=\"https:\/\/ec.europa.eu\/eurostat\/statistics-explained\/index.php?title=Glossary:Extra-EU\" target=\"_blank\" rel=\"noopener\">extra-EU<\/a>) were small and medium-sized enterprises (<a href=\"https:\/\/ec.europa.eu\/eurostat\/statistics-explained\/index.php?title=Glossary:Enterprise_size\" target=\"_blank\" rel=\"noopener\">SMEs<\/a>), while this share was only slightly lower for exporting enterprises (98%). For both importing and exporting enterprises, this value remained almost unchanged between 2015 and 2019.<\/p>\n<p>Micro enterprises represented the highest share of importing enterprises (77%), significantly higher than small (17%) and medium enterprises (4%).<\/p>\n<p><a href=\"https:\/\/www.cde.ual.es\/wp-content\/uploads\/2021\/10\/SMEs-weight-in-EUs-international-trade-in-goods.png\"><img decoding=\"async\" class=\" wp-image-81352 aligncenter\" src=\"https:\/\/www.cde.ual.es\/wp-content\/uploads\/2021\/10\/SMEs-weight-in-EUs-international-trade-in-goods.png\" alt=\"\" width=\"636\" height=\"281\" srcset=\"https:\/\/www.cde.ual.es\/wp-content\/uploads\/2021\/10\/SMEs-weight-in-EUs-international-trade-in-goods.png 855w, https:\/\/www.cde.ual.es\/wp-content\/uploads\/2021\/10\/SMEs-weight-in-EUs-international-trade-in-goods-300x132.png 300w, https:\/\/www.cde.ual.es\/wp-content\/uploads\/2021\/10\/SMEs-weight-in-EUs-international-trade-in-goods-768x339.png 768w\" sizes=\"(max-width: 636px) 100vw, 636px\" \/><\/a><\/p>\n<p>In terms of value of trade, the share of SMEs is smaller than in number of enterprises. SMEs had a share of 46% in EU imports of goods and a share of 37% in exports of goods. For medium (50-249 persons employed) enterprises the shares in imports (21%) and exports (20%) were very close. Micro (0-9 persons employed) enterprises had a slightly higher share in imports than in exports while the reverse was true for small (10-49 persons employed) enterprises.<\/p>\n<p><a class=\"piwik_download\" href=\"https:\/\/ec.europa.eu\/eurostat\/documents\/4187653\/11581527\/Share+by+size+class+for+EU+imports+and+exports%2C+2019_IG.png\/5a390ae7-c02e-5df9-2be8-b8a0fedfe7e3?t=1633452358892\" target=\"_blank\" rel=\"noopener\"><img decoding=\"async\" src=\"https:\/\/ec.europa.eu\/eurostat\/documents\/4187653\/11581527\/Share+by+size+class+for+EU+imports+and+exports%2C+2019_IG.png\/5a390ae7-c02e-5df9-2be8-b8a0fedfe7e3?t=1633452358892\" alt=\"Infographic: \" width=\"700\" \/><\/a><\/p>\n<p>Although large importers and exporters (enterprises with more than 250 employees) represented a smaller share of the total number of enterprises in both intra- (1% and 2%) and extra-EU trade (3% and 4%), their weight in terms of value was undisputable.<br \/>\nLarge importers and exporters accounted for 51% of the value of imports and 58% of the value of exports in intra-EU trade. In terms of extra-EU trade, they accounted for 58% of the value of imports and 68% of the value of exports, respectively.<\/p>\n<h3>More information<\/h3>\n<p><a href=\"https:\/\/ec.europa.eu\/eurostat\/en\/web\/products-eurostat-news\/-\/ddn-20211006-2\" target=\"_blank\" rel=\"noopener\">Eurostat &#8211; News<\/a><\/p>\n","protected":false},"excerpt":{"rendered":"<p>In 2019, 99% of importing enterprises in total trade (intra-EU\u00a0and\u00a0extra-EU) were small and medium-sized enterprises (SMEs), while this share was only slightly lower for exporting enterprises (98%). For both importing and exporting enterprises, this value remained almost unchanged between 2015 and 2019. Micro enterprises represented the highest share of importing enterprises (77%), significantly higher than [&hellip;]<\/p>\n","protected":false},"author":101012,"featured_media":81355,"comment_status":"open","ping_status":"open","sticky":false,"template":"","format":"standard","meta":{"_acf_changed":false,"_relevanssi_hide_post":"","_relevanssi_hide_content":"","_relevanssi_pin_for_all":"","_relevanssi_pin_keywords":"","_relevanssi_unpin_keywords":"","_relevanssi_related_keywords":"","_relevanssi_related_include_ids":"","_relevanssi_related_exclude_ids":"","_relevanssi_related_no_append":"","_relevanssi_related_not_related":"","_relevanssi_related_posts":"","_relevanssi_noindex_reason":"","_monsterinsights_skip_tracking":false,"_monsterinsights_sitenote_active":false,"_monsterinsights_sitenote_note":"","_monsterinsights_sitenote_category":0,"_genesis_hide_title":false,"_genesis_hide_breadcrumbs":false,"_genesis_hide_singular_image":false,"_genesis_hide_footer_widgets":false,"_genesis_custom_body_class":"","_genesis_custom_post_class":"","_genesis_layout":"","footnotes":""},"categories":[346,4089,4088],"tags":[734,764,727,733],"class_list":{"0":"post-81350","1":"post","2":"type-post","3":"status-publish","4":"format-standard","5":"has-post-thumbnail","7":"category-eu-news","8":"category-international-trade","9":"category-market","10":"tag-eurostat-en","11":"tag-international-trade","12":"tag-market","13":"tag-statistics","14":"entry"},"acf":[],"yoast_head":"<!-- This site is optimized with the Yoast SEO plugin v27.5 - https:\/\/yoast.com\/product\/yoast-seo-wordpress\/ -->\n<title>SMEs weight in EU\u2019s international trade in goods | CDE Almer\u00eda - Centro de Documentaci\u00f3n Europea - Universidad de Almer\u00eda<\/title>\n<meta name=\"robots\" content=\"index, follow, max-snippet:-1, max-image-preview:large, max-video-preview:-1\" \/>\n<link rel=\"canonical\" href=\"https:\/\/www.cde.ual.es\/en\/smes-weight-in-eus-international-trade-in-goods\/\" \/>\n<meta property=\"og:locale\" content=\"en_US\" \/>\n<meta property=\"og:type\" content=\"article\" \/>\n<meta property=\"og:title\" content=\"SMEs weight in EU\u2019s international trade in goods | CDE Almer\u00eda - Centro de Documentaci\u00f3n Europea - Universidad de Almer\u00eda\" \/>\n<meta property=\"og:description\" content=\"In 2019, 99% of importing enterprises in total trade (intra-EU\u00a0and\u00a0extra-EU) were small and medium-sized enterprises (SMEs), while this share was only slightly lower for exporting enterprises (98%). For both importing and exporting enterprises, this value remained almost unchanged between 2015 and 2019. Micro enterprises represented the highest share of importing enterprises (77%), significantly higher than [&hellip;]\" \/>\n<meta property=\"og:url\" content=\"https:\/\/www.cde.ual.es\/en\/smes-weight-in-eus-international-trade-in-goods\/\" \/>\n<meta property=\"og:site_name\" content=\"CDE Almer\u00eda - Centro de Documentaci\u00f3n Europea - Universidad de Almer\u00eda\" \/>\n<meta property=\"article:publisher\" content=\"https:\/\/www.facebook.com\/cdeuniversidadalmeria\/\" \/>\n<meta property=\"article:published_time\" content=\"2021-10-14T01:00:37+00:00\" \/>\n<meta property=\"og:image\" content=\"https:\/\/www.cde.ual.es\/wp-content\/uploads\/2021\/10\/chuttersnap-kyCNGGKCvyw-unsplash-scaled.jpg\" \/>\n\t<meta property=\"og:image:width\" content=\"2560\" \/>\n\t<meta property=\"og:image:height\" content=\"1707\" \/>\n\t<meta property=\"og:image:type\" content=\"image\/jpeg\" \/>\n<meta name=\"author\" content=\"BECACDE1\" \/>\n<meta name=\"twitter:card\" content=\"summary_large_image\" \/>\n<meta name=\"twitter:creator\" content=\"@cdeualmeria\" \/>\n<meta name=\"twitter:site\" content=\"@cdeualmeria\" \/>\n<meta name=\"twitter:label1\" content=\"Written by\" \/>\n\t<meta name=\"twitter:data1\" content=\"BECACDE1\" \/>\n\t<meta name=\"twitter:label2\" content=\"Est. reading time\" \/>\n\t<meta name=\"twitter:data2\" content=\"1 minute\" \/>\n<script type=\"application\/ld+json\" class=\"yoast-schema-graph\">{\"@context\":\"https:\\\/\\\/schema.org\",\"@graph\":[{\"@type\":\"Article\",\"@id\":\"https:\\\/\\\/www.cde.ual.es\\\/en\\\/smes-weight-in-eus-international-trade-in-goods\\\/#article\",\"isPartOf\":{\"@id\":\"https:\\\/\\\/www.cde.ual.es\\\/en\\\/smes-weight-in-eus-international-trade-in-goods\\\/\"},\"author\":{\"name\":\"BECACDE1\",\"@id\":\"https:\\\/\\\/www.cde.ual.es\\\/#\\\/schema\\\/person\\\/bf2f837cf3353e2161fe1087adbd728f\"},\"headline\":\"SMEs weight in EU\u2019s international trade in goods\",\"datePublished\":\"2021-10-14T01:00:37+00:00\",\"mainEntityOfPage\":{\"@id\":\"https:\\\/\\\/www.cde.ual.es\\\/en\\\/smes-weight-in-eus-international-trade-in-goods\\\/\"},\"wordCount\":221,\"commentCount\":0,\"publisher\":{\"@id\":\"https:\\\/\\\/www.cde.ual.es\\\/#organization\"},\"image\":{\"@id\":\"https:\\\/\\\/www.cde.ual.es\\\/en\\\/smes-weight-in-eus-international-trade-in-goods\\\/#primaryimage\"},\"thumbnailUrl\":\"https:\\\/\\\/www.cde.ual.es\\\/wp-content\\\/uploads\\\/2021\\\/10\\\/chuttersnap-kyCNGGKCvyw-unsplash-scaled.jpg\",\"keywords\":[\"Eurostat\",\"international trade\",\"market\",\"Statistics\"],\"articleSection\":[\"EU News\",\"International Trade\",\"Market\"],\"inLanguage\":\"en-US\",\"potentialAction\":[{\"@type\":\"CommentAction\",\"name\":\"Comment\",\"target\":[\"https:\\\/\\\/www.cde.ual.es\\\/en\\\/smes-weight-in-eus-international-trade-in-goods\\\/#respond\"]}]},{\"@type\":\"WebPage\",\"@id\":\"https:\\\/\\\/www.cde.ual.es\\\/en\\\/smes-weight-in-eus-international-trade-in-goods\\\/\",\"url\":\"https:\\\/\\\/www.cde.ual.es\\\/en\\\/smes-weight-in-eus-international-trade-in-goods\\\/\",\"name\":\"SMEs weight in EU\u2019s international trade in goods | CDE Almer\u00eda - Centro de Documentaci\u00f3n Europea - Universidad de Almer\u00eda\",\"isPartOf\":{\"@id\":\"https:\\\/\\\/www.cde.ual.es\\\/#website\"},\"primaryImageOfPage\":{\"@id\":\"https:\\\/\\\/www.cde.ual.es\\\/en\\\/smes-weight-in-eus-international-trade-in-goods\\\/#primaryimage\"},\"image\":{\"@id\":\"https:\\\/\\\/www.cde.ual.es\\\/en\\\/smes-weight-in-eus-international-trade-in-goods\\\/#primaryimage\"},\"thumbnailUrl\":\"https:\\\/\\\/www.cde.ual.es\\\/wp-content\\\/uploads\\\/2021\\\/10\\\/chuttersnap-kyCNGGKCvyw-unsplash-scaled.jpg\",\"datePublished\":\"2021-10-14T01:00:37+00:00\",\"breadcrumb\":{\"@id\":\"https:\\\/\\\/www.cde.ual.es\\\/en\\\/smes-weight-in-eus-international-trade-in-goods\\\/#breadcrumb\"},\"inLanguage\":\"en-US\",\"potentialAction\":[{\"@type\":\"ReadAction\",\"target\":[\"https:\\\/\\\/www.cde.ual.es\\\/en\\\/smes-weight-in-eus-international-trade-in-goods\\\/\"]}]},{\"@type\":\"ImageObject\",\"inLanguage\":\"en-US\",\"@id\":\"https:\\\/\\\/www.cde.ual.es\\\/en\\\/smes-weight-in-eus-international-trade-in-goods\\\/#primaryimage\",\"url\":\"https:\\\/\\\/www.cde.ual.es\\\/wp-content\\\/uploads\\\/2021\\\/10\\\/chuttersnap-kyCNGGKCvyw-unsplash-scaled.jpg\",\"contentUrl\":\"https:\\\/\\\/www.cde.ual.es\\\/wp-content\\\/uploads\\\/2021\\\/10\\\/chuttersnap-kyCNGGKCvyw-unsplash-scaled.jpg\",\"width\":2560,\"height\":1707},{\"@type\":\"BreadcrumbList\",\"@id\":\"https:\\\/\\\/www.cde.ual.es\\\/en\\\/smes-weight-in-eus-international-trade-in-goods\\\/#breadcrumb\",\"itemListElement\":[{\"@type\":\"ListItem\",\"position\":1,\"name\":\"Inicio\",\"item\":\"https:\\\/\\\/www.cde.ual.es\\\/en\\\/\"},{\"@type\":\"ListItem\",\"position\":2,\"name\":\"EU News\",\"item\":\"https:\\\/\\\/www.cde.ual.es\\\/en\\\/category\\\/eu-news\\\/\"},{\"@type\":\"ListItem\",\"position\":3,\"name\":\"Market\",\"item\":\"https:\\\/\\\/www.cde.ual.es\\\/en\\\/category\\\/eu-news\\\/market\\\/\"},{\"@type\":\"ListItem\",\"position\":4,\"name\":\"International Trade\",\"item\":\"https:\\\/\\\/www.cde.ual.es\\\/en\\\/category\\\/eu-news\\\/market\\\/international-trade\\\/\"},{\"@type\":\"ListItem\",\"position\":5,\"name\":\"SMEs weight in EU\u2019s international trade in goods\"}]},{\"@type\":\"WebSite\",\"@id\":\"https:\\\/\\\/www.cde.ual.es\\\/#website\",\"url\":\"https:\\\/\\\/www.cde.ual.es\\\/\",\"name\":\"CDE Almer\u00eda - Centro de Documentaci\u00f3n Europea - Universidad de Almer\u00eda\",\"description\":\"Centro de Documentaci\u00f3n Europea de la Universidad de Almer\u00eda\",\"publisher\":{\"@id\":\"https:\\\/\\\/www.cde.ual.es\\\/#organization\"},\"alternateName\":\"CDE Almer\u00eda\",\"potentialAction\":[{\"@type\":\"SearchAction\",\"target\":{\"@type\":\"EntryPoint\",\"urlTemplate\":\"https:\\\/\\\/www.cde.ual.es\\\/?s={search_term_string}\"},\"query-input\":{\"@type\":\"PropertyValueSpecification\",\"valueRequired\":true,\"valueName\":\"search_term_string\"}}],\"inLanguage\":\"en-US\"},{\"@type\":\"Organization\",\"@id\":\"https:\\\/\\\/www.cde.ual.es\\\/#organization\",\"name\":\"Centro de Documentaci\u00f3n Europea de Almer\u00eda\",\"url\":\"https:\\\/\\\/www.cde.ual.es\\\/\",\"logo\":{\"@type\":\"ImageObject\",\"inLanguage\":\"en-US\",\"@id\":\"https:\\\/\\\/www.cde.ual.es\\\/#\\\/schema\\\/logo\\\/image\\\/\",\"url\":\"https:\\\/\\\/www.cde.ual.es\\\/wp-content\\\/uploads\\\/2025\\\/07\\\/cde-logo-3.png\",\"contentUrl\":\"https:\\\/\\\/www.cde.ual.es\\\/wp-content\\\/uploads\\\/2025\\\/07\\\/cde-logo-3.png\",\"width\":1400,\"height\":300,\"caption\":\"Centro de Documentaci\u00f3n Europea de Almer\u00eda\"},\"image\":{\"@id\":\"https:\\\/\\\/www.cde.ual.es\\\/#\\\/schema\\\/logo\\\/image\\\/\"},\"sameAs\":[\"https:\\\/\\\/www.facebook.com\\\/cdeuniversidadalmeria\\\/\",\"https:\\\/\\\/x.com\\\/cdeualmeria\",\"https:\\\/\\\/www.tiktok.com\\\/@cdealmeria\",\"https:\\\/\\\/www.instagram.com\\\/cdealmeria\\\/\",\"https:\\\/\\\/www.linkedin.com\\\/in\\\/cde-almera-812b26a9\\\/\"]},{\"@type\":\"Person\",\"@id\":\"https:\\\/\\\/www.cde.ual.es\\\/#\\\/schema\\\/person\\\/bf2f837cf3353e2161fe1087adbd728f\",\"name\":\"BECACDE1\",\"image\":{\"@type\":\"ImageObject\",\"inLanguage\":\"en-US\",\"@id\":\"https:\\\/\\\/secure.gravatar.com\\\/avatar\\\/16a4c1e422b5dec818ee13eab3353b19db9cfd278cc10f9b0e1188a37671d9d4?s=96&d=mm&r=g\",\"url\":\"https:\\\/\\\/secure.gravatar.com\\\/avatar\\\/16a4c1e422b5dec818ee13eab3353b19db9cfd278cc10f9b0e1188a37671d9d4?s=96&d=mm&r=g\",\"contentUrl\":\"https:\\\/\\\/secure.gravatar.com\\\/avatar\\\/16a4c1e422b5dec818ee13eab3353b19db9cfd278cc10f9b0e1188a37671d9d4?s=96&d=mm&r=g\",\"caption\":\"BECACDE1\"},\"sameAs\":[\"http:\\\/\\\/www.cdealmeria.com\"]}]}<\/script>\n<!-- \/ Yoast SEO plugin. -->","yoast_head_json":{"title":"SMEs weight in EU\u2019s international trade in goods | CDE Almer\u00eda - Centro de Documentaci\u00f3n Europea - Universidad de Almer\u00eda","robots":{"index":"index","follow":"follow","max-snippet":"max-snippet:-1","max-image-preview":"max-image-preview:large","max-video-preview":"max-video-preview:-1"},"canonical":"https:\/\/www.cde.ual.es\/en\/smes-weight-in-eus-international-trade-in-goods\/","og_locale":"en_US","og_type":"article","og_title":"SMEs weight in EU\u2019s international trade in goods | CDE Almer\u00eda - Centro de Documentaci\u00f3n Europea - Universidad de Almer\u00eda","og_description":"In 2019, 99% of importing enterprises in total trade (intra-EU\u00a0and\u00a0extra-EU) were small and medium-sized enterprises (SMEs), while this share was only slightly lower for exporting enterprises (98%). For both importing and exporting enterprises, this value remained almost unchanged between 2015 and 2019. Micro enterprises represented the highest share of importing enterprises (77%), significantly higher than [&hellip;]","og_url":"https:\/\/www.cde.ual.es\/en\/smes-weight-in-eus-international-trade-in-goods\/","og_site_name":"CDE Almer\u00eda - Centro de Documentaci\u00f3n Europea - Universidad de Almer\u00eda","article_publisher":"https:\/\/www.facebook.com\/cdeuniversidadalmeria\/","article_published_time":"2021-10-14T01:00:37+00:00","og_image":[{"width":2560,"height":1707,"url":"https:\/\/www.cde.ual.es\/wp-content\/uploads\/2021\/10\/chuttersnap-kyCNGGKCvyw-unsplash-scaled.jpg","type":"image\/jpeg"}],"author":"BECACDE1","twitter_card":"summary_large_image","twitter_creator":"@cdeualmeria","twitter_site":"@cdeualmeria","twitter_misc":{"Written by":"BECACDE1","Est. reading time":"1 minute"},"schema":{"@context":"https:\/\/schema.org","@graph":[{"@type":"Article","@id":"https:\/\/www.cde.ual.es\/en\/smes-weight-in-eus-international-trade-in-goods\/#article","isPartOf":{"@id":"https:\/\/www.cde.ual.es\/en\/smes-weight-in-eus-international-trade-in-goods\/"},"author":{"name":"BECACDE1","@id":"https:\/\/www.cde.ual.es\/#\/schema\/person\/bf2f837cf3353e2161fe1087adbd728f"},"headline":"SMEs weight in EU\u2019s international trade in goods","datePublished":"2021-10-14T01:00:37+00:00","mainEntityOfPage":{"@id":"https:\/\/www.cde.ual.es\/en\/smes-weight-in-eus-international-trade-in-goods\/"},"wordCount":221,"commentCount":0,"publisher":{"@id":"https:\/\/www.cde.ual.es\/#organization"},"image":{"@id":"https:\/\/www.cde.ual.es\/en\/smes-weight-in-eus-international-trade-in-goods\/#primaryimage"},"thumbnailUrl":"https:\/\/www.cde.ual.es\/wp-content\/uploads\/2021\/10\/chuttersnap-kyCNGGKCvyw-unsplash-scaled.jpg","keywords":["Eurostat","international trade","market","Statistics"],"articleSection":["EU News","International Trade","Market"],"inLanguage":"en-US","potentialAction":[{"@type":"CommentAction","name":"Comment","target":["https:\/\/www.cde.ual.es\/en\/smes-weight-in-eus-international-trade-in-goods\/#respond"]}]},{"@type":"WebPage","@id":"https:\/\/www.cde.ual.es\/en\/smes-weight-in-eus-international-trade-in-goods\/","url":"https:\/\/www.cde.ual.es\/en\/smes-weight-in-eus-international-trade-in-goods\/","name":"SMEs weight in EU\u2019s international trade in goods | CDE Almer\u00eda - Centro de Documentaci\u00f3n Europea - Universidad de Almer\u00eda","isPartOf":{"@id":"https:\/\/www.cde.ual.es\/#website"},"primaryImageOfPage":{"@id":"https:\/\/www.cde.ual.es\/en\/smes-weight-in-eus-international-trade-in-goods\/#primaryimage"},"image":{"@id":"https:\/\/www.cde.ual.es\/en\/smes-weight-in-eus-international-trade-in-goods\/#primaryimage"},"thumbnailUrl":"https:\/\/www.cde.ual.es\/wp-content\/uploads\/2021\/10\/chuttersnap-kyCNGGKCvyw-unsplash-scaled.jpg","datePublished":"2021-10-14T01:00:37+00:00","breadcrumb":{"@id":"https:\/\/www.cde.ual.es\/en\/smes-weight-in-eus-international-trade-in-goods\/#breadcrumb"},"inLanguage":"en-US","potentialAction":[{"@type":"ReadAction","target":["https:\/\/www.cde.ual.es\/en\/smes-weight-in-eus-international-trade-in-goods\/"]}]},{"@type":"ImageObject","inLanguage":"en-US","@id":"https:\/\/www.cde.ual.es\/en\/smes-weight-in-eus-international-trade-in-goods\/#primaryimage","url":"https:\/\/www.cde.ual.es\/wp-content\/uploads\/2021\/10\/chuttersnap-kyCNGGKCvyw-unsplash-scaled.jpg","contentUrl":"https:\/\/www.cde.ual.es\/wp-content\/uploads\/2021\/10\/chuttersnap-kyCNGGKCvyw-unsplash-scaled.jpg","width":2560,"height":1707},{"@type":"BreadcrumbList","@id":"https:\/\/www.cde.ual.es\/en\/smes-weight-in-eus-international-trade-in-goods\/#breadcrumb","itemListElement":[{"@type":"ListItem","position":1,"name":"Inicio","item":"https:\/\/www.cde.ual.es\/en\/"},{"@type":"ListItem","position":2,"name":"EU News","item":"https:\/\/www.cde.ual.es\/en\/category\/eu-news\/"},{"@type":"ListItem","position":3,"name":"Market","item":"https:\/\/www.cde.ual.es\/en\/category\/eu-news\/market\/"},{"@type":"ListItem","position":4,"name":"International Trade","item":"https:\/\/www.cde.ual.es\/en\/category\/eu-news\/market\/international-trade\/"},{"@type":"ListItem","position":5,"name":"SMEs weight in EU\u2019s international trade in goods"}]},{"@type":"WebSite","@id":"https:\/\/www.cde.ual.es\/#website","url":"https:\/\/www.cde.ual.es\/","name":"CDE Almer\u00eda - Centro de Documentaci\u00f3n Europea - Universidad de Almer\u00eda","description":"Centro de Documentaci\u00f3n Europea de la Universidad de Almer\u00eda","publisher":{"@id":"https:\/\/www.cde.ual.es\/#organization"},"alternateName":"CDE Almer\u00eda","potentialAction":[{"@type":"SearchAction","target":{"@type":"EntryPoint","urlTemplate":"https:\/\/www.cde.ual.es\/?s={search_term_string}"},"query-input":{"@type":"PropertyValueSpecification","valueRequired":true,"valueName":"search_term_string"}}],"inLanguage":"en-US"},{"@type":"Organization","@id":"https:\/\/www.cde.ual.es\/#organization","name":"Centro de Documentaci\u00f3n Europea de Almer\u00eda","url":"https:\/\/www.cde.ual.es\/","logo":{"@type":"ImageObject","inLanguage":"en-US","@id":"https:\/\/www.cde.ual.es\/#\/schema\/logo\/image\/","url":"https:\/\/www.cde.ual.es\/wp-content\/uploads\/2025\/07\/cde-logo-3.png","contentUrl":"https:\/\/www.cde.ual.es\/wp-content\/uploads\/2025\/07\/cde-logo-3.png","width":1400,"height":300,"caption":"Centro de Documentaci\u00f3n Europea de Almer\u00eda"},"image":{"@id":"https:\/\/www.cde.ual.es\/#\/schema\/logo\/image\/"},"sameAs":["https:\/\/www.facebook.com\/cdeuniversidadalmeria\/","https:\/\/x.com\/cdeualmeria","https:\/\/www.tiktok.com\/@cdealmeria","https:\/\/www.instagram.com\/cdealmeria\/","https:\/\/www.linkedin.com\/in\/cde-almera-812b26a9\/"]},{"@type":"Person","@id":"https:\/\/www.cde.ual.es\/#\/schema\/person\/bf2f837cf3353e2161fe1087adbd728f","name":"BECACDE1","image":{"@type":"ImageObject","inLanguage":"en-US","@id":"https:\/\/secure.gravatar.com\/avatar\/16a4c1e422b5dec818ee13eab3353b19db9cfd278cc10f9b0e1188a37671d9d4?s=96&d=mm&r=g","url":"https:\/\/secure.gravatar.com\/avatar\/16a4c1e422b5dec818ee13eab3353b19db9cfd278cc10f9b0e1188a37671d9d4?s=96&d=mm&r=g","contentUrl":"https:\/\/secure.gravatar.com\/avatar\/16a4c1e422b5dec818ee13eab3353b19db9cfd278cc10f9b0e1188a37671d9d4?s=96&d=mm&r=g","caption":"BECACDE1"},"sameAs":["http:\/\/www.cdealmeria.com"]}]}},"_links":{"self":[{"href":"https:\/\/www.cde.ual.es\/en\/wp-json\/wp\/v2\/posts\/81350","targetHints":{"allow":["GET"]}}],"collection":[{"href":"https:\/\/www.cde.ual.es\/en\/wp-json\/wp\/v2\/posts"}],"about":[{"href":"https:\/\/www.cde.ual.es\/en\/wp-json\/wp\/v2\/types\/post"}],"author":[{"embeddable":true,"href":"https:\/\/www.cde.ual.es\/en\/wp-json\/wp\/v2\/users\/101012"}],"replies":[{"embeddable":true,"href":"https:\/\/www.cde.ual.es\/en\/wp-json\/wp\/v2\/comments?post=81350"}],"version-history":[{"count":0,"href":"https:\/\/www.cde.ual.es\/en\/wp-json\/wp\/v2\/posts\/81350\/revisions"}],"wp:featuredmedia":[{"embeddable":true,"href":"https:\/\/www.cde.ual.es\/en\/wp-json\/wp\/v2\/media\/81355"}],"wp:attachment":[{"href":"https:\/\/www.cde.ual.es\/en\/wp-json\/wp\/v2\/media?parent=81350"}],"wp:term":[{"taxonomy":"category","embeddable":true,"href":"https:\/\/www.cde.ual.es\/en\/wp-json\/wp\/v2\/categories?post=81350"},{"taxonomy":"post_tag","embeddable":true,"href":"https:\/\/www.cde.ual.es\/en\/wp-json\/wp\/v2\/tags?post=81350"}],"curies":[{"name":"wp","href":"https:\/\/api.w.org\/{rel}","templated":true}]}}