{"id":81232,"date":"2021-10-08T03:00:25","date_gmt":"2021-10-08T01:00:25","guid":{"rendered":"https:\/\/www.cde.ual.es\/?p=81232"},"modified":"2021-10-05T18:30:55","modified_gmt":"2021-10-05T16:30:55","slug":"spain-to-receive-e272-million-to-tackle-the-negative-effects-of-brexit","status":"publish","type":"post","link":"https:\/\/www.cde.ual.es\/en\/spain-to-receive-e272-million-to-tackle-the-negative-effects-of-brexit\/","title":{"rendered":"Spain to receive \u20ac272 million to tackle the negative effects of Brexit"},"content":{"rendered":"<p><strong>The Council gave its final approval to a fund designed to help member states tackle the negative impact of Brexit.<\/strong><\/p>\n<p><a href=\"https:\/\/www.cde.ual.es\/wp-content\/uploads\/2018\/05\/Brexit.jpg\"><img decoding=\"async\" class=\" wp-image-5314 aligncenter\" src=\"https:\/\/www.cde.ual.es\/wp-content\/uploads\/2018\/05\/Brexit.jpg\" alt=\"\" width=\"669\" height=\"320\" srcset=\"https:\/\/www.cde.ual.es\/wp-content\/uploads\/2018\/05\/Brexit.jpg 702w, https:\/\/www.cde.ual.es\/wp-content\/uploads\/2018\/05\/Brexit-300x144.jpg 300w\" sizes=\"(max-width: 669px) 100vw, 669px\" \/><\/a><\/p>\n<p>The fund of five billion euros (in 2018 prices) will support the hardest hit regions, sectors and communities to cover extra costs, compensate losses or counter other adverse economic and social effects resulting directly from the United Kingdom&#8217;s withdrawal from the European Union.<\/p>\n<p>The reserve is a special one-off emergency instrument.<\/p>\n<p>It will support public and private businesses facing disruption of trade flows, including new costs for custom checks and administrative procedures. Since the UK&#8217;s withdrawal from the EU has created an unprecedented situation, member states will have the flexibility to decide on the best actions to take so as to counter various negative consequences.<\/p>\n<p>In this respect, the setting up of the fund provides for a non-exhaustive list of eligible measures, ranging from support for SMEs, regional and local communities and organisations, including small-scale coastal fisheries dependent on fishing activities in UK waters, as well as measures to support job creation and reintegration in the labour market of returning EU citizens.<\/p>\n<p>The reference period for the Brexit adjustment reserve support is from 1 January 2020 to 31 December 2023.<\/p>\n<h3>Allocation<\/h3>\n<p>The Council has decided to provisionally share upfront all the resources of the reserve, which in current prices stand at \u20ac5.4 billion, taking into account the adverse impact of Brexit on each member state. The method for calculating the provisional allocation is determined by three main factors.<\/p>\n<p>The largest amount of \u20ac4.5 billion is shared according to the importance of trade with the UK, \u20ac656 million are shared based on the importance of fisheries in the UK&#8217;s exclusive economic zone, and \u20ac273 million are distributed based on the importance of neighbouring links for the maritime border regions with the UK.<\/p>\n<p>In addition, to allow member states to take rapid action, by far the larger part of the resources, \u20ac4.3 billion, will be made available as pre-financing in three annual tranches &#8211; in 2021, 2022 and 2023. The remaining resources will be made available in 2025, after a review of the expenditure on eligible measures in the previous years, which will also factor in any unused amounts.<\/p>\n<h3>More information<\/h3>\n<p><a href=\"https:\/\/www.consilium.europa.eu\/en\/press\/press-releases\/2021\/09\/28\/council-adopts-a-5-billion-brexit-adjustment-reserve\/\">European Council &#8211; Press release<\/a><\/p>\n","protected":false},"excerpt":{"rendered":"<p>The Council gave its final approval to a fund designed to help member states tackle the negative impact of Brexit. The fund of five billion euros (in 2018 prices) will support the hardest hit regions, sectors and communities to cover extra costs, compensate losses or counter other adverse economic and social effects resulting directly from [&hellip;]<\/p>\n","protected":false},"author":101011,"featured_media":81233,"comment_status":"open","ping_status":"open","sticky":false,"template":"","format":"standard","meta":{"_acf_changed":false,"_relevanssi_hide_post":"","_relevanssi_hide_content":"","_relevanssi_pin_for_all":"","_relevanssi_pin_keywords":"","_relevanssi_unpin_keywords":"","_relevanssi_related_keywords":"","_relevanssi_related_include_ids":"","_relevanssi_related_exclude_ids":"","_relevanssi_related_no_append":"","_relevanssi_related_not_related":"","_relevanssi_related_posts":"","_relevanssi_noindex_reason":"","_monsterinsights_skip_tracking":false,"_monsterinsights_sitenote_active":false,"_monsterinsights_sitenote_note":"","_monsterinsights_sitenote_category":0,"_genesis_hide_title":false,"_genesis_hide_breadcrumbs":false,"_genesis_hide_singular_image":false,"_genesis_hide_footer_widgets":false,"_genesis_custom_body_class":"","_genesis_custom_post_class":"","_genesis_layout":"","footnotes":""},"categories":[4090,346,4064],"tags":[369,1217,806],"class_list":{"0":"post-81232","1":"post","2":"type-post","3":"status-publish","4":"format-standard","5":"has-post-thumbnail","7":"category-economy-finance","8":"category-eu-news","9":"category-institutional","10":"tag-brexit-en","11":"tag-europe","12":"tag-spain","13":"entry"},"acf":[],"yoast_head":"<!-- This site is optimized with the Yoast SEO plugin v27.4 - https:\/\/yoast.com\/product\/yoast-seo-wordpress\/ -->\n<title>Spain to receive \u20ac272 million to tackle the negative effects of Brexit | CDE Almer\u00eda - Centro de Documentaci\u00f3n Europea - Universidad de Almer\u00eda<\/title>\n<meta name=\"robots\" content=\"index, follow, max-snippet:-1, max-image-preview:large, max-video-preview:-1\" \/>\n<link rel=\"canonical\" href=\"https:\/\/www.cde.ual.es\/en\/spain-to-receive-e272-million-to-tackle-the-negative-effects-of-brexit\/\" \/>\n<meta property=\"og:locale\" content=\"en_US\" \/>\n<meta property=\"og:type\" content=\"article\" \/>\n<meta property=\"og:title\" content=\"Spain to receive \u20ac272 million to tackle the negative effects of Brexit | CDE Almer\u00eda - Centro de Documentaci\u00f3n Europea - Universidad de Almer\u00eda\" \/>\n<meta property=\"og:description\" content=\"The Council gave its final approval to a fund designed to help member states tackle the negative impact of Brexit. The fund of five billion euros (in 2018 prices) will support the hardest hit regions, sectors and communities to cover extra costs, compensate losses or counter other adverse economic and social effects resulting directly from [&hellip;]\" \/>\n<meta property=\"og:url\" content=\"https:\/\/www.cde.ual.es\/en\/spain-to-receive-e272-million-to-tackle-the-negative-effects-of-brexit\/\" \/>\n<meta property=\"og:site_name\" content=\"CDE Almer\u00eda - Centro de Documentaci\u00f3n Europea - Universidad de Almer\u00eda\" \/>\n<meta property=\"article:publisher\" content=\"https:\/\/www.facebook.com\/cdeuniversidadalmeria\/\" \/>\n<meta property=\"article:published_time\" content=\"2021-10-08T01:00:25+00:00\" \/>\n<meta property=\"og:image\" content=\"https:\/\/www.cde.ual.es\/wp-content\/uploads\/2018\/05\/Brexit.jpg\" \/>\n\t<meta property=\"og:image:width\" content=\"702\" \/>\n\t<meta property=\"og:image:height\" content=\"336\" \/>\n\t<meta property=\"og:image:type\" content=\"image\/jpeg\" \/>\n<meta name=\"author\" content=\"BECA 2 CDE\" \/>\n<meta name=\"twitter:card\" content=\"summary_large_image\" \/>\n<meta name=\"twitter:creator\" content=\"@cdeualmeria\" \/>\n<meta name=\"twitter:site\" content=\"@cdeualmeria\" \/>\n<meta name=\"twitter:label1\" content=\"Written by\" \/>\n\t<meta name=\"twitter:data1\" content=\"BECA 2 CDE\" \/>\n\t<meta name=\"twitter:label2\" content=\"Est. reading time\" \/>\n\t<meta name=\"twitter:data2\" content=\"2 minutes\" \/>\n<script type=\"application\/ld+json\" class=\"yoast-schema-graph\">{\"@context\":\"https:\\\/\\\/schema.org\",\"@graph\":[{\"@type\":\"Article\",\"@id\":\"https:\\\/\\\/www.cde.ual.es\\\/en\\\/spain-to-receive-e272-million-to-tackle-the-negative-effects-of-brexit\\\/#article\",\"isPartOf\":{\"@id\":\"https:\\\/\\\/www.cde.ual.es\\\/en\\\/spain-to-receive-e272-million-to-tackle-the-negative-effects-of-brexit\\\/\"},\"author\":{\"name\":\"BECA 2 CDE\",\"@id\":\"https:\\\/\\\/www.cde.ual.es\\\/#\\\/schema\\\/person\\\/ee46ebc19edfa19598c02cff83335acc\"},\"headline\":\"Spain to receive \u20ac272 million to tackle the negative effects of Brexit\",\"datePublished\":\"2021-10-08T01:00:25+00:00\",\"mainEntityOfPage\":{\"@id\":\"https:\\\/\\\/www.cde.ual.es\\\/en\\\/spain-to-receive-e272-million-to-tackle-the-negative-effects-of-brexit\\\/\"},\"wordCount\":374,\"commentCount\":0,\"publisher\":{\"@id\":\"https:\\\/\\\/www.cde.ual.es\\\/#organization\"},\"image\":{\"@id\":\"https:\\\/\\\/www.cde.ual.es\\\/en\\\/spain-to-receive-e272-million-to-tackle-the-negative-effects-of-brexit\\\/#primaryimage\"},\"thumbnailUrl\":\"https:\\\/\\\/www.cde.ual.es\\\/wp-content\\\/uploads\\\/2018\\\/05\\\/Brexit.jpg\",\"keywords\":[\"Brexit\",\"Europe\",\"Spain\"],\"articleSection\":[\"Economy and Finance\",\"EU News\",\"Institutional Affairs\"],\"inLanguage\":\"en-US\",\"potentialAction\":[{\"@type\":\"CommentAction\",\"name\":\"Comment\",\"target\":[\"https:\\\/\\\/www.cde.ual.es\\\/en\\\/spain-to-receive-e272-million-to-tackle-the-negative-effects-of-brexit\\\/#respond\"]}]},{\"@type\":\"WebPage\",\"@id\":\"https:\\\/\\\/www.cde.ual.es\\\/en\\\/spain-to-receive-e272-million-to-tackle-the-negative-effects-of-brexit\\\/\",\"url\":\"https:\\\/\\\/www.cde.ual.es\\\/en\\\/spain-to-receive-e272-million-to-tackle-the-negative-effects-of-brexit\\\/\",\"name\":\"Spain to receive \u20ac272 million to tackle the negative effects of Brexit | CDE Almer\u00eda - Centro de Documentaci\u00f3n Europea - Universidad de Almer\u00eda\",\"isPartOf\":{\"@id\":\"https:\\\/\\\/www.cde.ual.es\\\/#website\"},\"primaryImageOfPage\":{\"@id\":\"https:\\\/\\\/www.cde.ual.es\\\/en\\\/spain-to-receive-e272-million-to-tackle-the-negative-effects-of-brexit\\\/#primaryimage\"},\"image\":{\"@id\":\"https:\\\/\\\/www.cde.ual.es\\\/en\\\/spain-to-receive-e272-million-to-tackle-the-negative-effects-of-brexit\\\/#primaryimage\"},\"thumbnailUrl\":\"https:\\\/\\\/www.cde.ual.es\\\/wp-content\\\/uploads\\\/2018\\\/05\\\/Brexit.jpg\",\"datePublished\":\"2021-10-08T01:00:25+00:00\",\"breadcrumb\":{\"@id\":\"https:\\\/\\\/www.cde.ual.es\\\/en\\\/spain-to-receive-e272-million-to-tackle-the-negative-effects-of-brexit\\\/#breadcrumb\"},\"inLanguage\":\"en-US\",\"potentialAction\":[{\"@type\":\"ReadAction\",\"target\":[\"https:\\\/\\\/www.cde.ual.es\\\/en\\\/spain-to-receive-e272-million-to-tackle-the-negative-effects-of-brexit\\\/\"]}]},{\"@type\":\"ImageObject\",\"inLanguage\":\"en-US\",\"@id\":\"https:\\\/\\\/www.cde.ual.es\\\/en\\\/spain-to-receive-e272-million-to-tackle-the-negative-effects-of-brexit\\\/#primaryimage\",\"url\":\"https:\\\/\\\/www.cde.ual.es\\\/wp-content\\\/uploads\\\/2018\\\/05\\\/Brexit.jpg\",\"contentUrl\":\"https:\\\/\\\/www.cde.ual.es\\\/wp-content\\\/uploads\\\/2018\\\/05\\\/Brexit.jpg\",\"width\":702,\"height\":336},{\"@type\":\"BreadcrumbList\",\"@id\":\"https:\\\/\\\/www.cde.ual.es\\\/en\\\/spain-to-receive-e272-million-to-tackle-the-negative-effects-of-brexit\\\/#breadcrumb\",\"itemListElement\":[{\"@type\":\"ListItem\",\"position\":1,\"name\":\"Inicio\",\"item\":\"https:\\\/\\\/www.cde.ual.es\\\/en\\\/\"},{\"@type\":\"ListItem\",\"position\":2,\"name\":\"EU News\",\"item\":\"https:\\\/\\\/www.cde.ual.es\\\/en\\\/category\\\/eu-news\\\/\"},{\"@type\":\"ListItem\",\"position\":3,\"name\":\"Market\",\"item\":\"https:\\\/\\\/www.cde.ual.es\\\/en\\\/category\\\/eu-news\\\/market\\\/\"},{\"@type\":\"ListItem\",\"position\":4,\"name\":\"Economy and Finance\",\"item\":\"https:\\\/\\\/www.cde.ual.es\\\/en\\\/category\\\/eu-news\\\/market\\\/economy-finance\\\/\"},{\"@type\":\"ListItem\",\"position\":5,\"name\":\"Spain to receive \u20ac272 million to tackle the negative effects of Brexit\"}]},{\"@type\":\"WebSite\",\"@id\":\"https:\\\/\\\/www.cde.ual.es\\\/#website\",\"url\":\"https:\\\/\\\/www.cde.ual.es\\\/\",\"name\":\"CDE Almer\u00eda - Centro de Documentaci\u00f3n Europea - Universidad de Almer\u00eda\",\"description\":\"Centro de Documentaci\u00f3n Europea de la Universidad de Almer\u00eda\",\"publisher\":{\"@id\":\"https:\\\/\\\/www.cde.ual.es\\\/#organization\"},\"alternateName\":\"CDE Almer\u00eda\",\"potentialAction\":[{\"@type\":\"SearchAction\",\"target\":{\"@type\":\"EntryPoint\",\"urlTemplate\":\"https:\\\/\\\/www.cde.ual.es\\\/?s={search_term_string}\"},\"query-input\":{\"@type\":\"PropertyValueSpecification\",\"valueRequired\":true,\"valueName\":\"search_term_string\"}}],\"inLanguage\":\"en-US\"},{\"@type\":\"Organization\",\"@id\":\"https:\\\/\\\/www.cde.ual.es\\\/#organization\",\"name\":\"Centro de Documentaci\u00f3n Europea de Almer\u00eda\",\"url\":\"https:\\\/\\\/www.cde.ual.es\\\/\",\"logo\":{\"@type\":\"ImageObject\",\"inLanguage\":\"en-US\",\"@id\":\"https:\\\/\\\/www.cde.ual.es\\\/#\\\/schema\\\/logo\\\/image\\\/\",\"url\":\"https:\\\/\\\/www.cde.ual.es\\\/wp-content\\\/uploads\\\/2025\\\/07\\\/cde-logo-3.png\",\"contentUrl\":\"https:\\\/\\\/www.cde.ual.es\\\/wp-content\\\/uploads\\\/2025\\\/07\\\/cde-logo-3.png\",\"width\":1400,\"height\":300,\"caption\":\"Centro de Documentaci\u00f3n Europea de Almer\u00eda\"},\"image\":{\"@id\":\"https:\\\/\\\/www.cde.ual.es\\\/#\\\/schema\\\/logo\\\/image\\\/\"},\"sameAs\":[\"https:\\\/\\\/www.facebook.com\\\/cdeuniversidadalmeria\\\/\",\"https:\\\/\\\/x.com\\\/cdeualmeria\",\"https:\\\/\\\/www.tiktok.com\\\/@cdealmeria\",\"https:\\\/\\\/www.instagram.com\\\/cdealmeria\\\/\",\"https:\\\/\\\/www.linkedin.com\\\/in\\\/cde-almera-812b26a9\\\/\"]},{\"@type\":\"Person\",\"@id\":\"https:\\\/\\\/www.cde.ual.es\\\/#\\\/schema\\\/person\\\/ee46ebc19edfa19598c02cff83335acc\",\"name\":\"BECA 2 CDE\",\"image\":{\"@type\":\"ImageObject\",\"inLanguage\":\"en-US\",\"@id\":\"https:\\\/\\\/secure.gravatar.com\\\/avatar\\\/35a481bbc04bbd90e91bdfa3b0b5541036c222a49b9ad37b6889a2afcb5311a5?s=96&d=mm&r=g\",\"url\":\"https:\\\/\\\/secure.gravatar.com\\\/avatar\\\/35a481bbc04bbd90e91bdfa3b0b5541036c222a49b9ad37b6889a2afcb5311a5?s=96&d=mm&r=g\",\"contentUrl\":\"https:\\\/\\\/secure.gravatar.com\\\/avatar\\\/35a481bbc04bbd90e91bdfa3b0b5541036c222a49b9ad37b6889a2afcb5311a5?s=96&d=mm&r=g\",\"caption\":\"BECA 2 CDE\"},\"sameAs\":[\"http:\\\/\\\/www.cdealmeria.com\"]}]}<\/script>\n<!-- \/ Yoast SEO plugin. -->","yoast_head_json":{"title":"Spain to receive \u20ac272 million to tackle the negative effects of Brexit | CDE Almer\u00eda - Centro de Documentaci\u00f3n Europea - Universidad de Almer\u00eda","robots":{"index":"index","follow":"follow","max-snippet":"max-snippet:-1","max-image-preview":"max-image-preview:large","max-video-preview":"max-video-preview:-1"},"canonical":"https:\/\/www.cde.ual.es\/en\/spain-to-receive-e272-million-to-tackle-the-negative-effects-of-brexit\/","og_locale":"en_US","og_type":"article","og_title":"Spain to receive \u20ac272 million to tackle the negative effects of Brexit | CDE Almer\u00eda - Centro de Documentaci\u00f3n Europea - Universidad de Almer\u00eda","og_description":"The Council gave its final approval to a fund designed to help member states tackle the negative impact of Brexit. The fund of five billion euros (in 2018 prices) will support the hardest hit regions, sectors and communities to cover extra costs, compensate losses or counter other adverse economic and social effects resulting directly from [&hellip;]","og_url":"https:\/\/www.cde.ual.es\/en\/spain-to-receive-e272-million-to-tackle-the-negative-effects-of-brexit\/","og_site_name":"CDE Almer\u00eda - Centro de Documentaci\u00f3n Europea - Universidad de Almer\u00eda","article_publisher":"https:\/\/www.facebook.com\/cdeuniversidadalmeria\/","article_published_time":"2021-10-08T01:00:25+00:00","og_image":[{"width":702,"height":336,"url":"https:\/\/www.cde.ual.es\/wp-content\/uploads\/2018\/05\/Brexit.jpg","type":"image\/jpeg"}],"author":"BECA 2 CDE","twitter_card":"summary_large_image","twitter_creator":"@cdeualmeria","twitter_site":"@cdeualmeria","twitter_misc":{"Written by":"BECA 2 CDE","Est. reading time":"2 minutes"},"schema":{"@context":"https:\/\/schema.org","@graph":[{"@type":"Article","@id":"https:\/\/www.cde.ual.es\/en\/spain-to-receive-e272-million-to-tackle-the-negative-effects-of-brexit\/#article","isPartOf":{"@id":"https:\/\/www.cde.ual.es\/en\/spain-to-receive-e272-million-to-tackle-the-negative-effects-of-brexit\/"},"author":{"name":"BECA 2 CDE","@id":"https:\/\/www.cde.ual.es\/#\/schema\/person\/ee46ebc19edfa19598c02cff83335acc"},"headline":"Spain to receive \u20ac272 million to tackle the negative effects of Brexit","datePublished":"2021-10-08T01:00:25+00:00","mainEntityOfPage":{"@id":"https:\/\/www.cde.ual.es\/en\/spain-to-receive-e272-million-to-tackle-the-negative-effects-of-brexit\/"},"wordCount":374,"commentCount":0,"publisher":{"@id":"https:\/\/www.cde.ual.es\/#organization"},"image":{"@id":"https:\/\/www.cde.ual.es\/en\/spain-to-receive-e272-million-to-tackle-the-negative-effects-of-brexit\/#primaryimage"},"thumbnailUrl":"https:\/\/www.cde.ual.es\/wp-content\/uploads\/2018\/05\/Brexit.jpg","keywords":["Brexit","Europe","Spain"],"articleSection":["Economy and Finance","EU News","Institutional Affairs"],"inLanguage":"en-US","potentialAction":[{"@type":"CommentAction","name":"Comment","target":["https:\/\/www.cde.ual.es\/en\/spain-to-receive-e272-million-to-tackle-the-negative-effects-of-brexit\/#respond"]}]},{"@type":"WebPage","@id":"https:\/\/www.cde.ual.es\/en\/spain-to-receive-e272-million-to-tackle-the-negative-effects-of-brexit\/","url":"https:\/\/www.cde.ual.es\/en\/spain-to-receive-e272-million-to-tackle-the-negative-effects-of-brexit\/","name":"Spain to receive \u20ac272 million to tackle the negative effects of Brexit | CDE Almer\u00eda - Centro de Documentaci\u00f3n Europea - Universidad de Almer\u00eda","isPartOf":{"@id":"https:\/\/www.cde.ual.es\/#website"},"primaryImageOfPage":{"@id":"https:\/\/www.cde.ual.es\/en\/spain-to-receive-e272-million-to-tackle-the-negative-effects-of-brexit\/#primaryimage"},"image":{"@id":"https:\/\/www.cde.ual.es\/en\/spain-to-receive-e272-million-to-tackle-the-negative-effects-of-brexit\/#primaryimage"},"thumbnailUrl":"https:\/\/www.cde.ual.es\/wp-content\/uploads\/2018\/05\/Brexit.jpg","datePublished":"2021-10-08T01:00:25+00:00","breadcrumb":{"@id":"https:\/\/www.cde.ual.es\/en\/spain-to-receive-e272-million-to-tackle-the-negative-effects-of-brexit\/#breadcrumb"},"inLanguage":"en-US","potentialAction":[{"@type":"ReadAction","target":["https:\/\/www.cde.ual.es\/en\/spain-to-receive-e272-million-to-tackle-the-negative-effects-of-brexit\/"]}]},{"@type":"ImageObject","inLanguage":"en-US","@id":"https:\/\/www.cde.ual.es\/en\/spain-to-receive-e272-million-to-tackle-the-negative-effects-of-brexit\/#primaryimage","url":"https:\/\/www.cde.ual.es\/wp-content\/uploads\/2018\/05\/Brexit.jpg","contentUrl":"https:\/\/www.cde.ual.es\/wp-content\/uploads\/2018\/05\/Brexit.jpg","width":702,"height":336},{"@type":"BreadcrumbList","@id":"https:\/\/www.cde.ual.es\/en\/spain-to-receive-e272-million-to-tackle-the-negative-effects-of-brexit\/#breadcrumb","itemListElement":[{"@type":"ListItem","position":1,"name":"Inicio","item":"https:\/\/www.cde.ual.es\/en\/"},{"@type":"ListItem","position":2,"name":"EU News","item":"https:\/\/www.cde.ual.es\/en\/category\/eu-news\/"},{"@type":"ListItem","position":3,"name":"Market","item":"https:\/\/www.cde.ual.es\/en\/category\/eu-news\/market\/"},{"@type":"ListItem","position":4,"name":"Economy and Finance","item":"https:\/\/www.cde.ual.es\/en\/category\/eu-news\/market\/economy-finance\/"},{"@type":"ListItem","position":5,"name":"Spain to receive \u20ac272 million to tackle the negative effects of Brexit"}]},{"@type":"WebSite","@id":"https:\/\/www.cde.ual.es\/#website","url":"https:\/\/www.cde.ual.es\/","name":"CDE Almer\u00eda - Centro de Documentaci\u00f3n Europea - Universidad de Almer\u00eda","description":"Centro de Documentaci\u00f3n Europea de la Universidad de Almer\u00eda","publisher":{"@id":"https:\/\/www.cde.ual.es\/#organization"},"alternateName":"CDE Almer\u00eda","potentialAction":[{"@type":"SearchAction","target":{"@type":"EntryPoint","urlTemplate":"https:\/\/www.cde.ual.es\/?s={search_term_string}"},"query-input":{"@type":"PropertyValueSpecification","valueRequired":true,"valueName":"search_term_string"}}],"inLanguage":"en-US"},{"@type":"Organization","@id":"https:\/\/www.cde.ual.es\/#organization","name":"Centro de Documentaci\u00f3n Europea de Almer\u00eda","url":"https:\/\/www.cde.ual.es\/","logo":{"@type":"ImageObject","inLanguage":"en-US","@id":"https:\/\/www.cde.ual.es\/#\/schema\/logo\/image\/","url":"https:\/\/www.cde.ual.es\/wp-content\/uploads\/2025\/07\/cde-logo-3.png","contentUrl":"https:\/\/www.cde.ual.es\/wp-content\/uploads\/2025\/07\/cde-logo-3.png","width":1400,"height":300,"caption":"Centro de Documentaci\u00f3n Europea de Almer\u00eda"},"image":{"@id":"https:\/\/www.cde.ual.es\/#\/schema\/logo\/image\/"},"sameAs":["https:\/\/www.facebook.com\/cdeuniversidadalmeria\/","https:\/\/x.com\/cdeualmeria","https:\/\/www.tiktok.com\/@cdealmeria","https:\/\/www.instagram.com\/cdealmeria\/","https:\/\/www.linkedin.com\/in\/cde-almera-812b26a9\/"]},{"@type":"Person","@id":"https:\/\/www.cde.ual.es\/#\/schema\/person\/ee46ebc19edfa19598c02cff83335acc","name":"BECA 2 CDE","image":{"@type":"ImageObject","inLanguage":"en-US","@id":"https:\/\/secure.gravatar.com\/avatar\/35a481bbc04bbd90e91bdfa3b0b5541036c222a49b9ad37b6889a2afcb5311a5?s=96&d=mm&r=g","url":"https:\/\/secure.gravatar.com\/avatar\/35a481bbc04bbd90e91bdfa3b0b5541036c222a49b9ad37b6889a2afcb5311a5?s=96&d=mm&r=g","contentUrl":"https:\/\/secure.gravatar.com\/avatar\/35a481bbc04bbd90e91bdfa3b0b5541036c222a49b9ad37b6889a2afcb5311a5?s=96&d=mm&r=g","caption":"BECA 2 CDE"},"sameAs":["http:\/\/www.cdealmeria.com"]}]}},"_links":{"self":[{"href":"https:\/\/www.cde.ual.es\/en\/wp-json\/wp\/v2\/posts\/81232","targetHints":{"allow":["GET"]}}],"collection":[{"href":"https:\/\/www.cde.ual.es\/en\/wp-json\/wp\/v2\/posts"}],"about":[{"href":"https:\/\/www.cde.ual.es\/en\/wp-json\/wp\/v2\/types\/post"}],"author":[{"embeddable":true,"href":"https:\/\/www.cde.ual.es\/en\/wp-json\/wp\/v2\/users\/101011"}],"replies":[{"embeddable":true,"href":"https:\/\/www.cde.ual.es\/en\/wp-json\/wp\/v2\/comments?post=81232"}],"version-history":[{"count":0,"href":"https:\/\/www.cde.ual.es\/en\/wp-json\/wp\/v2\/posts\/81232\/revisions"}],"wp:featuredmedia":[{"embeddable":true,"href":"https:\/\/www.cde.ual.es\/en\/wp-json\/wp\/v2\/media\/81233"}],"wp:attachment":[{"href":"https:\/\/www.cde.ual.es\/en\/wp-json\/wp\/v2\/media?parent=81232"}],"wp:term":[{"taxonomy":"category","embeddable":true,"href":"https:\/\/www.cde.ual.es\/en\/wp-json\/wp\/v2\/categories?post=81232"},{"taxonomy":"post_tag","embeddable":true,"href":"https:\/\/www.cde.ual.es\/en\/wp-json\/wp\/v2\/tags?post=81232"}],"curies":[{"name":"wp","href":"https:\/\/api.w.org\/{rel}","templated":true}]}}