{"id":8114,"date":"2018-09-10T09:20:00","date_gmt":"2018-09-10T07:20:00","guid":{"rendered":"http:\/\/www.cde.ual.es\/?p=8114"},"modified":"2018-09-10T09:20:37","modified_gmt":"2018-09-10T07:20:37","slug":"8114-2","status":"publish","type":"post","link":"https:\/\/www.cde.ual.es\/en\/8114-2\/","title":{"rendered":"El Centro de procesamiento de datos m\u00e1s ecol\u00f3gico del mundo"},"content":{"rendered":"<p><a href=\"http:\/\/www.cde.ual.es\/wp-content\/uploads\/2018\/09\/Procesamiento-datos.png\"><img decoding=\"async\" class=\"size-medium wp-image-8117 aligncenter\" src=\"http:\/\/www.cde.ual.es\/wp-content\/uploads\/2018\/09\/Procesamiento-datos-300x178.png\" alt=\"\" width=\"300\" height=\"178\" srcset=\"https:\/\/www.cde.ual.es\/wp-content\/uploads\/2018\/09\/Procesamiento-datos-300x178.png 300w, https:\/\/www.cde.ual.es\/wp-content\/uploads\/2018\/09\/Procesamiento-datos.png 387w\" sizes=\"(max-width: 300px) 100vw, 300px\" \/><\/a><\/p>\n<p><em><strong>Un nuevo centro de procesamiento de datos aspira a ser el m\u00e1s ecol\u00f3gico del mundo<\/strong><\/em><br \/>\nEn Suecia, se puso en marcha un nuevo proyecto para construir un prototipo de instalaci\u00f3n de servicios de tecnolog\u00edas de la informaci\u00f3n y la comunicaci\u00f3n (TIC). Su concepto de rentabilidad y ahorro de energ\u00eda podr\u00eda reproducirse en otros pa\u00edses de la Uni\u00f3n Europea (UE).<\/p>\n<p>El sector de las TIC, incluidos los centros de procesamiento de datos, genera hasta el 2 % de las emisiones mundiales de CO2, seg\u00fan un<a href=\"https:\/\/ec.europa.eu\/jrc\/en\/publication\/2018-best-practice-guidelines-eu-code-conduct-data-centre-energy-efficiency-version-910\"> informe t\u00e9cnico<\/a> del Centro Com\u00fan de Investigaci\u00f3n de la Comisi\u00f3n Europea. Debido a la creciente demanda de la computaci\u00f3n en nube y el r\u00e1pido aumento del uso de internet, se prev\u00e9 que la huella de carbono de los centros de procesamiento de datos aumente. El proyecto financiado con fondos europeos BodenTypeDC aborda este reto mediante la creaci\u00f3n de un centro de procesamiento de datos sostenible.<\/p>\n<p>Su creaci\u00f3n comenz\u00f3 hace poco, como se indica en una <a href=\"https:\/\/bodentypedc.eu\/news-calendar\/news\/3--construction-of-data-center-prototype-starts-in-boden\">nota de prensa<\/a> en el sitio web del proyecto. \u00abEl llamado centro \u201cOne\u201d (uno) de procesamiento de datos de Boden Type es un laboratorio experimental y un lugar de demostraci\u00f3n que combina tecnolog\u00edas de forma innovadora\u00bb. Su objetivo es probar y validar la viabilidad de un prototipo de gran eficiencia energ\u00e9tica y respetuoso con el medio ambiente en un entorno de funcionamiento real. \u00abLa medici\u00f3n operativa y la optimizaci\u00f3n del dise\u00f1o del centro de procesamiento de datos proporcionar\u00e1n informaci\u00f3n y an\u00e1lisis de modelos para las instalaciones que deseen reubicar la soluci\u00f3n en el lugar que elijan\u00bb. La instalaci\u00f3n \u00abacomodar\u00e1 500 kW de carga TI\u00bb. Se espera que est\u00e9 en funcionamiento a finales de 2018, tras las obras de construcci\u00f3n y conexi\u00f3n de los servicios p\u00fablicos que se han iniciado recientemente.<\/p>\n<h3>De Suecia a otros pa\u00edses de la UE<\/h3>\n<p>El centro de procesamiento de datos tendr\u00e1 su sede en Boden, en el norte de Suecia, de ah\u00ed el nombre de BodenTypeDC. Como se se\u00f1ala en el sitio web del proyecto, Suecia y los pa\u00edses n\u00f3rdicos se convirtieron en un \u00e1rea de crecimiento entre los mercados mundiales de centros de procesamiento de datos hace aproximadamente una d\u00e9cada. Esto no sorprende, ya que los operadores de centros de procesamiento de datos buscan cada vez m\u00e1s climas m\u00e1s fr\u00edos para reducir su dependencia de la energ\u00eda para enfriar sus equipos. Los lugares m\u00e1s fr\u00edos, como el norte de Europa, tambi\u00e9n tienden a tener precios energ\u00e9ticos m\u00e1s bajos, y la disponibilidad de energ\u00eda renovable en la regi\u00f3n los hace m\u00e1s atractivos para las infraestructuras de los centros de procesamiento de datos. Empresas como Facebook y Google ya han invertido en la regi\u00f3n, aprovechando tambi\u00e9n las econom\u00edas de escala.<\/p>\n<h3>Eficiencia energ\u00e9tica<\/h3>\n<p>El proyecto aplica un enfoque novedoso que incluye \u00abun dise\u00f1o modular del centro de procesamiento de datos, un sistema de refrigeraci\u00f3n por aire fresco combinado con un aparato de refrigeraci\u00f3n por evaporaci\u00f3n, que utiliza \u00fanicamente energ\u00eda renovable sin arm\u00f3nicos y menos capacidad de sistemas de alimentaci\u00f3n ininterrumpida (SAI)\u00bb, como se indica en <a href=\"https:\/\/cordis.europa.eu\/project\/rcn\/212134_es.html\">CORDIS<\/a>. El consorcio que participa en el proyecto se centrar\u00e1 especialmente en el equilibrio de la carga de trabajo, la eficiencia del flujo de aire y la modularidad. Se dispondr\u00e1 de un espacio de ubicaci\u00f3n com\u00fan limitado para aquellos que est\u00e9n dispuestos a participar en el experimento de investigaci\u00f3n. El objetivo del centro de procesamiento de datos es lograr una eficacia de uso de la energ\u00eda (PUE, por sus siglas en ingl\u00e9s) de 1,1 o inferior. La PUE indica la eficiencia energ\u00e9tica de un centro de procesamiento de datos, seg\u00fan lo cual el valor ideal es 1 y la media global de alrededor de 2,0.<\/p>\n<p>El proyecto BodenTypeDC (Prototyping the most energy and cost efficient data center in the world: The Boden Type Data Center) comenz\u00f3 en octubre de 2017. Otro objetivo importante es demostrar que el prototipo puede replicarse en otros lugares europeos con condiciones clim\u00e1ticas menos favorables.<\/p>\n","protected":false},"excerpt":{"rendered":"<p>Un nuevo centro de procesamiento de datos aspira a ser el m\u00e1s ecol\u00f3gico del mundo En Suecia, se puso en marcha un nuevo proyecto para construir un prototipo de instalaci\u00f3n de servicios de tecnolog\u00edas de la informaci\u00f3n y la comunicaci\u00f3n (TIC). Su concepto de rentabilidad y ahorro de energ\u00eda podr\u00eda reproducirse en otros pa\u00edses de [&hellip;]<\/p>\n","protected":false},"author":1,"featured_media":8117,"comment_status":"open","ping_status":"open","sticky":false,"template":"","format":"standard","meta":{"_acf_changed":false,"_relevanssi_hide_post":"","_relevanssi_hide_content":"","_relevanssi_pin_for_all":"","_relevanssi_pin_keywords":"","_relevanssi_unpin_keywords":"","_relevanssi_related_keywords":"","_relevanssi_related_include_ids":"","_relevanssi_related_exclude_ids":"","_relevanssi_related_no_append":"","_relevanssi_related_not_related":"","_relevanssi_related_posts":"","_relevanssi_noindex_reason":"","_monsterinsights_skip_tracking":false,"_monsterinsights_sitenote_active":false,"_monsterinsights_sitenote_note":"","_monsterinsights_sitenote_category":0,"_genesis_hide_title":false,"_genesis_hide_breadcrumbs":false,"_genesis_hide_singular_image":false,"_genesis_hide_footer_widgets":false,"_genesis_custom_body_class":"","_genesis_custom_post_class":"","_genesis_layout":"","footnotes":""},"categories":[96],"tags":[164,132,133,216],"class_list":{"0":"post-8114","1":"post","2":"type-post","3":"status-publish","4":"format-standard","5":"has-post-thumbnail","7":"category-noticias-ue","8":"tag-energia","9":"tag-investigacion","10":"tag-medio-ambiente","11":"tag-sostenibilidad","12":"entry"},"acf":[],"yoast_head":"<!-- This site is optimized with the Yoast SEO plugin v27.5 - https:\/\/yoast.com\/product\/yoast-seo-wordpress\/ -->\n<title>El Centro de procesamiento de datos m\u00e1s ecol\u00f3gico del mundo | CDE Almer\u00eda - Centro de Documentaci\u00f3n Europea - Universidad de Almer\u00eda<\/title>\n<meta name=\"robots\" content=\"index, follow, max-snippet:-1, max-image-preview:large, max-video-preview:-1\" \/>\n<link rel=\"canonical\" href=\"https:\/\/www.cde.ual.es\/8114-2\/\" \/>\n<meta property=\"og:locale\" content=\"en_US\" \/>\n<meta property=\"og:type\" content=\"article\" \/>\n<meta property=\"og:title\" content=\"El Centro de procesamiento de datos m\u00e1s ecol\u00f3gico del mundo | CDE Almer\u00eda - Centro de Documentaci\u00f3n Europea - Universidad de Almer\u00eda\" \/>\n<meta property=\"og:description\" content=\"Un nuevo centro de procesamiento de datos aspira a ser el m\u00e1s ecol\u00f3gico del mundo En Suecia, se puso en marcha un nuevo proyecto para construir un prototipo de instalaci\u00f3n de servicios de tecnolog\u00edas de la informaci\u00f3n y la comunicaci\u00f3n (TIC). Su concepto de rentabilidad y ahorro de energ\u00eda podr\u00eda reproducirse en otros pa\u00edses de [&hellip;]\" \/>\n<meta property=\"og:url\" content=\"https:\/\/www.cde.ual.es\/8114-2\/\" \/>\n<meta property=\"og:site_name\" content=\"CDE Almer\u00eda - Centro de Documentaci\u00f3n Europea - Universidad de Almer\u00eda\" \/>\n<meta property=\"article:publisher\" content=\"https:\/\/www.facebook.com\/cdeuniversidadalmeria\/\" \/>\n<meta property=\"article:published_time\" content=\"2018-09-10T07:20:00+00:00\" \/>\n<meta property=\"article:modified_time\" content=\"2018-09-10T07:20:37+00:00\" \/>\n<meta property=\"og:image\" content=\"https:\/\/www.cde.ual.es\/wp-content\/uploads\/2018\/09\/Procesamiento-datos.png\" \/>\n\t<meta property=\"og:image:width\" content=\"387\" \/>\n\t<meta property=\"og:image:height\" content=\"230\" \/>\n\t<meta property=\"og:image:type\" content=\"image\/png\" \/>\n<meta name=\"author\" content=\"AdminCDE\" \/>\n<meta name=\"twitter:card\" content=\"summary_large_image\" \/>\n<meta name=\"twitter:creator\" content=\"@cdeualmeria\" \/>\n<meta name=\"twitter:site\" content=\"@cdeualmeria\" \/>\n<meta name=\"twitter:label1\" content=\"Written by\" \/>\n\t<meta name=\"twitter:data1\" content=\"AdminCDE\" \/>\n\t<meta name=\"twitter:label2\" content=\"Est. reading time\" \/>\n\t<meta name=\"twitter:data2\" content=\"4 minutes\" \/>\n<script type=\"application\/ld+json\" class=\"yoast-schema-graph\">{\"@context\":\"https:\\\/\\\/schema.org\",\"@graph\":[{\"@type\":\"Article\",\"@id\":\"https:\\\/\\\/www.cde.ual.es\\\/8114-2\\\/#article\",\"isPartOf\":{\"@id\":\"https:\\\/\\\/www.cde.ual.es\\\/8114-2\\\/\"},\"author\":{\"name\":\"AdminCDE\",\"@id\":\"https:\\\/\\\/www.cde.ual.es\\\/#\\\/schema\\\/person\\\/224ef08c8bcc005f319d2713ce37ee5f\"},\"headline\":\"El Centro de procesamiento de datos m\u00e1s ecol\u00f3gico del mundo\",\"datePublished\":\"2018-09-10T07:20:00+00:00\",\"dateModified\":\"2018-09-10T07:20:37+00:00\",\"mainEntityOfPage\":{\"@id\":\"https:\\\/\\\/www.cde.ual.es\\\/8114-2\\\/\"},\"wordCount\":719,\"commentCount\":0,\"publisher\":{\"@id\":\"https:\\\/\\\/www.cde.ual.es\\\/#organization\"},\"image\":{\"@id\":\"https:\\\/\\\/www.cde.ual.es\\\/8114-2\\\/#primaryimage\"},\"thumbnailUrl\":\"https:\\\/\\\/www.cde.ual.es\\\/wp-content\\\/uploads\\\/2018\\\/09\\\/Procesamiento-datos.png\",\"keywords\":[\"Energ\u00eda\",\"Investigaci\u00f3n\",\"Medio Ambiente\",\"Sostenibilidad\"],\"articleSection\":[\"Noticias UE\"],\"inLanguage\":\"en-US\",\"potentialAction\":[{\"@type\":\"CommentAction\",\"name\":\"Comment\",\"target\":[\"https:\\\/\\\/www.cde.ual.es\\\/8114-2\\\/#respond\"]}]},{\"@type\":\"WebPage\",\"@id\":\"https:\\\/\\\/www.cde.ual.es\\\/8114-2\\\/\",\"url\":\"https:\\\/\\\/www.cde.ual.es\\\/8114-2\\\/\",\"name\":\"El Centro de procesamiento de datos m\u00e1s ecol\u00f3gico del mundo | CDE Almer\u00eda - Centro de Documentaci\u00f3n Europea - Universidad de Almer\u00eda\",\"isPartOf\":{\"@id\":\"https:\\\/\\\/www.cde.ual.es\\\/#website\"},\"primaryImageOfPage\":{\"@id\":\"https:\\\/\\\/www.cde.ual.es\\\/8114-2\\\/#primaryimage\"},\"image\":{\"@id\":\"https:\\\/\\\/www.cde.ual.es\\\/8114-2\\\/#primaryimage\"},\"thumbnailUrl\":\"https:\\\/\\\/www.cde.ual.es\\\/wp-content\\\/uploads\\\/2018\\\/09\\\/Procesamiento-datos.png\",\"datePublished\":\"2018-09-10T07:20:00+00:00\",\"dateModified\":\"2018-09-10T07:20:37+00:00\",\"breadcrumb\":{\"@id\":\"https:\\\/\\\/www.cde.ual.es\\\/8114-2\\\/#breadcrumb\"},\"inLanguage\":\"en-US\",\"potentialAction\":[{\"@type\":\"ReadAction\",\"target\":[\"https:\\\/\\\/www.cde.ual.es\\\/8114-2\\\/\"]}]},{\"@type\":\"ImageObject\",\"inLanguage\":\"en-US\",\"@id\":\"https:\\\/\\\/www.cde.ual.es\\\/8114-2\\\/#primaryimage\",\"url\":\"https:\\\/\\\/www.cde.ual.es\\\/wp-content\\\/uploads\\\/2018\\\/09\\\/Procesamiento-datos.png\",\"contentUrl\":\"https:\\\/\\\/www.cde.ual.es\\\/wp-content\\\/uploads\\\/2018\\\/09\\\/Procesamiento-datos.png\",\"width\":387,\"height\":230},{\"@type\":\"BreadcrumbList\",\"@id\":\"https:\\\/\\\/www.cde.ual.es\\\/8114-2\\\/#breadcrumb\",\"itemListElement\":[{\"@type\":\"ListItem\",\"position\":1,\"name\":\"Inicio\",\"item\":\"https:\\\/\\\/www.cde.ual.es\\\/en\\\/\"},{\"@type\":\"ListItem\",\"position\":2,\"name\":\"Noticias UE\",\"item\":\"https:\\\/\\\/www.cde.ual.es\\\/category\\\/noticias-ue\\\/\"},{\"@type\":\"ListItem\",\"position\":3,\"name\":\"El Centro de procesamiento de datos m\u00e1s ecol\u00f3gico del mundo\"}]},{\"@type\":\"WebSite\",\"@id\":\"https:\\\/\\\/www.cde.ual.es\\\/#website\",\"url\":\"https:\\\/\\\/www.cde.ual.es\\\/\",\"name\":\"CDE Almer\u00eda - Centro de Documentaci\u00f3n Europea - Universidad de Almer\u00eda\",\"description\":\"Centro de Documentaci\u00f3n Europea de la Universidad de Almer\u00eda\",\"publisher\":{\"@id\":\"https:\\\/\\\/www.cde.ual.es\\\/#organization\"},\"alternateName\":\"CDE Almer\u00eda\",\"potentialAction\":[{\"@type\":\"SearchAction\",\"target\":{\"@type\":\"EntryPoint\",\"urlTemplate\":\"https:\\\/\\\/www.cde.ual.es\\\/?s={search_term_string}\"},\"query-input\":{\"@type\":\"PropertyValueSpecification\",\"valueRequired\":true,\"valueName\":\"search_term_string\"}}],\"inLanguage\":\"en-US\"},{\"@type\":\"Organization\",\"@id\":\"https:\\\/\\\/www.cde.ual.es\\\/#organization\",\"name\":\"Centro de Documentaci\u00f3n Europea de Almer\u00eda\",\"url\":\"https:\\\/\\\/www.cde.ual.es\\\/\",\"logo\":{\"@type\":\"ImageObject\",\"inLanguage\":\"en-US\",\"@id\":\"https:\\\/\\\/www.cde.ual.es\\\/#\\\/schema\\\/logo\\\/image\\\/\",\"url\":\"https:\\\/\\\/www.cde.ual.es\\\/wp-content\\\/uploads\\\/2025\\\/07\\\/cde-logo-3.png\",\"contentUrl\":\"https:\\\/\\\/www.cde.ual.es\\\/wp-content\\\/uploads\\\/2025\\\/07\\\/cde-logo-3.png\",\"width\":1400,\"height\":300,\"caption\":\"Centro de Documentaci\u00f3n Europea de Almer\u00eda\"},\"image\":{\"@id\":\"https:\\\/\\\/www.cde.ual.es\\\/#\\\/schema\\\/logo\\\/image\\\/\"},\"sameAs\":[\"https:\\\/\\\/www.facebook.com\\\/cdeuniversidadalmeria\\\/\",\"https:\\\/\\\/x.com\\\/cdeualmeria\",\"https:\\\/\\\/www.tiktok.com\\\/@cdealmeria\",\"https:\\\/\\\/www.instagram.com\\\/cdealmeria\\\/\",\"https:\\\/\\\/www.linkedin.com\\\/in\\\/cde-almera-812b26a9\\\/\"]},{\"@type\":\"Person\",\"@id\":\"https:\\\/\\\/www.cde.ual.es\\\/#\\\/schema\\\/person\\\/224ef08c8bcc005f319d2713ce37ee5f\",\"name\":\"AdminCDE\",\"image\":{\"@type\":\"ImageObject\",\"inLanguage\":\"en-US\",\"@id\":\"https:\\\/\\\/secure.gravatar.com\\\/avatar\\\/a72d038d371f995cd13706fac32274b7952a52e8fb0a84b5f80c85426f2a98a8?s=96&d=mm&r=g\",\"url\":\"https:\\\/\\\/secure.gravatar.com\\\/avatar\\\/a72d038d371f995cd13706fac32274b7952a52e8fb0a84b5f80c85426f2a98a8?s=96&d=mm&r=g\",\"contentUrl\":\"https:\\\/\\\/secure.gravatar.com\\\/avatar\\\/a72d038d371f995cd13706fac32274b7952a52e8fb0a84b5f80c85426f2a98a8?s=96&d=mm&r=g\",\"caption\":\"AdminCDE\"}}]}<\/script>\n<!-- \/ Yoast SEO plugin. -->","yoast_head_json":{"title":"El Centro de procesamiento de datos m\u00e1s ecol\u00f3gico del mundo | CDE Almer\u00eda - Centro de Documentaci\u00f3n Europea - Universidad de Almer\u00eda","robots":{"index":"index","follow":"follow","max-snippet":"max-snippet:-1","max-image-preview":"max-image-preview:large","max-video-preview":"max-video-preview:-1"},"canonical":"https:\/\/www.cde.ual.es\/8114-2\/","og_locale":"en_US","og_type":"article","og_title":"El Centro de procesamiento de datos m\u00e1s ecol\u00f3gico del mundo | CDE Almer\u00eda - Centro de Documentaci\u00f3n Europea - Universidad de Almer\u00eda","og_description":"Un nuevo centro de procesamiento de datos aspira a ser el m\u00e1s ecol\u00f3gico del mundo En Suecia, se puso en marcha un nuevo proyecto para construir un prototipo de instalaci\u00f3n de servicios de tecnolog\u00edas de la informaci\u00f3n y la comunicaci\u00f3n (TIC). Su concepto de rentabilidad y ahorro de energ\u00eda podr\u00eda reproducirse en otros pa\u00edses de [&hellip;]","og_url":"https:\/\/www.cde.ual.es\/8114-2\/","og_site_name":"CDE Almer\u00eda - Centro de Documentaci\u00f3n Europea - Universidad de Almer\u00eda","article_publisher":"https:\/\/www.facebook.com\/cdeuniversidadalmeria\/","article_published_time":"2018-09-10T07:20:00+00:00","article_modified_time":"2018-09-10T07:20:37+00:00","og_image":[{"width":387,"height":230,"url":"https:\/\/www.cde.ual.es\/wp-content\/uploads\/2018\/09\/Procesamiento-datos.png","type":"image\/png"}],"author":"AdminCDE","twitter_card":"summary_large_image","twitter_creator":"@cdeualmeria","twitter_site":"@cdeualmeria","twitter_misc":{"Written by":"AdminCDE","Est. reading time":"4 minutes"},"schema":{"@context":"https:\/\/schema.org","@graph":[{"@type":"Article","@id":"https:\/\/www.cde.ual.es\/8114-2\/#article","isPartOf":{"@id":"https:\/\/www.cde.ual.es\/8114-2\/"},"author":{"name":"AdminCDE","@id":"https:\/\/www.cde.ual.es\/#\/schema\/person\/224ef08c8bcc005f319d2713ce37ee5f"},"headline":"El Centro de procesamiento de datos m\u00e1s ecol\u00f3gico del mundo","datePublished":"2018-09-10T07:20:00+00:00","dateModified":"2018-09-10T07:20:37+00:00","mainEntityOfPage":{"@id":"https:\/\/www.cde.ual.es\/8114-2\/"},"wordCount":719,"commentCount":0,"publisher":{"@id":"https:\/\/www.cde.ual.es\/#organization"},"image":{"@id":"https:\/\/www.cde.ual.es\/8114-2\/#primaryimage"},"thumbnailUrl":"https:\/\/www.cde.ual.es\/wp-content\/uploads\/2018\/09\/Procesamiento-datos.png","keywords":["Energ\u00eda","Investigaci\u00f3n","Medio Ambiente","Sostenibilidad"],"articleSection":["Noticias UE"],"inLanguage":"en-US","potentialAction":[{"@type":"CommentAction","name":"Comment","target":["https:\/\/www.cde.ual.es\/8114-2\/#respond"]}]},{"@type":"WebPage","@id":"https:\/\/www.cde.ual.es\/8114-2\/","url":"https:\/\/www.cde.ual.es\/8114-2\/","name":"El Centro de procesamiento de datos m\u00e1s ecol\u00f3gico del mundo | CDE Almer\u00eda - Centro de Documentaci\u00f3n Europea - Universidad de Almer\u00eda","isPartOf":{"@id":"https:\/\/www.cde.ual.es\/#website"},"primaryImageOfPage":{"@id":"https:\/\/www.cde.ual.es\/8114-2\/#primaryimage"},"image":{"@id":"https:\/\/www.cde.ual.es\/8114-2\/#primaryimage"},"thumbnailUrl":"https:\/\/www.cde.ual.es\/wp-content\/uploads\/2018\/09\/Procesamiento-datos.png","datePublished":"2018-09-10T07:20:00+00:00","dateModified":"2018-09-10T07:20:37+00:00","breadcrumb":{"@id":"https:\/\/www.cde.ual.es\/8114-2\/#breadcrumb"},"inLanguage":"en-US","potentialAction":[{"@type":"ReadAction","target":["https:\/\/www.cde.ual.es\/8114-2\/"]}]},{"@type":"ImageObject","inLanguage":"en-US","@id":"https:\/\/www.cde.ual.es\/8114-2\/#primaryimage","url":"https:\/\/www.cde.ual.es\/wp-content\/uploads\/2018\/09\/Procesamiento-datos.png","contentUrl":"https:\/\/www.cde.ual.es\/wp-content\/uploads\/2018\/09\/Procesamiento-datos.png","width":387,"height":230},{"@type":"BreadcrumbList","@id":"https:\/\/www.cde.ual.es\/8114-2\/#breadcrumb","itemListElement":[{"@type":"ListItem","position":1,"name":"Inicio","item":"https:\/\/www.cde.ual.es\/en\/"},{"@type":"ListItem","position":2,"name":"Noticias UE","item":"https:\/\/www.cde.ual.es\/category\/noticias-ue\/"},{"@type":"ListItem","position":3,"name":"El Centro de procesamiento de datos m\u00e1s ecol\u00f3gico del mundo"}]},{"@type":"WebSite","@id":"https:\/\/www.cde.ual.es\/#website","url":"https:\/\/www.cde.ual.es\/","name":"CDE Almer\u00eda - Centro de Documentaci\u00f3n Europea - Universidad de Almer\u00eda","description":"Centro de Documentaci\u00f3n Europea de la Universidad de Almer\u00eda","publisher":{"@id":"https:\/\/www.cde.ual.es\/#organization"},"alternateName":"CDE Almer\u00eda","potentialAction":[{"@type":"SearchAction","target":{"@type":"EntryPoint","urlTemplate":"https:\/\/www.cde.ual.es\/?s={search_term_string}"},"query-input":{"@type":"PropertyValueSpecification","valueRequired":true,"valueName":"search_term_string"}}],"inLanguage":"en-US"},{"@type":"Organization","@id":"https:\/\/www.cde.ual.es\/#organization","name":"Centro de Documentaci\u00f3n Europea de Almer\u00eda","url":"https:\/\/www.cde.ual.es\/","logo":{"@type":"ImageObject","inLanguage":"en-US","@id":"https:\/\/www.cde.ual.es\/#\/schema\/logo\/image\/","url":"https:\/\/www.cde.ual.es\/wp-content\/uploads\/2025\/07\/cde-logo-3.png","contentUrl":"https:\/\/www.cde.ual.es\/wp-content\/uploads\/2025\/07\/cde-logo-3.png","width":1400,"height":300,"caption":"Centro de Documentaci\u00f3n Europea de Almer\u00eda"},"image":{"@id":"https:\/\/www.cde.ual.es\/#\/schema\/logo\/image\/"},"sameAs":["https:\/\/www.facebook.com\/cdeuniversidadalmeria\/","https:\/\/x.com\/cdeualmeria","https:\/\/www.tiktok.com\/@cdealmeria","https:\/\/www.instagram.com\/cdealmeria\/","https:\/\/www.linkedin.com\/in\/cde-almera-812b26a9\/"]},{"@type":"Person","@id":"https:\/\/www.cde.ual.es\/#\/schema\/person\/224ef08c8bcc005f319d2713ce37ee5f","name":"AdminCDE","image":{"@type":"ImageObject","inLanguage":"en-US","@id":"https:\/\/secure.gravatar.com\/avatar\/a72d038d371f995cd13706fac32274b7952a52e8fb0a84b5f80c85426f2a98a8?s=96&d=mm&r=g","url":"https:\/\/secure.gravatar.com\/avatar\/a72d038d371f995cd13706fac32274b7952a52e8fb0a84b5f80c85426f2a98a8?s=96&d=mm&r=g","contentUrl":"https:\/\/secure.gravatar.com\/avatar\/a72d038d371f995cd13706fac32274b7952a52e8fb0a84b5f80c85426f2a98a8?s=96&d=mm&r=g","caption":"AdminCDE"}}]}},"_links":{"self":[{"href":"https:\/\/www.cde.ual.es\/en\/wp-json\/wp\/v2\/posts\/8114","targetHints":{"allow":["GET"]}}],"collection":[{"href":"https:\/\/www.cde.ual.es\/en\/wp-json\/wp\/v2\/posts"}],"about":[{"href":"https:\/\/www.cde.ual.es\/en\/wp-json\/wp\/v2\/types\/post"}],"author":[{"embeddable":true,"href":"https:\/\/www.cde.ual.es\/en\/wp-json\/wp\/v2\/users\/1"}],"replies":[{"embeddable":true,"href":"https:\/\/www.cde.ual.es\/en\/wp-json\/wp\/v2\/comments?post=8114"}],"version-history":[{"count":0,"href":"https:\/\/www.cde.ual.es\/en\/wp-json\/wp\/v2\/posts\/8114\/revisions"}],"wp:featuredmedia":[{"embeddable":true,"href":"https:\/\/www.cde.ual.es\/en\/wp-json\/wp\/v2\/media\/8117"}],"wp:attachment":[{"href":"https:\/\/www.cde.ual.es\/en\/wp-json\/wp\/v2\/media?parent=8114"}],"wp:term":[{"taxonomy":"category","embeddable":true,"href":"https:\/\/www.cde.ual.es\/en\/wp-json\/wp\/v2\/categories?post=8114"},{"taxonomy":"post_tag","embeddable":true,"href":"https:\/\/www.cde.ual.es\/en\/wp-json\/wp\/v2\/tags?post=8114"}],"curies":[{"name":"wp","href":"https:\/\/api.w.org\/{rel}","templated":true}]}}