{"id":81087,"date":"2021-10-07T03:00:34","date_gmt":"2021-10-07T01:00:34","guid":{"rendered":"https:\/\/www.cde.ual.es\/?p=81087"},"modified":"2021-10-04T10:23:23","modified_gmt":"2021-10-04T08:23:23","slug":"how-do-europeans-feel-about-self-driving-cars","status":"publish","type":"post","link":"https:\/\/www.cde.ual.es\/en\/how-do-europeans-feel-about-self-driving-cars\/","title":{"rendered":"How do Europeans feel about self-driving cars?"},"content":{"rendered":"<div class=\"container-fluid\">\n<div class=\"row c-article__below-teaser\">\n<div class=\"c-article__domains col-12 col-md-auto ng-star-inserted\">\n<div class=\"c-article__domains-icons ng-star-inserted\">\n<div class=\"c-domain-icon c-domain-icon--text\">\n<div class=\"ng-star-inserted\">\n<p><strong>How do Europeans expect connected and autonomous vehicles (CAVs) to affect driving efficiency, road safety, data protection and sustainability? A recent survey has the answers.<\/strong><\/p>\n<h3><a href=\"https:\/\/www.cde.ual.es\/wp-content\/uploads\/2021\/10\/bram-van-oost-WIhlNrqSysc-unsplash-scaled.jpg\"><img decoding=\"async\" class=\" wp-image-81096 aligncenter\" src=\"https:\/\/www.cde.ual.es\/wp-content\/uploads\/2021\/10\/bram-van-oost-WIhlNrqSysc-unsplash-1024x683.jpg\" alt=\"\" width=\"501\" height=\"334\" srcset=\"https:\/\/www.cde.ual.es\/wp-content\/uploads\/2021\/10\/bram-van-oost-WIhlNrqSysc-unsplash-1024x683.jpg 1024w, https:\/\/www.cde.ual.es\/wp-content\/uploads\/2021\/10\/bram-van-oost-WIhlNrqSysc-unsplash-300x200.jpg 300w, https:\/\/www.cde.ual.es\/wp-content\/uploads\/2021\/10\/bram-van-oost-WIhlNrqSysc-unsplash-768x512.jpg 768w, https:\/\/www.cde.ual.es\/wp-content\/uploads\/2021\/10\/bram-van-oost-WIhlNrqSysc-unsplash-1536x1024.jpg 1536w, https:\/\/www.cde.ual.es\/wp-content\/uploads\/2021\/10\/bram-van-oost-WIhlNrqSysc-unsplash-2048x1365.jpg 2048w\" sizes=\"(max-width: 501px) 100vw, 501px\" \/><\/a><\/h3>\n<p class=\"c-teaser\">There\u2019s no doubt that technological innovation has changed our lives in many positive ways. It has made communication easier, improved manufacturing techniques, helped inflict less harm on the environment and fostered economic growth. However, given the scepticism and fear that innovations such as aeroplanes, the telephone and even the lightbulb \u2013 all now an inextricable part of our lives \u2013 initially encountered, new technologies seem fated to be met with resistance.<\/p>\n<div class=\"container-fluid\">\n<div class=\"row c-article__below-teaser\">\n<div class=\"c-article__domains col-12 col-md-auto ng-star-inserted\">\n<div class=\"c-article__domains-icons ng-star-inserted\">\n<div class=\"c-domain-icon c-domain-icon--text\">So, what is the state of play with another innovation \u2013 CAVs? Now that the widespread deployment of driverless cars is within reach, researchers supported by the EU-funded PAsCAL project conducted a survey to find out people\u2019s expectations regarding the consequences of introducing CAVs on European roads. The <a href=\"https:\/\/www.sciencedirect.com\/science\/article\/pii\/S1369847821001443\" target=\"_blank\" rel=\"noopener\">survey results<\/a> have been published in the journal \u2018Transportation Research Part F: Traffic Psychology and Behaviour\u2019.<\/div>\n<div>\n<div class=\"ng-star-inserted\">\n<p class=\"c-article__text\">The survey assessed how 529 participants aged 18 to 71 from France, Germany, Italy and the United Kingdom (UK) believed deploying CAVs would affect driving efficiency, road safety, privacy and ecological sustainability. On average, the participants expected CAVs to positively affect road safety and environmental sustainability, while expectations were neutral regarding efficiency and negative for privacy issues. These expectations provided insight into the respondents\u2019 general reticence about their intention to use CAVs.<\/p>\n<\/div>\n<div class=\"ng-star-inserted\">\n<h3 class=\"c-article__title\"><strong>Ambivalent expectations<\/strong><\/h3>\n<\/div>\n<\/div>\n<div>Responses varied substantially between countries. Regarding safety, more than 49 % of respondents across all countries expected an improvement with the introduction of CAVs, while 28 % or more from France, Germany and the UK thought CAVs would worsen it. Overall, Italy had higher positive expectations, with 64 % expecting an improvement and only 19 % anticipating less road safety.<\/div>\n<div><\/div>\n<div>In matters of ecological sustainability, 48-57 % of the participants across all countries expected CAVs to bring an improvement, while at most 22 % expected it to worsen. The most positive views were once again held by Italy. Only 9 % of respondents expected lower sustainability, compared to 53 % who looked forward to a favourable outcome. For efficiency, improvement was expected by about a third of respondents, ranging between 34 % (Italy) and 37% (Germany and the UK), while in France only 25 % had positive expectations. In France and Germany, a larger percentage (39 %) expected efficiency to deteriorate.<\/div>\n<div><\/div>\n<div>Living in France and Germany was also linked to higher negative expectations regarding privacy, with only 5 % and 8 %, respectively, feeling that data security would improve. In contrast, around 76 % expected a deterioration in data protection, compared to Italy (50 %) and the UK (57 %). Overall, very few participants in all four countries expected privacy to improve.<\/div>\n<div><\/div>\n<div>\u201cThe ambivalent attitude of the study participants is surprising,\u201d observed the PAsCAL (Enhance driver behaviour and Public Acceptance of Connected and Autonomous vehicLes) study lead author Dr Celina Kacperski of the University of Mannheim, Germany, in a <a href=\"http:\/\/indiaeducationdiary.in\/university-of-mannheim-people-in-the-eu-have-mixed-feelings-about-autonomous-cars\/\" target=\"_blank\" rel=\"noopener\">news item<\/a> posted on \u2018India Education Diary\u2019. \u201cSelf-driving cars are often portrayed positively and with a lot of optimism in newspaper and television reports. This positive basic attitude of the media is not so clearly reflected in the opinions of the people.\u201d<\/div>\n<\/div>\n<\/div>\n<\/div>\n<\/div>\n<h3>More information<\/h3>\n<p><a href=\"https:\/\/cordis.europa.eu\/article\/id\/434335-how-do-europeans-feel-about-self-driving-cars\" target=\"_blank\" rel=\"noopener\">CORIDS &#8211; News<\/a><\/p>\n<\/div>\n<\/div>\n<\/div>\n<\/div>\n<\/div>\n<\/div>\n","protected":false},"excerpt":{"rendered":"<p>How do Europeans expect connected and autonomous vehicles (CAVs) to affect driving efficiency, road safety, data protection and sustainability? A recent survey has the answers. There\u2019s no doubt that technological innovation has changed our lives in many positive ways. It has made communication easier, improved manufacturing techniques, helped inflict less harm on the environment and [&hellip;]<\/p>\n","protected":false},"author":101012,"featured_media":81096,"comment_status":"open","ping_status":"open","sticky":false,"template":"","format":"standard","meta":{"_acf_changed":false,"_relevanssi_hide_post":"","_relevanssi_hide_content":"","_relevanssi_pin_for_all":"","_relevanssi_pin_keywords":"","_relevanssi_unpin_keywords":"","_relevanssi_related_keywords":"","_relevanssi_related_include_ids":"","_relevanssi_related_exclude_ids":"","_relevanssi_related_no_append":"","_relevanssi_related_not_related":"","_relevanssi_related_posts":"","_relevanssi_noindex_reason":"","_monsterinsights_skip_tracking":false,"_monsterinsights_sitenote_active":false,"_monsterinsights_sitenote_note":"","_monsterinsights_sitenote_category":0,"_genesis_hide_title":false,"_genesis_hide_breadcrumbs":false,"_genesis_hide_singular_image":false,"_genesis_hide_footer_widgets":false,"_genesis_custom_body_class":"","_genesis_custom_post_class":"","_genesis_layout":"","footnotes":""},"categories":[4085,346,4082,4084,4087],"tags":[1441,402,368,4328,430],"class_list":{"0":"post-81087","1":"post","2":"type-post","3":"status-publish","4":"format-standard","5":"has-post-thumbnail","7":"category-environment","8":"category-eu-news","9":"category-research-innovation","10":"category-technology","11":"category-transport","12":"tag-citizens","13":"tag-environment","14":"tag-european-union","15":"tag-self-driving-cars","16":"tag-transport","17":"entry"},"acf":[],"yoast_head":"<!-- This site is optimized with the Yoast SEO plugin v27.4 - https:\/\/yoast.com\/product\/yoast-seo-wordpress\/ -->\n<title>How do Europeans feel about self-driving cars? | CDE Almer\u00eda - Centro de Documentaci\u00f3n Europea - Universidad de Almer\u00eda<\/title>\n<meta name=\"robots\" content=\"index, follow, max-snippet:-1, max-image-preview:large, max-video-preview:-1\" \/>\n<link rel=\"canonical\" href=\"https:\/\/www.cde.ual.es\/en\/how-do-europeans-feel-about-self-driving-cars\/\" \/>\n<meta property=\"og:locale\" content=\"en_US\" \/>\n<meta property=\"og:type\" content=\"article\" \/>\n<meta property=\"og:title\" content=\"How do Europeans feel about self-driving cars? | CDE Almer\u00eda - Centro de Documentaci\u00f3n Europea - Universidad de Almer\u00eda\" \/>\n<meta property=\"og:description\" content=\"How do Europeans expect connected and autonomous vehicles (CAVs) to affect driving efficiency, road safety, data protection and sustainability? A recent survey has the answers. There\u2019s no doubt that technological innovation has changed our lives in many positive ways. It has made communication easier, improved manufacturing techniques, helped inflict less harm on the environment and [&hellip;]\" \/>\n<meta property=\"og:url\" content=\"https:\/\/www.cde.ual.es\/en\/how-do-europeans-feel-about-self-driving-cars\/\" \/>\n<meta property=\"og:site_name\" content=\"CDE Almer\u00eda - Centro de Documentaci\u00f3n Europea - Universidad de Almer\u00eda\" \/>\n<meta property=\"article:publisher\" content=\"https:\/\/www.facebook.com\/cdeuniversidadalmeria\/\" \/>\n<meta property=\"article:published_time\" content=\"2021-10-07T01:00:34+00:00\" \/>\n<meta property=\"og:image\" content=\"https:\/\/www.cde.ual.es\/wp-content\/uploads\/2021\/10\/bram-van-oost-WIhlNrqSysc-unsplash-scaled.jpg\" \/>\n\t<meta property=\"og:image:width\" content=\"2560\" \/>\n\t<meta property=\"og:image:height\" content=\"1707\" \/>\n\t<meta property=\"og:image:type\" content=\"image\/jpeg\" \/>\n<meta name=\"author\" content=\"BECACDE1\" \/>\n<meta name=\"twitter:card\" content=\"summary_large_image\" \/>\n<meta name=\"twitter:creator\" content=\"@cdeualmeria\" \/>\n<meta name=\"twitter:site\" content=\"@cdeualmeria\" \/>\n<meta name=\"twitter:label1\" content=\"Written by\" \/>\n\t<meta name=\"twitter:data1\" content=\"BECACDE1\" \/>\n\t<meta name=\"twitter:label2\" content=\"Est. reading time\" \/>\n\t<meta name=\"twitter:data2\" content=\"3 minutes\" \/>\n<script type=\"application\/ld+json\" class=\"yoast-schema-graph\">{\"@context\":\"https:\\\/\\\/schema.org\",\"@graph\":[{\"@type\":\"Article\",\"@id\":\"https:\\\/\\\/www.cde.ual.es\\\/en\\\/how-do-europeans-feel-about-self-driving-cars\\\/#article\",\"isPartOf\":{\"@id\":\"https:\\\/\\\/www.cde.ual.es\\\/en\\\/how-do-europeans-feel-about-self-driving-cars\\\/\"},\"author\":{\"name\":\"BECACDE1\",\"@id\":\"https:\\\/\\\/www.cde.ual.es\\\/#\\\/schema\\\/person\\\/bf2f837cf3353e2161fe1087adbd728f\"},\"headline\":\"How do Europeans feel about self-driving cars?\",\"datePublished\":\"2021-10-07T01:00:34+00:00\",\"mainEntityOfPage\":{\"@id\":\"https:\\\/\\\/www.cde.ual.es\\\/en\\\/how-do-europeans-feel-about-self-driving-cars\\\/\"},\"wordCount\":511,\"commentCount\":0,\"publisher\":{\"@id\":\"https:\\\/\\\/www.cde.ual.es\\\/#organization\"},\"image\":{\"@id\":\"https:\\\/\\\/www.cde.ual.es\\\/en\\\/how-do-europeans-feel-about-self-driving-cars\\\/#primaryimage\"},\"thumbnailUrl\":\"https:\\\/\\\/www.cde.ual.es\\\/wp-content\\\/uploads\\\/2021\\\/10\\\/bram-van-oost-WIhlNrqSysc-unsplash-scaled.jpg\",\"keywords\":[\"citizens\",\"Environment\",\"European Union\",\"self-driving cars\",\"Transport\"],\"articleSection\":[\"Environmental Affairs\",\"EU News\",\"Research and Innovation\",\"Technology\",\"Transport\"],\"inLanguage\":\"en-US\",\"potentialAction\":[{\"@type\":\"CommentAction\",\"name\":\"Comment\",\"target\":[\"https:\\\/\\\/www.cde.ual.es\\\/en\\\/how-do-europeans-feel-about-self-driving-cars\\\/#respond\"]}]},{\"@type\":\"WebPage\",\"@id\":\"https:\\\/\\\/www.cde.ual.es\\\/en\\\/how-do-europeans-feel-about-self-driving-cars\\\/\",\"url\":\"https:\\\/\\\/www.cde.ual.es\\\/en\\\/how-do-europeans-feel-about-self-driving-cars\\\/\",\"name\":\"How do Europeans feel about self-driving cars? | CDE Almer\u00eda - Centro de Documentaci\u00f3n Europea - Universidad de Almer\u00eda\",\"isPartOf\":{\"@id\":\"https:\\\/\\\/www.cde.ual.es\\\/#website\"},\"primaryImageOfPage\":{\"@id\":\"https:\\\/\\\/www.cde.ual.es\\\/en\\\/how-do-europeans-feel-about-self-driving-cars\\\/#primaryimage\"},\"image\":{\"@id\":\"https:\\\/\\\/www.cde.ual.es\\\/en\\\/how-do-europeans-feel-about-self-driving-cars\\\/#primaryimage\"},\"thumbnailUrl\":\"https:\\\/\\\/www.cde.ual.es\\\/wp-content\\\/uploads\\\/2021\\\/10\\\/bram-van-oost-WIhlNrqSysc-unsplash-scaled.jpg\",\"datePublished\":\"2021-10-07T01:00:34+00:00\",\"breadcrumb\":{\"@id\":\"https:\\\/\\\/www.cde.ual.es\\\/en\\\/how-do-europeans-feel-about-self-driving-cars\\\/#breadcrumb\"},\"inLanguage\":\"en-US\",\"potentialAction\":[{\"@type\":\"ReadAction\",\"target\":[\"https:\\\/\\\/www.cde.ual.es\\\/en\\\/how-do-europeans-feel-about-self-driving-cars\\\/\"]}]},{\"@type\":\"ImageObject\",\"inLanguage\":\"en-US\",\"@id\":\"https:\\\/\\\/www.cde.ual.es\\\/en\\\/how-do-europeans-feel-about-self-driving-cars\\\/#primaryimage\",\"url\":\"https:\\\/\\\/www.cde.ual.es\\\/wp-content\\\/uploads\\\/2021\\\/10\\\/bram-van-oost-WIhlNrqSysc-unsplash-scaled.jpg\",\"contentUrl\":\"https:\\\/\\\/www.cde.ual.es\\\/wp-content\\\/uploads\\\/2021\\\/10\\\/bram-van-oost-WIhlNrqSysc-unsplash-scaled.jpg\",\"width\":2560,\"height\":1707},{\"@type\":\"BreadcrumbList\",\"@id\":\"https:\\\/\\\/www.cde.ual.es\\\/en\\\/how-do-europeans-feel-about-self-driving-cars\\\/#breadcrumb\",\"itemListElement\":[{\"@type\":\"ListItem\",\"position\":1,\"name\":\"Inicio\",\"item\":\"https:\\\/\\\/www.cde.ual.es\\\/en\\\/\"},{\"@type\":\"ListItem\",\"position\":2,\"name\":\"EU News\",\"item\":\"https:\\\/\\\/www.cde.ual.es\\\/en\\\/category\\\/eu-news\\\/\"},{\"@type\":\"ListItem\",\"position\":3,\"name\":\"Research and Innovation\",\"item\":\"https:\\\/\\\/www.cde.ual.es\\\/en\\\/category\\\/eu-news\\\/research-innovation\\\/\"},{\"@type\":\"ListItem\",\"position\":4,\"name\":\"Technology\",\"item\":\"https:\\\/\\\/www.cde.ual.es\\\/en\\\/category\\\/eu-news\\\/research-innovation\\\/technology\\\/\"},{\"@type\":\"ListItem\",\"position\":5,\"name\":\"How do Europeans feel about self-driving cars?\"}]},{\"@type\":\"WebSite\",\"@id\":\"https:\\\/\\\/www.cde.ual.es\\\/#website\",\"url\":\"https:\\\/\\\/www.cde.ual.es\\\/\",\"name\":\"CDE Almer\u00eda - Centro de Documentaci\u00f3n Europea - Universidad de Almer\u00eda\",\"description\":\"Centro de Documentaci\u00f3n Europea de la Universidad de Almer\u00eda\",\"publisher\":{\"@id\":\"https:\\\/\\\/www.cde.ual.es\\\/#organization\"},\"alternateName\":\"CDE Almer\u00eda\",\"potentialAction\":[{\"@type\":\"SearchAction\",\"target\":{\"@type\":\"EntryPoint\",\"urlTemplate\":\"https:\\\/\\\/www.cde.ual.es\\\/?s={search_term_string}\"},\"query-input\":{\"@type\":\"PropertyValueSpecification\",\"valueRequired\":true,\"valueName\":\"search_term_string\"}}],\"inLanguage\":\"en-US\"},{\"@type\":\"Organization\",\"@id\":\"https:\\\/\\\/www.cde.ual.es\\\/#organization\",\"name\":\"Centro de Documentaci\u00f3n Europea de Almer\u00eda\",\"url\":\"https:\\\/\\\/www.cde.ual.es\\\/\",\"logo\":{\"@type\":\"ImageObject\",\"inLanguage\":\"en-US\",\"@id\":\"https:\\\/\\\/www.cde.ual.es\\\/#\\\/schema\\\/logo\\\/image\\\/\",\"url\":\"https:\\\/\\\/www.cde.ual.es\\\/wp-content\\\/uploads\\\/2025\\\/07\\\/cde-logo-3.png\",\"contentUrl\":\"https:\\\/\\\/www.cde.ual.es\\\/wp-content\\\/uploads\\\/2025\\\/07\\\/cde-logo-3.png\",\"width\":1400,\"height\":300,\"caption\":\"Centro de Documentaci\u00f3n Europea de Almer\u00eda\"},\"image\":{\"@id\":\"https:\\\/\\\/www.cde.ual.es\\\/#\\\/schema\\\/logo\\\/image\\\/\"},\"sameAs\":[\"https:\\\/\\\/www.facebook.com\\\/cdeuniversidadalmeria\\\/\",\"https:\\\/\\\/x.com\\\/cdeualmeria\",\"https:\\\/\\\/www.tiktok.com\\\/@cdealmeria\",\"https:\\\/\\\/www.instagram.com\\\/cdealmeria\\\/\",\"https:\\\/\\\/www.linkedin.com\\\/in\\\/cde-almera-812b26a9\\\/\"]},{\"@type\":\"Person\",\"@id\":\"https:\\\/\\\/www.cde.ual.es\\\/#\\\/schema\\\/person\\\/bf2f837cf3353e2161fe1087adbd728f\",\"name\":\"BECACDE1\",\"image\":{\"@type\":\"ImageObject\",\"inLanguage\":\"en-US\",\"@id\":\"https:\\\/\\\/secure.gravatar.com\\\/avatar\\\/16a4c1e422b5dec818ee13eab3353b19db9cfd278cc10f9b0e1188a37671d9d4?s=96&d=mm&r=g\",\"url\":\"https:\\\/\\\/secure.gravatar.com\\\/avatar\\\/16a4c1e422b5dec818ee13eab3353b19db9cfd278cc10f9b0e1188a37671d9d4?s=96&d=mm&r=g\",\"contentUrl\":\"https:\\\/\\\/secure.gravatar.com\\\/avatar\\\/16a4c1e422b5dec818ee13eab3353b19db9cfd278cc10f9b0e1188a37671d9d4?s=96&d=mm&r=g\",\"caption\":\"BECACDE1\"},\"sameAs\":[\"http:\\\/\\\/www.cdealmeria.com\"]}]}<\/script>\n<!-- \/ Yoast SEO plugin. -->","yoast_head_json":{"title":"How do Europeans feel about self-driving cars? | CDE Almer\u00eda - Centro de Documentaci\u00f3n Europea - Universidad de Almer\u00eda","robots":{"index":"index","follow":"follow","max-snippet":"max-snippet:-1","max-image-preview":"max-image-preview:large","max-video-preview":"max-video-preview:-1"},"canonical":"https:\/\/www.cde.ual.es\/en\/how-do-europeans-feel-about-self-driving-cars\/","og_locale":"en_US","og_type":"article","og_title":"How do Europeans feel about self-driving cars? | CDE Almer\u00eda - Centro de Documentaci\u00f3n Europea - Universidad de Almer\u00eda","og_description":"How do Europeans expect connected and autonomous vehicles (CAVs) to affect driving efficiency, road safety, data protection and sustainability? A recent survey has the answers. There\u2019s no doubt that technological innovation has changed our lives in many positive ways. It has made communication easier, improved manufacturing techniques, helped inflict less harm on the environment and [&hellip;]","og_url":"https:\/\/www.cde.ual.es\/en\/how-do-europeans-feel-about-self-driving-cars\/","og_site_name":"CDE Almer\u00eda - Centro de Documentaci\u00f3n Europea - Universidad de Almer\u00eda","article_publisher":"https:\/\/www.facebook.com\/cdeuniversidadalmeria\/","article_published_time":"2021-10-07T01:00:34+00:00","og_image":[{"width":2560,"height":1707,"url":"https:\/\/www.cde.ual.es\/wp-content\/uploads\/2021\/10\/bram-van-oost-WIhlNrqSysc-unsplash-scaled.jpg","type":"image\/jpeg"}],"author":"BECACDE1","twitter_card":"summary_large_image","twitter_creator":"@cdeualmeria","twitter_site":"@cdeualmeria","twitter_misc":{"Written by":"BECACDE1","Est. reading time":"3 minutes"},"schema":{"@context":"https:\/\/schema.org","@graph":[{"@type":"Article","@id":"https:\/\/www.cde.ual.es\/en\/how-do-europeans-feel-about-self-driving-cars\/#article","isPartOf":{"@id":"https:\/\/www.cde.ual.es\/en\/how-do-europeans-feel-about-self-driving-cars\/"},"author":{"name":"BECACDE1","@id":"https:\/\/www.cde.ual.es\/#\/schema\/person\/bf2f837cf3353e2161fe1087adbd728f"},"headline":"How do Europeans feel about self-driving cars?","datePublished":"2021-10-07T01:00:34+00:00","mainEntityOfPage":{"@id":"https:\/\/www.cde.ual.es\/en\/how-do-europeans-feel-about-self-driving-cars\/"},"wordCount":511,"commentCount":0,"publisher":{"@id":"https:\/\/www.cde.ual.es\/#organization"},"image":{"@id":"https:\/\/www.cde.ual.es\/en\/how-do-europeans-feel-about-self-driving-cars\/#primaryimage"},"thumbnailUrl":"https:\/\/www.cde.ual.es\/wp-content\/uploads\/2021\/10\/bram-van-oost-WIhlNrqSysc-unsplash-scaled.jpg","keywords":["citizens","Environment","European Union","self-driving cars","Transport"],"articleSection":["Environmental Affairs","EU News","Research and Innovation","Technology","Transport"],"inLanguage":"en-US","potentialAction":[{"@type":"CommentAction","name":"Comment","target":["https:\/\/www.cde.ual.es\/en\/how-do-europeans-feel-about-self-driving-cars\/#respond"]}]},{"@type":"WebPage","@id":"https:\/\/www.cde.ual.es\/en\/how-do-europeans-feel-about-self-driving-cars\/","url":"https:\/\/www.cde.ual.es\/en\/how-do-europeans-feel-about-self-driving-cars\/","name":"How do Europeans feel about self-driving cars? | CDE Almer\u00eda - Centro de Documentaci\u00f3n Europea - Universidad de Almer\u00eda","isPartOf":{"@id":"https:\/\/www.cde.ual.es\/#website"},"primaryImageOfPage":{"@id":"https:\/\/www.cde.ual.es\/en\/how-do-europeans-feel-about-self-driving-cars\/#primaryimage"},"image":{"@id":"https:\/\/www.cde.ual.es\/en\/how-do-europeans-feel-about-self-driving-cars\/#primaryimage"},"thumbnailUrl":"https:\/\/www.cde.ual.es\/wp-content\/uploads\/2021\/10\/bram-van-oost-WIhlNrqSysc-unsplash-scaled.jpg","datePublished":"2021-10-07T01:00:34+00:00","breadcrumb":{"@id":"https:\/\/www.cde.ual.es\/en\/how-do-europeans-feel-about-self-driving-cars\/#breadcrumb"},"inLanguage":"en-US","potentialAction":[{"@type":"ReadAction","target":["https:\/\/www.cde.ual.es\/en\/how-do-europeans-feel-about-self-driving-cars\/"]}]},{"@type":"ImageObject","inLanguage":"en-US","@id":"https:\/\/www.cde.ual.es\/en\/how-do-europeans-feel-about-self-driving-cars\/#primaryimage","url":"https:\/\/www.cde.ual.es\/wp-content\/uploads\/2021\/10\/bram-van-oost-WIhlNrqSysc-unsplash-scaled.jpg","contentUrl":"https:\/\/www.cde.ual.es\/wp-content\/uploads\/2021\/10\/bram-van-oost-WIhlNrqSysc-unsplash-scaled.jpg","width":2560,"height":1707},{"@type":"BreadcrumbList","@id":"https:\/\/www.cde.ual.es\/en\/how-do-europeans-feel-about-self-driving-cars\/#breadcrumb","itemListElement":[{"@type":"ListItem","position":1,"name":"Inicio","item":"https:\/\/www.cde.ual.es\/en\/"},{"@type":"ListItem","position":2,"name":"EU News","item":"https:\/\/www.cde.ual.es\/en\/category\/eu-news\/"},{"@type":"ListItem","position":3,"name":"Research and Innovation","item":"https:\/\/www.cde.ual.es\/en\/category\/eu-news\/research-innovation\/"},{"@type":"ListItem","position":4,"name":"Technology","item":"https:\/\/www.cde.ual.es\/en\/category\/eu-news\/research-innovation\/technology\/"},{"@type":"ListItem","position":5,"name":"How do Europeans feel about self-driving cars?"}]},{"@type":"WebSite","@id":"https:\/\/www.cde.ual.es\/#website","url":"https:\/\/www.cde.ual.es\/","name":"CDE Almer\u00eda - Centro de Documentaci\u00f3n Europea - Universidad de Almer\u00eda","description":"Centro de Documentaci\u00f3n Europea de la Universidad de Almer\u00eda","publisher":{"@id":"https:\/\/www.cde.ual.es\/#organization"},"alternateName":"CDE Almer\u00eda","potentialAction":[{"@type":"SearchAction","target":{"@type":"EntryPoint","urlTemplate":"https:\/\/www.cde.ual.es\/?s={search_term_string}"},"query-input":{"@type":"PropertyValueSpecification","valueRequired":true,"valueName":"search_term_string"}}],"inLanguage":"en-US"},{"@type":"Organization","@id":"https:\/\/www.cde.ual.es\/#organization","name":"Centro de Documentaci\u00f3n Europea de Almer\u00eda","url":"https:\/\/www.cde.ual.es\/","logo":{"@type":"ImageObject","inLanguage":"en-US","@id":"https:\/\/www.cde.ual.es\/#\/schema\/logo\/image\/","url":"https:\/\/www.cde.ual.es\/wp-content\/uploads\/2025\/07\/cde-logo-3.png","contentUrl":"https:\/\/www.cde.ual.es\/wp-content\/uploads\/2025\/07\/cde-logo-3.png","width":1400,"height":300,"caption":"Centro de Documentaci\u00f3n Europea de Almer\u00eda"},"image":{"@id":"https:\/\/www.cde.ual.es\/#\/schema\/logo\/image\/"},"sameAs":["https:\/\/www.facebook.com\/cdeuniversidadalmeria\/","https:\/\/x.com\/cdeualmeria","https:\/\/www.tiktok.com\/@cdealmeria","https:\/\/www.instagram.com\/cdealmeria\/","https:\/\/www.linkedin.com\/in\/cde-almera-812b26a9\/"]},{"@type":"Person","@id":"https:\/\/www.cde.ual.es\/#\/schema\/person\/bf2f837cf3353e2161fe1087adbd728f","name":"BECACDE1","image":{"@type":"ImageObject","inLanguage":"en-US","@id":"https:\/\/secure.gravatar.com\/avatar\/16a4c1e422b5dec818ee13eab3353b19db9cfd278cc10f9b0e1188a37671d9d4?s=96&d=mm&r=g","url":"https:\/\/secure.gravatar.com\/avatar\/16a4c1e422b5dec818ee13eab3353b19db9cfd278cc10f9b0e1188a37671d9d4?s=96&d=mm&r=g","contentUrl":"https:\/\/secure.gravatar.com\/avatar\/16a4c1e422b5dec818ee13eab3353b19db9cfd278cc10f9b0e1188a37671d9d4?s=96&d=mm&r=g","caption":"BECACDE1"},"sameAs":["http:\/\/www.cdealmeria.com"]}]}},"_links":{"self":[{"href":"https:\/\/www.cde.ual.es\/en\/wp-json\/wp\/v2\/posts\/81087","targetHints":{"allow":["GET"]}}],"collection":[{"href":"https:\/\/www.cde.ual.es\/en\/wp-json\/wp\/v2\/posts"}],"about":[{"href":"https:\/\/www.cde.ual.es\/en\/wp-json\/wp\/v2\/types\/post"}],"author":[{"embeddable":true,"href":"https:\/\/www.cde.ual.es\/en\/wp-json\/wp\/v2\/users\/101012"}],"replies":[{"embeddable":true,"href":"https:\/\/www.cde.ual.es\/en\/wp-json\/wp\/v2\/comments?post=81087"}],"version-history":[{"count":0,"href":"https:\/\/www.cde.ual.es\/en\/wp-json\/wp\/v2\/posts\/81087\/revisions"}],"wp:featuredmedia":[{"embeddable":true,"href":"https:\/\/www.cde.ual.es\/en\/wp-json\/wp\/v2\/media\/81096"}],"wp:attachment":[{"href":"https:\/\/www.cde.ual.es\/en\/wp-json\/wp\/v2\/media?parent=81087"}],"wp:term":[{"taxonomy":"category","embeddable":true,"href":"https:\/\/www.cde.ual.es\/en\/wp-json\/wp\/v2\/categories?post=81087"},{"taxonomy":"post_tag","embeddable":true,"href":"https:\/\/www.cde.ual.es\/en\/wp-json\/wp\/v2\/tags?post=81087"}],"curies":[{"name":"wp","href":"https:\/\/api.w.org\/{rel}","templated":true}]}}