{"id":8054,"date":"2018-09-07T09:15:45","date_gmt":"2018-09-07T07:15:45","guid":{"rendered":"http:\/\/www.cde.ual.es\/?p=8054"},"modified":"2018-09-07T09:16:44","modified_gmt":"2018-09-07T07:16:44","slug":"foro-mundial-para-la-democracia-2018","status":"publish","type":"post","link":"https:\/\/www.cde.ual.es\/en\/foro-mundial-para-la-democracia-2018\/","title":{"rendered":"Foro Mundial para la Democracia 2018: Igualdad de g\u00e9nero"},"content":{"rendered":"<p><a href=\"http:\/\/www.cde.ual.es\/wp-content\/uploads\/2018\/09\/gender-equality-rose_en.jpg\"><img decoding=\"async\" class=\"wp-image-8055 aligncenter\" src=\"http:\/\/www.cde.ual.es\/wp-content\/uploads\/2018\/09\/gender-equality-rose_en-300x169.jpg\" alt=\"\" width=\"369\" height=\"208\" srcset=\"https:\/\/www.cde.ual.es\/wp-content\/uploads\/2018\/09\/gender-equality-rose_en-300x169.jpg 300w, https:\/\/www.cde.ual.es\/wp-content\/uploads\/2018\/09\/gender-equality-rose_en-768x432.jpg 768w, https:\/\/www.cde.ual.es\/wp-content\/uploads\/2018\/09\/gender-equality-rose_en.jpg 870w\" sizes=\"(max-width: 369px) 100vw, 369px\" \/><\/a><\/p>\n<h4 style=\"text-align: center;\">Foro Mundial para la Democracia 2018<br \/>\nIgualdad de g\u00e9nero: \u00bfDe qui\u00e9n es la batalla?<\/h4>\n<h5>Sobre el Foro 2018<\/h5>\n<p>En 1918, mujeres valientes formaron movimientos por los derechos de las mujeres para desafiar su exclusi\u00f3n de la vida p\u00fablica y pol\u00edtica. En muchos pa\u00edses, su valent\u00eda les gan\u00f3 el derecho a una mayor participaci\u00f3n democr\u00e1tica. Casi un siglo despu\u00e9s, el movimiento #MeToo puso de manifiesto la extensi\u00f3n generalizada de la violencia contra las mujeres en todos los \u00e1mbitos de la vida. Pero, \u00bfdebemos esperar otro siglo para el pr\u00f3ximo cambio s\u00edsmico en la forma en que las mujeres son percibidas y tratadas? \u00bfO es ahora, con la conciencia global planteada, un momento para evaluar qu\u00e9 m\u00e1s se debe hacer?<\/p>\n<p>Este a\u00f1o, el foro se centra en dos cuestiones clave: la participaci\u00f3n p\u00fablica, pol\u00edtica y econ\u00f3mica de las mujeres y la lucha contra la violencia contra las mujeres a ra\u00edz de #MeToo.<\/p>\n<p>La edici\u00f3n de 2018 abordar\u00e1 estos temas bas\u00e1ndose, entre otras cosas, en la extensa labor del Consejo de Europa, incluida la Carta Social Europea, la Estrategia de Igualdad de G\u00e9nero del Consejo de Europa 2018-2023, el Convenio de Estambul sobre Prevenci\u00f3n y Lucha contra la Violencia contra la Mujer y el La violencia y otras normas y herramientas pertinentes que contribuyen a la aplicaci\u00f3n de los Objetivos de Desarrollo Sostenible de las Naciones Unidas.<\/p>\n<h5>Celebraci\u00f3n del Foro 2018<\/h5>\n<p>Del 19 al 21 de noviembre, Estrasburgo ser\u00e1 sede del Foro Mundial para la Democracia de 2018.<\/p>\n<p>Con un programa repleto durante los tres d\u00edas, la sexta edici\u00f3n del foro seguramente tendr\u00e1 algo para los 2.500 participantes.<\/p>\n<p>Desde los oradores principales hasta los laboratorios interactivos, este a\u00f1o se buscar\u00e1 aprovechar el \u00e9xito anterior al involucrar a los que toman las decisiones y a los activistas en temas importantes en un entorno \u00fanico.<\/p>\n<p>\u00bfPor qu\u00e9 no registrarse y ver el impacto que puede tener?<\/p>\n<h5>M\u00e1s informaci\u00f3n<\/h5>\n<p>Accede a la fuente de la noticia<a href=\"https:\/\/europa.eu\/youth\/node\/59780_es\"> aqu\u00ed<\/a><\/p>\n<p><a href=\"https:\/\/www.coe.int\/en\/web\/world-forum-democracy\/home\">P\u00e1gina web del Foro para la Democracia 2018<\/a><\/p>\n<p>Ap\u00fantate <a href=\"http:\/\/a.cs.coe.int\/team81\/wfd-fmd\/Inscription\/spontaneous.aspx\">aqu\u00ed<\/a><\/p>\n<p>&nbsp;<\/p>\n","protected":false},"excerpt":{"rendered":"<p>Foro Mundial para la Democracia 2018 Igualdad de g\u00e9nero: \u00bfDe qui\u00e9n es la batalla? Sobre el Foro 2018 En 1918, mujeres valientes formaron movimientos por los derechos de las mujeres para desafiar su exclusi\u00f3n de la vida p\u00fablica y pol\u00edtica. En muchos pa\u00edses, su valent\u00eda les gan\u00f3 el derecho a una mayor participaci\u00f3n democr\u00e1tica. Casi [&hellip;]<\/p>\n","protected":false},"author":101011,"featured_media":8055,"comment_status":"open","ping_status":"open","sticky":false,"template":"","format":"standard","meta":{"_acf_changed":false,"_relevanssi_hide_post":"","_relevanssi_hide_content":"","_relevanssi_pin_for_all":"","_relevanssi_pin_keywords":"","_relevanssi_unpin_keywords":"","_relevanssi_related_keywords":"","_relevanssi_related_include_ids":"","_relevanssi_related_exclude_ids":"","_relevanssi_related_no_append":"","_relevanssi_related_not_related":"","_relevanssi_related_posts":"","_relevanssi_noindex_reason":"","_monsterinsights_skip_tracking":false,"_monsterinsights_sitenote_active":false,"_monsterinsights_sitenote_note":"","_monsterinsights_sitenote_category":0,"_genesis_hide_title":false,"_genesis_hide_breadcrumbs":false,"_genesis_hide_singular_image":false,"_genesis_hide_footer_widgets":false,"_genesis_custom_body_class":"","_genesis_custom_post_class":"","_genesis_layout":"","footnotes":""},"categories":[96],"tags":[141,149],"class_list":{"0":"post-8054","1":"post","2":"type-post","3":"status-publish","4":"format-standard","5":"has-post-thumbnail","7":"category-noticias-ue","8":"tag-asuntos-sociales","9":"tag-igualdad-de-genero","10":"entry"},"acf":[],"yoast_head":"<!-- This site is optimized with the Yoast SEO plugin v27.4 - https:\/\/yoast.com\/product\/yoast-seo-wordpress\/ -->\n<title>Foro Mundial para la Democracia 2018: Igualdad de g\u00e9nero | CDE Almer\u00eda - Centro de Documentaci\u00f3n Europea - Universidad de Almer\u00eda<\/title>\n<meta name=\"robots\" content=\"index, follow, max-snippet:-1, max-image-preview:large, max-video-preview:-1\" \/>\n<link rel=\"canonical\" href=\"https:\/\/www.cde.ual.es\/foro-mundial-para-la-democracia-2018\/\" \/>\n<meta property=\"og:locale\" content=\"en_US\" \/>\n<meta property=\"og:type\" content=\"article\" \/>\n<meta property=\"og:title\" content=\"Foro Mundial para la Democracia 2018: Igualdad de g\u00e9nero | CDE Almer\u00eda - Centro de Documentaci\u00f3n Europea - Universidad de Almer\u00eda\" \/>\n<meta property=\"og:description\" content=\"Foro Mundial para la Democracia 2018 Igualdad de g\u00e9nero: \u00bfDe qui\u00e9n es la batalla? Sobre el Foro 2018 En 1918, mujeres valientes formaron movimientos por los derechos de las mujeres para desafiar su exclusi\u00f3n de la vida p\u00fablica y pol\u00edtica. En muchos pa\u00edses, su valent\u00eda les gan\u00f3 el derecho a una mayor participaci\u00f3n democr\u00e1tica. Casi [&hellip;]\" \/>\n<meta property=\"og:url\" content=\"https:\/\/www.cde.ual.es\/foro-mundial-para-la-democracia-2018\/\" \/>\n<meta property=\"og:site_name\" content=\"CDE Almer\u00eda - Centro de Documentaci\u00f3n Europea - Universidad de Almer\u00eda\" \/>\n<meta property=\"article:publisher\" content=\"https:\/\/www.facebook.com\/cdeuniversidadalmeria\/\" \/>\n<meta property=\"article:published_time\" content=\"2018-09-07T07:15:45+00:00\" \/>\n<meta property=\"article:modified_time\" content=\"2018-09-07T07:16:44+00:00\" \/>\n<meta property=\"og:image\" content=\"https:\/\/www.cde.ual.es\/wp-content\/uploads\/2018\/09\/gender-equality-rose_en.jpg\" \/>\n\t<meta property=\"og:image:width\" content=\"870\" \/>\n\t<meta property=\"og:image:height\" content=\"489\" \/>\n\t<meta property=\"og:image:type\" content=\"image\/jpeg\" \/>\n<meta name=\"author\" content=\"BECA 2 CDE\" \/>\n<meta name=\"twitter:card\" content=\"summary_large_image\" \/>\n<meta name=\"twitter:creator\" content=\"@cdeualmeria\" \/>\n<meta name=\"twitter:site\" content=\"@cdeualmeria\" \/>\n<meta name=\"twitter:label1\" content=\"Written by\" \/>\n\t<meta name=\"twitter:data1\" content=\"BECA 2 CDE\" \/>\n\t<meta name=\"twitter:label2\" content=\"Est. reading time\" \/>\n\t<meta name=\"twitter:data2\" content=\"2 minutes\" \/>\n<script type=\"application\/ld+json\" class=\"yoast-schema-graph\">{\"@context\":\"https:\\\/\\\/schema.org\",\"@graph\":[{\"@type\":\"Article\",\"@id\":\"https:\\\/\\\/www.cde.ual.es\\\/foro-mundial-para-la-democracia-2018\\\/#article\",\"isPartOf\":{\"@id\":\"https:\\\/\\\/www.cde.ual.es\\\/foro-mundial-para-la-democracia-2018\\\/\"},\"author\":{\"name\":\"BECA 2 CDE\",\"@id\":\"https:\\\/\\\/www.cde.ual.es\\\/#\\\/schema\\\/person\\\/ee46ebc19edfa19598c02cff83335acc\"},\"headline\":\"Foro Mundial para la Democracia 2018: Igualdad de g\u00e9nero\",\"datePublished\":\"2018-09-07T07:15:45+00:00\",\"dateModified\":\"2018-09-07T07:16:44+00:00\",\"mainEntityOfPage\":{\"@id\":\"https:\\\/\\\/www.cde.ual.es\\\/foro-mundial-para-la-democracia-2018\\\/\"},\"wordCount\":364,\"commentCount\":0,\"publisher\":{\"@id\":\"https:\\\/\\\/www.cde.ual.es\\\/#organization\"},\"image\":{\"@id\":\"https:\\\/\\\/www.cde.ual.es\\\/foro-mundial-para-la-democracia-2018\\\/#primaryimage\"},\"thumbnailUrl\":\"https:\\\/\\\/www.cde.ual.es\\\/wp-content\\\/uploads\\\/2018\\\/09\\\/gender-equality-rose_en.jpg\",\"keywords\":[\"Asuntos Sociales\",\"Igualdad de Genero\"],\"articleSection\":[\"Noticias UE\"],\"inLanguage\":\"en-US\",\"potentialAction\":[{\"@type\":\"CommentAction\",\"name\":\"Comment\",\"target\":[\"https:\\\/\\\/www.cde.ual.es\\\/foro-mundial-para-la-democracia-2018\\\/#respond\"]}]},{\"@type\":\"WebPage\",\"@id\":\"https:\\\/\\\/www.cde.ual.es\\\/foro-mundial-para-la-democracia-2018\\\/\",\"url\":\"https:\\\/\\\/www.cde.ual.es\\\/foro-mundial-para-la-democracia-2018\\\/\",\"name\":\"Foro Mundial para la Democracia 2018: Igualdad de g\u00e9nero | CDE Almer\u00eda - Centro de Documentaci\u00f3n Europea - Universidad de Almer\u00eda\",\"isPartOf\":{\"@id\":\"https:\\\/\\\/www.cde.ual.es\\\/#website\"},\"primaryImageOfPage\":{\"@id\":\"https:\\\/\\\/www.cde.ual.es\\\/foro-mundial-para-la-democracia-2018\\\/#primaryimage\"},\"image\":{\"@id\":\"https:\\\/\\\/www.cde.ual.es\\\/foro-mundial-para-la-democracia-2018\\\/#primaryimage\"},\"thumbnailUrl\":\"https:\\\/\\\/www.cde.ual.es\\\/wp-content\\\/uploads\\\/2018\\\/09\\\/gender-equality-rose_en.jpg\",\"datePublished\":\"2018-09-07T07:15:45+00:00\",\"dateModified\":\"2018-09-07T07:16:44+00:00\",\"breadcrumb\":{\"@id\":\"https:\\\/\\\/www.cde.ual.es\\\/foro-mundial-para-la-democracia-2018\\\/#breadcrumb\"},\"inLanguage\":\"en-US\",\"potentialAction\":[{\"@type\":\"ReadAction\",\"target\":[\"https:\\\/\\\/www.cde.ual.es\\\/foro-mundial-para-la-democracia-2018\\\/\"]}]},{\"@type\":\"ImageObject\",\"inLanguage\":\"en-US\",\"@id\":\"https:\\\/\\\/www.cde.ual.es\\\/foro-mundial-para-la-democracia-2018\\\/#primaryimage\",\"url\":\"https:\\\/\\\/www.cde.ual.es\\\/wp-content\\\/uploads\\\/2018\\\/09\\\/gender-equality-rose_en.jpg\",\"contentUrl\":\"https:\\\/\\\/www.cde.ual.es\\\/wp-content\\\/uploads\\\/2018\\\/09\\\/gender-equality-rose_en.jpg\",\"width\":870,\"height\":489},{\"@type\":\"BreadcrumbList\",\"@id\":\"https:\\\/\\\/www.cde.ual.es\\\/foro-mundial-para-la-democracia-2018\\\/#breadcrumb\",\"itemListElement\":[{\"@type\":\"ListItem\",\"position\":1,\"name\":\"Inicio\",\"item\":\"https:\\\/\\\/www.cde.ual.es\\\/en\\\/\"},{\"@type\":\"ListItem\",\"position\":2,\"name\":\"Noticias UE\",\"item\":\"https:\\\/\\\/www.cde.ual.es\\\/category\\\/noticias-ue\\\/\"},{\"@type\":\"ListItem\",\"position\":3,\"name\":\"Foro Mundial para la Democracia 2018: Igualdad de g\u00e9nero\"}]},{\"@type\":\"WebSite\",\"@id\":\"https:\\\/\\\/www.cde.ual.es\\\/#website\",\"url\":\"https:\\\/\\\/www.cde.ual.es\\\/\",\"name\":\"CDE Almer\u00eda - Centro de Documentaci\u00f3n Europea - Universidad de Almer\u00eda\",\"description\":\"Centro de Documentaci\u00f3n Europea de la Universidad de Almer\u00eda\",\"publisher\":{\"@id\":\"https:\\\/\\\/www.cde.ual.es\\\/#organization\"},\"alternateName\":\"CDE Almer\u00eda\",\"potentialAction\":[{\"@type\":\"SearchAction\",\"target\":{\"@type\":\"EntryPoint\",\"urlTemplate\":\"https:\\\/\\\/www.cde.ual.es\\\/?s={search_term_string}\"},\"query-input\":{\"@type\":\"PropertyValueSpecification\",\"valueRequired\":true,\"valueName\":\"search_term_string\"}}],\"inLanguage\":\"en-US\"},{\"@type\":\"Organization\",\"@id\":\"https:\\\/\\\/www.cde.ual.es\\\/#organization\",\"name\":\"Centro de Documentaci\u00f3n Europea de Almer\u00eda\",\"url\":\"https:\\\/\\\/www.cde.ual.es\\\/\",\"logo\":{\"@type\":\"ImageObject\",\"inLanguage\":\"en-US\",\"@id\":\"https:\\\/\\\/www.cde.ual.es\\\/#\\\/schema\\\/logo\\\/image\\\/\",\"url\":\"https:\\\/\\\/www.cde.ual.es\\\/wp-content\\\/uploads\\\/2025\\\/07\\\/cde-logo-3.png\",\"contentUrl\":\"https:\\\/\\\/www.cde.ual.es\\\/wp-content\\\/uploads\\\/2025\\\/07\\\/cde-logo-3.png\",\"width\":1400,\"height\":300,\"caption\":\"Centro de Documentaci\u00f3n Europea de Almer\u00eda\"},\"image\":{\"@id\":\"https:\\\/\\\/www.cde.ual.es\\\/#\\\/schema\\\/logo\\\/image\\\/\"},\"sameAs\":[\"https:\\\/\\\/www.facebook.com\\\/cdeuniversidadalmeria\\\/\",\"https:\\\/\\\/x.com\\\/cdeualmeria\",\"https:\\\/\\\/www.tiktok.com\\\/@cdealmeria\",\"https:\\\/\\\/www.instagram.com\\\/cdealmeria\\\/\",\"https:\\\/\\\/www.linkedin.com\\\/in\\\/cde-almera-812b26a9\\\/\"]},{\"@type\":\"Person\",\"@id\":\"https:\\\/\\\/www.cde.ual.es\\\/#\\\/schema\\\/person\\\/ee46ebc19edfa19598c02cff83335acc\",\"name\":\"BECA 2 CDE\",\"image\":{\"@type\":\"ImageObject\",\"inLanguage\":\"en-US\",\"@id\":\"https:\\\/\\\/secure.gravatar.com\\\/avatar\\\/35a481bbc04bbd90e91bdfa3b0b5541036c222a49b9ad37b6889a2afcb5311a5?s=96&d=mm&r=g\",\"url\":\"https:\\\/\\\/secure.gravatar.com\\\/avatar\\\/35a481bbc04bbd90e91bdfa3b0b5541036c222a49b9ad37b6889a2afcb5311a5?s=96&d=mm&r=g\",\"contentUrl\":\"https:\\\/\\\/secure.gravatar.com\\\/avatar\\\/35a481bbc04bbd90e91bdfa3b0b5541036c222a49b9ad37b6889a2afcb5311a5?s=96&d=mm&r=g\",\"caption\":\"BECA 2 CDE\"},\"sameAs\":[\"http:\\\/\\\/www.cdealmeria.com\"]}]}<\/script>\n<!-- \/ Yoast SEO plugin. -->","yoast_head_json":{"title":"Foro Mundial para la Democracia 2018: Igualdad de g\u00e9nero | CDE Almer\u00eda - Centro de Documentaci\u00f3n Europea - Universidad de Almer\u00eda","robots":{"index":"index","follow":"follow","max-snippet":"max-snippet:-1","max-image-preview":"max-image-preview:large","max-video-preview":"max-video-preview:-1"},"canonical":"https:\/\/www.cde.ual.es\/foro-mundial-para-la-democracia-2018\/","og_locale":"en_US","og_type":"article","og_title":"Foro Mundial para la Democracia 2018: Igualdad de g\u00e9nero | CDE Almer\u00eda - Centro de Documentaci\u00f3n Europea - Universidad de Almer\u00eda","og_description":"Foro Mundial para la Democracia 2018 Igualdad de g\u00e9nero: \u00bfDe qui\u00e9n es la batalla? Sobre el Foro 2018 En 1918, mujeres valientes formaron movimientos por los derechos de las mujeres para desafiar su exclusi\u00f3n de la vida p\u00fablica y pol\u00edtica. En muchos pa\u00edses, su valent\u00eda les gan\u00f3 el derecho a una mayor participaci\u00f3n democr\u00e1tica. Casi [&hellip;]","og_url":"https:\/\/www.cde.ual.es\/foro-mundial-para-la-democracia-2018\/","og_site_name":"CDE Almer\u00eda - Centro de Documentaci\u00f3n Europea - Universidad de Almer\u00eda","article_publisher":"https:\/\/www.facebook.com\/cdeuniversidadalmeria\/","article_published_time":"2018-09-07T07:15:45+00:00","article_modified_time":"2018-09-07T07:16:44+00:00","og_image":[{"width":870,"height":489,"url":"https:\/\/www.cde.ual.es\/wp-content\/uploads\/2018\/09\/gender-equality-rose_en.jpg","type":"image\/jpeg"}],"author":"BECA 2 CDE","twitter_card":"summary_large_image","twitter_creator":"@cdeualmeria","twitter_site":"@cdeualmeria","twitter_misc":{"Written by":"BECA 2 CDE","Est. reading time":"2 minutes"},"schema":{"@context":"https:\/\/schema.org","@graph":[{"@type":"Article","@id":"https:\/\/www.cde.ual.es\/foro-mundial-para-la-democracia-2018\/#article","isPartOf":{"@id":"https:\/\/www.cde.ual.es\/foro-mundial-para-la-democracia-2018\/"},"author":{"name":"BECA 2 CDE","@id":"https:\/\/www.cde.ual.es\/#\/schema\/person\/ee46ebc19edfa19598c02cff83335acc"},"headline":"Foro Mundial para la Democracia 2018: Igualdad de g\u00e9nero","datePublished":"2018-09-07T07:15:45+00:00","dateModified":"2018-09-07T07:16:44+00:00","mainEntityOfPage":{"@id":"https:\/\/www.cde.ual.es\/foro-mundial-para-la-democracia-2018\/"},"wordCount":364,"commentCount":0,"publisher":{"@id":"https:\/\/www.cde.ual.es\/#organization"},"image":{"@id":"https:\/\/www.cde.ual.es\/foro-mundial-para-la-democracia-2018\/#primaryimage"},"thumbnailUrl":"https:\/\/www.cde.ual.es\/wp-content\/uploads\/2018\/09\/gender-equality-rose_en.jpg","keywords":["Asuntos Sociales","Igualdad de Genero"],"articleSection":["Noticias UE"],"inLanguage":"en-US","potentialAction":[{"@type":"CommentAction","name":"Comment","target":["https:\/\/www.cde.ual.es\/foro-mundial-para-la-democracia-2018\/#respond"]}]},{"@type":"WebPage","@id":"https:\/\/www.cde.ual.es\/foro-mundial-para-la-democracia-2018\/","url":"https:\/\/www.cde.ual.es\/foro-mundial-para-la-democracia-2018\/","name":"Foro Mundial para la Democracia 2018: Igualdad de g\u00e9nero | CDE Almer\u00eda - Centro de Documentaci\u00f3n Europea - Universidad de Almer\u00eda","isPartOf":{"@id":"https:\/\/www.cde.ual.es\/#website"},"primaryImageOfPage":{"@id":"https:\/\/www.cde.ual.es\/foro-mundial-para-la-democracia-2018\/#primaryimage"},"image":{"@id":"https:\/\/www.cde.ual.es\/foro-mundial-para-la-democracia-2018\/#primaryimage"},"thumbnailUrl":"https:\/\/www.cde.ual.es\/wp-content\/uploads\/2018\/09\/gender-equality-rose_en.jpg","datePublished":"2018-09-07T07:15:45+00:00","dateModified":"2018-09-07T07:16:44+00:00","breadcrumb":{"@id":"https:\/\/www.cde.ual.es\/foro-mundial-para-la-democracia-2018\/#breadcrumb"},"inLanguage":"en-US","potentialAction":[{"@type":"ReadAction","target":["https:\/\/www.cde.ual.es\/foro-mundial-para-la-democracia-2018\/"]}]},{"@type":"ImageObject","inLanguage":"en-US","@id":"https:\/\/www.cde.ual.es\/foro-mundial-para-la-democracia-2018\/#primaryimage","url":"https:\/\/www.cde.ual.es\/wp-content\/uploads\/2018\/09\/gender-equality-rose_en.jpg","contentUrl":"https:\/\/www.cde.ual.es\/wp-content\/uploads\/2018\/09\/gender-equality-rose_en.jpg","width":870,"height":489},{"@type":"BreadcrumbList","@id":"https:\/\/www.cde.ual.es\/foro-mundial-para-la-democracia-2018\/#breadcrumb","itemListElement":[{"@type":"ListItem","position":1,"name":"Inicio","item":"https:\/\/www.cde.ual.es\/en\/"},{"@type":"ListItem","position":2,"name":"Noticias UE","item":"https:\/\/www.cde.ual.es\/category\/noticias-ue\/"},{"@type":"ListItem","position":3,"name":"Foro Mundial para la Democracia 2018: Igualdad de g\u00e9nero"}]},{"@type":"WebSite","@id":"https:\/\/www.cde.ual.es\/#website","url":"https:\/\/www.cde.ual.es\/","name":"CDE Almer\u00eda - Centro de Documentaci\u00f3n Europea - Universidad de Almer\u00eda","description":"Centro de Documentaci\u00f3n Europea de la Universidad de Almer\u00eda","publisher":{"@id":"https:\/\/www.cde.ual.es\/#organization"},"alternateName":"CDE Almer\u00eda","potentialAction":[{"@type":"SearchAction","target":{"@type":"EntryPoint","urlTemplate":"https:\/\/www.cde.ual.es\/?s={search_term_string}"},"query-input":{"@type":"PropertyValueSpecification","valueRequired":true,"valueName":"search_term_string"}}],"inLanguage":"en-US"},{"@type":"Organization","@id":"https:\/\/www.cde.ual.es\/#organization","name":"Centro de Documentaci\u00f3n Europea de Almer\u00eda","url":"https:\/\/www.cde.ual.es\/","logo":{"@type":"ImageObject","inLanguage":"en-US","@id":"https:\/\/www.cde.ual.es\/#\/schema\/logo\/image\/","url":"https:\/\/www.cde.ual.es\/wp-content\/uploads\/2025\/07\/cde-logo-3.png","contentUrl":"https:\/\/www.cde.ual.es\/wp-content\/uploads\/2025\/07\/cde-logo-3.png","width":1400,"height":300,"caption":"Centro de Documentaci\u00f3n Europea de Almer\u00eda"},"image":{"@id":"https:\/\/www.cde.ual.es\/#\/schema\/logo\/image\/"},"sameAs":["https:\/\/www.facebook.com\/cdeuniversidadalmeria\/","https:\/\/x.com\/cdeualmeria","https:\/\/www.tiktok.com\/@cdealmeria","https:\/\/www.instagram.com\/cdealmeria\/","https:\/\/www.linkedin.com\/in\/cde-almera-812b26a9\/"]},{"@type":"Person","@id":"https:\/\/www.cde.ual.es\/#\/schema\/person\/ee46ebc19edfa19598c02cff83335acc","name":"BECA 2 CDE","image":{"@type":"ImageObject","inLanguage":"en-US","@id":"https:\/\/secure.gravatar.com\/avatar\/35a481bbc04bbd90e91bdfa3b0b5541036c222a49b9ad37b6889a2afcb5311a5?s=96&d=mm&r=g","url":"https:\/\/secure.gravatar.com\/avatar\/35a481bbc04bbd90e91bdfa3b0b5541036c222a49b9ad37b6889a2afcb5311a5?s=96&d=mm&r=g","contentUrl":"https:\/\/secure.gravatar.com\/avatar\/35a481bbc04bbd90e91bdfa3b0b5541036c222a49b9ad37b6889a2afcb5311a5?s=96&d=mm&r=g","caption":"BECA 2 CDE"},"sameAs":["http:\/\/www.cdealmeria.com"]}]}},"_links":{"self":[{"href":"https:\/\/www.cde.ual.es\/en\/wp-json\/wp\/v2\/posts\/8054","targetHints":{"allow":["GET"]}}],"collection":[{"href":"https:\/\/www.cde.ual.es\/en\/wp-json\/wp\/v2\/posts"}],"about":[{"href":"https:\/\/www.cde.ual.es\/en\/wp-json\/wp\/v2\/types\/post"}],"author":[{"embeddable":true,"href":"https:\/\/www.cde.ual.es\/en\/wp-json\/wp\/v2\/users\/101011"}],"replies":[{"embeddable":true,"href":"https:\/\/www.cde.ual.es\/en\/wp-json\/wp\/v2\/comments?post=8054"}],"version-history":[{"count":0,"href":"https:\/\/www.cde.ual.es\/en\/wp-json\/wp\/v2\/posts\/8054\/revisions"}],"wp:featuredmedia":[{"embeddable":true,"href":"https:\/\/www.cde.ual.es\/en\/wp-json\/wp\/v2\/media\/8055"}],"wp:attachment":[{"href":"https:\/\/www.cde.ual.es\/en\/wp-json\/wp\/v2\/media?parent=8054"}],"wp:term":[{"taxonomy":"category","embeddable":true,"href":"https:\/\/www.cde.ual.es\/en\/wp-json\/wp\/v2\/categories?post=8054"},{"taxonomy":"post_tag","embeddable":true,"href":"https:\/\/www.cde.ual.es\/en\/wp-json\/wp\/v2\/tags?post=8054"}],"curies":[{"name":"wp","href":"https:\/\/api.w.org\/{rel}","templated":true}]}}