{"id":80162,"date":"2021-09-24T03:00:57","date_gmt":"2021-09-24T01:00:57","guid":{"rendered":"https:\/\/www.cde.ual.es\/?p=80162"},"modified":"2021-09-23T23:02:58","modified_gmt":"2021-09-23T21:02:58","slug":"annual-eu-agriculture-organic-day","status":"publish","type":"post","link":"https:\/\/www.cde.ual.es\/en\/annual-eu-agriculture-organic-day\/","title":{"rendered":"Annual EU agriculture organic day"},"content":{"rendered":"<section id=\"inline-nav-1\">\n<div class=\"ecl-paragraph\">\n<p><a href=\"https:\/\/www.cde.ual.es\/wp-content\/uploads\/2021\/09\/Captura.jpg\"><img decoding=\"async\" class=\" wp-image-80159 aligncenter\" src=\"https:\/\/www.cde.ual.es\/wp-content\/uploads\/2021\/09\/Captura.jpg\" alt=\"\" width=\"606\" height=\"351\" srcset=\"https:\/\/www.cde.ual.es\/wp-content\/uploads\/2021\/09\/Captura.jpg 697w, https:\/\/www.cde.ual.es\/wp-content\/uploads\/2021\/09\/Captura-300x174.jpg 300w\" sizes=\"(max-width: 606px) 100vw, 606px\" \/><\/a><\/p>\n<section id=\"inline-nav-1\">\n<div class=\"ecl-paragraph\">\n<p>Today, the European Parliament, the Council and the Commission celebrate the launch of an annual <strong>\u2018EU organic day&#8217;<\/strong>. The three institutions signed a joint declaration establishing from now on each <strong>23 September<\/strong> as EU organic day. This follows up on the <a href=\"https:\/\/ec.europa.eu\/commission\/presscorner\/detail\/en\/IP_21_1275\" target=\"_blank\" rel=\"noopener\">Action Plan for the development of organic production,<\/a> adopted by the Commission on 25 March 2021, which announced the creation of such a day to raise awareness of organic production.<\/p>\n<p>At the signing and launch ceremony, Commissioner for Agriculture Janusz <strong>Wojciechowski<\/strong> said: \u201c<em>Today we celebrate organic production, a sustainable type of agriculture where food production is done in harmony with nature, biodiversity and animal welfare. 23 September is also autumnal equinox, when day and night are equally long, a symbol of balance between agriculture and environment that ideally suits organic production. I am glad that together with the European Parliament, the Council, and key actors of this sector we get to launch this annual EU organic day, a great opportunity to raise awareness of organic production and promote the key role it plays in the transition to sustainable food systems<\/em>.\u201d<\/p>\n<p>The overall aim of the Action Plan for the development of organic production is to boost substantially the production and consumption of organic products in order to contribute to the achievement of the Farm to Fork and Biodiversity strategies&#8217; targets such as reducing the use of fertilisers, pesticides and anti-microbials. The organic sector needs the right tools to grow, as laid out in the Action Plan. Structured around three axes &#8211; <strong>boosting consumption<\/strong>, <strong>increasing production<\/strong>, and <strong>further improving the sustainability of the sector<\/strong> -, 23 actions are put forward to ensure a balanced growth of the sector.<\/p>\n<h3><strong>Actions<\/strong><\/h3>\n<p>To boost consumption the Action Plan includes actions such as informing and communicating about organic production, promoting the consumption of organic products, and stimulating a greater use of organics in public canteens through public procurement. Furthermore, to increase organic production, the <a href=\"https:\/\/ec.europa.eu\/info\/food-farming-fisheries\/key-policies\/common-agricultural-policy_en\" target=\"_blank\" rel=\"noopener\">Common Agricultural Policy (CAP)<\/a> will remain a key tool for supporting the conversion to organic farming. It will be complemented by, for instance, information events and networking for sharing best practices and certification for groups of farmers rather than for individuals. Finally, to improve the sustainability of organic farming, the Commission will dedicate at least 30% of the budget for research and innovation in the field of agriculture, forestry and rural areas to topics specific to or relevant for the organic sector.<\/p>\n<h3><strong>Background<\/strong><\/h3>\n<p>Organic production comes with a number of important benefits: organic fields have around 30% more biodiversity, organically farmed animals enjoy a higher degree of animal welfare and take less antibiotics, organic farmers have higher incomes and are more resilient, and consumers know exactly what they are getting thanks to the <a href=\"https:\/\/ec.europa.eu\/info\/food-farming-fisheries\/farming\/organic-farming\/organic-logo_en\" target=\"_blank\" rel=\"noopener\">EU organic logo<\/a>.<\/p>\n<h3><strong>For More Information<\/strong><\/h3>\n<p><a href=\"https:\/\/ec.europa.eu\/info\/sites\/info\/files\/food-farming-fisheries\/farming\/documents\/com2021_141_act_organic-action-plan_en.pdf\">The action plan for the development of the organic sector<\/a><\/p>\n<p><a href=\"https:\/\/ec.europa.eu\/info\/strategy\/priorities-2019-2024\/european-green-deal\/actions-being-taken-eu\/farm-fork_en\">Farm to fork Strategy<\/a><\/p>\n<p><a href=\"https:\/\/ec.europa.eu\/info\/strategy\/priorities-2019-2024\/european-green-deal\/actions-being-taken-eu\/eu-biodiversity-strategy-2030_en\">Biodiversity Strategy<\/a><\/p>\n<p><a href=\"https:\/\/ec.europa.eu\/info\/food-farming-fisheries\/farming\/organic-farming\/organics-glance_en\">Organic farming at a glance<\/a><\/p>\n<p><a href=\"https:\/\/ec.europa.eu\/info\/food-farming-fisheries\/key-policies\/common-agricultural-policy_en\">Common Agricultural Policy<\/a><\/p>\n<\/div>\n<\/section>\n<\/div>\n<\/section>\n","protected":false},"excerpt":{"rendered":"<p>Today, the European Parliament, the Council and the Commission celebrate the launch of an annual \u2018EU organic day&#8217;. The three institutions signed a joint declaration establishing from now on each 23 September as EU organic day. This follows up on the Action Plan for the development of organic production, adopted by the Commission on 25 [&hellip;]<\/p>\n","protected":false},"author":101011,"featured_media":80160,"comment_status":"open","ping_status":"open","sticky":false,"template":"","format":"standard","meta":{"_acf_changed":false,"_relevanssi_hide_post":"","_relevanssi_hide_content":"","_relevanssi_pin_for_all":"","_relevanssi_pin_keywords":"","_relevanssi_unpin_keywords":"","_relevanssi_related_keywords":"","_relevanssi_related_include_ids":"","_relevanssi_related_exclude_ids":"","_relevanssi_related_no_append":"","_relevanssi_related_not_related":"","_relevanssi_related_posts":"","_relevanssi_noindex_reason":"","_monsterinsights_skip_tracking":false,"_monsterinsights_sitenote_active":false,"_monsterinsights_sitenote_note":"","_monsterinsights_sitenote_category":0,"_genesis_hide_title":false,"_genesis_hide_breadcrumbs":false,"_genesis_hide_singular_image":false,"_genesis_hide_footer_widgets":false,"_genesis_custom_body_class":"","_genesis_custom_post_class":"","_genesis_layout":"","footnotes":""},"categories":[4063,4061,346],"tags":[355,3054,447],"class_list":{"0":"post-80162","1":"post","2":"type-post","3":"status-publish","4":"format-standard","5":"has-post-thumbnail","7":"category-agr-pol","8":"category-agr-liv-far-fish","9":"category-eu-news","10":"tag-agriculture","11":"tag-ecological-transition","12":"tag-sustainability","13":"entry"},"acf":[],"yoast_head":"<!-- This site is optimized with the Yoast SEO plugin v27.4 - https:\/\/yoast.com\/product\/yoast-seo-wordpress\/ -->\n<title>Annual EU agriculture organic day | CDE Almer\u00eda - Centro de Documentaci\u00f3n Europea - Universidad de Almer\u00eda<\/title>\n<meta name=\"robots\" content=\"index, follow, max-snippet:-1, max-image-preview:large, max-video-preview:-1\" \/>\n<link rel=\"canonical\" href=\"https:\/\/www.cde.ual.es\/en\/annual-eu-agriculture-organic-day\/\" \/>\n<meta property=\"og:locale\" content=\"en_US\" \/>\n<meta property=\"og:type\" content=\"article\" \/>\n<meta property=\"og:title\" content=\"Annual EU agriculture organic day | CDE Almer\u00eda - Centro de Documentaci\u00f3n Europea - Universidad de Almer\u00eda\" \/>\n<meta property=\"og:description\" content=\"Today, the European Parliament, the Council and the Commission celebrate the launch of an annual \u2018EU organic day&#8217;. The three institutions signed a joint declaration establishing from now on each 23 September as EU organic day. This follows up on the Action Plan for the development of organic production, adopted by the Commission on 25 [&hellip;]\" \/>\n<meta property=\"og:url\" content=\"https:\/\/www.cde.ual.es\/en\/annual-eu-agriculture-organic-day\/\" \/>\n<meta property=\"og:site_name\" content=\"CDE Almer\u00eda - Centro de Documentaci\u00f3n Europea - Universidad de Almer\u00eda\" \/>\n<meta property=\"article:publisher\" content=\"https:\/\/www.facebook.com\/cdeuniversidadalmeria\/\" \/>\n<meta property=\"article:published_time\" content=\"2021-09-24T01:00:57+00:00\" \/>\n<meta property=\"og:image\" content=\"https:\/\/www.cde.ual.es\/wp-content\/uploads\/2021\/09\/Captura.jpg\" \/>\n\t<meta property=\"og:image:width\" content=\"697\" \/>\n\t<meta property=\"og:image:height\" content=\"404\" \/>\n\t<meta property=\"og:image:type\" content=\"image\/jpeg\" \/>\n<meta name=\"author\" content=\"BECA 2 CDE\" \/>\n<meta name=\"twitter:card\" content=\"summary_large_image\" \/>\n<meta name=\"twitter:creator\" content=\"@cdeualmeria\" \/>\n<meta name=\"twitter:site\" content=\"@cdeualmeria\" \/>\n<meta name=\"twitter:label1\" content=\"Written by\" \/>\n\t<meta name=\"twitter:data1\" content=\"BECA 2 CDE\" \/>\n\t<meta name=\"twitter:label2\" content=\"Est. reading time\" \/>\n\t<meta name=\"twitter:data2\" content=\"2 minutes\" \/>\n<script type=\"application\/ld+json\" class=\"yoast-schema-graph\">{\"@context\":\"https:\\\/\\\/schema.org\",\"@graph\":[{\"@type\":\"Article\",\"@id\":\"https:\\\/\\\/www.cde.ual.es\\\/en\\\/annual-eu-agriculture-organic-day\\\/#article\",\"isPartOf\":{\"@id\":\"https:\\\/\\\/www.cde.ual.es\\\/en\\\/annual-eu-agriculture-organic-day\\\/\"},\"author\":{\"name\":\"BECA 2 CDE\",\"@id\":\"https:\\\/\\\/www.cde.ual.es\\\/#\\\/schema\\\/person\\\/ee46ebc19edfa19598c02cff83335acc\"},\"headline\":\"Annual EU agriculture organic day\",\"datePublished\":\"2021-09-24T01:00:57+00:00\",\"mainEntityOfPage\":{\"@id\":\"https:\\\/\\\/www.cde.ual.es\\\/en\\\/annual-eu-agriculture-organic-day\\\/\"},\"wordCount\":481,\"commentCount\":0,\"publisher\":{\"@id\":\"https:\\\/\\\/www.cde.ual.es\\\/#organization\"},\"image\":{\"@id\":\"https:\\\/\\\/www.cde.ual.es\\\/en\\\/annual-eu-agriculture-organic-day\\\/#primaryimage\"},\"thumbnailUrl\":\"https:\\\/\\\/www.cde.ual.es\\\/wp-content\\\/uploads\\\/2021\\\/09\\\/Captura.jpg\",\"keywords\":[\"Agriculture\",\"ecological transition\",\"Sustainability\"],\"articleSection\":[\"Agricultural Policies\",\"Agriculture, Livestock Farming and Fisheries\",\"EU News\"],\"inLanguage\":\"en-US\",\"potentialAction\":[{\"@type\":\"CommentAction\",\"name\":\"Comment\",\"target\":[\"https:\\\/\\\/www.cde.ual.es\\\/en\\\/annual-eu-agriculture-organic-day\\\/#respond\"]}]},{\"@type\":\"WebPage\",\"@id\":\"https:\\\/\\\/www.cde.ual.es\\\/en\\\/annual-eu-agriculture-organic-day\\\/\",\"url\":\"https:\\\/\\\/www.cde.ual.es\\\/en\\\/annual-eu-agriculture-organic-day\\\/\",\"name\":\"Annual EU agriculture organic day | CDE Almer\u00eda - Centro de Documentaci\u00f3n Europea - Universidad de Almer\u00eda\",\"isPartOf\":{\"@id\":\"https:\\\/\\\/www.cde.ual.es\\\/#website\"},\"primaryImageOfPage\":{\"@id\":\"https:\\\/\\\/www.cde.ual.es\\\/en\\\/annual-eu-agriculture-organic-day\\\/#primaryimage\"},\"image\":{\"@id\":\"https:\\\/\\\/www.cde.ual.es\\\/en\\\/annual-eu-agriculture-organic-day\\\/#primaryimage\"},\"thumbnailUrl\":\"https:\\\/\\\/www.cde.ual.es\\\/wp-content\\\/uploads\\\/2021\\\/09\\\/Captura.jpg\",\"datePublished\":\"2021-09-24T01:00:57+00:00\",\"breadcrumb\":{\"@id\":\"https:\\\/\\\/www.cde.ual.es\\\/en\\\/annual-eu-agriculture-organic-day\\\/#breadcrumb\"},\"inLanguage\":\"en-US\",\"potentialAction\":[{\"@type\":\"ReadAction\",\"target\":[\"https:\\\/\\\/www.cde.ual.es\\\/en\\\/annual-eu-agriculture-organic-day\\\/\"]}]},{\"@type\":\"ImageObject\",\"inLanguage\":\"en-US\",\"@id\":\"https:\\\/\\\/www.cde.ual.es\\\/en\\\/annual-eu-agriculture-organic-day\\\/#primaryimage\",\"url\":\"https:\\\/\\\/www.cde.ual.es\\\/wp-content\\\/uploads\\\/2021\\\/09\\\/Captura.jpg\",\"contentUrl\":\"https:\\\/\\\/www.cde.ual.es\\\/wp-content\\\/uploads\\\/2021\\\/09\\\/Captura.jpg\",\"width\":697,\"height\":404},{\"@type\":\"BreadcrumbList\",\"@id\":\"https:\\\/\\\/www.cde.ual.es\\\/en\\\/annual-eu-agriculture-organic-day\\\/#breadcrumb\",\"itemListElement\":[{\"@type\":\"ListItem\",\"position\":1,\"name\":\"Inicio\",\"item\":\"https:\\\/\\\/www.cde.ual.es\\\/en\\\/\"},{\"@type\":\"ListItem\",\"position\":2,\"name\":\"EU News\",\"item\":\"https:\\\/\\\/www.cde.ual.es\\\/en\\\/category\\\/eu-news\\\/\"},{\"@type\":\"ListItem\",\"position\":3,\"name\":\"Agriculture, Livestock Farming and Fisheries\",\"item\":\"https:\\\/\\\/www.cde.ual.es\\\/en\\\/category\\\/eu-news\\\/agr-liv-far-fish\\\/\"},{\"@type\":\"ListItem\",\"position\":4,\"name\":\"Agricultural Policies\",\"item\":\"https:\\\/\\\/www.cde.ual.es\\\/en\\\/category\\\/eu-news\\\/agr-liv-far-fish\\\/agr-pol\\\/\"},{\"@type\":\"ListItem\",\"position\":5,\"name\":\"Annual EU agriculture organic day\"}]},{\"@type\":\"WebSite\",\"@id\":\"https:\\\/\\\/www.cde.ual.es\\\/#website\",\"url\":\"https:\\\/\\\/www.cde.ual.es\\\/\",\"name\":\"CDE Almer\u00eda - Centro de Documentaci\u00f3n Europea - Universidad de Almer\u00eda\",\"description\":\"Centro de Documentaci\u00f3n Europea de la Universidad de Almer\u00eda\",\"publisher\":{\"@id\":\"https:\\\/\\\/www.cde.ual.es\\\/#organization\"},\"alternateName\":\"CDE Almer\u00eda\",\"potentialAction\":[{\"@type\":\"SearchAction\",\"target\":{\"@type\":\"EntryPoint\",\"urlTemplate\":\"https:\\\/\\\/www.cde.ual.es\\\/?s={search_term_string}\"},\"query-input\":{\"@type\":\"PropertyValueSpecification\",\"valueRequired\":true,\"valueName\":\"search_term_string\"}}],\"inLanguage\":\"en-US\"},{\"@type\":\"Organization\",\"@id\":\"https:\\\/\\\/www.cde.ual.es\\\/#organization\",\"name\":\"Centro de Documentaci\u00f3n Europea de Almer\u00eda\",\"url\":\"https:\\\/\\\/www.cde.ual.es\\\/\",\"logo\":{\"@type\":\"ImageObject\",\"inLanguage\":\"en-US\",\"@id\":\"https:\\\/\\\/www.cde.ual.es\\\/#\\\/schema\\\/logo\\\/image\\\/\",\"url\":\"https:\\\/\\\/www.cde.ual.es\\\/wp-content\\\/uploads\\\/2025\\\/07\\\/cde-logo-3.png\",\"contentUrl\":\"https:\\\/\\\/www.cde.ual.es\\\/wp-content\\\/uploads\\\/2025\\\/07\\\/cde-logo-3.png\",\"width\":1400,\"height\":300,\"caption\":\"Centro de Documentaci\u00f3n Europea de Almer\u00eda\"},\"image\":{\"@id\":\"https:\\\/\\\/www.cde.ual.es\\\/#\\\/schema\\\/logo\\\/image\\\/\"},\"sameAs\":[\"https:\\\/\\\/www.facebook.com\\\/cdeuniversidadalmeria\\\/\",\"https:\\\/\\\/x.com\\\/cdeualmeria\",\"https:\\\/\\\/www.tiktok.com\\\/@cdealmeria\",\"https:\\\/\\\/www.instagram.com\\\/cdealmeria\\\/\",\"https:\\\/\\\/www.linkedin.com\\\/in\\\/cde-almera-812b26a9\\\/\"]},{\"@type\":\"Person\",\"@id\":\"https:\\\/\\\/www.cde.ual.es\\\/#\\\/schema\\\/person\\\/ee46ebc19edfa19598c02cff83335acc\",\"name\":\"BECA 2 CDE\",\"image\":{\"@type\":\"ImageObject\",\"inLanguage\":\"en-US\",\"@id\":\"https:\\\/\\\/secure.gravatar.com\\\/avatar\\\/35a481bbc04bbd90e91bdfa3b0b5541036c222a49b9ad37b6889a2afcb5311a5?s=96&d=mm&r=g\",\"url\":\"https:\\\/\\\/secure.gravatar.com\\\/avatar\\\/35a481bbc04bbd90e91bdfa3b0b5541036c222a49b9ad37b6889a2afcb5311a5?s=96&d=mm&r=g\",\"contentUrl\":\"https:\\\/\\\/secure.gravatar.com\\\/avatar\\\/35a481bbc04bbd90e91bdfa3b0b5541036c222a49b9ad37b6889a2afcb5311a5?s=96&d=mm&r=g\",\"caption\":\"BECA 2 CDE\"},\"sameAs\":[\"http:\\\/\\\/www.cdealmeria.com\"]}]}<\/script>\n<!-- \/ Yoast SEO plugin. -->","yoast_head_json":{"title":"Annual EU agriculture organic day | CDE Almer\u00eda - Centro de Documentaci\u00f3n Europea - Universidad de Almer\u00eda","robots":{"index":"index","follow":"follow","max-snippet":"max-snippet:-1","max-image-preview":"max-image-preview:large","max-video-preview":"max-video-preview:-1"},"canonical":"https:\/\/www.cde.ual.es\/en\/annual-eu-agriculture-organic-day\/","og_locale":"en_US","og_type":"article","og_title":"Annual EU agriculture organic day | CDE Almer\u00eda - Centro de Documentaci\u00f3n Europea - Universidad de Almer\u00eda","og_description":"Today, the European Parliament, the Council and the Commission celebrate the launch of an annual \u2018EU organic day&#8217;. The three institutions signed a joint declaration establishing from now on each 23 September as EU organic day. This follows up on the Action Plan for the development of organic production, adopted by the Commission on 25 [&hellip;]","og_url":"https:\/\/www.cde.ual.es\/en\/annual-eu-agriculture-organic-day\/","og_site_name":"CDE Almer\u00eda - Centro de Documentaci\u00f3n Europea - Universidad de Almer\u00eda","article_publisher":"https:\/\/www.facebook.com\/cdeuniversidadalmeria\/","article_published_time":"2021-09-24T01:00:57+00:00","og_image":[{"width":697,"height":404,"url":"https:\/\/www.cde.ual.es\/wp-content\/uploads\/2021\/09\/Captura.jpg","type":"image\/jpeg"}],"author":"BECA 2 CDE","twitter_card":"summary_large_image","twitter_creator":"@cdeualmeria","twitter_site":"@cdeualmeria","twitter_misc":{"Written by":"BECA 2 CDE","Est. reading time":"2 minutes"},"schema":{"@context":"https:\/\/schema.org","@graph":[{"@type":"Article","@id":"https:\/\/www.cde.ual.es\/en\/annual-eu-agriculture-organic-day\/#article","isPartOf":{"@id":"https:\/\/www.cde.ual.es\/en\/annual-eu-agriculture-organic-day\/"},"author":{"name":"BECA 2 CDE","@id":"https:\/\/www.cde.ual.es\/#\/schema\/person\/ee46ebc19edfa19598c02cff83335acc"},"headline":"Annual EU agriculture organic day","datePublished":"2021-09-24T01:00:57+00:00","mainEntityOfPage":{"@id":"https:\/\/www.cde.ual.es\/en\/annual-eu-agriculture-organic-day\/"},"wordCount":481,"commentCount":0,"publisher":{"@id":"https:\/\/www.cde.ual.es\/#organization"},"image":{"@id":"https:\/\/www.cde.ual.es\/en\/annual-eu-agriculture-organic-day\/#primaryimage"},"thumbnailUrl":"https:\/\/www.cde.ual.es\/wp-content\/uploads\/2021\/09\/Captura.jpg","keywords":["Agriculture","ecological transition","Sustainability"],"articleSection":["Agricultural Policies","Agriculture, Livestock Farming and Fisheries","EU News"],"inLanguage":"en-US","potentialAction":[{"@type":"CommentAction","name":"Comment","target":["https:\/\/www.cde.ual.es\/en\/annual-eu-agriculture-organic-day\/#respond"]}]},{"@type":"WebPage","@id":"https:\/\/www.cde.ual.es\/en\/annual-eu-agriculture-organic-day\/","url":"https:\/\/www.cde.ual.es\/en\/annual-eu-agriculture-organic-day\/","name":"Annual EU agriculture organic day | CDE Almer\u00eda - Centro de Documentaci\u00f3n Europea - Universidad de Almer\u00eda","isPartOf":{"@id":"https:\/\/www.cde.ual.es\/#website"},"primaryImageOfPage":{"@id":"https:\/\/www.cde.ual.es\/en\/annual-eu-agriculture-organic-day\/#primaryimage"},"image":{"@id":"https:\/\/www.cde.ual.es\/en\/annual-eu-agriculture-organic-day\/#primaryimage"},"thumbnailUrl":"https:\/\/www.cde.ual.es\/wp-content\/uploads\/2021\/09\/Captura.jpg","datePublished":"2021-09-24T01:00:57+00:00","breadcrumb":{"@id":"https:\/\/www.cde.ual.es\/en\/annual-eu-agriculture-organic-day\/#breadcrumb"},"inLanguage":"en-US","potentialAction":[{"@type":"ReadAction","target":["https:\/\/www.cde.ual.es\/en\/annual-eu-agriculture-organic-day\/"]}]},{"@type":"ImageObject","inLanguage":"en-US","@id":"https:\/\/www.cde.ual.es\/en\/annual-eu-agriculture-organic-day\/#primaryimage","url":"https:\/\/www.cde.ual.es\/wp-content\/uploads\/2021\/09\/Captura.jpg","contentUrl":"https:\/\/www.cde.ual.es\/wp-content\/uploads\/2021\/09\/Captura.jpg","width":697,"height":404},{"@type":"BreadcrumbList","@id":"https:\/\/www.cde.ual.es\/en\/annual-eu-agriculture-organic-day\/#breadcrumb","itemListElement":[{"@type":"ListItem","position":1,"name":"Inicio","item":"https:\/\/www.cde.ual.es\/en\/"},{"@type":"ListItem","position":2,"name":"EU News","item":"https:\/\/www.cde.ual.es\/en\/category\/eu-news\/"},{"@type":"ListItem","position":3,"name":"Agriculture, Livestock Farming and Fisheries","item":"https:\/\/www.cde.ual.es\/en\/category\/eu-news\/agr-liv-far-fish\/"},{"@type":"ListItem","position":4,"name":"Agricultural Policies","item":"https:\/\/www.cde.ual.es\/en\/category\/eu-news\/agr-liv-far-fish\/agr-pol\/"},{"@type":"ListItem","position":5,"name":"Annual EU agriculture organic day"}]},{"@type":"WebSite","@id":"https:\/\/www.cde.ual.es\/#website","url":"https:\/\/www.cde.ual.es\/","name":"CDE Almer\u00eda - Centro de Documentaci\u00f3n Europea - Universidad de Almer\u00eda","description":"Centro de Documentaci\u00f3n Europea de la Universidad de Almer\u00eda","publisher":{"@id":"https:\/\/www.cde.ual.es\/#organization"},"alternateName":"CDE Almer\u00eda","potentialAction":[{"@type":"SearchAction","target":{"@type":"EntryPoint","urlTemplate":"https:\/\/www.cde.ual.es\/?s={search_term_string}"},"query-input":{"@type":"PropertyValueSpecification","valueRequired":true,"valueName":"search_term_string"}}],"inLanguage":"en-US"},{"@type":"Organization","@id":"https:\/\/www.cde.ual.es\/#organization","name":"Centro de Documentaci\u00f3n Europea de Almer\u00eda","url":"https:\/\/www.cde.ual.es\/","logo":{"@type":"ImageObject","inLanguage":"en-US","@id":"https:\/\/www.cde.ual.es\/#\/schema\/logo\/image\/","url":"https:\/\/www.cde.ual.es\/wp-content\/uploads\/2025\/07\/cde-logo-3.png","contentUrl":"https:\/\/www.cde.ual.es\/wp-content\/uploads\/2025\/07\/cde-logo-3.png","width":1400,"height":300,"caption":"Centro de Documentaci\u00f3n Europea de Almer\u00eda"},"image":{"@id":"https:\/\/www.cde.ual.es\/#\/schema\/logo\/image\/"},"sameAs":["https:\/\/www.facebook.com\/cdeuniversidadalmeria\/","https:\/\/x.com\/cdeualmeria","https:\/\/www.tiktok.com\/@cdealmeria","https:\/\/www.instagram.com\/cdealmeria\/","https:\/\/www.linkedin.com\/in\/cde-almera-812b26a9\/"]},{"@type":"Person","@id":"https:\/\/www.cde.ual.es\/#\/schema\/person\/ee46ebc19edfa19598c02cff83335acc","name":"BECA 2 CDE","image":{"@type":"ImageObject","inLanguage":"en-US","@id":"https:\/\/secure.gravatar.com\/avatar\/35a481bbc04bbd90e91bdfa3b0b5541036c222a49b9ad37b6889a2afcb5311a5?s=96&d=mm&r=g","url":"https:\/\/secure.gravatar.com\/avatar\/35a481bbc04bbd90e91bdfa3b0b5541036c222a49b9ad37b6889a2afcb5311a5?s=96&d=mm&r=g","contentUrl":"https:\/\/secure.gravatar.com\/avatar\/35a481bbc04bbd90e91bdfa3b0b5541036c222a49b9ad37b6889a2afcb5311a5?s=96&d=mm&r=g","caption":"BECA 2 CDE"},"sameAs":["http:\/\/www.cdealmeria.com"]}]}},"_links":{"self":[{"href":"https:\/\/www.cde.ual.es\/en\/wp-json\/wp\/v2\/posts\/80162","targetHints":{"allow":["GET"]}}],"collection":[{"href":"https:\/\/www.cde.ual.es\/en\/wp-json\/wp\/v2\/posts"}],"about":[{"href":"https:\/\/www.cde.ual.es\/en\/wp-json\/wp\/v2\/types\/post"}],"author":[{"embeddable":true,"href":"https:\/\/www.cde.ual.es\/en\/wp-json\/wp\/v2\/users\/101011"}],"replies":[{"embeddable":true,"href":"https:\/\/www.cde.ual.es\/en\/wp-json\/wp\/v2\/comments?post=80162"}],"version-history":[{"count":0,"href":"https:\/\/www.cde.ual.es\/en\/wp-json\/wp\/v2\/posts\/80162\/revisions"}],"wp:featuredmedia":[{"embeddable":true,"href":"https:\/\/www.cde.ual.es\/en\/wp-json\/wp\/v2\/media\/80160"}],"wp:attachment":[{"href":"https:\/\/www.cde.ual.es\/en\/wp-json\/wp\/v2\/media?parent=80162"}],"wp:term":[{"taxonomy":"category","embeddable":true,"href":"https:\/\/www.cde.ual.es\/en\/wp-json\/wp\/v2\/categories?post=80162"},{"taxonomy":"post_tag","embeddable":true,"href":"https:\/\/www.cde.ual.es\/en\/wp-json\/wp\/v2\/tags?post=80162"}],"curies":[{"name":"wp","href":"https:\/\/api.w.org\/{rel}","templated":true}]}}