{"id":7991,"date":"2018-09-06T09:22:29","date_gmt":"2018-09-06T07:22:29","guid":{"rendered":"http:\/\/www.cde.ual.es\/?p=7991"},"modified":"2018-09-06T09:23:01","modified_gmt":"2018-09-06T07:23:01","slug":"circulacion-internacional-de-datos-la-comision-pone-en-marcha-la-adopcion-de-su-decision-de-adecuacion-relativa-a-japon","status":"publish","type":"post","link":"https:\/\/www.cde.ual.es\/en\/circulacion-internacional-de-datos-la-comision-pone-en-marcha-la-adopcion-de-su-decision-de-adecuacion-relativa-a-japon\/","title":{"rendered":"Circulaci\u00f3n internacional de datos: la Comisi\u00f3n pone en marcha la adopci\u00f3n de su decisi\u00f3n de adecuaci\u00f3n relativa a Jap\u00f3n"},"content":{"rendered":"<p style=\"text-align: center;\"><a href=\"http:\/\/www.cde.ual.es\/wp-content\/uploads\/2018\/09\/Protecci\u00f3n-datos-Jap\u00f3n.png\"><img decoding=\"async\" class=\"size-medium wp-image-7995 aligncenter\" src=\"http:\/\/www.cde.ual.es\/wp-content\/uploads\/2018\/09\/Protecci\u00f3n-datos-Jap\u00f3n-300x172.png\" alt=\"\" width=\"300\" height=\"172\" srcset=\"https:\/\/www.cde.ual.es\/wp-content\/uploads\/2018\/09\/Protecci\u00f3n-datos-Jap\u00f3n-300x172.png 300w, https:\/\/www.cde.ual.es\/wp-content\/uploads\/2018\/09\/Protecci\u00f3n-datos-Jap\u00f3n-768x440.png 768w, https:\/\/www.cde.ual.es\/wp-content\/uploads\/2018\/09\/Protecci\u00f3n-datos-Jap\u00f3n.png 1000w\" sizes=\"(max-width: 300px) 100vw, 300px\" \/><\/a><\/p>\n<p style=\"font-weight: 400;\">Tras la conclusi\u00f3n en julio de 2018 de las conversaciones sobre la protecci\u00f3n de datos personales entre la UE y Jap\u00f3n, la Comisi\u00f3n puso ayer en marcha el procedimiento para la adopci\u00f3n de su decisi\u00f3n de adecuaci\u00f3n.<\/p>\n<p style=\"font-weight: 400;\">La comisaria\u00a0<strong>Jourov\u00e1<\/strong>\u00a0ha informado al Colegio sobre las pr\u00f3ximas etapas y la Comisi\u00f3n va a publicar el proyecto de decisi\u00f3n de adecuaci\u00f3n y los documentos anexos. Esto incluye salvaguardias adicionales que Jap\u00f3n aplicar\u00e1 a los datos personales de la UE transferidos a ese pa\u00eds, as\u00ed como compromisos en relaci\u00f3n con el acceso a los datos personales por parte de las autoridades p\u00fablicas japonesas a efectos policiales y de seguridad nacional, con la garant\u00eda de que su nivel de protecci\u00f3n de los datos ser\u00e1 tan adecuado como el de la UE. Jap\u00f3n tambi\u00e9n se ha embarcado en un proceso similar para reconocer el marco de protecci\u00f3n de datos de la UE.<\/p>\n<p style=\"font-weight: 400;\">Cada parte est\u00e1 inmersa ahora en sus procedimientos internos para la adopci\u00f3n definitiva de sus constataciones de adecuaci\u00f3n mutuas. Para la UE, esto supone la obtenci\u00f3n de un dictamen del\u00a0<a href=\"https:\/\/ec.europa.eu\/info\/law\/law-topic\/data-protection\/reform\/rules-business-and-organisations\/enforcement-and-sanctions\/enforcement\/what-european-data-protection-board-edpb_es\" data-saferedirecturl=\"https:\/\/www.google.com\/url?hl=es&amp;q=https:\/\/ec.europa.eu\/info\/law\/law-topic\/data-protection\/reform\/rules-business-and-organisations\/enforcement-and-sanctions\/enforcement\/what-european-data-protection-board-edpb_es&amp;source=gmail&amp;ust=1536304038514000&amp;usg=AFQjCNHfJcCJ4RWoBzFOcVDATln01oauHw\">Comit\u00e9 Europeo de Protecci\u00f3n de Datos (CEPD)<\/a>\u00a0y de la luz verde de un comit\u00e9 compuesto por representantes de los Estados miembros de la UE. Una vez finalizado ese procedimiento, la Comisi\u00f3n adoptar\u00e1 la decisi\u00f3n de adecuaci\u00f3n relativa a Jap\u00f3n.<\/p>\n<h3 style=\"font-weight: 400;\"><strong>Elementos esenciales de la decisi\u00f3n de adecuaci\u00f3n<\/strong><\/h3>\n<p style=\"font-weight: 400;\">Para garantizar un nivel equivalente al de las normas europeas, Jap\u00f3n se ha comprometido a aplicar las siguientes salvaguardias adicionales de protecci\u00f3n de los datos personales transferidos a ese pa\u00eds, antes de que la Comisi\u00f3n adopte formalmente su decisi\u00f3n de adecuaci\u00f3n:<\/p>\n<ul style=\"font-weight: 400;\">\n<li>Un conjunto de normas que den a los ciudadanos de la UE cuyos datos personales se transfieran a Jap\u00f3n salvaguardias adicionales que salven diferencias entre los dos sistemas de protecci\u00f3n de datos. Esas salvaguardias adicionales reforzar\u00e1n, por ejemplo, la protecci\u00f3n de datos sensibles, las condiciones en las que los datos de la UE pueden transferirse de Jap\u00f3n a otro tercer pa\u00eds, el ejercicio de los derechos individuales de acceso y rectificaci\u00f3n. Estas normas ser\u00e1n vinculantes para las empresas japonesas que importen datos desde la UE y ejecutables por el organismo independiente japon\u00e9s de protecci\u00f3n de datos (PPC) y los tribunales.<\/li>\n<li>El Gobierno japon\u00e9s tambi\u00e9n ha dado garant\u00edas a la Comisi\u00f3n en relaci\u00f3n con las salvaguardias relativas al acceso de las autoridades p\u00fablicas japonesas a efectos policiales y de seguridad nacional, con la garant\u00eda de que cualquier uso de los datos personales se limitar\u00e1 a lo que sea necesario y proporcionado y con sujeci\u00f3n a una supervisi\u00f3n independiente.<\/li>\n<li>Un mecanismo de tramitaci\u00f3n de denuncias con el que se puedan investigar y resolver las reclamaciones de los ciudadanos europeos en cuanto al acceso de las autoridades p\u00fablicas japonesas a sus datos. Este nuevo mecanismo ser\u00e1 gestionado y supervisado por el organismo independiente japon\u00e9s de protecci\u00f3n de datos.<\/li>\n<\/ul>\n<p style=\"font-weight: 400;\">Los ciudadanos europeos se beneficiar\u00e1n de una elevada protecci\u00f3n de sus datos personales cuando sus datos se transfieran a Jap\u00f3n, en consonancia con las normas de la UE sobre privacidad. Este acuerdo tambi\u00e9n complementar\u00e1 el\u00a0<a href=\"http:\/\/europa.eu\/rapid\/press-release_IP-18-4526_es.htm\" data-saferedirecturl=\"https:\/\/www.google.com\/url?hl=es&amp;q=http:\/\/europa.eu\/rapid\/press-release_IP-18-4526_es.htm&amp;source=gmail&amp;ust=1536304038514000&amp;usg=AFQjCNEqo6D1eG9QaO75ForGleMYZKwaTQ\">Acuerdo de Asociaci\u00f3n Econ\u00f3mica UE-Jap\u00f3n<\/a>, y las empresas europeas se beneficiar\u00e1n de un flujo de datos sin obst\u00e1culos con este socio comercial fundamental, as\u00ed como de un acceso privilegiado a los 127 millones de consumidores japoneses. Mediante este acuerdo, la UE y Jap\u00f3n afirman que, en la era digital, pueden y deben ir de la mano el fomento del comercio internacional y la promoci\u00f3n de normas estrictas en materia de privacidad y protecci\u00f3n de datos personales de confidencialidad.<\/p>\n<h3 style=\"font-weight: 400;\"><strong>Pr\u00f3ximas etapas<\/strong><\/h3>\n<p style=\"font-weight: 400;\">El proyecto de decisi\u00f3n de adecuaci\u00f3n va a seguir el procedimiento siguiente:<\/p>\n<ul style=\"font-weight: 400;\">\n<li>Dictamen del Consejo Europeo de Protecci\u00f3n de Datos (CEPD)<\/li>\n<li>Consulta de un comit\u00e9 compuesto por representantes de los Estados miembros (procedimiento de comitolog\u00eda)<\/li>\n<li>Informaci\u00f3n a la Comisi\u00f3n del Parlamento Europeo de Libertades Civiles, Justicia y Asuntos de Interior<\/li>\n<li>Adopci\u00f3n de la decisi\u00f3n de adecuaci\u00f3n por parte del Colegio de Comisarios.<\/li>\n<\/ul>\n<h3 style=\"font-weight: 400;\"><strong>Contexto<\/strong><\/h3>\n<p style=\"font-weight: 400;\">Tal como anunci\u00f3 en enero de 2017 en su Comunicaci\u00f3n titulada<a href=\"https:\/\/ec.europa.eu\/newsroom\/document.cfm?doc_id=41157\" data-saferedirecturl=\"https:\/\/www.google.com\/url?hl=es&amp;q=https:\/\/ec.europa.eu\/newsroom\/document.cfm?doc_id%3D41157&amp;source=gmail&amp;ust=1536304038514000&amp;usg=AFQjCNGEyMZiMjc6KchxKY3cr4qYfZhZJw\"><em>\u00abIntercambio y protecci\u00f3n de los datos personales en un mundo globalizado\u00bb<\/em><\/a>, la Comisi\u00f3n inici\u00f3 un di\u00e1logo con Jap\u00f3n para alcanzar una decisi\u00f3n sobre el car\u00e1cter adecuado de la protecci\u00f3n.<\/p>\n<p style=\"font-weight: 400;\">El\u00a0<a href=\"http:\/\/europa.eu\/rapid\/press-release_IP-18-4501_es.htm\" data-saferedirecturl=\"https:\/\/www.google.com\/url?hl=es&amp;q=http:\/\/europa.eu\/rapid\/press-release_IP-18-4501_es.htm&amp;source=gmail&amp;ust=1536304038514000&amp;usg=AFQjCNGDF5Egwa7XkJS5wxGeLn51CFhlUQ\">17 de julio<\/a>\u00a0de 2018, la UE y Jap\u00f3n finalizaron con \u00e9xito las negociaciones sobre la adecuaci\u00f3n mutua. Acordaron entonces reconocer mutuamente como adecuados sus sistemas respectivos de protecci\u00f3n de datos, gracias a lo cual los datos personales podr\u00e1n circular de modo seguro entre ambas partes.<\/p>\n<p style=\"font-weight: 400;\">El tratamiento de datos personales en la UE se basa en el\u00a0<a href=\"https:\/\/eur-lex.europa.eu\/legal-content\/ES\/TXT\/?uri=CELEX%3A32016R0679\" data-saferedirecturl=\"https:\/\/www.google.com\/url?hl=es&amp;q=https:\/\/eur-lex.europa.eu\/legal-content\/ES\/TXT\/?uri%3DCELEX%253A32016R0679&amp;source=gmail&amp;ust=1536304038514000&amp;usg=AFQjCNGoyT5ERGI9DueNoJHfNmcfb4C7JQ\">Reglamento general de protecci\u00f3n de datos<\/a>, que prev\u00e9 diferentes instrumentos para transferir datos personales a terceros pa\u00edses, incluidas las decisiones de adecuaci\u00f3n.<\/p>\n<h3 style=\"font-weight: 400;\"><strong>Para m\u00e1s informaci\u00f3n<\/strong><\/h3>\n<p style=\"font-weight: 400;\"><a href=\"https:\/\/ec.europa.eu\/info\/law\/law-topic\/data-protection\/data-transfers-outside-eu\/adequacy-protection-personal-data-non-eu-countries_en\" data-saferedirecturl=\"https:\/\/www.google.com\/url?hl=es&amp;q=https:\/\/ec.europa.eu\/info\/law\/law-topic\/data-protection\/data-transfers-outside-eu\/adequacy-protection-personal-data-non-eu-countries_en&amp;source=gmail&amp;ust=1536304038514000&amp;usg=AFQjCNFuTVIHrrPzwMqKwxdTDomsU59Ihg\">Ficha informativa<\/a><\/p>\n<p style=\"font-weight: 400;\"><a href=\"http:\/\/europa.eu\/rapid\/press-release_IP-18-4501_es.htm\" data-saferedirecturl=\"https:\/\/www.google.com\/url?hl=es&amp;q=http:\/\/europa.eu\/rapid\/press-release_IP-18-4501_es.htm&amp;source=gmail&amp;ust=1536304038514000&amp;usg=AFQjCNGDF5Egwa7XkJS5wxGeLn51CFhlUQ\">Comunicado de prensa<\/a>\u00a0sobre las conclusiones de las conversaciones sobre la adecuaci\u00f3n (17 de julio de 2018)<\/p>\n<p style=\"font-weight: 400;\"><a href=\"http:\/\/europa.eu\/rapid\/press-release_MEMO-18-4503_en.htm\" data-saferedirecturl=\"https:\/\/www.google.com\/url?hl=es&amp;q=http:\/\/europa.eu\/rapid\/press-release_MEMO-18-4503_en.htm&amp;source=gmail&amp;ust=1536304038514000&amp;usg=AFQjCNHga8JJM4bCFxyUNx3hxR01dFmmkQ\">Preguntas y respuestas<\/a>\u00a0sobre la decisi\u00f3n de adecuaci\u00f3n relativa a Jap\u00f3n<\/p>\n<p style=\"font-weight: 400;\"><a href=\"https:\/\/ec.europa.eu\/info\/law\/law-topic\/data-protection\/data-transfers-outside-eu\/adequacy-protection-personal-data-non-eu-countries_en\" data-saferedirecturl=\"https:\/\/www.google.com\/url?hl=es&amp;q=https:\/\/ec.europa.eu\/info\/law\/law-topic\/data-protection\/data-transfers-outside-eu\/adequacy-protection-personal-data-non-eu-countries_en&amp;source=gmail&amp;ust=1536304038514000&amp;usg=AFQjCNFuTVIHrrPzwMqKwxdTDomsU59Ihg\">Enlace al proyecto de decisi\u00f3n de adecuaci\u00f3n y los documentos conexos.<\/a><\/p>\n","protected":false},"excerpt":{"rendered":"<p>Tras la conclusi\u00f3n en julio de 2018 de las conversaciones sobre la protecci\u00f3n de datos personales entre la UE y Jap\u00f3n, la Comisi\u00f3n puso ayer en marcha el procedimiento para la adopci\u00f3n de su decisi\u00f3n de adecuaci\u00f3n. La comisaria\u00a0Jourov\u00e1\u00a0ha informado al Colegio sobre las pr\u00f3ximas etapas y la Comisi\u00f3n va a publicar el proyecto de [&hellip;]<\/p>\n","protected":false},"author":1,"featured_media":7995,"comment_status":"open","ping_status":"open","sticky":false,"template":"","format":"standard","meta":{"_acf_changed":false,"_relevanssi_hide_post":"","_relevanssi_hide_content":"","_relevanssi_pin_for_all":"","_relevanssi_pin_keywords":"","_relevanssi_unpin_keywords":"","_relevanssi_related_keywords":"","_relevanssi_related_include_ids":"","_relevanssi_related_exclude_ids":"","_relevanssi_related_no_append":"","_relevanssi_related_not_related":"","_relevanssi_related_posts":"","_relevanssi_noindex_reason":"","_monsterinsights_skip_tracking":false,"_monsterinsights_sitenote_active":false,"_monsterinsights_sitenote_note":"","_monsterinsights_sitenote_category":0,"_genesis_hide_title":false,"_genesis_hide_breadcrumbs":false,"_genesis_hide_singular_image":false,"_genesis_hide_footer_widgets":false,"_genesis_custom_body_class":"","_genesis_custom_post_class":"","_genesis_layout":"","footnotes":""},"categories":[96],"tags":[226,161],"class_list":{"0":"post-7991","1":"post","2":"type-post","3":"status-publish","4":"format-standard","5":"has-post-thumbnail","7":"category-noticias-ue","8":"tag-proteccion-de-datos","9":"tag-seguridad-y-defensa","10":"entry"},"acf":[],"yoast_head":"<!-- This site is optimized with the Yoast SEO plugin v27.4 - https:\/\/yoast.com\/product\/yoast-seo-wordpress\/ -->\n<title>Circulaci\u00f3n internacional de datos: la Comisi\u00f3n pone en marcha la adopci\u00f3n de su decisi\u00f3n de adecuaci\u00f3n relativa a Jap\u00f3n | CDE Almer\u00eda - Centro de Documentaci\u00f3n Europea - Universidad de Almer\u00eda<\/title>\n<meta name=\"robots\" content=\"index, follow, max-snippet:-1, max-image-preview:large, max-video-preview:-1\" \/>\n<link rel=\"canonical\" href=\"https:\/\/www.cde.ual.es\/circulacion-internacional-de-datos-la-comision-pone-en-marcha-la-adopcion-de-su-decision-de-adecuacion-relativa-a-japon\/\" \/>\n<meta property=\"og:locale\" content=\"en_US\" \/>\n<meta property=\"og:type\" content=\"article\" \/>\n<meta property=\"og:title\" content=\"Circulaci\u00f3n internacional de datos: la Comisi\u00f3n pone en marcha la adopci\u00f3n de su decisi\u00f3n de adecuaci\u00f3n relativa a Jap\u00f3n | CDE Almer\u00eda - Centro de Documentaci\u00f3n Europea - Universidad de Almer\u00eda\" \/>\n<meta property=\"og:description\" content=\"Tras la conclusi\u00f3n en julio de 2018 de las conversaciones sobre la protecci\u00f3n de datos personales entre la UE y Jap\u00f3n, la Comisi\u00f3n puso ayer en marcha el procedimiento para la adopci\u00f3n de su decisi\u00f3n de adecuaci\u00f3n. La comisaria\u00a0Jourov\u00e1\u00a0ha informado al Colegio sobre las pr\u00f3ximas etapas y la Comisi\u00f3n va a publicar el proyecto de [&hellip;]\" \/>\n<meta property=\"og:url\" content=\"https:\/\/www.cde.ual.es\/circulacion-internacional-de-datos-la-comision-pone-en-marcha-la-adopcion-de-su-decision-de-adecuacion-relativa-a-japon\/\" \/>\n<meta property=\"og:site_name\" content=\"CDE Almer\u00eda - Centro de Documentaci\u00f3n Europea - Universidad de Almer\u00eda\" \/>\n<meta property=\"article:publisher\" content=\"https:\/\/www.facebook.com\/cdeuniversidadalmeria\/\" \/>\n<meta property=\"article:published_time\" content=\"2018-09-06T07:22:29+00:00\" \/>\n<meta property=\"article:modified_time\" content=\"2018-09-06T07:23:01+00:00\" \/>\n<meta property=\"og:image\" content=\"https:\/\/www.cde.ual.es\/wp-content\/uploads\/2018\/09\/Protecci\u00f3n-datos-Jap\u00f3n.png\" \/>\n\t<meta property=\"og:image:width\" content=\"1000\" \/>\n\t<meta property=\"og:image:height\" content=\"573\" \/>\n\t<meta property=\"og:image:type\" content=\"image\/png\" \/>\n<meta name=\"author\" content=\"AdminCDE\" \/>\n<meta name=\"twitter:card\" content=\"summary_large_image\" \/>\n<meta name=\"twitter:creator\" content=\"@cdeualmeria\" \/>\n<meta name=\"twitter:site\" content=\"@cdeualmeria\" \/>\n<meta name=\"twitter:label1\" content=\"Written by\" \/>\n\t<meta name=\"twitter:data1\" content=\"AdminCDE\" \/>\n\t<meta name=\"twitter:label2\" content=\"Est. reading time\" \/>\n\t<meta name=\"twitter:data2\" content=\"5 minutes\" \/>\n<script type=\"application\/ld+json\" class=\"yoast-schema-graph\">{\"@context\":\"https:\\\/\\\/schema.org\",\"@graph\":[{\"@type\":\"Article\",\"@id\":\"https:\\\/\\\/www.cde.ual.es\\\/circulacion-internacional-de-datos-la-comision-pone-en-marcha-la-adopcion-de-su-decision-de-adecuacion-relativa-a-japon\\\/#article\",\"isPartOf\":{\"@id\":\"https:\\\/\\\/www.cde.ual.es\\\/circulacion-internacional-de-datos-la-comision-pone-en-marcha-la-adopcion-de-su-decision-de-adecuacion-relativa-a-japon\\\/\"},\"author\":{\"name\":\"AdminCDE\",\"@id\":\"https:\\\/\\\/www.cde.ual.es\\\/#\\\/schema\\\/person\\\/224ef08c8bcc005f319d2713ce37ee5f\"},\"headline\":\"Circulaci\u00f3n internacional de datos: la Comisi\u00f3n pone en marcha la adopci\u00f3n de su decisi\u00f3n de adecuaci\u00f3n relativa a Jap\u00f3n\",\"datePublished\":\"2018-09-06T07:22:29+00:00\",\"dateModified\":\"2018-09-06T07:23:01+00:00\",\"mainEntityOfPage\":{\"@id\":\"https:\\\/\\\/www.cde.ual.es\\\/circulacion-internacional-de-datos-la-comision-pone-en-marcha-la-adopcion-de-su-decision-de-adecuacion-relativa-a-japon\\\/\"},\"wordCount\":936,\"commentCount\":0,\"publisher\":{\"@id\":\"https:\\\/\\\/www.cde.ual.es\\\/#organization\"},\"image\":{\"@id\":\"https:\\\/\\\/www.cde.ual.es\\\/circulacion-internacional-de-datos-la-comision-pone-en-marcha-la-adopcion-de-su-decision-de-adecuacion-relativa-a-japon\\\/#primaryimage\"},\"thumbnailUrl\":\"https:\\\/\\\/www.cde.ual.es\\\/wp-content\\\/uploads\\\/2018\\\/09\\\/Protecci\u00f3n-datos-Jap\u00f3n.png\",\"keywords\":[\"Protecci\u00f3n de datos\",\"Seguridad y Defensa\"],\"articleSection\":[\"Noticias UE\"],\"inLanguage\":\"en-US\",\"potentialAction\":[{\"@type\":\"CommentAction\",\"name\":\"Comment\",\"target\":[\"https:\\\/\\\/www.cde.ual.es\\\/circulacion-internacional-de-datos-la-comision-pone-en-marcha-la-adopcion-de-su-decision-de-adecuacion-relativa-a-japon\\\/#respond\"]}]},{\"@type\":\"WebPage\",\"@id\":\"https:\\\/\\\/www.cde.ual.es\\\/circulacion-internacional-de-datos-la-comision-pone-en-marcha-la-adopcion-de-su-decision-de-adecuacion-relativa-a-japon\\\/\",\"url\":\"https:\\\/\\\/www.cde.ual.es\\\/circulacion-internacional-de-datos-la-comision-pone-en-marcha-la-adopcion-de-su-decision-de-adecuacion-relativa-a-japon\\\/\",\"name\":\"Circulaci\u00f3n internacional de datos: la Comisi\u00f3n pone en marcha la adopci\u00f3n de su decisi\u00f3n de adecuaci\u00f3n relativa a Jap\u00f3n | CDE Almer\u00eda - Centro de Documentaci\u00f3n Europea - Universidad de Almer\u00eda\",\"isPartOf\":{\"@id\":\"https:\\\/\\\/www.cde.ual.es\\\/#website\"},\"primaryImageOfPage\":{\"@id\":\"https:\\\/\\\/www.cde.ual.es\\\/circulacion-internacional-de-datos-la-comision-pone-en-marcha-la-adopcion-de-su-decision-de-adecuacion-relativa-a-japon\\\/#primaryimage\"},\"image\":{\"@id\":\"https:\\\/\\\/www.cde.ual.es\\\/circulacion-internacional-de-datos-la-comision-pone-en-marcha-la-adopcion-de-su-decision-de-adecuacion-relativa-a-japon\\\/#primaryimage\"},\"thumbnailUrl\":\"https:\\\/\\\/www.cde.ual.es\\\/wp-content\\\/uploads\\\/2018\\\/09\\\/Protecci\u00f3n-datos-Jap\u00f3n.png\",\"datePublished\":\"2018-09-06T07:22:29+00:00\",\"dateModified\":\"2018-09-06T07:23:01+00:00\",\"breadcrumb\":{\"@id\":\"https:\\\/\\\/www.cde.ual.es\\\/circulacion-internacional-de-datos-la-comision-pone-en-marcha-la-adopcion-de-su-decision-de-adecuacion-relativa-a-japon\\\/#breadcrumb\"},\"inLanguage\":\"en-US\",\"potentialAction\":[{\"@type\":\"ReadAction\",\"target\":[\"https:\\\/\\\/www.cde.ual.es\\\/circulacion-internacional-de-datos-la-comision-pone-en-marcha-la-adopcion-de-su-decision-de-adecuacion-relativa-a-japon\\\/\"]}]},{\"@type\":\"ImageObject\",\"inLanguage\":\"en-US\",\"@id\":\"https:\\\/\\\/www.cde.ual.es\\\/circulacion-internacional-de-datos-la-comision-pone-en-marcha-la-adopcion-de-su-decision-de-adecuacion-relativa-a-japon\\\/#primaryimage\",\"url\":\"https:\\\/\\\/www.cde.ual.es\\\/wp-content\\\/uploads\\\/2018\\\/09\\\/Protecci\u00f3n-datos-Jap\u00f3n.png\",\"contentUrl\":\"https:\\\/\\\/www.cde.ual.es\\\/wp-content\\\/uploads\\\/2018\\\/09\\\/Protecci\u00f3n-datos-Jap\u00f3n.png\",\"width\":1000,\"height\":573},{\"@type\":\"BreadcrumbList\",\"@id\":\"https:\\\/\\\/www.cde.ual.es\\\/circulacion-internacional-de-datos-la-comision-pone-en-marcha-la-adopcion-de-su-decision-de-adecuacion-relativa-a-japon\\\/#breadcrumb\",\"itemListElement\":[{\"@type\":\"ListItem\",\"position\":1,\"name\":\"Inicio\",\"item\":\"https:\\\/\\\/www.cde.ual.es\\\/en\\\/\"},{\"@type\":\"ListItem\",\"position\":2,\"name\":\"Noticias UE\",\"item\":\"https:\\\/\\\/www.cde.ual.es\\\/category\\\/noticias-ue\\\/\"},{\"@type\":\"ListItem\",\"position\":3,\"name\":\"Circulaci\u00f3n internacional de datos: la Comisi\u00f3n pone en marcha la adopci\u00f3n de su decisi\u00f3n de adecuaci\u00f3n relativa a Jap\u00f3n\"}]},{\"@type\":\"WebSite\",\"@id\":\"https:\\\/\\\/www.cde.ual.es\\\/#website\",\"url\":\"https:\\\/\\\/www.cde.ual.es\\\/\",\"name\":\"CDE Almer\u00eda - Centro de Documentaci\u00f3n Europea - Universidad de Almer\u00eda\",\"description\":\"Centro de Documentaci\u00f3n Europea de la Universidad de Almer\u00eda\",\"publisher\":{\"@id\":\"https:\\\/\\\/www.cde.ual.es\\\/#organization\"},\"alternateName\":\"CDE Almer\u00eda\",\"potentialAction\":[{\"@type\":\"SearchAction\",\"target\":{\"@type\":\"EntryPoint\",\"urlTemplate\":\"https:\\\/\\\/www.cde.ual.es\\\/?s={search_term_string}\"},\"query-input\":{\"@type\":\"PropertyValueSpecification\",\"valueRequired\":true,\"valueName\":\"search_term_string\"}}],\"inLanguage\":\"en-US\"},{\"@type\":\"Organization\",\"@id\":\"https:\\\/\\\/www.cde.ual.es\\\/#organization\",\"name\":\"Centro de Documentaci\u00f3n Europea de Almer\u00eda\",\"url\":\"https:\\\/\\\/www.cde.ual.es\\\/\",\"logo\":{\"@type\":\"ImageObject\",\"inLanguage\":\"en-US\",\"@id\":\"https:\\\/\\\/www.cde.ual.es\\\/#\\\/schema\\\/logo\\\/image\\\/\",\"url\":\"https:\\\/\\\/www.cde.ual.es\\\/wp-content\\\/uploads\\\/2025\\\/07\\\/cde-logo-3.png\",\"contentUrl\":\"https:\\\/\\\/www.cde.ual.es\\\/wp-content\\\/uploads\\\/2025\\\/07\\\/cde-logo-3.png\",\"width\":1400,\"height\":300,\"caption\":\"Centro de Documentaci\u00f3n Europea de Almer\u00eda\"},\"image\":{\"@id\":\"https:\\\/\\\/www.cde.ual.es\\\/#\\\/schema\\\/logo\\\/image\\\/\"},\"sameAs\":[\"https:\\\/\\\/www.facebook.com\\\/cdeuniversidadalmeria\\\/\",\"https:\\\/\\\/x.com\\\/cdeualmeria\",\"https:\\\/\\\/www.tiktok.com\\\/@cdealmeria\",\"https:\\\/\\\/www.instagram.com\\\/cdealmeria\\\/\",\"https:\\\/\\\/www.linkedin.com\\\/in\\\/cde-almera-812b26a9\\\/\"]},{\"@type\":\"Person\",\"@id\":\"https:\\\/\\\/www.cde.ual.es\\\/#\\\/schema\\\/person\\\/224ef08c8bcc005f319d2713ce37ee5f\",\"name\":\"AdminCDE\",\"image\":{\"@type\":\"ImageObject\",\"inLanguage\":\"en-US\",\"@id\":\"https:\\\/\\\/secure.gravatar.com\\\/avatar\\\/a72d038d371f995cd13706fac32274b7952a52e8fb0a84b5f80c85426f2a98a8?s=96&d=mm&r=g\",\"url\":\"https:\\\/\\\/secure.gravatar.com\\\/avatar\\\/a72d038d371f995cd13706fac32274b7952a52e8fb0a84b5f80c85426f2a98a8?s=96&d=mm&r=g\",\"contentUrl\":\"https:\\\/\\\/secure.gravatar.com\\\/avatar\\\/a72d038d371f995cd13706fac32274b7952a52e8fb0a84b5f80c85426f2a98a8?s=96&d=mm&r=g\",\"caption\":\"AdminCDE\"}}]}<\/script>\n<!-- \/ Yoast SEO plugin. -->","yoast_head_json":{"title":"Circulaci\u00f3n internacional de datos: la Comisi\u00f3n pone en marcha la adopci\u00f3n de su decisi\u00f3n de adecuaci\u00f3n relativa a Jap\u00f3n | CDE Almer\u00eda - Centro de Documentaci\u00f3n Europea - Universidad de Almer\u00eda","robots":{"index":"index","follow":"follow","max-snippet":"max-snippet:-1","max-image-preview":"max-image-preview:large","max-video-preview":"max-video-preview:-1"},"canonical":"https:\/\/www.cde.ual.es\/circulacion-internacional-de-datos-la-comision-pone-en-marcha-la-adopcion-de-su-decision-de-adecuacion-relativa-a-japon\/","og_locale":"en_US","og_type":"article","og_title":"Circulaci\u00f3n internacional de datos: la Comisi\u00f3n pone en marcha la adopci\u00f3n de su decisi\u00f3n de adecuaci\u00f3n relativa a Jap\u00f3n | CDE Almer\u00eda - Centro de Documentaci\u00f3n Europea - Universidad de Almer\u00eda","og_description":"Tras la conclusi\u00f3n en julio de 2018 de las conversaciones sobre la protecci\u00f3n de datos personales entre la UE y Jap\u00f3n, la Comisi\u00f3n puso ayer en marcha el procedimiento para la adopci\u00f3n de su decisi\u00f3n de adecuaci\u00f3n. La comisaria\u00a0Jourov\u00e1\u00a0ha informado al Colegio sobre las pr\u00f3ximas etapas y la Comisi\u00f3n va a publicar el proyecto de [&hellip;]","og_url":"https:\/\/www.cde.ual.es\/circulacion-internacional-de-datos-la-comision-pone-en-marcha-la-adopcion-de-su-decision-de-adecuacion-relativa-a-japon\/","og_site_name":"CDE Almer\u00eda - Centro de Documentaci\u00f3n Europea - Universidad de Almer\u00eda","article_publisher":"https:\/\/www.facebook.com\/cdeuniversidadalmeria\/","article_published_time":"2018-09-06T07:22:29+00:00","article_modified_time":"2018-09-06T07:23:01+00:00","og_image":[{"width":1000,"height":573,"url":"https:\/\/www.cde.ual.es\/wp-content\/uploads\/2018\/09\/Protecci\u00f3n-datos-Jap\u00f3n.png","type":"image\/png"}],"author":"AdminCDE","twitter_card":"summary_large_image","twitter_creator":"@cdeualmeria","twitter_site":"@cdeualmeria","twitter_misc":{"Written by":"AdminCDE","Est. reading time":"5 minutes"},"schema":{"@context":"https:\/\/schema.org","@graph":[{"@type":"Article","@id":"https:\/\/www.cde.ual.es\/circulacion-internacional-de-datos-la-comision-pone-en-marcha-la-adopcion-de-su-decision-de-adecuacion-relativa-a-japon\/#article","isPartOf":{"@id":"https:\/\/www.cde.ual.es\/circulacion-internacional-de-datos-la-comision-pone-en-marcha-la-adopcion-de-su-decision-de-adecuacion-relativa-a-japon\/"},"author":{"name":"AdminCDE","@id":"https:\/\/www.cde.ual.es\/#\/schema\/person\/224ef08c8bcc005f319d2713ce37ee5f"},"headline":"Circulaci\u00f3n internacional de datos: la Comisi\u00f3n pone en marcha la adopci\u00f3n de su decisi\u00f3n de adecuaci\u00f3n relativa a Jap\u00f3n","datePublished":"2018-09-06T07:22:29+00:00","dateModified":"2018-09-06T07:23:01+00:00","mainEntityOfPage":{"@id":"https:\/\/www.cde.ual.es\/circulacion-internacional-de-datos-la-comision-pone-en-marcha-la-adopcion-de-su-decision-de-adecuacion-relativa-a-japon\/"},"wordCount":936,"commentCount":0,"publisher":{"@id":"https:\/\/www.cde.ual.es\/#organization"},"image":{"@id":"https:\/\/www.cde.ual.es\/circulacion-internacional-de-datos-la-comision-pone-en-marcha-la-adopcion-de-su-decision-de-adecuacion-relativa-a-japon\/#primaryimage"},"thumbnailUrl":"https:\/\/www.cde.ual.es\/wp-content\/uploads\/2018\/09\/Protecci\u00f3n-datos-Jap\u00f3n.png","keywords":["Protecci\u00f3n de datos","Seguridad y Defensa"],"articleSection":["Noticias UE"],"inLanguage":"en-US","potentialAction":[{"@type":"CommentAction","name":"Comment","target":["https:\/\/www.cde.ual.es\/circulacion-internacional-de-datos-la-comision-pone-en-marcha-la-adopcion-de-su-decision-de-adecuacion-relativa-a-japon\/#respond"]}]},{"@type":"WebPage","@id":"https:\/\/www.cde.ual.es\/circulacion-internacional-de-datos-la-comision-pone-en-marcha-la-adopcion-de-su-decision-de-adecuacion-relativa-a-japon\/","url":"https:\/\/www.cde.ual.es\/circulacion-internacional-de-datos-la-comision-pone-en-marcha-la-adopcion-de-su-decision-de-adecuacion-relativa-a-japon\/","name":"Circulaci\u00f3n internacional de datos: la Comisi\u00f3n pone en marcha la adopci\u00f3n de su decisi\u00f3n de adecuaci\u00f3n relativa a Jap\u00f3n | CDE Almer\u00eda - Centro de Documentaci\u00f3n Europea - Universidad de Almer\u00eda","isPartOf":{"@id":"https:\/\/www.cde.ual.es\/#website"},"primaryImageOfPage":{"@id":"https:\/\/www.cde.ual.es\/circulacion-internacional-de-datos-la-comision-pone-en-marcha-la-adopcion-de-su-decision-de-adecuacion-relativa-a-japon\/#primaryimage"},"image":{"@id":"https:\/\/www.cde.ual.es\/circulacion-internacional-de-datos-la-comision-pone-en-marcha-la-adopcion-de-su-decision-de-adecuacion-relativa-a-japon\/#primaryimage"},"thumbnailUrl":"https:\/\/www.cde.ual.es\/wp-content\/uploads\/2018\/09\/Protecci\u00f3n-datos-Jap\u00f3n.png","datePublished":"2018-09-06T07:22:29+00:00","dateModified":"2018-09-06T07:23:01+00:00","breadcrumb":{"@id":"https:\/\/www.cde.ual.es\/circulacion-internacional-de-datos-la-comision-pone-en-marcha-la-adopcion-de-su-decision-de-adecuacion-relativa-a-japon\/#breadcrumb"},"inLanguage":"en-US","potentialAction":[{"@type":"ReadAction","target":["https:\/\/www.cde.ual.es\/circulacion-internacional-de-datos-la-comision-pone-en-marcha-la-adopcion-de-su-decision-de-adecuacion-relativa-a-japon\/"]}]},{"@type":"ImageObject","inLanguage":"en-US","@id":"https:\/\/www.cde.ual.es\/circulacion-internacional-de-datos-la-comision-pone-en-marcha-la-adopcion-de-su-decision-de-adecuacion-relativa-a-japon\/#primaryimage","url":"https:\/\/www.cde.ual.es\/wp-content\/uploads\/2018\/09\/Protecci\u00f3n-datos-Jap\u00f3n.png","contentUrl":"https:\/\/www.cde.ual.es\/wp-content\/uploads\/2018\/09\/Protecci\u00f3n-datos-Jap\u00f3n.png","width":1000,"height":573},{"@type":"BreadcrumbList","@id":"https:\/\/www.cde.ual.es\/circulacion-internacional-de-datos-la-comision-pone-en-marcha-la-adopcion-de-su-decision-de-adecuacion-relativa-a-japon\/#breadcrumb","itemListElement":[{"@type":"ListItem","position":1,"name":"Inicio","item":"https:\/\/www.cde.ual.es\/en\/"},{"@type":"ListItem","position":2,"name":"Noticias UE","item":"https:\/\/www.cde.ual.es\/category\/noticias-ue\/"},{"@type":"ListItem","position":3,"name":"Circulaci\u00f3n internacional de datos: la Comisi\u00f3n pone en marcha la adopci\u00f3n de su decisi\u00f3n de adecuaci\u00f3n relativa a Jap\u00f3n"}]},{"@type":"WebSite","@id":"https:\/\/www.cde.ual.es\/#website","url":"https:\/\/www.cde.ual.es\/","name":"CDE Almer\u00eda - Centro de Documentaci\u00f3n Europea - Universidad de Almer\u00eda","description":"Centro de Documentaci\u00f3n Europea de la Universidad de Almer\u00eda","publisher":{"@id":"https:\/\/www.cde.ual.es\/#organization"},"alternateName":"CDE Almer\u00eda","potentialAction":[{"@type":"SearchAction","target":{"@type":"EntryPoint","urlTemplate":"https:\/\/www.cde.ual.es\/?s={search_term_string}"},"query-input":{"@type":"PropertyValueSpecification","valueRequired":true,"valueName":"search_term_string"}}],"inLanguage":"en-US"},{"@type":"Organization","@id":"https:\/\/www.cde.ual.es\/#organization","name":"Centro de Documentaci\u00f3n Europea de Almer\u00eda","url":"https:\/\/www.cde.ual.es\/","logo":{"@type":"ImageObject","inLanguage":"en-US","@id":"https:\/\/www.cde.ual.es\/#\/schema\/logo\/image\/","url":"https:\/\/www.cde.ual.es\/wp-content\/uploads\/2025\/07\/cde-logo-3.png","contentUrl":"https:\/\/www.cde.ual.es\/wp-content\/uploads\/2025\/07\/cde-logo-3.png","width":1400,"height":300,"caption":"Centro de Documentaci\u00f3n Europea de Almer\u00eda"},"image":{"@id":"https:\/\/www.cde.ual.es\/#\/schema\/logo\/image\/"},"sameAs":["https:\/\/www.facebook.com\/cdeuniversidadalmeria\/","https:\/\/x.com\/cdeualmeria","https:\/\/www.tiktok.com\/@cdealmeria","https:\/\/www.instagram.com\/cdealmeria\/","https:\/\/www.linkedin.com\/in\/cde-almera-812b26a9\/"]},{"@type":"Person","@id":"https:\/\/www.cde.ual.es\/#\/schema\/person\/224ef08c8bcc005f319d2713ce37ee5f","name":"AdminCDE","image":{"@type":"ImageObject","inLanguage":"en-US","@id":"https:\/\/secure.gravatar.com\/avatar\/a72d038d371f995cd13706fac32274b7952a52e8fb0a84b5f80c85426f2a98a8?s=96&d=mm&r=g","url":"https:\/\/secure.gravatar.com\/avatar\/a72d038d371f995cd13706fac32274b7952a52e8fb0a84b5f80c85426f2a98a8?s=96&d=mm&r=g","contentUrl":"https:\/\/secure.gravatar.com\/avatar\/a72d038d371f995cd13706fac32274b7952a52e8fb0a84b5f80c85426f2a98a8?s=96&d=mm&r=g","caption":"AdminCDE"}}]}},"_links":{"self":[{"href":"https:\/\/www.cde.ual.es\/en\/wp-json\/wp\/v2\/posts\/7991","targetHints":{"allow":["GET"]}}],"collection":[{"href":"https:\/\/www.cde.ual.es\/en\/wp-json\/wp\/v2\/posts"}],"about":[{"href":"https:\/\/www.cde.ual.es\/en\/wp-json\/wp\/v2\/types\/post"}],"author":[{"embeddable":true,"href":"https:\/\/www.cde.ual.es\/en\/wp-json\/wp\/v2\/users\/1"}],"replies":[{"embeddable":true,"href":"https:\/\/www.cde.ual.es\/en\/wp-json\/wp\/v2\/comments?post=7991"}],"version-history":[{"count":0,"href":"https:\/\/www.cde.ual.es\/en\/wp-json\/wp\/v2\/posts\/7991\/revisions"}],"wp:featuredmedia":[{"embeddable":true,"href":"https:\/\/www.cde.ual.es\/en\/wp-json\/wp\/v2\/media\/7995"}],"wp:attachment":[{"href":"https:\/\/www.cde.ual.es\/en\/wp-json\/wp\/v2\/media?parent=7991"}],"wp:term":[{"taxonomy":"category","embeddable":true,"href":"https:\/\/www.cde.ual.es\/en\/wp-json\/wp\/v2\/categories?post=7991"},{"taxonomy":"post_tag","embeddable":true,"href":"https:\/\/www.cde.ual.es\/en\/wp-json\/wp\/v2\/tags?post=7991"}],"curies":[{"name":"wp","href":"https:\/\/api.w.org\/{rel}","templated":true}]}}