{"id":7958,"date":"2018-09-05T09:31:42","date_gmt":"2018-09-05T07:31:42","guid":{"rendered":"http:\/\/www.cde.ual.es\/?p=7958"},"modified":"2018-09-05T09:31:42","modified_gmt":"2018-09-05T07:31:42","slug":"premio-acceso-a-la-ciudad","status":"publish","type":"post","link":"https:\/\/www.cde.ual.es\/en\/premio-acceso-a-la-ciudad\/","title":{"rendered":"Premio Acceso a la Ciudad"},"content":{"rendered":"<p style=\"text-align: center;\"><a href=\"http:\/\/www.cde.ual.es\/wp-content\/uploads\/2018\/09\/Access-City-Award.png\"><img decoding=\"async\" class=\"size-medium wp-image-7965 aligncenter\" src=\"http:\/\/www.cde.ual.es\/wp-content\/uploads\/2018\/09\/Access-City-Award-300x151.png\" alt=\"\" width=\"300\" height=\"151\" srcset=\"https:\/\/www.cde.ual.es\/wp-content\/uploads\/2018\/09\/Access-City-Award-300x151.png 300w, https:\/\/www.cde.ual.es\/wp-content\/uploads\/2018\/09\/Access-City-Award-768x386.png 768w, https:\/\/www.cde.ual.es\/wp-content\/uploads\/2018\/09\/Access-City-Award.png 805w\" sizes=\"(max-width: 300px) 100vw, 300px\" \/><\/a><\/p>\n<p><em><strong>El premio Acceso a la ciudad reconoce y celebra los esfuerzos de las ciudades europeas para mejorar el acceso y promover la inclusi\u00f3n.<\/strong><\/em><\/p>\n<p>El premio Access City Award reconoce y celebra la voluntad, la capacidad y los esfuerzos de una ciudad para ser m\u00e1s accesible, a fin de\u00a0garantizar igualdad de acceso a los derechos fundamentales;<br \/>\nmejorar la calidad de vida de su poblaci\u00f3n y garantizar que todos, independientemente de su edad, movilidad o capacidad, tengan el mismo acceso a todos los recursos y placeres que las ciudades tienen para ofrecer.<\/p>\n<h3>\u00bfPor qu\u00e9 un premio Acceso a la Ciudad?<\/h3>\n<p>Para 2020, se espera que la UE tenga 120 millones de personas con discapacidades y la poblaci\u00f3n envejece. Adem\u00e1s, Europa es ahora esencialmente una sociedad urbana, con cuatro de cada cinco ciudadanos de la UE viviendo en pueblos y ciudades. La Uni\u00f3n Europea promueve la igualdad de oportunidades y el acceso para las personas con discapacidad. Una parte fundamental de su estrategia implica trabajar hacia una Europa sin barreras. El premio Acceso a la Ciudad es un premio que reconoce a las ciudades que han trabajado para ser m\u00e1s accesibles para sus ciudadanos. Es una iniciativa de la UE que reconoce los esfuerzos de las ciudades para ser m\u00e1s accesibles promueve la igualdad de acceso a la vida urbana para las personas con discapacidad permite a las autoridades locales promover y compartir sus mejores pr\u00e1cticas<\/p>\n<h3>Como participar<\/h3>\n<p>El premio Access City Award est\u00e1 abierto a todas las ciudades de la UE de m\u00e1s de 50 000 habitantes \u00e1reas urbanas compuestas por dos o m\u00e1s ciudades con una poblaci\u00f3n combinada de m\u00e1s de 50,000 habitantes, si se encuentran en pa\u00edses de la UE con menos de 2 ciudades con m\u00e1s de 50 000 habitantes Para el Access City Award 2019, las ciudades con menos de 50 000 habitantes pueden participar en una categor\u00eda de los premios especiales de patrimonio cultural. La ACA no puede ser ganada por la misma ciudad en dos a\u00f1os consecutivos.<\/p>\n<h3>Plazo<\/h3>\n<p>La fecha l\u00edmite para las solicitudes es el 16 de septiembre de 2018.<\/p>\n<h3>M\u00e1s informaci\u00f3n<\/h3>\n<p><a href=\"https:\/\/ec.europa.eu\/info\/access-city-awards\">ACCESS CITY AWARD<\/a><\/p>\n","protected":false},"excerpt":{"rendered":"<p>El premio Acceso a la ciudad reconoce y celebra los esfuerzos de las ciudades europeas para mejorar el acceso y promover la inclusi\u00f3n. El premio Access City Award reconoce y celebra la voluntad, la capacidad y los esfuerzos de una ciudad para ser m\u00e1s accesible, a fin de\u00a0garantizar igualdad de acceso a los derechos fundamentales; [&hellip;]<\/p>\n","protected":false},"author":1,"featured_media":7965,"comment_status":"open","ping_status":"open","sticky":false,"template":"","format":"standard","meta":{"_acf_changed":false,"_relevanssi_hide_post":"","_relevanssi_hide_content":"","_relevanssi_pin_for_all":"","_relevanssi_pin_keywords":"","_relevanssi_unpin_keywords":"","_relevanssi_related_keywords":"","_relevanssi_related_include_ids":"","_relevanssi_related_exclude_ids":"","_relevanssi_related_no_append":"","_relevanssi_related_not_related":"","_relevanssi_related_posts":"","_relevanssi_noindex_reason":"","_monsterinsights_skip_tracking":false,"_monsterinsights_sitenote_active":false,"_monsterinsights_sitenote_note":"","_monsterinsights_sitenote_category":0,"_genesis_hide_title":false,"_genesis_hide_breadcrumbs":false,"_genesis_hide_singular_image":false,"_genesis_hide_footer_widgets":false,"_genesis_custom_body_class":"","_genesis_custom_post_class":"","_genesis_layout":"","footnotes":""},"categories":[136],"tags":[225,224],"class_list":{"0":"post-7958","1":"post","2":"type-post","3":"status-publish","4":"format-standard","5":"has-post-thumbnail","7":"category-convocatorias-y-premios-ue","8":"tag-discapacidad","9":"tag-inclusion","10":"entry"},"acf":[],"yoast_head":"<!-- This site is optimized with the Yoast SEO plugin v27.4 - https:\/\/yoast.com\/product\/yoast-seo-wordpress\/ -->\n<title>Premio Acceso a la Ciudad | CDE Almer\u00eda - Centro de Documentaci\u00f3n Europea - Universidad de Almer\u00eda<\/title>\n<meta name=\"robots\" content=\"index, follow, max-snippet:-1, max-image-preview:large, max-video-preview:-1\" \/>\n<link rel=\"canonical\" href=\"https:\/\/www.cde.ual.es\/premio-acceso-a-la-ciudad\/\" \/>\n<meta property=\"og:locale\" content=\"en_US\" \/>\n<meta property=\"og:type\" content=\"article\" \/>\n<meta property=\"og:title\" content=\"Premio Acceso a la Ciudad | CDE Almer\u00eda - Centro de Documentaci\u00f3n Europea - Universidad de Almer\u00eda\" \/>\n<meta property=\"og:description\" content=\"El premio Acceso a la ciudad reconoce y celebra los esfuerzos de las ciudades europeas para mejorar el acceso y promover la inclusi\u00f3n. El premio Access City Award reconoce y celebra la voluntad, la capacidad y los esfuerzos de una ciudad para ser m\u00e1s accesible, a fin de\u00a0garantizar igualdad de acceso a los derechos fundamentales; [&hellip;]\" \/>\n<meta property=\"og:url\" content=\"https:\/\/www.cde.ual.es\/premio-acceso-a-la-ciudad\/\" \/>\n<meta property=\"og:site_name\" content=\"CDE Almer\u00eda - Centro de Documentaci\u00f3n Europea - Universidad de Almer\u00eda\" \/>\n<meta property=\"article:publisher\" content=\"https:\/\/www.facebook.com\/cdeuniversidadalmeria\/\" \/>\n<meta property=\"article:published_time\" content=\"2018-09-05T07:31:42+00:00\" \/>\n<meta property=\"og:image\" content=\"https:\/\/www.cde.ual.es\/wp-content\/uploads\/2018\/09\/Access-City-Award.png\" \/>\n\t<meta property=\"og:image:width\" content=\"805\" \/>\n\t<meta property=\"og:image:height\" content=\"405\" \/>\n\t<meta property=\"og:image:type\" content=\"image\/png\" \/>\n<meta name=\"author\" content=\"AdminCDE\" \/>\n<meta name=\"twitter:card\" content=\"summary_large_image\" \/>\n<meta name=\"twitter:creator\" content=\"@cdeualmeria\" \/>\n<meta name=\"twitter:site\" content=\"@cdeualmeria\" \/>\n<meta name=\"twitter:label1\" content=\"Written by\" \/>\n\t<meta name=\"twitter:data1\" content=\"AdminCDE\" \/>\n\t<meta name=\"twitter:label2\" content=\"Est. reading time\" \/>\n\t<meta name=\"twitter:data2\" content=\"2 minutes\" \/>\n<script type=\"application\/ld+json\" class=\"yoast-schema-graph\">{\"@context\":\"https:\\\/\\\/schema.org\",\"@graph\":[{\"@type\":\"Article\",\"@id\":\"https:\\\/\\\/www.cde.ual.es\\\/premio-acceso-a-la-ciudad\\\/#article\",\"isPartOf\":{\"@id\":\"https:\\\/\\\/www.cde.ual.es\\\/premio-acceso-a-la-ciudad\\\/\"},\"author\":{\"name\":\"AdminCDE\",\"@id\":\"https:\\\/\\\/www.cde.ual.es\\\/#\\\/schema\\\/person\\\/224ef08c8bcc005f319d2713ce37ee5f\"},\"headline\":\"Premio Acceso a la Ciudad\",\"datePublished\":\"2018-09-05T07:31:42+00:00\",\"mainEntityOfPage\":{\"@id\":\"https:\\\/\\\/www.cde.ual.es\\\/premio-acceso-a-la-ciudad\\\/\"},\"wordCount\":363,\"commentCount\":0,\"publisher\":{\"@id\":\"https:\\\/\\\/www.cde.ual.es\\\/#organization\"},\"image\":{\"@id\":\"https:\\\/\\\/www.cde.ual.es\\\/premio-acceso-a-la-ciudad\\\/#primaryimage\"},\"thumbnailUrl\":\"https:\\\/\\\/www.cde.ual.es\\\/wp-content\\\/uploads\\\/2018\\\/09\\\/Access-City-Award.png\",\"keywords\":[\"Discapacidad\",\"Inclusi\u00f3n\"],\"articleSection\":[\"Convocatorias y Premios UE\"],\"inLanguage\":\"en-US\",\"potentialAction\":[{\"@type\":\"CommentAction\",\"name\":\"Comment\",\"target\":[\"https:\\\/\\\/www.cde.ual.es\\\/premio-acceso-a-la-ciudad\\\/#respond\"]}]},{\"@type\":\"WebPage\",\"@id\":\"https:\\\/\\\/www.cde.ual.es\\\/premio-acceso-a-la-ciudad\\\/\",\"url\":\"https:\\\/\\\/www.cde.ual.es\\\/premio-acceso-a-la-ciudad\\\/\",\"name\":\"Premio Acceso a la Ciudad | CDE Almer\u00eda - Centro de Documentaci\u00f3n Europea - Universidad de Almer\u00eda\",\"isPartOf\":{\"@id\":\"https:\\\/\\\/www.cde.ual.es\\\/#website\"},\"primaryImageOfPage\":{\"@id\":\"https:\\\/\\\/www.cde.ual.es\\\/premio-acceso-a-la-ciudad\\\/#primaryimage\"},\"image\":{\"@id\":\"https:\\\/\\\/www.cde.ual.es\\\/premio-acceso-a-la-ciudad\\\/#primaryimage\"},\"thumbnailUrl\":\"https:\\\/\\\/www.cde.ual.es\\\/wp-content\\\/uploads\\\/2018\\\/09\\\/Access-City-Award.png\",\"datePublished\":\"2018-09-05T07:31:42+00:00\",\"breadcrumb\":{\"@id\":\"https:\\\/\\\/www.cde.ual.es\\\/premio-acceso-a-la-ciudad\\\/#breadcrumb\"},\"inLanguage\":\"en-US\",\"potentialAction\":[{\"@type\":\"ReadAction\",\"target\":[\"https:\\\/\\\/www.cde.ual.es\\\/premio-acceso-a-la-ciudad\\\/\"]}]},{\"@type\":\"ImageObject\",\"inLanguage\":\"en-US\",\"@id\":\"https:\\\/\\\/www.cde.ual.es\\\/premio-acceso-a-la-ciudad\\\/#primaryimage\",\"url\":\"https:\\\/\\\/www.cde.ual.es\\\/wp-content\\\/uploads\\\/2018\\\/09\\\/Access-City-Award.png\",\"contentUrl\":\"https:\\\/\\\/www.cde.ual.es\\\/wp-content\\\/uploads\\\/2018\\\/09\\\/Access-City-Award.png\",\"width\":805,\"height\":405},{\"@type\":\"BreadcrumbList\",\"@id\":\"https:\\\/\\\/www.cde.ual.es\\\/premio-acceso-a-la-ciudad\\\/#breadcrumb\",\"itemListElement\":[{\"@type\":\"ListItem\",\"position\":1,\"name\":\"Inicio\",\"item\":\"https:\\\/\\\/www.cde.ual.es\\\/en\\\/\"},{\"@type\":\"ListItem\",\"position\":2,\"name\":\"Convocatorias y Premios UE\",\"item\":\"https:\\\/\\\/www.cde.ual.es\\\/category\\\/convocatorias-y-premios-ue\\\/\"},{\"@type\":\"ListItem\",\"position\":3,\"name\":\"Premio Acceso a la Ciudad\"}]},{\"@type\":\"WebSite\",\"@id\":\"https:\\\/\\\/www.cde.ual.es\\\/#website\",\"url\":\"https:\\\/\\\/www.cde.ual.es\\\/\",\"name\":\"CDE Almer\u00eda - Centro de Documentaci\u00f3n Europea - Universidad de Almer\u00eda\",\"description\":\"Centro de Documentaci\u00f3n Europea de la Universidad de Almer\u00eda\",\"publisher\":{\"@id\":\"https:\\\/\\\/www.cde.ual.es\\\/#organization\"},\"alternateName\":\"CDE Almer\u00eda\",\"potentialAction\":[{\"@type\":\"SearchAction\",\"target\":{\"@type\":\"EntryPoint\",\"urlTemplate\":\"https:\\\/\\\/www.cde.ual.es\\\/?s={search_term_string}\"},\"query-input\":{\"@type\":\"PropertyValueSpecification\",\"valueRequired\":true,\"valueName\":\"search_term_string\"}}],\"inLanguage\":\"en-US\"},{\"@type\":\"Organization\",\"@id\":\"https:\\\/\\\/www.cde.ual.es\\\/#organization\",\"name\":\"Centro de Documentaci\u00f3n Europea de Almer\u00eda\",\"url\":\"https:\\\/\\\/www.cde.ual.es\\\/\",\"logo\":{\"@type\":\"ImageObject\",\"inLanguage\":\"en-US\",\"@id\":\"https:\\\/\\\/www.cde.ual.es\\\/#\\\/schema\\\/logo\\\/image\\\/\",\"url\":\"https:\\\/\\\/www.cde.ual.es\\\/wp-content\\\/uploads\\\/2025\\\/07\\\/cde-logo-3.png\",\"contentUrl\":\"https:\\\/\\\/www.cde.ual.es\\\/wp-content\\\/uploads\\\/2025\\\/07\\\/cde-logo-3.png\",\"width\":1400,\"height\":300,\"caption\":\"Centro de Documentaci\u00f3n Europea de Almer\u00eda\"},\"image\":{\"@id\":\"https:\\\/\\\/www.cde.ual.es\\\/#\\\/schema\\\/logo\\\/image\\\/\"},\"sameAs\":[\"https:\\\/\\\/www.facebook.com\\\/cdeuniversidadalmeria\\\/\",\"https:\\\/\\\/x.com\\\/cdeualmeria\",\"https:\\\/\\\/www.tiktok.com\\\/@cdealmeria\",\"https:\\\/\\\/www.instagram.com\\\/cdealmeria\\\/\",\"https:\\\/\\\/www.linkedin.com\\\/in\\\/cde-almera-812b26a9\\\/\"]},{\"@type\":\"Person\",\"@id\":\"https:\\\/\\\/www.cde.ual.es\\\/#\\\/schema\\\/person\\\/224ef08c8bcc005f319d2713ce37ee5f\",\"name\":\"AdminCDE\",\"image\":{\"@type\":\"ImageObject\",\"inLanguage\":\"en-US\",\"@id\":\"https:\\\/\\\/secure.gravatar.com\\\/avatar\\\/a72d038d371f995cd13706fac32274b7952a52e8fb0a84b5f80c85426f2a98a8?s=96&d=mm&r=g\",\"url\":\"https:\\\/\\\/secure.gravatar.com\\\/avatar\\\/a72d038d371f995cd13706fac32274b7952a52e8fb0a84b5f80c85426f2a98a8?s=96&d=mm&r=g\",\"contentUrl\":\"https:\\\/\\\/secure.gravatar.com\\\/avatar\\\/a72d038d371f995cd13706fac32274b7952a52e8fb0a84b5f80c85426f2a98a8?s=96&d=mm&r=g\",\"caption\":\"AdminCDE\"}}]}<\/script>\n<!-- \/ Yoast SEO plugin. -->","yoast_head_json":{"title":"Premio Acceso a la Ciudad | CDE Almer\u00eda - Centro de Documentaci\u00f3n Europea - Universidad de Almer\u00eda","robots":{"index":"index","follow":"follow","max-snippet":"max-snippet:-1","max-image-preview":"max-image-preview:large","max-video-preview":"max-video-preview:-1"},"canonical":"https:\/\/www.cde.ual.es\/premio-acceso-a-la-ciudad\/","og_locale":"en_US","og_type":"article","og_title":"Premio Acceso a la Ciudad | CDE Almer\u00eda - Centro de Documentaci\u00f3n Europea - Universidad de Almer\u00eda","og_description":"El premio Acceso a la ciudad reconoce y celebra los esfuerzos de las ciudades europeas para mejorar el acceso y promover la inclusi\u00f3n. El premio Access City Award reconoce y celebra la voluntad, la capacidad y los esfuerzos de una ciudad para ser m\u00e1s accesible, a fin de\u00a0garantizar igualdad de acceso a los derechos fundamentales; [&hellip;]","og_url":"https:\/\/www.cde.ual.es\/premio-acceso-a-la-ciudad\/","og_site_name":"CDE Almer\u00eda - Centro de Documentaci\u00f3n Europea - Universidad de Almer\u00eda","article_publisher":"https:\/\/www.facebook.com\/cdeuniversidadalmeria\/","article_published_time":"2018-09-05T07:31:42+00:00","og_image":[{"width":805,"height":405,"url":"https:\/\/www.cde.ual.es\/wp-content\/uploads\/2018\/09\/Access-City-Award.png","type":"image\/png"}],"author":"AdminCDE","twitter_card":"summary_large_image","twitter_creator":"@cdeualmeria","twitter_site":"@cdeualmeria","twitter_misc":{"Written by":"AdminCDE","Est. reading time":"2 minutes"},"schema":{"@context":"https:\/\/schema.org","@graph":[{"@type":"Article","@id":"https:\/\/www.cde.ual.es\/premio-acceso-a-la-ciudad\/#article","isPartOf":{"@id":"https:\/\/www.cde.ual.es\/premio-acceso-a-la-ciudad\/"},"author":{"name":"AdminCDE","@id":"https:\/\/www.cde.ual.es\/#\/schema\/person\/224ef08c8bcc005f319d2713ce37ee5f"},"headline":"Premio Acceso a la Ciudad","datePublished":"2018-09-05T07:31:42+00:00","mainEntityOfPage":{"@id":"https:\/\/www.cde.ual.es\/premio-acceso-a-la-ciudad\/"},"wordCount":363,"commentCount":0,"publisher":{"@id":"https:\/\/www.cde.ual.es\/#organization"},"image":{"@id":"https:\/\/www.cde.ual.es\/premio-acceso-a-la-ciudad\/#primaryimage"},"thumbnailUrl":"https:\/\/www.cde.ual.es\/wp-content\/uploads\/2018\/09\/Access-City-Award.png","keywords":["Discapacidad","Inclusi\u00f3n"],"articleSection":["Convocatorias y Premios UE"],"inLanguage":"en-US","potentialAction":[{"@type":"CommentAction","name":"Comment","target":["https:\/\/www.cde.ual.es\/premio-acceso-a-la-ciudad\/#respond"]}]},{"@type":"WebPage","@id":"https:\/\/www.cde.ual.es\/premio-acceso-a-la-ciudad\/","url":"https:\/\/www.cde.ual.es\/premio-acceso-a-la-ciudad\/","name":"Premio Acceso a la Ciudad | CDE Almer\u00eda - Centro de Documentaci\u00f3n Europea - Universidad de Almer\u00eda","isPartOf":{"@id":"https:\/\/www.cde.ual.es\/#website"},"primaryImageOfPage":{"@id":"https:\/\/www.cde.ual.es\/premio-acceso-a-la-ciudad\/#primaryimage"},"image":{"@id":"https:\/\/www.cde.ual.es\/premio-acceso-a-la-ciudad\/#primaryimage"},"thumbnailUrl":"https:\/\/www.cde.ual.es\/wp-content\/uploads\/2018\/09\/Access-City-Award.png","datePublished":"2018-09-05T07:31:42+00:00","breadcrumb":{"@id":"https:\/\/www.cde.ual.es\/premio-acceso-a-la-ciudad\/#breadcrumb"},"inLanguage":"en-US","potentialAction":[{"@type":"ReadAction","target":["https:\/\/www.cde.ual.es\/premio-acceso-a-la-ciudad\/"]}]},{"@type":"ImageObject","inLanguage":"en-US","@id":"https:\/\/www.cde.ual.es\/premio-acceso-a-la-ciudad\/#primaryimage","url":"https:\/\/www.cde.ual.es\/wp-content\/uploads\/2018\/09\/Access-City-Award.png","contentUrl":"https:\/\/www.cde.ual.es\/wp-content\/uploads\/2018\/09\/Access-City-Award.png","width":805,"height":405},{"@type":"BreadcrumbList","@id":"https:\/\/www.cde.ual.es\/premio-acceso-a-la-ciudad\/#breadcrumb","itemListElement":[{"@type":"ListItem","position":1,"name":"Inicio","item":"https:\/\/www.cde.ual.es\/en\/"},{"@type":"ListItem","position":2,"name":"Convocatorias y Premios UE","item":"https:\/\/www.cde.ual.es\/category\/convocatorias-y-premios-ue\/"},{"@type":"ListItem","position":3,"name":"Premio Acceso a la Ciudad"}]},{"@type":"WebSite","@id":"https:\/\/www.cde.ual.es\/#website","url":"https:\/\/www.cde.ual.es\/","name":"CDE Almer\u00eda - Centro de Documentaci\u00f3n Europea - Universidad de Almer\u00eda","description":"Centro de Documentaci\u00f3n Europea de la Universidad de Almer\u00eda","publisher":{"@id":"https:\/\/www.cde.ual.es\/#organization"},"alternateName":"CDE Almer\u00eda","potentialAction":[{"@type":"SearchAction","target":{"@type":"EntryPoint","urlTemplate":"https:\/\/www.cde.ual.es\/?s={search_term_string}"},"query-input":{"@type":"PropertyValueSpecification","valueRequired":true,"valueName":"search_term_string"}}],"inLanguage":"en-US"},{"@type":"Organization","@id":"https:\/\/www.cde.ual.es\/#organization","name":"Centro de Documentaci\u00f3n Europea de Almer\u00eda","url":"https:\/\/www.cde.ual.es\/","logo":{"@type":"ImageObject","inLanguage":"en-US","@id":"https:\/\/www.cde.ual.es\/#\/schema\/logo\/image\/","url":"https:\/\/www.cde.ual.es\/wp-content\/uploads\/2025\/07\/cde-logo-3.png","contentUrl":"https:\/\/www.cde.ual.es\/wp-content\/uploads\/2025\/07\/cde-logo-3.png","width":1400,"height":300,"caption":"Centro de Documentaci\u00f3n Europea de Almer\u00eda"},"image":{"@id":"https:\/\/www.cde.ual.es\/#\/schema\/logo\/image\/"},"sameAs":["https:\/\/www.facebook.com\/cdeuniversidadalmeria\/","https:\/\/x.com\/cdeualmeria","https:\/\/www.tiktok.com\/@cdealmeria","https:\/\/www.instagram.com\/cdealmeria\/","https:\/\/www.linkedin.com\/in\/cde-almera-812b26a9\/"]},{"@type":"Person","@id":"https:\/\/www.cde.ual.es\/#\/schema\/person\/224ef08c8bcc005f319d2713ce37ee5f","name":"AdminCDE","image":{"@type":"ImageObject","inLanguage":"en-US","@id":"https:\/\/secure.gravatar.com\/avatar\/a72d038d371f995cd13706fac32274b7952a52e8fb0a84b5f80c85426f2a98a8?s=96&d=mm&r=g","url":"https:\/\/secure.gravatar.com\/avatar\/a72d038d371f995cd13706fac32274b7952a52e8fb0a84b5f80c85426f2a98a8?s=96&d=mm&r=g","contentUrl":"https:\/\/secure.gravatar.com\/avatar\/a72d038d371f995cd13706fac32274b7952a52e8fb0a84b5f80c85426f2a98a8?s=96&d=mm&r=g","caption":"AdminCDE"}}]}},"_links":{"self":[{"href":"https:\/\/www.cde.ual.es\/en\/wp-json\/wp\/v2\/posts\/7958","targetHints":{"allow":["GET"]}}],"collection":[{"href":"https:\/\/www.cde.ual.es\/en\/wp-json\/wp\/v2\/posts"}],"about":[{"href":"https:\/\/www.cde.ual.es\/en\/wp-json\/wp\/v2\/types\/post"}],"author":[{"embeddable":true,"href":"https:\/\/www.cde.ual.es\/en\/wp-json\/wp\/v2\/users\/1"}],"replies":[{"embeddable":true,"href":"https:\/\/www.cde.ual.es\/en\/wp-json\/wp\/v2\/comments?post=7958"}],"version-history":[{"count":0,"href":"https:\/\/www.cde.ual.es\/en\/wp-json\/wp\/v2\/posts\/7958\/revisions"}],"wp:featuredmedia":[{"embeddable":true,"href":"https:\/\/www.cde.ual.es\/en\/wp-json\/wp\/v2\/media\/7965"}],"wp:attachment":[{"href":"https:\/\/www.cde.ual.es\/en\/wp-json\/wp\/v2\/media?parent=7958"}],"wp:term":[{"taxonomy":"category","embeddable":true,"href":"https:\/\/www.cde.ual.es\/en\/wp-json\/wp\/v2\/categories?post=7958"},{"taxonomy":"post_tag","embeddable":true,"href":"https:\/\/www.cde.ual.es\/en\/wp-json\/wp\/v2\/tags?post=7958"}],"curies":[{"name":"wp","href":"https:\/\/api.w.org\/{rel}","templated":true}]}}