{"id":78212,"date":"2021-09-03T03:00:51","date_gmt":"2021-09-03T01:00:51","guid":{"rendered":"https:\/\/www.cde.ual.es\/?p=78212"},"modified":"2021-09-03T09:55:56","modified_gmt":"2021-09-03T07:55:56","slug":"dialogue-to-mark-the-european-day-of-jewish-culture","status":"publish","type":"post","link":"https:\/\/www.cde.ual.es\/en\/dialogue-to-mark-the-european-day-of-jewish-culture\/","title":{"rendered":"&#8220;Dialogue&#8221; to mark the European Day of Jewish Culture"},"content":{"rendered":"<p>The <strong>European Day of Jewish Culture<\/strong> is celebrated in 30 countries in Europe. The aim of this day is to organise activities related to Jewish culture for the public, with the intention of raising awareness of the cultural and historical heritage of the Jewish people. The activities are coordinated by the <a href=\"https:\/\/es.wikipedia.org\/w\/index.php?title=Asociaci%C3%B3n_Europea_para_la_Preservaci%C3%B3n_y_Promoci%C3%B3n_de_la_Cultura_Jud%C3%ADa&amp;action=edit&amp;redlink=1\">European Association for the Preservation and Promotion of Jewish Culture<\/a> , <a href=\"https:\/\/es.wikipedia.org\/w\/index.php?title=Consejo_Europeo_de_Comunidades_Jud%C3%ADas&amp;action=edit&amp;redlink=1\">the European Council of Jewish Communities<\/a>, <a href=\"https:\/\/es.wikipedia.org\/wiki\/B%27nai_B%27rith\">B&#8217;nai B&#8217;rith Europe<\/a> and the <a href=\"https:\/\/es.wikipedia.org\/wiki\/Red_de_Juder%C3%ADas_de_Espa%C3%B1a\">Network of Spanish Jewish Quarters.<\/a><\/p>\n<p>&nbsp;<\/p>\n<p><a href=\"https:\/\/www.cde.ual.es\/wp-content\/uploads\/2021\/09\/Jornads-Europeas-de-la-Cultura-Judia.jpg\"><img decoding=\"async\" class=\"wp-image-78197 aligncenter\" src=\"https:\/\/www.cde.ual.es\/wp-content\/uploads\/2021\/09\/Jornads-Europeas-de-la-Cultura-Judia.jpg\" alt=\"\" width=\"225\" height=\"282\" srcset=\"https:\/\/www.cde.ual.es\/wp-content\/uploads\/2021\/09\/Jornads-Europeas-de-la-Cultura-Judia.jpg 800w, https:\/\/www.cde.ual.es\/wp-content\/uploads\/2021\/09\/Jornads-Europeas-de-la-Cultura-Judia-240x300.jpg 240w, https:\/\/www.cde.ual.es\/wp-content\/uploads\/2021\/09\/Jornads-Europeas-de-la-Cultura-Judia-768x962.jpg 768w\" sizes=\"(max-width: 225px) 100vw, 225px\" \/><\/a><\/p>\n<p>The initiative was started in 1996 by B&#8217;nai B&#8217;rith in Strasbourg, in the French region of Alsace, because many tourists asked to be able to visit places in the region with Jewish heritage. In 2000, a partnership was created between <strong>B&#8217;nai B&#8217;rith<\/strong>,<a href=\"https:\/\/www.ecjc.org\/\" target=\"_blank\" rel=\"noopener\"><strong> the European Council of Jewish Communities<\/strong><\/a> and the <a href=\"https:\/\/redjuderias.org\/ciudades\/\" target=\"_blank\" rel=\"noopener\"><strong>Network of Spanish Jewish Quarters.<\/strong><\/a><\/p>\n<p>&#8220;<strong>B&#8217;nai B&#8217;rith<\/strong>, literally Sons of the Covenant, Sons of the Covenant or Sons of Light, is a Jewish organisation with a system of branches, with a world headquarters in Washington D.C., a headquarters in Brussels and several branches in different countries in Latin America and Europe.&#8221;<\/p>\n<p>The objective of this day is to promote and make Jewish culture known to the society of the countries where this event is celebrated, since knowing the culture, tradition and life of the communities that live in the same country or city helps to know the &#8220;other&#8221;, and in this way, communication and dialogue between the cultures of the country is reinforced.<\/p>\n<h3>Activities<\/h3>\n<p>On this day, exhibitions, concerts, panels, lectures and excursions are organised in many European countries. Topics such as Jewish neighbourhoods, coexistence between cultures, exhibitions on sculpture, painting, printing, music and Jewish religious objects are discussed.<\/p>\n<p>The Days will this year hold one of its most ambitious editions under the umbrella of the <a href=\"https:\/\/www.noa-project.eu\/about-noa\/\" target=\"_blank\" rel=\"noopener\">NOA (Networking Overcoming Antisemitism)<\/a> project, a networking partnership that aims to combat antisemitism in Europe by assessing EU member states&#8217; policies in various areas, from education to culture and security, in order to help them develop comprehensive action plans to address and prevent antisemitism.<\/p>\n<h3>The main cities<\/h3>\n<p>The cities of the Network of Spanish Jewish Quarters will join with different activities next <strong>September 5th<\/strong> in a new celebration of the European Day of Jewish Culture, whose theme, <strong>&#8220;Dialogue&#8221;<\/strong>, proposes to disseminate and promote positive narratives that highlight the contribution of European Jews to a more plural and<strong> inclusive Europe<\/strong>.<\/p>\n<p>On the occasion of the European Day of Jewish Culture, a participatory activity will be held in the cities of the Network of Spanish Jewish Quarters, which will seek, through a <strong>game<\/strong>, that the participant moves consecutively to three points of the Jewish quarter of each city. A travelling exhibition from the National Library of Israel will also be inaugurated, which reflects on and explains different types of dialogues from the perspective of Jewish culture.<\/p>\n<h3>Conference &#8220;The Women of the Talmud&#8221;<\/h3>\n<p>In the framework of the European Day of Jewish Culture, we organised jointly with the\u00a0 Sefarad-Israel centre a conversation with Rabbi and political scientist Uriel Romano, author of the book <em>&#8220;The Women of the Talmud. Wise, devout and rebellious<\/em>&#8220;. During this activity, Uriel Romano will review the role of women in the stories of the Talmud. He will be accompanied by Carmen \u00c1lvarez, director of the Sephardic Museum of Toledo, and Esther Bendahan, director of Culture of Sefarad-Israel centre. In addition, during the conversation, Uriel Romano will read some of the Talmudic stories, which place women as the main character.<\/p>\n<p class=\"ta-justify\">Some Practical information:<\/p>\n<ul>\n<li>Monday, 6 September.<\/li>\n<li>18:00 hours<\/li>\n<li>The activity can be followed on the Sephardic Museum&#8217;s YouTube channel through the following link: <a title=\"Enlace externo, se abre en ventana nueva.\" href=\"https:\/\/youtu.be\/n3TcGCnn0Tw\" target=\"_blank\" rel=\"external noopener\">https:\/\/youtu.be\/n3TcGCnn0Tw<img decoding=\"async\" title=\"Youtube\" src=\"https:\/\/www.culturaydeporte.gob.es\/docroot\/img\/iconos\/13\/ico-youtube.gif\" alt=\"Youtube\" width=\"13\" height=\"13\" \/><\/a><\/li>\n<\/ul>\n<h3>More information<\/h3>\n<p><a href=\"https:\/\/redjuderias.org\/ciudades\/\" target=\"_blank\" rel=\"noopener\">https:\/\/redjuderias.org\/ciudades\/<\/a><\/p>\n<p><a href=\"https:\/\/www.culturaydeporte.gob.es\/msefardi\/actividades\/agenda\/2021\/septiembre\/diaeuropeoculturajudia.html\" target=\"_blank\" rel=\"noopener\">https:\/\/www.culturaydeporte.gob.es\/msefardi\/actividades\/agenda\/2021\/septiembre\/diaeuropeoculturajudia.html<\/a><\/p>\n<p>&nbsp;<\/p>\n","protected":false},"excerpt":{"rendered":"<p>The European Day of Jewish Culture is celebrated in 30 countries in Europe. The aim of this day is to organise activities related to Jewish culture for the public, with the intention of raising awareness of the cultural and historical heritage of the Jewish people. The activities are coordinated by the European Association for the [&hellip;]<\/p>\n","protected":false},"author":101011,"featured_media":78270,"comment_status":"open","ping_status":"open","sticky":false,"template":"","format":"standard","meta":{"_acf_changed":false,"_relevanssi_hide_post":"","_relevanssi_hide_content":"","_relevanssi_pin_for_all":"","_relevanssi_pin_keywords":"","_relevanssi_unpin_keywords":"","_relevanssi_related_keywords":"","_relevanssi_related_include_ids":"","_relevanssi_related_exclude_ids":"","_relevanssi_related_no_append":"","_relevanssi_related_not_related":"","_relevanssi_related_posts":"","_relevanssi_noindex_reason":"","_monsterinsights_skip_tracking":false,"_monsterinsights_sitenote_active":false,"_monsterinsights_sitenote_note":"","_monsterinsights_sitenote_category":0,"_genesis_hide_title":false,"_genesis_hide_breadcrumbs":false,"_genesis_hide_singular_image":false,"_genesis_hide_footer_widgets":false,"_genesis_custom_body_class":"","_genesis_custom_post_class":"","_genesis_layout":"","footnotes":""},"categories":[4073,4071,346],"tags":[527,4163,351],"class_list":{"0":"post-78212","1":"post","2":"type-post","3":"status-publish","4":"format-standard","5":"has-post-thumbnail","7":"category-culture","8":"category-education-culture","9":"category-eu-news","10":"tag-culture","11":"tag-jewish-communities","12":"tag-union-europea-en","13":"entry"},"acf":[],"yoast_head":"<!-- This site is optimized with the Yoast SEO plugin v27.4 - https:\/\/yoast.com\/product\/yoast-seo-wordpress\/ -->\n<title>&quot;Dialogue&quot; to mark the European Day of Jewish Culture | CDE Almer\u00eda - Centro de Documentaci\u00f3n Europea - Universidad de Almer\u00eda<\/title>\n<meta name=\"robots\" content=\"index, follow, max-snippet:-1, max-image-preview:large, max-video-preview:-1\" \/>\n<link rel=\"canonical\" href=\"https:\/\/www.cde.ual.es\/en\/dialogue-to-mark-the-european-day-of-jewish-culture\/\" \/>\n<meta property=\"og:locale\" content=\"en_US\" \/>\n<meta property=\"og:type\" content=\"article\" \/>\n<meta property=\"og:title\" content=\"&quot;Dialogue&quot; to mark the European Day of Jewish Culture | CDE Almer\u00eda - Centro de Documentaci\u00f3n Europea - Universidad de Almer\u00eda\" \/>\n<meta property=\"og:description\" content=\"The European Day of Jewish Culture is celebrated in 30 countries in Europe. The aim of this day is to organise activities related to Jewish culture for the public, with the intention of raising awareness of the cultural and historical heritage of the Jewish people. The activities are coordinated by the European Association for the [&hellip;]\" \/>\n<meta property=\"og:url\" content=\"https:\/\/www.cde.ual.es\/en\/dialogue-to-mark-the-european-day-of-jewish-culture\/\" \/>\n<meta property=\"og:site_name\" content=\"CDE Almer\u00eda - Centro de Documentaci\u00f3n Europea - Universidad de Almer\u00eda\" \/>\n<meta property=\"article:publisher\" content=\"https:\/\/www.facebook.com\/cdeuniversidadalmeria\/\" \/>\n<meta property=\"article:published_time\" content=\"2021-09-03T01:00:51+00:00\" \/>\n<meta property=\"article:modified_time\" content=\"2021-09-03T07:55:56+00:00\" \/>\n<meta property=\"og:image\" content=\"https:\/\/www.cde.ual.es\/wp-content\/uploads\/2021\/09\/E-C6rDOWEAAdos-.jpg\" \/>\n\t<meta property=\"og:image:width\" content=\"856\" \/>\n\t<meta property=\"og:image:height\" content=\"1072\" \/>\n\t<meta property=\"og:image:type\" content=\"image\/jpeg\" \/>\n<meta name=\"author\" content=\"BECA 2 CDE\" \/>\n<meta name=\"twitter:card\" content=\"summary_large_image\" \/>\n<meta name=\"twitter:creator\" content=\"@cdeualmeria\" \/>\n<meta name=\"twitter:site\" content=\"@cdeualmeria\" \/>\n<meta name=\"twitter:label1\" content=\"Written by\" \/>\n\t<meta name=\"twitter:data1\" content=\"BECA 2 CDE\" \/>\n\t<meta name=\"twitter:label2\" content=\"Est. reading time\" \/>\n\t<meta name=\"twitter:data2\" content=\"3 minutes\" \/>\n<script type=\"application\/ld+json\" class=\"yoast-schema-graph\">{\"@context\":\"https:\\\/\\\/schema.org\",\"@graph\":[{\"@type\":\"Article\",\"@id\":\"https:\\\/\\\/www.cde.ual.es\\\/en\\\/dialogue-to-mark-the-european-day-of-jewish-culture\\\/#article\",\"isPartOf\":{\"@id\":\"https:\\\/\\\/www.cde.ual.es\\\/en\\\/dialogue-to-mark-the-european-day-of-jewish-culture\\\/\"},\"author\":{\"name\":\"BECA 2 CDE\",\"@id\":\"https:\\\/\\\/www.cde.ual.es\\\/#\\\/schema\\\/person\\\/ee46ebc19edfa19598c02cff83335acc\"},\"headline\":\"&#8220;Dialogue&#8221; to mark the European Day of Jewish Culture\",\"datePublished\":\"2021-09-03T01:00:51+00:00\",\"dateModified\":\"2021-09-03T07:55:56+00:00\",\"mainEntityOfPage\":{\"@id\":\"https:\\\/\\\/www.cde.ual.es\\\/en\\\/dialogue-to-mark-the-european-day-of-jewish-culture\\\/\"},\"wordCount\":635,\"commentCount\":0,\"publisher\":{\"@id\":\"https:\\\/\\\/www.cde.ual.es\\\/#organization\"},\"image\":{\"@id\":\"https:\\\/\\\/www.cde.ual.es\\\/en\\\/dialogue-to-mark-the-european-day-of-jewish-culture\\\/#primaryimage\"},\"thumbnailUrl\":\"https:\\\/\\\/www.cde.ual.es\\\/wp-content\\\/uploads\\\/2021\\\/09\\\/E-C6rDOWEAAdos-.jpg\",\"keywords\":[\"culture\",\"Jewish Communities\",\"Uni\u00f3n Europea\"],\"articleSection\":[\"Culture\",\"Education and Culture\",\"EU News\"],\"inLanguage\":\"en-US\",\"potentialAction\":[{\"@type\":\"CommentAction\",\"name\":\"Comment\",\"target\":[\"https:\\\/\\\/www.cde.ual.es\\\/en\\\/dialogue-to-mark-the-european-day-of-jewish-culture\\\/#respond\"]}]},{\"@type\":\"WebPage\",\"@id\":\"https:\\\/\\\/www.cde.ual.es\\\/en\\\/dialogue-to-mark-the-european-day-of-jewish-culture\\\/\",\"url\":\"https:\\\/\\\/www.cde.ual.es\\\/en\\\/dialogue-to-mark-the-european-day-of-jewish-culture\\\/\",\"name\":\"\\\"Dialogue\\\" to mark the European Day of Jewish Culture | CDE Almer\u00eda - Centro de Documentaci\u00f3n Europea - Universidad de Almer\u00eda\",\"isPartOf\":{\"@id\":\"https:\\\/\\\/www.cde.ual.es\\\/#website\"},\"primaryImageOfPage\":{\"@id\":\"https:\\\/\\\/www.cde.ual.es\\\/en\\\/dialogue-to-mark-the-european-day-of-jewish-culture\\\/#primaryimage\"},\"image\":{\"@id\":\"https:\\\/\\\/www.cde.ual.es\\\/en\\\/dialogue-to-mark-the-european-day-of-jewish-culture\\\/#primaryimage\"},\"thumbnailUrl\":\"https:\\\/\\\/www.cde.ual.es\\\/wp-content\\\/uploads\\\/2021\\\/09\\\/E-C6rDOWEAAdos-.jpg\",\"datePublished\":\"2021-09-03T01:00:51+00:00\",\"dateModified\":\"2021-09-03T07:55:56+00:00\",\"breadcrumb\":{\"@id\":\"https:\\\/\\\/www.cde.ual.es\\\/en\\\/dialogue-to-mark-the-european-day-of-jewish-culture\\\/#breadcrumb\"},\"inLanguage\":\"en-US\",\"potentialAction\":[{\"@type\":\"ReadAction\",\"target\":[\"https:\\\/\\\/www.cde.ual.es\\\/en\\\/dialogue-to-mark-the-european-day-of-jewish-culture\\\/\"]}]},{\"@type\":\"ImageObject\",\"inLanguage\":\"en-US\",\"@id\":\"https:\\\/\\\/www.cde.ual.es\\\/en\\\/dialogue-to-mark-the-european-day-of-jewish-culture\\\/#primaryimage\",\"url\":\"https:\\\/\\\/www.cde.ual.es\\\/wp-content\\\/uploads\\\/2021\\\/09\\\/E-C6rDOWEAAdos-.jpg\",\"contentUrl\":\"https:\\\/\\\/www.cde.ual.es\\\/wp-content\\\/uploads\\\/2021\\\/09\\\/E-C6rDOWEAAdos-.jpg\",\"width\":856,\"height\":1072},{\"@type\":\"BreadcrumbList\",\"@id\":\"https:\\\/\\\/www.cde.ual.es\\\/en\\\/dialogue-to-mark-the-european-day-of-jewish-culture\\\/#breadcrumb\",\"itemListElement\":[{\"@type\":\"ListItem\",\"position\":1,\"name\":\"Inicio\",\"item\":\"https:\\\/\\\/www.cde.ual.es\\\/en\\\/\"},{\"@type\":\"ListItem\",\"position\":2,\"name\":\"EU News\",\"item\":\"https:\\\/\\\/www.cde.ual.es\\\/en\\\/category\\\/eu-news\\\/\"},{\"@type\":\"ListItem\",\"position\":3,\"name\":\"Education and Culture\",\"item\":\"https:\\\/\\\/www.cde.ual.es\\\/en\\\/category\\\/eu-news\\\/education-culture\\\/\"},{\"@type\":\"ListItem\",\"position\":4,\"name\":\"Culture\",\"item\":\"https:\\\/\\\/www.cde.ual.es\\\/en\\\/category\\\/eu-news\\\/education-culture\\\/culture\\\/\"},{\"@type\":\"ListItem\",\"position\":5,\"name\":\"&#8220;Dialogue&#8221; to mark the European Day of Jewish Culture\"}]},{\"@type\":\"WebSite\",\"@id\":\"https:\\\/\\\/www.cde.ual.es\\\/#website\",\"url\":\"https:\\\/\\\/www.cde.ual.es\\\/\",\"name\":\"CDE Almer\u00eda - Centro de Documentaci\u00f3n Europea - Universidad de Almer\u00eda\",\"description\":\"Centro de Documentaci\u00f3n Europea de la Universidad de Almer\u00eda\",\"publisher\":{\"@id\":\"https:\\\/\\\/www.cde.ual.es\\\/#organization\"},\"alternateName\":\"CDE Almer\u00eda\",\"potentialAction\":[{\"@type\":\"SearchAction\",\"target\":{\"@type\":\"EntryPoint\",\"urlTemplate\":\"https:\\\/\\\/www.cde.ual.es\\\/?s={search_term_string}\"},\"query-input\":{\"@type\":\"PropertyValueSpecification\",\"valueRequired\":true,\"valueName\":\"search_term_string\"}}],\"inLanguage\":\"en-US\"},{\"@type\":\"Organization\",\"@id\":\"https:\\\/\\\/www.cde.ual.es\\\/#organization\",\"name\":\"Centro de Documentaci\u00f3n Europea de Almer\u00eda\",\"url\":\"https:\\\/\\\/www.cde.ual.es\\\/\",\"logo\":{\"@type\":\"ImageObject\",\"inLanguage\":\"en-US\",\"@id\":\"https:\\\/\\\/www.cde.ual.es\\\/#\\\/schema\\\/logo\\\/image\\\/\",\"url\":\"https:\\\/\\\/www.cde.ual.es\\\/wp-content\\\/uploads\\\/2025\\\/07\\\/cde-logo-3.png\",\"contentUrl\":\"https:\\\/\\\/www.cde.ual.es\\\/wp-content\\\/uploads\\\/2025\\\/07\\\/cde-logo-3.png\",\"width\":1400,\"height\":300,\"caption\":\"Centro de Documentaci\u00f3n Europea de Almer\u00eda\"},\"image\":{\"@id\":\"https:\\\/\\\/www.cde.ual.es\\\/#\\\/schema\\\/logo\\\/image\\\/\"},\"sameAs\":[\"https:\\\/\\\/www.facebook.com\\\/cdeuniversidadalmeria\\\/\",\"https:\\\/\\\/x.com\\\/cdeualmeria\",\"https:\\\/\\\/www.tiktok.com\\\/@cdealmeria\",\"https:\\\/\\\/www.instagram.com\\\/cdealmeria\\\/\",\"https:\\\/\\\/www.linkedin.com\\\/in\\\/cde-almera-812b26a9\\\/\"]},{\"@type\":\"Person\",\"@id\":\"https:\\\/\\\/www.cde.ual.es\\\/#\\\/schema\\\/person\\\/ee46ebc19edfa19598c02cff83335acc\",\"name\":\"BECA 2 CDE\",\"image\":{\"@type\":\"ImageObject\",\"inLanguage\":\"en-US\",\"@id\":\"https:\\\/\\\/secure.gravatar.com\\\/avatar\\\/35a481bbc04bbd90e91bdfa3b0b5541036c222a49b9ad37b6889a2afcb5311a5?s=96&d=mm&r=g\",\"url\":\"https:\\\/\\\/secure.gravatar.com\\\/avatar\\\/35a481bbc04bbd90e91bdfa3b0b5541036c222a49b9ad37b6889a2afcb5311a5?s=96&d=mm&r=g\",\"contentUrl\":\"https:\\\/\\\/secure.gravatar.com\\\/avatar\\\/35a481bbc04bbd90e91bdfa3b0b5541036c222a49b9ad37b6889a2afcb5311a5?s=96&d=mm&r=g\",\"caption\":\"BECA 2 CDE\"},\"sameAs\":[\"http:\\\/\\\/www.cdealmeria.com\"]}]}<\/script>\n<!-- \/ Yoast SEO plugin. -->","yoast_head_json":{"title":"\"Dialogue\" to mark the European Day of Jewish Culture | CDE Almer\u00eda - Centro de Documentaci\u00f3n Europea - Universidad de Almer\u00eda","robots":{"index":"index","follow":"follow","max-snippet":"max-snippet:-1","max-image-preview":"max-image-preview:large","max-video-preview":"max-video-preview:-1"},"canonical":"https:\/\/www.cde.ual.es\/en\/dialogue-to-mark-the-european-day-of-jewish-culture\/","og_locale":"en_US","og_type":"article","og_title":"\"Dialogue\" to mark the European Day of Jewish Culture | CDE Almer\u00eda - Centro de Documentaci\u00f3n Europea - Universidad de Almer\u00eda","og_description":"The European Day of Jewish Culture is celebrated in 30 countries in Europe. The aim of this day is to organise activities related to Jewish culture for the public, with the intention of raising awareness of the cultural and historical heritage of the Jewish people. The activities are coordinated by the European Association for the [&hellip;]","og_url":"https:\/\/www.cde.ual.es\/en\/dialogue-to-mark-the-european-day-of-jewish-culture\/","og_site_name":"CDE Almer\u00eda - Centro de Documentaci\u00f3n Europea - Universidad de Almer\u00eda","article_publisher":"https:\/\/www.facebook.com\/cdeuniversidadalmeria\/","article_published_time":"2021-09-03T01:00:51+00:00","article_modified_time":"2021-09-03T07:55:56+00:00","og_image":[{"width":856,"height":1072,"url":"https:\/\/www.cde.ual.es\/wp-content\/uploads\/2021\/09\/E-C6rDOWEAAdos-.jpg","type":"image\/jpeg"}],"author":"BECA 2 CDE","twitter_card":"summary_large_image","twitter_creator":"@cdeualmeria","twitter_site":"@cdeualmeria","twitter_misc":{"Written by":"BECA 2 CDE","Est. reading time":"3 minutes"},"schema":{"@context":"https:\/\/schema.org","@graph":[{"@type":"Article","@id":"https:\/\/www.cde.ual.es\/en\/dialogue-to-mark-the-european-day-of-jewish-culture\/#article","isPartOf":{"@id":"https:\/\/www.cde.ual.es\/en\/dialogue-to-mark-the-european-day-of-jewish-culture\/"},"author":{"name":"BECA 2 CDE","@id":"https:\/\/www.cde.ual.es\/#\/schema\/person\/ee46ebc19edfa19598c02cff83335acc"},"headline":"&#8220;Dialogue&#8221; to mark the European Day of Jewish Culture","datePublished":"2021-09-03T01:00:51+00:00","dateModified":"2021-09-03T07:55:56+00:00","mainEntityOfPage":{"@id":"https:\/\/www.cde.ual.es\/en\/dialogue-to-mark-the-european-day-of-jewish-culture\/"},"wordCount":635,"commentCount":0,"publisher":{"@id":"https:\/\/www.cde.ual.es\/#organization"},"image":{"@id":"https:\/\/www.cde.ual.es\/en\/dialogue-to-mark-the-european-day-of-jewish-culture\/#primaryimage"},"thumbnailUrl":"https:\/\/www.cde.ual.es\/wp-content\/uploads\/2021\/09\/E-C6rDOWEAAdos-.jpg","keywords":["culture","Jewish Communities","Uni\u00f3n Europea"],"articleSection":["Culture","Education and Culture","EU News"],"inLanguage":"en-US","potentialAction":[{"@type":"CommentAction","name":"Comment","target":["https:\/\/www.cde.ual.es\/en\/dialogue-to-mark-the-european-day-of-jewish-culture\/#respond"]}]},{"@type":"WebPage","@id":"https:\/\/www.cde.ual.es\/en\/dialogue-to-mark-the-european-day-of-jewish-culture\/","url":"https:\/\/www.cde.ual.es\/en\/dialogue-to-mark-the-european-day-of-jewish-culture\/","name":"\"Dialogue\" to mark the European Day of Jewish Culture | CDE Almer\u00eda - Centro de Documentaci\u00f3n Europea - Universidad de Almer\u00eda","isPartOf":{"@id":"https:\/\/www.cde.ual.es\/#website"},"primaryImageOfPage":{"@id":"https:\/\/www.cde.ual.es\/en\/dialogue-to-mark-the-european-day-of-jewish-culture\/#primaryimage"},"image":{"@id":"https:\/\/www.cde.ual.es\/en\/dialogue-to-mark-the-european-day-of-jewish-culture\/#primaryimage"},"thumbnailUrl":"https:\/\/www.cde.ual.es\/wp-content\/uploads\/2021\/09\/E-C6rDOWEAAdos-.jpg","datePublished":"2021-09-03T01:00:51+00:00","dateModified":"2021-09-03T07:55:56+00:00","breadcrumb":{"@id":"https:\/\/www.cde.ual.es\/en\/dialogue-to-mark-the-european-day-of-jewish-culture\/#breadcrumb"},"inLanguage":"en-US","potentialAction":[{"@type":"ReadAction","target":["https:\/\/www.cde.ual.es\/en\/dialogue-to-mark-the-european-day-of-jewish-culture\/"]}]},{"@type":"ImageObject","inLanguage":"en-US","@id":"https:\/\/www.cde.ual.es\/en\/dialogue-to-mark-the-european-day-of-jewish-culture\/#primaryimage","url":"https:\/\/www.cde.ual.es\/wp-content\/uploads\/2021\/09\/E-C6rDOWEAAdos-.jpg","contentUrl":"https:\/\/www.cde.ual.es\/wp-content\/uploads\/2021\/09\/E-C6rDOWEAAdos-.jpg","width":856,"height":1072},{"@type":"BreadcrumbList","@id":"https:\/\/www.cde.ual.es\/en\/dialogue-to-mark-the-european-day-of-jewish-culture\/#breadcrumb","itemListElement":[{"@type":"ListItem","position":1,"name":"Inicio","item":"https:\/\/www.cde.ual.es\/en\/"},{"@type":"ListItem","position":2,"name":"EU News","item":"https:\/\/www.cde.ual.es\/en\/category\/eu-news\/"},{"@type":"ListItem","position":3,"name":"Education and Culture","item":"https:\/\/www.cde.ual.es\/en\/category\/eu-news\/education-culture\/"},{"@type":"ListItem","position":4,"name":"Culture","item":"https:\/\/www.cde.ual.es\/en\/category\/eu-news\/education-culture\/culture\/"},{"@type":"ListItem","position":5,"name":"&#8220;Dialogue&#8221; to mark the European Day of Jewish Culture"}]},{"@type":"WebSite","@id":"https:\/\/www.cde.ual.es\/#website","url":"https:\/\/www.cde.ual.es\/","name":"CDE Almer\u00eda - Centro de Documentaci\u00f3n Europea - Universidad de Almer\u00eda","description":"Centro de Documentaci\u00f3n Europea de la Universidad de Almer\u00eda","publisher":{"@id":"https:\/\/www.cde.ual.es\/#organization"},"alternateName":"CDE Almer\u00eda","potentialAction":[{"@type":"SearchAction","target":{"@type":"EntryPoint","urlTemplate":"https:\/\/www.cde.ual.es\/?s={search_term_string}"},"query-input":{"@type":"PropertyValueSpecification","valueRequired":true,"valueName":"search_term_string"}}],"inLanguage":"en-US"},{"@type":"Organization","@id":"https:\/\/www.cde.ual.es\/#organization","name":"Centro de Documentaci\u00f3n Europea de Almer\u00eda","url":"https:\/\/www.cde.ual.es\/","logo":{"@type":"ImageObject","inLanguage":"en-US","@id":"https:\/\/www.cde.ual.es\/#\/schema\/logo\/image\/","url":"https:\/\/www.cde.ual.es\/wp-content\/uploads\/2025\/07\/cde-logo-3.png","contentUrl":"https:\/\/www.cde.ual.es\/wp-content\/uploads\/2025\/07\/cde-logo-3.png","width":1400,"height":300,"caption":"Centro de Documentaci\u00f3n Europea de Almer\u00eda"},"image":{"@id":"https:\/\/www.cde.ual.es\/#\/schema\/logo\/image\/"},"sameAs":["https:\/\/www.facebook.com\/cdeuniversidadalmeria\/","https:\/\/x.com\/cdeualmeria","https:\/\/www.tiktok.com\/@cdealmeria","https:\/\/www.instagram.com\/cdealmeria\/","https:\/\/www.linkedin.com\/in\/cde-almera-812b26a9\/"]},{"@type":"Person","@id":"https:\/\/www.cde.ual.es\/#\/schema\/person\/ee46ebc19edfa19598c02cff83335acc","name":"BECA 2 CDE","image":{"@type":"ImageObject","inLanguage":"en-US","@id":"https:\/\/secure.gravatar.com\/avatar\/35a481bbc04bbd90e91bdfa3b0b5541036c222a49b9ad37b6889a2afcb5311a5?s=96&d=mm&r=g","url":"https:\/\/secure.gravatar.com\/avatar\/35a481bbc04bbd90e91bdfa3b0b5541036c222a49b9ad37b6889a2afcb5311a5?s=96&d=mm&r=g","contentUrl":"https:\/\/secure.gravatar.com\/avatar\/35a481bbc04bbd90e91bdfa3b0b5541036c222a49b9ad37b6889a2afcb5311a5?s=96&d=mm&r=g","caption":"BECA 2 CDE"},"sameAs":["http:\/\/www.cdealmeria.com"]}]}},"_links":{"self":[{"href":"https:\/\/www.cde.ual.es\/en\/wp-json\/wp\/v2\/posts\/78212","targetHints":{"allow":["GET"]}}],"collection":[{"href":"https:\/\/www.cde.ual.es\/en\/wp-json\/wp\/v2\/posts"}],"about":[{"href":"https:\/\/www.cde.ual.es\/en\/wp-json\/wp\/v2\/types\/post"}],"author":[{"embeddable":true,"href":"https:\/\/www.cde.ual.es\/en\/wp-json\/wp\/v2\/users\/101011"}],"replies":[{"embeddable":true,"href":"https:\/\/www.cde.ual.es\/en\/wp-json\/wp\/v2\/comments?post=78212"}],"version-history":[{"count":0,"href":"https:\/\/www.cde.ual.es\/en\/wp-json\/wp\/v2\/posts\/78212\/revisions"}],"wp:featuredmedia":[{"embeddable":true,"href":"https:\/\/www.cde.ual.es\/en\/wp-json\/wp\/v2\/media\/78270"}],"wp:attachment":[{"href":"https:\/\/www.cde.ual.es\/en\/wp-json\/wp\/v2\/media?parent=78212"}],"wp:term":[{"taxonomy":"category","embeddable":true,"href":"https:\/\/www.cde.ual.es\/en\/wp-json\/wp\/v2\/categories?post=78212"},{"taxonomy":"post_tag","embeddable":true,"href":"https:\/\/www.cde.ual.es\/en\/wp-json\/wp\/v2\/tags?post=78212"}],"curies":[{"name":"wp","href":"https:\/\/api.w.org\/{rel}","templated":true}]}}