{"id":78199,"date":"2021-09-06T03:00:21","date_gmt":"2021-09-06T01:00:21","guid":{"rendered":"https:\/\/www.cde.ual.es\/?p=78199"},"modified":"2021-09-06T11:21:19","modified_gmt":"2021-09-06T09:21:19","slug":"coronavirus-evolution-in-europe-during-august","status":"publish","type":"post","link":"https:\/\/www.cde.ual.es\/en\/coronavirus-evolution-in-europe-during-august\/","title":{"rendered":"Coronavirus evolution in Europe during August"},"content":{"rendered":"<p><strong><a href=\"https:\/\/www.cde.ual.es\/wp-content\/uploads\/2020\/10\/CovidEuropaENG-1.png\"><img decoding=\"async\" class=\"aligncenter wp-image-54777\" src=\"https:\/\/www.cde.ual.es\/wp-content\/uploads\/2020\/10\/CovidEuropaENG-1.png\" alt=\"\" width=\"805\" height=\"421\" srcset=\"https:\/\/www.cde.ual.es\/wp-content\/uploads\/2020\/10\/CovidEuropaENG-1.png 1200w, https:\/\/www.cde.ual.es\/wp-content\/uploads\/2020\/10\/CovidEuropaENG-1-300x157.png 300w, https:\/\/www.cde.ual.es\/wp-content\/uploads\/2020\/10\/CovidEuropaENG-1-1024x535.png 1024w, https:\/\/www.cde.ual.es\/wp-content\/uploads\/2020\/10\/CovidEuropaENG-1-768x401.png 768w\" sizes=\"(max-width: 805px) 100vw, 805px\" \/><\/a><br \/>\n<\/strong><\/p>\n<p>The month of August ended with a total of <strong>65,409,073<\/strong> diagnosed cases of COVID-19, implying a monthly increase of <strong>8.47%<\/strong>. Likewise, the number of COVID-19 deaths amounted to <strong>1,277,013<\/strong>, <strong>4.64%<\/strong> more than in the previous month. The following graph shows the evolution of confirmed cases and deaths from COVD-19 during the month mentioned above:<\/p>\n<div class=\"flourish-embed flourish-chart\" data-src=\"visualisation\/7163097\"><script src=\"https:\/\/public.flourish.studio\/resources\/embed.js\"><\/script><\/div>\n<div class=\"flourish-embed flourish-chart\" data-src=\"visualisation\/7163097\"><\/div>\n<p style=\"text-align: left;\">The European countries with the most diagnosed cases and deaths are shown in the table below (data as of August 31, 2021):<\/p>\n<table class=\" aligncenter\" width=\"416\">\n<tbody>\n<tr>\n<td width=\"186\">Countries and Territories<\/td>\n<td width=\"147\">Total confirmed cases<\/td>\n<td width=\"83\">Total deaths<\/td>\n<\/tr>\n<tr>\n<td>France<\/td>\n<td width=\"147\">6.868.059<\/td>\n<td width=\"83\">126.335<\/td>\n<\/tr>\n<tr>\n<td>UK<\/td>\n<td>6.856.933<\/td>\n<td>133.066<\/td>\n<\/tr>\n<tr>\n<td>Russia<\/td>\n<td width=\"147\">6.838.652<\/td>\n<td width=\"83\">180.781<\/td>\n<\/tr>\n<tr>\n<td>Turkey<\/td>\n<td width=\"147\">6.412.247<\/td>\n<td width=\"83\">57.000<\/td>\n<\/tr>\n<tr>\n<td>Spain<\/td>\n<td width=\"147\">4.861.883<\/td>\n<td width=\"83\">84.472<\/td>\n<\/tr>\n<\/tbody>\n<\/table>\n<p>&nbsp;<\/p>\n<p>France has been the country with the most COVID-19 diagnosed cases to date, with a total of <strong>6,834,858 (an increase of 10.06% over the previous month)<\/strong>. Data for the United Kingdom, Spain, Italy and Germany, the countries with the most significant numbers of confirmed cases, are presented below:<\/p>\n<div class=\"flourish-embed flourish-chart\" data-src=\"visualisation\/7163116\"><script src=\"https:\/\/public.flourish.studio\/resources\/embed.js\"><\/script><\/div>\n<p>&nbsp;<\/p>\n<p>On the other hand, the United Kingdom was the country with the highest number of deaths due to COVID-19, with a total of 132,859 (an increase of 2.29% over the previous month). The countries that ended August with the highest number of deaths are shown below:<\/p>\n<div class=\"flourish-embed flourish-chart\" data-src=\"visualisation\/7163107\"><script src=\"https:\/\/public.flourish.studio\/resources\/embed.js\"><\/script><\/div>\n<p>&nbsp;<\/p>\n<p style=\"text-align: left;\">With regard to larger percentage increases in cases diagnosed by COVID-19, the following countries are noteworthy:<\/p>\n<table class=\" aligncenter\" style=\"border-collapse: collapse; width: 120pt;\" border=\"0\" width=\"160\" cellspacing=\"0\" cellpadding=\"0\">\n<tbody>\n<tr style=\"height: 15.0pt;\">\n<td style=\"height: 15.0pt; width: 60pt;\" width=\"80\" height=\"20\">Pa\u00edses<\/td>\n<td style=\"width: 60pt;\" width=\"80\">Incremento<\/td>\n<\/tr>\n<tr style=\"height: 15.0pt;\">\n<td style=\"height: 15.0pt;\" height=\"20\">Iceland<\/td>\n<td align=\"right\">34%<\/td>\n<\/tr>\n<tr style=\"height: 15.0pt;\">\n<td style=\"height: 15.0pt;\" height=\"20\">Kosovo<\/td>\n<td align=\"right\">33,67%<\/td>\n<\/tr>\n<tr style=\"height: 15.0pt;\">\n<td style=\"height: 15.0pt;\" height=\"20\">Kazakhstan<\/td>\n<td align=\"right\">33,02%<\/td>\n<\/tr>\n<tr style=\"height: 15.0pt;\">\n<td style=\"height: 15.0pt;\" height=\"20\">Georgia<\/td>\n<td align=\"right\">30,23%<\/td>\n<\/tr>\n<tr style=\"height: 15.0pt;\">\n<td style=\"height: 15.0pt;\" height=\"20\">Azerbaijan<\/td>\n<td align=\"right\">23,33%<\/td>\n<\/tr>\n<\/tbody>\n<\/table>\n<p>&nbsp;<\/p>\n<p style=\"text-align: left;\">Likewise, the countries with the greatest percentage increase in COVID-19 deaths have been:<\/p>\n<table class=\" aligncenter\" style=\"border-collapse: collapse; width: 120pt;\" border=\"0\" width=\"160\" cellspacing=\"0\" cellpadding=\"0\">\n<tbody>\n<tr style=\"height: 15.0pt;\">\n<td style=\"height: 15.0pt; width: 60pt;\" width=\"80\" height=\"20\">Pa\u00edses<\/td>\n<td style=\"width: 60pt;\" width=\"80\">Incremento<\/td>\n<\/tr>\n<tr style=\"height: 15.0pt;\">\n<td style=\"height: 15.0pt;\" height=\"20\">Liechtenstein<\/td>\n<td align=\"right\">52,54%<\/td>\n<\/tr>\n<tr style=\"height: 15.0pt;\">\n<td style=\"height: 15.0pt;\" height=\"20\">Kazakhstan<\/td>\n<td align=\"right\">39,42%<\/td>\n<\/tr>\n<tr style=\"height: 15.0pt;\">\n<td style=\"height: 15.0pt;\" height=\"20\">Georgia<\/td>\n<td align=\"right\">26,57%<\/td>\n<\/tr>\n<tr style=\"height: 15.0pt;\">\n<td style=\"height: 15.0pt;\" height=\"20\">Uzbekistan<\/td>\n<td align=\"right\">22,96%<\/td>\n<\/tr>\n<tr style=\"height: 15.0pt;\">\n<td style=\"height: 15.0pt;\" height=\"20\">Cyprus<\/td>\n<td align=\"right\">19,19%<\/td>\n<\/tr>\n<\/tbody>\n<\/table>\n<p>&nbsp;<\/p>\n<p><strong>Next table shows european countries with reported laboratory-confirmed COVID-19 cases and deaths. Data as of 2nd September <\/strong><strong>2021 &#8211; 7:22 a.m. CET<\/strong><\/p>\n<p>[table id=2 \/]<\/p>\n<h3><span style=\"font-size: 16px;\">Source<\/span><\/h3>\n<h3><span style=\"font-size: 16px;\"><strong><a href=\"https:\/\/coronavirus.jhu.edu\/map.html\" target=\"_blank\" rel=\"noopener\">Johns Hopkins University<\/a><\/strong><\/span><\/h3>\n<h3>More information<\/h3>\n<p><strong>Vaccination situation in Europe:<\/strong><\/p>\n<blockquote class=\"wp-embedded-content\" data-secret=\"TqtXKqKJD8\"><p><a href=\"https:\/\/www.cde.ual.es\/en\/covid-19-evolution-in-europe\/\">Evoluci\u00f3n COVID-19 en Europa<\/a><\/p><\/blockquote>\n<p><iframe class=\"wp-embedded-content\" sandbox=\"allow-scripts\" security=\"restricted\" style=\"position: absolute; visibility: hidden;\" title=\"&#8220;Evoluci\u00f3n COVID-19 en Europa&#8221; &#8212; CDE Almer\u00eda - Centro de Documentaci\u00f3n Europea - Universidad de Almer\u00eda\" src=\"https:\/\/www.cde.ual.es\/en\/covid-19-evolution-in-europe\/embed\/#?secret=yZegRDlT3f#?secret=TqtXKqKJD8\" data-secret=\"TqtXKqKJD8\" width=\"500\" height=\"282\" frameborder=\"0\" marginwidth=\"0\" marginheight=\"0\" scrolling=\"no\"><\/iframe><\/p>\n<p><strong>These are the measures taken by Spain, France, the United Kingdom, Belgium, Germany and Italy:<\/strong><\/p>\n<blockquote class=\"wp-embedded-content\" data-secret=\"tuMZz5mx52\"><p><a href=\"https:\/\/www.cde.ual.es\/en\/european-agenda-confinement-covid-19\/\">EUROPEAN AGENDA: Confinement COVID-19<\/a><\/p><\/blockquote>\n<p><iframe class=\"wp-embedded-content\" sandbox=\"allow-scripts\" security=\"restricted\" style=\"position: absolute; visibility: hidden;\" title=\"&#8220;EUROPEAN AGENDA: Confinement COVID-19&#8221; &#8212; CDE Almer\u00eda - Centro de Documentaci\u00f3n Europea - Universidad de Almer\u00eda\" src=\"https:\/\/www.cde.ual.es\/en\/european-agenda-confinement-covid-19\/embed\/#?secret=jmZIv23OVj#?secret=tuMZz5mx52\" data-secret=\"tuMZz5mx52\" width=\"500\" height=\"282\" frameborder=\"0\" marginwidth=\"0\" marginheight=\"0\" scrolling=\"no\"><\/iframe><\/p>\n<h3><span style=\"font-size: 16px;\"><a href=\"https:\/\/www.cde.ual.es\/en\/coronavirus-present-situation\/\">Coronavirus Present Situation<\/a><\/span><\/h3>\n","protected":false},"excerpt":{"rendered":"<p>The month of August ended with a total of 65,409,073 diagnosed cases of COVID-19, implying a monthly increase of 8.47%. Likewise, the number of COVID-19 deaths amounted to 1,277,013, 4.64% more than in the previous month. The following graph shows the evolution of confirmed cases and deaths from COVD-19 during the month mentioned above: The [&hellip;]<\/p>\n","protected":false},"author":101011,"featured_media":54777,"comment_status":"open","ping_status":"open","sticky":false,"template":"","format":"standard","meta":{"_acf_changed":false,"_relevanssi_hide_post":"","_relevanssi_hide_content":"","_relevanssi_pin_for_all":"","_relevanssi_pin_keywords":"","_relevanssi_unpin_keywords":"","_relevanssi_related_keywords":"","_relevanssi_related_include_ids":"","_relevanssi_related_exclude_ids":"","_relevanssi_related_no_append":"","_relevanssi_related_not_related":"","_relevanssi_related_posts":"","_relevanssi_noindex_reason":"","_monsterinsights_skip_tracking":false,"_monsterinsights_sitenote_active":false,"_monsterinsights_sitenote_note":"","_monsterinsights_sitenote_category":0,"_genesis_hide_title":false,"_genesis_hide_breadcrumbs":false,"_genesis_hide_singular_image":false,"_genesis_hide_footer_widgets":false,"_genesis_custom_body_class":"","_genesis_custom_post_class":"","_genesis_layout":"","footnotes":""},"categories":[346],"tags":[1322,1352,1217],"class_list":{"0":"post-78199","1":"post","2":"type-post","3":"status-publish","4":"format-standard","5":"has-post-thumbnail","7":"category-eu-news","8":"tag-coronavirus-en","9":"tag-covid-19","10":"tag-europe","11":"entry"},"acf":[],"yoast_head":"<!-- This site is optimized with the Yoast SEO plugin v27.5 - https:\/\/yoast.com\/product\/yoast-seo-wordpress\/ -->\n<title>Coronavirus evolution in Europe during August | CDE Almer\u00eda - Centro de Documentaci\u00f3n Europea - Universidad de Almer\u00eda<\/title>\n<meta name=\"robots\" content=\"index, follow, max-snippet:-1, max-image-preview:large, max-video-preview:-1\" \/>\n<link rel=\"canonical\" href=\"https:\/\/www.cde.ual.es\/en\/coronavirus-evolution-in-europe-during-august\/\" \/>\n<meta property=\"og:locale\" content=\"en_US\" \/>\n<meta property=\"og:type\" content=\"article\" \/>\n<meta property=\"og:title\" content=\"Coronavirus evolution in Europe during August | CDE Almer\u00eda - Centro de Documentaci\u00f3n Europea - Universidad de Almer\u00eda\" \/>\n<meta property=\"og:description\" content=\"The month of August ended with a total of 65,409,073 diagnosed cases of COVID-19, implying a monthly increase of 8.47%. Likewise, the number of COVID-19 deaths amounted to 1,277,013, 4.64% more than in the previous month. The following graph shows the evolution of confirmed cases and deaths from COVD-19 during the month mentioned above: The [&hellip;]\" \/>\n<meta property=\"og:url\" content=\"https:\/\/www.cde.ual.es\/en\/coronavirus-evolution-in-europe-during-august\/\" \/>\n<meta property=\"og:site_name\" content=\"CDE Almer\u00eda - Centro de Documentaci\u00f3n Europea - Universidad de Almer\u00eda\" \/>\n<meta property=\"article:publisher\" content=\"https:\/\/www.facebook.com\/cdeuniversidadalmeria\/\" \/>\n<meta property=\"article:published_time\" content=\"2021-09-06T01:00:21+00:00\" \/>\n<meta property=\"article:modified_time\" content=\"2021-09-06T09:21:19+00:00\" \/>\n<meta property=\"og:image\" content=\"https:\/\/www.cde.ual.es\/wp-content\/uploads\/2020\/10\/CovidEuropaENG-1.png\" \/>\n\t<meta property=\"og:image:width\" content=\"1200\" \/>\n\t<meta property=\"og:image:height\" content=\"627\" \/>\n\t<meta property=\"og:image:type\" content=\"image\/png\" \/>\n<meta name=\"author\" content=\"BECA 2 CDE\" \/>\n<meta name=\"twitter:card\" content=\"summary_large_image\" \/>\n<meta name=\"twitter:creator\" content=\"@cdeualmeria\" \/>\n<meta name=\"twitter:site\" content=\"@cdeualmeria\" \/>\n<meta name=\"twitter:label1\" content=\"Written by\" \/>\n\t<meta name=\"twitter:data1\" content=\"BECA 2 CDE\" \/>\n\t<meta name=\"twitter:label2\" content=\"Est. reading time\" \/>\n\t<meta name=\"twitter:data2\" content=\"1 minute\" \/>\n<script type=\"application\/ld+json\" class=\"yoast-schema-graph\">{\"@context\":\"https:\\\/\\\/schema.org\",\"@graph\":[{\"@type\":\"Article\",\"@id\":\"https:\\\/\\\/www.cde.ual.es\\\/en\\\/coronavirus-evolution-in-europe-during-august\\\/#article\",\"isPartOf\":{\"@id\":\"https:\\\/\\\/www.cde.ual.es\\\/en\\\/coronavirus-evolution-in-europe-during-august\\\/\"},\"author\":{\"name\":\"BECA 2 CDE\",\"@id\":\"https:\\\/\\\/www.cde.ual.es\\\/#\\\/schema\\\/person\\\/ee46ebc19edfa19598c02cff83335acc\"},\"headline\":\"Coronavirus evolution in Europe during August\",\"datePublished\":\"2021-09-06T01:00:21+00:00\",\"dateModified\":\"2021-09-06T09:21:19+00:00\",\"mainEntityOfPage\":{\"@id\":\"https:\\\/\\\/www.cde.ual.es\\\/en\\\/coronavirus-evolution-in-europe-during-august\\\/\"},\"wordCount\":295,\"commentCount\":0,\"publisher\":{\"@id\":\"https:\\\/\\\/www.cde.ual.es\\\/#organization\"},\"image\":{\"@id\":\"https:\\\/\\\/www.cde.ual.es\\\/en\\\/coronavirus-evolution-in-europe-during-august\\\/#primaryimage\"},\"thumbnailUrl\":\"https:\\\/\\\/www.cde.ual.es\\\/wp-content\\\/uploads\\\/2020\\\/10\\\/CovidEuropaENG-1.png\",\"keywords\":[\"Coronavirus\",\"covid-19\",\"Europe\"],\"articleSection\":[\"EU News\"],\"inLanguage\":\"en-US\",\"potentialAction\":[{\"@type\":\"CommentAction\",\"name\":\"Comment\",\"target\":[\"https:\\\/\\\/www.cde.ual.es\\\/en\\\/coronavirus-evolution-in-europe-during-august\\\/#respond\"]}]},{\"@type\":\"WebPage\",\"@id\":\"https:\\\/\\\/www.cde.ual.es\\\/en\\\/coronavirus-evolution-in-europe-during-august\\\/\",\"url\":\"https:\\\/\\\/www.cde.ual.es\\\/en\\\/coronavirus-evolution-in-europe-during-august\\\/\",\"name\":\"Coronavirus evolution in Europe during August | CDE Almer\u00eda - Centro de Documentaci\u00f3n Europea - Universidad de Almer\u00eda\",\"isPartOf\":{\"@id\":\"https:\\\/\\\/www.cde.ual.es\\\/#website\"},\"primaryImageOfPage\":{\"@id\":\"https:\\\/\\\/www.cde.ual.es\\\/en\\\/coronavirus-evolution-in-europe-during-august\\\/#primaryimage\"},\"image\":{\"@id\":\"https:\\\/\\\/www.cde.ual.es\\\/en\\\/coronavirus-evolution-in-europe-during-august\\\/#primaryimage\"},\"thumbnailUrl\":\"https:\\\/\\\/www.cde.ual.es\\\/wp-content\\\/uploads\\\/2020\\\/10\\\/CovidEuropaENG-1.png\",\"datePublished\":\"2021-09-06T01:00:21+00:00\",\"dateModified\":\"2021-09-06T09:21:19+00:00\",\"breadcrumb\":{\"@id\":\"https:\\\/\\\/www.cde.ual.es\\\/en\\\/coronavirus-evolution-in-europe-during-august\\\/#breadcrumb\"},\"inLanguage\":\"en-US\",\"potentialAction\":[{\"@type\":\"ReadAction\",\"target\":[\"https:\\\/\\\/www.cde.ual.es\\\/en\\\/coronavirus-evolution-in-europe-during-august\\\/\"]}]},{\"@type\":\"ImageObject\",\"inLanguage\":\"en-US\",\"@id\":\"https:\\\/\\\/www.cde.ual.es\\\/en\\\/coronavirus-evolution-in-europe-during-august\\\/#primaryimage\",\"url\":\"https:\\\/\\\/www.cde.ual.es\\\/wp-content\\\/uploads\\\/2020\\\/10\\\/CovidEuropaENG-1.png\",\"contentUrl\":\"https:\\\/\\\/www.cde.ual.es\\\/wp-content\\\/uploads\\\/2020\\\/10\\\/CovidEuropaENG-1.png\",\"width\":1200,\"height\":627},{\"@type\":\"BreadcrumbList\",\"@id\":\"https:\\\/\\\/www.cde.ual.es\\\/en\\\/coronavirus-evolution-in-europe-during-august\\\/#breadcrumb\",\"itemListElement\":[{\"@type\":\"ListItem\",\"position\":1,\"name\":\"Inicio\",\"item\":\"https:\\\/\\\/www.cde.ual.es\\\/en\\\/\"},{\"@type\":\"ListItem\",\"position\":2,\"name\":\"EU News\",\"item\":\"https:\\\/\\\/www.cde.ual.es\\\/en\\\/category\\\/eu-news\\\/\"},{\"@type\":\"ListItem\",\"position\":3,\"name\":\"Coronavirus evolution in Europe during August\"}]},{\"@type\":\"WebSite\",\"@id\":\"https:\\\/\\\/www.cde.ual.es\\\/#website\",\"url\":\"https:\\\/\\\/www.cde.ual.es\\\/\",\"name\":\"CDE Almer\u00eda - Centro de Documentaci\u00f3n Europea - Universidad de Almer\u00eda\",\"description\":\"Centro de Documentaci\u00f3n Europea de la Universidad de Almer\u00eda\",\"publisher\":{\"@id\":\"https:\\\/\\\/www.cde.ual.es\\\/#organization\"},\"alternateName\":\"CDE Almer\u00eda\",\"potentialAction\":[{\"@type\":\"SearchAction\",\"target\":{\"@type\":\"EntryPoint\",\"urlTemplate\":\"https:\\\/\\\/www.cde.ual.es\\\/?s={search_term_string}\"},\"query-input\":{\"@type\":\"PropertyValueSpecification\",\"valueRequired\":true,\"valueName\":\"search_term_string\"}}],\"inLanguage\":\"en-US\"},{\"@type\":\"Organization\",\"@id\":\"https:\\\/\\\/www.cde.ual.es\\\/#organization\",\"name\":\"Centro de Documentaci\u00f3n Europea de Almer\u00eda\",\"url\":\"https:\\\/\\\/www.cde.ual.es\\\/\",\"logo\":{\"@type\":\"ImageObject\",\"inLanguage\":\"en-US\",\"@id\":\"https:\\\/\\\/www.cde.ual.es\\\/#\\\/schema\\\/logo\\\/image\\\/\",\"url\":\"https:\\\/\\\/www.cde.ual.es\\\/wp-content\\\/uploads\\\/2025\\\/07\\\/cde-logo-3.png\",\"contentUrl\":\"https:\\\/\\\/www.cde.ual.es\\\/wp-content\\\/uploads\\\/2025\\\/07\\\/cde-logo-3.png\",\"width\":1400,\"height\":300,\"caption\":\"Centro de Documentaci\u00f3n Europea de Almer\u00eda\"},\"image\":{\"@id\":\"https:\\\/\\\/www.cde.ual.es\\\/#\\\/schema\\\/logo\\\/image\\\/\"},\"sameAs\":[\"https:\\\/\\\/www.facebook.com\\\/cdeuniversidadalmeria\\\/\",\"https:\\\/\\\/x.com\\\/cdeualmeria\",\"https:\\\/\\\/www.tiktok.com\\\/@cdealmeria\",\"https:\\\/\\\/www.instagram.com\\\/cdealmeria\\\/\",\"https:\\\/\\\/www.linkedin.com\\\/in\\\/cde-almera-812b26a9\\\/\"]},{\"@type\":\"Person\",\"@id\":\"https:\\\/\\\/www.cde.ual.es\\\/#\\\/schema\\\/person\\\/ee46ebc19edfa19598c02cff83335acc\",\"name\":\"BECA 2 CDE\",\"image\":{\"@type\":\"ImageObject\",\"inLanguage\":\"en-US\",\"@id\":\"https:\\\/\\\/secure.gravatar.com\\\/avatar\\\/35a481bbc04bbd90e91bdfa3b0b5541036c222a49b9ad37b6889a2afcb5311a5?s=96&d=mm&r=g\",\"url\":\"https:\\\/\\\/secure.gravatar.com\\\/avatar\\\/35a481bbc04bbd90e91bdfa3b0b5541036c222a49b9ad37b6889a2afcb5311a5?s=96&d=mm&r=g\",\"contentUrl\":\"https:\\\/\\\/secure.gravatar.com\\\/avatar\\\/35a481bbc04bbd90e91bdfa3b0b5541036c222a49b9ad37b6889a2afcb5311a5?s=96&d=mm&r=g\",\"caption\":\"BECA 2 CDE\"},\"sameAs\":[\"http:\\\/\\\/www.cdealmeria.com\"]}]}<\/script>\n<!-- \/ Yoast SEO plugin. -->","yoast_head_json":{"title":"Coronavirus evolution in Europe during August | CDE Almer\u00eda - Centro de Documentaci\u00f3n Europea - Universidad de Almer\u00eda","robots":{"index":"index","follow":"follow","max-snippet":"max-snippet:-1","max-image-preview":"max-image-preview:large","max-video-preview":"max-video-preview:-1"},"canonical":"https:\/\/www.cde.ual.es\/en\/coronavirus-evolution-in-europe-during-august\/","og_locale":"en_US","og_type":"article","og_title":"Coronavirus evolution in Europe during August | CDE Almer\u00eda - Centro de Documentaci\u00f3n Europea - Universidad de Almer\u00eda","og_description":"The month of August ended with a total of 65,409,073 diagnosed cases of COVID-19, implying a monthly increase of 8.47%. Likewise, the number of COVID-19 deaths amounted to 1,277,013, 4.64% more than in the previous month. The following graph shows the evolution of confirmed cases and deaths from COVD-19 during the month mentioned above: The [&hellip;]","og_url":"https:\/\/www.cde.ual.es\/en\/coronavirus-evolution-in-europe-during-august\/","og_site_name":"CDE Almer\u00eda - Centro de Documentaci\u00f3n Europea - Universidad de Almer\u00eda","article_publisher":"https:\/\/www.facebook.com\/cdeuniversidadalmeria\/","article_published_time":"2021-09-06T01:00:21+00:00","article_modified_time":"2021-09-06T09:21:19+00:00","og_image":[{"width":1200,"height":627,"url":"https:\/\/www.cde.ual.es\/wp-content\/uploads\/2020\/10\/CovidEuropaENG-1.png","type":"image\/png"}],"author":"BECA 2 CDE","twitter_card":"summary_large_image","twitter_creator":"@cdeualmeria","twitter_site":"@cdeualmeria","twitter_misc":{"Written by":"BECA 2 CDE","Est. reading time":"1 minute"},"schema":{"@context":"https:\/\/schema.org","@graph":[{"@type":"Article","@id":"https:\/\/www.cde.ual.es\/en\/coronavirus-evolution-in-europe-during-august\/#article","isPartOf":{"@id":"https:\/\/www.cde.ual.es\/en\/coronavirus-evolution-in-europe-during-august\/"},"author":{"name":"BECA 2 CDE","@id":"https:\/\/www.cde.ual.es\/#\/schema\/person\/ee46ebc19edfa19598c02cff83335acc"},"headline":"Coronavirus evolution in Europe during August","datePublished":"2021-09-06T01:00:21+00:00","dateModified":"2021-09-06T09:21:19+00:00","mainEntityOfPage":{"@id":"https:\/\/www.cde.ual.es\/en\/coronavirus-evolution-in-europe-during-august\/"},"wordCount":295,"commentCount":0,"publisher":{"@id":"https:\/\/www.cde.ual.es\/#organization"},"image":{"@id":"https:\/\/www.cde.ual.es\/en\/coronavirus-evolution-in-europe-during-august\/#primaryimage"},"thumbnailUrl":"https:\/\/www.cde.ual.es\/wp-content\/uploads\/2020\/10\/CovidEuropaENG-1.png","keywords":["Coronavirus","covid-19","Europe"],"articleSection":["EU News"],"inLanguage":"en-US","potentialAction":[{"@type":"CommentAction","name":"Comment","target":["https:\/\/www.cde.ual.es\/en\/coronavirus-evolution-in-europe-during-august\/#respond"]}]},{"@type":"WebPage","@id":"https:\/\/www.cde.ual.es\/en\/coronavirus-evolution-in-europe-during-august\/","url":"https:\/\/www.cde.ual.es\/en\/coronavirus-evolution-in-europe-during-august\/","name":"Coronavirus evolution in Europe during August | CDE Almer\u00eda - Centro de Documentaci\u00f3n Europea - Universidad de Almer\u00eda","isPartOf":{"@id":"https:\/\/www.cde.ual.es\/#website"},"primaryImageOfPage":{"@id":"https:\/\/www.cde.ual.es\/en\/coronavirus-evolution-in-europe-during-august\/#primaryimage"},"image":{"@id":"https:\/\/www.cde.ual.es\/en\/coronavirus-evolution-in-europe-during-august\/#primaryimage"},"thumbnailUrl":"https:\/\/www.cde.ual.es\/wp-content\/uploads\/2020\/10\/CovidEuropaENG-1.png","datePublished":"2021-09-06T01:00:21+00:00","dateModified":"2021-09-06T09:21:19+00:00","breadcrumb":{"@id":"https:\/\/www.cde.ual.es\/en\/coronavirus-evolution-in-europe-during-august\/#breadcrumb"},"inLanguage":"en-US","potentialAction":[{"@type":"ReadAction","target":["https:\/\/www.cde.ual.es\/en\/coronavirus-evolution-in-europe-during-august\/"]}]},{"@type":"ImageObject","inLanguage":"en-US","@id":"https:\/\/www.cde.ual.es\/en\/coronavirus-evolution-in-europe-during-august\/#primaryimage","url":"https:\/\/www.cde.ual.es\/wp-content\/uploads\/2020\/10\/CovidEuropaENG-1.png","contentUrl":"https:\/\/www.cde.ual.es\/wp-content\/uploads\/2020\/10\/CovidEuropaENG-1.png","width":1200,"height":627},{"@type":"BreadcrumbList","@id":"https:\/\/www.cde.ual.es\/en\/coronavirus-evolution-in-europe-during-august\/#breadcrumb","itemListElement":[{"@type":"ListItem","position":1,"name":"Inicio","item":"https:\/\/www.cde.ual.es\/en\/"},{"@type":"ListItem","position":2,"name":"EU News","item":"https:\/\/www.cde.ual.es\/en\/category\/eu-news\/"},{"@type":"ListItem","position":3,"name":"Coronavirus evolution in Europe during August"}]},{"@type":"WebSite","@id":"https:\/\/www.cde.ual.es\/#website","url":"https:\/\/www.cde.ual.es\/","name":"CDE Almer\u00eda - Centro de Documentaci\u00f3n Europea - Universidad de Almer\u00eda","description":"Centro de Documentaci\u00f3n Europea de la Universidad de Almer\u00eda","publisher":{"@id":"https:\/\/www.cde.ual.es\/#organization"},"alternateName":"CDE Almer\u00eda","potentialAction":[{"@type":"SearchAction","target":{"@type":"EntryPoint","urlTemplate":"https:\/\/www.cde.ual.es\/?s={search_term_string}"},"query-input":{"@type":"PropertyValueSpecification","valueRequired":true,"valueName":"search_term_string"}}],"inLanguage":"en-US"},{"@type":"Organization","@id":"https:\/\/www.cde.ual.es\/#organization","name":"Centro de Documentaci\u00f3n Europea de Almer\u00eda","url":"https:\/\/www.cde.ual.es\/","logo":{"@type":"ImageObject","inLanguage":"en-US","@id":"https:\/\/www.cde.ual.es\/#\/schema\/logo\/image\/","url":"https:\/\/www.cde.ual.es\/wp-content\/uploads\/2025\/07\/cde-logo-3.png","contentUrl":"https:\/\/www.cde.ual.es\/wp-content\/uploads\/2025\/07\/cde-logo-3.png","width":1400,"height":300,"caption":"Centro de Documentaci\u00f3n Europea de Almer\u00eda"},"image":{"@id":"https:\/\/www.cde.ual.es\/#\/schema\/logo\/image\/"},"sameAs":["https:\/\/www.facebook.com\/cdeuniversidadalmeria\/","https:\/\/x.com\/cdeualmeria","https:\/\/www.tiktok.com\/@cdealmeria","https:\/\/www.instagram.com\/cdealmeria\/","https:\/\/www.linkedin.com\/in\/cde-almera-812b26a9\/"]},{"@type":"Person","@id":"https:\/\/www.cde.ual.es\/#\/schema\/person\/ee46ebc19edfa19598c02cff83335acc","name":"BECA 2 CDE","image":{"@type":"ImageObject","inLanguage":"en-US","@id":"https:\/\/secure.gravatar.com\/avatar\/35a481bbc04bbd90e91bdfa3b0b5541036c222a49b9ad37b6889a2afcb5311a5?s=96&d=mm&r=g","url":"https:\/\/secure.gravatar.com\/avatar\/35a481bbc04bbd90e91bdfa3b0b5541036c222a49b9ad37b6889a2afcb5311a5?s=96&d=mm&r=g","contentUrl":"https:\/\/secure.gravatar.com\/avatar\/35a481bbc04bbd90e91bdfa3b0b5541036c222a49b9ad37b6889a2afcb5311a5?s=96&d=mm&r=g","caption":"BECA 2 CDE"},"sameAs":["http:\/\/www.cdealmeria.com"]}]}},"_links":{"self":[{"href":"https:\/\/www.cde.ual.es\/en\/wp-json\/wp\/v2\/posts\/78199","targetHints":{"allow":["GET"]}}],"collection":[{"href":"https:\/\/www.cde.ual.es\/en\/wp-json\/wp\/v2\/posts"}],"about":[{"href":"https:\/\/www.cde.ual.es\/en\/wp-json\/wp\/v2\/types\/post"}],"author":[{"embeddable":true,"href":"https:\/\/www.cde.ual.es\/en\/wp-json\/wp\/v2\/users\/101011"}],"replies":[{"embeddable":true,"href":"https:\/\/www.cde.ual.es\/en\/wp-json\/wp\/v2\/comments?post=78199"}],"version-history":[{"count":0,"href":"https:\/\/www.cde.ual.es\/en\/wp-json\/wp\/v2\/posts\/78199\/revisions"}],"wp:featuredmedia":[{"embeddable":true,"href":"https:\/\/www.cde.ual.es\/en\/wp-json\/wp\/v2\/media\/54777"}],"wp:attachment":[{"href":"https:\/\/www.cde.ual.es\/en\/wp-json\/wp\/v2\/media?parent=78199"}],"wp:term":[{"taxonomy":"category","embeddable":true,"href":"https:\/\/www.cde.ual.es\/en\/wp-json\/wp\/v2\/categories?post=78199"},{"taxonomy":"post_tag","embeddable":true,"href":"https:\/\/www.cde.ual.es\/en\/wp-json\/wp\/v2\/tags?post=78199"}],"curies":[{"name":"wp","href":"https:\/\/api.w.org\/{rel}","templated":true}]}}