{"id":7800,"date":"2018-09-01T18:38:22","date_gmt":"2018-09-01T16:38:22","guid":{"rendered":"http:\/\/www.cde.ual.es\/?p=7800"},"modified":"2018-09-04T10:20:03","modified_gmt":"2018-09-04T08:20:03","slug":"resultados-preeliminares-de-la-consulta-sobre-el-cambio-de-hora-en-europa","status":"publish","type":"post","link":"https:\/\/www.cde.ual.es\/en\/resultados-preeliminares-de-la-consulta-sobre-el-cambio-de-hora-en-europa\/","title":{"rendered":"Resultados preeliminares de la consulta sobre el cambio de hora en Europa"},"content":{"rendered":"<h4 style=\"text-align: center;\"><a href=\"http:\/\/www.cde.ual.es\/wp-content\/uploads\/2018\/09\/1535619026_263003_1535627846_noticia_normal_recorte1.jpg\"><img decoding=\"async\" class=\"alignnone size-medium wp-image-7801\" src=\"http:\/\/www.cde.ual.es\/wp-content\/uploads\/2018\/09\/1535619026_263003_1535627846_noticia_normal_recorte1-300x200.jpg\" alt=\"\" width=\"300\" height=\"200\" srcset=\"https:\/\/www.cde.ual.es\/wp-content\/uploads\/2018\/09\/1535619026_263003_1535627846_noticia_normal_recorte1-300x200.jpg 300w, https:\/\/www.cde.ual.es\/wp-content\/uploads\/2018\/09\/1535619026_263003_1535627846_noticia_normal_recorte1-768x511.jpg 768w, https:\/\/www.cde.ual.es\/wp-content\/uploads\/2018\/09\/1535619026_263003_1535627846_noticia_normal_recorte1-1024x682.jpg 1024w, https:\/\/www.cde.ual.es\/wp-content\/uploads\/2018\/09\/1535619026_263003_1535627846_noticia_normal_recorte1.jpg 1960w\" sizes=\"(max-width: 300px) 100vw, 300px\" \/><\/a><\/h4>\n<h4 style=\"text-align: center;\">La Comisi\u00f3n Europea ha publicado hoy los resultados preliminares de la consulta p\u00fablica sobre el cambio de hora en Europa. El 84\u00a0% quiere que Europa deje de cambiar la hora.<\/h4>\n<p>Esta consulta en l\u00ednea, que tuvo lugar entre el 4 de julio y el 16 de agosto de 2018, recibi\u00f3 4,6\u00a0millones de respuestas de los 28 Estados miembros. Supuso un r\u00e9cord de respuestas de consultas p\u00fablicas de la Comisi\u00f3n. Seg\u00fan los resultados preliminares (v\u00e9ase el anexo), el 84\u00a0% de los encuestados es partidario de acabar con el cambio de hora dos veces al a\u00f1o.<\/p>\n<p>Asimismo, os resultados preliminares revelan que el 76% de los encuestados consideran que cambiar la hora dos veces al a\u00f1o es una experiencia \u00abmuy negativa\u00bb o \u00abnegativa\u00bb. Los encuestados aludieron a los efectos negativos en la salud, el aumento de los accidentes de tr\u00e1fico o la ausencia de ahorro energ\u00e9tico como motivos para acabar con esta pr\u00e1ctica.<\/p>\n<h5>Pr\u00f3ximos pasos<\/h5>\n<p>Los resultados finales de la consulta p\u00fablica se publicar\u00e1n en las pr\u00f3ximas semanas. La Comisi\u00f3n va a presentar ahora una propuesta al Parlamento Europeo y al Consejo para cambiar las disposiciones vigentes en materia de cambio de hora.<\/p>\n<p>M\u00e1s informaci\u00f3n<\/p>\n<p>Accede a la noticia completa y a los resultado de la consulta por pa\u00eds <a href=\"http:\/\/europa.eu\/rapid\/press-release_IP-18-5302_es.htm\">aqu\u00ed<\/a><\/p>\n","protected":false},"excerpt":{"rendered":"<p>La Comisi\u00f3n Europea ha publicado hoy los resultados preliminares de la consulta p\u00fablica sobre el cambio de hora en Europa. El 84\u00a0% quiere que Europa deje de cambiar la hora. Esta consulta en l\u00ednea, que tuvo lugar entre el 4 de julio y el 16 de agosto de 2018, recibi\u00f3 4,6\u00a0millones de respuestas de los [&hellip;]<\/p>\n","protected":false},"author":101011,"featured_media":7801,"comment_status":"open","ping_status":"open","sticky":false,"template":"","format":"standard","meta":{"_acf_changed":false,"_relevanssi_hide_post":"","_relevanssi_hide_content":"","_relevanssi_pin_for_all":"","_relevanssi_pin_keywords":"","_relevanssi_unpin_keywords":"","_relevanssi_related_keywords":"","_relevanssi_related_include_ids":"","_relevanssi_related_exclude_ids":"","_relevanssi_related_no_append":"","_relevanssi_related_not_related":"","_relevanssi_related_posts":"","_relevanssi_noindex_reason":"","_monsterinsights_skip_tracking":false,"_monsterinsights_sitenote_active":false,"_monsterinsights_sitenote_note":"","_monsterinsights_sitenote_category":0,"_genesis_hide_title":false,"_genesis_hide_breadcrumbs":false,"_genesis_hide_singular_image":false,"_genesis_hide_footer_widgets":false,"_genesis_custom_body_class":"","_genesis_custom_post_class":"","_genesis_layout":"","footnotes":""},"categories":[96],"tags":[135],"class_list":{"0":"post-7800","1":"post","2":"type-post","3":"status-publish","4":"format-standard","5":"has-post-thumbnail","7":"category-noticias-ue","8":"tag-union-europea","9":"entry"},"acf":[],"yoast_head":"<!-- This site is optimized with the Yoast SEO plugin v27.4 - https:\/\/yoast.com\/product\/yoast-seo-wordpress\/ -->\n<title>Resultados preeliminares de la consulta sobre el cambio de hora en Europa | CDE Almer\u00eda - Centro de Documentaci\u00f3n Europea - Universidad de Almer\u00eda<\/title>\n<meta name=\"robots\" content=\"index, follow, max-snippet:-1, max-image-preview:large, max-video-preview:-1\" \/>\n<link rel=\"canonical\" href=\"https:\/\/www.cde.ual.es\/resultados-preeliminares-de-la-consulta-sobre-el-cambio-de-hora-en-europa\/\" \/>\n<meta property=\"og:locale\" content=\"en_US\" \/>\n<meta property=\"og:type\" content=\"article\" \/>\n<meta property=\"og:title\" content=\"Resultados preeliminares de la consulta sobre el cambio de hora en Europa | CDE Almer\u00eda - Centro de Documentaci\u00f3n Europea - Universidad de Almer\u00eda\" \/>\n<meta property=\"og:description\" content=\"La Comisi\u00f3n Europea ha publicado hoy los resultados preliminares de la consulta p\u00fablica sobre el cambio de hora en Europa. El 84\u00a0% quiere que Europa deje de cambiar la hora. Esta consulta en l\u00ednea, que tuvo lugar entre el 4 de julio y el 16 de agosto de 2018, recibi\u00f3 4,6\u00a0millones de respuestas de los [&hellip;]\" \/>\n<meta property=\"og:url\" content=\"https:\/\/www.cde.ual.es\/resultados-preeliminares-de-la-consulta-sobre-el-cambio-de-hora-en-europa\/\" \/>\n<meta property=\"og:site_name\" content=\"CDE Almer\u00eda - Centro de Documentaci\u00f3n Europea - Universidad de Almer\u00eda\" \/>\n<meta property=\"article:publisher\" content=\"https:\/\/www.facebook.com\/cdeuniversidadalmeria\/\" \/>\n<meta property=\"article:published_time\" content=\"2018-09-01T16:38:22+00:00\" \/>\n<meta property=\"article:modified_time\" content=\"2018-09-04T08:20:03+00:00\" \/>\n<meta property=\"og:image\" content=\"https:\/\/www.cde.ual.es\/wp-content\/uploads\/2018\/09\/1535619026_263003_1535627846_noticia_normal_recorte1.jpg\" \/>\n\t<meta property=\"og:image:width\" content=\"1960\" \/>\n\t<meta property=\"og:image:height\" content=\"1305\" \/>\n\t<meta property=\"og:image:type\" content=\"image\/jpeg\" \/>\n<meta name=\"author\" content=\"BECA 2 CDE\" \/>\n<meta name=\"twitter:card\" content=\"summary_large_image\" \/>\n<meta name=\"twitter:creator\" content=\"@cdeualmeria\" \/>\n<meta name=\"twitter:site\" content=\"@cdeualmeria\" \/>\n<meta name=\"twitter:label1\" content=\"Written by\" \/>\n\t<meta name=\"twitter:data1\" content=\"BECA 2 CDE\" \/>\n\t<meta name=\"twitter:label2\" content=\"Est. reading time\" \/>\n\t<meta name=\"twitter:data2\" content=\"1 minute\" \/>\n<script type=\"application\/ld+json\" class=\"yoast-schema-graph\">{\"@context\":\"https:\\\/\\\/schema.org\",\"@graph\":[{\"@type\":\"Article\",\"@id\":\"https:\\\/\\\/www.cde.ual.es\\\/resultados-preeliminares-de-la-consulta-sobre-el-cambio-de-hora-en-europa\\\/#article\",\"isPartOf\":{\"@id\":\"https:\\\/\\\/www.cde.ual.es\\\/resultados-preeliminares-de-la-consulta-sobre-el-cambio-de-hora-en-europa\\\/\"},\"author\":{\"name\":\"BECA 2 CDE\",\"@id\":\"https:\\\/\\\/www.cde.ual.es\\\/#\\\/schema\\\/person\\\/ee46ebc19edfa19598c02cff83335acc\"},\"headline\":\"Resultados preeliminares de la consulta sobre el cambio de hora en Europa\",\"datePublished\":\"2018-09-01T16:38:22+00:00\",\"dateModified\":\"2018-09-04T08:20:03+00:00\",\"mainEntityOfPage\":{\"@id\":\"https:\\\/\\\/www.cde.ual.es\\\/resultados-preeliminares-de-la-consulta-sobre-el-cambio-de-hora-en-europa\\\/\"},\"wordCount\":234,\"commentCount\":0,\"publisher\":{\"@id\":\"https:\\\/\\\/www.cde.ual.es\\\/#organization\"},\"image\":{\"@id\":\"https:\\\/\\\/www.cde.ual.es\\\/resultados-preeliminares-de-la-consulta-sobre-el-cambio-de-hora-en-europa\\\/#primaryimage\"},\"thumbnailUrl\":\"https:\\\/\\\/www.cde.ual.es\\\/wp-content\\\/uploads\\\/2018\\\/09\\\/1535619026_263003_1535627846_noticia_normal_recorte1.jpg\",\"keywords\":[\"Uni\u00f3n Europea\"],\"articleSection\":[\"Noticias UE\"],\"inLanguage\":\"en-US\",\"potentialAction\":[{\"@type\":\"CommentAction\",\"name\":\"Comment\",\"target\":[\"https:\\\/\\\/www.cde.ual.es\\\/resultados-preeliminares-de-la-consulta-sobre-el-cambio-de-hora-en-europa\\\/#respond\"]}]},{\"@type\":\"WebPage\",\"@id\":\"https:\\\/\\\/www.cde.ual.es\\\/resultados-preeliminares-de-la-consulta-sobre-el-cambio-de-hora-en-europa\\\/\",\"url\":\"https:\\\/\\\/www.cde.ual.es\\\/resultados-preeliminares-de-la-consulta-sobre-el-cambio-de-hora-en-europa\\\/\",\"name\":\"Resultados preeliminares de la consulta sobre el cambio de hora en Europa | CDE Almer\u00eda - Centro de Documentaci\u00f3n Europea - Universidad de Almer\u00eda\",\"isPartOf\":{\"@id\":\"https:\\\/\\\/www.cde.ual.es\\\/#website\"},\"primaryImageOfPage\":{\"@id\":\"https:\\\/\\\/www.cde.ual.es\\\/resultados-preeliminares-de-la-consulta-sobre-el-cambio-de-hora-en-europa\\\/#primaryimage\"},\"image\":{\"@id\":\"https:\\\/\\\/www.cde.ual.es\\\/resultados-preeliminares-de-la-consulta-sobre-el-cambio-de-hora-en-europa\\\/#primaryimage\"},\"thumbnailUrl\":\"https:\\\/\\\/www.cde.ual.es\\\/wp-content\\\/uploads\\\/2018\\\/09\\\/1535619026_263003_1535627846_noticia_normal_recorte1.jpg\",\"datePublished\":\"2018-09-01T16:38:22+00:00\",\"dateModified\":\"2018-09-04T08:20:03+00:00\",\"breadcrumb\":{\"@id\":\"https:\\\/\\\/www.cde.ual.es\\\/resultados-preeliminares-de-la-consulta-sobre-el-cambio-de-hora-en-europa\\\/#breadcrumb\"},\"inLanguage\":\"en-US\",\"potentialAction\":[{\"@type\":\"ReadAction\",\"target\":[\"https:\\\/\\\/www.cde.ual.es\\\/resultados-preeliminares-de-la-consulta-sobre-el-cambio-de-hora-en-europa\\\/\"]}]},{\"@type\":\"ImageObject\",\"inLanguage\":\"en-US\",\"@id\":\"https:\\\/\\\/www.cde.ual.es\\\/resultados-preeliminares-de-la-consulta-sobre-el-cambio-de-hora-en-europa\\\/#primaryimage\",\"url\":\"https:\\\/\\\/www.cde.ual.es\\\/wp-content\\\/uploads\\\/2018\\\/09\\\/1535619026_263003_1535627846_noticia_normal_recorte1.jpg\",\"contentUrl\":\"https:\\\/\\\/www.cde.ual.es\\\/wp-content\\\/uploads\\\/2018\\\/09\\\/1535619026_263003_1535627846_noticia_normal_recorte1.jpg\",\"width\":1960,\"height\":1305},{\"@type\":\"BreadcrumbList\",\"@id\":\"https:\\\/\\\/www.cde.ual.es\\\/resultados-preeliminares-de-la-consulta-sobre-el-cambio-de-hora-en-europa\\\/#breadcrumb\",\"itemListElement\":[{\"@type\":\"ListItem\",\"position\":1,\"name\":\"Inicio\",\"item\":\"https:\\\/\\\/www.cde.ual.es\\\/en\\\/\"},{\"@type\":\"ListItem\",\"position\":2,\"name\":\"Noticias UE\",\"item\":\"https:\\\/\\\/www.cde.ual.es\\\/category\\\/noticias-ue\\\/\"},{\"@type\":\"ListItem\",\"position\":3,\"name\":\"Resultados preeliminares de la consulta sobre el cambio de hora en Europa\"}]},{\"@type\":\"WebSite\",\"@id\":\"https:\\\/\\\/www.cde.ual.es\\\/#website\",\"url\":\"https:\\\/\\\/www.cde.ual.es\\\/\",\"name\":\"CDE Almer\u00eda - Centro de Documentaci\u00f3n Europea - Universidad de Almer\u00eda\",\"description\":\"Centro de Documentaci\u00f3n Europea de la Universidad de Almer\u00eda\",\"publisher\":{\"@id\":\"https:\\\/\\\/www.cde.ual.es\\\/#organization\"},\"alternateName\":\"CDE Almer\u00eda\",\"potentialAction\":[{\"@type\":\"SearchAction\",\"target\":{\"@type\":\"EntryPoint\",\"urlTemplate\":\"https:\\\/\\\/www.cde.ual.es\\\/?s={search_term_string}\"},\"query-input\":{\"@type\":\"PropertyValueSpecification\",\"valueRequired\":true,\"valueName\":\"search_term_string\"}}],\"inLanguage\":\"en-US\"},{\"@type\":\"Organization\",\"@id\":\"https:\\\/\\\/www.cde.ual.es\\\/#organization\",\"name\":\"Centro de Documentaci\u00f3n Europea de Almer\u00eda\",\"url\":\"https:\\\/\\\/www.cde.ual.es\\\/\",\"logo\":{\"@type\":\"ImageObject\",\"inLanguage\":\"en-US\",\"@id\":\"https:\\\/\\\/www.cde.ual.es\\\/#\\\/schema\\\/logo\\\/image\\\/\",\"url\":\"https:\\\/\\\/www.cde.ual.es\\\/wp-content\\\/uploads\\\/2025\\\/07\\\/cde-logo-3.png\",\"contentUrl\":\"https:\\\/\\\/www.cde.ual.es\\\/wp-content\\\/uploads\\\/2025\\\/07\\\/cde-logo-3.png\",\"width\":1400,\"height\":300,\"caption\":\"Centro de Documentaci\u00f3n Europea de Almer\u00eda\"},\"image\":{\"@id\":\"https:\\\/\\\/www.cde.ual.es\\\/#\\\/schema\\\/logo\\\/image\\\/\"},\"sameAs\":[\"https:\\\/\\\/www.facebook.com\\\/cdeuniversidadalmeria\\\/\",\"https:\\\/\\\/x.com\\\/cdeualmeria\",\"https:\\\/\\\/www.tiktok.com\\\/@cdealmeria\",\"https:\\\/\\\/www.instagram.com\\\/cdealmeria\\\/\",\"https:\\\/\\\/www.linkedin.com\\\/in\\\/cde-almera-812b26a9\\\/\"]},{\"@type\":\"Person\",\"@id\":\"https:\\\/\\\/www.cde.ual.es\\\/#\\\/schema\\\/person\\\/ee46ebc19edfa19598c02cff83335acc\",\"name\":\"BECA 2 CDE\",\"image\":{\"@type\":\"ImageObject\",\"inLanguage\":\"en-US\",\"@id\":\"https:\\\/\\\/secure.gravatar.com\\\/avatar\\\/35a481bbc04bbd90e91bdfa3b0b5541036c222a49b9ad37b6889a2afcb5311a5?s=96&d=mm&r=g\",\"url\":\"https:\\\/\\\/secure.gravatar.com\\\/avatar\\\/35a481bbc04bbd90e91bdfa3b0b5541036c222a49b9ad37b6889a2afcb5311a5?s=96&d=mm&r=g\",\"contentUrl\":\"https:\\\/\\\/secure.gravatar.com\\\/avatar\\\/35a481bbc04bbd90e91bdfa3b0b5541036c222a49b9ad37b6889a2afcb5311a5?s=96&d=mm&r=g\",\"caption\":\"BECA 2 CDE\"},\"sameAs\":[\"http:\\\/\\\/www.cdealmeria.com\"]}]}<\/script>\n<!-- \/ Yoast SEO plugin. -->","yoast_head_json":{"title":"Resultados preeliminares de la consulta sobre el cambio de hora en Europa | CDE Almer\u00eda - Centro de Documentaci\u00f3n Europea - Universidad de Almer\u00eda","robots":{"index":"index","follow":"follow","max-snippet":"max-snippet:-1","max-image-preview":"max-image-preview:large","max-video-preview":"max-video-preview:-1"},"canonical":"https:\/\/www.cde.ual.es\/resultados-preeliminares-de-la-consulta-sobre-el-cambio-de-hora-en-europa\/","og_locale":"en_US","og_type":"article","og_title":"Resultados preeliminares de la consulta sobre el cambio de hora en Europa | CDE Almer\u00eda - Centro de Documentaci\u00f3n Europea - Universidad de Almer\u00eda","og_description":"La Comisi\u00f3n Europea ha publicado hoy los resultados preliminares de la consulta p\u00fablica sobre el cambio de hora en Europa. El 84\u00a0% quiere que Europa deje de cambiar la hora. Esta consulta en l\u00ednea, que tuvo lugar entre el 4 de julio y el 16 de agosto de 2018, recibi\u00f3 4,6\u00a0millones de respuestas de los [&hellip;]","og_url":"https:\/\/www.cde.ual.es\/resultados-preeliminares-de-la-consulta-sobre-el-cambio-de-hora-en-europa\/","og_site_name":"CDE Almer\u00eda - Centro de Documentaci\u00f3n Europea - Universidad de Almer\u00eda","article_publisher":"https:\/\/www.facebook.com\/cdeuniversidadalmeria\/","article_published_time":"2018-09-01T16:38:22+00:00","article_modified_time":"2018-09-04T08:20:03+00:00","og_image":[{"width":1960,"height":1305,"url":"https:\/\/www.cde.ual.es\/wp-content\/uploads\/2018\/09\/1535619026_263003_1535627846_noticia_normal_recorte1.jpg","type":"image\/jpeg"}],"author":"BECA 2 CDE","twitter_card":"summary_large_image","twitter_creator":"@cdeualmeria","twitter_site":"@cdeualmeria","twitter_misc":{"Written by":"BECA 2 CDE","Est. reading time":"1 minute"},"schema":{"@context":"https:\/\/schema.org","@graph":[{"@type":"Article","@id":"https:\/\/www.cde.ual.es\/resultados-preeliminares-de-la-consulta-sobre-el-cambio-de-hora-en-europa\/#article","isPartOf":{"@id":"https:\/\/www.cde.ual.es\/resultados-preeliminares-de-la-consulta-sobre-el-cambio-de-hora-en-europa\/"},"author":{"name":"BECA 2 CDE","@id":"https:\/\/www.cde.ual.es\/#\/schema\/person\/ee46ebc19edfa19598c02cff83335acc"},"headline":"Resultados preeliminares de la consulta sobre el cambio de hora en Europa","datePublished":"2018-09-01T16:38:22+00:00","dateModified":"2018-09-04T08:20:03+00:00","mainEntityOfPage":{"@id":"https:\/\/www.cde.ual.es\/resultados-preeliminares-de-la-consulta-sobre-el-cambio-de-hora-en-europa\/"},"wordCount":234,"commentCount":0,"publisher":{"@id":"https:\/\/www.cde.ual.es\/#organization"},"image":{"@id":"https:\/\/www.cde.ual.es\/resultados-preeliminares-de-la-consulta-sobre-el-cambio-de-hora-en-europa\/#primaryimage"},"thumbnailUrl":"https:\/\/www.cde.ual.es\/wp-content\/uploads\/2018\/09\/1535619026_263003_1535627846_noticia_normal_recorte1.jpg","keywords":["Uni\u00f3n Europea"],"articleSection":["Noticias UE"],"inLanguage":"en-US","potentialAction":[{"@type":"CommentAction","name":"Comment","target":["https:\/\/www.cde.ual.es\/resultados-preeliminares-de-la-consulta-sobre-el-cambio-de-hora-en-europa\/#respond"]}]},{"@type":"WebPage","@id":"https:\/\/www.cde.ual.es\/resultados-preeliminares-de-la-consulta-sobre-el-cambio-de-hora-en-europa\/","url":"https:\/\/www.cde.ual.es\/resultados-preeliminares-de-la-consulta-sobre-el-cambio-de-hora-en-europa\/","name":"Resultados preeliminares de la consulta sobre el cambio de hora en Europa | CDE Almer\u00eda - Centro de Documentaci\u00f3n Europea - Universidad de Almer\u00eda","isPartOf":{"@id":"https:\/\/www.cde.ual.es\/#website"},"primaryImageOfPage":{"@id":"https:\/\/www.cde.ual.es\/resultados-preeliminares-de-la-consulta-sobre-el-cambio-de-hora-en-europa\/#primaryimage"},"image":{"@id":"https:\/\/www.cde.ual.es\/resultados-preeliminares-de-la-consulta-sobre-el-cambio-de-hora-en-europa\/#primaryimage"},"thumbnailUrl":"https:\/\/www.cde.ual.es\/wp-content\/uploads\/2018\/09\/1535619026_263003_1535627846_noticia_normal_recorte1.jpg","datePublished":"2018-09-01T16:38:22+00:00","dateModified":"2018-09-04T08:20:03+00:00","breadcrumb":{"@id":"https:\/\/www.cde.ual.es\/resultados-preeliminares-de-la-consulta-sobre-el-cambio-de-hora-en-europa\/#breadcrumb"},"inLanguage":"en-US","potentialAction":[{"@type":"ReadAction","target":["https:\/\/www.cde.ual.es\/resultados-preeliminares-de-la-consulta-sobre-el-cambio-de-hora-en-europa\/"]}]},{"@type":"ImageObject","inLanguage":"en-US","@id":"https:\/\/www.cde.ual.es\/resultados-preeliminares-de-la-consulta-sobre-el-cambio-de-hora-en-europa\/#primaryimage","url":"https:\/\/www.cde.ual.es\/wp-content\/uploads\/2018\/09\/1535619026_263003_1535627846_noticia_normal_recorte1.jpg","contentUrl":"https:\/\/www.cde.ual.es\/wp-content\/uploads\/2018\/09\/1535619026_263003_1535627846_noticia_normal_recorte1.jpg","width":1960,"height":1305},{"@type":"BreadcrumbList","@id":"https:\/\/www.cde.ual.es\/resultados-preeliminares-de-la-consulta-sobre-el-cambio-de-hora-en-europa\/#breadcrumb","itemListElement":[{"@type":"ListItem","position":1,"name":"Inicio","item":"https:\/\/www.cde.ual.es\/en\/"},{"@type":"ListItem","position":2,"name":"Noticias UE","item":"https:\/\/www.cde.ual.es\/category\/noticias-ue\/"},{"@type":"ListItem","position":3,"name":"Resultados preeliminares de la consulta sobre el cambio de hora en Europa"}]},{"@type":"WebSite","@id":"https:\/\/www.cde.ual.es\/#website","url":"https:\/\/www.cde.ual.es\/","name":"CDE Almer\u00eda - Centro de Documentaci\u00f3n Europea - Universidad de Almer\u00eda","description":"Centro de Documentaci\u00f3n Europea de la Universidad de Almer\u00eda","publisher":{"@id":"https:\/\/www.cde.ual.es\/#organization"},"alternateName":"CDE Almer\u00eda","potentialAction":[{"@type":"SearchAction","target":{"@type":"EntryPoint","urlTemplate":"https:\/\/www.cde.ual.es\/?s={search_term_string}"},"query-input":{"@type":"PropertyValueSpecification","valueRequired":true,"valueName":"search_term_string"}}],"inLanguage":"en-US"},{"@type":"Organization","@id":"https:\/\/www.cde.ual.es\/#organization","name":"Centro de Documentaci\u00f3n Europea de Almer\u00eda","url":"https:\/\/www.cde.ual.es\/","logo":{"@type":"ImageObject","inLanguage":"en-US","@id":"https:\/\/www.cde.ual.es\/#\/schema\/logo\/image\/","url":"https:\/\/www.cde.ual.es\/wp-content\/uploads\/2025\/07\/cde-logo-3.png","contentUrl":"https:\/\/www.cde.ual.es\/wp-content\/uploads\/2025\/07\/cde-logo-3.png","width":1400,"height":300,"caption":"Centro de Documentaci\u00f3n Europea de Almer\u00eda"},"image":{"@id":"https:\/\/www.cde.ual.es\/#\/schema\/logo\/image\/"},"sameAs":["https:\/\/www.facebook.com\/cdeuniversidadalmeria\/","https:\/\/x.com\/cdeualmeria","https:\/\/www.tiktok.com\/@cdealmeria","https:\/\/www.instagram.com\/cdealmeria\/","https:\/\/www.linkedin.com\/in\/cde-almera-812b26a9\/"]},{"@type":"Person","@id":"https:\/\/www.cde.ual.es\/#\/schema\/person\/ee46ebc19edfa19598c02cff83335acc","name":"BECA 2 CDE","image":{"@type":"ImageObject","inLanguage":"en-US","@id":"https:\/\/secure.gravatar.com\/avatar\/35a481bbc04bbd90e91bdfa3b0b5541036c222a49b9ad37b6889a2afcb5311a5?s=96&d=mm&r=g","url":"https:\/\/secure.gravatar.com\/avatar\/35a481bbc04bbd90e91bdfa3b0b5541036c222a49b9ad37b6889a2afcb5311a5?s=96&d=mm&r=g","contentUrl":"https:\/\/secure.gravatar.com\/avatar\/35a481bbc04bbd90e91bdfa3b0b5541036c222a49b9ad37b6889a2afcb5311a5?s=96&d=mm&r=g","caption":"BECA 2 CDE"},"sameAs":["http:\/\/www.cdealmeria.com"]}]}},"_links":{"self":[{"href":"https:\/\/www.cde.ual.es\/en\/wp-json\/wp\/v2\/posts\/7800","targetHints":{"allow":["GET"]}}],"collection":[{"href":"https:\/\/www.cde.ual.es\/en\/wp-json\/wp\/v2\/posts"}],"about":[{"href":"https:\/\/www.cde.ual.es\/en\/wp-json\/wp\/v2\/types\/post"}],"author":[{"embeddable":true,"href":"https:\/\/www.cde.ual.es\/en\/wp-json\/wp\/v2\/users\/101011"}],"replies":[{"embeddable":true,"href":"https:\/\/www.cde.ual.es\/en\/wp-json\/wp\/v2\/comments?post=7800"}],"version-history":[{"count":0,"href":"https:\/\/www.cde.ual.es\/en\/wp-json\/wp\/v2\/posts\/7800\/revisions"}],"wp:featuredmedia":[{"embeddable":true,"href":"https:\/\/www.cde.ual.es\/en\/wp-json\/wp\/v2\/media\/7801"}],"wp:attachment":[{"href":"https:\/\/www.cde.ual.es\/en\/wp-json\/wp\/v2\/media?parent=7800"}],"wp:term":[{"taxonomy":"category","embeddable":true,"href":"https:\/\/www.cde.ual.es\/en\/wp-json\/wp\/v2\/categories?post=7800"},{"taxonomy":"post_tag","embeddable":true,"href":"https:\/\/www.cde.ual.es\/en\/wp-json\/wp\/v2\/tags?post=7800"}],"curies":[{"name":"wp","href":"https:\/\/api.w.org\/{rel}","templated":true}]}}