{"id":7788,"date":"2018-08-25T17:50:40","date_gmt":"2018-08-25T15:50:40","guid":{"rendered":"http:\/\/www.cde.ual.es\/?p=7788"},"modified":"2018-09-02T18:08:41","modified_gmt":"2018-09-02T16:08:41","slug":"la-ce-adopta-un-paquete-de-apoyo-para-iran-con-un-enfoque-en-el-sector-privado","status":"publish","type":"post","link":"https:\/\/www.cde.ual.es\/en\/la-ce-adopta-un-paquete-de-apoyo-para-iran-con-un-enfoque-en-el-sector-privado\/","title":{"rendered":"La CE adopta un paquete de apoyo para Ir\u00e1n, con un enfoque en el sector privado"},"content":{"rendered":"<h5 style=\"text-align: center;\"><a href=\"http:\/\/www.cde.ual.es\/wp-content\/uploads\/2018\/09\/17401544_xl.jpg\"><img decoding=\"async\" class=\"alignnone size-medium wp-image-7789\" src=\"http:\/\/www.cde.ual.es\/wp-content\/uploads\/2018\/09\/17401544_xl-300x169.jpg\" alt=\"\" width=\"300\" height=\"169\" srcset=\"https:\/\/www.cde.ual.es\/wp-content\/uploads\/2018\/09\/17401544_xl-300x169.jpg 300w, https:\/\/www.cde.ual.es\/wp-content\/uploads\/2018\/09\/17401544_xl-768x432.jpg 768w, https:\/\/www.cde.ual.es\/wp-content\/uploads\/2018\/09\/17401544_xl.jpg 880w\" sizes=\"(max-width: 300px) 100vw, 300px\" \/><\/a><\/h5>\n<h5 style=\"text-align: center;\">La Comisi\u00f3n adopt\u00f3 un primer paquete de 18 millones de euros para proyectos de apoyo al desarrollo econ\u00f3mico y social sostenible en la Rep\u00fablica Isl\u00e1mica del Ir\u00e1n. El paquete incluye la asistencia de 8 millones de euros al sector privado.<\/h5>\n<h5>Primer paquete de ayudas<\/h5>\n<p>Los proyectos de hoy son el primero de un paquete m\u00e1s amplio de 50 millones de euros para Ir\u00e1n. El objetivo de ayudar al pa\u00eds a abordar desaf\u00edos econ\u00f3micos y sociales clave. Son parte de la cooperaci\u00f3n renovada y el compromiso entre la Uni\u00f3n Europea e Ir\u00e1n despu\u00e9s de la conclusi\u00f3n del Plan de Acci\u00f3n Integral Conjunto (JCPOA).<\/p>\n<p>Las actividades de apoyo al sector privado incluir\u00e1n el apoyo a las peque\u00f1as y medianas empresas iran\u00edes (PYME) de alto potencial y el desarrollo de cadenas de valor seleccionadas. Tambi\u00e9n se ofrecer\u00e1 asistencia t\u00e9cnica a la Organizaci\u00f3n de Promoci\u00f3n Comercial de Ir\u00e1n.<\/p>\n<p>Como parte de los 18 millones de euros, la Comisi\u00f3n tambi\u00e9n proporcionar\u00e1 asistencia t\u00e9cnica en el \u00e1rea de desaf\u00edos medioambientales por \u20ac 8 millones. De igual modo, apoyar\u00e1 la reducci\u00f3n del da\u00f1o a medicamentos por \u20ac 2 millones.<\/p>\n<p>Los proyectos ser\u00e1n implementados por el Centro de Comercio Internacional y las agencias de los Estados miembros de la UE. Adem\u00e1s, participar\u00e1n otras organizaciones en estrecha cooperaci\u00f3n con contrapartes iran\u00edes.<\/p>\n<h5>Antecedentes<\/h5>\n<p>El Plan de Acci\u00f3n Integral Conjunto (JCPOA), concluy\u00f3 el 14 de julio de 2015, abri\u00f3 el camino para un nuevo cap\u00edtulo en las relaciones UE-Ir\u00e1n.<\/p>\n<p>La cooperaci\u00f3n entre la UE e Ir\u00e1n en estos sectores implica di\u00e1logos de alto nivel, intercambios t\u00e9cnicos y proyectos concretos.<\/p>\n<h5>M\u00e1s informaci\u00f3n<\/h5>\n<p>Accede a la noticia completa <a href=\"http:\/\/europa.eu\/rapid\/press-release_IP-18-5103_en.htm\">aqu\u00ed<\/a><\/p>\n","protected":false},"excerpt":{"rendered":"<p>La Comisi\u00f3n adopt\u00f3 un primer paquete de 18 millones de euros para proyectos de apoyo al desarrollo econ\u00f3mico y social sostenible en la Rep\u00fablica Isl\u00e1mica del Ir\u00e1n. El paquete incluye la asistencia de 8 millones de euros al sector privado. Primer paquete de ayudas Los proyectos de hoy son el primero de un paquete m\u00e1s [&hellip;]<\/p>\n","protected":false},"author":101011,"featured_media":7789,"comment_status":"open","ping_status":"open","sticky":false,"template":"","format":"standard","meta":{"_acf_changed":false,"_relevanssi_hide_post":"","_relevanssi_hide_content":"","_relevanssi_pin_for_all":"","_relevanssi_pin_keywords":"","_relevanssi_unpin_keywords":"","_relevanssi_related_keywords":"","_relevanssi_related_include_ids":"","_relevanssi_related_exclude_ids":"","_relevanssi_related_no_append":"","_relevanssi_related_not_related":"","_relevanssi_related_posts":"","_relevanssi_noindex_reason":"","_monsterinsights_skip_tracking":false,"_monsterinsights_sitenote_active":false,"_monsterinsights_sitenote_note":"","_monsterinsights_sitenote_category":0,"_genesis_hide_title":false,"_genesis_hide_breadcrumbs":false,"_genesis_hide_singular_image":false,"_genesis_hide_footer_widgets":false,"_genesis_custom_body_class":"","_genesis_custom_post_class":"","_genesis_layout":"","footnotes":""},"categories":[96],"tags":[127,220,135],"class_list":{"0":"post-7788","1":"post","2":"type-post","3":"status-publish","4":"format-standard","5":"has-post-thumbnail","7":"category-noticias-ue","8":"tag-cooperacion-internacional","9":"tag-iran","10":"tag-union-europea","11":"entry"},"acf":[],"yoast_head":"<!-- This site is optimized with the Yoast SEO plugin v27.4 - https:\/\/yoast.com\/product\/yoast-seo-wordpress\/ -->\n<title>La CE adopta un paquete de apoyo para Ir\u00e1n, con un enfoque en el sector privado | CDE Almer\u00eda - Centro de Documentaci\u00f3n Europea - Universidad de Almer\u00eda<\/title>\n<meta name=\"robots\" content=\"index, follow, max-snippet:-1, max-image-preview:large, max-video-preview:-1\" \/>\n<link rel=\"canonical\" href=\"https:\/\/www.cde.ual.es\/la-ce-adopta-un-paquete-de-apoyo-para-iran-con-un-enfoque-en-el-sector-privado\/\" \/>\n<meta property=\"og:locale\" content=\"en_US\" \/>\n<meta property=\"og:type\" content=\"article\" \/>\n<meta property=\"og:title\" content=\"La CE adopta un paquete de apoyo para Ir\u00e1n, con un enfoque en el sector privado | CDE Almer\u00eda - Centro de Documentaci\u00f3n Europea - Universidad de Almer\u00eda\" \/>\n<meta property=\"og:description\" content=\"La Comisi\u00f3n adopt\u00f3 un primer paquete de 18 millones de euros para proyectos de apoyo al desarrollo econ\u00f3mico y social sostenible en la Rep\u00fablica Isl\u00e1mica del Ir\u00e1n. El paquete incluye la asistencia de 8 millones de euros al sector privado. Primer paquete de ayudas Los proyectos de hoy son el primero de un paquete m\u00e1s [&hellip;]\" \/>\n<meta property=\"og:url\" content=\"https:\/\/www.cde.ual.es\/la-ce-adopta-un-paquete-de-apoyo-para-iran-con-un-enfoque-en-el-sector-privado\/\" \/>\n<meta property=\"og:site_name\" content=\"CDE Almer\u00eda - Centro de Documentaci\u00f3n Europea - Universidad de Almer\u00eda\" \/>\n<meta property=\"article:publisher\" content=\"https:\/\/www.facebook.com\/cdeuniversidadalmeria\/\" \/>\n<meta property=\"article:published_time\" content=\"2018-08-25T15:50:40+00:00\" \/>\n<meta property=\"article:modified_time\" content=\"2018-09-02T16:08:41+00:00\" \/>\n<meta property=\"og:image\" content=\"https:\/\/www.cde.ual.es\/wp-content\/uploads\/2018\/09\/17401544_xl.jpg\" \/>\n\t<meta property=\"og:image:width\" content=\"880\" \/>\n\t<meta property=\"og:image:height\" content=\"495\" \/>\n\t<meta property=\"og:image:type\" content=\"image\/jpeg\" \/>\n<meta name=\"author\" content=\"BECA 2 CDE\" \/>\n<meta name=\"twitter:card\" content=\"summary_large_image\" \/>\n<meta name=\"twitter:creator\" content=\"@cdeualmeria\" \/>\n<meta name=\"twitter:site\" content=\"@cdeualmeria\" \/>\n<meta name=\"twitter:label1\" content=\"Written by\" \/>\n\t<meta name=\"twitter:data1\" content=\"BECA 2 CDE\" \/>\n\t<meta name=\"twitter:label2\" content=\"Est. reading time\" \/>\n\t<meta name=\"twitter:data2\" content=\"2 minutes\" \/>\n<script type=\"application\/ld+json\" class=\"yoast-schema-graph\">{\"@context\":\"https:\\\/\\\/schema.org\",\"@graph\":[{\"@type\":\"Article\",\"@id\":\"https:\\\/\\\/www.cde.ual.es\\\/la-ce-adopta-un-paquete-de-apoyo-para-iran-con-un-enfoque-en-el-sector-privado\\\/#article\",\"isPartOf\":{\"@id\":\"https:\\\/\\\/www.cde.ual.es\\\/la-ce-adopta-un-paquete-de-apoyo-para-iran-con-un-enfoque-en-el-sector-privado\\\/\"},\"author\":{\"name\":\"BECA 2 CDE\",\"@id\":\"https:\\\/\\\/www.cde.ual.es\\\/#\\\/schema\\\/person\\\/ee46ebc19edfa19598c02cff83335acc\"},\"headline\":\"La CE adopta un paquete de apoyo para Ir\u00e1n, con un enfoque en el sector privado\",\"datePublished\":\"2018-08-25T15:50:40+00:00\",\"dateModified\":\"2018-09-02T16:08:41+00:00\",\"mainEntityOfPage\":{\"@id\":\"https:\\\/\\\/www.cde.ual.es\\\/la-ce-adopta-un-paquete-de-apoyo-para-iran-con-un-enfoque-en-el-sector-privado\\\/\"},\"wordCount\":317,\"commentCount\":0,\"publisher\":{\"@id\":\"https:\\\/\\\/www.cde.ual.es\\\/#organization\"},\"image\":{\"@id\":\"https:\\\/\\\/www.cde.ual.es\\\/la-ce-adopta-un-paquete-de-apoyo-para-iran-con-un-enfoque-en-el-sector-privado\\\/#primaryimage\"},\"thumbnailUrl\":\"https:\\\/\\\/www.cde.ual.es\\\/wp-content\\\/uploads\\\/2018\\\/09\\\/17401544_xl.jpg\",\"keywords\":[\"Cooperaci\u00f3n Internacional\",\"Ir\u00e1n\",\"Uni\u00f3n Europea\"],\"articleSection\":[\"Noticias UE\"],\"inLanguage\":\"en-US\",\"potentialAction\":[{\"@type\":\"CommentAction\",\"name\":\"Comment\",\"target\":[\"https:\\\/\\\/www.cde.ual.es\\\/la-ce-adopta-un-paquete-de-apoyo-para-iran-con-un-enfoque-en-el-sector-privado\\\/#respond\"]}]},{\"@type\":\"WebPage\",\"@id\":\"https:\\\/\\\/www.cde.ual.es\\\/la-ce-adopta-un-paquete-de-apoyo-para-iran-con-un-enfoque-en-el-sector-privado\\\/\",\"url\":\"https:\\\/\\\/www.cde.ual.es\\\/la-ce-adopta-un-paquete-de-apoyo-para-iran-con-un-enfoque-en-el-sector-privado\\\/\",\"name\":\"La CE adopta un paquete de apoyo para Ir\u00e1n, con un enfoque en el sector privado | CDE Almer\u00eda - Centro de Documentaci\u00f3n Europea - Universidad de Almer\u00eda\",\"isPartOf\":{\"@id\":\"https:\\\/\\\/www.cde.ual.es\\\/#website\"},\"primaryImageOfPage\":{\"@id\":\"https:\\\/\\\/www.cde.ual.es\\\/la-ce-adopta-un-paquete-de-apoyo-para-iran-con-un-enfoque-en-el-sector-privado\\\/#primaryimage\"},\"image\":{\"@id\":\"https:\\\/\\\/www.cde.ual.es\\\/la-ce-adopta-un-paquete-de-apoyo-para-iran-con-un-enfoque-en-el-sector-privado\\\/#primaryimage\"},\"thumbnailUrl\":\"https:\\\/\\\/www.cde.ual.es\\\/wp-content\\\/uploads\\\/2018\\\/09\\\/17401544_xl.jpg\",\"datePublished\":\"2018-08-25T15:50:40+00:00\",\"dateModified\":\"2018-09-02T16:08:41+00:00\",\"breadcrumb\":{\"@id\":\"https:\\\/\\\/www.cde.ual.es\\\/la-ce-adopta-un-paquete-de-apoyo-para-iran-con-un-enfoque-en-el-sector-privado\\\/#breadcrumb\"},\"inLanguage\":\"en-US\",\"potentialAction\":[{\"@type\":\"ReadAction\",\"target\":[\"https:\\\/\\\/www.cde.ual.es\\\/la-ce-adopta-un-paquete-de-apoyo-para-iran-con-un-enfoque-en-el-sector-privado\\\/\"]}]},{\"@type\":\"ImageObject\",\"inLanguage\":\"en-US\",\"@id\":\"https:\\\/\\\/www.cde.ual.es\\\/la-ce-adopta-un-paquete-de-apoyo-para-iran-con-un-enfoque-en-el-sector-privado\\\/#primaryimage\",\"url\":\"https:\\\/\\\/www.cde.ual.es\\\/wp-content\\\/uploads\\\/2018\\\/09\\\/17401544_xl.jpg\",\"contentUrl\":\"https:\\\/\\\/www.cde.ual.es\\\/wp-content\\\/uploads\\\/2018\\\/09\\\/17401544_xl.jpg\",\"width\":880,\"height\":495},{\"@type\":\"BreadcrumbList\",\"@id\":\"https:\\\/\\\/www.cde.ual.es\\\/la-ce-adopta-un-paquete-de-apoyo-para-iran-con-un-enfoque-en-el-sector-privado\\\/#breadcrumb\",\"itemListElement\":[{\"@type\":\"ListItem\",\"position\":1,\"name\":\"Inicio\",\"item\":\"https:\\\/\\\/www.cde.ual.es\\\/en\\\/\"},{\"@type\":\"ListItem\",\"position\":2,\"name\":\"Noticias UE\",\"item\":\"https:\\\/\\\/www.cde.ual.es\\\/category\\\/noticias-ue\\\/\"},{\"@type\":\"ListItem\",\"position\":3,\"name\":\"La CE adopta un paquete de apoyo para Ir\u00e1n, con un enfoque en el sector privado\"}]},{\"@type\":\"WebSite\",\"@id\":\"https:\\\/\\\/www.cde.ual.es\\\/#website\",\"url\":\"https:\\\/\\\/www.cde.ual.es\\\/\",\"name\":\"CDE Almer\u00eda - Centro de Documentaci\u00f3n Europea - Universidad de Almer\u00eda\",\"description\":\"Centro de Documentaci\u00f3n Europea de la Universidad de Almer\u00eda\",\"publisher\":{\"@id\":\"https:\\\/\\\/www.cde.ual.es\\\/#organization\"},\"alternateName\":\"CDE Almer\u00eda\",\"potentialAction\":[{\"@type\":\"SearchAction\",\"target\":{\"@type\":\"EntryPoint\",\"urlTemplate\":\"https:\\\/\\\/www.cde.ual.es\\\/?s={search_term_string}\"},\"query-input\":{\"@type\":\"PropertyValueSpecification\",\"valueRequired\":true,\"valueName\":\"search_term_string\"}}],\"inLanguage\":\"en-US\"},{\"@type\":\"Organization\",\"@id\":\"https:\\\/\\\/www.cde.ual.es\\\/#organization\",\"name\":\"Centro de Documentaci\u00f3n Europea de Almer\u00eda\",\"url\":\"https:\\\/\\\/www.cde.ual.es\\\/\",\"logo\":{\"@type\":\"ImageObject\",\"inLanguage\":\"en-US\",\"@id\":\"https:\\\/\\\/www.cde.ual.es\\\/#\\\/schema\\\/logo\\\/image\\\/\",\"url\":\"https:\\\/\\\/www.cde.ual.es\\\/wp-content\\\/uploads\\\/2025\\\/07\\\/cde-logo-3.png\",\"contentUrl\":\"https:\\\/\\\/www.cde.ual.es\\\/wp-content\\\/uploads\\\/2025\\\/07\\\/cde-logo-3.png\",\"width\":1400,\"height\":300,\"caption\":\"Centro de Documentaci\u00f3n Europea de Almer\u00eda\"},\"image\":{\"@id\":\"https:\\\/\\\/www.cde.ual.es\\\/#\\\/schema\\\/logo\\\/image\\\/\"},\"sameAs\":[\"https:\\\/\\\/www.facebook.com\\\/cdeuniversidadalmeria\\\/\",\"https:\\\/\\\/x.com\\\/cdeualmeria\",\"https:\\\/\\\/www.tiktok.com\\\/@cdealmeria\",\"https:\\\/\\\/www.instagram.com\\\/cdealmeria\\\/\",\"https:\\\/\\\/www.linkedin.com\\\/in\\\/cde-almera-812b26a9\\\/\"]},{\"@type\":\"Person\",\"@id\":\"https:\\\/\\\/www.cde.ual.es\\\/#\\\/schema\\\/person\\\/ee46ebc19edfa19598c02cff83335acc\",\"name\":\"BECA 2 CDE\",\"image\":{\"@type\":\"ImageObject\",\"inLanguage\":\"en-US\",\"@id\":\"https:\\\/\\\/secure.gravatar.com\\\/avatar\\\/35a481bbc04bbd90e91bdfa3b0b5541036c222a49b9ad37b6889a2afcb5311a5?s=96&d=mm&r=g\",\"url\":\"https:\\\/\\\/secure.gravatar.com\\\/avatar\\\/35a481bbc04bbd90e91bdfa3b0b5541036c222a49b9ad37b6889a2afcb5311a5?s=96&d=mm&r=g\",\"contentUrl\":\"https:\\\/\\\/secure.gravatar.com\\\/avatar\\\/35a481bbc04bbd90e91bdfa3b0b5541036c222a49b9ad37b6889a2afcb5311a5?s=96&d=mm&r=g\",\"caption\":\"BECA 2 CDE\"},\"sameAs\":[\"http:\\\/\\\/www.cdealmeria.com\"]}]}<\/script>\n<!-- \/ Yoast SEO plugin. -->","yoast_head_json":{"title":"La CE adopta un paquete de apoyo para Ir\u00e1n, con un enfoque en el sector privado | CDE Almer\u00eda - Centro de Documentaci\u00f3n Europea - Universidad de Almer\u00eda","robots":{"index":"index","follow":"follow","max-snippet":"max-snippet:-1","max-image-preview":"max-image-preview:large","max-video-preview":"max-video-preview:-1"},"canonical":"https:\/\/www.cde.ual.es\/la-ce-adopta-un-paquete-de-apoyo-para-iran-con-un-enfoque-en-el-sector-privado\/","og_locale":"en_US","og_type":"article","og_title":"La CE adopta un paquete de apoyo para Ir\u00e1n, con un enfoque en el sector privado | CDE Almer\u00eda - Centro de Documentaci\u00f3n Europea - Universidad de Almer\u00eda","og_description":"La Comisi\u00f3n adopt\u00f3 un primer paquete de 18 millones de euros para proyectos de apoyo al desarrollo econ\u00f3mico y social sostenible en la Rep\u00fablica Isl\u00e1mica del Ir\u00e1n. El paquete incluye la asistencia de 8 millones de euros al sector privado. Primer paquete de ayudas Los proyectos de hoy son el primero de un paquete m\u00e1s [&hellip;]","og_url":"https:\/\/www.cde.ual.es\/la-ce-adopta-un-paquete-de-apoyo-para-iran-con-un-enfoque-en-el-sector-privado\/","og_site_name":"CDE Almer\u00eda - Centro de Documentaci\u00f3n Europea - Universidad de Almer\u00eda","article_publisher":"https:\/\/www.facebook.com\/cdeuniversidadalmeria\/","article_published_time":"2018-08-25T15:50:40+00:00","article_modified_time":"2018-09-02T16:08:41+00:00","og_image":[{"width":880,"height":495,"url":"https:\/\/www.cde.ual.es\/wp-content\/uploads\/2018\/09\/17401544_xl.jpg","type":"image\/jpeg"}],"author":"BECA 2 CDE","twitter_card":"summary_large_image","twitter_creator":"@cdeualmeria","twitter_site":"@cdeualmeria","twitter_misc":{"Written by":"BECA 2 CDE","Est. reading time":"2 minutes"},"schema":{"@context":"https:\/\/schema.org","@graph":[{"@type":"Article","@id":"https:\/\/www.cde.ual.es\/la-ce-adopta-un-paquete-de-apoyo-para-iran-con-un-enfoque-en-el-sector-privado\/#article","isPartOf":{"@id":"https:\/\/www.cde.ual.es\/la-ce-adopta-un-paquete-de-apoyo-para-iran-con-un-enfoque-en-el-sector-privado\/"},"author":{"name":"BECA 2 CDE","@id":"https:\/\/www.cde.ual.es\/#\/schema\/person\/ee46ebc19edfa19598c02cff83335acc"},"headline":"La CE adopta un paquete de apoyo para Ir\u00e1n, con un enfoque en el sector privado","datePublished":"2018-08-25T15:50:40+00:00","dateModified":"2018-09-02T16:08:41+00:00","mainEntityOfPage":{"@id":"https:\/\/www.cde.ual.es\/la-ce-adopta-un-paquete-de-apoyo-para-iran-con-un-enfoque-en-el-sector-privado\/"},"wordCount":317,"commentCount":0,"publisher":{"@id":"https:\/\/www.cde.ual.es\/#organization"},"image":{"@id":"https:\/\/www.cde.ual.es\/la-ce-adopta-un-paquete-de-apoyo-para-iran-con-un-enfoque-en-el-sector-privado\/#primaryimage"},"thumbnailUrl":"https:\/\/www.cde.ual.es\/wp-content\/uploads\/2018\/09\/17401544_xl.jpg","keywords":["Cooperaci\u00f3n Internacional","Ir\u00e1n","Uni\u00f3n Europea"],"articleSection":["Noticias UE"],"inLanguage":"en-US","potentialAction":[{"@type":"CommentAction","name":"Comment","target":["https:\/\/www.cde.ual.es\/la-ce-adopta-un-paquete-de-apoyo-para-iran-con-un-enfoque-en-el-sector-privado\/#respond"]}]},{"@type":"WebPage","@id":"https:\/\/www.cde.ual.es\/la-ce-adopta-un-paquete-de-apoyo-para-iran-con-un-enfoque-en-el-sector-privado\/","url":"https:\/\/www.cde.ual.es\/la-ce-adopta-un-paquete-de-apoyo-para-iran-con-un-enfoque-en-el-sector-privado\/","name":"La CE adopta un paquete de apoyo para Ir\u00e1n, con un enfoque en el sector privado | CDE Almer\u00eda - Centro de Documentaci\u00f3n Europea - Universidad de Almer\u00eda","isPartOf":{"@id":"https:\/\/www.cde.ual.es\/#website"},"primaryImageOfPage":{"@id":"https:\/\/www.cde.ual.es\/la-ce-adopta-un-paquete-de-apoyo-para-iran-con-un-enfoque-en-el-sector-privado\/#primaryimage"},"image":{"@id":"https:\/\/www.cde.ual.es\/la-ce-adopta-un-paquete-de-apoyo-para-iran-con-un-enfoque-en-el-sector-privado\/#primaryimage"},"thumbnailUrl":"https:\/\/www.cde.ual.es\/wp-content\/uploads\/2018\/09\/17401544_xl.jpg","datePublished":"2018-08-25T15:50:40+00:00","dateModified":"2018-09-02T16:08:41+00:00","breadcrumb":{"@id":"https:\/\/www.cde.ual.es\/la-ce-adopta-un-paquete-de-apoyo-para-iran-con-un-enfoque-en-el-sector-privado\/#breadcrumb"},"inLanguage":"en-US","potentialAction":[{"@type":"ReadAction","target":["https:\/\/www.cde.ual.es\/la-ce-adopta-un-paquete-de-apoyo-para-iran-con-un-enfoque-en-el-sector-privado\/"]}]},{"@type":"ImageObject","inLanguage":"en-US","@id":"https:\/\/www.cde.ual.es\/la-ce-adopta-un-paquete-de-apoyo-para-iran-con-un-enfoque-en-el-sector-privado\/#primaryimage","url":"https:\/\/www.cde.ual.es\/wp-content\/uploads\/2018\/09\/17401544_xl.jpg","contentUrl":"https:\/\/www.cde.ual.es\/wp-content\/uploads\/2018\/09\/17401544_xl.jpg","width":880,"height":495},{"@type":"BreadcrumbList","@id":"https:\/\/www.cde.ual.es\/la-ce-adopta-un-paquete-de-apoyo-para-iran-con-un-enfoque-en-el-sector-privado\/#breadcrumb","itemListElement":[{"@type":"ListItem","position":1,"name":"Inicio","item":"https:\/\/www.cde.ual.es\/en\/"},{"@type":"ListItem","position":2,"name":"Noticias UE","item":"https:\/\/www.cde.ual.es\/category\/noticias-ue\/"},{"@type":"ListItem","position":3,"name":"La CE adopta un paquete de apoyo para Ir\u00e1n, con un enfoque en el sector privado"}]},{"@type":"WebSite","@id":"https:\/\/www.cde.ual.es\/#website","url":"https:\/\/www.cde.ual.es\/","name":"CDE Almer\u00eda - Centro de Documentaci\u00f3n Europea - Universidad de Almer\u00eda","description":"Centro de Documentaci\u00f3n Europea de la Universidad de Almer\u00eda","publisher":{"@id":"https:\/\/www.cde.ual.es\/#organization"},"alternateName":"CDE Almer\u00eda","potentialAction":[{"@type":"SearchAction","target":{"@type":"EntryPoint","urlTemplate":"https:\/\/www.cde.ual.es\/?s={search_term_string}"},"query-input":{"@type":"PropertyValueSpecification","valueRequired":true,"valueName":"search_term_string"}}],"inLanguage":"en-US"},{"@type":"Organization","@id":"https:\/\/www.cde.ual.es\/#organization","name":"Centro de Documentaci\u00f3n Europea de Almer\u00eda","url":"https:\/\/www.cde.ual.es\/","logo":{"@type":"ImageObject","inLanguage":"en-US","@id":"https:\/\/www.cde.ual.es\/#\/schema\/logo\/image\/","url":"https:\/\/www.cde.ual.es\/wp-content\/uploads\/2025\/07\/cde-logo-3.png","contentUrl":"https:\/\/www.cde.ual.es\/wp-content\/uploads\/2025\/07\/cde-logo-3.png","width":1400,"height":300,"caption":"Centro de Documentaci\u00f3n Europea de Almer\u00eda"},"image":{"@id":"https:\/\/www.cde.ual.es\/#\/schema\/logo\/image\/"},"sameAs":["https:\/\/www.facebook.com\/cdeuniversidadalmeria\/","https:\/\/x.com\/cdeualmeria","https:\/\/www.tiktok.com\/@cdealmeria","https:\/\/www.instagram.com\/cdealmeria\/","https:\/\/www.linkedin.com\/in\/cde-almera-812b26a9\/"]},{"@type":"Person","@id":"https:\/\/www.cde.ual.es\/#\/schema\/person\/ee46ebc19edfa19598c02cff83335acc","name":"BECA 2 CDE","image":{"@type":"ImageObject","inLanguage":"en-US","@id":"https:\/\/secure.gravatar.com\/avatar\/35a481bbc04bbd90e91bdfa3b0b5541036c222a49b9ad37b6889a2afcb5311a5?s=96&d=mm&r=g","url":"https:\/\/secure.gravatar.com\/avatar\/35a481bbc04bbd90e91bdfa3b0b5541036c222a49b9ad37b6889a2afcb5311a5?s=96&d=mm&r=g","contentUrl":"https:\/\/secure.gravatar.com\/avatar\/35a481bbc04bbd90e91bdfa3b0b5541036c222a49b9ad37b6889a2afcb5311a5?s=96&d=mm&r=g","caption":"BECA 2 CDE"},"sameAs":["http:\/\/www.cdealmeria.com"]}]}},"_links":{"self":[{"href":"https:\/\/www.cde.ual.es\/en\/wp-json\/wp\/v2\/posts\/7788","targetHints":{"allow":["GET"]}}],"collection":[{"href":"https:\/\/www.cde.ual.es\/en\/wp-json\/wp\/v2\/posts"}],"about":[{"href":"https:\/\/www.cde.ual.es\/en\/wp-json\/wp\/v2\/types\/post"}],"author":[{"embeddable":true,"href":"https:\/\/www.cde.ual.es\/en\/wp-json\/wp\/v2\/users\/101011"}],"replies":[{"embeddable":true,"href":"https:\/\/www.cde.ual.es\/en\/wp-json\/wp\/v2\/comments?post=7788"}],"version-history":[{"count":0,"href":"https:\/\/www.cde.ual.es\/en\/wp-json\/wp\/v2\/posts\/7788\/revisions"}],"wp:featuredmedia":[{"embeddable":true,"href":"https:\/\/www.cde.ual.es\/en\/wp-json\/wp\/v2\/media\/7789"}],"wp:attachment":[{"href":"https:\/\/www.cde.ual.es\/en\/wp-json\/wp\/v2\/media?parent=7788"}],"wp:term":[{"taxonomy":"category","embeddable":true,"href":"https:\/\/www.cde.ual.es\/en\/wp-json\/wp\/v2\/categories?post=7788"},{"taxonomy":"post_tag","embeddable":true,"href":"https:\/\/www.cde.ual.es\/en\/wp-json\/wp\/v2\/tags?post=7788"}],"curies":[{"name":"wp","href":"https:\/\/api.w.org\/{rel}","templated":true}]}}