{"id":7783,"date":"2018-08-23T13:33:03","date_gmt":"2018-08-23T11:33:03","guid":{"rendered":"http:\/\/www.cde.ual.es\/?p=7783"},"modified":"2018-09-04T11:03:18","modified_gmt":"2018-09-04T09:03:18","slug":"dia-europeo-de-conmemoracion-de-las-victimas-de-los-regimenes-autoritarios","status":"publish","type":"post","link":"https:\/\/www.cde.ual.es\/en\/dia-europeo-de-conmemoracion-de-las-victimas-de-los-regimenes-autoritarios\/","title":{"rendered":"D\u00eda Europeo de Conmemoraci\u00f3n de las V\u00edctimas de los Reg\u00edmenes Autoritarios"},"content":{"rendered":"<h3 style=\"text-align: center;\"><a href=\"http:\/\/www.cde.ual.es\/wp-content\/uploads\/2018\/08\/descarga.jpg\"><img decoding=\"async\" class=\"alignnone size-full wp-image-7784\" src=\"http:\/\/www.cde.ual.es\/wp-content\/uploads\/2018\/08\/descarga.jpg\" alt=\"\" width=\"295\" height=\"171\" \/><\/a><\/h3>\n<h3 class=\"title\" style=\"text-align: center;\">Declaraci\u00f3n conjunta del vicepresidente primero Timmermans y de la comisaria Jourov\u00e1 en v\u00edsperas del D\u00eda Europeo de Conmemoraci\u00f3n de las V\u00edctimas de los Reg\u00edmenes Totalitarios y Autoritarios<\/h3>\n<p>\u00ab<em>Cada a\u00f1o en esta fecha conmemoramos a las v\u00edctimas de todos los reg\u00edmenes totalitarios y recordamos con pesar las terribles consecuencias del Pacto Molotov-Ribbentrop, firmado el 23 de agosto de 1939 entre la Alemania nazi y la Uni\u00f3n Sovi\u00e9tica. El pacto hundi\u00f3 a\u00fan m\u00e1s a Europa en uno de sus per\u00edodos m\u00e1s sombr\u00edos.<\/em><em>\u00a0Millones de personas fueron asesinadas y generaciones de europeos quedaron marcadas.<\/em><\/p>\n<p><em>Tenemos el deber de conservar los nombres de los millones de perseguidos y de mantener viva su memoria. Especialmente porque hoy, 79 a\u00f1os despu\u00e9s, nuestros valores comunes de\u00a0dignidad humana, derechos fundamentales, Estado de derecho y democracia<\/em><em>\u00a0tienen que v\u00e9rselas de nuevo con la ret\u00f3rica extremista, nacionalista y divisoria.<\/em><\/p>\n<p><em>Conservando y trasmitiendo la memoria de las atrocidades cometidas en el pasado a la siguiente generaci\u00f3n de europeos, contribuimos a vacunarnos para que no se repitan y recordamos la importancia de defender los derechos humanos de todo europeo.<\/em><\/p>\n<p><em>Tenemos que seguir contando la historia de lo que ocurri\u00f3 en Europa en el pasado, para que no cometamos los mismos errores en el futuro\u00bb.<\/em><\/p>\n<h5>Antecedentes<\/h5>\n<p>La firma del Pacto Molotov-Ribbentrop, el 23 de agosto de 1939, llev\u00f3 a la deportaci\u00f3n, tortura y asesinato de decenas de millones de personas v\u00edctimas de reg\u00edmenes totalitarios.<\/p>\n<p>Aunque el final de la Segunda Guerra Mundial marc\u00f3 la derrota del r\u00e9gimen nazi, muchos europeos siguieron sufriendo reg\u00edmenes totalitarios durante d\u00e9cadas.<\/p>\n<h5>M\u00e1s informaci\u00f3n<\/h5>\n<p>Accede a la noticia <a href=\"http:\/\/europa.eu\/rapid\/press-release_STATEMENT-18-5041_en.htm\">aqu\u00ed<\/a><\/p>\n<p>V\u00eddeo: <a href=\"http:\/\/ec.europa.eu\/avservices\/play.cfm?ref=I135359&amp;videolang=EN\">Vice-Presidente Frans Timmermans y nuestros valores comunes<\/a><\/p>\n","protected":false},"excerpt":{"rendered":"<p>Declaraci\u00f3n conjunta del vicepresidente primero Timmermans y de la comisaria Jourov\u00e1 en v\u00edsperas del D\u00eda Europeo de Conmemoraci\u00f3n de las V\u00edctimas de los Reg\u00edmenes Totalitarios y Autoritarios \u00abCada a\u00f1o en esta fecha conmemoramos a las v\u00edctimas de todos los reg\u00edmenes totalitarios y recordamos con pesar las terribles consecuencias del Pacto Molotov-Ribbentrop, firmado el 23 de [&hellip;]<\/p>\n","protected":false},"author":101011,"featured_media":7784,"comment_status":"open","ping_status":"open","sticky":false,"template":"","format":"standard","meta":{"_acf_changed":false,"_relevanssi_hide_post":"","_relevanssi_hide_content":"","_relevanssi_pin_for_all":"","_relevanssi_pin_keywords":"","_relevanssi_unpin_keywords":"","_relevanssi_related_keywords":"","_relevanssi_related_include_ids":"","_relevanssi_related_exclude_ids":"","_relevanssi_related_no_append":"","_relevanssi_related_not_related":"","_relevanssi_related_posts":"","_relevanssi_noindex_reason":"","_monsterinsights_skip_tracking":false,"_monsterinsights_sitenote_active":false,"_monsterinsights_sitenote_note":"","_monsterinsights_sitenote_category":0,"_genesis_hide_title":false,"_genesis_hide_breadcrumbs":false,"_genesis_hide_singular_image":false,"_genesis_hide_footer_widgets":false,"_genesis_custom_body_class":"","_genesis_custom_post_class":"","_genesis_layout":"","footnotes":""},"categories":[96],"tags":[135],"class_list":{"0":"post-7783","1":"post","2":"type-post","3":"status-publish","4":"format-standard","5":"has-post-thumbnail","7":"category-noticias-ue","8":"tag-union-europea","9":"entry"},"acf":[],"yoast_head":"<!-- This site is optimized with the Yoast SEO plugin v27.4 - https:\/\/yoast.com\/product\/yoast-seo-wordpress\/ -->\n<title>D\u00eda Europeo de Conmemoraci\u00f3n de las V\u00edctimas de los Reg\u00edmenes Autoritarios | CDE Almer\u00eda - Centro de Documentaci\u00f3n Europea - Universidad de Almer\u00eda<\/title>\n<meta name=\"robots\" content=\"index, follow, max-snippet:-1, max-image-preview:large, max-video-preview:-1\" \/>\n<link rel=\"canonical\" href=\"https:\/\/www.cde.ual.es\/dia-europeo-de-conmemoracion-de-las-victimas-de-los-regimenes-autoritarios\/\" \/>\n<meta property=\"og:locale\" content=\"en_US\" \/>\n<meta property=\"og:type\" content=\"article\" \/>\n<meta property=\"og:title\" content=\"D\u00eda Europeo de Conmemoraci\u00f3n de las V\u00edctimas de los Reg\u00edmenes Autoritarios | CDE Almer\u00eda - Centro de Documentaci\u00f3n Europea - Universidad de Almer\u00eda\" \/>\n<meta property=\"og:description\" content=\"Declaraci\u00f3n conjunta del vicepresidente primero Timmermans y de la comisaria Jourov\u00e1 en v\u00edsperas del D\u00eda Europeo de Conmemoraci\u00f3n de las V\u00edctimas de los Reg\u00edmenes Totalitarios y Autoritarios \u00abCada a\u00f1o en esta fecha conmemoramos a las v\u00edctimas de todos los reg\u00edmenes totalitarios y recordamos con pesar las terribles consecuencias del Pacto Molotov-Ribbentrop, firmado el 23 de [&hellip;]\" \/>\n<meta property=\"og:url\" content=\"https:\/\/www.cde.ual.es\/dia-europeo-de-conmemoracion-de-las-victimas-de-los-regimenes-autoritarios\/\" \/>\n<meta property=\"og:site_name\" content=\"CDE Almer\u00eda - Centro de Documentaci\u00f3n Europea - Universidad de Almer\u00eda\" \/>\n<meta property=\"article:publisher\" content=\"https:\/\/www.facebook.com\/cdeuniversidadalmeria\/\" \/>\n<meta property=\"article:published_time\" content=\"2018-08-23T11:33:03+00:00\" \/>\n<meta property=\"article:modified_time\" content=\"2018-09-04T09:03:18+00:00\" \/>\n<meta property=\"og:image\" content=\"https:\/\/www.cde.ual.es\/wp-content\/uploads\/2018\/08\/descarga.jpg\" \/>\n\t<meta property=\"og:image:width\" content=\"295\" \/>\n\t<meta property=\"og:image:height\" content=\"171\" \/>\n\t<meta property=\"og:image:type\" content=\"image\/jpeg\" \/>\n<meta name=\"author\" content=\"BECA 2 CDE\" \/>\n<meta name=\"twitter:card\" content=\"summary_large_image\" \/>\n<meta name=\"twitter:creator\" content=\"@cdeualmeria\" \/>\n<meta name=\"twitter:site\" content=\"@cdeualmeria\" \/>\n<meta name=\"twitter:label1\" content=\"Written by\" \/>\n\t<meta name=\"twitter:data1\" content=\"BECA 2 CDE\" \/>\n\t<meta name=\"twitter:label2\" content=\"Est. reading time\" \/>\n\t<meta name=\"twitter:data2\" content=\"1 minute\" \/>\n<script type=\"application\/ld+json\" class=\"yoast-schema-graph\">{\"@context\":\"https:\\\/\\\/schema.org\",\"@graph\":[{\"@type\":\"Article\",\"@id\":\"https:\\\/\\\/www.cde.ual.es\\\/dia-europeo-de-conmemoracion-de-las-victimas-de-los-regimenes-autoritarios\\\/#article\",\"isPartOf\":{\"@id\":\"https:\\\/\\\/www.cde.ual.es\\\/dia-europeo-de-conmemoracion-de-las-victimas-de-los-regimenes-autoritarios\\\/\"},\"author\":{\"name\":\"BECA 2 CDE\",\"@id\":\"https:\\\/\\\/www.cde.ual.es\\\/#\\\/schema\\\/person\\\/ee46ebc19edfa19598c02cff83335acc\"},\"headline\":\"D\u00eda Europeo de Conmemoraci\u00f3n de las V\u00edctimas de los Reg\u00edmenes Autoritarios\",\"datePublished\":\"2018-08-23T11:33:03+00:00\",\"dateModified\":\"2018-09-04T09:03:18+00:00\",\"mainEntityOfPage\":{\"@id\":\"https:\\\/\\\/www.cde.ual.es\\\/dia-europeo-de-conmemoracion-de-las-victimas-de-los-regimenes-autoritarios\\\/\"},\"wordCount\":309,\"commentCount\":0,\"publisher\":{\"@id\":\"https:\\\/\\\/www.cde.ual.es\\\/#organization\"},\"image\":{\"@id\":\"https:\\\/\\\/www.cde.ual.es\\\/dia-europeo-de-conmemoracion-de-las-victimas-de-los-regimenes-autoritarios\\\/#primaryimage\"},\"thumbnailUrl\":\"https:\\\/\\\/www.cde.ual.es\\\/wp-content\\\/uploads\\\/2018\\\/08\\\/descarga.jpg\",\"keywords\":[\"Uni\u00f3n Europea\"],\"articleSection\":[\"Noticias UE\"],\"inLanguage\":\"en-US\",\"potentialAction\":[{\"@type\":\"CommentAction\",\"name\":\"Comment\",\"target\":[\"https:\\\/\\\/www.cde.ual.es\\\/dia-europeo-de-conmemoracion-de-las-victimas-de-los-regimenes-autoritarios\\\/#respond\"]}]},{\"@type\":\"WebPage\",\"@id\":\"https:\\\/\\\/www.cde.ual.es\\\/dia-europeo-de-conmemoracion-de-las-victimas-de-los-regimenes-autoritarios\\\/\",\"url\":\"https:\\\/\\\/www.cde.ual.es\\\/dia-europeo-de-conmemoracion-de-las-victimas-de-los-regimenes-autoritarios\\\/\",\"name\":\"D\u00eda Europeo de Conmemoraci\u00f3n de las V\u00edctimas de los Reg\u00edmenes Autoritarios | CDE Almer\u00eda - Centro de Documentaci\u00f3n Europea - Universidad de Almer\u00eda\",\"isPartOf\":{\"@id\":\"https:\\\/\\\/www.cde.ual.es\\\/#website\"},\"primaryImageOfPage\":{\"@id\":\"https:\\\/\\\/www.cde.ual.es\\\/dia-europeo-de-conmemoracion-de-las-victimas-de-los-regimenes-autoritarios\\\/#primaryimage\"},\"image\":{\"@id\":\"https:\\\/\\\/www.cde.ual.es\\\/dia-europeo-de-conmemoracion-de-las-victimas-de-los-regimenes-autoritarios\\\/#primaryimage\"},\"thumbnailUrl\":\"https:\\\/\\\/www.cde.ual.es\\\/wp-content\\\/uploads\\\/2018\\\/08\\\/descarga.jpg\",\"datePublished\":\"2018-08-23T11:33:03+00:00\",\"dateModified\":\"2018-09-04T09:03:18+00:00\",\"breadcrumb\":{\"@id\":\"https:\\\/\\\/www.cde.ual.es\\\/dia-europeo-de-conmemoracion-de-las-victimas-de-los-regimenes-autoritarios\\\/#breadcrumb\"},\"inLanguage\":\"en-US\",\"potentialAction\":[{\"@type\":\"ReadAction\",\"target\":[\"https:\\\/\\\/www.cde.ual.es\\\/dia-europeo-de-conmemoracion-de-las-victimas-de-los-regimenes-autoritarios\\\/\"]}]},{\"@type\":\"ImageObject\",\"inLanguage\":\"en-US\",\"@id\":\"https:\\\/\\\/www.cde.ual.es\\\/dia-europeo-de-conmemoracion-de-las-victimas-de-los-regimenes-autoritarios\\\/#primaryimage\",\"url\":\"https:\\\/\\\/www.cde.ual.es\\\/wp-content\\\/uploads\\\/2018\\\/08\\\/descarga.jpg\",\"contentUrl\":\"https:\\\/\\\/www.cde.ual.es\\\/wp-content\\\/uploads\\\/2018\\\/08\\\/descarga.jpg\",\"width\":295,\"height\":171},{\"@type\":\"BreadcrumbList\",\"@id\":\"https:\\\/\\\/www.cde.ual.es\\\/dia-europeo-de-conmemoracion-de-las-victimas-de-los-regimenes-autoritarios\\\/#breadcrumb\",\"itemListElement\":[{\"@type\":\"ListItem\",\"position\":1,\"name\":\"Inicio\",\"item\":\"https:\\\/\\\/www.cde.ual.es\\\/en\\\/\"},{\"@type\":\"ListItem\",\"position\":2,\"name\":\"Noticias UE\",\"item\":\"https:\\\/\\\/www.cde.ual.es\\\/category\\\/noticias-ue\\\/\"},{\"@type\":\"ListItem\",\"position\":3,\"name\":\"D\u00eda Europeo de Conmemoraci\u00f3n de las V\u00edctimas de los Reg\u00edmenes Autoritarios\"}]},{\"@type\":\"WebSite\",\"@id\":\"https:\\\/\\\/www.cde.ual.es\\\/#website\",\"url\":\"https:\\\/\\\/www.cde.ual.es\\\/\",\"name\":\"CDE Almer\u00eda - Centro de Documentaci\u00f3n Europea - Universidad de Almer\u00eda\",\"description\":\"Centro de Documentaci\u00f3n Europea de la Universidad de Almer\u00eda\",\"publisher\":{\"@id\":\"https:\\\/\\\/www.cde.ual.es\\\/#organization\"},\"alternateName\":\"CDE Almer\u00eda\",\"potentialAction\":[{\"@type\":\"SearchAction\",\"target\":{\"@type\":\"EntryPoint\",\"urlTemplate\":\"https:\\\/\\\/www.cde.ual.es\\\/?s={search_term_string}\"},\"query-input\":{\"@type\":\"PropertyValueSpecification\",\"valueRequired\":true,\"valueName\":\"search_term_string\"}}],\"inLanguage\":\"en-US\"},{\"@type\":\"Organization\",\"@id\":\"https:\\\/\\\/www.cde.ual.es\\\/#organization\",\"name\":\"Centro de Documentaci\u00f3n Europea de Almer\u00eda\",\"url\":\"https:\\\/\\\/www.cde.ual.es\\\/\",\"logo\":{\"@type\":\"ImageObject\",\"inLanguage\":\"en-US\",\"@id\":\"https:\\\/\\\/www.cde.ual.es\\\/#\\\/schema\\\/logo\\\/image\\\/\",\"url\":\"https:\\\/\\\/www.cde.ual.es\\\/wp-content\\\/uploads\\\/2025\\\/07\\\/cde-logo-3.png\",\"contentUrl\":\"https:\\\/\\\/www.cde.ual.es\\\/wp-content\\\/uploads\\\/2025\\\/07\\\/cde-logo-3.png\",\"width\":1400,\"height\":300,\"caption\":\"Centro de Documentaci\u00f3n Europea de Almer\u00eda\"},\"image\":{\"@id\":\"https:\\\/\\\/www.cde.ual.es\\\/#\\\/schema\\\/logo\\\/image\\\/\"},\"sameAs\":[\"https:\\\/\\\/www.facebook.com\\\/cdeuniversidadalmeria\\\/\",\"https:\\\/\\\/x.com\\\/cdeualmeria\",\"https:\\\/\\\/www.tiktok.com\\\/@cdealmeria\",\"https:\\\/\\\/www.instagram.com\\\/cdealmeria\\\/\",\"https:\\\/\\\/www.linkedin.com\\\/in\\\/cde-almera-812b26a9\\\/\"]},{\"@type\":\"Person\",\"@id\":\"https:\\\/\\\/www.cde.ual.es\\\/#\\\/schema\\\/person\\\/ee46ebc19edfa19598c02cff83335acc\",\"name\":\"BECA 2 CDE\",\"image\":{\"@type\":\"ImageObject\",\"inLanguage\":\"en-US\",\"@id\":\"https:\\\/\\\/secure.gravatar.com\\\/avatar\\\/35a481bbc04bbd90e91bdfa3b0b5541036c222a49b9ad37b6889a2afcb5311a5?s=96&d=mm&r=g\",\"url\":\"https:\\\/\\\/secure.gravatar.com\\\/avatar\\\/35a481bbc04bbd90e91bdfa3b0b5541036c222a49b9ad37b6889a2afcb5311a5?s=96&d=mm&r=g\",\"contentUrl\":\"https:\\\/\\\/secure.gravatar.com\\\/avatar\\\/35a481bbc04bbd90e91bdfa3b0b5541036c222a49b9ad37b6889a2afcb5311a5?s=96&d=mm&r=g\",\"caption\":\"BECA 2 CDE\"},\"sameAs\":[\"http:\\\/\\\/www.cdealmeria.com\"]}]}<\/script>\n<!-- \/ Yoast SEO plugin. -->","yoast_head_json":{"title":"D\u00eda Europeo de Conmemoraci\u00f3n de las V\u00edctimas de los Reg\u00edmenes Autoritarios | CDE Almer\u00eda - Centro de Documentaci\u00f3n Europea - Universidad de Almer\u00eda","robots":{"index":"index","follow":"follow","max-snippet":"max-snippet:-1","max-image-preview":"max-image-preview:large","max-video-preview":"max-video-preview:-1"},"canonical":"https:\/\/www.cde.ual.es\/dia-europeo-de-conmemoracion-de-las-victimas-de-los-regimenes-autoritarios\/","og_locale":"en_US","og_type":"article","og_title":"D\u00eda Europeo de Conmemoraci\u00f3n de las V\u00edctimas de los Reg\u00edmenes Autoritarios | CDE Almer\u00eda - Centro de Documentaci\u00f3n Europea - Universidad de Almer\u00eda","og_description":"Declaraci\u00f3n conjunta del vicepresidente primero Timmermans y de la comisaria Jourov\u00e1 en v\u00edsperas del D\u00eda Europeo de Conmemoraci\u00f3n de las V\u00edctimas de los Reg\u00edmenes Totalitarios y Autoritarios \u00abCada a\u00f1o en esta fecha conmemoramos a las v\u00edctimas de todos los reg\u00edmenes totalitarios y recordamos con pesar las terribles consecuencias del Pacto Molotov-Ribbentrop, firmado el 23 de [&hellip;]","og_url":"https:\/\/www.cde.ual.es\/dia-europeo-de-conmemoracion-de-las-victimas-de-los-regimenes-autoritarios\/","og_site_name":"CDE Almer\u00eda - Centro de Documentaci\u00f3n Europea - Universidad de Almer\u00eda","article_publisher":"https:\/\/www.facebook.com\/cdeuniversidadalmeria\/","article_published_time":"2018-08-23T11:33:03+00:00","article_modified_time":"2018-09-04T09:03:18+00:00","og_image":[{"width":295,"height":171,"url":"https:\/\/www.cde.ual.es\/wp-content\/uploads\/2018\/08\/descarga.jpg","type":"image\/jpeg"}],"author":"BECA 2 CDE","twitter_card":"summary_large_image","twitter_creator":"@cdeualmeria","twitter_site":"@cdeualmeria","twitter_misc":{"Written by":"BECA 2 CDE","Est. reading time":"1 minute"},"schema":{"@context":"https:\/\/schema.org","@graph":[{"@type":"Article","@id":"https:\/\/www.cde.ual.es\/dia-europeo-de-conmemoracion-de-las-victimas-de-los-regimenes-autoritarios\/#article","isPartOf":{"@id":"https:\/\/www.cde.ual.es\/dia-europeo-de-conmemoracion-de-las-victimas-de-los-regimenes-autoritarios\/"},"author":{"name":"BECA 2 CDE","@id":"https:\/\/www.cde.ual.es\/#\/schema\/person\/ee46ebc19edfa19598c02cff83335acc"},"headline":"D\u00eda Europeo de Conmemoraci\u00f3n de las V\u00edctimas de los Reg\u00edmenes Autoritarios","datePublished":"2018-08-23T11:33:03+00:00","dateModified":"2018-09-04T09:03:18+00:00","mainEntityOfPage":{"@id":"https:\/\/www.cde.ual.es\/dia-europeo-de-conmemoracion-de-las-victimas-de-los-regimenes-autoritarios\/"},"wordCount":309,"commentCount":0,"publisher":{"@id":"https:\/\/www.cde.ual.es\/#organization"},"image":{"@id":"https:\/\/www.cde.ual.es\/dia-europeo-de-conmemoracion-de-las-victimas-de-los-regimenes-autoritarios\/#primaryimage"},"thumbnailUrl":"https:\/\/www.cde.ual.es\/wp-content\/uploads\/2018\/08\/descarga.jpg","keywords":["Uni\u00f3n Europea"],"articleSection":["Noticias UE"],"inLanguage":"en-US","potentialAction":[{"@type":"CommentAction","name":"Comment","target":["https:\/\/www.cde.ual.es\/dia-europeo-de-conmemoracion-de-las-victimas-de-los-regimenes-autoritarios\/#respond"]}]},{"@type":"WebPage","@id":"https:\/\/www.cde.ual.es\/dia-europeo-de-conmemoracion-de-las-victimas-de-los-regimenes-autoritarios\/","url":"https:\/\/www.cde.ual.es\/dia-europeo-de-conmemoracion-de-las-victimas-de-los-regimenes-autoritarios\/","name":"D\u00eda Europeo de Conmemoraci\u00f3n de las V\u00edctimas de los Reg\u00edmenes Autoritarios | CDE Almer\u00eda - Centro de Documentaci\u00f3n Europea - Universidad de Almer\u00eda","isPartOf":{"@id":"https:\/\/www.cde.ual.es\/#website"},"primaryImageOfPage":{"@id":"https:\/\/www.cde.ual.es\/dia-europeo-de-conmemoracion-de-las-victimas-de-los-regimenes-autoritarios\/#primaryimage"},"image":{"@id":"https:\/\/www.cde.ual.es\/dia-europeo-de-conmemoracion-de-las-victimas-de-los-regimenes-autoritarios\/#primaryimage"},"thumbnailUrl":"https:\/\/www.cde.ual.es\/wp-content\/uploads\/2018\/08\/descarga.jpg","datePublished":"2018-08-23T11:33:03+00:00","dateModified":"2018-09-04T09:03:18+00:00","breadcrumb":{"@id":"https:\/\/www.cde.ual.es\/dia-europeo-de-conmemoracion-de-las-victimas-de-los-regimenes-autoritarios\/#breadcrumb"},"inLanguage":"en-US","potentialAction":[{"@type":"ReadAction","target":["https:\/\/www.cde.ual.es\/dia-europeo-de-conmemoracion-de-las-victimas-de-los-regimenes-autoritarios\/"]}]},{"@type":"ImageObject","inLanguage":"en-US","@id":"https:\/\/www.cde.ual.es\/dia-europeo-de-conmemoracion-de-las-victimas-de-los-regimenes-autoritarios\/#primaryimage","url":"https:\/\/www.cde.ual.es\/wp-content\/uploads\/2018\/08\/descarga.jpg","contentUrl":"https:\/\/www.cde.ual.es\/wp-content\/uploads\/2018\/08\/descarga.jpg","width":295,"height":171},{"@type":"BreadcrumbList","@id":"https:\/\/www.cde.ual.es\/dia-europeo-de-conmemoracion-de-las-victimas-de-los-regimenes-autoritarios\/#breadcrumb","itemListElement":[{"@type":"ListItem","position":1,"name":"Inicio","item":"https:\/\/www.cde.ual.es\/en\/"},{"@type":"ListItem","position":2,"name":"Noticias UE","item":"https:\/\/www.cde.ual.es\/category\/noticias-ue\/"},{"@type":"ListItem","position":3,"name":"D\u00eda Europeo de Conmemoraci\u00f3n de las V\u00edctimas de los Reg\u00edmenes Autoritarios"}]},{"@type":"WebSite","@id":"https:\/\/www.cde.ual.es\/#website","url":"https:\/\/www.cde.ual.es\/","name":"CDE Almer\u00eda - Centro de Documentaci\u00f3n Europea - Universidad de Almer\u00eda","description":"Centro de Documentaci\u00f3n Europea de la Universidad de Almer\u00eda","publisher":{"@id":"https:\/\/www.cde.ual.es\/#organization"},"alternateName":"CDE Almer\u00eda","potentialAction":[{"@type":"SearchAction","target":{"@type":"EntryPoint","urlTemplate":"https:\/\/www.cde.ual.es\/?s={search_term_string}"},"query-input":{"@type":"PropertyValueSpecification","valueRequired":true,"valueName":"search_term_string"}}],"inLanguage":"en-US"},{"@type":"Organization","@id":"https:\/\/www.cde.ual.es\/#organization","name":"Centro de Documentaci\u00f3n Europea de Almer\u00eda","url":"https:\/\/www.cde.ual.es\/","logo":{"@type":"ImageObject","inLanguage":"en-US","@id":"https:\/\/www.cde.ual.es\/#\/schema\/logo\/image\/","url":"https:\/\/www.cde.ual.es\/wp-content\/uploads\/2025\/07\/cde-logo-3.png","contentUrl":"https:\/\/www.cde.ual.es\/wp-content\/uploads\/2025\/07\/cde-logo-3.png","width":1400,"height":300,"caption":"Centro de Documentaci\u00f3n Europea de Almer\u00eda"},"image":{"@id":"https:\/\/www.cde.ual.es\/#\/schema\/logo\/image\/"},"sameAs":["https:\/\/www.facebook.com\/cdeuniversidadalmeria\/","https:\/\/x.com\/cdeualmeria","https:\/\/www.tiktok.com\/@cdealmeria","https:\/\/www.instagram.com\/cdealmeria\/","https:\/\/www.linkedin.com\/in\/cde-almera-812b26a9\/"]},{"@type":"Person","@id":"https:\/\/www.cde.ual.es\/#\/schema\/person\/ee46ebc19edfa19598c02cff83335acc","name":"BECA 2 CDE","image":{"@type":"ImageObject","inLanguage":"en-US","@id":"https:\/\/secure.gravatar.com\/avatar\/35a481bbc04bbd90e91bdfa3b0b5541036c222a49b9ad37b6889a2afcb5311a5?s=96&d=mm&r=g","url":"https:\/\/secure.gravatar.com\/avatar\/35a481bbc04bbd90e91bdfa3b0b5541036c222a49b9ad37b6889a2afcb5311a5?s=96&d=mm&r=g","contentUrl":"https:\/\/secure.gravatar.com\/avatar\/35a481bbc04bbd90e91bdfa3b0b5541036c222a49b9ad37b6889a2afcb5311a5?s=96&d=mm&r=g","caption":"BECA 2 CDE"},"sameAs":["http:\/\/www.cdealmeria.com"]}]}},"_links":{"self":[{"href":"https:\/\/www.cde.ual.es\/en\/wp-json\/wp\/v2\/posts\/7783","targetHints":{"allow":["GET"]}}],"collection":[{"href":"https:\/\/www.cde.ual.es\/en\/wp-json\/wp\/v2\/posts"}],"about":[{"href":"https:\/\/www.cde.ual.es\/en\/wp-json\/wp\/v2\/types\/post"}],"author":[{"embeddable":true,"href":"https:\/\/www.cde.ual.es\/en\/wp-json\/wp\/v2\/users\/101011"}],"replies":[{"embeddable":true,"href":"https:\/\/www.cde.ual.es\/en\/wp-json\/wp\/v2\/comments?post=7783"}],"version-history":[{"count":0,"href":"https:\/\/www.cde.ual.es\/en\/wp-json\/wp\/v2\/posts\/7783\/revisions"}],"wp:featuredmedia":[{"embeddable":true,"href":"https:\/\/www.cde.ual.es\/en\/wp-json\/wp\/v2\/media\/7784"}],"wp:attachment":[{"href":"https:\/\/www.cde.ual.es\/en\/wp-json\/wp\/v2\/media?parent=7783"}],"wp:term":[{"taxonomy":"category","embeddable":true,"href":"https:\/\/www.cde.ual.es\/en\/wp-json\/wp\/v2\/categories?post=7783"},{"taxonomy":"post_tag","embeddable":true,"href":"https:\/\/www.cde.ual.es\/en\/wp-json\/wp\/v2\/tags?post=7783"}],"curies":[{"name":"wp","href":"https:\/\/api.w.org\/{rel}","templated":true}]}}