{"id":7780,"date":"2018-08-20T12:57:14","date_gmt":"2018-08-20T10:57:14","guid":{"rendered":"http:\/\/www.cde.ual.es\/?p=7780"},"modified":"2018-09-04T11:02:41","modified_gmt":"2018-09-04T09:02:41","slug":"nuevo-capitulo-para-la-economia-griega","status":"publish","type":"post","link":"https:\/\/www.cde.ual.es\/en\/nuevo-capitulo-para-la-economia-griega\/","title":{"rendered":"Nuevo cap\u00edtulo para la econom\u00eda griega"},"content":{"rendered":"<p><a href=\"http:\/\/www.cde.ual.es\/wp-content\/uploads\/2018\/08\/image_content_8554150_20180820130118.jpg\"><img decoding=\"async\" class=\"size-medium wp-image-7781 aligncenter\" src=\"http:\/\/www.cde.ual.es\/wp-content\/uploads\/2018\/08\/image_content_8554150_20180820130118-300x169.jpg\" alt=\"\" width=\"300\" height=\"169\" srcset=\"https:\/\/www.cde.ual.es\/wp-content\/uploads\/2018\/08\/image_content_8554150_20180820130118-300x169.jpg 300w, https:\/\/www.cde.ual.es\/wp-content\/uploads\/2018\/08\/image_content_8554150_20180820130118.jpg 755w\" sizes=\"(max-width: 300px) 100vw, 300px\" \/><\/a><\/p>\n<h3 class=\"title\" style=\"text-align: center;\">Grecia ha finalizado con \u00e9xito sus tres a\u00f1os de Mecanismo Europeo de Estabilidad (MEDE), el programa de ajuste macroecon\u00f3mico, de manera que su lugar en el n\u00facleo de la zona del euro y la Uni\u00f3n Europea queda asegurado.<\/h3>\n<p>La conclusi\u00f3n con \u00e9xito del programa es un testimonio de los sacrificios del pueblo griego, del compromiso del pa\u00eds con las reformas y de la solidaridad de sus socios europeos.<\/p>\n<h5>Mecanismo Europeo de Estabilidad (MEDE)<\/h5>\n<p>Un total de 61\u00a0900 millones de euros en pr\u00e9stamos se han concedido a Grecia con cargo a este programa de ajuste macroecon\u00f3mico. El MEDE adopt\u00f3 un enfoque coordinado para afrontar los problemas estructurales duraderos y profundamente arraigados que provocaron la crisis griega.<\/p>\n<p>Entre otras, Grecia ha tomado medidas para garantizar su sostenibilidad presupuestaria. Estas medidas de reforma seguir\u00e1n teniendo repercusiones positivas en la sostenibilidad presupuestaria mucho despu\u00e9s de la finalizaci\u00f3n del programa.<\/p>\n<p>En este momento, el sector financiero se encuentra ahora en una posici\u00f3n mucho m\u00e1s saneada. Esto se debe al \u00e9xito de las operaciones de recapitalizaci\u00f3n y de una revisi\u00f3n de la gobernanza bancaria.<\/p>\n<p>Nuevas normas sobre trabajadores p\u00fablicos y la creaci\u00f3n de la Autoridad Tributaria Independiente mejoraron la eficacia de la Administraci\u00f3n P\u00fablica. Adem\u00e1s, se destacan las medidas para que el sistema judicial sea m\u00e1s eficiente.<\/p>\n<p>Por \u00faltimo, se han aplicado importantes medidas estructurales para mejorar el entorno empresarial y la competitividad de Grecia. El objetivo es convertirlo en un destino atractivo para invertir y facilitar a las empresas existentes la creaci\u00f3n de empleo. Asimismo, para establecer reg\u00edmenes sostenibles y universales de pensiones, sanidad y prestaciones sociales, incluido un sistema de renta m\u00ednima garantizada.<\/p>\n<h5>Pr\u00f3ximos pasos<\/h5>\n<p>La conclusi\u00f3n del programa marca el final de un cap\u00edtulo y el comienzo de otro para Grecia. Ser\u00e1 necesario seguir centr\u00e1ndose en abordar las consecuencias sociales y econ\u00f3micas que son el legado de los a\u00f1os de crisis. Esto requerir\u00e1 que las autoridades griegas mantengan la asunci\u00f3n de responsabilidades en materia de reformas y su aplicaci\u00f3n constante, seg\u00fan los compromisos que asumieron en la reuni\u00f3n del Eurogrupo de 22 de junio de 2018. Ello es crucial para arraigar la confianza de los mercados y fortalecer la recuperaci\u00f3n econ\u00f3mica de Grecia, especialmente en el per\u00edodo inmediatamente posterior al programa.<\/p>\n<h5>M\u00e1s informaci\u00f3n<\/h5>\n<p>Accede a la noticias completa <a href=\"http:\/\/europa.eu\/rapid\/press-release_IP-18-5002_es.htm\">aqu\u00ed<\/a><\/p>\n<p><a href=\"http:\/\/www.consilium.europa.eu\/en\/press\/press-releases\/2018\/06\/22\/eurogroup-statement-on-greece-22-june-2018\/?utm_source=dlvr.it&amp;utm_medium=twitter\">Declaraci\u00f3n del Eurogrupo, de 22 de junio de 2018<\/a><\/p>\n<p><a href=\"https:\/\/ec.europa.eu\/info\/sites\/info\/files\/economy-finance\/01_a_new_chapter_for_greece.pdf\">Ficha informativa: un nuevo cap\u00edtulo para Grecia<\/a><\/p>\n<p>&nbsp;<\/p>\n","protected":false},"excerpt":{"rendered":"<p>Grecia ha finalizado con \u00e9xito sus tres a\u00f1os de Mecanismo Europeo de Estabilidad (MEDE), el programa de ajuste macroecon\u00f3mico, de manera que su lugar en el n\u00facleo de la zona del euro y la Uni\u00f3n Europea queda asegurado. La conclusi\u00f3n con \u00e9xito del programa es un testimonio de los sacrificios del pueblo griego, del compromiso [&hellip;]<\/p>\n","protected":false},"author":101011,"featured_media":7781,"comment_status":"open","ping_status":"open","sticky":false,"template":"","format":"standard","meta":{"_acf_changed":false,"_relevanssi_hide_post":"","_relevanssi_hide_content":"","_relevanssi_pin_for_all":"","_relevanssi_pin_keywords":"","_relevanssi_unpin_keywords":"","_relevanssi_related_keywords":"","_relevanssi_related_include_ids":"","_relevanssi_related_exclude_ids":"","_relevanssi_related_no_append":"","_relevanssi_related_not_related":"","_relevanssi_related_posts":"","_relevanssi_noindex_reason":"","_monsterinsights_skip_tracking":false,"_monsterinsights_sitenote_active":false,"_monsterinsights_sitenote_note":"","_monsterinsights_sitenote_category":0,"_genesis_hide_title":false,"_genesis_hide_breadcrumbs":false,"_genesis_hide_singular_image":false,"_genesis_hide_footer_widgets":false,"_genesis_custom_body_class":"","_genesis_custom_post_class":"","_genesis_layout":"","footnotes":""},"categories":[96],"tags":[219,126,135],"class_list":{"0":"post-7780","1":"post","2":"type-post","3":"status-publish","4":"format-standard","5":"has-post-thumbnail","7":"category-noticias-ue","8":"tag-grecia","9":"tag-competitividad-empresa","10":"tag-union-europea","11":"entry"},"acf":[],"yoast_head":"<!-- This site is optimized with the Yoast SEO plugin v27.4 - https:\/\/yoast.com\/product\/yoast-seo-wordpress\/ -->\n<title>Nuevo cap\u00edtulo para la econom\u00eda griega | CDE Almer\u00eda - Centro de Documentaci\u00f3n Europea - Universidad de Almer\u00eda<\/title>\n<meta name=\"robots\" content=\"index, follow, max-snippet:-1, max-image-preview:large, max-video-preview:-1\" \/>\n<link rel=\"canonical\" href=\"https:\/\/www.cde.ual.es\/nuevo-capitulo-para-la-economia-griega\/\" \/>\n<meta property=\"og:locale\" content=\"en_US\" \/>\n<meta property=\"og:type\" content=\"article\" \/>\n<meta property=\"og:title\" content=\"Nuevo cap\u00edtulo para la econom\u00eda griega | CDE Almer\u00eda - Centro de Documentaci\u00f3n Europea - Universidad de Almer\u00eda\" \/>\n<meta property=\"og:description\" content=\"Grecia ha finalizado con \u00e9xito sus tres a\u00f1os de Mecanismo Europeo de Estabilidad (MEDE), el programa de ajuste macroecon\u00f3mico, de manera que su lugar en el n\u00facleo de la zona del euro y la Uni\u00f3n Europea queda asegurado. La conclusi\u00f3n con \u00e9xito del programa es un testimonio de los sacrificios del pueblo griego, del compromiso [&hellip;]\" \/>\n<meta property=\"og:url\" content=\"https:\/\/www.cde.ual.es\/nuevo-capitulo-para-la-economia-griega\/\" \/>\n<meta property=\"og:site_name\" content=\"CDE Almer\u00eda - Centro de Documentaci\u00f3n Europea - Universidad de Almer\u00eda\" \/>\n<meta property=\"article:publisher\" content=\"https:\/\/www.facebook.com\/cdeuniversidadalmeria\/\" \/>\n<meta property=\"article:published_time\" content=\"2018-08-20T10:57:14+00:00\" \/>\n<meta property=\"article:modified_time\" content=\"2018-09-04T09:02:41+00:00\" \/>\n<meta property=\"og:image\" content=\"https:\/\/www.cde.ual.es\/wp-content\/uploads\/2018\/08\/image_content_8554150_20180820130118.jpg\" \/>\n\t<meta property=\"og:image:width\" content=\"755\" \/>\n\t<meta property=\"og:image:height\" content=\"425\" \/>\n\t<meta property=\"og:image:type\" content=\"image\/jpeg\" \/>\n<meta name=\"author\" content=\"BECA 2 CDE\" \/>\n<meta name=\"twitter:card\" content=\"summary_large_image\" \/>\n<meta name=\"twitter:creator\" content=\"@cdeualmeria\" \/>\n<meta name=\"twitter:site\" content=\"@cdeualmeria\" \/>\n<meta name=\"twitter:label1\" content=\"Written by\" \/>\n\t<meta name=\"twitter:data1\" content=\"BECA 2 CDE\" \/>\n\t<meta name=\"twitter:label2\" content=\"Est. reading time\" \/>\n\t<meta name=\"twitter:data2\" content=\"2 minutes\" \/>\n<script type=\"application\/ld+json\" class=\"yoast-schema-graph\">{\"@context\":\"https:\\\/\\\/schema.org\",\"@graph\":[{\"@type\":\"Article\",\"@id\":\"https:\\\/\\\/www.cde.ual.es\\\/nuevo-capitulo-para-la-economia-griega\\\/#article\",\"isPartOf\":{\"@id\":\"https:\\\/\\\/www.cde.ual.es\\\/nuevo-capitulo-para-la-economia-griega\\\/\"},\"author\":{\"name\":\"BECA 2 CDE\",\"@id\":\"https:\\\/\\\/www.cde.ual.es\\\/#\\\/schema\\\/person\\\/ee46ebc19edfa19598c02cff83335acc\"},\"headline\":\"Nuevo cap\u00edtulo para la econom\u00eda griega\",\"datePublished\":\"2018-08-20T10:57:14+00:00\",\"dateModified\":\"2018-09-04T09:02:41+00:00\",\"mainEntityOfPage\":{\"@id\":\"https:\\\/\\\/www.cde.ual.es\\\/nuevo-capitulo-para-la-economia-griega\\\/\"},\"wordCount\":437,\"commentCount\":0,\"publisher\":{\"@id\":\"https:\\\/\\\/www.cde.ual.es\\\/#organization\"},\"image\":{\"@id\":\"https:\\\/\\\/www.cde.ual.es\\\/nuevo-capitulo-para-la-economia-griega\\\/#primaryimage\"},\"thumbnailUrl\":\"https:\\\/\\\/www.cde.ual.es\\\/wp-content\\\/uploads\\\/2018\\\/08\\\/image_content_8554150_20180820130118.jpg\",\"keywords\":[\"Grecia\",\"Mercado en la Uni\u00f3n Europea\",\"Uni\u00f3n Europea\"],\"articleSection\":[\"Noticias UE\"],\"inLanguage\":\"en-US\",\"potentialAction\":[{\"@type\":\"CommentAction\",\"name\":\"Comment\",\"target\":[\"https:\\\/\\\/www.cde.ual.es\\\/nuevo-capitulo-para-la-economia-griega\\\/#respond\"]}]},{\"@type\":\"WebPage\",\"@id\":\"https:\\\/\\\/www.cde.ual.es\\\/nuevo-capitulo-para-la-economia-griega\\\/\",\"url\":\"https:\\\/\\\/www.cde.ual.es\\\/nuevo-capitulo-para-la-economia-griega\\\/\",\"name\":\"Nuevo cap\u00edtulo para la econom\u00eda griega | CDE Almer\u00eda - Centro de Documentaci\u00f3n Europea - Universidad de Almer\u00eda\",\"isPartOf\":{\"@id\":\"https:\\\/\\\/www.cde.ual.es\\\/#website\"},\"primaryImageOfPage\":{\"@id\":\"https:\\\/\\\/www.cde.ual.es\\\/nuevo-capitulo-para-la-economia-griega\\\/#primaryimage\"},\"image\":{\"@id\":\"https:\\\/\\\/www.cde.ual.es\\\/nuevo-capitulo-para-la-economia-griega\\\/#primaryimage\"},\"thumbnailUrl\":\"https:\\\/\\\/www.cde.ual.es\\\/wp-content\\\/uploads\\\/2018\\\/08\\\/image_content_8554150_20180820130118.jpg\",\"datePublished\":\"2018-08-20T10:57:14+00:00\",\"dateModified\":\"2018-09-04T09:02:41+00:00\",\"breadcrumb\":{\"@id\":\"https:\\\/\\\/www.cde.ual.es\\\/nuevo-capitulo-para-la-economia-griega\\\/#breadcrumb\"},\"inLanguage\":\"en-US\",\"potentialAction\":[{\"@type\":\"ReadAction\",\"target\":[\"https:\\\/\\\/www.cde.ual.es\\\/nuevo-capitulo-para-la-economia-griega\\\/\"]}]},{\"@type\":\"ImageObject\",\"inLanguage\":\"en-US\",\"@id\":\"https:\\\/\\\/www.cde.ual.es\\\/nuevo-capitulo-para-la-economia-griega\\\/#primaryimage\",\"url\":\"https:\\\/\\\/www.cde.ual.es\\\/wp-content\\\/uploads\\\/2018\\\/08\\\/image_content_8554150_20180820130118.jpg\",\"contentUrl\":\"https:\\\/\\\/www.cde.ual.es\\\/wp-content\\\/uploads\\\/2018\\\/08\\\/image_content_8554150_20180820130118.jpg\",\"width\":755,\"height\":425},{\"@type\":\"BreadcrumbList\",\"@id\":\"https:\\\/\\\/www.cde.ual.es\\\/nuevo-capitulo-para-la-economia-griega\\\/#breadcrumb\",\"itemListElement\":[{\"@type\":\"ListItem\",\"position\":1,\"name\":\"Inicio\",\"item\":\"https:\\\/\\\/www.cde.ual.es\\\/en\\\/\"},{\"@type\":\"ListItem\",\"position\":2,\"name\":\"Noticias UE\",\"item\":\"https:\\\/\\\/www.cde.ual.es\\\/category\\\/noticias-ue\\\/\"},{\"@type\":\"ListItem\",\"position\":3,\"name\":\"Nuevo cap\u00edtulo para la econom\u00eda griega\"}]},{\"@type\":\"WebSite\",\"@id\":\"https:\\\/\\\/www.cde.ual.es\\\/#website\",\"url\":\"https:\\\/\\\/www.cde.ual.es\\\/\",\"name\":\"CDE Almer\u00eda - Centro de Documentaci\u00f3n Europea - Universidad de Almer\u00eda\",\"description\":\"Centro de Documentaci\u00f3n Europea de la Universidad de Almer\u00eda\",\"publisher\":{\"@id\":\"https:\\\/\\\/www.cde.ual.es\\\/#organization\"},\"alternateName\":\"CDE Almer\u00eda\",\"potentialAction\":[{\"@type\":\"SearchAction\",\"target\":{\"@type\":\"EntryPoint\",\"urlTemplate\":\"https:\\\/\\\/www.cde.ual.es\\\/?s={search_term_string}\"},\"query-input\":{\"@type\":\"PropertyValueSpecification\",\"valueRequired\":true,\"valueName\":\"search_term_string\"}}],\"inLanguage\":\"en-US\"},{\"@type\":\"Organization\",\"@id\":\"https:\\\/\\\/www.cde.ual.es\\\/#organization\",\"name\":\"Centro de Documentaci\u00f3n Europea de Almer\u00eda\",\"url\":\"https:\\\/\\\/www.cde.ual.es\\\/\",\"logo\":{\"@type\":\"ImageObject\",\"inLanguage\":\"en-US\",\"@id\":\"https:\\\/\\\/www.cde.ual.es\\\/#\\\/schema\\\/logo\\\/image\\\/\",\"url\":\"https:\\\/\\\/www.cde.ual.es\\\/wp-content\\\/uploads\\\/2025\\\/07\\\/cde-logo-3.png\",\"contentUrl\":\"https:\\\/\\\/www.cde.ual.es\\\/wp-content\\\/uploads\\\/2025\\\/07\\\/cde-logo-3.png\",\"width\":1400,\"height\":300,\"caption\":\"Centro de Documentaci\u00f3n Europea de Almer\u00eda\"},\"image\":{\"@id\":\"https:\\\/\\\/www.cde.ual.es\\\/#\\\/schema\\\/logo\\\/image\\\/\"},\"sameAs\":[\"https:\\\/\\\/www.facebook.com\\\/cdeuniversidadalmeria\\\/\",\"https:\\\/\\\/x.com\\\/cdeualmeria\",\"https:\\\/\\\/www.tiktok.com\\\/@cdealmeria\",\"https:\\\/\\\/www.instagram.com\\\/cdealmeria\\\/\",\"https:\\\/\\\/www.linkedin.com\\\/in\\\/cde-almera-812b26a9\\\/\"]},{\"@type\":\"Person\",\"@id\":\"https:\\\/\\\/www.cde.ual.es\\\/#\\\/schema\\\/person\\\/ee46ebc19edfa19598c02cff83335acc\",\"name\":\"BECA 2 CDE\",\"image\":{\"@type\":\"ImageObject\",\"inLanguage\":\"en-US\",\"@id\":\"https:\\\/\\\/secure.gravatar.com\\\/avatar\\\/35a481bbc04bbd90e91bdfa3b0b5541036c222a49b9ad37b6889a2afcb5311a5?s=96&d=mm&r=g\",\"url\":\"https:\\\/\\\/secure.gravatar.com\\\/avatar\\\/35a481bbc04bbd90e91bdfa3b0b5541036c222a49b9ad37b6889a2afcb5311a5?s=96&d=mm&r=g\",\"contentUrl\":\"https:\\\/\\\/secure.gravatar.com\\\/avatar\\\/35a481bbc04bbd90e91bdfa3b0b5541036c222a49b9ad37b6889a2afcb5311a5?s=96&d=mm&r=g\",\"caption\":\"BECA 2 CDE\"},\"sameAs\":[\"http:\\\/\\\/www.cdealmeria.com\"]}]}<\/script>\n<!-- \/ Yoast SEO plugin. -->","yoast_head_json":{"title":"Nuevo cap\u00edtulo para la econom\u00eda griega | CDE Almer\u00eda - Centro de Documentaci\u00f3n Europea - Universidad de Almer\u00eda","robots":{"index":"index","follow":"follow","max-snippet":"max-snippet:-1","max-image-preview":"max-image-preview:large","max-video-preview":"max-video-preview:-1"},"canonical":"https:\/\/www.cde.ual.es\/nuevo-capitulo-para-la-economia-griega\/","og_locale":"en_US","og_type":"article","og_title":"Nuevo cap\u00edtulo para la econom\u00eda griega | CDE Almer\u00eda - Centro de Documentaci\u00f3n Europea - Universidad de Almer\u00eda","og_description":"Grecia ha finalizado con \u00e9xito sus tres a\u00f1os de Mecanismo Europeo de Estabilidad (MEDE), el programa de ajuste macroecon\u00f3mico, de manera que su lugar en el n\u00facleo de la zona del euro y la Uni\u00f3n Europea queda asegurado. La conclusi\u00f3n con \u00e9xito del programa es un testimonio de los sacrificios del pueblo griego, del compromiso [&hellip;]","og_url":"https:\/\/www.cde.ual.es\/nuevo-capitulo-para-la-economia-griega\/","og_site_name":"CDE Almer\u00eda - Centro de Documentaci\u00f3n Europea - Universidad de Almer\u00eda","article_publisher":"https:\/\/www.facebook.com\/cdeuniversidadalmeria\/","article_published_time":"2018-08-20T10:57:14+00:00","article_modified_time":"2018-09-04T09:02:41+00:00","og_image":[{"width":755,"height":425,"url":"https:\/\/www.cde.ual.es\/wp-content\/uploads\/2018\/08\/image_content_8554150_20180820130118.jpg","type":"image\/jpeg"}],"author":"BECA 2 CDE","twitter_card":"summary_large_image","twitter_creator":"@cdeualmeria","twitter_site":"@cdeualmeria","twitter_misc":{"Written by":"BECA 2 CDE","Est. reading time":"2 minutes"},"schema":{"@context":"https:\/\/schema.org","@graph":[{"@type":"Article","@id":"https:\/\/www.cde.ual.es\/nuevo-capitulo-para-la-economia-griega\/#article","isPartOf":{"@id":"https:\/\/www.cde.ual.es\/nuevo-capitulo-para-la-economia-griega\/"},"author":{"name":"BECA 2 CDE","@id":"https:\/\/www.cde.ual.es\/#\/schema\/person\/ee46ebc19edfa19598c02cff83335acc"},"headline":"Nuevo cap\u00edtulo para la econom\u00eda griega","datePublished":"2018-08-20T10:57:14+00:00","dateModified":"2018-09-04T09:02:41+00:00","mainEntityOfPage":{"@id":"https:\/\/www.cde.ual.es\/nuevo-capitulo-para-la-economia-griega\/"},"wordCount":437,"commentCount":0,"publisher":{"@id":"https:\/\/www.cde.ual.es\/#organization"},"image":{"@id":"https:\/\/www.cde.ual.es\/nuevo-capitulo-para-la-economia-griega\/#primaryimage"},"thumbnailUrl":"https:\/\/www.cde.ual.es\/wp-content\/uploads\/2018\/08\/image_content_8554150_20180820130118.jpg","keywords":["Grecia","Mercado en la Uni\u00f3n Europea","Uni\u00f3n Europea"],"articleSection":["Noticias UE"],"inLanguage":"en-US","potentialAction":[{"@type":"CommentAction","name":"Comment","target":["https:\/\/www.cde.ual.es\/nuevo-capitulo-para-la-economia-griega\/#respond"]}]},{"@type":"WebPage","@id":"https:\/\/www.cde.ual.es\/nuevo-capitulo-para-la-economia-griega\/","url":"https:\/\/www.cde.ual.es\/nuevo-capitulo-para-la-economia-griega\/","name":"Nuevo cap\u00edtulo para la econom\u00eda griega | CDE Almer\u00eda - Centro de Documentaci\u00f3n Europea - Universidad de Almer\u00eda","isPartOf":{"@id":"https:\/\/www.cde.ual.es\/#website"},"primaryImageOfPage":{"@id":"https:\/\/www.cde.ual.es\/nuevo-capitulo-para-la-economia-griega\/#primaryimage"},"image":{"@id":"https:\/\/www.cde.ual.es\/nuevo-capitulo-para-la-economia-griega\/#primaryimage"},"thumbnailUrl":"https:\/\/www.cde.ual.es\/wp-content\/uploads\/2018\/08\/image_content_8554150_20180820130118.jpg","datePublished":"2018-08-20T10:57:14+00:00","dateModified":"2018-09-04T09:02:41+00:00","breadcrumb":{"@id":"https:\/\/www.cde.ual.es\/nuevo-capitulo-para-la-economia-griega\/#breadcrumb"},"inLanguage":"en-US","potentialAction":[{"@type":"ReadAction","target":["https:\/\/www.cde.ual.es\/nuevo-capitulo-para-la-economia-griega\/"]}]},{"@type":"ImageObject","inLanguage":"en-US","@id":"https:\/\/www.cde.ual.es\/nuevo-capitulo-para-la-economia-griega\/#primaryimage","url":"https:\/\/www.cde.ual.es\/wp-content\/uploads\/2018\/08\/image_content_8554150_20180820130118.jpg","contentUrl":"https:\/\/www.cde.ual.es\/wp-content\/uploads\/2018\/08\/image_content_8554150_20180820130118.jpg","width":755,"height":425},{"@type":"BreadcrumbList","@id":"https:\/\/www.cde.ual.es\/nuevo-capitulo-para-la-economia-griega\/#breadcrumb","itemListElement":[{"@type":"ListItem","position":1,"name":"Inicio","item":"https:\/\/www.cde.ual.es\/en\/"},{"@type":"ListItem","position":2,"name":"Noticias UE","item":"https:\/\/www.cde.ual.es\/category\/noticias-ue\/"},{"@type":"ListItem","position":3,"name":"Nuevo cap\u00edtulo para la econom\u00eda griega"}]},{"@type":"WebSite","@id":"https:\/\/www.cde.ual.es\/#website","url":"https:\/\/www.cde.ual.es\/","name":"CDE Almer\u00eda - Centro de Documentaci\u00f3n Europea - Universidad de Almer\u00eda","description":"Centro de Documentaci\u00f3n Europea de la Universidad de Almer\u00eda","publisher":{"@id":"https:\/\/www.cde.ual.es\/#organization"},"alternateName":"CDE Almer\u00eda","potentialAction":[{"@type":"SearchAction","target":{"@type":"EntryPoint","urlTemplate":"https:\/\/www.cde.ual.es\/?s={search_term_string}"},"query-input":{"@type":"PropertyValueSpecification","valueRequired":true,"valueName":"search_term_string"}}],"inLanguage":"en-US"},{"@type":"Organization","@id":"https:\/\/www.cde.ual.es\/#organization","name":"Centro de Documentaci\u00f3n Europea de Almer\u00eda","url":"https:\/\/www.cde.ual.es\/","logo":{"@type":"ImageObject","inLanguage":"en-US","@id":"https:\/\/www.cde.ual.es\/#\/schema\/logo\/image\/","url":"https:\/\/www.cde.ual.es\/wp-content\/uploads\/2025\/07\/cde-logo-3.png","contentUrl":"https:\/\/www.cde.ual.es\/wp-content\/uploads\/2025\/07\/cde-logo-3.png","width":1400,"height":300,"caption":"Centro de Documentaci\u00f3n Europea de Almer\u00eda"},"image":{"@id":"https:\/\/www.cde.ual.es\/#\/schema\/logo\/image\/"},"sameAs":["https:\/\/www.facebook.com\/cdeuniversidadalmeria\/","https:\/\/x.com\/cdeualmeria","https:\/\/www.tiktok.com\/@cdealmeria","https:\/\/www.instagram.com\/cdealmeria\/","https:\/\/www.linkedin.com\/in\/cde-almera-812b26a9\/"]},{"@type":"Person","@id":"https:\/\/www.cde.ual.es\/#\/schema\/person\/ee46ebc19edfa19598c02cff83335acc","name":"BECA 2 CDE","image":{"@type":"ImageObject","inLanguage":"en-US","@id":"https:\/\/secure.gravatar.com\/avatar\/35a481bbc04bbd90e91bdfa3b0b5541036c222a49b9ad37b6889a2afcb5311a5?s=96&d=mm&r=g","url":"https:\/\/secure.gravatar.com\/avatar\/35a481bbc04bbd90e91bdfa3b0b5541036c222a49b9ad37b6889a2afcb5311a5?s=96&d=mm&r=g","contentUrl":"https:\/\/secure.gravatar.com\/avatar\/35a481bbc04bbd90e91bdfa3b0b5541036c222a49b9ad37b6889a2afcb5311a5?s=96&d=mm&r=g","caption":"BECA 2 CDE"},"sameAs":["http:\/\/www.cdealmeria.com"]}]}},"_links":{"self":[{"href":"https:\/\/www.cde.ual.es\/en\/wp-json\/wp\/v2\/posts\/7780","targetHints":{"allow":["GET"]}}],"collection":[{"href":"https:\/\/www.cde.ual.es\/en\/wp-json\/wp\/v2\/posts"}],"about":[{"href":"https:\/\/www.cde.ual.es\/en\/wp-json\/wp\/v2\/types\/post"}],"author":[{"embeddable":true,"href":"https:\/\/www.cde.ual.es\/en\/wp-json\/wp\/v2\/users\/101011"}],"replies":[{"embeddable":true,"href":"https:\/\/www.cde.ual.es\/en\/wp-json\/wp\/v2\/comments?post=7780"}],"version-history":[{"count":0,"href":"https:\/\/www.cde.ual.es\/en\/wp-json\/wp\/v2\/posts\/7780\/revisions"}],"wp:featuredmedia":[{"embeddable":true,"href":"https:\/\/www.cde.ual.es\/en\/wp-json\/wp\/v2\/media\/7781"}],"wp:attachment":[{"href":"https:\/\/www.cde.ual.es\/en\/wp-json\/wp\/v2\/media?parent=7780"}],"wp:term":[{"taxonomy":"category","embeddable":true,"href":"https:\/\/www.cde.ual.es\/en\/wp-json\/wp\/v2\/categories?post=7780"},{"taxonomy":"post_tag","embeddable":true,"href":"https:\/\/www.cde.ual.es\/en\/wp-json\/wp\/v2\/tags?post=7780"}],"curies":[{"name":"wp","href":"https:\/\/api.w.org\/{rel}","templated":true}]}}