{"id":775,"date":"2015-01-23T18:06:13","date_gmt":"2015-01-23T17:06:13","guid":{"rendered":"http:\/\/www.cde.ual.es\/?p=775"},"modified":"2015-01-27T08:14:16","modified_gmt":"2015-01-27T07:14:16","slug":"ix-premio-andaluz-invetigacion-integracion-europea-red-informacion-europea-andalucia","status":"publish","type":"post","link":"https:\/\/www.cde.ual.es\/en\/ix-premio-andaluz-invetigacion-integracion-europea-red-informacion-europea-andalucia\/","title":{"rendered":"IX premio andaluz de investigaci\u00f3n sobre integraci\u00f3n Europea de la Red de Informaci\u00f3n Europea de Andaluc\u00eda"},"content":{"rendered":"<p>La <a title=\"Red de Informaci\u00f3n Europea de Andaluc\u00eda\" href=\"http:\/\/www.andaluciaeuropa.com\/\" target=\"_blank\">Red de Informacio\u0301n Europea de Andaluci\u0301a<\/a> convoca el \u201cIX Premio Andaluz de Investigacio\u0301n sobre Integracio\u0301n Europea\u201d en el marco de las actividades que realiza, con el objetivo de fomentar la investigacio\u0301n sobre integracio\u0301n europea y apoyar a los investigadores\/as que trabajan en temas relacionados con la Unio\u0301n Europea, valora\u0301ndose los esfuerzos e iniciativas que se vienen realizando por los grupos de investigacio\u0301n e investigadores\/as de la comunidad andaluza.<\/p>\n<p>Puedes leer y descargar las bases de la convocatoria haciendo clic en el siguiente texto:<br \/>\n<a href=\"http:\/\/www.cde.ual.es\/wp-content\/uploads\/2015\/01\/bases-IX-premio-investigacion-integracion-europea-2015.pdf\">IX premio andaluz de investigaci\u00f3n sobre integraci\u00f3n Europea de la Red de Informaci\u00f3n Europea de Andaluc\u00eda<\/a><\/p>\n","protected":false},"excerpt":{"rendered":"<p>La Red de Informacio\u0301n Europea de Andaluci\u0301a convoca el \u201cIX Premio Andaluz de Investigacio\u0301n sobre Integracio\u0301n Europea\u201d en el marco de las actividades que realiza, con el objetivo de fomentar la investigacio\u0301n sobre integracio\u0301n europea y apoyar a los investigadores\/as que trabajan en temas relacionados con la Unio\u0301n Europea, valora\u0301ndose los esfuerzos e iniciativas que [&hellip;]<\/p>\n","protected":false},"author":1,"featured_media":0,"comment_status":"closed","ping_status":"open","sticky":false,"template":"","format":"standard","meta":{"_acf_changed":false,"_relevanssi_hide_post":"","_relevanssi_hide_content":"","_relevanssi_pin_for_all":"","_relevanssi_pin_keywords":"","_relevanssi_unpin_keywords":"","_relevanssi_related_keywords":"","_relevanssi_related_include_ids":"","_relevanssi_related_exclude_ids":"","_relevanssi_related_no_append":"","_relevanssi_related_not_related":"","_relevanssi_related_posts":"","_relevanssi_noindex_reason":"","_monsterinsights_skip_tracking":false,"_monsterinsights_sitenote_active":false,"_monsterinsights_sitenote_note":"","_monsterinsights_sitenote_category":0,"_genesis_hide_title":false,"_genesis_hide_breadcrumbs":false,"_genesis_hide_singular_image":false,"_genesis_hide_footer_widgets":false,"_genesis_custom_body_class":"","_genesis_custom_post_class":"","_genesis_layout":"","footnotes":""},"categories":[1],"tags":[],"class_list":{"0":"post-775","1":"post","2":"type-post","3":"status-publish","4":"format-standard","6":"category-sin-categorizar","7":"entry"},"acf":[],"yoast_head":"<!-- This site is optimized with the Yoast SEO plugin v27.4 - https:\/\/yoast.com\/product\/yoast-seo-wordpress\/ -->\n<title>IX premio andaluz de investigaci\u00f3n sobre integraci\u00f3n Europea de la Red de Informaci\u00f3n Europea de Andaluc\u00eda | CDE Almer\u00eda - Centro de Documentaci\u00f3n Europea - Universidad de Almer\u00eda<\/title>\n<meta name=\"robots\" content=\"index, follow, max-snippet:-1, max-image-preview:large, max-video-preview:-1\" \/>\n<link rel=\"canonical\" href=\"https:\/\/www.cde.ual.es\/ix-premio-andaluz-invetigacion-integracion-europea-red-informacion-europea-andalucia\/\" \/>\n<meta property=\"og:locale\" content=\"en_US\" \/>\n<meta property=\"og:type\" content=\"article\" \/>\n<meta property=\"og:title\" content=\"IX premio andaluz de investigaci\u00f3n sobre integraci\u00f3n Europea de la Red de Informaci\u00f3n Europea de Andaluc\u00eda | CDE Almer\u00eda - Centro de Documentaci\u00f3n Europea - Universidad de Almer\u00eda\" \/>\n<meta property=\"og:description\" content=\"La Red de Informacio\u0301n Europea de Andaluci\u0301a convoca el \u201cIX Premio Andaluz de Investigacio\u0301n sobre Integracio\u0301n Europea\u201d en el marco de las actividades que realiza, con el objetivo de fomentar la investigacio\u0301n sobre integracio\u0301n europea y apoyar a los investigadores\/as que trabajan en temas relacionados con la Unio\u0301n Europea, valora\u0301ndose los esfuerzos e iniciativas que [&hellip;]\" \/>\n<meta property=\"og:url\" content=\"https:\/\/www.cde.ual.es\/ix-premio-andaluz-invetigacion-integracion-europea-red-informacion-europea-andalucia\/\" \/>\n<meta property=\"og:site_name\" content=\"CDE Almer\u00eda - Centro de Documentaci\u00f3n Europea - Universidad de Almer\u00eda\" \/>\n<meta property=\"article:publisher\" content=\"https:\/\/www.facebook.com\/cdeuniversidadalmeria\/\" \/>\n<meta property=\"article:published_time\" content=\"2015-01-23T17:06:13+00:00\" \/>\n<meta property=\"article:modified_time\" content=\"2015-01-27T07:14:16+00:00\" \/>\n<meta name=\"author\" content=\"AdminCDE\" \/>\n<meta name=\"twitter:card\" content=\"summary_large_image\" \/>\n<meta name=\"twitter:creator\" content=\"@cdeualmeria\" \/>\n<meta name=\"twitter:site\" content=\"@cdeualmeria\" \/>\n<meta name=\"twitter:label1\" content=\"Written by\" \/>\n\t<meta name=\"twitter:data1\" content=\"AdminCDE\" \/>\n\t<meta name=\"twitter:label2\" content=\"Est. reading time\" \/>\n\t<meta name=\"twitter:data2\" content=\"1 minute\" \/>\n<script type=\"application\/ld+json\" class=\"yoast-schema-graph\">{\"@context\":\"https:\\\/\\\/schema.org\",\"@graph\":[{\"@type\":\"Article\",\"@id\":\"https:\\\/\\\/www.cde.ual.es\\\/ix-premio-andaluz-invetigacion-integracion-europea-red-informacion-europea-andalucia\\\/#article\",\"isPartOf\":{\"@id\":\"https:\\\/\\\/www.cde.ual.es\\\/ix-premio-andaluz-invetigacion-integracion-europea-red-informacion-europea-andalucia\\\/\"},\"author\":{\"name\":\"AdminCDE\",\"@id\":\"https:\\\/\\\/www.cde.ual.es\\\/#\\\/schema\\\/person\\\/224ef08c8bcc005f319d2713ce37ee5f\"},\"headline\":\"IX premio andaluz de investigaci\u00f3n sobre integraci\u00f3n Europea de la Red de Informaci\u00f3n Europea de Andaluc\u00eda\",\"datePublished\":\"2015-01-23T17:06:13+00:00\",\"dateModified\":\"2015-01-27T07:14:16+00:00\",\"mainEntityOfPage\":{\"@id\":\"https:\\\/\\\/www.cde.ual.es\\\/ix-premio-andaluz-invetigacion-integracion-europea-red-informacion-europea-andalucia\\\/\"},\"wordCount\":135,\"publisher\":{\"@id\":\"https:\\\/\\\/www.cde.ual.es\\\/#organization\"},\"articleSection\":[\"Sin categorizar\"],\"inLanguage\":\"en-US\"},{\"@type\":\"WebPage\",\"@id\":\"https:\\\/\\\/www.cde.ual.es\\\/ix-premio-andaluz-invetigacion-integracion-europea-red-informacion-europea-andalucia\\\/\",\"url\":\"https:\\\/\\\/www.cde.ual.es\\\/ix-premio-andaluz-invetigacion-integracion-europea-red-informacion-europea-andalucia\\\/\",\"name\":\"IX premio andaluz de investigaci\u00f3n sobre integraci\u00f3n Europea de la Red de Informaci\u00f3n Europea de Andaluc\u00eda | CDE Almer\u00eda - Centro de Documentaci\u00f3n Europea - Universidad de Almer\u00eda\",\"isPartOf\":{\"@id\":\"https:\\\/\\\/www.cde.ual.es\\\/#website\"},\"datePublished\":\"2015-01-23T17:06:13+00:00\",\"dateModified\":\"2015-01-27T07:14:16+00:00\",\"breadcrumb\":{\"@id\":\"https:\\\/\\\/www.cde.ual.es\\\/ix-premio-andaluz-invetigacion-integracion-europea-red-informacion-europea-andalucia\\\/#breadcrumb\"},\"inLanguage\":\"en-US\",\"potentialAction\":[{\"@type\":\"ReadAction\",\"target\":[\"https:\\\/\\\/www.cde.ual.es\\\/ix-premio-andaluz-invetigacion-integracion-europea-red-informacion-europea-andalucia\\\/\"]}]},{\"@type\":\"BreadcrumbList\",\"@id\":\"https:\\\/\\\/www.cde.ual.es\\\/ix-premio-andaluz-invetigacion-integracion-europea-red-informacion-europea-andalucia\\\/#breadcrumb\",\"itemListElement\":[{\"@type\":\"ListItem\",\"position\":1,\"name\":\"Inicio\",\"item\":\"https:\\\/\\\/www.cde.ual.es\\\/en\\\/\"},{\"@type\":\"ListItem\",\"position\":2,\"name\":\"Sin categorizar\",\"item\":\"https:\\\/\\\/www.cde.ual.es\\\/category\\\/sin-categorizar\\\/\"},{\"@type\":\"ListItem\",\"position\":3,\"name\":\"IX premio andaluz de investigaci\u00f3n sobre integraci\u00f3n Europea de la Red de Informaci\u00f3n Europea de Andaluc\u00eda\"}]},{\"@type\":\"WebSite\",\"@id\":\"https:\\\/\\\/www.cde.ual.es\\\/#website\",\"url\":\"https:\\\/\\\/www.cde.ual.es\\\/\",\"name\":\"CDE Almer\u00eda - Centro de Documentaci\u00f3n Europea - Universidad de Almer\u00eda\",\"description\":\"Centro de Documentaci\u00f3n Europea de la Universidad de Almer\u00eda\",\"publisher\":{\"@id\":\"https:\\\/\\\/www.cde.ual.es\\\/#organization\"},\"alternateName\":\"CDE Almer\u00eda\",\"potentialAction\":[{\"@type\":\"SearchAction\",\"target\":{\"@type\":\"EntryPoint\",\"urlTemplate\":\"https:\\\/\\\/www.cde.ual.es\\\/?s={search_term_string}\"},\"query-input\":{\"@type\":\"PropertyValueSpecification\",\"valueRequired\":true,\"valueName\":\"search_term_string\"}}],\"inLanguage\":\"en-US\"},{\"@type\":\"Organization\",\"@id\":\"https:\\\/\\\/www.cde.ual.es\\\/#organization\",\"name\":\"Centro de Documentaci\u00f3n Europea de Almer\u00eda\",\"url\":\"https:\\\/\\\/www.cde.ual.es\\\/\",\"logo\":{\"@type\":\"ImageObject\",\"inLanguage\":\"en-US\",\"@id\":\"https:\\\/\\\/www.cde.ual.es\\\/#\\\/schema\\\/logo\\\/image\\\/\",\"url\":\"https:\\\/\\\/www.cde.ual.es\\\/wp-content\\\/uploads\\\/2025\\\/07\\\/cde-logo-3.png\",\"contentUrl\":\"https:\\\/\\\/www.cde.ual.es\\\/wp-content\\\/uploads\\\/2025\\\/07\\\/cde-logo-3.png\",\"width\":1400,\"height\":300,\"caption\":\"Centro de Documentaci\u00f3n Europea de Almer\u00eda\"},\"image\":{\"@id\":\"https:\\\/\\\/www.cde.ual.es\\\/#\\\/schema\\\/logo\\\/image\\\/\"},\"sameAs\":[\"https:\\\/\\\/www.facebook.com\\\/cdeuniversidadalmeria\\\/\",\"https:\\\/\\\/x.com\\\/cdeualmeria\",\"https:\\\/\\\/www.tiktok.com\\\/@cdealmeria\",\"https:\\\/\\\/www.instagram.com\\\/cdealmeria\\\/\",\"https:\\\/\\\/www.linkedin.com\\\/in\\\/cde-almera-812b26a9\\\/\"]},{\"@type\":\"Person\",\"@id\":\"https:\\\/\\\/www.cde.ual.es\\\/#\\\/schema\\\/person\\\/224ef08c8bcc005f319d2713ce37ee5f\",\"name\":\"AdminCDE\",\"image\":{\"@type\":\"ImageObject\",\"inLanguage\":\"en-US\",\"@id\":\"https:\\\/\\\/secure.gravatar.com\\\/avatar\\\/a72d038d371f995cd13706fac32274b7952a52e8fb0a84b5f80c85426f2a98a8?s=96&d=mm&r=g\",\"url\":\"https:\\\/\\\/secure.gravatar.com\\\/avatar\\\/a72d038d371f995cd13706fac32274b7952a52e8fb0a84b5f80c85426f2a98a8?s=96&d=mm&r=g\",\"contentUrl\":\"https:\\\/\\\/secure.gravatar.com\\\/avatar\\\/a72d038d371f995cd13706fac32274b7952a52e8fb0a84b5f80c85426f2a98a8?s=96&d=mm&r=g\",\"caption\":\"AdminCDE\"}}]}<\/script>\n<!-- \/ Yoast SEO plugin. -->","yoast_head_json":{"title":"IX premio andaluz de investigaci\u00f3n sobre integraci\u00f3n Europea de la Red de Informaci\u00f3n Europea de Andaluc\u00eda | CDE Almer\u00eda - Centro de Documentaci\u00f3n Europea - Universidad de Almer\u00eda","robots":{"index":"index","follow":"follow","max-snippet":"max-snippet:-1","max-image-preview":"max-image-preview:large","max-video-preview":"max-video-preview:-1"},"canonical":"https:\/\/www.cde.ual.es\/ix-premio-andaluz-invetigacion-integracion-europea-red-informacion-europea-andalucia\/","og_locale":"en_US","og_type":"article","og_title":"IX premio andaluz de investigaci\u00f3n sobre integraci\u00f3n Europea de la Red de Informaci\u00f3n Europea de Andaluc\u00eda | CDE Almer\u00eda - Centro de Documentaci\u00f3n Europea - Universidad de Almer\u00eda","og_description":"La Red de Informacio\u0301n Europea de Andaluci\u0301a convoca el \u201cIX Premio Andaluz de Investigacio\u0301n sobre Integracio\u0301n Europea\u201d en el marco de las actividades que realiza, con el objetivo de fomentar la investigacio\u0301n sobre integracio\u0301n europea y apoyar a los investigadores\/as que trabajan en temas relacionados con la Unio\u0301n Europea, valora\u0301ndose los esfuerzos e iniciativas que [&hellip;]","og_url":"https:\/\/www.cde.ual.es\/ix-premio-andaluz-invetigacion-integracion-europea-red-informacion-europea-andalucia\/","og_site_name":"CDE Almer\u00eda - Centro de Documentaci\u00f3n Europea - Universidad de Almer\u00eda","article_publisher":"https:\/\/www.facebook.com\/cdeuniversidadalmeria\/","article_published_time":"2015-01-23T17:06:13+00:00","article_modified_time":"2015-01-27T07:14:16+00:00","author":"AdminCDE","twitter_card":"summary_large_image","twitter_creator":"@cdeualmeria","twitter_site":"@cdeualmeria","twitter_misc":{"Written by":"AdminCDE","Est. reading time":"1 minute"},"schema":{"@context":"https:\/\/schema.org","@graph":[{"@type":"Article","@id":"https:\/\/www.cde.ual.es\/ix-premio-andaluz-invetigacion-integracion-europea-red-informacion-europea-andalucia\/#article","isPartOf":{"@id":"https:\/\/www.cde.ual.es\/ix-premio-andaluz-invetigacion-integracion-europea-red-informacion-europea-andalucia\/"},"author":{"name":"AdminCDE","@id":"https:\/\/www.cde.ual.es\/#\/schema\/person\/224ef08c8bcc005f319d2713ce37ee5f"},"headline":"IX premio andaluz de investigaci\u00f3n sobre integraci\u00f3n Europea de la Red de Informaci\u00f3n Europea de Andaluc\u00eda","datePublished":"2015-01-23T17:06:13+00:00","dateModified":"2015-01-27T07:14:16+00:00","mainEntityOfPage":{"@id":"https:\/\/www.cde.ual.es\/ix-premio-andaluz-invetigacion-integracion-europea-red-informacion-europea-andalucia\/"},"wordCount":135,"publisher":{"@id":"https:\/\/www.cde.ual.es\/#organization"},"articleSection":["Sin categorizar"],"inLanguage":"en-US"},{"@type":"WebPage","@id":"https:\/\/www.cde.ual.es\/ix-premio-andaluz-invetigacion-integracion-europea-red-informacion-europea-andalucia\/","url":"https:\/\/www.cde.ual.es\/ix-premio-andaluz-invetigacion-integracion-europea-red-informacion-europea-andalucia\/","name":"IX premio andaluz de investigaci\u00f3n sobre integraci\u00f3n Europea de la Red de Informaci\u00f3n Europea de Andaluc\u00eda | CDE Almer\u00eda - Centro de Documentaci\u00f3n Europea - Universidad de Almer\u00eda","isPartOf":{"@id":"https:\/\/www.cde.ual.es\/#website"},"datePublished":"2015-01-23T17:06:13+00:00","dateModified":"2015-01-27T07:14:16+00:00","breadcrumb":{"@id":"https:\/\/www.cde.ual.es\/ix-premio-andaluz-invetigacion-integracion-europea-red-informacion-europea-andalucia\/#breadcrumb"},"inLanguage":"en-US","potentialAction":[{"@type":"ReadAction","target":["https:\/\/www.cde.ual.es\/ix-premio-andaluz-invetigacion-integracion-europea-red-informacion-europea-andalucia\/"]}]},{"@type":"BreadcrumbList","@id":"https:\/\/www.cde.ual.es\/ix-premio-andaluz-invetigacion-integracion-europea-red-informacion-europea-andalucia\/#breadcrumb","itemListElement":[{"@type":"ListItem","position":1,"name":"Inicio","item":"https:\/\/www.cde.ual.es\/en\/"},{"@type":"ListItem","position":2,"name":"Sin categorizar","item":"https:\/\/www.cde.ual.es\/category\/sin-categorizar\/"},{"@type":"ListItem","position":3,"name":"IX premio andaluz de investigaci\u00f3n sobre integraci\u00f3n Europea de la Red de Informaci\u00f3n Europea de Andaluc\u00eda"}]},{"@type":"WebSite","@id":"https:\/\/www.cde.ual.es\/#website","url":"https:\/\/www.cde.ual.es\/","name":"CDE Almer\u00eda - Centro de Documentaci\u00f3n Europea - Universidad de Almer\u00eda","description":"Centro de Documentaci\u00f3n Europea de la Universidad de Almer\u00eda","publisher":{"@id":"https:\/\/www.cde.ual.es\/#organization"},"alternateName":"CDE Almer\u00eda","potentialAction":[{"@type":"SearchAction","target":{"@type":"EntryPoint","urlTemplate":"https:\/\/www.cde.ual.es\/?s={search_term_string}"},"query-input":{"@type":"PropertyValueSpecification","valueRequired":true,"valueName":"search_term_string"}}],"inLanguage":"en-US"},{"@type":"Organization","@id":"https:\/\/www.cde.ual.es\/#organization","name":"Centro de Documentaci\u00f3n Europea de Almer\u00eda","url":"https:\/\/www.cde.ual.es\/","logo":{"@type":"ImageObject","inLanguage":"en-US","@id":"https:\/\/www.cde.ual.es\/#\/schema\/logo\/image\/","url":"https:\/\/www.cde.ual.es\/wp-content\/uploads\/2025\/07\/cde-logo-3.png","contentUrl":"https:\/\/www.cde.ual.es\/wp-content\/uploads\/2025\/07\/cde-logo-3.png","width":1400,"height":300,"caption":"Centro de Documentaci\u00f3n Europea de Almer\u00eda"},"image":{"@id":"https:\/\/www.cde.ual.es\/#\/schema\/logo\/image\/"},"sameAs":["https:\/\/www.facebook.com\/cdeuniversidadalmeria\/","https:\/\/x.com\/cdeualmeria","https:\/\/www.tiktok.com\/@cdealmeria","https:\/\/www.instagram.com\/cdealmeria\/","https:\/\/www.linkedin.com\/in\/cde-almera-812b26a9\/"]},{"@type":"Person","@id":"https:\/\/www.cde.ual.es\/#\/schema\/person\/224ef08c8bcc005f319d2713ce37ee5f","name":"AdminCDE","image":{"@type":"ImageObject","inLanguage":"en-US","@id":"https:\/\/secure.gravatar.com\/avatar\/a72d038d371f995cd13706fac32274b7952a52e8fb0a84b5f80c85426f2a98a8?s=96&d=mm&r=g","url":"https:\/\/secure.gravatar.com\/avatar\/a72d038d371f995cd13706fac32274b7952a52e8fb0a84b5f80c85426f2a98a8?s=96&d=mm&r=g","contentUrl":"https:\/\/secure.gravatar.com\/avatar\/a72d038d371f995cd13706fac32274b7952a52e8fb0a84b5f80c85426f2a98a8?s=96&d=mm&r=g","caption":"AdminCDE"}}]}},"_links":{"self":[{"href":"https:\/\/www.cde.ual.es\/en\/wp-json\/wp\/v2\/posts\/775","targetHints":{"allow":["GET"]}}],"collection":[{"href":"https:\/\/www.cde.ual.es\/en\/wp-json\/wp\/v2\/posts"}],"about":[{"href":"https:\/\/www.cde.ual.es\/en\/wp-json\/wp\/v2\/types\/post"}],"author":[{"embeddable":true,"href":"https:\/\/www.cde.ual.es\/en\/wp-json\/wp\/v2\/users\/1"}],"replies":[{"embeddable":true,"href":"https:\/\/www.cde.ual.es\/en\/wp-json\/wp\/v2\/comments?post=775"}],"version-history":[{"count":0,"href":"https:\/\/www.cde.ual.es\/en\/wp-json\/wp\/v2\/posts\/775\/revisions"}],"wp:attachment":[{"href":"https:\/\/www.cde.ual.es\/en\/wp-json\/wp\/v2\/media?parent=775"}],"wp:term":[{"taxonomy":"category","embeddable":true,"href":"https:\/\/www.cde.ual.es\/en\/wp-json\/wp\/v2\/categories?post=775"},{"taxonomy":"post_tag","embeddable":true,"href":"https:\/\/www.cde.ual.es\/en\/wp-json\/wp\/v2\/tags?post=775"}],"curies":[{"name":"wp","href":"https:\/\/api.w.org\/{rel}","templated":true}]}}