{"id":77262,"date":"2021-07-27T03:00:09","date_gmt":"2021-07-27T01:00:09","guid":{"rendered":"https:\/\/www.cde.ual.es\/?p=77262"},"modified":"2021-09-06T12:51:01","modified_gmt":"2021-09-06T10:51:01","slug":"eu-research-shows-covid-19-poised-to-end-progress-on-gender-equality","status":"publish","type":"post","link":"https:\/\/www.cde.ual.es\/en\/eu-research-shows-covid-19-poised-to-end-progress-on-gender-equality\/","title":{"rendered":"EU research shows COVID-19 poised to end progress on gender equality"},"content":{"rendered":"<p><img decoding=\"async\" class=\"aligncenter\" src=\"https:\/\/eige.europa.eu\/sites\/default\/files\/styles\/eige_large\/public\/images\/joint_policy_brief.jpg?itok=IT8kAFYl\" alt=\"Image promoting the joint policy brief\" width=\"501\" height=\"279\" \/><\/p>\n<p>The social and economic impacts of the COVID-19 crisis threaten to roll back recent progress in gender equality, including an overall trend of upward convergence. Despite slow progress in some areas over the past decade, crucial improvements had been made in countries with lower levels of gender equality. The regressive consequences of COVID-19 on gender equality, as well as haphazard implementation of policy measures demonstrated to improve levels of gender equality, are detailed in the new policy brief\u00a0<a href=\"https:\/\/eige.europa.eu\/publications\/upward-convergence-gender-equality-how-close-union-equality\" target=\"_blank\" rel=\"noopener\">Upward convergence in gender equality: How close is the Union of equality?<\/a>, a joint research output from Eurofound and the European Institute for Gender Equality (EIGE).<\/p>\n<p>The policy brief investigates convergence patterns in gender equality as measured by EIGE\u2019s Gender Equality Index among Member States over the period 2010\u20132018. It looks at gender equality in the EU in six core domains: work, money, knowledge, time, power and health. It finds that it was achievements in the domain of power that drove the overall progress in gender equality between 2010 and 2018. This domain covers the representation of women and men in a range of the highest decision-making positions across the political, economic and social spheres, with striking improvements in gender balance on company boards in several Member States (notably France, Italy, Belgium and Germany) acting as a major driving point.<\/p>\n<p>At national level, Sweden ranked first in advancing gender equality throughout the entire period, while Greece struggled the most. Several Mediterranean Member States and some of the Baltic Member States were among those catching up most with the EU average. In Italy, Cyprus, Malta and Portugal, the Index increased by more than 7.5 points. Among the Baltic Member States, Estonia recorded the most impressive rise \u2013 7.3 points. Progress among central and eastern Member States was less encouraging, with several countries in this region improving their performance at a slower pace than the EU average. Czechia, Hungary and Poland, for example, were virtually in the same position in 2018 as eight years earlier.<\/p>\n<p>Speaking on the publication of the joint policy brief, Carlien Scheele, Director of EIGE, spoke about the need to progress gender equality beyond the workplace: &#8216;COVID-19 has put gender equality at a crossroads, with measures to contain the pandemic taking a heavy and disproportionate toll on women\u2019s employment and increasing the time required for caring responsibilities. In rebuilding after the pandemic, it will be crucial to ensure that recovery measures are gender-sensitive and that greater equality is achieved in both paid and unpaid work. Workers in the care sector, who are mostly women and proved vital for our survival during the pandemic, deserve better pay and working conditions. Improving the conditions and status of care work could also attract more men to these jobs, which are critical for the future of Europe, especially in light of Europe\u2019s ageing population.\u2019<\/p>\n<p>Ivailo Kalfin, Eurofound Executive Director, emphasised that the economic shocks created by COVID-19 are likely to derail labour market progress on gender equality, and contribute to future disparities: &#8216;Gender segregation in the labour market has left women disproportionately exposed to the economic turmoil created by COVID-19. It is necessary to take action to promote participation of women in male-dominated fields such as STEM and ICT, as well as to bring more men into female-dominated areas, such as the education and care sectors &#8211; not just that labour market impacts are shouldered more evenly, but also to benefit from the economic dynamism and potential that this can create.\u2019<\/p>\n<h3>More information<\/h3>\n<p><a href=\"https:\/\/eige.europa.eu\/news\/eu-research-shows-covid-19-poised-end-progress-gender-equality\" target=\"_blank\" rel=\"noopener\">EIGE &#8211; News<\/a><\/p>\n","protected":false},"excerpt":{"rendered":"<p>The social and economic impacts of the COVID-19 crisis threaten to roll back recent progress in gender equality, including an overall trend of upward convergence. Despite slow progress in some areas over the past decade, crucial improvements had been made in countries with lower levels of gender equality. The regressive consequences of COVID-19 on gender [&hellip;]<\/p>\n","protected":false},"author":101012,"featured_media":27415,"comment_status":"open","ping_status":"open","sticky":false,"template":"","format":"standard","meta":{"_acf_changed":false,"_relevanssi_hide_post":"","_relevanssi_hide_content":"","_relevanssi_pin_for_all":"","_relevanssi_pin_keywords":"","_relevanssi_unpin_keywords":"","_relevanssi_related_keywords":"","_relevanssi_related_include_ids":"","_relevanssi_related_exclude_ids":"","_relevanssi_related_no_append":"","_relevanssi_related_not_related":"","_relevanssi_related_posts":"","_relevanssi_noindex_reason":"","_monsterinsights_skip_tracking":false,"_monsterinsights_sitenote_active":false,"_monsterinsights_sitenote_note":"","_monsterinsights_sitenote_category":0,"_genesis_hide_title":false,"_genesis_hide_breadcrumbs":false,"_genesis_hide_singular_image":false,"_genesis_hide_footer_widgets":false,"_genesis_custom_body_class":"","_genesis_custom_post_class":"","_genesis_layout":"","footnotes":""},"categories":[4071,4069,346],"tags":[1352,2029,368,418,1297],"class_list":{"0":"post-77262","1":"post","2":"type-post","3":"status-publish","4":"format-standard","5":"has-post-thumbnail","7":"category-education-culture","8":"category-equality","9":"category-eu-news","10":"tag-covid-19","11":"tag-eige-en","12":"tag-european-union","13":"tag-gender-equality","14":"tag-gender-gap","15":"entry"},"acf":[],"yoast_head":"<!-- This site is optimized with the Yoast SEO plugin v27.5 - https:\/\/yoast.com\/product\/yoast-seo-wordpress\/ -->\n<title>EU research shows COVID-19 poised to end progress on gender equality | CDE Almer\u00eda - Centro de Documentaci\u00f3n Europea - Universidad de Almer\u00eda<\/title>\n<meta name=\"robots\" content=\"index, follow, max-snippet:-1, max-image-preview:large, max-video-preview:-1\" \/>\n<link rel=\"canonical\" href=\"https:\/\/www.cde.ual.es\/en\/eu-research-shows-covid-19-poised-to-end-progress-on-gender-equality\/\" \/>\n<meta property=\"og:locale\" content=\"en_US\" \/>\n<meta property=\"og:type\" content=\"article\" \/>\n<meta property=\"og:title\" content=\"EU research shows COVID-19 poised to end progress on gender equality | CDE Almer\u00eda - Centro de Documentaci\u00f3n Europea - Universidad de Almer\u00eda\" \/>\n<meta property=\"og:description\" content=\"The social and economic impacts of the COVID-19 crisis threaten to roll back recent progress in gender equality, including an overall trend of upward convergence. Despite slow progress in some areas over the past decade, crucial improvements had been made in countries with lower levels of gender equality. The regressive consequences of COVID-19 on gender [&hellip;]\" \/>\n<meta property=\"og:url\" content=\"https:\/\/www.cde.ual.es\/en\/eu-research-shows-covid-19-poised-to-end-progress-on-gender-equality\/\" \/>\n<meta property=\"og:site_name\" content=\"CDE Almer\u00eda - Centro de Documentaci\u00f3n Europea - Universidad de Almer\u00eda\" \/>\n<meta property=\"article:publisher\" content=\"https:\/\/www.facebook.com\/cdeuniversidadalmeria\/\" \/>\n<meta property=\"article:published_time\" content=\"2021-07-27T01:00:09+00:00\" \/>\n<meta property=\"article:modified_time\" content=\"2021-09-06T10:51:01+00:00\" \/>\n<meta property=\"og:image\" content=\"https:\/\/www.cde.ual.es\/wp-content\/uploads\/2019\/01\/Igualdad-salarial-1.jpg\" \/>\n\t<meta property=\"og:image:width\" content=\"960\" \/>\n\t<meta property=\"og:image:height\" content=\"462\" \/>\n\t<meta property=\"og:image:type\" content=\"image\/jpeg\" \/>\n<meta name=\"author\" content=\"BECACDE1\" \/>\n<meta name=\"twitter:card\" content=\"summary_large_image\" \/>\n<meta name=\"twitter:creator\" content=\"@cdeualmeria\" \/>\n<meta name=\"twitter:site\" content=\"@cdeualmeria\" \/>\n<meta name=\"twitter:label1\" content=\"Written by\" \/>\n\t<meta name=\"twitter:data1\" content=\"BECACDE1\" \/>\n\t<meta name=\"twitter:label2\" content=\"Est. reading time\" \/>\n\t<meta name=\"twitter:data2\" content=\"3 minutes\" \/>\n<script type=\"application\/ld+json\" class=\"yoast-schema-graph\">{\"@context\":\"https:\\\/\\\/schema.org\",\"@graph\":[{\"@type\":\"Article\",\"@id\":\"https:\\\/\\\/www.cde.ual.es\\\/en\\\/eu-research-shows-covid-19-poised-to-end-progress-on-gender-equality\\\/#article\",\"isPartOf\":{\"@id\":\"https:\\\/\\\/www.cde.ual.es\\\/en\\\/eu-research-shows-covid-19-poised-to-end-progress-on-gender-equality\\\/\"},\"author\":{\"name\":\"BECACDE1\",\"@id\":\"https:\\\/\\\/www.cde.ual.es\\\/#\\\/schema\\\/person\\\/bf2f837cf3353e2161fe1087adbd728f\"},\"headline\":\"EU research shows COVID-19 poised to end progress on gender equality\",\"datePublished\":\"2021-07-27T01:00:09+00:00\",\"dateModified\":\"2021-09-06T10:51:01+00:00\",\"mainEntityOfPage\":{\"@id\":\"https:\\\/\\\/www.cde.ual.es\\\/en\\\/eu-research-shows-covid-19-poised-to-end-progress-on-gender-equality\\\/\"},\"wordCount\":589,\"commentCount\":0,\"publisher\":{\"@id\":\"https:\\\/\\\/www.cde.ual.es\\\/#organization\"},\"image\":{\"@id\":\"https:\\\/\\\/www.cde.ual.es\\\/en\\\/eu-research-shows-covid-19-poised-to-end-progress-on-gender-equality\\\/#primaryimage\"},\"thumbnailUrl\":\"https:\\\/\\\/www.cde.ual.es\\\/wp-content\\\/uploads\\\/2019\\\/01\\\/Igualdad-salarial-1.jpg\",\"keywords\":[\"covid-19\",\"EIGE\",\"European Union\",\"gender equality\",\"Gender Gap\"],\"articleSection\":[\"Education and Culture\",\"Equality\",\"EU News\"],\"inLanguage\":\"en-US\",\"potentialAction\":[{\"@type\":\"CommentAction\",\"name\":\"Comment\",\"target\":[\"https:\\\/\\\/www.cde.ual.es\\\/en\\\/eu-research-shows-covid-19-poised-to-end-progress-on-gender-equality\\\/#respond\"]}]},{\"@type\":\"WebPage\",\"@id\":\"https:\\\/\\\/www.cde.ual.es\\\/en\\\/eu-research-shows-covid-19-poised-to-end-progress-on-gender-equality\\\/\",\"url\":\"https:\\\/\\\/www.cde.ual.es\\\/en\\\/eu-research-shows-covid-19-poised-to-end-progress-on-gender-equality\\\/\",\"name\":\"EU research shows COVID-19 poised to end progress on gender equality | CDE Almer\u00eda - Centro de Documentaci\u00f3n Europea - Universidad de Almer\u00eda\",\"isPartOf\":{\"@id\":\"https:\\\/\\\/www.cde.ual.es\\\/#website\"},\"primaryImageOfPage\":{\"@id\":\"https:\\\/\\\/www.cde.ual.es\\\/en\\\/eu-research-shows-covid-19-poised-to-end-progress-on-gender-equality\\\/#primaryimage\"},\"image\":{\"@id\":\"https:\\\/\\\/www.cde.ual.es\\\/en\\\/eu-research-shows-covid-19-poised-to-end-progress-on-gender-equality\\\/#primaryimage\"},\"thumbnailUrl\":\"https:\\\/\\\/www.cde.ual.es\\\/wp-content\\\/uploads\\\/2019\\\/01\\\/Igualdad-salarial-1.jpg\",\"datePublished\":\"2021-07-27T01:00:09+00:00\",\"dateModified\":\"2021-09-06T10:51:01+00:00\",\"breadcrumb\":{\"@id\":\"https:\\\/\\\/www.cde.ual.es\\\/en\\\/eu-research-shows-covid-19-poised-to-end-progress-on-gender-equality\\\/#breadcrumb\"},\"inLanguage\":\"en-US\",\"potentialAction\":[{\"@type\":\"ReadAction\",\"target\":[\"https:\\\/\\\/www.cde.ual.es\\\/en\\\/eu-research-shows-covid-19-poised-to-end-progress-on-gender-equality\\\/\"]}]},{\"@type\":\"ImageObject\",\"inLanguage\":\"en-US\",\"@id\":\"https:\\\/\\\/www.cde.ual.es\\\/en\\\/eu-research-shows-covid-19-poised-to-end-progress-on-gender-equality\\\/#primaryimage\",\"url\":\"https:\\\/\\\/www.cde.ual.es\\\/wp-content\\\/uploads\\\/2019\\\/01\\\/Igualdad-salarial-1.jpg\",\"contentUrl\":\"https:\\\/\\\/www.cde.ual.es\\\/wp-content\\\/uploads\\\/2019\\\/01\\\/Igualdad-salarial-1.jpg\",\"width\":960,\"height\":462,\"caption\":\"hombre y mujer\"},{\"@type\":\"BreadcrumbList\",\"@id\":\"https:\\\/\\\/www.cde.ual.es\\\/en\\\/eu-research-shows-covid-19-poised-to-end-progress-on-gender-equality\\\/#breadcrumb\",\"itemListElement\":[{\"@type\":\"ListItem\",\"position\":1,\"name\":\"Inicio\",\"item\":\"https:\\\/\\\/www.cde.ual.es\\\/en\\\/\"},{\"@type\":\"ListItem\",\"position\":2,\"name\":\"EU News\",\"item\":\"https:\\\/\\\/www.cde.ual.es\\\/en\\\/category\\\/eu-news\\\/\"},{\"@type\":\"ListItem\",\"position\":3,\"name\":\"Social Affairs\",\"item\":\"https:\\\/\\\/www.cde.ual.es\\\/en\\\/category\\\/eu-news\\\/social-affairs\\\/\"},{\"@type\":\"ListItem\",\"position\":4,\"name\":\"Equality\",\"item\":\"https:\\\/\\\/www.cde.ual.es\\\/en\\\/category\\\/eu-news\\\/social-affairs\\\/equality\\\/\"},{\"@type\":\"ListItem\",\"position\":5,\"name\":\"EU research shows COVID-19 poised to end progress on gender equality\"}]},{\"@type\":\"WebSite\",\"@id\":\"https:\\\/\\\/www.cde.ual.es\\\/#website\",\"url\":\"https:\\\/\\\/www.cde.ual.es\\\/\",\"name\":\"CDE Almer\u00eda - Centro de Documentaci\u00f3n Europea - Universidad de Almer\u00eda\",\"description\":\"Centro de Documentaci\u00f3n Europea de la Universidad de Almer\u00eda\",\"publisher\":{\"@id\":\"https:\\\/\\\/www.cde.ual.es\\\/#organization\"},\"alternateName\":\"CDE Almer\u00eda\",\"potentialAction\":[{\"@type\":\"SearchAction\",\"target\":{\"@type\":\"EntryPoint\",\"urlTemplate\":\"https:\\\/\\\/www.cde.ual.es\\\/?s={search_term_string}\"},\"query-input\":{\"@type\":\"PropertyValueSpecification\",\"valueRequired\":true,\"valueName\":\"search_term_string\"}}],\"inLanguage\":\"en-US\"},{\"@type\":\"Organization\",\"@id\":\"https:\\\/\\\/www.cde.ual.es\\\/#organization\",\"name\":\"Centro de Documentaci\u00f3n Europea de Almer\u00eda\",\"url\":\"https:\\\/\\\/www.cde.ual.es\\\/\",\"logo\":{\"@type\":\"ImageObject\",\"inLanguage\":\"en-US\",\"@id\":\"https:\\\/\\\/www.cde.ual.es\\\/#\\\/schema\\\/logo\\\/image\\\/\",\"url\":\"https:\\\/\\\/www.cde.ual.es\\\/wp-content\\\/uploads\\\/2025\\\/07\\\/cde-logo-3.png\",\"contentUrl\":\"https:\\\/\\\/www.cde.ual.es\\\/wp-content\\\/uploads\\\/2025\\\/07\\\/cde-logo-3.png\",\"width\":1400,\"height\":300,\"caption\":\"Centro de Documentaci\u00f3n Europea de Almer\u00eda\"},\"image\":{\"@id\":\"https:\\\/\\\/www.cde.ual.es\\\/#\\\/schema\\\/logo\\\/image\\\/\"},\"sameAs\":[\"https:\\\/\\\/www.facebook.com\\\/cdeuniversidadalmeria\\\/\",\"https:\\\/\\\/x.com\\\/cdeualmeria\",\"https:\\\/\\\/www.tiktok.com\\\/@cdealmeria\",\"https:\\\/\\\/www.instagram.com\\\/cdealmeria\\\/\",\"https:\\\/\\\/www.linkedin.com\\\/in\\\/cde-almera-812b26a9\\\/\"]},{\"@type\":\"Person\",\"@id\":\"https:\\\/\\\/www.cde.ual.es\\\/#\\\/schema\\\/person\\\/bf2f837cf3353e2161fe1087adbd728f\",\"name\":\"BECACDE1\",\"image\":{\"@type\":\"ImageObject\",\"inLanguage\":\"en-US\",\"@id\":\"https:\\\/\\\/secure.gravatar.com\\\/avatar\\\/16a4c1e422b5dec818ee13eab3353b19db9cfd278cc10f9b0e1188a37671d9d4?s=96&d=mm&r=g\",\"url\":\"https:\\\/\\\/secure.gravatar.com\\\/avatar\\\/16a4c1e422b5dec818ee13eab3353b19db9cfd278cc10f9b0e1188a37671d9d4?s=96&d=mm&r=g\",\"contentUrl\":\"https:\\\/\\\/secure.gravatar.com\\\/avatar\\\/16a4c1e422b5dec818ee13eab3353b19db9cfd278cc10f9b0e1188a37671d9d4?s=96&d=mm&r=g\",\"caption\":\"BECACDE1\"},\"sameAs\":[\"http:\\\/\\\/www.cdealmeria.com\"]}]}<\/script>\n<!-- \/ Yoast SEO plugin. -->","yoast_head_json":{"title":"EU research shows COVID-19 poised to end progress on gender equality | CDE Almer\u00eda - Centro de Documentaci\u00f3n Europea - Universidad de Almer\u00eda","robots":{"index":"index","follow":"follow","max-snippet":"max-snippet:-1","max-image-preview":"max-image-preview:large","max-video-preview":"max-video-preview:-1"},"canonical":"https:\/\/www.cde.ual.es\/en\/eu-research-shows-covid-19-poised-to-end-progress-on-gender-equality\/","og_locale":"en_US","og_type":"article","og_title":"EU research shows COVID-19 poised to end progress on gender equality | CDE Almer\u00eda - Centro de Documentaci\u00f3n Europea - Universidad de Almer\u00eda","og_description":"The social and economic impacts of the COVID-19 crisis threaten to roll back recent progress in gender equality, including an overall trend of upward convergence. Despite slow progress in some areas over the past decade, crucial improvements had been made in countries with lower levels of gender equality. The regressive consequences of COVID-19 on gender [&hellip;]","og_url":"https:\/\/www.cde.ual.es\/en\/eu-research-shows-covid-19-poised-to-end-progress-on-gender-equality\/","og_site_name":"CDE Almer\u00eda - Centro de Documentaci\u00f3n Europea - Universidad de Almer\u00eda","article_publisher":"https:\/\/www.facebook.com\/cdeuniversidadalmeria\/","article_published_time":"2021-07-27T01:00:09+00:00","article_modified_time":"2021-09-06T10:51:01+00:00","og_image":[{"width":960,"height":462,"url":"https:\/\/www.cde.ual.es\/wp-content\/uploads\/2019\/01\/Igualdad-salarial-1.jpg","type":"image\/jpeg"}],"author":"BECACDE1","twitter_card":"summary_large_image","twitter_creator":"@cdeualmeria","twitter_site":"@cdeualmeria","twitter_misc":{"Written by":"BECACDE1","Est. reading time":"3 minutes"},"schema":{"@context":"https:\/\/schema.org","@graph":[{"@type":"Article","@id":"https:\/\/www.cde.ual.es\/en\/eu-research-shows-covid-19-poised-to-end-progress-on-gender-equality\/#article","isPartOf":{"@id":"https:\/\/www.cde.ual.es\/en\/eu-research-shows-covid-19-poised-to-end-progress-on-gender-equality\/"},"author":{"name":"BECACDE1","@id":"https:\/\/www.cde.ual.es\/#\/schema\/person\/bf2f837cf3353e2161fe1087adbd728f"},"headline":"EU research shows COVID-19 poised to end progress on gender equality","datePublished":"2021-07-27T01:00:09+00:00","dateModified":"2021-09-06T10:51:01+00:00","mainEntityOfPage":{"@id":"https:\/\/www.cde.ual.es\/en\/eu-research-shows-covid-19-poised-to-end-progress-on-gender-equality\/"},"wordCount":589,"commentCount":0,"publisher":{"@id":"https:\/\/www.cde.ual.es\/#organization"},"image":{"@id":"https:\/\/www.cde.ual.es\/en\/eu-research-shows-covid-19-poised-to-end-progress-on-gender-equality\/#primaryimage"},"thumbnailUrl":"https:\/\/www.cde.ual.es\/wp-content\/uploads\/2019\/01\/Igualdad-salarial-1.jpg","keywords":["covid-19","EIGE","European Union","gender equality","Gender Gap"],"articleSection":["Education and Culture","Equality","EU News"],"inLanguage":"en-US","potentialAction":[{"@type":"CommentAction","name":"Comment","target":["https:\/\/www.cde.ual.es\/en\/eu-research-shows-covid-19-poised-to-end-progress-on-gender-equality\/#respond"]}]},{"@type":"WebPage","@id":"https:\/\/www.cde.ual.es\/en\/eu-research-shows-covid-19-poised-to-end-progress-on-gender-equality\/","url":"https:\/\/www.cde.ual.es\/en\/eu-research-shows-covid-19-poised-to-end-progress-on-gender-equality\/","name":"EU research shows COVID-19 poised to end progress on gender equality | CDE Almer\u00eda - Centro de Documentaci\u00f3n Europea - Universidad de Almer\u00eda","isPartOf":{"@id":"https:\/\/www.cde.ual.es\/#website"},"primaryImageOfPage":{"@id":"https:\/\/www.cde.ual.es\/en\/eu-research-shows-covid-19-poised-to-end-progress-on-gender-equality\/#primaryimage"},"image":{"@id":"https:\/\/www.cde.ual.es\/en\/eu-research-shows-covid-19-poised-to-end-progress-on-gender-equality\/#primaryimage"},"thumbnailUrl":"https:\/\/www.cde.ual.es\/wp-content\/uploads\/2019\/01\/Igualdad-salarial-1.jpg","datePublished":"2021-07-27T01:00:09+00:00","dateModified":"2021-09-06T10:51:01+00:00","breadcrumb":{"@id":"https:\/\/www.cde.ual.es\/en\/eu-research-shows-covid-19-poised-to-end-progress-on-gender-equality\/#breadcrumb"},"inLanguage":"en-US","potentialAction":[{"@type":"ReadAction","target":["https:\/\/www.cde.ual.es\/en\/eu-research-shows-covid-19-poised-to-end-progress-on-gender-equality\/"]}]},{"@type":"ImageObject","inLanguage":"en-US","@id":"https:\/\/www.cde.ual.es\/en\/eu-research-shows-covid-19-poised-to-end-progress-on-gender-equality\/#primaryimage","url":"https:\/\/www.cde.ual.es\/wp-content\/uploads\/2019\/01\/Igualdad-salarial-1.jpg","contentUrl":"https:\/\/www.cde.ual.es\/wp-content\/uploads\/2019\/01\/Igualdad-salarial-1.jpg","width":960,"height":462,"caption":"hombre y mujer"},{"@type":"BreadcrumbList","@id":"https:\/\/www.cde.ual.es\/en\/eu-research-shows-covid-19-poised-to-end-progress-on-gender-equality\/#breadcrumb","itemListElement":[{"@type":"ListItem","position":1,"name":"Inicio","item":"https:\/\/www.cde.ual.es\/en\/"},{"@type":"ListItem","position":2,"name":"EU News","item":"https:\/\/www.cde.ual.es\/en\/category\/eu-news\/"},{"@type":"ListItem","position":3,"name":"Social Affairs","item":"https:\/\/www.cde.ual.es\/en\/category\/eu-news\/social-affairs\/"},{"@type":"ListItem","position":4,"name":"Equality","item":"https:\/\/www.cde.ual.es\/en\/category\/eu-news\/social-affairs\/equality\/"},{"@type":"ListItem","position":5,"name":"EU research shows COVID-19 poised to end progress on gender equality"}]},{"@type":"WebSite","@id":"https:\/\/www.cde.ual.es\/#website","url":"https:\/\/www.cde.ual.es\/","name":"CDE Almer\u00eda - Centro de Documentaci\u00f3n Europea - Universidad de Almer\u00eda","description":"Centro de Documentaci\u00f3n Europea de la Universidad de Almer\u00eda","publisher":{"@id":"https:\/\/www.cde.ual.es\/#organization"},"alternateName":"CDE Almer\u00eda","potentialAction":[{"@type":"SearchAction","target":{"@type":"EntryPoint","urlTemplate":"https:\/\/www.cde.ual.es\/?s={search_term_string}"},"query-input":{"@type":"PropertyValueSpecification","valueRequired":true,"valueName":"search_term_string"}}],"inLanguage":"en-US"},{"@type":"Organization","@id":"https:\/\/www.cde.ual.es\/#organization","name":"Centro de Documentaci\u00f3n Europea de Almer\u00eda","url":"https:\/\/www.cde.ual.es\/","logo":{"@type":"ImageObject","inLanguage":"en-US","@id":"https:\/\/www.cde.ual.es\/#\/schema\/logo\/image\/","url":"https:\/\/www.cde.ual.es\/wp-content\/uploads\/2025\/07\/cde-logo-3.png","contentUrl":"https:\/\/www.cde.ual.es\/wp-content\/uploads\/2025\/07\/cde-logo-3.png","width":1400,"height":300,"caption":"Centro de Documentaci\u00f3n Europea de Almer\u00eda"},"image":{"@id":"https:\/\/www.cde.ual.es\/#\/schema\/logo\/image\/"},"sameAs":["https:\/\/www.facebook.com\/cdeuniversidadalmeria\/","https:\/\/x.com\/cdeualmeria","https:\/\/www.tiktok.com\/@cdealmeria","https:\/\/www.instagram.com\/cdealmeria\/","https:\/\/www.linkedin.com\/in\/cde-almera-812b26a9\/"]},{"@type":"Person","@id":"https:\/\/www.cde.ual.es\/#\/schema\/person\/bf2f837cf3353e2161fe1087adbd728f","name":"BECACDE1","image":{"@type":"ImageObject","inLanguage":"en-US","@id":"https:\/\/secure.gravatar.com\/avatar\/16a4c1e422b5dec818ee13eab3353b19db9cfd278cc10f9b0e1188a37671d9d4?s=96&d=mm&r=g","url":"https:\/\/secure.gravatar.com\/avatar\/16a4c1e422b5dec818ee13eab3353b19db9cfd278cc10f9b0e1188a37671d9d4?s=96&d=mm&r=g","contentUrl":"https:\/\/secure.gravatar.com\/avatar\/16a4c1e422b5dec818ee13eab3353b19db9cfd278cc10f9b0e1188a37671d9d4?s=96&d=mm&r=g","caption":"BECACDE1"},"sameAs":["http:\/\/www.cdealmeria.com"]}]}},"_links":{"self":[{"href":"https:\/\/www.cde.ual.es\/en\/wp-json\/wp\/v2\/posts\/77262","targetHints":{"allow":["GET"]}}],"collection":[{"href":"https:\/\/www.cde.ual.es\/en\/wp-json\/wp\/v2\/posts"}],"about":[{"href":"https:\/\/www.cde.ual.es\/en\/wp-json\/wp\/v2\/types\/post"}],"author":[{"embeddable":true,"href":"https:\/\/www.cde.ual.es\/en\/wp-json\/wp\/v2\/users\/101012"}],"replies":[{"embeddable":true,"href":"https:\/\/www.cde.ual.es\/en\/wp-json\/wp\/v2\/comments?post=77262"}],"version-history":[{"count":0,"href":"https:\/\/www.cde.ual.es\/en\/wp-json\/wp\/v2\/posts\/77262\/revisions"}],"wp:featuredmedia":[{"embeddable":true,"href":"https:\/\/www.cde.ual.es\/en\/wp-json\/wp\/v2\/media\/27415"}],"wp:attachment":[{"href":"https:\/\/www.cde.ual.es\/en\/wp-json\/wp\/v2\/media?parent=77262"}],"wp:term":[{"taxonomy":"category","embeddable":true,"href":"https:\/\/www.cde.ual.es\/en\/wp-json\/wp\/v2\/categories?post=77262"},{"taxonomy":"post_tag","embeddable":true,"href":"https:\/\/www.cde.ual.es\/en\/wp-json\/wp\/v2\/tags?post=77262"}],"curies":[{"name":"wp","href":"https:\/\/api.w.org\/{rel}","templated":true}]}}