{"id":76832,"date":"2021-07-21T03:00:18","date_gmt":"2021-07-21T01:00:18","guid":{"rendered":"https:\/\/www.cde.ual.es\/?p=76832"},"modified":"2021-07-19T14:57:23","modified_gmt":"2021-07-19T12:57:23","slug":"vaccination-in-europe-first-semester-2021","status":"publish","type":"post","link":"https:\/\/www.cde.ual.es\/en\/vaccination-in-europe-first-semester-2021\/","title":{"rendered":"Vaccination in Europe &#8211; First semester 2021"},"content":{"rendered":"<div class=\"flourish-embed flourish-chart\" data-src=\"visualisation\/6769960\"><script src=\"https:\/\/public.flourish.studio\/resources\/embed.js\"><\/script><\/div>\n<p>Although the vaccination process is progressing steadily in all EU countries, the pace of vaccination is uneven in the different European territories, with some countries being more efficient in vaccinating their population.<\/p>\n<p>As of July 30, 39.21% of the EU\/EEA population had received the full course of one of the EU-licensed vaccines and had therefore been immunized against COVID-19.<\/p>\n<p>The countries which, to date, have vaccinated a higher percentage of their citizens are: <strong>Malta<\/strong> (66.5 % of its population vaccinated), <strong>Iceland<\/strong> (62.4 %), <strong>Hungary<\/strong> (59.7 %), <strong>Cyprus<\/strong> (48.1 %) and <strong>Ireland<\/strong> (43.4 %).<\/p>\n<p>In terms of population, the most populated countries with the highest percentage of vaccinated people are the <strong>Netherlands<\/strong> (42.7 %), <strong>Germany<\/strong> (42.3 %), <strong>Poland<\/strong> (42 %), <strong>Spain<\/strong> (41.5 %), <strong>France<\/strong> (37.5 %) and <strong>Italy<\/strong> (35.1 %).<\/p>\n<p>The countries in which the rate of vaccination is progressing more slowly are: <strong>Bulgaria<\/strong> 14.3 %, <strong>Finland<\/strong> 22 %, <strong>Romania<\/strong> 28.6 %, <strong>Latvia<\/strong> 30.8 % and <strong>Croatia<\/strong> 32.2 %.<\/p>\n<table width=\"0\">\n<tbody>\n<tr>\n<td width=\"138\"><strong>Country<\/strong><\/td>\n<td width=\"120\"><strong>% population with first dose<\/strong><\/td>\n<td width=\"120\"><strong>% population with complete pattern<\/strong><\/td>\n<td width=\"120\"><strong>Total population<\/strong><\/td>\n<\/tr>\n<tr>\n<td width=\"138\">Germany<\/td>\n<td width=\"120\">64,2<\/td>\n<td width=\"120\">42,3<\/td>\n<td width=\"120\">83.166.711<\/td>\n<\/tr>\n<tr>\n<td width=\"138\">France<\/td>\n<td width=\"120\">63,6<\/td>\n<td width=\"120\">37,5<\/td>\n<td width=\"120\">67.320.216<\/td>\n<\/tr>\n<tr>\n<td width=\"138\">Italy<\/td>\n<td width=\"120\">65,9<\/td>\n<td width=\"120\">35,1<\/td>\n<td width=\"120\">59.641.488<\/td>\n<\/tr>\n<tr>\n<td width=\"138\">Spain<\/td>\n<td width=\"120\">63,6<\/td>\n<td width=\"120\">41,5<\/td>\n<td width=\"120\">47.332.614<\/td>\n<\/tr>\n<tr>\n<td width=\"138\">Poland<\/td>\n<td width=\"120\">54,2<\/td>\n<td width=\"120\">42<\/td>\n<td width=\"120\">37.958.138<\/td>\n<\/tr>\n<tr>\n<td width=\"138\">The Netherlands<\/td>\n<td width=\"120\">71,4<\/td>\n<td width=\"120\">42,7<\/td>\n<td width=\"120\">17.407.585<\/td>\n<\/tr>\n<tr>\n<td width=\"138\">Belgium<\/td>\n<td width=\"120\">76,2<\/td>\n<td width=\"120\">42,3<\/td>\n<td width=\"120\">11.522.440<\/td>\n<\/tr>\n<tr>\n<td width=\"138\">Greece<\/td>\n<td width=\"120\">53,2<\/td>\n<td width=\"120\">40,5<\/td>\n<td width=\"120\">10.718.565<\/td>\n<\/tr>\n<tr>\n<td width=\"138\">Czech Republic<\/td>\n<td width=\"120\">56,6<\/td>\n<td width=\"120\">34,7<\/td>\n<td width=\"120\">10.693.939<\/td>\n<\/tr>\n<tr>\n<td width=\"138\">Sweden<\/td>\n<td width=\"120\">58,1<\/td>\n<td width=\"120\">36,6<\/td>\n<td width=\"120\">10.327.589<\/td>\n<\/tr>\n<tr>\n<td width=\"138\">Portugal<\/td>\n<td width=\"120\">62,2<\/td>\n<td width=\"120\">38,4<\/td>\n<td width=\"120\">10.295.909<\/td>\n<\/tr>\n<tr>\n<td width=\"138\">Hungary<\/td>\n<td width=\"120\">67,4<\/td>\n<td width=\"120\">59,7<\/td>\n<td width=\"120\">9.769.526<\/td>\n<\/tr>\n<tr>\n<td width=\"138\">Austria<\/td>\n<td width=\"120\">63,8<\/td>\n<td width=\"120\">40,1<\/td>\n<td width=\"120\">8.901.064<\/td>\n<\/tr>\n<tr>\n<td width=\"138\">Bulgaria<\/td>\n<td width=\"120\">16,4<\/td>\n<td width=\"120\">14,3<\/td>\n<td width=\"120\">6.951.482<\/td>\n<\/tr>\n<tr>\n<td width=\"138\">Denmark<\/td>\n<td width=\"120\">66,7<\/td>\n<td width=\"120\">38,2<\/td>\n<td width=\"120\">5.822.763<\/td>\n<\/tr>\n<tr>\n<td width=\"138\">Finland<\/td>\n<td width=\"120\">71,6<\/td>\n<td width=\"120\">22<\/td>\n<td width=\"120\">5.525.292<\/td>\n<\/tr>\n<tr>\n<td width=\"138\">Slovakia<\/td>\n<td width=\"120\">43,2<\/td>\n<td width=\"120\">32,6<\/td>\n<td width=\"120\">5.457.873<\/td>\n<\/tr>\n<tr>\n<td width=\"138\">Norway<\/td>\n<td width=\"120\">56,6<\/td>\n<td width=\"120\">33<\/td>\n<td width=\"120\">5.367.580<\/td>\n<\/tr>\n<tr>\n<td width=\"138\">Rumania<\/td>\n<td width=\"120\">30<\/td>\n<td width=\"120\">28,6<\/td>\n<td width=\"120\">5.176.010<\/td>\n<\/tr>\n<tr>\n<td width=\"138\">Ireland<\/td>\n<td width=\"120\">66<\/td>\n<td width=\"120\">43,4<\/td>\n<td width=\"120\">4.964.440<\/td>\n<\/tr>\n<tr>\n<td width=\"138\">Croatia<\/td>\n<td width=\"120\">43,7<\/td>\n<td width=\"120\">32,2<\/td>\n<td width=\"120\">4.085.165<\/td>\n<\/tr>\n<tr>\n<td width=\"138\">Lithuania<\/td>\n<td width=\"120\">51,3<\/td>\n<td width=\"120\">39,7<\/td>\n<td width=\"120\">2.794.090<\/td>\n<\/tr>\n<tr>\n<td width=\"138\">Slovenia<\/td>\n<td width=\"120\">46,7<\/td>\n<td width=\"120\">37,3<\/td>\n<td width=\"120\">2.095.861<\/td>\n<\/tr>\n<tr>\n<td width=\"138\">Latvia<\/td>\n<td width=\"120\">35,8<\/td>\n<td width=\"120\">30,8<\/td>\n<td width=\"120\">1.907.675<\/td>\n<\/tr>\n<tr>\n<td width=\"138\">Estonia<\/td>\n<td width=\"120\">50,4<\/td>\n<td width=\"120\">37,1<\/td>\n<td width=\"120\">1.328.889<\/td>\n<\/tr>\n<tr>\n<td width=\"138\">Cyprus<\/td>\n<td width=\"120\">62,9<\/td>\n<td width=\"120\">48,1<\/td>\n<td width=\"120\">888.005<\/td>\n<\/tr>\n<tr>\n<td width=\"138\">Luxembourg<\/td>\n<td width=\"120\">61,5<\/td>\n<td width=\"120\">42,8<\/td>\n<td width=\"120\">626.108<\/td>\n<\/tr>\n<tr>\n<td width=\"138\">Malta<\/td>\n<td width=\"120\">71,6<\/td>\n<td width=\"120\">66,5<\/td>\n<td width=\"120\">514.564<\/td>\n<\/tr>\n<tr>\n<td width=\"138\">Iceland<\/td>\n<td width=\"120\">88<\/td>\n<td width=\"120\">62,4<\/td>\n<td width=\"120\">364.134<\/td>\n<\/tr>\n<tr>\n<td width=\"138\">Liechtenstein<\/td>\n<td width=\"120\">57,5<\/td>\n<td width=\"120\">33,8<\/td>\n<td width=\"120\">38.747<\/td>\n<\/tr>\n<tr>\n<td width=\"138\">EU\/EEA average<\/td>\n<td width=\"120\">58,01<\/td>\n<td width=\"120\">39,21<\/td>\n<td width=\"120\"><\/td>\n<\/tr>\n<\/tbody>\n<\/table>\n<h3>Digital COVID Certificate<\/h3>\n<p>On March 17, 2021, the Commission adopted a legislative proposal establishing a common framework for an EU digital COVID certificate including vaccination, testing and recovery. This is an EU-wide approach for the issuance, verification and acceptance of certificates to facilitate free movement within the Union, based on strict respect for non-discrimination and the fundamental rights of EU citizenship. On July 1, 2021, the EU Digital COVID Certificate Regulation entered into force.<\/p>\n<p>An EU Digital COVID Certificate is a digital accreditation that a person:<\/p>\n<ul>\n<li>has been vaccinated against COVID-19, or.<\/li>\n<li>has been tested with a negative result, or<\/li>\n<li>has recovered from COVID-19.<\/li>\n<\/ul>\n<h3>Context<\/h3>\n<p>Vaccination against COVID-19 started on December 27, 2020 across the European Union, in a moment of unity.<\/p>\n<p>To date, 4 safe and effective vaccines against COVID-19 have been licensed for use in the EU, following positive scientific recommendations from the European Medicines Agency:<\/p>\n<p><strong>BioNTech-Pfizer<\/strong>: On December 21, 2020, the European Commission granted conditional marketing authorization to the COVID-19 vaccine developed by BioNTech and Pfizer, thus becoming the first COVID-19 vaccine licensed in the EU.<\/p>\n<p><strong>Moderna<\/strong>: On January 6, 2021, the European Commission granted conditional marketing authorization to the COVID-19 vaccine developed by Moderna, which thus became the second COVID-19 vaccine licensed in the EU.<\/p>\n<p><strong>AstraZeneca<\/strong>: On January 29, 2021, the European Commission granted conditional marketing authorization to the COVID-19 vaccine developed by AstraZeneca, which thus became the third COVID-19 vaccine licensed in the EU.<\/p>\n<p><strong>Johnson &amp; Johnson<\/strong>: On March 11, 2021, the European Commission granted a conditional marketing authorization to the COVID-19 vaccine developed by Janssen Pharmaceutica NV, which thus became the fourth COVID-19 vaccine licensed in the EU.<\/p>\n<h3>More information<\/h3>\n<blockquote class=\"wp-embedded-content\" data-secret=\"j9aubGlX6E\"><p><a href=\"https:\/\/www.cde.ual.es\/en\/covid-19-evolution-in-europe\/\">Evoluci\u00f3n COVID-19 en Europa<\/a><\/p><\/blockquote>\n<p><iframe class=\"wp-embedded-content\" sandbox=\"allow-scripts\" security=\"restricted\" style=\"position: absolute; visibility: hidden;\" title=\"&#8220;Evoluci\u00f3n COVID-19 en Europa&#8221; &#8212; CDE Almer\u00eda - Centro de Documentaci\u00f3n Europea - Universidad de Almer\u00eda\" src=\"https:\/\/www.cde.ual.es\/en\/covid-19-evolution-in-europe\/embed\/#?secret=m88QqF2vQ4#?secret=j9aubGlX6E\" data-secret=\"j9aubGlX6E\" width=\"500\" height=\"282\" frameborder=\"0\" marginwidth=\"0\" marginheight=\"0\" scrolling=\"no\"><\/iframe><\/p>\n<h3>Source<\/h3>\n<p><a href=\"https:\/\/qap.ecdc.europa.eu\/public\/extensions\/COVID-19\/COVID-19.html#vaccine-tracker-tab\" target=\"_blank\" rel=\"noopener\">European Center for Disease Prevention and Control<\/a><\/p>\n","protected":false},"excerpt":{"rendered":"<p>Although the vaccination process is progressing steadily in all EU countries, the pace of vaccination is uneven in the different European territories, with some countries being more efficient in vaccinating their population. As of July 30, 39.21% of the EU\/EEA population had received the full course of one of the EU-licensed vaccines and had therefore [&hellip;]<\/p>\n","protected":false},"author":101011,"featured_media":76115,"comment_status":"open","ping_status":"open","sticky":false,"template":"","format":"standard","meta":{"_acf_changed":false,"_relevanssi_hide_post":"","_relevanssi_hide_content":"","_relevanssi_pin_for_all":"","_relevanssi_pin_keywords":"","_relevanssi_unpin_keywords":"","_relevanssi_related_keywords":"","_relevanssi_related_include_ids":"","_relevanssi_related_exclude_ids":"","_relevanssi_related_no_append":"","_relevanssi_related_not_related":"","_relevanssi_related_posts":"","_relevanssi_noindex_reason":"","_monsterinsights_skip_tracking":false,"_monsterinsights_sitenote_active":false,"_monsterinsights_sitenote_note":"","_monsterinsights_sitenote_category":0,"_genesis_hide_title":false,"_genesis_hide_breadcrumbs":false,"_genesis_hide_singular_image":false,"_genesis_hide_footer_widgets":false,"_genesis_custom_body_class":"","_genesis_custom_post_class":"","_genesis_layout":"","footnotes":""},"categories":[4093,346,4092],"tags":[1352,2518],"class_list":{"0":"post-76832","1":"post","2":"type-post","3":"status-publish","4":"format-standard","5":"has-post-thumbnail","7":"category-diseases","8":"category-eu-news","9":"category-health","10":"tag-covid-19","11":"tag-vaccination","12":"entry"},"acf":[],"yoast_head":"<!-- This site is optimized with the Yoast SEO plugin v27.4 - https:\/\/yoast.com\/product\/yoast-seo-wordpress\/ -->\n<title>Vaccination in Europe - First semester 2021 | CDE Almer\u00eda - Centro de Documentaci\u00f3n Europea - Universidad de Almer\u00eda<\/title>\n<meta name=\"robots\" content=\"index, follow, max-snippet:-1, max-image-preview:large, max-video-preview:-1\" \/>\n<link rel=\"canonical\" href=\"https:\/\/www.cde.ual.es\/en\/vaccination-in-europe-first-semester-2021\/\" \/>\n<meta property=\"og:locale\" content=\"en_US\" \/>\n<meta property=\"og:type\" content=\"article\" \/>\n<meta property=\"og:title\" content=\"Vaccination in Europe - First semester 2021 | CDE Almer\u00eda - Centro de Documentaci\u00f3n Europea - Universidad de Almer\u00eda\" \/>\n<meta property=\"og:description\" content=\"Although the vaccination process is progressing steadily in all EU countries, the pace of vaccination is uneven in the different European territories, with some countries being more efficient in vaccinating their population. As of July 30, 39.21% of the EU\/EEA population had received the full course of one of the EU-licensed vaccines and had therefore [&hellip;]\" \/>\n<meta property=\"og:url\" content=\"https:\/\/www.cde.ual.es\/en\/vaccination-in-europe-first-semester-2021\/\" \/>\n<meta property=\"og:site_name\" content=\"CDE Almer\u00eda - Centro de Documentaci\u00f3n Europea - Universidad de Almer\u00eda\" \/>\n<meta property=\"article:publisher\" content=\"https:\/\/www.facebook.com\/cdeuniversidadalmeria\/\" \/>\n<meta property=\"article:published_time\" content=\"2021-07-21T01:00:18+00:00\" \/>\n<meta property=\"og:image\" content=\"https:\/\/www.cde.ual.es\/wp-content\/uploads\/2021\/07\/vacunacion-scaled.jpg\" \/>\n\t<meta property=\"og:image:width\" content=\"2560\" \/>\n\t<meta property=\"og:image:height\" content=\"1707\" \/>\n\t<meta property=\"og:image:type\" content=\"image\/jpeg\" \/>\n<meta name=\"author\" content=\"BECA 2 CDE\" \/>\n<meta name=\"twitter:card\" content=\"summary_large_image\" \/>\n<meta name=\"twitter:creator\" content=\"@cdeualmeria\" \/>\n<meta name=\"twitter:site\" content=\"@cdeualmeria\" \/>\n<meta name=\"twitter:label1\" content=\"Written by\" \/>\n\t<meta name=\"twitter:data1\" content=\"BECA 2 CDE\" \/>\n\t<meta name=\"twitter:label2\" content=\"Est. reading time\" \/>\n\t<meta name=\"twitter:data2\" content=\"2 minutes\" \/>\n<script type=\"application\/ld+json\" class=\"yoast-schema-graph\">{\"@context\":\"https:\\\/\\\/schema.org\",\"@graph\":[{\"@type\":\"Article\",\"@id\":\"https:\\\/\\\/www.cde.ual.es\\\/en\\\/vaccination-in-europe-first-semester-2021\\\/#article\",\"isPartOf\":{\"@id\":\"https:\\\/\\\/www.cde.ual.es\\\/en\\\/vaccination-in-europe-first-semester-2021\\\/\"},\"author\":{\"name\":\"BECA 2 CDE\",\"@id\":\"https:\\\/\\\/www.cde.ual.es\\\/#\\\/schema\\\/person\\\/ee46ebc19edfa19598c02cff83335acc\"},\"headline\":\"Vaccination in Europe &#8211; First semester 2021\",\"datePublished\":\"2021-07-21T01:00:18+00:00\",\"mainEntityOfPage\":{\"@id\":\"https:\\\/\\\/www.cde.ual.es\\\/en\\\/vaccination-in-europe-first-semester-2021\\\/\"},\"wordCount\":454,\"commentCount\":0,\"publisher\":{\"@id\":\"https:\\\/\\\/www.cde.ual.es\\\/#organization\"},\"image\":{\"@id\":\"https:\\\/\\\/www.cde.ual.es\\\/en\\\/vaccination-in-europe-first-semester-2021\\\/#primaryimage\"},\"thumbnailUrl\":\"https:\\\/\\\/www.cde.ual.es\\\/wp-content\\\/uploads\\\/2021\\\/07\\\/vacunacion-scaled.jpg\",\"keywords\":[\"covid-19\",\"vaccination\"],\"articleSection\":[\"Diseases\",\"EU News\",\"Health\"],\"inLanguage\":\"en-US\",\"potentialAction\":[{\"@type\":\"CommentAction\",\"name\":\"Comment\",\"target\":[\"https:\\\/\\\/www.cde.ual.es\\\/en\\\/vaccination-in-europe-first-semester-2021\\\/#respond\"]}]},{\"@type\":\"WebPage\",\"@id\":\"https:\\\/\\\/www.cde.ual.es\\\/en\\\/vaccination-in-europe-first-semester-2021\\\/\",\"url\":\"https:\\\/\\\/www.cde.ual.es\\\/en\\\/vaccination-in-europe-first-semester-2021\\\/\",\"name\":\"Vaccination in Europe - First semester 2021 | CDE Almer\u00eda - Centro de Documentaci\u00f3n Europea - Universidad de Almer\u00eda\",\"isPartOf\":{\"@id\":\"https:\\\/\\\/www.cde.ual.es\\\/#website\"},\"primaryImageOfPage\":{\"@id\":\"https:\\\/\\\/www.cde.ual.es\\\/en\\\/vaccination-in-europe-first-semester-2021\\\/#primaryimage\"},\"image\":{\"@id\":\"https:\\\/\\\/www.cde.ual.es\\\/en\\\/vaccination-in-europe-first-semester-2021\\\/#primaryimage\"},\"thumbnailUrl\":\"https:\\\/\\\/www.cde.ual.es\\\/wp-content\\\/uploads\\\/2021\\\/07\\\/vacunacion-scaled.jpg\",\"datePublished\":\"2021-07-21T01:00:18+00:00\",\"breadcrumb\":{\"@id\":\"https:\\\/\\\/www.cde.ual.es\\\/en\\\/vaccination-in-europe-first-semester-2021\\\/#breadcrumb\"},\"inLanguage\":\"en-US\",\"potentialAction\":[{\"@type\":\"ReadAction\",\"target\":[\"https:\\\/\\\/www.cde.ual.es\\\/en\\\/vaccination-in-europe-first-semester-2021\\\/\"]}]},{\"@type\":\"ImageObject\",\"inLanguage\":\"en-US\",\"@id\":\"https:\\\/\\\/www.cde.ual.es\\\/en\\\/vaccination-in-europe-first-semester-2021\\\/#primaryimage\",\"url\":\"https:\\\/\\\/www.cde.ual.es\\\/wp-content\\\/uploads\\\/2021\\\/07\\\/vacunacion-scaled.jpg\",\"contentUrl\":\"https:\\\/\\\/www.cde.ual.es\\\/wp-content\\\/uploads\\\/2021\\\/07\\\/vacunacion-scaled.jpg\",\"width\":2560,\"height\":1707,\"caption\":\"vacuna\"},{\"@type\":\"BreadcrumbList\",\"@id\":\"https:\\\/\\\/www.cde.ual.es\\\/en\\\/vaccination-in-europe-first-semester-2021\\\/#breadcrumb\",\"itemListElement\":[{\"@type\":\"ListItem\",\"position\":1,\"name\":\"Inicio\",\"item\":\"https:\\\/\\\/www.cde.ual.es\\\/en\\\/\"},{\"@type\":\"ListItem\",\"position\":2,\"name\":\"EU News\",\"item\":\"https:\\\/\\\/www.cde.ual.es\\\/en\\\/category\\\/eu-news\\\/\"},{\"@type\":\"ListItem\",\"position\":3,\"name\":\"Health\",\"item\":\"https:\\\/\\\/www.cde.ual.es\\\/en\\\/category\\\/eu-news\\\/health\\\/\"},{\"@type\":\"ListItem\",\"position\":4,\"name\":\"Diseases\",\"item\":\"https:\\\/\\\/www.cde.ual.es\\\/en\\\/category\\\/eu-news\\\/health\\\/diseases\\\/\"},{\"@type\":\"ListItem\",\"position\":5,\"name\":\"Vaccination in Europe &#8211; First semester 2021\"}]},{\"@type\":\"WebSite\",\"@id\":\"https:\\\/\\\/www.cde.ual.es\\\/#website\",\"url\":\"https:\\\/\\\/www.cde.ual.es\\\/\",\"name\":\"CDE Almer\u00eda - Centro de Documentaci\u00f3n Europea - Universidad de Almer\u00eda\",\"description\":\"Centro de Documentaci\u00f3n Europea de la Universidad de Almer\u00eda\",\"publisher\":{\"@id\":\"https:\\\/\\\/www.cde.ual.es\\\/#organization\"},\"alternateName\":\"CDE Almer\u00eda\",\"potentialAction\":[{\"@type\":\"SearchAction\",\"target\":{\"@type\":\"EntryPoint\",\"urlTemplate\":\"https:\\\/\\\/www.cde.ual.es\\\/?s={search_term_string}\"},\"query-input\":{\"@type\":\"PropertyValueSpecification\",\"valueRequired\":true,\"valueName\":\"search_term_string\"}}],\"inLanguage\":\"en-US\"},{\"@type\":\"Organization\",\"@id\":\"https:\\\/\\\/www.cde.ual.es\\\/#organization\",\"name\":\"Centro de Documentaci\u00f3n Europea de Almer\u00eda\",\"url\":\"https:\\\/\\\/www.cde.ual.es\\\/\",\"logo\":{\"@type\":\"ImageObject\",\"inLanguage\":\"en-US\",\"@id\":\"https:\\\/\\\/www.cde.ual.es\\\/#\\\/schema\\\/logo\\\/image\\\/\",\"url\":\"https:\\\/\\\/www.cde.ual.es\\\/wp-content\\\/uploads\\\/2025\\\/07\\\/cde-logo-3.png\",\"contentUrl\":\"https:\\\/\\\/www.cde.ual.es\\\/wp-content\\\/uploads\\\/2025\\\/07\\\/cde-logo-3.png\",\"width\":1400,\"height\":300,\"caption\":\"Centro de Documentaci\u00f3n Europea de Almer\u00eda\"},\"image\":{\"@id\":\"https:\\\/\\\/www.cde.ual.es\\\/#\\\/schema\\\/logo\\\/image\\\/\"},\"sameAs\":[\"https:\\\/\\\/www.facebook.com\\\/cdeuniversidadalmeria\\\/\",\"https:\\\/\\\/x.com\\\/cdeualmeria\",\"https:\\\/\\\/www.tiktok.com\\\/@cdealmeria\",\"https:\\\/\\\/www.instagram.com\\\/cdealmeria\\\/\",\"https:\\\/\\\/www.linkedin.com\\\/in\\\/cde-almera-812b26a9\\\/\"]},{\"@type\":\"Person\",\"@id\":\"https:\\\/\\\/www.cde.ual.es\\\/#\\\/schema\\\/person\\\/ee46ebc19edfa19598c02cff83335acc\",\"name\":\"BECA 2 CDE\",\"image\":{\"@type\":\"ImageObject\",\"inLanguage\":\"en-US\",\"@id\":\"https:\\\/\\\/secure.gravatar.com\\\/avatar\\\/35a481bbc04bbd90e91bdfa3b0b5541036c222a49b9ad37b6889a2afcb5311a5?s=96&d=mm&r=g\",\"url\":\"https:\\\/\\\/secure.gravatar.com\\\/avatar\\\/35a481bbc04bbd90e91bdfa3b0b5541036c222a49b9ad37b6889a2afcb5311a5?s=96&d=mm&r=g\",\"contentUrl\":\"https:\\\/\\\/secure.gravatar.com\\\/avatar\\\/35a481bbc04bbd90e91bdfa3b0b5541036c222a49b9ad37b6889a2afcb5311a5?s=96&d=mm&r=g\",\"caption\":\"BECA 2 CDE\"},\"sameAs\":[\"http:\\\/\\\/www.cdealmeria.com\"]}]}<\/script>\n<!-- \/ Yoast SEO plugin. -->","yoast_head_json":{"title":"Vaccination in Europe - First semester 2021 | CDE Almer\u00eda - Centro de Documentaci\u00f3n Europea - Universidad de Almer\u00eda","robots":{"index":"index","follow":"follow","max-snippet":"max-snippet:-1","max-image-preview":"max-image-preview:large","max-video-preview":"max-video-preview:-1"},"canonical":"https:\/\/www.cde.ual.es\/en\/vaccination-in-europe-first-semester-2021\/","og_locale":"en_US","og_type":"article","og_title":"Vaccination in Europe - First semester 2021 | CDE Almer\u00eda - Centro de Documentaci\u00f3n Europea - Universidad de Almer\u00eda","og_description":"Although the vaccination process is progressing steadily in all EU countries, the pace of vaccination is uneven in the different European territories, with some countries being more efficient in vaccinating their population. As of July 30, 39.21% of the EU\/EEA population had received the full course of one of the EU-licensed vaccines and had therefore [&hellip;]","og_url":"https:\/\/www.cde.ual.es\/en\/vaccination-in-europe-first-semester-2021\/","og_site_name":"CDE Almer\u00eda - Centro de Documentaci\u00f3n Europea - Universidad de Almer\u00eda","article_publisher":"https:\/\/www.facebook.com\/cdeuniversidadalmeria\/","article_published_time":"2021-07-21T01:00:18+00:00","og_image":[{"width":2560,"height":1707,"url":"https:\/\/www.cde.ual.es\/wp-content\/uploads\/2021\/07\/vacunacion-scaled.jpg","type":"image\/jpeg"}],"author":"BECA 2 CDE","twitter_card":"summary_large_image","twitter_creator":"@cdeualmeria","twitter_site":"@cdeualmeria","twitter_misc":{"Written by":"BECA 2 CDE","Est. reading time":"2 minutes"},"schema":{"@context":"https:\/\/schema.org","@graph":[{"@type":"Article","@id":"https:\/\/www.cde.ual.es\/en\/vaccination-in-europe-first-semester-2021\/#article","isPartOf":{"@id":"https:\/\/www.cde.ual.es\/en\/vaccination-in-europe-first-semester-2021\/"},"author":{"name":"BECA 2 CDE","@id":"https:\/\/www.cde.ual.es\/#\/schema\/person\/ee46ebc19edfa19598c02cff83335acc"},"headline":"Vaccination in Europe &#8211; First semester 2021","datePublished":"2021-07-21T01:00:18+00:00","mainEntityOfPage":{"@id":"https:\/\/www.cde.ual.es\/en\/vaccination-in-europe-first-semester-2021\/"},"wordCount":454,"commentCount":0,"publisher":{"@id":"https:\/\/www.cde.ual.es\/#organization"},"image":{"@id":"https:\/\/www.cde.ual.es\/en\/vaccination-in-europe-first-semester-2021\/#primaryimage"},"thumbnailUrl":"https:\/\/www.cde.ual.es\/wp-content\/uploads\/2021\/07\/vacunacion-scaled.jpg","keywords":["covid-19","vaccination"],"articleSection":["Diseases","EU News","Health"],"inLanguage":"en-US","potentialAction":[{"@type":"CommentAction","name":"Comment","target":["https:\/\/www.cde.ual.es\/en\/vaccination-in-europe-first-semester-2021\/#respond"]}]},{"@type":"WebPage","@id":"https:\/\/www.cde.ual.es\/en\/vaccination-in-europe-first-semester-2021\/","url":"https:\/\/www.cde.ual.es\/en\/vaccination-in-europe-first-semester-2021\/","name":"Vaccination in Europe - First semester 2021 | CDE Almer\u00eda - Centro de Documentaci\u00f3n Europea - Universidad de Almer\u00eda","isPartOf":{"@id":"https:\/\/www.cde.ual.es\/#website"},"primaryImageOfPage":{"@id":"https:\/\/www.cde.ual.es\/en\/vaccination-in-europe-first-semester-2021\/#primaryimage"},"image":{"@id":"https:\/\/www.cde.ual.es\/en\/vaccination-in-europe-first-semester-2021\/#primaryimage"},"thumbnailUrl":"https:\/\/www.cde.ual.es\/wp-content\/uploads\/2021\/07\/vacunacion-scaled.jpg","datePublished":"2021-07-21T01:00:18+00:00","breadcrumb":{"@id":"https:\/\/www.cde.ual.es\/en\/vaccination-in-europe-first-semester-2021\/#breadcrumb"},"inLanguage":"en-US","potentialAction":[{"@type":"ReadAction","target":["https:\/\/www.cde.ual.es\/en\/vaccination-in-europe-first-semester-2021\/"]}]},{"@type":"ImageObject","inLanguage":"en-US","@id":"https:\/\/www.cde.ual.es\/en\/vaccination-in-europe-first-semester-2021\/#primaryimage","url":"https:\/\/www.cde.ual.es\/wp-content\/uploads\/2021\/07\/vacunacion-scaled.jpg","contentUrl":"https:\/\/www.cde.ual.es\/wp-content\/uploads\/2021\/07\/vacunacion-scaled.jpg","width":2560,"height":1707,"caption":"vacuna"},{"@type":"BreadcrumbList","@id":"https:\/\/www.cde.ual.es\/en\/vaccination-in-europe-first-semester-2021\/#breadcrumb","itemListElement":[{"@type":"ListItem","position":1,"name":"Inicio","item":"https:\/\/www.cde.ual.es\/en\/"},{"@type":"ListItem","position":2,"name":"EU News","item":"https:\/\/www.cde.ual.es\/en\/category\/eu-news\/"},{"@type":"ListItem","position":3,"name":"Health","item":"https:\/\/www.cde.ual.es\/en\/category\/eu-news\/health\/"},{"@type":"ListItem","position":4,"name":"Diseases","item":"https:\/\/www.cde.ual.es\/en\/category\/eu-news\/health\/diseases\/"},{"@type":"ListItem","position":5,"name":"Vaccination in Europe &#8211; First semester 2021"}]},{"@type":"WebSite","@id":"https:\/\/www.cde.ual.es\/#website","url":"https:\/\/www.cde.ual.es\/","name":"CDE Almer\u00eda - Centro de Documentaci\u00f3n Europea - Universidad de Almer\u00eda","description":"Centro de Documentaci\u00f3n Europea de la Universidad de Almer\u00eda","publisher":{"@id":"https:\/\/www.cde.ual.es\/#organization"},"alternateName":"CDE Almer\u00eda","potentialAction":[{"@type":"SearchAction","target":{"@type":"EntryPoint","urlTemplate":"https:\/\/www.cde.ual.es\/?s={search_term_string}"},"query-input":{"@type":"PropertyValueSpecification","valueRequired":true,"valueName":"search_term_string"}}],"inLanguage":"en-US"},{"@type":"Organization","@id":"https:\/\/www.cde.ual.es\/#organization","name":"Centro de Documentaci\u00f3n Europea de Almer\u00eda","url":"https:\/\/www.cde.ual.es\/","logo":{"@type":"ImageObject","inLanguage":"en-US","@id":"https:\/\/www.cde.ual.es\/#\/schema\/logo\/image\/","url":"https:\/\/www.cde.ual.es\/wp-content\/uploads\/2025\/07\/cde-logo-3.png","contentUrl":"https:\/\/www.cde.ual.es\/wp-content\/uploads\/2025\/07\/cde-logo-3.png","width":1400,"height":300,"caption":"Centro de Documentaci\u00f3n Europea de Almer\u00eda"},"image":{"@id":"https:\/\/www.cde.ual.es\/#\/schema\/logo\/image\/"},"sameAs":["https:\/\/www.facebook.com\/cdeuniversidadalmeria\/","https:\/\/x.com\/cdeualmeria","https:\/\/www.tiktok.com\/@cdealmeria","https:\/\/www.instagram.com\/cdealmeria\/","https:\/\/www.linkedin.com\/in\/cde-almera-812b26a9\/"]},{"@type":"Person","@id":"https:\/\/www.cde.ual.es\/#\/schema\/person\/ee46ebc19edfa19598c02cff83335acc","name":"BECA 2 CDE","image":{"@type":"ImageObject","inLanguage":"en-US","@id":"https:\/\/secure.gravatar.com\/avatar\/35a481bbc04bbd90e91bdfa3b0b5541036c222a49b9ad37b6889a2afcb5311a5?s=96&d=mm&r=g","url":"https:\/\/secure.gravatar.com\/avatar\/35a481bbc04bbd90e91bdfa3b0b5541036c222a49b9ad37b6889a2afcb5311a5?s=96&d=mm&r=g","contentUrl":"https:\/\/secure.gravatar.com\/avatar\/35a481bbc04bbd90e91bdfa3b0b5541036c222a49b9ad37b6889a2afcb5311a5?s=96&d=mm&r=g","caption":"BECA 2 CDE"},"sameAs":["http:\/\/www.cdealmeria.com"]}]}},"_links":{"self":[{"href":"https:\/\/www.cde.ual.es\/en\/wp-json\/wp\/v2\/posts\/76832","targetHints":{"allow":["GET"]}}],"collection":[{"href":"https:\/\/www.cde.ual.es\/en\/wp-json\/wp\/v2\/posts"}],"about":[{"href":"https:\/\/www.cde.ual.es\/en\/wp-json\/wp\/v2\/types\/post"}],"author":[{"embeddable":true,"href":"https:\/\/www.cde.ual.es\/en\/wp-json\/wp\/v2\/users\/101011"}],"replies":[{"embeddable":true,"href":"https:\/\/www.cde.ual.es\/en\/wp-json\/wp\/v2\/comments?post=76832"}],"version-history":[{"count":0,"href":"https:\/\/www.cde.ual.es\/en\/wp-json\/wp\/v2\/posts\/76832\/revisions"}],"wp:featuredmedia":[{"embeddable":true,"href":"https:\/\/www.cde.ual.es\/en\/wp-json\/wp\/v2\/media\/76115"}],"wp:attachment":[{"href":"https:\/\/www.cde.ual.es\/en\/wp-json\/wp\/v2\/media?parent=76832"}],"wp:term":[{"taxonomy":"category","embeddable":true,"href":"https:\/\/www.cde.ual.es\/en\/wp-json\/wp\/v2\/categories?post=76832"},{"taxonomy":"post_tag","embeddable":true,"href":"https:\/\/www.cde.ual.es\/en\/wp-json\/wp\/v2\/tags?post=76832"}],"curies":[{"name":"wp","href":"https:\/\/api.w.org\/{rel}","templated":true}]}}