{"id":7616,"date":"2018-07-30T11:00:39","date_gmt":"2018-07-30T09:00:39","guid":{"rendered":"http:\/\/www.cde.ual.es\/?p=7616"},"modified":"2018-07-30T08:42:41","modified_gmt":"2018-07-30T06:42:41","slug":"programa-de-practicas-the-blue-book-traineeship-en-la-comision-europea","status":"publish","type":"post","link":"https:\/\/www.cde.ual.es\/en\/programa-de-practicas-the-blue-book-traineeship-en-la-comision-europea\/","title":{"rendered":"Programa de pr\u00e1cticas &#8220;The Blue Book Traineeship&#8221; en la Comisi\u00f3n Europea"},"content":{"rendered":"<p><a href=\"http:\/\/www.cde.ual.es\/wp-content\/uploads\/2018\/07\/Pr\u00e1cticas-Blue-Book-.png\"><img decoding=\"async\" class=\"size-medium wp-image-7618 aligncenter\" src=\"http:\/\/www.cde.ual.es\/wp-content\/uploads\/2018\/07\/Pr\u00e1cticas-Blue-Book--300x201.png\" alt=\"\" width=\"300\" height=\"201\" srcset=\"https:\/\/www.cde.ual.es\/wp-content\/uploads\/2018\/07\/Pr\u00e1cticas-Blue-Book--300x201.png 300w, https:\/\/www.cde.ual.es\/wp-content\/uploads\/2018\/07\/Pr\u00e1cticas-Blue-Book-.png 677w\" sizes=\"(max-width: 300px) 100vw, 300px\" \/><\/a><\/p>\n<p class=\"flaticon-loud7 blue\">La Uni\u00f3n Europea ofrece m\u00e1s de 1300 plazas para realizar un programa de\u00a0<strong>pr\u00e1cticas<\/strong>\u00a0de\u00a0<strong>cinco meses<\/strong>\u00a0en la\u00a0<strong>Comisi\u00f3n Europea<\/strong>\u00a0(o en alguna de las Agencias Ejecutivas de las instituciones europeas, como el Servicio Europeo de Acci\u00f3n Exterior o la Agencia para las Medianas y Peque\u00f1as Empresas).<\/p>\n<p class=\"flaticon-loud7 blue\">Las pr\u00e1cticas comenzar\u00e1n en\u00a0<strong>octubre de 2018<\/strong>\u00a0y tendr\u00e1n una\u00a0<strong>dotaci\u00f3n mensual de\u00a01.176,83 \u20ac<\/strong>\u00a0y el reembolso de los\u00a0<strong>gastos de viaje<\/strong>. Asimismo, el\u00a0<strong>seguro de accidentes<\/strong>\u00a0y\u00a0<strong>salud<\/strong>\u00a0tambi\u00e9n puede ser provisto.<\/p>\n<h3 class=\"flaticon-loud7 blue\">Perfil del solicitante<\/h3>\n<p class=\"flaticon-loud7 blue\">Personas con\u00a0<strong>titulaci\u00f3n universitaria<\/strong>\u00a0de todo el mundo.<\/p>\n<h3 class=\"flaticon-loud7 blue\">Requisitos<\/h3>\n<ul>\n<li class=\"flaticon-loud7 blue\">Grado con una duraci\u00f3n de al menos 3 a\u00f1os de estudio.<\/li>\n<li class=\"flaticon-loud7 blue\">Poseer muy buen conocimiento del ingl\u00e9s, franc\u00e9s o alem\u00e1n.<\/li>\n<li class=\"flaticon-loud7 blue\">Poseer muy buen conocimiento de una segunda lengua oficial de la Uni\u00f3n Europea (para los\/as candidatos\/as de la UE).<\/li>\n<\/ul>\n<p>Las personas\u00a0que anteriormente hayan realizado m\u00e1s de 6 semanas de formaci\u00f3n o trabajo (remunerado o no) en cualquiera de las instituciones, organismos o agencias europeas no podr\u00e1n optar a este programa.<\/p>\n<h3 class=\"flaticon-loud7 blue\">Fecha de solicitud<\/h3>\n<p class=\"flaticon-loud7 blue\"><strong>del 4 de enero de 2018<\/strong>\u00a0(12:00 del mediod\u00eda, hora de Bruselas)\u00a0<strong>al 31 de enero de 2018<\/strong>\u00a0(12:00 del mediod\u00eda, hora de Bruselas).<\/p>\n<p class=\"flaticon-loud7 blue\">Para m\u00e1s informaci\u00f3n, visita el siguiente enlace:\u00a0<a href=\"https:\/\/eeas.europa.eu\/headquarters\/headquarters-homepage\/8354\/blue-book-traineeship-eeas_en%20e%20qui%20https:\/\/ec.europa.eu\/stages\/\" target=\"_blank\" rel=\"noopener noreferrer\">Pr\u00e1cticas The Blue Book Traneeship en la Comisi\u00f3n Europea<\/a><\/p>\n","protected":false},"excerpt":{"rendered":"<p>La Uni\u00f3n Europea ofrece m\u00e1s de 1300 plazas para realizar un programa de\u00a0pr\u00e1cticas\u00a0de\u00a0cinco meses\u00a0en la\u00a0Comisi\u00f3n Europea\u00a0(o en alguna de las Agencias Ejecutivas de las instituciones europeas, como el Servicio Europeo de Acci\u00f3n Exterior o la Agencia para las Medianas y Peque\u00f1as Empresas). Las pr\u00e1cticas comenzar\u00e1n en\u00a0octubre de 2018\u00a0y tendr\u00e1n una\u00a0dotaci\u00f3n mensual de\u00a01.176,83 \u20ac\u00a0y el reembolso [&hellip;]<\/p>\n","protected":false},"author":1,"featured_media":7618,"comment_status":"open","ping_status":"open","sticky":false,"template":"","format":"standard","meta":{"_acf_changed":false,"_relevanssi_hide_post":"","_relevanssi_hide_content":"","_relevanssi_pin_for_all":"","_relevanssi_pin_keywords":"","_relevanssi_unpin_keywords":"","_relevanssi_related_keywords":"","_relevanssi_related_include_ids":"","_relevanssi_related_exclude_ids":"","_relevanssi_related_no_append":"","_relevanssi_related_not_related":"","_relevanssi_related_posts":"","_relevanssi_noindex_reason":"","_monsterinsights_skip_tracking":false,"_monsterinsights_sitenote_active":false,"_monsterinsights_sitenote_note":"","_monsterinsights_sitenote_category":0,"_genesis_hide_title":false,"_genesis_hide_breadcrumbs":false,"_genesis_hide_singular_image":false,"_genesis_hide_footer_widgets":false,"_genesis_custom_body_class":"","_genesis_custom_post_class":"","_genesis_layout":"","footnotes":""},"categories":[96],"tags":[156,154,135],"class_list":{"0":"post-7616","1":"post","2":"type-post","3":"status-publish","4":"format-standard","5":"has-post-thumbnail","7":"category-noticias-ue","8":"tag-becas","9":"tag-movilidad","10":"tag-union-europea","11":"entry"},"acf":[],"yoast_head":"<!-- This site is optimized with the Yoast SEO plugin v27.4 - https:\/\/yoast.com\/product\/yoast-seo-wordpress\/ -->\n<title>Programa de pr\u00e1cticas &quot;The Blue Book Traineeship&quot; en la Comisi\u00f3n Europea | CDE Almer\u00eda - Centro de Documentaci\u00f3n Europea - Universidad de Almer\u00eda<\/title>\n<meta name=\"robots\" content=\"index, follow, max-snippet:-1, max-image-preview:large, max-video-preview:-1\" \/>\n<link rel=\"canonical\" href=\"https:\/\/www.cde.ual.es\/programa-de-practicas-the-blue-book-traineeship-en-la-comision-europea\/\" \/>\n<meta property=\"og:locale\" content=\"en_US\" \/>\n<meta property=\"og:type\" content=\"article\" \/>\n<meta property=\"og:title\" content=\"Programa de pr\u00e1cticas &quot;The Blue Book Traineeship&quot; en la Comisi\u00f3n Europea | CDE Almer\u00eda - Centro de Documentaci\u00f3n Europea - Universidad de Almer\u00eda\" \/>\n<meta property=\"og:description\" content=\"La Uni\u00f3n Europea ofrece m\u00e1s de 1300 plazas para realizar un programa de\u00a0pr\u00e1cticas\u00a0de\u00a0cinco meses\u00a0en la\u00a0Comisi\u00f3n Europea\u00a0(o en alguna de las Agencias Ejecutivas de las instituciones europeas, como el Servicio Europeo de Acci\u00f3n Exterior o la Agencia para las Medianas y Peque\u00f1as Empresas). Las pr\u00e1cticas comenzar\u00e1n en\u00a0octubre de 2018\u00a0y tendr\u00e1n una\u00a0dotaci\u00f3n mensual de\u00a01.176,83 \u20ac\u00a0y el reembolso [&hellip;]\" \/>\n<meta property=\"og:url\" content=\"https:\/\/www.cde.ual.es\/programa-de-practicas-the-blue-book-traineeship-en-la-comision-europea\/\" \/>\n<meta property=\"og:site_name\" content=\"CDE Almer\u00eda - Centro de Documentaci\u00f3n Europea - Universidad de Almer\u00eda\" \/>\n<meta property=\"article:publisher\" content=\"https:\/\/www.facebook.com\/cdeuniversidadalmeria\/\" \/>\n<meta property=\"article:published_time\" content=\"2018-07-30T09:00:39+00:00\" \/>\n<meta property=\"og:image\" content=\"https:\/\/www.cde.ual.es\/wp-content\/uploads\/2018\/07\/Pr\u00e1cticas-Blue-Book-.png\" \/>\n\t<meta property=\"og:image:width\" content=\"677\" \/>\n\t<meta property=\"og:image:height\" content=\"453\" \/>\n\t<meta property=\"og:image:type\" content=\"image\/png\" \/>\n<meta name=\"author\" content=\"AdminCDE\" \/>\n<meta name=\"twitter:card\" content=\"summary_large_image\" \/>\n<meta name=\"twitter:creator\" content=\"@cdeualmeria\" \/>\n<meta name=\"twitter:site\" content=\"@cdeualmeria\" \/>\n<meta name=\"twitter:label1\" content=\"Written by\" \/>\n\t<meta name=\"twitter:data1\" content=\"AdminCDE\" \/>\n\t<meta name=\"twitter:label2\" content=\"Est. reading time\" \/>\n\t<meta name=\"twitter:data2\" content=\"1 minute\" \/>\n<script type=\"application\/ld+json\" class=\"yoast-schema-graph\">{\"@context\":\"https:\\\/\\\/schema.org\",\"@graph\":[{\"@type\":\"Article\",\"@id\":\"https:\\\/\\\/www.cde.ual.es\\\/programa-de-practicas-the-blue-book-traineeship-en-la-comision-europea\\\/#article\",\"isPartOf\":{\"@id\":\"https:\\\/\\\/www.cde.ual.es\\\/programa-de-practicas-the-blue-book-traineeship-en-la-comision-europea\\\/\"},\"author\":{\"name\":\"AdminCDE\",\"@id\":\"https:\\\/\\\/www.cde.ual.es\\\/#\\\/schema\\\/person\\\/224ef08c8bcc005f319d2713ce37ee5f\"},\"headline\":\"Programa de pr\u00e1cticas &#8220;The Blue Book Traineeship&#8221; en la Comisi\u00f3n Europea\",\"datePublished\":\"2018-07-30T09:00:39+00:00\",\"mainEntityOfPage\":{\"@id\":\"https:\\\/\\\/www.cde.ual.es\\\/programa-de-practicas-the-blue-book-traineeship-en-la-comision-europea\\\/\"},\"wordCount\":238,\"commentCount\":0,\"publisher\":{\"@id\":\"https:\\\/\\\/www.cde.ual.es\\\/#organization\"},\"image\":{\"@id\":\"https:\\\/\\\/www.cde.ual.es\\\/programa-de-practicas-the-blue-book-traineeship-en-la-comision-europea\\\/#primaryimage\"},\"thumbnailUrl\":\"https:\\\/\\\/www.cde.ual.es\\\/wp-content\\\/uploads\\\/2018\\\/07\\\/Pr\u00e1cticas-Blue-Book-.png\",\"keywords\":[\"Becas\",\"Movilidad\",\"Uni\u00f3n Europea\"],\"articleSection\":[\"Noticias UE\"],\"inLanguage\":\"en-US\",\"potentialAction\":[{\"@type\":\"CommentAction\",\"name\":\"Comment\",\"target\":[\"https:\\\/\\\/www.cde.ual.es\\\/programa-de-practicas-the-blue-book-traineeship-en-la-comision-europea\\\/#respond\"]}]},{\"@type\":\"WebPage\",\"@id\":\"https:\\\/\\\/www.cde.ual.es\\\/programa-de-practicas-the-blue-book-traineeship-en-la-comision-europea\\\/\",\"url\":\"https:\\\/\\\/www.cde.ual.es\\\/programa-de-practicas-the-blue-book-traineeship-en-la-comision-europea\\\/\",\"name\":\"Programa de pr\u00e1cticas \\\"The Blue Book Traineeship\\\" en la Comisi\u00f3n Europea | CDE Almer\u00eda - Centro de Documentaci\u00f3n Europea - Universidad de Almer\u00eda\",\"isPartOf\":{\"@id\":\"https:\\\/\\\/www.cde.ual.es\\\/#website\"},\"primaryImageOfPage\":{\"@id\":\"https:\\\/\\\/www.cde.ual.es\\\/programa-de-practicas-the-blue-book-traineeship-en-la-comision-europea\\\/#primaryimage\"},\"image\":{\"@id\":\"https:\\\/\\\/www.cde.ual.es\\\/programa-de-practicas-the-blue-book-traineeship-en-la-comision-europea\\\/#primaryimage\"},\"thumbnailUrl\":\"https:\\\/\\\/www.cde.ual.es\\\/wp-content\\\/uploads\\\/2018\\\/07\\\/Pr\u00e1cticas-Blue-Book-.png\",\"datePublished\":\"2018-07-30T09:00:39+00:00\",\"breadcrumb\":{\"@id\":\"https:\\\/\\\/www.cde.ual.es\\\/programa-de-practicas-the-blue-book-traineeship-en-la-comision-europea\\\/#breadcrumb\"},\"inLanguage\":\"en-US\",\"potentialAction\":[{\"@type\":\"ReadAction\",\"target\":[\"https:\\\/\\\/www.cde.ual.es\\\/programa-de-practicas-the-blue-book-traineeship-en-la-comision-europea\\\/\"]}]},{\"@type\":\"ImageObject\",\"inLanguage\":\"en-US\",\"@id\":\"https:\\\/\\\/www.cde.ual.es\\\/programa-de-practicas-the-blue-book-traineeship-en-la-comision-europea\\\/#primaryimage\",\"url\":\"https:\\\/\\\/www.cde.ual.es\\\/wp-content\\\/uploads\\\/2018\\\/07\\\/Pr\u00e1cticas-Blue-Book-.png\",\"contentUrl\":\"https:\\\/\\\/www.cde.ual.es\\\/wp-content\\\/uploads\\\/2018\\\/07\\\/Pr\u00e1cticas-Blue-Book-.png\",\"width\":677,\"height\":453},{\"@type\":\"BreadcrumbList\",\"@id\":\"https:\\\/\\\/www.cde.ual.es\\\/programa-de-practicas-the-blue-book-traineeship-en-la-comision-europea\\\/#breadcrumb\",\"itemListElement\":[{\"@type\":\"ListItem\",\"position\":1,\"name\":\"Inicio\",\"item\":\"https:\\\/\\\/www.cde.ual.es\\\/en\\\/\"},{\"@type\":\"ListItem\",\"position\":2,\"name\":\"Noticias UE\",\"item\":\"https:\\\/\\\/www.cde.ual.es\\\/category\\\/noticias-ue\\\/\"},{\"@type\":\"ListItem\",\"position\":3,\"name\":\"Programa de pr\u00e1cticas \u00abThe Blue Book Traineeship\u00bb en la Comisi\u00f3n Europea\"}]},{\"@type\":\"WebSite\",\"@id\":\"https:\\\/\\\/www.cde.ual.es\\\/#website\",\"url\":\"https:\\\/\\\/www.cde.ual.es\\\/\",\"name\":\"CDE Almer\u00eda - Centro de Documentaci\u00f3n Europea - Universidad de Almer\u00eda\",\"description\":\"Centro de Documentaci\u00f3n Europea de la Universidad de Almer\u00eda\",\"publisher\":{\"@id\":\"https:\\\/\\\/www.cde.ual.es\\\/#organization\"},\"alternateName\":\"CDE Almer\u00eda\",\"potentialAction\":[{\"@type\":\"SearchAction\",\"target\":{\"@type\":\"EntryPoint\",\"urlTemplate\":\"https:\\\/\\\/www.cde.ual.es\\\/?s={search_term_string}\"},\"query-input\":{\"@type\":\"PropertyValueSpecification\",\"valueRequired\":true,\"valueName\":\"search_term_string\"}}],\"inLanguage\":\"en-US\"},{\"@type\":\"Organization\",\"@id\":\"https:\\\/\\\/www.cde.ual.es\\\/#organization\",\"name\":\"Centro de Documentaci\u00f3n Europea de Almer\u00eda\",\"url\":\"https:\\\/\\\/www.cde.ual.es\\\/\",\"logo\":{\"@type\":\"ImageObject\",\"inLanguage\":\"en-US\",\"@id\":\"https:\\\/\\\/www.cde.ual.es\\\/#\\\/schema\\\/logo\\\/image\\\/\",\"url\":\"https:\\\/\\\/www.cde.ual.es\\\/wp-content\\\/uploads\\\/2025\\\/07\\\/cde-logo-3.png\",\"contentUrl\":\"https:\\\/\\\/www.cde.ual.es\\\/wp-content\\\/uploads\\\/2025\\\/07\\\/cde-logo-3.png\",\"width\":1400,\"height\":300,\"caption\":\"Centro de Documentaci\u00f3n Europea de Almer\u00eda\"},\"image\":{\"@id\":\"https:\\\/\\\/www.cde.ual.es\\\/#\\\/schema\\\/logo\\\/image\\\/\"},\"sameAs\":[\"https:\\\/\\\/www.facebook.com\\\/cdeuniversidadalmeria\\\/\",\"https:\\\/\\\/x.com\\\/cdeualmeria\",\"https:\\\/\\\/www.tiktok.com\\\/@cdealmeria\",\"https:\\\/\\\/www.instagram.com\\\/cdealmeria\\\/\",\"https:\\\/\\\/www.linkedin.com\\\/in\\\/cde-almera-812b26a9\\\/\"]},{\"@type\":\"Person\",\"@id\":\"https:\\\/\\\/www.cde.ual.es\\\/#\\\/schema\\\/person\\\/224ef08c8bcc005f319d2713ce37ee5f\",\"name\":\"AdminCDE\",\"image\":{\"@type\":\"ImageObject\",\"inLanguage\":\"en-US\",\"@id\":\"https:\\\/\\\/secure.gravatar.com\\\/avatar\\\/a72d038d371f995cd13706fac32274b7952a52e8fb0a84b5f80c85426f2a98a8?s=96&d=mm&r=g\",\"url\":\"https:\\\/\\\/secure.gravatar.com\\\/avatar\\\/a72d038d371f995cd13706fac32274b7952a52e8fb0a84b5f80c85426f2a98a8?s=96&d=mm&r=g\",\"contentUrl\":\"https:\\\/\\\/secure.gravatar.com\\\/avatar\\\/a72d038d371f995cd13706fac32274b7952a52e8fb0a84b5f80c85426f2a98a8?s=96&d=mm&r=g\",\"caption\":\"AdminCDE\"}}]}<\/script>\n<!-- \/ Yoast SEO plugin. -->","yoast_head_json":{"title":"Programa de pr\u00e1cticas \"The Blue Book Traineeship\" en la Comisi\u00f3n Europea | CDE Almer\u00eda - Centro de Documentaci\u00f3n Europea - Universidad de Almer\u00eda","robots":{"index":"index","follow":"follow","max-snippet":"max-snippet:-1","max-image-preview":"max-image-preview:large","max-video-preview":"max-video-preview:-1"},"canonical":"https:\/\/www.cde.ual.es\/programa-de-practicas-the-blue-book-traineeship-en-la-comision-europea\/","og_locale":"en_US","og_type":"article","og_title":"Programa de pr\u00e1cticas \"The Blue Book Traineeship\" en la Comisi\u00f3n Europea | CDE Almer\u00eda - Centro de Documentaci\u00f3n Europea - Universidad de Almer\u00eda","og_description":"La Uni\u00f3n Europea ofrece m\u00e1s de 1300 plazas para realizar un programa de\u00a0pr\u00e1cticas\u00a0de\u00a0cinco meses\u00a0en la\u00a0Comisi\u00f3n Europea\u00a0(o en alguna de las Agencias Ejecutivas de las instituciones europeas, como el Servicio Europeo de Acci\u00f3n Exterior o la Agencia para las Medianas y Peque\u00f1as Empresas). Las pr\u00e1cticas comenzar\u00e1n en\u00a0octubre de 2018\u00a0y tendr\u00e1n una\u00a0dotaci\u00f3n mensual de\u00a01.176,83 \u20ac\u00a0y el reembolso [&hellip;]","og_url":"https:\/\/www.cde.ual.es\/programa-de-practicas-the-blue-book-traineeship-en-la-comision-europea\/","og_site_name":"CDE Almer\u00eda - Centro de Documentaci\u00f3n Europea - Universidad de Almer\u00eda","article_publisher":"https:\/\/www.facebook.com\/cdeuniversidadalmeria\/","article_published_time":"2018-07-30T09:00:39+00:00","og_image":[{"width":677,"height":453,"url":"https:\/\/www.cde.ual.es\/wp-content\/uploads\/2018\/07\/Pr\u00e1cticas-Blue-Book-.png","type":"image\/png"}],"author":"AdminCDE","twitter_card":"summary_large_image","twitter_creator":"@cdeualmeria","twitter_site":"@cdeualmeria","twitter_misc":{"Written by":"AdminCDE","Est. reading time":"1 minute"},"schema":{"@context":"https:\/\/schema.org","@graph":[{"@type":"Article","@id":"https:\/\/www.cde.ual.es\/programa-de-practicas-the-blue-book-traineeship-en-la-comision-europea\/#article","isPartOf":{"@id":"https:\/\/www.cde.ual.es\/programa-de-practicas-the-blue-book-traineeship-en-la-comision-europea\/"},"author":{"name":"AdminCDE","@id":"https:\/\/www.cde.ual.es\/#\/schema\/person\/224ef08c8bcc005f319d2713ce37ee5f"},"headline":"Programa de pr\u00e1cticas &#8220;The Blue Book Traineeship&#8221; en la Comisi\u00f3n Europea","datePublished":"2018-07-30T09:00:39+00:00","mainEntityOfPage":{"@id":"https:\/\/www.cde.ual.es\/programa-de-practicas-the-blue-book-traineeship-en-la-comision-europea\/"},"wordCount":238,"commentCount":0,"publisher":{"@id":"https:\/\/www.cde.ual.es\/#organization"},"image":{"@id":"https:\/\/www.cde.ual.es\/programa-de-practicas-the-blue-book-traineeship-en-la-comision-europea\/#primaryimage"},"thumbnailUrl":"https:\/\/www.cde.ual.es\/wp-content\/uploads\/2018\/07\/Pr\u00e1cticas-Blue-Book-.png","keywords":["Becas","Movilidad","Uni\u00f3n Europea"],"articleSection":["Noticias UE"],"inLanguage":"en-US","potentialAction":[{"@type":"CommentAction","name":"Comment","target":["https:\/\/www.cde.ual.es\/programa-de-practicas-the-blue-book-traineeship-en-la-comision-europea\/#respond"]}]},{"@type":"WebPage","@id":"https:\/\/www.cde.ual.es\/programa-de-practicas-the-blue-book-traineeship-en-la-comision-europea\/","url":"https:\/\/www.cde.ual.es\/programa-de-practicas-the-blue-book-traineeship-en-la-comision-europea\/","name":"Programa de pr\u00e1cticas \"The Blue Book Traineeship\" en la Comisi\u00f3n Europea | CDE Almer\u00eda - Centro de Documentaci\u00f3n Europea - Universidad de Almer\u00eda","isPartOf":{"@id":"https:\/\/www.cde.ual.es\/#website"},"primaryImageOfPage":{"@id":"https:\/\/www.cde.ual.es\/programa-de-practicas-the-blue-book-traineeship-en-la-comision-europea\/#primaryimage"},"image":{"@id":"https:\/\/www.cde.ual.es\/programa-de-practicas-the-blue-book-traineeship-en-la-comision-europea\/#primaryimage"},"thumbnailUrl":"https:\/\/www.cde.ual.es\/wp-content\/uploads\/2018\/07\/Pr\u00e1cticas-Blue-Book-.png","datePublished":"2018-07-30T09:00:39+00:00","breadcrumb":{"@id":"https:\/\/www.cde.ual.es\/programa-de-practicas-the-blue-book-traineeship-en-la-comision-europea\/#breadcrumb"},"inLanguage":"en-US","potentialAction":[{"@type":"ReadAction","target":["https:\/\/www.cde.ual.es\/programa-de-practicas-the-blue-book-traineeship-en-la-comision-europea\/"]}]},{"@type":"ImageObject","inLanguage":"en-US","@id":"https:\/\/www.cde.ual.es\/programa-de-practicas-the-blue-book-traineeship-en-la-comision-europea\/#primaryimage","url":"https:\/\/www.cde.ual.es\/wp-content\/uploads\/2018\/07\/Pr\u00e1cticas-Blue-Book-.png","contentUrl":"https:\/\/www.cde.ual.es\/wp-content\/uploads\/2018\/07\/Pr\u00e1cticas-Blue-Book-.png","width":677,"height":453},{"@type":"BreadcrumbList","@id":"https:\/\/www.cde.ual.es\/programa-de-practicas-the-blue-book-traineeship-en-la-comision-europea\/#breadcrumb","itemListElement":[{"@type":"ListItem","position":1,"name":"Inicio","item":"https:\/\/www.cde.ual.es\/en\/"},{"@type":"ListItem","position":2,"name":"Noticias UE","item":"https:\/\/www.cde.ual.es\/category\/noticias-ue\/"},{"@type":"ListItem","position":3,"name":"Programa de pr\u00e1cticas \u00abThe Blue Book Traineeship\u00bb en la Comisi\u00f3n Europea"}]},{"@type":"WebSite","@id":"https:\/\/www.cde.ual.es\/#website","url":"https:\/\/www.cde.ual.es\/","name":"CDE Almer\u00eda - Centro de Documentaci\u00f3n Europea - Universidad de Almer\u00eda","description":"Centro de Documentaci\u00f3n Europea de la Universidad de Almer\u00eda","publisher":{"@id":"https:\/\/www.cde.ual.es\/#organization"},"alternateName":"CDE Almer\u00eda","potentialAction":[{"@type":"SearchAction","target":{"@type":"EntryPoint","urlTemplate":"https:\/\/www.cde.ual.es\/?s={search_term_string}"},"query-input":{"@type":"PropertyValueSpecification","valueRequired":true,"valueName":"search_term_string"}}],"inLanguage":"en-US"},{"@type":"Organization","@id":"https:\/\/www.cde.ual.es\/#organization","name":"Centro de Documentaci\u00f3n Europea de Almer\u00eda","url":"https:\/\/www.cde.ual.es\/","logo":{"@type":"ImageObject","inLanguage":"en-US","@id":"https:\/\/www.cde.ual.es\/#\/schema\/logo\/image\/","url":"https:\/\/www.cde.ual.es\/wp-content\/uploads\/2025\/07\/cde-logo-3.png","contentUrl":"https:\/\/www.cde.ual.es\/wp-content\/uploads\/2025\/07\/cde-logo-3.png","width":1400,"height":300,"caption":"Centro de Documentaci\u00f3n Europea de Almer\u00eda"},"image":{"@id":"https:\/\/www.cde.ual.es\/#\/schema\/logo\/image\/"},"sameAs":["https:\/\/www.facebook.com\/cdeuniversidadalmeria\/","https:\/\/x.com\/cdeualmeria","https:\/\/www.tiktok.com\/@cdealmeria","https:\/\/www.instagram.com\/cdealmeria\/","https:\/\/www.linkedin.com\/in\/cde-almera-812b26a9\/"]},{"@type":"Person","@id":"https:\/\/www.cde.ual.es\/#\/schema\/person\/224ef08c8bcc005f319d2713ce37ee5f","name":"AdminCDE","image":{"@type":"ImageObject","inLanguage":"en-US","@id":"https:\/\/secure.gravatar.com\/avatar\/a72d038d371f995cd13706fac32274b7952a52e8fb0a84b5f80c85426f2a98a8?s=96&d=mm&r=g","url":"https:\/\/secure.gravatar.com\/avatar\/a72d038d371f995cd13706fac32274b7952a52e8fb0a84b5f80c85426f2a98a8?s=96&d=mm&r=g","contentUrl":"https:\/\/secure.gravatar.com\/avatar\/a72d038d371f995cd13706fac32274b7952a52e8fb0a84b5f80c85426f2a98a8?s=96&d=mm&r=g","caption":"AdminCDE"}}]}},"_links":{"self":[{"href":"https:\/\/www.cde.ual.es\/en\/wp-json\/wp\/v2\/posts\/7616","targetHints":{"allow":["GET"]}}],"collection":[{"href":"https:\/\/www.cde.ual.es\/en\/wp-json\/wp\/v2\/posts"}],"about":[{"href":"https:\/\/www.cde.ual.es\/en\/wp-json\/wp\/v2\/types\/post"}],"author":[{"embeddable":true,"href":"https:\/\/www.cde.ual.es\/en\/wp-json\/wp\/v2\/users\/1"}],"replies":[{"embeddable":true,"href":"https:\/\/www.cde.ual.es\/en\/wp-json\/wp\/v2\/comments?post=7616"}],"version-history":[{"count":0,"href":"https:\/\/www.cde.ual.es\/en\/wp-json\/wp\/v2\/posts\/7616\/revisions"}],"wp:featuredmedia":[{"embeddable":true,"href":"https:\/\/www.cde.ual.es\/en\/wp-json\/wp\/v2\/media\/7618"}],"wp:attachment":[{"href":"https:\/\/www.cde.ual.es\/en\/wp-json\/wp\/v2\/media?parent=7616"}],"wp:term":[{"taxonomy":"category","embeddable":true,"href":"https:\/\/www.cde.ual.es\/en\/wp-json\/wp\/v2\/categories?post=7616"},{"taxonomy":"post_tag","embeddable":true,"href":"https:\/\/www.cde.ual.es\/en\/wp-json\/wp\/v2\/tags?post=7616"}],"curies":[{"name":"wp","href":"https:\/\/api.w.org\/{rel}","templated":true}]}}