{"id":7610,"date":"2018-07-30T08:26:06","date_gmt":"2018-07-30T06:26:06","guid":{"rendered":"http:\/\/www.cde.ual.es\/?p=7610"},"modified":"2018-07-30T08:26:06","modified_gmt":"2018-07-30T06:26:06","slug":"nuevos-derechos-digitales-en-toda-europa-durante-las-vacaciones-de-verano","status":"publish","type":"post","link":"https:\/\/www.cde.ual.es\/en\/nuevos-derechos-digitales-en-toda-europa-durante-las-vacaciones-de-verano\/","title":{"rendered":"Nuevos derechos digitales en toda Europa durante las vacaciones de verano"},"content":{"rendered":"<h1><a href=\"http:\/\/www.cde.ual.es\/wp-content\/uploads\/2018\/07\/mercado-\u00fanico-digital-vacaciones.png\"><img decoding=\"async\" class=\" wp-image-7612 aligncenter\" src=\"http:\/\/www.cde.ual.es\/wp-content\/uploads\/2018\/07\/mercado-\u00fanico-digital-vacaciones-300x292.png\" alt=\"\" width=\"250\" height=\"243\" srcset=\"https:\/\/www.cde.ual.es\/wp-content\/uploads\/2018\/07\/mercado-\u00fanico-digital-vacaciones-300x292.png 300w, https:\/\/www.cde.ual.es\/wp-content\/uploads\/2018\/07\/mercado-\u00fanico-digital-vacaciones.png 560w\" sizes=\"(max-width: 250px) 100vw, 250px\" \/><\/a><\/h1>\n<p style=\"font-weight: 400;\">\n<p style=\"font-weight: 400;\">Este verano, los ciudadanos europeos disfrutar\u00e1n de m\u00e1s derechos digitales que nunca. Tras el fin de las tarifas de itinerancia en toda la Uni\u00f3n Europea el a\u00f1o pasado, ahora quien se vaya de vacaciones podr\u00e1 viajar con sus suscripciones en l\u00ednea de televisi\u00f3n, cine, deporte, m\u00fasica o libros electr\u00f3nicos, sin coste adicional. Adem\u00e1s, en Europa, todo el mundo puede beneficiarse de una legislaci\u00f3n en materia de protecci\u00f3n de datos que se cuenta entre las mejores del mundo y garantiza que todos los europeos tengan un mayor control sobre sus datos personales.<\/p>\n<h3 style=\"font-weight: 400;\">Los derechos digitales ya se utilizan cotidianamente<\/h3>\n<ul style=\"font-weight: 400;\">\n<li>Desde junio de 2017, los ciudadanos pueden utilizar sus\u00a0<strong>tel\u00e9fonos m\u00f3viles cuando viajan<\/strong>\u00a0por la Uni\u00f3n exactamente igual a como lo har\u00edan en casa, sin pagar tarifas adicionales.\u00a0<em>Desde que la\u00a0<\/em><em><a href=\"http:\/\/europa.eu\/rapid\/press-release_STATEMENT-18-4181_es.htm\" data-saferedirecturl=\"https:\/\/www.google.com\/url?hl=es&amp;q=http:\/\/europa.eu\/rapid\/press-release_STATEMENT-18-4181_es.htm&amp;source=gmail&amp;ust=1533017351785000&amp;usg=AFQjCNGu-Czhux7JXBiODxOND-qlymJc7Q\">Uni\u00f3n elimin\u00f3 las tarifas de itinerancia<\/a><\/em><em>, el volumen de datos consumido en la Uni\u00f3n Europea y el Espacio Econ\u00f3mico Europeo se ha multiplicado por m\u00e1s de cinco, y se han efectuado casi dos veces y media m\u00e1s de llamadas telef\u00f3nicas.<\/em><\/li>\n<li>Desde abril de 2018, los consumidores pueden\u00a0<strong>acceder a los servicios de contenido en l\u00ednea<\/strong>\u00a0a los que se han suscrito en su pa\u00eds tambi\u00e9n cuando viajan por la Uni\u00f3n: pel\u00edculas, series, retransmisiones deportivas, etc.\u00a0(v\u00e9anse algunos ejemplos en la\u00a0<a href=\"http:\/\/ec.europa.eu\/newsroom\/dae\/document.cfm?doc_id=42443\" data-saferedirecturl=\"https:\/\/www.google.com\/url?hl=es&amp;q=http:\/\/ec.europa.eu\/newsroom\/dae\/document.cfm?doc_id%3D42443&amp;source=gmail&amp;ust=1533017351785000&amp;usg=AFQjCNH6c8GSj6aD8cEFBf2zK53P7x8wIA\">ficha informativa<\/a>).<\/li>\n<li>En virtud de la nueva\u00a0<strong>legislaci\u00f3n en materia de protecci\u00f3n de datos<\/strong>\u00a0vigente en la Uni\u00f3n desde el 25 de mayo de 2018, los europeos pueden transferir de manera segura datos personales entre proveedores de servicios, por ejemplo a trav\u00e9s de la nube o el correo electr\u00f3nico; ahora, todo el mundo tiene derecho a saber si sus datos han sido filtrados o pirateados, o de qu\u00e9 manera se obtienen sus datos personales. Es m\u00e1s, gracias al \u00abderecho al olvido\u00bb, los datos personales tienen que ser eliminados cuando se solicite, si no hay motivos leg\u00edtimos para que las empresas los conserven.<\/li>\n<li>Por \u00faltimo, con la legislaci\u00f3n sobre\u00a0<strong>neutralidad de la red<\/strong>, aplicable desde la primavera de 2016, todos los europeos tienen acceso a una internet abierta, lo que garantiza su libertad sin discriminaciones a la hora de elegir el contenido, las aplicaciones, los servicios y la informaci\u00f3n que prefieran.<\/li>\n<\/ul>\n<h3 style=\"font-weight: 400;\">Pr\u00f3ximamente<\/h3>\n<p style=\"font-weight: 400;\">Ya hay algunos derechos digitales vigentes, pero en los pr\u00f3ximos meses llegar\u00e1n m\u00e1s. A partir de septiembre, los europeos tendr\u00e1n cada vez m\u00e1s derecho a utilizar su identificaci\u00f3n electr\u00f3nica nacional en toda la Uni\u00f3n para acceder a servicios p\u00fablicos.<\/p>\n<p style=\"font-weight: 400;\">Desde diciembre, todo el mundo se beneficiar\u00e1 de la<strong>\u00a0libre circulaci\u00f3n de datos no personales<\/strong>, ya que se podr\u00e1 acceder a unos servicios de almacenamiento y tratamiento de datos mejores y m\u00e1s competitivos en la Uni\u00f3n, lo que complementar\u00e1 la libre circulaci\u00f3n de personas, mercanc\u00edas, servicios y capitales. Los empresarios, entre tanto, podr\u00e1n decidir en qu\u00e9 lugar de la Uni\u00f3n almacenan y tratan todo tipo de datos.<\/p>\n<p style=\"font-weight: 400;\">A partir del 3 de diciembre, los europeos podr\u00e1n\u00a0<strong>comprar en l\u00ednea sin discriminaciones injustificadas<\/strong>\u00a0independientemente del lugar de la Uni\u00f3n en el que se encuentren. No tendr\u00e1n que preocuparse de sufrir un bloqueo o un desv\u00edo en un sitio web simplemente porque ellos (o su tarjeta de cr\u00e9dito) proceden de un pa\u00eds diferente.<\/p>\n<p style=\"font-weight: 400;\">A partir del a\u00f1o que viene, los ciudadanos podr\u00e1n comparar m\u00e1s f\u00e1cilmente los gastos de entrega de paquetes y se beneficiar\u00e1n de unos\u00a0<strong>precios m\u00e1s asequibles en las<\/strong>\u00a0<a href=\"http:\/\/europa.eu\/rapid\/press-release_IP-17-5203_en.htm\" data-saferedirecturl=\"https:\/\/www.google.com\/url?hl=es&amp;q=http:\/\/europa.eu\/rapid\/press-release_IP-17-5203_en.htm&amp;source=gmail&amp;ust=1533017351785000&amp;usg=AFQjCNHNdw0rRqFrR4XiRrA2heOT18Taow\"><strong>entregas transfronterizas<\/strong><\/a>.<\/p>\n<p style=\"font-weight: 400;\">Las normas acordadas en relaci\u00f3n con<strong>\u00a0el impuesto sobre el valor a\u00f1adido (IVA) en el comercio electr\u00f3nico<\/strong>\u00a0permitir\u00e1n a los empresarios abordar sus necesidades en materia de IVA transfronterizo en un portal en l\u00ednea y en su propio idioma.<\/p>\n<p style=\"font-weight: 400;\">Con el\u00a0<a href=\"http:\/\/europa.eu\/rapid\/press-release_IP-18-4070_en.htm\" data-saferedirecturl=\"https:\/\/www.google.com\/url?hl=es&amp;q=http:\/\/europa.eu\/rapid\/press-release_IP-18-4070_en.htm&amp;source=gmail&amp;ust=1533017351785000&amp;usg=AFQjCNEVPL1IUGKPoBVbSBN_fUMZ22ylNA\">C\u00f3digo Europeo de las Comunicaciones Electr\u00f3nicas<\/a>\u00a0acordado recientemente, los europeos tendr\u00e1n derecho a cambiar de proveedor de servicios de internet y de telecomunicaciones m\u00e1s f\u00e1cilmente. Tambi\u00e9n tendr\u00e1n derecho a recibir alertas p\u00fablicas en sus tel\u00e9fonos m\u00f3viles en caso de emergencia. La nueva legislaci\u00f3n tambi\u00e9n garantizar\u00e1 una conectividad mejor y m\u00e1s asequible en toda la Uni\u00f3n.<\/p>\n<p style=\"font-weight: 400;\">Con la\u00a0<a href=\"http:\/\/europa.eu\/rapid\/press-release_MEMO-18-4093_en.htm\" data-saferedirecturl=\"https:\/\/www.google.com\/url?hl=es&amp;q=http:\/\/europa.eu\/rapid\/press-release_MEMO-18-4093_en.htm&amp;source=gmail&amp;ust=1533017351785000&amp;usg=AFQjCNGQwWlZPQ0a1Nb1u_d6k2RdvRFfaA\">legislaci\u00f3n actualizada en materia de medios audiovisuales<\/a>, los europeos tendr\u00e1n derecho a un entorno virtual seguro, que los proteja frente a la incitaci\u00f3n a la violencia, el odio, el terrorismo, la pornograf\u00eda infantil, el racismo y la xenofobia.<\/p>\n<p style=\"font-weight: 400;\">Antecedentes<\/p>\n<p style=\"font-weight: 400;\">La Comisi\u00f3n propuso la\u00a0<a href=\"https:\/\/ec.europa.eu\/commission\/priorities\/digital-single-market_es\" data-saferedirecturl=\"https:\/\/www.google.com\/url?hl=es&amp;q=https:\/\/ec.europa.eu\/commission\/priorities\/digital-single-market_es&amp;source=gmail&amp;ust=1533017351785000&amp;usg=AFQjCNFI8Q43X7-M4xHNeWyrzQiSs8FVCg\">Estrategia para el Mercado \u00danico Digital<\/a>\u00a0en mayo de 2015, con el fin de adaptar el mercado \u00fanico de la Uni\u00f3n a la era digital, derribando muros legislativos y pasando de veintiocho mercados nacionales a un mercado \u00fanico. Esto podr\u00eda suponer una contribuci\u00f3n de 415 000 millones de euros al a\u00f1o a nuestra econom\u00eda y la creaci\u00f3n de cientos de miles de puestos de trabajo.<\/p>\n<p style=\"font-weight: 400;\">Tres a\u00f1os despu\u00e9s, la Estrategia est\u00e1 bien encaminada: se han acordado diecisiete propuestas legislativas, mientras que doce siguen pendientes. Hay una necesidad imperiosa de completar el marco regulador para la creaci\u00f3n del mercado \u00fanico digital. Gracias a \u00e9l, el valor de la econom\u00eda europea de los datos podr\u00eda superar los 700\u00a0000 millones de euros de aqu\u00ed a 2020, lo que equivale al 4\u00a0% de la econom\u00eda de la Uni\u00f3n.<\/p>\n<p style=\"font-weight: 400;\">M\u00e1s informaci\u00f3n<\/p>\n<p style=\"font-weight: 400;\"><a href=\"https:\/\/ec.europa.eu\/commission\/priorities\/digital-single-market_es\" data-saferedirecturl=\"https:\/\/www.google.com\/url?hl=es&amp;q=https:\/\/ec.europa.eu\/commission\/priorities\/digital-single-market_es&amp;source=gmail&amp;ust=1533017351785000&amp;usg=AFQjCNFI8Q43X7-M4xHNeWyrzQiSs8FVCg\">El mercado \u00fanico digital<\/a><\/p>\n<p style=\"font-weight: 400;\"><a href=\"https:\/\/ec.europa.eu\/digital-single-market\/en\/news\/digital-single-market-benefit-all-europeans\" data-saferedirecturl=\"https:\/\/www.google.com\/url?hl=es&amp;q=https:\/\/ec.europa.eu\/digital-single-market\/en\/news\/digital-single-market-benefit-all-europeans&amp;source=gmail&amp;ust=1533017351785000&amp;usg=AFQjCNHCk67dY1JeS7fgPREDsxD7mR3xNw\">Ficha informativa: Un mercado \u00fanico digital en beneficio de todos los europeos<\/a><\/p>\n<p style=\"font-weight: 400;\"><a href=\"https:\/\/ec.europa.eu\/digital-single-market\/en\/news\/creating-digital-single-market-european-commission-actions-2015\" data-saferedirecturl=\"https:\/\/www.google.com\/url?hl=es&amp;q=https:\/\/ec.europa.eu\/digital-single-market\/en\/news\/creating-digital-single-market-european-commission-actions-2015&amp;source=gmail&amp;ust=1533017351785000&amp;usg=AFQjCNHJkAmETN3zEQPjGkSNgDEM9l4FGA\">Ficha informativa: Creaci\u00f3n de un mercado \u00fanico digital: Acciones de la Comisi\u00f3n Europea desde 2015<\/a><\/p>\n<p style=\"font-weight: 400;\"><a href=\"https:\/\/ec.europa.eu\/commission\/sites\/beta-political\/files\/budget-june2018-digital-transformation_en.pdf\" data-saferedirecturl=\"https:\/\/www.google.com\/url?hl=es&amp;q=https:\/\/ec.europa.eu\/commission\/sites\/beta-political\/files\/budget-june2018-digital-transformation_en.pdf&amp;source=gmail&amp;ust=1533017351785000&amp;usg=AFQjCNF1muJGvp523egMofTgRO6TuGaoXw\">Ficha informativa: Presupuesto de la Uni\u00f3n para el futuro: La transformaci\u00f3n digital 2021-2027<\/a><\/p>\n<p style=\"font-weight: 400;\"><a href=\"https:\/\/ec.europa.eu\/commission\/sites\/beta-political\/files\/data-protection-factsheet-citizens_en_0.pdf\" data-saferedirecturl=\"https:\/\/www.google.com\/url?hl=es&amp;q=https:\/\/ec.europa.eu\/commission\/sites\/beta-political\/files\/data-protection-factsheet-citizens_en_0.pdf&amp;source=gmail&amp;ust=1533017351785000&amp;usg=AFQjCNEy7F5GBDPMdbe8tNfj-3MvZBnN3w\">Protecci\u00f3n de datos: Ventajas para los ciudadanos<\/a><\/p>\n<p style=\"font-weight: 400;\">\n","protected":false},"excerpt":{"rendered":"<p>Este verano, los ciudadanos europeos disfrutar\u00e1n de m\u00e1s derechos digitales que nunca. Tras el fin de las tarifas de itinerancia en toda la Uni\u00f3n Europea el a\u00f1o pasado, ahora quien se vaya de vacaciones podr\u00e1 viajar con sus suscripciones en l\u00ednea de televisi\u00f3n, cine, deporte, m\u00fasica o libros electr\u00f3nicos, sin coste adicional. Adem\u00e1s, en Europa, [&hellip;]<\/p>\n","protected":false},"author":1,"featured_media":7613,"comment_status":"open","ping_status":"open","sticky":false,"template":"","format":"standard","meta":{"_acf_changed":false,"_relevanssi_hide_post":"","_relevanssi_hide_content":"","_relevanssi_pin_for_all":"","_relevanssi_pin_keywords":"","_relevanssi_unpin_keywords":"","_relevanssi_related_keywords":"","_relevanssi_related_include_ids":"","_relevanssi_related_exclude_ids":"","_relevanssi_related_no_append":"","_relevanssi_related_not_related":"","_relevanssi_related_posts":"","_relevanssi_noindex_reason":"","_monsterinsights_skip_tracking":false,"_monsterinsights_sitenote_active":false,"_monsterinsights_sitenote_note":"","_monsterinsights_sitenote_category":0,"_genesis_hide_title":false,"_genesis_hide_breadcrumbs":false,"_genesis_hide_singular_image":false,"_genesis_hide_footer_widgets":false,"_genesis_custom_body_class":"","_genesis_custom_post_class":"","_genesis_layout":"","footnotes":""},"categories":[96],"tags":[130,132,217],"class_list":{"0":"post-7610","1":"post","2":"type-post","3":"status-publish","4":"format-standard","5":"has-post-thumbnail","7":"category-noticias-ue","8":"tag-derecho","9":"tag-investigacion","10":"tag-tics","11":"entry"},"acf":[],"yoast_head":"<!-- This site is optimized with the Yoast SEO plugin v27.5 - https:\/\/yoast.com\/product\/yoast-seo-wordpress\/ -->\n<title>Nuevos derechos digitales en toda Europa durante las vacaciones de verano | CDE Almer\u00eda - Centro de Documentaci\u00f3n Europea - Universidad de Almer\u00eda<\/title>\n<meta name=\"robots\" content=\"index, follow, max-snippet:-1, max-image-preview:large, max-video-preview:-1\" \/>\n<link rel=\"canonical\" href=\"https:\/\/www.cde.ual.es\/nuevos-derechos-digitales-en-toda-europa-durante-las-vacaciones-de-verano\/\" \/>\n<meta property=\"og:locale\" content=\"en_US\" \/>\n<meta property=\"og:type\" content=\"article\" \/>\n<meta property=\"og:title\" content=\"Nuevos derechos digitales en toda Europa durante las vacaciones de verano | CDE Almer\u00eda - Centro de Documentaci\u00f3n Europea - Universidad de Almer\u00eda\" \/>\n<meta property=\"og:description\" content=\"Este verano, los ciudadanos europeos disfrutar\u00e1n de m\u00e1s derechos digitales que nunca. Tras el fin de las tarifas de itinerancia en toda la Uni\u00f3n Europea el a\u00f1o pasado, ahora quien se vaya de vacaciones podr\u00e1 viajar con sus suscripciones en l\u00ednea de televisi\u00f3n, cine, deporte, m\u00fasica o libros electr\u00f3nicos, sin coste adicional. Adem\u00e1s, en Europa, [&hellip;]\" \/>\n<meta property=\"og:url\" content=\"https:\/\/www.cde.ual.es\/nuevos-derechos-digitales-en-toda-europa-durante-las-vacaciones-de-verano\/\" \/>\n<meta property=\"og:site_name\" content=\"CDE Almer\u00eda - Centro de Documentaci\u00f3n Europea - Universidad de Almer\u00eda\" \/>\n<meta property=\"article:publisher\" content=\"https:\/\/www.facebook.com\/cdeuniversidadalmeria\/\" \/>\n<meta property=\"article:published_time\" content=\"2018-07-30T06:26:06+00:00\" \/>\n<meta property=\"og:image\" content=\"https:\/\/www.cde.ual.es\/wp-content\/uploads\/2018\/07\/mercado-\u00fanico-digital-vacaciones-1.png\" \/>\n\t<meta property=\"og:image:width\" content=\"633\" \/>\n\t<meta property=\"og:image:height\" content=\"454\" \/>\n\t<meta property=\"og:image:type\" content=\"image\/png\" \/>\n<meta name=\"author\" content=\"AdminCDE\" \/>\n<meta name=\"twitter:card\" content=\"summary_large_image\" \/>\n<meta name=\"twitter:creator\" content=\"@cdeualmeria\" \/>\n<meta name=\"twitter:site\" content=\"@cdeualmeria\" \/>\n<meta name=\"twitter:label1\" content=\"Written by\" \/>\n\t<meta name=\"twitter:data1\" content=\"AdminCDE\" \/>\n\t<meta name=\"twitter:label2\" content=\"Est. reading time\" \/>\n\t<meta name=\"twitter:data2\" content=\"5 minutes\" \/>\n<script type=\"application\/ld+json\" class=\"yoast-schema-graph\">{\"@context\":\"https:\\\/\\\/schema.org\",\"@graph\":[{\"@type\":\"Article\",\"@id\":\"https:\\\/\\\/www.cde.ual.es\\\/nuevos-derechos-digitales-en-toda-europa-durante-las-vacaciones-de-verano\\\/#article\",\"isPartOf\":{\"@id\":\"https:\\\/\\\/www.cde.ual.es\\\/nuevos-derechos-digitales-en-toda-europa-durante-las-vacaciones-de-verano\\\/\"},\"author\":{\"name\":\"AdminCDE\",\"@id\":\"https:\\\/\\\/www.cde.ual.es\\\/#\\\/schema\\\/person\\\/224ef08c8bcc005f319d2713ce37ee5f\"},\"headline\":\"Nuevos derechos digitales en toda Europa durante las vacaciones de verano\",\"datePublished\":\"2018-07-30T06:26:06+00:00\",\"mainEntityOfPage\":{\"@id\":\"https:\\\/\\\/www.cde.ual.es\\\/nuevos-derechos-digitales-en-toda-europa-durante-las-vacaciones-de-verano\\\/\"},\"wordCount\":986,\"commentCount\":0,\"publisher\":{\"@id\":\"https:\\\/\\\/www.cde.ual.es\\\/#organization\"},\"image\":{\"@id\":\"https:\\\/\\\/www.cde.ual.es\\\/nuevos-derechos-digitales-en-toda-europa-durante-las-vacaciones-de-verano\\\/#primaryimage\"},\"thumbnailUrl\":\"https:\\\/\\\/www.cde.ual.es\\\/wp-content\\\/uploads\\\/2018\\\/07\\\/mercado-\u00fanico-digital-vacaciones-1.png\",\"keywords\":[\"Derecho\",\"Investigaci\u00f3n\",\"TIcs\"],\"articleSection\":[\"Noticias UE\"],\"inLanguage\":\"en-US\",\"potentialAction\":[{\"@type\":\"CommentAction\",\"name\":\"Comment\",\"target\":[\"https:\\\/\\\/www.cde.ual.es\\\/nuevos-derechos-digitales-en-toda-europa-durante-las-vacaciones-de-verano\\\/#respond\"]}]},{\"@type\":\"WebPage\",\"@id\":\"https:\\\/\\\/www.cde.ual.es\\\/nuevos-derechos-digitales-en-toda-europa-durante-las-vacaciones-de-verano\\\/\",\"url\":\"https:\\\/\\\/www.cde.ual.es\\\/nuevos-derechos-digitales-en-toda-europa-durante-las-vacaciones-de-verano\\\/\",\"name\":\"Nuevos derechos digitales en toda Europa durante las vacaciones de verano | CDE Almer\u00eda - Centro de Documentaci\u00f3n Europea - Universidad de Almer\u00eda\",\"isPartOf\":{\"@id\":\"https:\\\/\\\/www.cde.ual.es\\\/#website\"},\"primaryImageOfPage\":{\"@id\":\"https:\\\/\\\/www.cde.ual.es\\\/nuevos-derechos-digitales-en-toda-europa-durante-las-vacaciones-de-verano\\\/#primaryimage\"},\"image\":{\"@id\":\"https:\\\/\\\/www.cde.ual.es\\\/nuevos-derechos-digitales-en-toda-europa-durante-las-vacaciones-de-verano\\\/#primaryimage\"},\"thumbnailUrl\":\"https:\\\/\\\/www.cde.ual.es\\\/wp-content\\\/uploads\\\/2018\\\/07\\\/mercado-\u00fanico-digital-vacaciones-1.png\",\"datePublished\":\"2018-07-30T06:26:06+00:00\",\"breadcrumb\":{\"@id\":\"https:\\\/\\\/www.cde.ual.es\\\/nuevos-derechos-digitales-en-toda-europa-durante-las-vacaciones-de-verano\\\/#breadcrumb\"},\"inLanguage\":\"en-US\",\"potentialAction\":[{\"@type\":\"ReadAction\",\"target\":[\"https:\\\/\\\/www.cde.ual.es\\\/nuevos-derechos-digitales-en-toda-europa-durante-las-vacaciones-de-verano\\\/\"]}]},{\"@type\":\"ImageObject\",\"inLanguage\":\"en-US\",\"@id\":\"https:\\\/\\\/www.cde.ual.es\\\/nuevos-derechos-digitales-en-toda-europa-durante-las-vacaciones-de-verano\\\/#primaryimage\",\"url\":\"https:\\\/\\\/www.cde.ual.es\\\/wp-content\\\/uploads\\\/2018\\\/07\\\/mercado-\u00fanico-digital-vacaciones-1.png\",\"contentUrl\":\"https:\\\/\\\/www.cde.ual.es\\\/wp-content\\\/uploads\\\/2018\\\/07\\\/mercado-\u00fanico-digital-vacaciones-1.png\",\"width\":633,\"height\":454},{\"@type\":\"BreadcrumbList\",\"@id\":\"https:\\\/\\\/www.cde.ual.es\\\/nuevos-derechos-digitales-en-toda-europa-durante-las-vacaciones-de-verano\\\/#breadcrumb\",\"itemListElement\":[{\"@type\":\"ListItem\",\"position\":1,\"name\":\"Inicio\",\"item\":\"https:\\\/\\\/www.cde.ual.es\\\/en\\\/\"},{\"@type\":\"ListItem\",\"position\":2,\"name\":\"Noticias UE\",\"item\":\"https:\\\/\\\/www.cde.ual.es\\\/category\\\/noticias-ue\\\/\"},{\"@type\":\"ListItem\",\"position\":3,\"name\":\"Nuevos derechos digitales en toda Europa durante las vacaciones de verano\"}]},{\"@type\":\"WebSite\",\"@id\":\"https:\\\/\\\/www.cde.ual.es\\\/#website\",\"url\":\"https:\\\/\\\/www.cde.ual.es\\\/\",\"name\":\"CDE Almer\u00eda - Centro de Documentaci\u00f3n Europea - Universidad de Almer\u00eda\",\"description\":\"Centro de Documentaci\u00f3n Europea de la Universidad de Almer\u00eda\",\"publisher\":{\"@id\":\"https:\\\/\\\/www.cde.ual.es\\\/#organization\"},\"alternateName\":\"CDE Almer\u00eda\",\"potentialAction\":[{\"@type\":\"SearchAction\",\"target\":{\"@type\":\"EntryPoint\",\"urlTemplate\":\"https:\\\/\\\/www.cde.ual.es\\\/?s={search_term_string}\"},\"query-input\":{\"@type\":\"PropertyValueSpecification\",\"valueRequired\":true,\"valueName\":\"search_term_string\"}}],\"inLanguage\":\"en-US\"},{\"@type\":\"Organization\",\"@id\":\"https:\\\/\\\/www.cde.ual.es\\\/#organization\",\"name\":\"Centro de Documentaci\u00f3n Europea de Almer\u00eda\",\"url\":\"https:\\\/\\\/www.cde.ual.es\\\/\",\"logo\":{\"@type\":\"ImageObject\",\"inLanguage\":\"en-US\",\"@id\":\"https:\\\/\\\/www.cde.ual.es\\\/#\\\/schema\\\/logo\\\/image\\\/\",\"url\":\"https:\\\/\\\/www.cde.ual.es\\\/wp-content\\\/uploads\\\/2025\\\/07\\\/cde-logo-3.png\",\"contentUrl\":\"https:\\\/\\\/www.cde.ual.es\\\/wp-content\\\/uploads\\\/2025\\\/07\\\/cde-logo-3.png\",\"width\":1400,\"height\":300,\"caption\":\"Centro de Documentaci\u00f3n Europea de Almer\u00eda\"},\"image\":{\"@id\":\"https:\\\/\\\/www.cde.ual.es\\\/#\\\/schema\\\/logo\\\/image\\\/\"},\"sameAs\":[\"https:\\\/\\\/www.facebook.com\\\/cdeuniversidadalmeria\\\/\",\"https:\\\/\\\/x.com\\\/cdeualmeria\",\"https:\\\/\\\/www.tiktok.com\\\/@cdealmeria\",\"https:\\\/\\\/www.instagram.com\\\/cdealmeria\\\/\",\"https:\\\/\\\/www.linkedin.com\\\/in\\\/cde-almera-812b26a9\\\/\"]},{\"@type\":\"Person\",\"@id\":\"https:\\\/\\\/www.cde.ual.es\\\/#\\\/schema\\\/person\\\/224ef08c8bcc005f319d2713ce37ee5f\",\"name\":\"AdminCDE\",\"image\":{\"@type\":\"ImageObject\",\"inLanguage\":\"en-US\",\"@id\":\"https:\\\/\\\/secure.gravatar.com\\\/avatar\\\/a72d038d371f995cd13706fac32274b7952a52e8fb0a84b5f80c85426f2a98a8?s=96&d=mm&r=g\",\"url\":\"https:\\\/\\\/secure.gravatar.com\\\/avatar\\\/a72d038d371f995cd13706fac32274b7952a52e8fb0a84b5f80c85426f2a98a8?s=96&d=mm&r=g\",\"contentUrl\":\"https:\\\/\\\/secure.gravatar.com\\\/avatar\\\/a72d038d371f995cd13706fac32274b7952a52e8fb0a84b5f80c85426f2a98a8?s=96&d=mm&r=g\",\"caption\":\"AdminCDE\"}}]}<\/script>\n<!-- \/ Yoast SEO plugin. -->","yoast_head_json":{"title":"Nuevos derechos digitales en toda Europa durante las vacaciones de verano | CDE Almer\u00eda - Centro de Documentaci\u00f3n Europea - Universidad de Almer\u00eda","robots":{"index":"index","follow":"follow","max-snippet":"max-snippet:-1","max-image-preview":"max-image-preview:large","max-video-preview":"max-video-preview:-1"},"canonical":"https:\/\/www.cde.ual.es\/nuevos-derechos-digitales-en-toda-europa-durante-las-vacaciones-de-verano\/","og_locale":"en_US","og_type":"article","og_title":"Nuevos derechos digitales en toda Europa durante las vacaciones de verano | CDE Almer\u00eda - Centro de Documentaci\u00f3n Europea - Universidad de Almer\u00eda","og_description":"Este verano, los ciudadanos europeos disfrutar\u00e1n de m\u00e1s derechos digitales que nunca. Tras el fin de las tarifas de itinerancia en toda la Uni\u00f3n Europea el a\u00f1o pasado, ahora quien se vaya de vacaciones podr\u00e1 viajar con sus suscripciones en l\u00ednea de televisi\u00f3n, cine, deporte, m\u00fasica o libros electr\u00f3nicos, sin coste adicional. Adem\u00e1s, en Europa, [&hellip;]","og_url":"https:\/\/www.cde.ual.es\/nuevos-derechos-digitales-en-toda-europa-durante-las-vacaciones-de-verano\/","og_site_name":"CDE Almer\u00eda - Centro de Documentaci\u00f3n Europea - Universidad de Almer\u00eda","article_publisher":"https:\/\/www.facebook.com\/cdeuniversidadalmeria\/","article_published_time":"2018-07-30T06:26:06+00:00","og_image":[{"width":633,"height":454,"url":"https:\/\/www.cde.ual.es\/wp-content\/uploads\/2018\/07\/mercado-\u00fanico-digital-vacaciones-1.png","type":"image\/png"}],"author":"AdminCDE","twitter_card":"summary_large_image","twitter_creator":"@cdeualmeria","twitter_site":"@cdeualmeria","twitter_misc":{"Written by":"AdminCDE","Est. reading time":"5 minutes"},"schema":{"@context":"https:\/\/schema.org","@graph":[{"@type":"Article","@id":"https:\/\/www.cde.ual.es\/nuevos-derechos-digitales-en-toda-europa-durante-las-vacaciones-de-verano\/#article","isPartOf":{"@id":"https:\/\/www.cde.ual.es\/nuevos-derechos-digitales-en-toda-europa-durante-las-vacaciones-de-verano\/"},"author":{"name":"AdminCDE","@id":"https:\/\/www.cde.ual.es\/#\/schema\/person\/224ef08c8bcc005f319d2713ce37ee5f"},"headline":"Nuevos derechos digitales en toda Europa durante las vacaciones de verano","datePublished":"2018-07-30T06:26:06+00:00","mainEntityOfPage":{"@id":"https:\/\/www.cde.ual.es\/nuevos-derechos-digitales-en-toda-europa-durante-las-vacaciones-de-verano\/"},"wordCount":986,"commentCount":0,"publisher":{"@id":"https:\/\/www.cde.ual.es\/#organization"},"image":{"@id":"https:\/\/www.cde.ual.es\/nuevos-derechos-digitales-en-toda-europa-durante-las-vacaciones-de-verano\/#primaryimage"},"thumbnailUrl":"https:\/\/www.cde.ual.es\/wp-content\/uploads\/2018\/07\/mercado-\u00fanico-digital-vacaciones-1.png","keywords":["Derecho","Investigaci\u00f3n","TIcs"],"articleSection":["Noticias UE"],"inLanguage":"en-US","potentialAction":[{"@type":"CommentAction","name":"Comment","target":["https:\/\/www.cde.ual.es\/nuevos-derechos-digitales-en-toda-europa-durante-las-vacaciones-de-verano\/#respond"]}]},{"@type":"WebPage","@id":"https:\/\/www.cde.ual.es\/nuevos-derechos-digitales-en-toda-europa-durante-las-vacaciones-de-verano\/","url":"https:\/\/www.cde.ual.es\/nuevos-derechos-digitales-en-toda-europa-durante-las-vacaciones-de-verano\/","name":"Nuevos derechos digitales en toda Europa durante las vacaciones de verano | CDE Almer\u00eda - Centro de Documentaci\u00f3n Europea - Universidad de Almer\u00eda","isPartOf":{"@id":"https:\/\/www.cde.ual.es\/#website"},"primaryImageOfPage":{"@id":"https:\/\/www.cde.ual.es\/nuevos-derechos-digitales-en-toda-europa-durante-las-vacaciones-de-verano\/#primaryimage"},"image":{"@id":"https:\/\/www.cde.ual.es\/nuevos-derechos-digitales-en-toda-europa-durante-las-vacaciones-de-verano\/#primaryimage"},"thumbnailUrl":"https:\/\/www.cde.ual.es\/wp-content\/uploads\/2018\/07\/mercado-\u00fanico-digital-vacaciones-1.png","datePublished":"2018-07-30T06:26:06+00:00","breadcrumb":{"@id":"https:\/\/www.cde.ual.es\/nuevos-derechos-digitales-en-toda-europa-durante-las-vacaciones-de-verano\/#breadcrumb"},"inLanguage":"en-US","potentialAction":[{"@type":"ReadAction","target":["https:\/\/www.cde.ual.es\/nuevos-derechos-digitales-en-toda-europa-durante-las-vacaciones-de-verano\/"]}]},{"@type":"ImageObject","inLanguage":"en-US","@id":"https:\/\/www.cde.ual.es\/nuevos-derechos-digitales-en-toda-europa-durante-las-vacaciones-de-verano\/#primaryimage","url":"https:\/\/www.cde.ual.es\/wp-content\/uploads\/2018\/07\/mercado-\u00fanico-digital-vacaciones-1.png","contentUrl":"https:\/\/www.cde.ual.es\/wp-content\/uploads\/2018\/07\/mercado-\u00fanico-digital-vacaciones-1.png","width":633,"height":454},{"@type":"BreadcrumbList","@id":"https:\/\/www.cde.ual.es\/nuevos-derechos-digitales-en-toda-europa-durante-las-vacaciones-de-verano\/#breadcrumb","itemListElement":[{"@type":"ListItem","position":1,"name":"Inicio","item":"https:\/\/www.cde.ual.es\/en\/"},{"@type":"ListItem","position":2,"name":"Noticias UE","item":"https:\/\/www.cde.ual.es\/category\/noticias-ue\/"},{"@type":"ListItem","position":3,"name":"Nuevos derechos digitales en toda Europa durante las vacaciones de verano"}]},{"@type":"WebSite","@id":"https:\/\/www.cde.ual.es\/#website","url":"https:\/\/www.cde.ual.es\/","name":"CDE Almer\u00eda - Centro de Documentaci\u00f3n Europea - Universidad de Almer\u00eda","description":"Centro de Documentaci\u00f3n Europea de la Universidad de Almer\u00eda","publisher":{"@id":"https:\/\/www.cde.ual.es\/#organization"},"alternateName":"CDE Almer\u00eda","potentialAction":[{"@type":"SearchAction","target":{"@type":"EntryPoint","urlTemplate":"https:\/\/www.cde.ual.es\/?s={search_term_string}"},"query-input":{"@type":"PropertyValueSpecification","valueRequired":true,"valueName":"search_term_string"}}],"inLanguage":"en-US"},{"@type":"Organization","@id":"https:\/\/www.cde.ual.es\/#organization","name":"Centro de Documentaci\u00f3n Europea de Almer\u00eda","url":"https:\/\/www.cde.ual.es\/","logo":{"@type":"ImageObject","inLanguage":"en-US","@id":"https:\/\/www.cde.ual.es\/#\/schema\/logo\/image\/","url":"https:\/\/www.cde.ual.es\/wp-content\/uploads\/2025\/07\/cde-logo-3.png","contentUrl":"https:\/\/www.cde.ual.es\/wp-content\/uploads\/2025\/07\/cde-logo-3.png","width":1400,"height":300,"caption":"Centro de Documentaci\u00f3n Europea de Almer\u00eda"},"image":{"@id":"https:\/\/www.cde.ual.es\/#\/schema\/logo\/image\/"},"sameAs":["https:\/\/www.facebook.com\/cdeuniversidadalmeria\/","https:\/\/x.com\/cdeualmeria","https:\/\/www.tiktok.com\/@cdealmeria","https:\/\/www.instagram.com\/cdealmeria\/","https:\/\/www.linkedin.com\/in\/cde-almera-812b26a9\/"]},{"@type":"Person","@id":"https:\/\/www.cde.ual.es\/#\/schema\/person\/224ef08c8bcc005f319d2713ce37ee5f","name":"AdminCDE","image":{"@type":"ImageObject","inLanguage":"en-US","@id":"https:\/\/secure.gravatar.com\/avatar\/a72d038d371f995cd13706fac32274b7952a52e8fb0a84b5f80c85426f2a98a8?s=96&d=mm&r=g","url":"https:\/\/secure.gravatar.com\/avatar\/a72d038d371f995cd13706fac32274b7952a52e8fb0a84b5f80c85426f2a98a8?s=96&d=mm&r=g","contentUrl":"https:\/\/secure.gravatar.com\/avatar\/a72d038d371f995cd13706fac32274b7952a52e8fb0a84b5f80c85426f2a98a8?s=96&d=mm&r=g","caption":"AdminCDE"}}]}},"_links":{"self":[{"href":"https:\/\/www.cde.ual.es\/en\/wp-json\/wp\/v2\/posts\/7610","targetHints":{"allow":["GET"]}}],"collection":[{"href":"https:\/\/www.cde.ual.es\/en\/wp-json\/wp\/v2\/posts"}],"about":[{"href":"https:\/\/www.cde.ual.es\/en\/wp-json\/wp\/v2\/types\/post"}],"author":[{"embeddable":true,"href":"https:\/\/www.cde.ual.es\/en\/wp-json\/wp\/v2\/users\/1"}],"replies":[{"embeddable":true,"href":"https:\/\/www.cde.ual.es\/en\/wp-json\/wp\/v2\/comments?post=7610"}],"version-history":[{"count":0,"href":"https:\/\/www.cde.ual.es\/en\/wp-json\/wp\/v2\/posts\/7610\/revisions"}],"wp:featuredmedia":[{"embeddable":true,"href":"https:\/\/www.cde.ual.es\/en\/wp-json\/wp\/v2\/media\/7613"}],"wp:attachment":[{"href":"https:\/\/www.cde.ual.es\/en\/wp-json\/wp\/v2\/media?parent=7610"}],"wp:term":[{"taxonomy":"category","embeddable":true,"href":"https:\/\/www.cde.ual.es\/en\/wp-json\/wp\/v2\/categories?post=7610"},{"taxonomy":"post_tag","embeddable":true,"href":"https:\/\/www.cde.ual.es\/en\/wp-json\/wp\/v2\/tags?post=7610"}],"curies":[{"name":"wp","href":"https:\/\/api.w.org\/{rel}","templated":true}]}}