{"id":7601,"date":"2018-07-27T13:42:01","date_gmt":"2018-07-27T11:42:01","guid":{"rendered":"http:\/\/www.cde.ual.es\/?p=7601"},"modified":"2018-07-30T09:51:09","modified_gmt":"2018-07-30T07:51:09","slug":"no-te-pierdas-el-eclipse-total-de-luna","status":"publish","type":"post","link":"https:\/\/www.cde.ual.es\/en\/no-te-pierdas-el-eclipse-total-de-luna\/","title":{"rendered":"\u00a1No te pierdas el eclipse total de luna!"},"content":{"rendered":"<p style=\"text-align: center;\"><a href=\"http:\/\/www.cde.ual.es\/wp-content\/uploads\/2018\/07\/Eclipse-total.png\"><img decoding=\"async\" class=\"alignnone size-medium wp-image-7604\" src=\"http:\/\/www.cde.ual.es\/wp-content\/uploads\/2018\/07\/Eclipse-total-300x300.png\" alt=\"\" width=\"300\" height=\"300\" srcset=\"https:\/\/www.cde.ual.es\/wp-content\/uploads\/2018\/07\/Eclipse-total-300x300.png 300w, https:\/\/www.cde.ual.es\/wp-content\/uploads\/2018\/07\/Eclipse-total-150x150.png 150w, https:\/\/www.cde.ual.es\/wp-content\/uploads\/2018\/07\/Eclipse-total.png 625w\" sizes=\"(max-width: 300px) 100vw, 300px\" \/><\/a><\/p>\n<p>Da la casualidad c\u00f3smica de que la distancia media de la Luna a la Tierra hace que, desde aqu\u00ed, aquella parezca tener el mismo tama\u00f1o que el Sol, que en realidad es mucho mayor. De vez en cuando, la Luna se coloca directamente entre nuestro planeta y nuestra estrella, por lo que parece cubrirla por completo, bloqueando temporalmente su luz y creando un eclipse total a lo largo del estrecho camino que proyecta la sombra de la Luna.<\/p>\n<p>Hoy, 27 de julio, los observadores europeos tienen una posici\u00f3n privilegiada para disfrutar del eclipse total de luna que se producir\u00e1 antes de que el Sol se ponga en el horizonte.<\/p>\n<p>Un equipo de astr\u00f3nomos de la <a href=\"https:\/\/www.esa.int\/esl\/ESA_in_your_country\/Spain\">ESA<\/a> estudiar\u00e1 este fen\u00f3meno y, como muchos otros, esperan que el cielo no est\u00e9 cubierto para as\u00ed poder capturar fen\u00f3menos que solo est\u00e1n visibles durante estos acontecimientos, como puntos de luz brillando a trav\u00e9s de huecos en el terreno lunar o el centelleante efecto de \u2018anillo de diamantes\u2019, que se produce cuando el \u00faltimo y el primero de los rayos del Sol resplandecen justo antes y despu\u00e9s de que se produzca el eclipse total.<\/p>\n<p>Tambi\u00e9n intentar\u00e1n capturar la atm\u00f3sfera externa del Sol, la corona, que puede apreciarse a simple vista \u00fanicamente durante un eclipse total, mientras que el resto de nuestra estrella queda tapado.<\/p>\n<p>Hacer estas observaciones forma parte del trabajo diario del Observatorio Heliosf\u00e9rico y Solar (SOHO) de la ESA\/NASA, que puede emplear un filtro especial para bloquear la luz del Sol.<\/p>\n<p>Durante el eclipse total en la Tierra, el <a href=\"http:\/\/www.caha.es\/es\/\">Centro Astron\u00f3mico Calar Alto en Almer\u00eda<\/a>, ofrecer\u00e1 actividades a trav\u00e9s de<a href=\"http:\/\/www.azimuthspain.com\/calar-alto-2\/\"> Calar Alto Azimuth Spain<\/a> para aquellos curiosos que deseen tener una experiencia \u00fanica.<\/p>\n<p>Puedes seguir las actividades terrestres de la ESA a trav\u00e9s de la web de <a href=\"http:\/\/cesar.esa.int\/\">Cesar<\/a>\u00a0.<\/p>\n<p><em><strong>Recuerda: nunca mires directamente al Sol, ni siquiera durante un eclipse parcial, sin protecci\u00f3n ocular apropiada como gafas especiales para eclipses; de lo contrario, podr\u00edas sufrir da\u00f1os oculares permanentes.<\/strong><\/em><\/p>\n","protected":false},"excerpt":{"rendered":"<p>Da la casualidad c\u00f3smica de que la distancia media de la Luna a la Tierra hace que, desde aqu\u00ed, aquella parezca tener el mismo tama\u00f1o que el Sol, que en realidad es mucho mayor. De vez en cuando, la Luna se coloca directamente entre nuestro planeta y nuestra estrella, por lo que parece cubrirla por [&hellip;]<\/p>\n","protected":false},"author":1,"featured_media":7604,"comment_status":"open","ping_status":"open","sticky":false,"template":"","format":"standard","meta":{"_acf_changed":false,"_relevanssi_hide_post":"","_relevanssi_hide_content":"","_relevanssi_pin_for_all":"","_relevanssi_pin_keywords":"","_relevanssi_unpin_keywords":"","_relevanssi_related_keywords":"","_relevanssi_related_include_ids":"","_relevanssi_related_exclude_ids":"","_relevanssi_related_no_append":"","_relevanssi_related_not_related":"","_relevanssi_related_posts":"","_relevanssi_noindex_reason":"","_monsterinsights_skip_tracking":false,"_monsterinsights_sitenote_active":false,"_monsterinsights_sitenote_note":"","_monsterinsights_sitenote_category":0,"_genesis_hide_title":false,"_genesis_hide_breadcrumbs":false,"_genesis_hide_singular_image":false,"_genesis_hide_footer_widgets":false,"_genesis_custom_body_class":"","_genesis_custom_post_class":"","_genesis_layout":"","footnotes":""},"categories":[96],"tags":[132],"class_list":{"0":"post-7601","1":"post","2":"type-post","3":"status-publish","4":"format-standard","5":"has-post-thumbnail","7":"category-noticias-ue","8":"tag-investigacion","9":"entry"},"acf":[],"yoast_head":"<!-- This site is optimized with the Yoast SEO plugin v27.5 - https:\/\/yoast.com\/product\/yoast-seo-wordpress\/ -->\n<title>\u00a1No te pierdas el eclipse total de luna! | CDE Almer\u00eda - Centro de Documentaci\u00f3n Europea - Universidad de Almer\u00eda<\/title>\n<meta name=\"robots\" content=\"index, follow, max-snippet:-1, max-image-preview:large, max-video-preview:-1\" \/>\n<link rel=\"canonical\" href=\"https:\/\/www.cde.ual.es\/no-te-pierdas-el-eclipse-total-de-luna\/\" \/>\n<meta property=\"og:locale\" content=\"en_US\" \/>\n<meta property=\"og:type\" content=\"article\" \/>\n<meta property=\"og:title\" content=\"\u00a1No te pierdas el eclipse total de luna! | CDE Almer\u00eda - Centro de Documentaci\u00f3n Europea - Universidad de Almer\u00eda\" \/>\n<meta property=\"og:description\" content=\"Da la casualidad c\u00f3smica de que la distancia media de la Luna a la Tierra hace que, desde aqu\u00ed, aquella parezca tener el mismo tama\u00f1o que el Sol, que en realidad es mucho mayor. De vez en cuando, la Luna se coloca directamente entre nuestro planeta y nuestra estrella, por lo que parece cubrirla por [&hellip;]\" \/>\n<meta property=\"og:url\" content=\"https:\/\/www.cde.ual.es\/no-te-pierdas-el-eclipse-total-de-luna\/\" \/>\n<meta property=\"og:site_name\" content=\"CDE Almer\u00eda - Centro de Documentaci\u00f3n Europea - Universidad de Almer\u00eda\" \/>\n<meta property=\"article:publisher\" content=\"https:\/\/www.facebook.com\/cdeuniversidadalmeria\/\" \/>\n<meta property=\"article:published_time\" content=\"2018-07-27T11:42:01+00:00\" \/>\n<meta property=\"article:modified_time\" content=\"2018-07-30T07:51:09+00:00\" \/>\n<meta property=\"og:image\" content=\"https:\/\/www.cde.ual.es\/wp-content\/uploads\/2018\/07\/Eclipse-total.png\" \/>\n\t<meta property=\"og:image:width\" content=\"625\" \/>\n\t<meta property=\"og:image:height\" content=\"625\" \/>\n\t<meta property=\"og:image:type\" content=\"image\/png\" \/>\n<meta name=\"author\" content=\"AdminCDE\" \/>\n<meta name=\"twitter:card\" content=\"summary_large_image\" \/>\n<meta name=\"twitter:creator\" content=\"@cdeualmeria\" \/>\n<meta name=\"twitter:site\" content=\"@cdeualmeria\" \/>\n<meta name=\"twitter:label1\" content=\"Written by\" \/>\n\t<meta name=\"twitter:data1\" content=\"AdminCDE\" \/>\n\t<meta name=\"twitter:label2\" content=\"Est. reading time\" \/>\n\t<meta name=\"twitter:data2\" content=\"2 minutes\" \/>\n<script type=\"application\/ld+json\" class=\"yoast-schema-graph\">{\"@context\":\"https:\\\/\\\/schema.org\",\"@graph\":[{\"@type\":\"Article\",\"@id\":\"https:\\\/\\\/www.cde.ual.es\\\/no-te-pierdas-el-eclipse-total-de-luna\\\/#article\",\"isPartOf\":{\"@id\":\"https:\\\/\\\/www.cde.ual.es\\\/no-te-pierdas-el-eclipse-total-de-luna\\\/\"},\"author\":{\"name\":\"AdminCDE\",\"@id\":\"https:\\\/\\\/www.cde.ual.es\\\/#\\\/schema\\\/person\\\/224ef08c8bcc005f319d2713ce37ee5f\"},\"headline\":\"\u00a1No te pierdas el eclipse total de luna!\",\"datePublished\":\"2018-07-27T11:42:01+00:00\",\"dateModified\":\"2018-07-30T07:51:09+00:00\",\"mainEntityOfPage\":{\"@id\":\"https:\\\/\\\/www.cde.ual.es\\\/no-te-pierdas-el-eclipse-total-de-luna\\\/\"},\"wordCount\":352,\"commentCount\":0,\"publisher\":{\"@id\":\"https:\\\/\\\/www.cde.ual.es\\\/#organization\"},\"image\":{\"@id\":\"https:\\\/\\\/www.cde.ual.es\\\/no-te-pierdas-el-eclipse-total-de-luna\\\/#primaryimage\"},\"thumbnailUrl\":\"https:\\\/\\\/www.cde.ual.es\\\/wp-content\\\/uploads\\\/2018\\\/07\\\/Eclipse-total.png\",\"keywords\":[\"Investigaci\u00f3n\"],\"articleSection\":[\"Noticias UE\"],\"inLanguage\":\"en-US\",\"potentialAction\":[{\"@type\":\"CommentAction\",\"name\":\"Comment\",\"target\":[\"https:\\\/\\\/www.cde.ual.es\\\/no-te-pierdas-el-eclipse-total-de-luna\\\/#respond\"]}]},{\"@type\":\"WebPage\",\"@id\":\"https:\\\/\\\/www.cde.ual.es\\\/no-te-pierdas-el-eclipse-total-de-luna\\\/\",\"url\":\"https:\\\/\\\/www.cde.ual.es\\\/no-te-pierdas-el-eclipse-total-de-luna\\\/\",\"name\":\"\u00a1No te pierdas el eclipse total de luna! | CDE Almer\u00eda - Centro de Documentaci\u00f3n Europea - Universidad de Almer\u00eda\",\"isPartOf\":{\"@id\":\"https:\\\/\\\/www.cde.ual.es\\\/#website\"},\"primaryImageOfPage\":{\"@id\":\"https:\\\/\\\/www.cde.ual.es\\\/no-te-pierdas-el-eclipse-total-de-luna\\\/#primaryimage\"},\"image\":{\"@id\":\"https:\\\/\\\/www.cde.ual.es\\\/no-te-pierdas-el-eclipse-total-de-luna\\\/#primaryimage\"},\"thumbnailUrl\":\"https:\\\/\\\/www.cde.ual.es\\\/wp-content\\\/uploads\\\/2018\\\/07\\\/Eclipse-total.png\",\"datePublished\":\"2018-07-27T11:42:01+00:00\",\"dateModified\":\"2018-07-30T07:51:09+00:00\",\"breadcrumb\":{\"@id\":\"https:\\\/\\\/www.cde.ual.es\\\/no-te-pierdas-el-eclipse-total-de-luna\\\/#breadcrumb\"},\"inLanguage\":\"en-US\",\"potentialAction\":[{\"@type\":\"ReadAction\",\"target\":[\"https:\\\/\\\/www.cde.ual.es\\\/no-te-pierdas-el-eclipse-total-de-luna\\\/\"]}]},{\"@type\":\"ImageObject\",\"inLanguage\":\"en-US\",\"@id\":\"https:\\\/\\\/www.cde.ual.es\\\/no-te-pierdas-el-eclipse-total-de-luna\\\/#primaryimage\",\"url\":\"https:\\\/\\\/www.cde.ual.es\\\/wp-content\\\/uploads\\\/2018\\\/07\\\/Eclipse-total.png\",\"contentUrl\":\"https:\\\/\\\/www.cde.ual.es\\\/wp-content\\\/uploads\\\/2018\\\/07\\\/Eclipse-total.png\",\"width\":625,\"height\":625},{\"@type\":\"BreadcrumbList\",\"@id\":\"https:\\\/\\\/www.cde.ual.es\\\/no-te-pierdas-el-eclipse-total-de-luna\\\/#breadcrumb\",\"itemListElement\":[{\"@type\":\"ListItem\",\"position\":1,\"name\":\"Inicio\",\"item\":\"https:\\\/\\\/www.cde.ual.es\\\/en\\\/\"},{\"@type\":\"ListItem\",\"position\":2,\"name\":\"Noticias UE\",\"item\":\"https:\\\/\\\/www.cde.ual.es\\\/category\\\/noticias-ue\\\/\"},{\"@type\":\"ListItem\",\"position\":3,\"name\":\"\u00a1No te pierdas el eclipse total de luna!\"}]},{\"@type\":\"WebSite\",\"@id\":\"https:\\\/\\\/www.cde.ual.es\\\/#website\",\"url\":\"https:\\\/\\\/www.cde.ual.es\\\/\",\"name\":\"CDE Almer\u00eda - Centro de Documentaci\u00f3n Europea - Universidad de Almer\u00eda\",\"description\":\"Centro de Documentaci\u00f3n Europea de la Universidad de Almer\u00eda\",\"publisher\":{\"@id\":\"https:\\\/\\\/www.cde.ual.es\\\/#organization\"},\"alternateName\":\"CDE Almer\u00eda\",\"potentialAction\":[{\"@type\":\"SearchAction\",\"target\":{\"@type\":\"EntryPoint\",\"urlTemplate\":\"https:\\\/\\\/www.cde.ual.es\\\/?s={search_term_string}\"},\"query-input\":{\"@type\":\"PropertyValueSpecification\",\"valueRequired\":true,\"valueName\":\"search_term_string\"}}],\"inLanguage\":\"en-US\"},{\"@type\":\"Organization\",\"@id\":\"https:\\\/\\\/www.cde.ual.es\\\/#organization\",\"name\":\"Centro de Documentaci\u00f3n Europea de Almer\u00eda\",\"url\":\"https:\\\/\\\/www.cde.ual.es\\\/\",\"logo\":{\"@type\":\"ImageObject\",\"inLanguage\":\"en-US\",\"@id\":\"https:\\\/\\\/www.cde.ual.es\\\/#\\\/schema\\\/logo\\\/image\\\/\",\"url\":\"https:\\\/\\\/www.cde.ual.es\\\/wp-content\\\/uploads\\\/2025\\\/07\\\/cde-logo-3.png\",\"contentUrl\":\"https:\\\/\\\/www.cde.ual.es\\\/wp-content\\\/uploads\\\/2025\\\/07\\\/cde-logo-3.png\",\"width\":1400,\"height\":300,\"caption\":\"Centro de Documentaci\u00f3n Europea de Almer\u00eda\"},\"image\":{\"@id\":\"https:\\\/\\\/www.cde.ual.es\\\/#\\\/schema\\\/logo\\\/image\\\/\"},\"sameAs\":[\"https:\\\/\\\/www.facebook.com\\\/cdeuniversidadalmeria\\\/\",\"https:\\\/\\\/x.com\\\/cdeualmeria\",\"https:\\\/\\\/www.tiktok.com\\\/@cdealmeria\",\"https:\\\/\\\/www.instagram.com\\\/cdealmeria\\\/\",\"https:\\\/\\\/www.linkedin.com\\\/in\\\/cde-almera-812b26a9\\\/\"]},{\"@type\":\"Person\",\"@id\":\"https:\\\/\\\/www.cde.ual.es\\\/#\\\/schema\\\/person\\\/224ef08c8bcc005f319d2713ce37ee5f\",\"name\":\"AdminCDE\",\"image\":{\"@type\":\"ImageObject\",\"inLanguage\":\"en-US\",\"@id\":\"https:\\\/\\\/secure.gravatar.com\\\/avatar\\\/a72d038d371f995cd13706fac32274b7952a52e8fb0a84b5f80c85426f2a98a8?s=96&d=mm&r=g\",\"url\":\"https:\\\/\\\/secure.gravatar.com\\\/avatar\\\/a72d038d371f995cd13706fac32274b7952a52e8fb0a84b5f80c85426f2a98a8?s=96&d=mm&r=g\",\"contentUrl\":\"https:\\\/\\\/secure.gravatar.com\\\/avatar\\\/a72d038d371f995cd13706fac32274b7952a52e8fb0a84b5f80c85426f2a98a8?s=96&d=mm&r=g\",\"caption\":\"AdminCDE\"}}]}<\/script>\n<!-- \/ Yoast SEO plugin. -->","yoast_head_json":{"title":"\u00a1No te pierdas el eclipse total de luna! | CDE Almer\u00eda - Centro de Documentaci\u00f3n Europea - Universidad de Almer\u00eda","robots":{"index":"index","follow":"follow","max-snippet":"max-snippet:-1","max-image-preview":"max-image-preview:large","max-video-preview":"max-video-preview:-1"},"canonical":"https:\/\/www.cde.ual.es\/no-te-pierdas-el-eclipse-total-de-luna\/","og_locale":"en_US","og_type":"article","og_title":"\u00a1No te pierdas el eclipse total de luna! | CDE Almer\u00eda - Centro de Documentaci\u00f3n Europea - Universidad de Almer\u00eda","og_description":"Da la casualidad c\u00f3smica de que la distancia media de la Luna a la Tierra hace que, desde aqu\u00ed, aquella parezca tener el mismo tama\u00f1o que el Sol, que en realidad es mucho mayor. De vez en cuando, la Luna se coloca directamente entre nuestro planeta y nuestra estrella, por lo que parece cubrirla por [&hellip;]","og_url":"https:\/\/www.cde.ual.es\/no-te-pierdas-el-eclipse-total-de-luna\/","og_site_name":"CDE Almer\u00eda - Centro de Documentaci\u00f3n Europea - Universidad de Almer\u00eda","article_publisher":"https:\/\/www.facebook.com\/cdeuniversidadalmeria\/","article_published_time":"2018-07-27T11:42:01+00:00","article_modified_time":"2018-07-30T07:51:09+00:00","og_image":[{"width":625,"height":625,"url":"https:\/\/www.cde.ual.es\/wp-content\/uploads\/2018\/07\/Eclipse-total.png","type":"image\/png"}],"author":"AdminCDE","twitter_card":"summary_large_image","twitter_creator":"@cdeualmeria","twitter_site":"@cdeualmeria","twitter_misc":{"Written by":"AdminCDE","Est. reading time":"2 minutes"},"schema":{"@context":"https:\/\/schema.org","@graph":[{"@type":"Article","@id":"https:\/\/www.cde.ual.es\/no-te-pierdas-el-eclipse-total-de-luna\/#article","isPartOf":{"@id":"https:\/\/www.cde.ual.es\/no-te-pierdas-el-eclipse-total-de-luna\/"},"author":{"name":"AdminCDE","@id":"https:\/\/www.cde.ual.es\/#\/schema\/person\/224ef08c8bcc005f319d2713ce37ee5f"},"headline":"\u00a1No te pierdas el eclipse total de luna!","datePublished":"2018-07-27T11:42:01+00:00","dateModified":"2018-07-30T07:51:09+00:00","mainEntityOfPage":{"@id":"https:\/\/www.cde.ual.es\/no-te-pierdas-el-eclipse-total-de-luna\/"},"wordCount":352,"commentCount":0,"publisher":{"@id":"https:\/\/www.cde.ual.es\/#organization"},"image":{"@id":"https:\/\/www.cde.ual.es\/no-te-pierdas-el-eclipse-total-de-luna\/#primaryimage"},"thumbnailUrl":"https:\/\/www.cde.ual.es\/wp-content\/uploads\/2018\/07\/Eclipse-total.png","keywords":["Investigaci\u00f3n"],"articleSection":["Noticias UE"],"inLanguage":"en-US","potentialAction":[{"@type":"CommentAction","name":"Comment","target":["https:\/\/www.cde.ual.es\/no-te-pierdas-el-eclipse-total-de-luna\/#respond"]}]},{"@type":"WebPage","@id":"https:\/\/www.cde.ual.es\/no-te-pierdas-el-eclipse-total-de-luna\/","url":"https:\/\/www.cde.ual.es\/no-te-pierdas-el-eclipse-total-de-luna\/","name":"\u00a1No te pierdas el eclipse total de luna! | CDE Almer\u00eda - Centro de Documentaci\u00f3n Europea - Universidad de Almer\u00eda","isPartOf":{"@id":"https:\/\/www.cde.ual.es\/#website"},"primaryImageOfPage":{"@id":"https:\/\/www.cde.ual.es\/no-te-pierdas-el-eclipse-total-de-luna\/#primaryimage"},"image":{"@id":"https:\/\/www.cde.ual.es\/no-te-pierdas-el-eclipse-total-de-luna\/#primaryimage"},"thumbnailUrl":"https:\/\/www.cde.ual.es\/wp-content\/uploads\/2018\/07\/Eclipse-total.png","datePublished":"2018-07-27T11:42:01+00:00","dateModified":"2018-07-30T07:51:09+00:00","breadcrumb":{"@id":"https:\/\/www.cde.ual.es\/no-te-pierdas-el-eclipse-total-de-luna\/#breadcrumb"},"inLanguage":"en-US","potentialAction":[{"@type":"ReadAction","target":["https:\/\/www.cde.ual.es\/no-te-pierdas-el-eclipse-total-de-luna\/"]}]},{"@type":"ImageObject","inLanguage":"en-US","@id":"https:\/\/www.cde.ual.es\/no-te-pierdas-el-eclipse-total-de-luna\/#primaryimage","url":"https:\/\/www.cde.ual.es\/wp-content\/uploads\/2018\/07\/Eclipse-total.png","contentUrl":"https:\/\/www.cde.ual.es\/wp-content\/uploads\/2018\/07\/Eclipse-total.png","width":625,"height":625},{"@type":"BreadcrumbList","@id":"https:\/\/www.cde.ual.es\/no-te-pierdas-el-eclipse-total-de-luna\/#breadcrumb","itemListElement":[{"@type":"ListItem","position":1,"name":"Inicio","item":"https:\/\/www.cde.ual.es\/en\/"},{"@type":"ListItem","position":2,"name":"Noticias UE","item":"https:\/\/www.cde.ual.es\/category\/noticias-ue\/"},{"@type":"ListItem","position":3,"name":"\u00a1No te pierdas el eclipse total de luna!"}]},{"@type":"WebSite","@id":"https:\/\/www.cde.ual.es\/#website","url":"https:\/\/www.cde.ual.es\/","name":"CDE Almer\u00eda - Centro de Documentaci\u00f3n Europea - Universidad de Almer\u00eda","description":"Centro de Documentaci\u00f3n Europea de la Universidad de Almer\u00eda","publisher":{"@id":"https:\/\/www.cde.ual.es\/#organization"},"alternateName":"CDE Almer\u00eda","potentialAction":[{"@type":"SearchAction","target":{"@type":"EntryPoint","urlTemplate":"https:\/\/www.cde.ual.es\/?s={search_term_string}"},"query-input":{"@type":"PropertyValueSpecification","valueRequired":true,"valueName":"search_term_string"}}],"inLanguage":"en-US"},{"@type":"Organization","@id":"https:\/\/www.cde.ual.es\/#organization","name":"Centro de Documentaci\u00f3n Europea de Almer\u00eda","url":"https:\/\/www.cde.ual.es\/","logo":{"@type":"ImageObject","inLanguage":"en-US","@id":"https:\/\/www.cde.ual.es\/#\/schema\/logo\/image\/","url":"https:\/\/www.cde.ual.es\/wp-content\/uploads\/2025\/07\/cde-logo-3.png","contentUrl":"https:\/\/www.cde.ual.es\/wp-content\/uploads\/2025\/07\/cde-logo-3.png","width":1400,"height":300,"caption":"Centro de Documentaci\u00f3n Europea de Almer\u00eda"},"image":{"@id":"https:\/\/www.cde.ual.es\/#\/schema\/logo\/image\/"},"sameAs":["https:\/\/www.facebook.com\/cdeuniversidadalmeria\/","https:\/\/x.com\/cdeualmeria","https:\/\/www.tiktok.com\/@cdealmeria","https:\/\/www.instagram.com\/cdealmeria\/","https:\/\/www.linkedin.com\/in\/cde-almera-812b26a9\/"]},{"@type":"Person","@id":"https:\/\/www.cde.ual.es\/#\/schema\/person\/224ef08c8bcc005f319d2713ce37ee5f","name":"AdminCDE","image":{"@type":"ImageObject","inLanguage":"en-US","@id":"https:\/\/secure.gravatar.com\/avatar\/a72d038d371f995cd13706fac32274b7952a52e8fb0a84b5f80c85426f2a98a8?s=96&d=mm&r=g","url":"https:\/\/secure.gravatar.com\/avatar\/a72d038d371f995cd13706fac32274b7952a52e8fb0a84b5f80c85426f2a98a8?s=96&d=mm&r=g","contentUrl":"https:\/\/secure.gravatar.com\/avatar\/a72d038d371f995cd13706fac32274b7952a52e8fb0a84b5f80c85426f2a98a8?s=96&d=mm&r=g","caption":"AdminCDE"}}]}},"_links":{"self":[{"href":"https:\/\/www.cde.ual.es\/en\/wp-json\/wp\/v2\/posts\/7601","targetHints":{"allow":["GET"]}}],"collection":[{"href":"https:\/\/www.cde.ual.es\/en\/wp-json\/wp\/v2\/posts"}],"about":[{"href":"https:\/\/www.cde.ual.es\/en\/wp-json\/wp\/v2\/types\/post"}],"author":[{"embeddable":true,"href":"https:\/\/www.cde.ual.es\/en\/wp-json\/wp\/v2\/users\/1"}],"replies":[{"embeddable":true,"href":"https:\/\/www.cde.ual.es\/en\/wp-json\/wp\/v2\/comments?post=7601"}],"version-history":[{"count":0,"href":"https:\/\/www.cde.ual.es\/en\/wp-json\/wp\/v2\/posts\/7601\/revisions"}],"wp:featuredmedia":[{"embeddable":true,"href":"https:\/\/www.cde.ual.es\/en\/wp-json\/wp\/v2\/media\/7604"}],"wp:attachment":[{"href":"https:\/\/www.cde.ual.es\/en\/wp-json\/wp\/v2\/media?parent=7601"}],"wp:term":[{"taxonomy":"category","embeddable":true,"href":"https:\/\/www.cde.ual.es\/en\/wp-json\/wp\/v2\/categories?post=7601"},{"taxonomy":"post_tag","embeddable":true,"href":"https:\/\/www.cde.ual.es\/en\/wp-json\/wp\/v2\/tags?post=7601"}],"curies":[{"name":"wp","href":"https:\/\/api.w.org\/{rel}","templated":true}]}}