{"id":75987,"date":"2021-07-14T03:00:24","date_gmt":"2021-07-14T01:00:24","guid":{"rendered":"https:\/\/www.cde.ual.es\/?p=75987"},"modified":"2021-09-06T14:28:06","modified_gmt":"2021-09-06T12:28:06","slug":"commercial-air-transport-in-june-2021-preparing-for-take-off","status":"publish","type":"post","link":"https:\/\/www.cde.ual.es\/en\/commercial-air-transport-in-june-2021-preparing-for-take-off\/","title":{"rendered":"Commercial air transport in June 2021: preparing for take-off?"},"content":{"rendered":"<p>&nbsp;<\/p>\n<p><a href=\"https:\/\/www.cde.ual.es\/wp-content\/uploads\/2021\/07\/air_transport_2021-2-scaled.jpg\"><img decoding=\"async\" class=\" wp-image-75998 aligncenter\" src=\"https:\/\/www.cde.ual.es\/wp-content\/uploads\/2021\/07\/air_transport_2021-2-1024x662.jpg\" alt=\"\" width=\"501\" height=\"324\" srcset=\"https:\/\/www.cde.ual.es\/wp-content\/uploads\/2021\/07\/air_transport_2021-2-1024x662.jpg 1024w, https:\/\/www.cde.ual.es\/wp-content\/uploads\/2021\/07\/air_transport_2021-2-300x194.jpg 300w, https:\/\/www.cde.ual.es\/wp-content\/uploads\/2021\/07\/air_transport_2021-2-768x496.jpg 768w, https:\/\/www.cde.ual.es\/wp-content\/uploads\/2021\/07\/air_transport_2021-2-1536x993.jpg 1536w, https:\/\/www.cde.ual.es\/wp-content\/uploads\/2021\/07\/air_transport_2021-2-2048x1324.jpg 2048w\" sizes=\"(max-width: 501px) 100vw, 501px\" \/><\/a><\/p>\n<p>To prevent the spread of the COVID-19 pandemic, countries around the world have taken a variety of restrictive measures since the beginning of 2020.\u00a0The air transport industry was hit immediately, yet the most recent figures on commercial flights show first signs of recovery.<\/p>\n<p>The first impact on commercial air transport was visible in March 2020, with a 44% decrease in the total number of commercial flights in the\u00a0<a href=\"https:\/\/ec.europa.eu\/eurostat\/statistics-explained\/index.php\/Glossary:European_Union_(EU)\" target=\"_blank\" rel=\"noopener\">EU<\/a>\u00a0compared with the same month in 2019.<\/p>\n<p>With COVID-19 restrictions in full effect and changes in travel preferences, the most substantial falls in the number of commercial flights were recorded in April (-91% compared with the same month in 2019), May (-90%) and June (-84%).<\/p>\n<p>During the peak summer months of 2020, there was only a partial recovery, with falls of 64% in July and 53% in August, with further decreases observed in the months that followed.<\/p>\n<p>Although the first months of 2021 showed no signs of recovery: January (-68% compared with same month in 2019), February (-73%), March (-71%) and April (-70%), the situation started to improve in May (-67%) and June (-54%).<\/p>\n<p>In absolute terms, the number of commercial flights stood at 302 200 in June 2021 compared with 663 000 in June 2019.<\/p>\n<p><img decoding=\"async\" src=\"https:\/\/ec.europa.eu\/eurostat\/documents\/4187653\/11581515\/EU-NEWS-COMMERCIAL-FLIGHT.jpg\" alt=\"Bar chart\/line chart: Commercial flights in the EU in 2020 and 2021\" width=\"700\" \/><\/p>\n<h3>More information<\/h3>\n<p><a href=\"https:\/\/ec.europa.eu\/eurostat\/web\/products-eurostat-news\/-\/ddn-20210712-1\" target=\"_blank\" rel=\"noopener\">Eurostat &#8211; News<\/a><\/p>\n","protected":false},"excerpt":{"rendered":"<p>&nbsp; To prevent the spread of the COVID-19 pandemic, countries around the world have taken a variety of restrictive measures since the beginning of 2020.\u00a0The air transport industry was hit immediately, yet the most recent figures on commercial flights show first signs of recovery. The first impact on commercial air transport was visible in March [&hellip;]<\/p>\n","protected":false},"author":101012,"featured_media":0,"comment_status":"open","ping_status":"open","sticky":false,"template":"","format":"standard","meta":{"_acf_changed":false,"_relevanssi_hide_post":"","_relevanssi_hide_content":"","_relevanssi_pin_for_all":"","_relevanssi_pin_keywords":"","_relevanssi_unpin_keywords":"","_relevanssi_related_keywords":"","_relevanssi_related_include_ids":"","_relevanssi_related_exclude_ids":"","_relevanssi_related_no_append":"","_relevanssi_related_not_related":"","_relevanssi_related_posts":"","_relevanssi_noindex_reason":"","_monsterinsights_skip_tracking":false,"_monsterinsights_sitenote_active":false,"_monsterinsights_sitenote_note":"","_monsterinsights_sitenote_category":0,"_genesis_hide_title":false,"_genesis_hide_breadcrumbs":false,"_genesis_hide_singular_image":false,"_genesis_hide_footer_widgets":false,"_genesis_custom_body_class":"","_genesis_custom_post_class":"","_genesis_layout":"","footnotes":""},"categories":[346,4065,4087],"tags":[3770,734,3769,3768],"class_list":{"0":"post-75987","1":"post","2":"type-post","3":"status-publish","4":"format-standard","6":"category-eu-news","7":"category-international-pol-coop","8":"category-transport","9":"tag-european-commerce","10":"tag-eurostat-en","11":"tag-flights","12":"tag-internacional-commerce","13":"entry","14":"has-post-thumbnail"},"acf":[],"yoast_head":"<!-- This site is optimized with the Yoast SEO plugin v27.5 - https:\/\/yoast.com\/product\/yoast-seo-wordpress\/ -->\n<title>Commercial air transport in June 2021: preparing for take-off? | CDE Almer\u00eda - Centro de Documentaci\u00f3n Europea - Universidad de Almer\u00eda<\/title>\n<meta name=\"robots\" content=\"index, follow, max-snippet:-1, max-image-preview:large, max-video-preview:-1\" \/>\n<link rel=\"canonical\" href=\"https:\/\/www.cde.ual.es\/en\/commercial-air-transport-in-june-2021-preparing-for-take-off\/\" \/>\n<meta property=\"og:locale\" content=\"en_US\" \/>\n<meta property=\"og:type\" content=\"article\" \/>\n<meta property=\"og:title\" content=\"Commercial air transport in June 2021: preparing for take-off? | CDE Almer\u00eda - Centro de Documentaci\u00f3n Europea - Universidad de Almer\u00eda\" \/>\n<meta property=\"og:description\" content=\"&nbsp; To prevent the spread of the COVID-19 pandemic, countries around the world have taken a variety of restrictive measures since the beginning of 2020.\u00a0The air transport industry was hit immediately, yet the most recent figures on commercial flights show first signs of recovery. The first impact on commercial air transport was visible in March [&hellip;]\" \/>\n<meta property=\"og:url\" content=\"https:\/\/www.cde.ual.es\/en\/commercial-air-transport-in-june-2021-preparing-for-take-off\/\" \/>\n<meta property=\"og:site_name\" content=\"CDE Almer\u00eda - Centro de Documentaci\u00f3n Europea - Universidad de Almer\u00eda\" \/>\n<meta property=\"article:publisher\" content=\"https:\/\/www.facebook.com\/cdeuniversidadalmeria\/\" \/>\n<meta property=\"article:published_time\" content=\"2021-07-14T01:00:24+00:00\" \/>\n<meta property=\"article:modified_time\" content=\"2021-09-06T12:28:06+00:00\" \/>\n<meta property=\"og:image\" content=\"https:\/\/www.cde.ual.es\/wp-content\/uploads\/2021\/07\/air_transport_2021-2-1024x662.jpg\" \/>\n<meta name=\"author\" content=\"BECACDE1\" \/>\n<meta name=\"twitter:card\" content=\"summary_large_image\" \/>\n<meta name=\"twitter:creator\" content=\"@cdeualmeria\" \/>\n<meta name=\"twitter:site\" content=\"@cdeualmeria\" \/>\n<meta name=\"twitter:label1\" content=\"Written by\" \/>\n\t<meta name=\"twitter:data1\" content=\"BECACDE1\" \/>\n\t<meta name=\"twitter:label2\" content=\"Est. reading time\" \/>\n\t<meta name=\"twitter:data2\" content=\"1 minute\" \/>\n<script type=\"application\/ld+json\" class=\"yoast-schema-graph\">{\"@context\":\"https:\\\/\\\/schema.org\",\"@graph\":[{\"@type\":\"Article\",\"@id\":\"https:\\\/\\\/www.cde.ual.es\\\/en\\\/commercial-air-transport-in-june-2021-preparing-for-take-off\\\/#article\",\"isPartOf\":{\"@id\":\"https:\\\/\\\/www.cde.ual.es\\\/en\\\/commercial-air-transport-in-june-2021-preparing-for-take-off\\\/\"},\"author\":{\"name\":\"BECACDE1\",\"@id\":\"https:\\\/\\\/www.cde.ual.es\\\/#\\\/schema\\\/person\\\/bf2f837cf3353e2161fe1087adbd728f\"},\"headline\":\"Commercial air transport in June 2021: preparing for take-off?\",\"datePublished\":\"2021-07-14T01:00:24+00:00\",\"dateModified\":\"2021-09-06T12:28:06+00:00\",\"mainEntityOfPage\":{\"@id\":\"https:\\\/\\\/www.cde.ual.es\\\/en\\\/commercial-air-transport-in-june-2021-preparing-for-take-off\\\/\"},\"wordCount\":204,\"commentCount\":0,\"publisher\":{\"@id\":\"https:\\\/\\\/www.cde.ual.es\\\/#organization\"},\"image\":{\"@id\":\"https:\\\/\\\/www.cde.ual.es\\\/en\\\/commercial-air-transport-in-june-2021-preparing-for-take-off\\\/#primaryimage\"},\"thumbnailUrl\":\"https:\\\/\\\/www.cde.ual.es\\\/wp-content\\\/uploads\\\/2021\\\/07\\\/air_transport_2021-2-1024x662.jpg\",\"keywords\":[\"European Commerce\",\"Eurostat\",\"flights\",\"internacional commerce\"],\"articleSection\":[\"EU News\",\"International Politics and Cooperation\",\"Transport\"],\"inLanguage\":\"en-US\",\"potentialAction\":[{\"@type\":\"CommentAction\",\"name\":\"Comment\",\"target\":[\"https:\\\/\\\/www.cde.ual.es\\\/en\\\/commercial-air-transport-in-june-2021-preparing-for-take-off\\\/#respond\"]}]},{\"@type\":\"WebPage\",\"@id\":\"https:\\\/\\\/www.cde.ual.es\\\/en\\\/commercial-air-transport-in-june-2021-preparing-for-take-off\\\/\",\"url\":\"https:\\\/\\\/www.cde.ual.es\\\/en\\\/commercial-air-transport-in-june-2021-preparing-for-take-off\\\/\",\"name\":\"Commercial air transport in June 2021: preparing for take-off? | CDE Almer\u00eda - Centro de Documentaci\u00f3n Europea - Universidad de Almer\u00eda\",\"isPartOf\":{\"@id\":\"https:\\\/\\\/www.cde.ual.es\\\/#website\"},\"primaryImageOfPage\":{\"@id\":\"https:\\\/\\\/www.cde.ual.es\\\/en\\\/commercial-air-transport-in-june-2021-preparing-for-take-off\\\/#primaryimage\"},\"image\":{\"@id\":\"https:\\\/\\\/www.cde.ual.es\\\/en\\\/commercial-air-transport-in-june-2021-preparing-for-take-off\\\/#primaryimage\"},\"thumbnailUrl\":\"https:\\\/\\\/www.cde.ual.es\\\/wp-content\\\/uploads\\\/2021\\\/07\\\/air_transport_2021-2-1024x662.jpg\",\"datePublished\":\"2021-07-14T01:00:24+00:00\",\"dateModified\":\"2021-09-06T12:28:06+00:00\",\"breadcrumb\":{\"@id\":\"https:\\\/\\\/www.cde.ual.es\\\/en\\\/commercial-air-transport-in-june-2021-preparing-for-take-off\\\/#breadcrumb\"},\"inLanguage\":\"en-US\",\"potentialAction\":[{\"@type\":\"ReadAction\",\"target\":[\"https:\\\/\\\/www.cde.ual.es\\\/en\\\/commercial-air-transport-in-june-2021-preparing-for-take-off\\\/\"]}]},{\"@type\":\"ImageObject\",\"inLanguage\":\"en-US\",\"@id\":\"https:\\\/\\\/www.cde.ual.es\\\/en\\\/commercial-air-transport-in-june-2021-preparing-for-take-off\\\/#primaryimage\",\"url\":\"https:\\\/\\\/www.cde.ual.es\\\/wp-content\\\/uploads\\\/2021\\\/07\\\/air_transport_2021-2-1024x662.jpg\",\"contentUrl\":\"https:\\\/\\\/www.cde.ual.es\\\/wp-content\\\/uploads\\\/2021\\\/07\\\/air_transport_2021-2-1024x662.jpg\"},{\"@type\":\"BreadcrumbList\",\"@id\":\"https:\\\/\\\/www.cde.ual.es\\\/en\\\/commercial-air-transport-in-june-2021-preparing-for-take-off\\\/#breadcrumb\",\"itemListElement\":[{\"@type\":\"ListItem\",\"position\":1,\"name\":\"Inicio\",\"item\":\"https:\\\/\\\/www.cde.ual.es\\\/en\\\/\"},{\"@type\":\"ListItem\",\"position\":2,\"name\":\"EU News\",\"item\":\"https:\\\/\\\/www.cde.ual.es\\\/en\\\/category\\\/eu-news\\\/\"},{\"@type\":\"ListItem\",\"position\":3,\"name\":\"Institutional Affairs\",\"item\":\"https:\\\/\\\/www.cde.ual.es\\\/en\\\/category\\\/eu-news\\\/institutional\\\/\"},{\"@type\":\"ListItem\",\"position\":4,\"name\":\"International Politics and Cooperation\",\"item\":\"https:\\\/\\\/www.cde.ual.es\\\/en\\\/category\\\/eu-news\\\/institutional\\\/international-pol-coop\\\/\"},{\"@type\":\"ListItem\",\"position\":5,\"name\":\"Commercial air transport in June 2021: preparing for take-off?\"}]},{\"@type\":\"WebSite\",\"@id\":\"https:\\\/\\\/www.cde.ual.es\\\/#website\",\"url\":\"https:\\\/\\\/www.cde.ual.es\\\/\",\"name\":\"CDE Almer\u00eda - Centro de Documentaci\u00f3n Europea - Universidad de Almer\u00eda\",\"description\":\"Centro de Documentaci\u00f3n Europea de la Universidad de Almer\u00eda\",\"publisher\":{\"@id\":\"https:\\\/\\\/www.cde.ual.es\\\/#organization\"},\"alternateName\":\"CDE Almer\u00eda\",\"potentialAction\":[{\"@type\":\"SearchAction\",\"target\":{\"@type\":\"EntryPoint\",\"urlTemplate\":\"https:\\\/\\\/www.cde.ual.es\\\/?s={search_term_string}\"},\"query-input\":{\"@type\":\"PropertyValueSpecification\",\"valueRequired\":true,\"valueName\":\"search_term_string\"}}],\"inLanguage\":\"en-US\"},{\"@type\":\"Organization\",\"@id\":\"https:\\\/\\\/www.cde.ual.es\\\/#organization\",\"name\":\"Centro de Documentaci\u00f3n Europea de Almer\u00eda\",\"url\":\"https:\\\/\\\/www.cde.ual.es\\\/\",\"logo\":{\"@type\":\"ImageObject\",\"inLanguage\":\"en-US\",\"@id\":\"https:\\\/\\\/www.cde.ual.es\\\/#\\\/schema\\\/logo\\\/image\\\/\",\"url\":\"https:\\\/\\\/www.cde.ual.es\\\/wp-content\\\/uploads\\\/2025\\\/07\\\/cde-logo-3.png\",\"contentUrl\":\"https:\\\/\\\/www.cde.ual.es\\\/wp-content\\\/uploads\\\/2025\\\/07\\\/cde-logo-3.png\",\"width\":1400,\"height\":300,\"caption\":\"Centro de Documentaci\u00f3n Europea de Almer\u00eda\"},\"image\":{\"@id\":\"https:\\\/\\\/www.cde.ual.es\\\/#\\\/schema\\\/logo\\\/image\\\/\"},\"sameAs\":[\"https:\\\/\\\/www.facebook.com\\\/cdeuniversidadalmeria\\\/\",\"https:\\\/\\\/x.com\\\/cdeualmeria\",\"https:\\\/\\\/www.tiktok.com\\\/@cdealmeria\",\"https:\\\/\\\/www.instagram.com\\\/cdealmeria\\\/\",\"https:\\\/\\\/www.linkedin.com\\\/in\\\/cde-almera-812b26a9\\\/\"]},{\"@type\":\"Person\",\"@id\":\"https:\\\/\\\/www.cde.ual.es\\\/#\\\/schema\\\/person\\\/bf2f837cf3353e2161fe1087adbd728f\",\"name\":\"BECACDE1\",\"image\":{\"@type\":\"ImageObject\",\"inLanguage\":\"en-US\",\"@id\":\"https:\\\/\\\/secure.gravatar.com\\\/avatar\\\/16a4c1e422b5dec818ee13eab3353b19db9cfd278cc10f9b0e1188a37671d9d4?s=96&d=mm&r=g\",\"url\":\"https:\\\/\\\/secure.gravatar.com\\\/avatar\\\/16a4c1e422b5dec818ee13eab3353b19db9cfd278cc10f9b0e1188a37671d9d4?s=96&d=mm&r=g\",\"contentUrl\":\"https:\\\/\\\/secure.gravatar.com\\\/avatar\\\/16a4c1e422b5dec818ee13eab3353b19db9cfd278cc10f9b0e1188a37671d9d4?s=96&d=mm&r=g\",\"caption\":\"BECACDE1\"},\"sameAs\":[\"http:\\\/\\\/www.cdealmeria.com\"]}]}<\/script>\n<!-- \/ Yoast SEO plugin. -->","yoast_head_json":{"title":"Commercial air transport in June 2021: preparing for take-off? | CDE Almer\u00eda - Centro de Documentaci\u00f3n Europea - Universidad de Almer\u00eda","robots":{"index":"index","follow":"follow","max-snippet":"max-snippet:-1","max-image-preview":"max-image-preview:large","max-video-preview":"max-video-preview:-1"},"canonical":"https:\/\/www.cde.ual.es\/en\/commercial-air-transport-in-june-2021-preparing-for-take-off\/","og_locale":"en_US","og_type":"article","og_title":"Commercial air transport in June 2021: preparing for take-off? | CDE Almer\u00eda - Centro de Documentaci\u00f3n Europea - Universidad de Almer\u00eda","og_description":"&nbsp; To prevent the spread of the COVID-19 pandemic, countries around the world have taken a variety of restrictive measures since the beginning of 2020.\u00a0The air transport industry was hit immediately, yet the most recent figures on commercial flights show first signs of recovery. The first impact on commercial air transport was visible in March [&hellip;]","og_url":"https:\/\/www.cde.ual.es\/en\/commercial-air-transport-in-june-2021-preparing-for-take-off\/","og_site_name":"CDE Almer\u00eda - Centro de Documentaci\u00f3n Europea - Universidad de Almer\u00eda","article_publisher":"https:\/\/www.facebook.com\/cdeuniversidadalmeria\/","article_published_time":"2021-07-14T01:00:24+00:00","article_modified_time":"2021-09-06T12:28:06+00:00","og_image":[{"url":"https:\/\/www.cde.ual.es\/wp-content\/uploads\/2021\/07\/air_transport_2021-2-1024x662.jpg","type":"","width":"","height":""}],"author":"BECACDE1","twitter_card":"summary_large_image","twitter_creator":"@cdeualmeria","twitter_site":"@cdeualmeria","twitter_misc":{"Written by":"BECACDE1","Est. reading time":"1 minute"},"schema":{"@context":"https:\/\/schema.org","@graph":[{"@type":"Article","@id":"https:\/\/www.cde.ual.es\/en\/commercial-air-transport-in-june-2021-preparing-for-take-off\/#article","isPartOf":{"@id":"https:\/\/www.cde.ual.es\/en\/commercial-air-transport-in-june-2021-preparing-for-take-off\/"},"author":{"name":"BECACDE1","@id":"https:\/\/www.cde.ual.es\/#\/schema\/person\/bf2f837cf3353e2161fe1087adbd728f"},"headline":"Commercial air transport in June 2021: preparing for take-off?","datePublished":"2021-07-14T01:00:24+00:00","dateModified":"2021-09-06T12:28:06+00:00","mainEntityOfPage":{"@id":"https:\/\/www.cde.ual.es\/en\/commercial-air-transport-in-june-2021-preparing-for-take-off\/"},"wordCount":204,"commentCount":0,"publisher":{"@id":"https:\/\/www.cde.ual.es\/#organization"},"image":{"@id":"https:\/\/www.cde.ual.es\/en\/commercial-air-transport-in-june-2021-preparing-for-take-off\/#primaryimage"},"thumbnailUrl":"https:\/\/www.cde.ual.es\/wp-content\/uploads\/2021\/07\/air_transport_2021-2-1024x662.jpg","keywords":["European Commerce","Eurostat","flights","internacional commerce"],"articleSection":["EU News","International Politics and Cooperation","Transport"],"inLanguage":"en-US","potentialAction":[{"@type":"CommentAction","name":"Comment","target":["https:\/\/www.cde.ual.es\/en\/commercial-air-transport-in-june-2021-preparing-for-take-off\/#respond"]}]},{"@type":"WebPage","@id":"https:\/\/www.cde.ual.es\/en\/commercial-air-transport-in-june-2021-preparing-for-take-off\/","url":"https:\/\/www.cde.ual.es\/en\/commercial-air-transport-in-june-2021-preparing-for-take-off\/","name":"Commercial air transport in June 2021: preparing for take-off? | CDE Almer\u00eda - Centro de Documentaci\u00f3n Europea - Universidad de Almer\u00eda","isPartOf":{"@id":"https:\/\/www.cde.ual.es\/#website"},"primaryImageOfPage":{"@id":"https:\/\/www.cde.ual.es\/en\/commercial-air-transport-in-june-2021-preparing-for-take-off\/#primaryimage"},"image":{"@id":"https:\/\/www.cde.ual.es\/en\/commercial-air-transport-in-june-2021-preparing-for-take-off\/#primaryimage"},"thumbnailUrl":"https:\/\/www.cde.ual.es\/wp-content\/uploads\/2021\/07\/air_transport_2021-2-1024x662.jpg","datePublished":"2021-07-14T01:00:24+00:00","dateModified":"2021-09-06T12:28:06+00:00","breadcrumb":{"@id":"https:\/\/www.cde.ual.es\/en\/commercial-air-transport-in-june-2021-preparing-for-take-off\/#breadcrumb"},"inLanguage":"en-US","potentialAction":[{"@type":"ReadAction","target":["https:\/\/www.cde.ual.es\/en\/commercial-air-transport-in-june-2021-preparing-for-take-off\/"]}]},{"@type":"ImageObject","inLanguage":"en-US","@id":"https:\/\/www.cde.ual.es\/en\/commercial-air-transport-in-june-2021-preparing-for-take-off\/#primaryimage","url":"https:\/\/www.cde.ual.es\/wp-content\/uploads\/2021\/07\/air_transport_2021-2-1024x662.jpg","contentUrl":"https:\/\/www.cde.ual.es\/wp-content\/uploads\/2021\/07\/air_transport_2021-2-1024x662.jpg"},{"@type":"BreadcrumbList","@id":"https:\/\/www.cde.ual.es\/en\/commercial-air-transport-in-june-2021-preparing-for-take-off\/#breadcrumb","itemListElement":[{"@type":"ListItem","position":1,"name":"Inicio","item":"https:\/\/www.cde.ual.es\/en\/"},{"@type":"ListItem","position":2,"name":"EU News","item":"https:\/\/www.cde.ual.es\/en\/category\/eu-news\/"},{"@type":"ListItem","position":3,"name":"Institutional Affairs","item":"https:\/\/www.cde.ual.es\/en\/category\/eu-news\/institutional\/"},{"@type":"ListItem","position":4,"name":"International Politics and Cooperation","item":"https:\/\/www.cde.ual.es\/en\/category\/eu-news\/institutional\/international-pol-coop\/"},{"@type":"ListItem","position":5,"name":"Commercial air transport in June 2021: preparing for take-off?"}]},{"@type":"WebSite","@id":"https:\/\/www.cde.ual.es\/#website","url":"https:\/\/www.cde.ual.es\/","name":"CDE Almer\u00eda - Centro de Documentaci\u00f3n Europea - Universidad de Almer\u00eda","description":"Centro de Documentaci\u00f3n Europea de la Universidad de Almer\u00eda","publisher":{"@id":"https:\/\/www.cde.ual.es\/#organization"},"alternateName":"CDE Almer\u00eda","potentialAction":[{"@type":"SearchAction","target":{"@type":"EntryPoint","urlTemplate":"https:\/\/www.cde.ual.es\/?s={search_term_string}"},"query-input":{"@type":"PropertyValueSpecification","valueRequired":true,"valueName":"search_term_string"}}],"inLanguage":"en-US"},{"@type":"Organization","@id":"https:\/\/www.cde.ual.es\/#organization","name":"Centro de Documentaci\u00f3n Europea de Almer\u00eda","url":"https:\/\/www.cde.ual.es\/","logo":{"@type":"ImageObject","inLanguage":"en-US","@id":"https:\/\/www.cde.ual.es\/#\/schema\/logo\/image\/","url":"https:\/\/www.cde.ual.es\/wp-content\/uploads\/2025\/07\/cde-logo-3.png","contentUrl":"https:\/\/www.cde.ual.es\/wp-content\/uploads\/2025\/07\/cde-logo-3.png","width":1400,"height":300,"caption":"Centro de Documentaci\u00f3n Europea de Almer\u00eda"},"image":{"@id":"https:\/\/www.cde.ual.es\/#\/schema\/logo\/image\/"},"sameAs":["https:\/\/www.facebook.com\/cdeuniversidadalmeria\/","https:\/\/x.com\/cdeualmeria","https:\/\/www.tiktok.com\/@cdealmeria","https:\/\/www.instagram.com\/cdealmeria\/","https:\/\/www.linkedin.com\/in\/cde-almera-812b26a9\/"]},{"@type":"Person","@id":"https:\/\/www.cde.ual.es\/#\/schema\/person\/bf2f837cf3353e2161fe1087adbd728f","name":"BECACDE1","image":{"@type":"ImageObject","inLanguage":"en-US","@id":"https:\/\/secure.gravatar.com\/avatar\/16a4c1e422b5dec818ee13eab3353b19db9cfd278cc10f9b0e1188a37671d9d4?s=96&d=mm&r=g","url":"https:\/\/secure.gravatar.com\/avatar\/16a4c1e422b5dec818ee13eab3353b19db9cfd278cc10f9b0e1188a37671d9d4?s=96&d=mm&r=g","contentUrl":"https:\/\/secure.gravatar.com\/avatar\/16a4c1e422b5dec818ee13eab3353b19db9cfd278cc10f9b0e1188a37671d9d4?s=96&d=mm&r=g","caption":"BECACDE1"},"sameAs":["http:\/\/www.cdealmeria.com"]}]}},"_links":{"self":[{"href":"https:\/\/www.cde.ual.es\/en\/wp-json\/wp\/v2\/posts\/75987","targetHints":{"allow":["GET"]}}],"collection":[{"href":"https:\/\/www.cde.ual.es\/en\/wp-json\/wp\/v2\/posts"}],"about":[{"href":"https:\/\/www.cde.ual.es\/en\/wp-json\/wp\/v2\/types\/post"}],"author":[{"embeddable":true,"href":"https:\/\/www.cde.ual.es\/en\/wp-json\/wp\/v2\/users\/101012"}],"replies":[{"embeddable":true,"href":"https:\/\/www.cde.ual.es\/en\/wp-json\/wp\/v2\/comments?post=75987"}],"version-history":[{"count":0,"href":"https:\/\/www.cde.ual.es\/en\/wp-json\/wp\/v2\/posts\/75987\/revisions"}],"wp:attachment":[{"href":"https:\/\/www.cde.ual.es\/en\/wp-json\/wp\/v2\/media?parent=75987"}],"wp:term":[{"taxonomy":"category","embeddable":true,"href":"https:\/\/www.cde.ual.es\/en\/wp-json\/wp\/v2\/categories?post=75987"},{"taxonomy":"post_tag","embeddable":true,"href":"https:\/\/www.cde.ual.es\/en\/wp-json\/wp\/v2\/tags?post=75987"}],"curies":[{"name":"wp","href":"https:\/\/api.w.org\/{rel}","templated":true}]}}