{"id":7554,"date":"2018-07-27T12:39:12","date_gmt":"2018-07-27T10:39:12","guid":{"rendered":"http:\/\/www.cde.ual.es\/?p=7554"},"modified":"2018-07-27T12:38:42","modified_gmt":"2018-07-27T10:38:42","slug":"nuevo-mecanismo-de-la-ue-para-los-refugiados-en-turquia-educacion","status":"publish","type":"post","link":"https:\/\/www.cde.ual.es\/en\/nuevo-mecanismo-de-la-ue-para-los-refugiados-en-turquia-educacion\/","title":{"rendered":"Nuevo mecanismo de la UE para los refugiados en Turqu\u00eda: Educaci\u00f3n"},"content":{"rendered":"<h3 style=\"text-align: center;\">Mecanismo de la UE para los refugiados en Turqu\u00eda: adopci\u00f3n de una medida especial de 400 millones de euros sobre educaci\u00f3n<\/h3>\n<p><a href=\"http:\/\/www.cde.ual.es\/wp-content\/uploads\/2018\/07\/turkey_wfp_deniz_akkus.jpg\"><img decoding=\"async\" class=\"wp-image-7559 aligncenter\" src=\"http:\/\/www.cde.ual.es\/wp-content\/uploads\/2018\/07\/turkey_wfp_deniz_akkus-300x130.jpg\" alt=\"\" width=\"395\" height=\"171\" srcset=\"https:\/\/www.cde.ual.es\/wp-content\/uploads\/2018\/07\/turkey_wfp_deniz_akkus-300x130.jpg 300w, https:\/\/www.cde.ual.es\/wp-content\/uploads\/2018\/07\/turkey_wfp_deniz_akkus.jpg 693w\" sizes=\"(max-width: 395px) 100vw, 395px\" \/><\/a><\/p>\n<h5>Nuevo mecanismo<\/h5>\n<p>La CE ha aprobado un nuevo paquete de ayuda de 400 millones de euros para la educaci\u00f3n de los refugiados sirios en Turqu\u00eda. Esta es la primera acci\u00f3n adoptada tras el acuerdo de los Estados miembros de la UE para financiar 3.000 millones de euros adicionales para el Fondo para los Refugiados en Turqu\u00eda.<\/p>\n<p>Se otorgar\u00e1n 400 millones de euros en forma de una subvenci\u00f3n directa al Ministerio de Educaci\u00f3n Nacional de Turqu\u00eda. El financiamiento proporcionar\u00e1 la continuaci\u00f3n del proyecto educativo para los refugiados sirios en Turqu\u00eda que expirar\u00e1 en octubre de 2018.<\/p>\n<h5>Apoyo continuo a los refugiados sirios a trav\u00e9s de la Facilidad de la UE<\/h5>\n<p>El 29 de junio, los Estados miembros de la UE acordaron c\u00f3mo financiar el segundo tramo de 3 000 millones de euros del mecanismo, de los cuales 2 000 millones se financiaron con cargo al presupuesto de la UE y los 1 000 millones restantes con contribuciones de los Estados miembros. El acuerdo respeta el compromiso asumido por la UE en la declaraci\u00f3n UE-Turqu\u00eda del 18 de marzo de 2016 de proporcionar una segunda entrega de \u20ac 3 mil millones para el Mecanismo de la UE antes de que los \u20ac 3 mil millones inicialmente asignados se hayan agotado por completo.<\/p>\n<p>Como resultado, la Comisi\u00f3n modific\u00f3 la decisi\u00f3n de financiaci\u00f3n anterior, lo que refleja la movilizaci\u00f3n de \u20ac 2.000 millones del presupuesto de la UE y \u20ac 1.000 millones de los Estados miembros durante 2018-2019.<\/p>\n<h5>Antecedentes<\/h5>\n<p>El Mecanismo de la UE para los refugiados en Turqu\u00eda se cre\u00f3 en 2015. Surge de una respuesta a la petici\u00f3n del Consejo Europeo de una financiaci\u00f3n adicional significativa para apoyar a los refugiados sirios en Turqu\u00eda. Proporciona un mecanismo de coordinaci\u00f3n conjunto. Adem\u00e1s, est\u00e1 dise\u00f1ado para garantizar que las necesidades de los refugiados se aborden de manera integral y coordinada. Asimismo, presta especial atenci\u00f3n a las comunidades de acogida.<\/p>\n<h5>M\u00e1s informaci\u00f3n<\/h5>\n<p>Accede a la noticia completa <a href=\"http:\/\/europa.eu\/rapid\/press-release_IP-18-4643_en.htm\">aqu\u00ed<\/a><\/p>\n<p>El Mecanismo de la UE para los refugiados en Turqu\u00eda &#8211; <a href=\"https:\/\/ec.europa.eu\/neighbourhood-enlargement\/news_corner\/migration_en\">p\u00e1gina web<\/a> y <a href=\"https:\/\/ec.europa.eu\/neighbourhood-enlargement\/sites\/near\/files\/frit_factsheet.pdf\">hoja informativa<\/a><\/p>\n<p><a href=\"https:\/\/ec.europa.eu\/echo\/where\/europe\/turkey_en\">Factsheet: Apoyo humanitario a los refugiados en Turqu\u00eda<\/a><\/p>\n","protected":false},"excerpt":{"rendered":"<p>Mecanismo de la UE para los refugiados en Turqu\u00eda: adopci\u00f3n de una medida especial de 400 millones de euros sobre educaci\u00f3n Nuevo mecanismo La CE ha aprobado un nuevo paquete de ayuda de 400 millones de euros para la educaci\u00f3n de los refugiados sirios en Turqu\u00eda. Esta es la primera acci\u00f3n adoptada tras el acuerdo [&hellip;]<\/p>\n","protected":false},"author":101011,"featured_media":0,"comment_status":"open","ping_status":"open","sticky":false,"template":"","format":"standard","meta":{"_acf_changed":false,"_relevanssi_hide_post":"","_relevanssi_hide_content":"","_relevanssi_pin_for_all":"","_relevanssi_pin_keywords":"","_relevanssi_unpin_keywords":"","_relevanssi_related_keywords":"","_relevanssi_related_include_ids":"","_relevanssi_related_exclude_ids":"","_relevanssi_related_no_append":"","_relevanssi_related_not_related":"","_relevanssi_related_posts":"","_relevanssi_noindex_reason":"","_monsterinsights_skip_tracking":false,"_monsterinsights_sitenote_active":false,"_monsterinsights_sitenote_note":"","_monsterinsights_sitenote_category":0,"_genesis_hide_title":false,"_genesis_hide_breadcrumbs":false,"_genesis_hide_singular_image":false,"_genesis_hide_footer_widgets":false,"_genesis_custom_body_class":"","_genesis_custom_post_class":"","_genesis_layout":"","footnotes":""},"categories":[96],"tags":[128,183],"class_list":{"0":"post-7554","1":"post","2":"type-post","3":"status-publish","4":"format-standard","6":"category-noticias-ue","7":"tag-cultura-educacion","8":"tag-migracion","9":"entry","10":"has-post-thumbnail"},"acf":[],"yoast_head":"<!-- This site is optimized with the Yoast SEO plugin v27.5 - https:\/\/yoast.com\/product\/yoast-seo-wordpress\/ -->\n<title>Nuevo mecanismo de la UE para los refugiados en Turqu\u00eda: Educaci\u00f3n | CDE Almer\u00eda - Centro de Documentaci\u00f3n Europea - Universidad de Almer\u00eda<\/title>\n<meta name=\"robots\" content=\"index, follow, max-snippet:-1, max-image-preview:large, max-video-preview:-1\" \/>\n<link rel=\"canonical\" href=\"https:\/\/www.cde.ual.es\/nuevo-mecanismo-de-la-ue-para-los-refugiados-en-turquia-educacion\/\" \/>\n<meta property=\"og:locale\" content=\"en_US\" \/>\n<meta property=\"og:type\" content=\"article\" \/>\n<meta property=\"og:title\" content=\"Nuevo mecanismo de la UE para los refugiados en Turqu\u00eda: Educaci\u00f3n | CDE Almer\u00eda - Centro de Documentaci\u00f3n Europea - Universidad de Almer\u00eda\" \/>\n<meta property=\"og:description\" content=\"Mecanismo de la UE para los refugiados en Turqu\u00eda: adopci\u00f3n de una medida especial de 400 millones de euros sobre educaci\u00f3n Nuevo mecanismo La CE ha aprobado un nuevo paquete de ayuda de 400 millones de euros para la educaci\u00f3n de los refugiados sirios en Turqu\u00eda. Esta es la primera acci\u00f3n adoptada tras el acuerdo [&hellip;]\" \/>\n<meta property=\"og:url\" content=\"https:\/\/www.cde.ual.es\/nuevo-mecanismo-de-la-ue-para-los-refugiados-en-turquia-educacion\/\" \/>\n<meta property=\"og:site_name\" content=\"CDE Almer\u00eda - Centro de Documentaci\u00f3n Europea - Universidad de Almer\u00eda\" \/>\n<meta property=\"article:publisher\" content=\"https:\/\/www.facebook.com\/cdeuniversidadalmeria\/\" \/>\n<meta property=\"article:published_time\" content=\"2018-07-27T10:39:12+00:00\" \/>\n<meta property=\"og:image\" content=\"http:\/\/www.cde.ual.es\/wp-content\/uploads\/2018\/07\/turkey_wfp_deniz_akkus-300x130.jpg\" \/>\n<meta name=\"author\" content=\"BECA 2 CDE\" \/>\n<meta name=\"twitter:card\" content=\"summary_large_image\" \/>\n<meta name=\"twitter:creator\" content=\"@cdeualmeria\" \/>\n<meta name=\"twitter:site\" content=\"@cdeualmeria\" \/>\n<meta name=\"twitter:label1\" content=\"Written by\" \/>\n\t<meta name=\"twitter:data1\" content=\"BECA 2 CDE\" \/>\n\t<meta name=\"twitter:label2\" content=\"Est. reading time\" \/>\n\t<meta name=\"twitter:data2\" content=\"2 minutes\" \/>\n<script type=\"application\/ld+json\" class=\"yoast-schema-graph\">{\"@context\":\"https:\\\/\\\/schema.org\",\"@graph\":[{\"@type\":\"Article\",\"@id\":\"https:\\\/\\\/www.cde.ual.es\\\/nuevo-mecanismo-de-la-ue-para-los-refugiados-en-turquia-educacion\\\/#article\",\"isPartOf\":{\"@id\":\"https:\\\/\\\/www.cde.ual.es\\\/nuevo-mecanismo-de-la-ue-para-los-refugiados-en-turquia-educacion\\\/\"},\"author\":{\"name\":\"BECA 2 CDE\",\"@id\":\"https:\\\/\\\/www.cde.ual.es\\\/#\\\/schema\\\/person\\\/ee46ebc19edfa19598c02cff83335acc\"},\"headline\":\"Nuevo mecanismo de la UE para los refugiados en Turqu\u00eda: Educaci\u00f3n\",\"datePublished\":\"2018-07-27T10:39:12+00:00\",\"mainEntityOfPage\":{\"@id\":\"https:\\\/\\\/www.cde.ual.es\\\/nuevo-mecanismo-de-la-ue-para-los-refugiados-en-turquia-educacion\\\/\"},\"wordCount\":392,\"commentCount\":0,\"publisher\":{\"@id\":\"https:\\\/\\\/www.cde.ual.es\\\/#organization\"},\"image\":{\"@id\":\"https:\\\/\\\/www.cde.ual.es\\\/nuevo-mecanismo-de-la-ue-para-los-refugiados-en-turquia-educacion\\\/#primaryimage\"},\"thumbnailUrl\":\"http:\\\/\\\/www.cde.ual.es\\\/wp-content\\\/uploads\\\/2018\\\/07\\\/turkey_wfp_deniz_akkus-300x130.jpg\",\"keywords\":[\"Cultura y Educaci\u00f3n\",\"Migraci\u00f3n\"],\"articleSection\":[\"Noticias UE\"],\"inLanguage\":\"en-US\",\"potentialAction\":[{\"@type\":\"CommentAction\",\"name\":\"Comment\",\"target\":[\"https:\\\/\\\/www.cde.ual.es\\\/nuevo-mecanismo-de-la-ue-para-los-refugiados-en-turquia-educacion\\\/#respond\"]}]},{\"@type\":\"WebPage\",\"@id\":\"https:\\\/\\\/www.cde.ual.es\\\/nuevo-mecanismo-de-la-ue-para-los-refugiados-en-turquia-educacion\\\/\",\"url\":\"https:\\\/\\\/www.cde.ual.es\\\/nuevo-mecanismo-de-la-ue-para-los-refugiados-en-turquia-educacion\\\/\",\"name\":\"Nuevo mecanismo de la UE para los refugiados en Turqu\u00eda: Educaci\u00f3n | CDE Almer\u00eda - Centro de Documentaci\u00f3n Europea - Universidad de Almer\u00eda\",\"isPartOf\":{\"@id\":\"https:\\\/\\\/www.cde.ual.es\\\/#website\"},\"primaryImageOfPage\":{\"@id\":\"https:\\\/\\\/www.cde.ual.es\\\/nuevo-mecanismo-de-la-ue-para-los-refugiados-en-turquia-educacion\\\/#primaryimage\"},\"image\":{\"@id\":\"https:\\\/\\\/www.cde.ual.es\\\/nuevo-mecanismo-de-la-ue-para-los-refugiados-en-turquia-educacion\\\/#primaryimage\"},\"thumbnailUrl\":\"http:\\\/\\\/www.cde.ual.es\\\/wp-content\\\/uploads\\\/2018\\\/07\\\/turkey_wfp_deniz_akkus-300x130.jpg\",\"datePublished\":\"2018-07-27T10:39:12+00:00\",\"breadcrumb\":{\"@id\":\"https:\\\/\\\/www.cde.ual.es\\\/nuevo-mecanismo-de-la-ue-para-los-refugiados-en-turquia-educacion\\\/#breadcrumb\"},\"inLanguage\":\"en-US\",\"potentialAction\":[{\"@type\":\"ReadAction\",\"target\":[\"https:\\\/\\\/www.cde.ual.es\\\/nuevo-mecanismo-de-la-ue-para-los-refugiados-en-turquia-educacion\\\/\"]}]},{\"@type\":\"ImageObject\",\"inLanguage\":\"en-US\",\"@id\":\"https:\\\/\\\/www.cde.ual.es\\\/nuevo-mecanismo-de-la-ue-para-los-refugiados-en-turquia-educacion\\\/#primaryimage\",\"url\":\"http:\\\/\\\/www.cde.ual.es\\\/wp-content\\\/uploads\\\/2018\\\/07\\\/turkey_wfp_deniz_akkus-300x130.jpg\",\"contentUrl\":\"http:\\\/\\\/www.cde.ual.es\\\/wp-content\\\/uploads\\\/2018\\\/07\\\/turkey_wfp_deniz_akkus-300x130.jpg\"},{\"@type\":\"BreadcrumbList\",\"@id\":\"https:\\\/\\\/www.cde.ual.es\\\/nuevo-mecanismo-de-la-ue-para-los-refugiados-en-turquia-educacion\\\/#breadcrumb\",\"itemListElement\":[{\"@type\":\"ListItem\",\"position\":1,\"name\":\"Inicio\",\"item\":\"https:\\\/\\\/www.cde.ual.es\\\/en\\\/\"},{\"@type\":\"ListItem\",\"position\":2,\"name\":\"Noticias UE\",\"item\":\"https:\\\/\\\/www.cde.ual.es\\\/category\\\/noticias-ue\\\/\"},{\"@type\":\"ListItem\",\"position\":3,\"name\":\"Nuevo mecanismo de la UE para los refugiados en Turqu\u00eda: Educaci\u00f3n\"}]},{\"@type\":\"WebSite\",\"@id\":\"https:\\\/\\\/www.cde.ual.es\\\/#website\",\"url\":\"https:\\\/\\\/www.cde.ual.es\\\/\",\"name\":\"CDE Almer\u00eda - Centro de Documentaci\u00f3n Europea - Universidad de Almer\u00eda\",\"description\":\"Centro de Documentaci\u00f3n Europea de la Universidad de Almer\u00eda\",\"publisher\":{\"@id\":\"https:\\\/\\\/www.cde.ual.es\\\/#organization\"},\"alternateName\":\"CDE Almer\u00eda\",\"potentialAction\":[{\"@type\":\"SearchAction\",\"target\":{\"@type\":\"EntryPoint\",\"urlTemplate\":\"https:\\\/\\\/www.cde.ual.es\\\/?s={search_term_string}\"},\"query-input\":{\"@type\":\"PropertyValueSpecification\",\"valueRequired\":true,\"valueName\":\"search_term_string\"}}],\"inLanguage\":\"en-US\"},{\"@type\":\"Organization\",\"@id\":\"https:\\\/\\\/www.cde.ual.es\\\/#organization\",\"name\":\"Centro de Documentaci\u00f3n Europea de Almer\u00eda\",\"url\":\"https:\\\/\\\/www.cde.ual.es\\\/\",\"logo\":{\"@type\":\"ImageObject\",\"inLanguage\":\"en-US\",\"@id\":\"https:\\\/\\\/www.cde.ual.es\\\/#\\\/schema\\\/logo\\\/image\\\/\",\"url\":\"https:\\\/\\\/www.cde.ual.es\\\/wp-content\\\/uploads\\\/2025\\\/07\\\/cde-logo-3.png\",\"contentUrl\":\"https:\\\/\\\/www.cde.ual.es\\\/wp-content\\\/uploads\\\/2025\\\/07\\\/cde-logo-3.png\",\"width\":1400,\"height\":300,\"caption\":\"Centro de Documentaci\u00f3n Europea de Almer\u00eda\"},\"image\":{\"@id\":\"https:\\\/\\\/www.cde.ual.es\\\/#\\\/schema\\\/logo\\\/image\\\/\"},\"sameAs\":[\"https:\\\/\\\/www.facebook.com\\\/cdeuniversidadalmeria\\\/\",\"https:\\\/\\\/x.com\\\/cdeualmeria\",\"https:\\\/\\\/www.tiktok.com\\\/@cdealmeria\",\"https:\\\/\\\/www.instagram.com\\\/cdealmeria\\\/\",\"https:\\\/\\\/www.linkedin.com\\\/in\\\/cde-almera-812b26a9\\\/\"]},{\"@type\":\"Person\",\"@id\":\"https:\\\/\\\/www.cde.ual.es\\\/#\\\/schema\\\/person\\\/ee46ebc19edfa19598c02cff83335acc\",\"name\":\"BECA 2 CDE\",\"image\":{\"@type\":\"ImageObject\",\"inLanguage\":\"en-US\",\"@id\":\"https:\\\/\\\/secure.gravatar.com\\\/avatar\\\/35a481bbc04bbd90e91bdfa3b0b5541036c222a49b9ad37b6889a2afcb5311a5?s=96&d=mm&r=g\",\"url\":\"https:\\\/\\\/secure.gravatar.com\\\/avatar\\\/35a481bbc04bbd90e91bdfa3b0b5541036c222a49b9ad37b6889a2afcb5311a5?s=96&d=mm&r=g\",\"contentUrl\":\"https:\\\/\\\/secure.gravatar.com\\\/avatar\\\/35a481bbc04bbd90e91bdfa3b0b5541036c222a49b9ad37b6889a2afcb5311a5?s=96&d=mm&r=g\",\"caption\":\"BECA 2 CDE\"},\"sameAs\":[\"http:\\\/\\\/www.cdealmeria.com\"]}]}<\/script>\n<!-- \/ Yoast SEO plugin. -->","yoast_head_json":{"title":"Nuevo mecanismo de la UE para los refugiados en Turqu\u00eda: Educaci\u00f3n | CDE Almer\u00eda - Centro de Documentaci\u00f3n Europea - Universidad de Almer\u00eda","robots":{"index":"index","follow":"follow","max-snippet":"max-snippet:-1","max-image-preview":"max-image-preview:large","max-video-preview":"max-video-preview:-1"},"canonical":"https:\/\/www.cde.ual.es\/nuevo-mecanismo-de-la-ue-para-los-refugiados-en-turquia-educacion\/","og_locale":"en_US","og_type":"article","og_title":"Nuevo mecanismo de la UE para los refugiados en Turqu\u00eda: Educaci\u00f3n | CDE Almer\u00eda - Centro de Documentaci\u00f3n Europea - Universidad de Almer\u00eda","og_description":"Mecanismo de la UE para los refugiados en Turqu\u00eda: adopci\u00f3n de una medida especial de 400 millones de euros sobre educaci\u00f3n Nuevo mecanismo La CE ha aprobado un nuevo paquete de ayuda de 400 millones de euros para la educaci\u00f3n de los refugiados sirios en Turqu\u00eda. Esta es la primera acci\u00f3n adoptada tras el acuerdo [&hellip;]","og_url":"https:\/\/www.cde.ual.es\/nuevo-mecanismo-de-la-ue-para-los-refugiados-en-turquia-educacion\/","og_site_name":"CDE Almer\u00eda - Centro de Documentaci\u00f3n Europea - Universidad de Almer\u00eda","article_publisher":"https:\/\/www.facebook.com\/cdeuniversidadalmeria\/","article_published_time":"2018-07-27T10:39:12+00:00","og_image":[{"url":"http:\/\/www.cde.ual.es\/wp-content\/uploads\/2018\/07\/turkey_wfp_deniz_akkus-300x130.jpg","type":"","width":"","height":""}],"author":"BECA 2 CDE","twitter_card":"summary_large_image","twitter_creator":"@cdeualmeria","twitter_site":"@cdeualmeria","twitter_misc":{"Written by":"BECA 2 CDE","Est. reading time":"2 minutes"},"schema":{"@context":"https:\/\/schema.org","@graph":[{"@type":"Article","@id":"https:\/\/www.cde.ual.es\/nuevo-mecanismo-de-la-ue-para-los-refugiados-en-turquia-educacion\/#article","isPartOf":{"@id":"https:\/\/www.cde.ual.es\/nuevo-mecanismo-de-la-ue-para-los-refugiados-en-turquia-educacion\/"},"author":{"name":"BECA 2 CDE","@id":"https:\/\/www.cde.ual.es\/#\/schema\/person\/ee46ebc19edfa19598c02cff83335acc"},"headline":"Nuevo mecanismo de la UE para los refugiados en Turqu\u00eda: Educaci\u00f3n","datePublished":"2018-07-27T10:39:12+00:00","mainEntityOfPage":{"@id":"https:\/\/www.cde.ual.es\/nuevo-mecanismo-de-la-ue-para-los-refugiados-en-turquia-educacion\/"},"wordCount":392,"commentCount":0,"publisher":{"@id":"https:\/\/www.cde.ual.es\/#organization"},"image":{"@id":"https:\/\/www.cde.ual.es\/nuevo-mecanismo-de-la-ue-para-los-refugiados-en-turquia-educacion\/#primaryimage"},"thumbnailUrl":"http:\/\/www.cde.ual.es\/wp-content\/uploads\/2018\/07\/turkey_wfp_deniz_akkus-300x130.jpg","keywords":["Cultura y Educaci\u00f3n","Migraci\u00f3n"],"articleSection":["Noticias UE"],"inLanguage":"en-US","potentialAction":[{"@type":"CommentAction","name":"Comment","target":["https:\/\/www.cde.ual.es\/nuevo-mecanismo-de-la-ue-para-los-refugiados-en-turquia-educacion\/#respond"]}]},{"@type":"WebPage","@id":"https:\/\/www.cde.ual.es\/nuevo-mecanismo-de-la-ue-para-los-refugiados-en-turquia-educacion\/","url":"https:\/\/www.cde.ual.es\/nuevo-mecanismo-de-la-ue-para-los-refugiados-en-turquia-educacion\/","name":"Nuevo mecanismo de la UE para los refugiados en Turqu\u00eda: Educaci\u00f3n | CDE Almer\u00eda - Centro de Documentaci\u00f3n Europea - Universidad de Almer\u00eda","isPartOf":{"@id":"https:\/\/www.cde.ual.es\/#website"},"primaryImageOfPage":{"@id":"https:\/\/www.cde.ual.es\/nuevo-mecanismo-de-la-ue-para-los-refugiados-en-turquia-educacion\/#primaryimage"},"image":{"@id":"https:\/\/www.cde.ual.es\/nuevo-mecanismo-de-la-ue-para-los-refugiados-en-turquia-educacion\/#primaryimage"},"thumbnailUrl":"http:\/\/www.cde.ual.es\/wp-content\/uploads\/2018\/07\/turkey_wfp_deniz_akkus-300x130.jpg","datePublished":"2018-07-27T10:39:12+00:00","breadcrumb":{"@id":"https:\/\/www.cde.ual.es\/nuevo-mecanismo-de-la-ue-para-los-refugiados-en-turquia-educacion\/#breadcrumb"},"inLanguage":"en-US","potentialAction":[{"@type":"ReadAction","target":["https:\/\/www.cde.ual.es\/nuevo-mecanismo-de-la-ue-para-los-refugiados-en-turquia-educacion\/"]}]},{"@type":"ImageObject","inLanguage":"en-US","@id":"https:\/\/www.cde.ual.es\/nuevo-mecanismo-de-la-ue-para-los-refugiados-en-turquia-educacion\/#primaryimage","url":"http:\/\/www.cde.ual.es\/wp-content\/uploads\/2018\/07\/turkey_wfp_deniz_akkus-300x130.jpg","contentUrl":"http:\/\/www.cde.ual.es\/wp-content\/uploads\/2018\/07\/turkey_wfp_deniz_akkus-300x130.jpg"},{"@type":"BreadcrumbList","@id":"https:\/\/www.cde.ual.es\/nuevo-mecanismo-de-la-ue-para-los-refugiados-en-turquia-educacion\/#breadcrumb","itemListElement":[{"@type":"ListItem","position":1,"name":"Inicio","item":"https:\/\/www.cde.ual.es\/en\/"},{"@type":"ListItem","position":2,"name":"Noticias UE","item":"https:\/\/www.cde.ual.es\/category\/noticias-ue\/"},{"@type":"ListItem","position":3,"name":"Nuevo mecanismo de la UE para los refugiados en Turqu\u00eda: Educaci\u00f3n"}]},{"@type":"WebSite","@id":"https:\/\/www.cde.ual.es\/#website","url":"https:\/\/www.cde.ual.es\/","name":"CDE Almer\u00eda - Centro de Documentaci\u00f3n Europea - Universidad de Almer\u00eda","description":"Centro de Documentaci\u00f3n Europea de la Universidad de Almer\u00eda","publisher":{"@id":"https:\/\/www.cde.ual.es\/#organization"},"alternateName":"CDE Almer\u00eda","potentialAction":[{"@type":"SearchAction","target":{"@type":"EntryPoint","urlTemplate":"https:\/\/www.cde.ual.es\/?s={search_term_string}"},"query-input":{"@type":"PropertyValueSpecification","valueRequired":true,"valueName":"search_term_string"}}],"inLanguage":"en-US"},{"@type":"Organization","@id":"https:\/\/www.cde.ual.es\/#organization","name":"Centro de Documentaci\u00f3n Europea de Almer\u00eda","url":"https:\/\/www.cde.ual.es\/","logo":{"@type":"ImageObject","inLanguage":"en-US","@id":"https:\/\/www.cde.ual.es\/#\/schema\/logo\/image\/","url":"https:\/\/www.cde.ual.es\/wp-content\/uploads\/2025\/07\/cde-logo-3.png","contentUrl":"https:\/\/www.cde.ual.es\/wp-content\/uploads\/2025\/07\/cde-logo-3.png","width":1400,"height":300,"caption":"Centro de Documentaci\u00f3n Europea de Almer\u00eda"},"image":{"@id":"https:\/\/www.cde.ual.es\/#\/schema\/logo\/image\/"},"sameAs":["https:\/\/www.facebook.com\/cdeuniversidadalmeria\/","https:\/\/x.com\/cdeualmeria","https:\/\/www.tiktok.com\/@cdealmeria","https:\/\/www.instagram.com\/cdealmeria\/","https:\/\/www.linkedin.com\/in\/cde-almera-812b26a9\/"]},{"@type":"Person","@id":"https:\/\/www.cde.ual.es\/#\/schema\/person\/ee46ebc19edfa19598c02cff83335acc","name":"BECA 2 CDE","image":{"@type":"ImageObject","inLanguage":"en-US","@id":"https:\/\/secure.gravatar.com\/avatar\/35a481bbc04bbd90e91bdfa3b0b5541036c222a49b9ad37b6889a2afcb5311a5?s=96&d=mm&r=g","url":"https:\/\/secure.gravatar.com\/avatar\/35a481bbc04bbd90e91bdfa3b0b5541036c222a49b9ad37b6889a2afcb5311a5?s=96&d=mm&r=g","contentUrl":"https:\/\/secure.gravatar.com\/avatar\/35a481bbc04bbd90e91bdfa3b0b5541036c222a49b9ad37b6889a2afcb5311a5?s=96&d=mm&r=g","caption":"BECA 2 CDE"},"sameAs":["http:\/\/www.cdealmeria.com"]}]}},"_links":{"self":[{"href":"https:\/\/www.cde.ual.es\/en\/wp-json\/wp\/v2\/posts\/7554","targetHints":{"allow":["GET"]}}],"collection":[{"href":"https:\/\/www.cde.ual.es\/en\/wp-json\/wp\/v2\/posts"}],"about":[{"href":"https:\/\/www.cde.ual.es\/en\/wp-json\/wp\/v2\/types\/post"}],"author":[{"embeddable":true,"href":"https:\/\/www.cde.ual.es\/en\/wp-json\/wp\/v2\/users\/101011"}],"replies":[{"embeddable":true,"href":"https:\/\/www.cde.ual.es\/en\/wp-json\/wp\/v2\/comments?post=7554"}],"version-history":[{"count":0,"href":"https:\/\/www.cde.ual.es\/en\/wp-json\/wp\/v2\/posts\/7554\/revisions"}],"wp:attachment":[{"href":"https:\/\/www.cde.ual.es\/en\/wp-json\/wp\/v2\/media?parent=7554"}],"wp:term":[{"taxonomy":"category","embeddable":true,"href":"https:\/\/www.cde.ual.es\/en\/wp-json\/wp\/v2\/categories?post=7554"},{"taxonomy":"post_tag","embeddable":true,"href":"https:\/\/www.cde.ual.es\/en\/wp-json\/wp\/v2\/tags?post=7554"}],"curies":[{"name":"wp","href":"https:\/\/api.w.org\/{rel}","templated":true}]}}