{"id":7550,"date":"2018-07-26T10:06:10","date_gmt":"2018-07-26T08:06:10","guid":{"rendered":"http:\/\/www.cde.ual.es\/?p=7550"},"modified":"2018-07-27T08:21:00","modified_gmt":"2018-07-27T06:21:00","slug":"ayuda-de-la-union-europea-para-los-incendios-en-grecia","status":"publish","type":"post","link":"https:\/\/www.cde.ual.es\/en\/ayuda-de-la-union-europea-para-los-incendios-en-grecia\/","title":{"rendered":"Ayuda de la Uni\u00f3n Europea para los incendios en Grecia"},"content":{"rendered":"<h2 style=\"font-weight: 400;\"><strong>La UE moviliza m\u00e1s ayuda ante los devastadores incendios en Grecia<\/strong><\/h2>\n<p style=\"font-weight: 400;\">El comisario de Ayuda Humanitaria y Gesti\u00f3n de Crisis, Christos Stylianides, lleg\u00f3 ayer a Atenas para coordinar la ayuda de la UE a Grecia a trav\u00e9s del\u00a0<a href=\"http:\/\/ec.europa.eu\/echo\/what\/civil-protection\/mechanism_en\" data-saferedirecturl=\"https:\/\/www.google.com\/url?hl=es&amp;q=http:\/\/ec.europa.eu\/echo\/what\/civil-protection\/mechanism_en&amp;source=gmail&amp;ust=1532678149376000&amp;usg=AFQjCNFX8RgPIs-5P8KEcr6o3OYahlm3SA\">Mecanismo de Protecci\u00f3n Civil de la UE<\/a>\u00a0tras los mort\u00edferos incendios de estos \u00faltimos d\u00edas.<\/p>\n<p style=\"font-weight: 400;\">El Comisario ha anunciado que Italia y Ruman\u00eda han enviado 4 aviones y que las fuerzas terrestres enviadas por Chipre empezaron a trabajar ayer.<\/p>\n<p style=\"font-weight: 400;\">Espa\u00f1a, Bulgaria, Croacia, Portugal, Malta y Montenegro tambi\u00e9n han ofrecido ayuda a Grecia a trav\u00e9s del Mecanismo.<\/p>\n<p style=\"font-weight: 400;\">El comisario se reunir\u00e1 hoy con el primer ministro Tsipras y con\u00a0 Kyriakos Mitsotakis, l\u00edder de la oposici\u00f3n. Adem\u00e1s, juntos visitar\u00e1n las zonas afectadas para coordinar el apoyo de la UE sobre el terreno.<\/p>\n<p style=\"font-weight: 400;\">El comisario ha declarado: &#8220;<em>Me he reunido en Atenas con el ministro Nikos Toskas para intercambiar informaci\u00f3n sobre esta crisis y le he reiterado que la UE seguir\u00e1 haciendo todo lo posible para ayudar al pueblo y a las autoridades griegas en esta situaci\u00f3n desgarradora.<\/em> Estamos todos juntos en esta lucha. Es un d\u00eda de dolor, pero juntos, como europeos, estamos decididos a luchar eficazmente contra estos incendios. A trav\u00e9s del Mecanismo de Protecci\u00f3n Civil de la UE hemos ayudado a movilizar aviones, veh\u00edculos, personal m\u00e9dico y bomberos. Anoche recibimos m\u00e1s ofertas y quiero dar las gracias a todos los pa\u00edses que han ofrecido su apoyo. La prioridad debe seguir siendo ayudar a los afectados todo el tiempo que sea necesario&#8221;.<\/p>\n<h2>Se ha activado el\u00a0sistema de sat\u00e9lites Copernicus de la UE\u00a0para proporcionar a las autoridades mapas altamente especializados.<\/h2>\n<p style=\"font-weight: 400;\">En el caso de Letonia se ha activado el <a href=\"http:\/\/emergency.copernicus.eu\/mapping\/list-of-components\/EMSR300\" data-saferedirecturl=\"https:\/\/www.google.com\/url?hl=es&amp;q=http:\/\/emergency.copernicus.eu\/mapping\/list-of-components\/EMSR300&amp;source=gmail&amp;ust=1532678149376000&amp;usg=AFQjCNE6B2fSsS8TtKt_eyw6tYrkgcAB0g\">sistema de sat\u00e9lites Copernicus de la UE<\/a>\u00a0para ayudar a las autoridades nacionales a elaborar mapas de emergencia de las zonas de riesgo.\u00a0 La Comisi\u00f3n cofinancia los costes de transporte de la asistencia a trav\u00e9s del mecanismo de protecci\u00f3n civil y coordina todas las autoridades de protecci\u00f3n civil de Europa. La Comisi\u00f3n ha propuesto reforzar la respuesta de la UE en materia de protecci\u00f3n civil a trav\u00e9s de\u00a0<a href=\"http:\/\/europa.eu\/rapid\/press-release_IP-17-4731_es.htm\" data-saferedirecturl=\"https:\/\/www.google.com\/url?hl=es&amp;q=http:\/\/europa.eu\/rapid\/press-release_IP-17-4731_es.htm&amp;source=gmail&amp;ust=1532678149376000&amp;usg=AFQjCNFWhaRmebpkkScj2XsIka_lWq1bXQ\">rescEU<\/a>, a fin de que los Estados miembros est\u00e9n mejor preparados para hacerles frente en caso de cat\u00e1strofes m\u00faltiples.<\/p>\n<p>&nbsp;<\/p>\n<p><span lang=\"ES-TRAD\">Puede accederse a\u00a0\u00a0<\/span><a href=\"https:\/\/ec.europa.eu\/avservices\/photo\/photoByReportage.cfm?sitelang=en&amp;ref=035164\" target=\"_blank\" rel=\"noopener\" data-saferedirecturl=\"https:\/\/www.google.com\/url?hl=es&amp;q=https:\/\/ec.europa.eu\/avservices\/photo\/photoByReportage.cfm?sitelang%3Den%26ref%3D035164&amp;source=gmail&amp;ust=1532678149376000&amp;usg=AFQjCNFyOaufKKuY0i0A5SiAvrr9GhqjHw\"><span lang=\"ES-TRAD\">fotos<\/span><\/a><span lang=\"ES-TRAD\">\u00a0y\u00a0<\/span><a href=\"http:\/\/ec.europa.eu\/avservices\/video\/index.cfm?siteLang=en\" target=\"_blank\" rel=\"noopener\" data-saferedirecturl=\"https:\/\/www.google.com\/url?hl=es&amp;q=http:\/\/ec.europa.eu\/avservices\/video\/index.cfm?siteLang%3Den&amp;source=gmail&amp;ust=1532678149376000&amp;usg=AFQjCNGD0r2ExlSvKdzrcNyITM_Exp92UQ\"><span lang=\"ES-TRAD\">videos<\/span><\/a>\u00a0<span lang=\"ES-TRAD\">del Centro de Emergencia,\u00a0 as\u00ed como a la hoja informativa \u00ab<\/span><a href=\"http:\/\/europa.eu\/rapid\/press-release_MEMO-15-5411_es.htm\" target=\"_blank\" rel=\"noopener\" data-saferedirecturl=\"https:\/\/www.google.com\/url?hl=es&amp;q=http:\/\/europa.eu\/rapid\/press-release_MEMO-15-5411_es.htm&amp;source=gmail&amp;ust=1532678149376000&amp;usg=AFQjCNGe4Q1V1lcUb2VK0Y6jT-DvRGa4-A\"><span lang=\"ES-TRAD\">\u00bfC\u00f3mo funciona la lucha contra los incendios forestales en Europa?<\/span><\/a><span lang=\"ES-TRAD\">\u00bb.<\/span><\/p>\n","protected":false},"excerpt":{"rendered":"<p>La UE moviliza m\u00e1s ayuda ante los devastadores incendios en Grecia El comisario de Ayuda Humanitaria y Gesti\u00f3n de Crisis, Christos Stylianides, lleg\u00f3 ayer a Atenas para coordinar la ayuda de la UE a Grecia a trav\u00e9s del\u00a0Mecanismo de Protecci\u00f3n Civil de la UE\u00a0tras los mort\u00edferos incendios de estos \u00faltimos d\u00edas. El Comisario ha anunciado [&hellip;]<\/p>\n","protected":false},"author":101012,"featured_media":7556,"comment_status":"open","ping_status":"open","sticky":false,"template":"","format":"standard","meta":{"_acf_changed":false,"_relevanssi_hide_post":"","_relevanssi_hide_content":"","_relevanssi_pin_for_all":"","_relevanssi_pin_keywords":"","_relevanssi_unpin_keywords":"","_relevanssi_related_keywords":"","_relevanssi_related_include_ids":"","_relevanssi_related_exclude_ids":"","_relevanssi_related_no_append":"","_relevanssi_related_not_related":"","_relevanssi_related_posts":"","_relevanssi_noindex_reason":"","_monsterinsights_skip_tracking":false,"_monsterinsights_sitenote_active":false,"_monsterinsights_sitenote_note":"","_monsterinsights_sitenote_category":0,"_genesis_hide_title":false,"_genesis_hide_breadcrumbs":false,"_genesis_hide_singular_image":false,"_genesis_hide_footer_widgets":false,"_genesis_custom_body_class":"","_genesis_custom_post_class":"","_genesis_layout":"","footnotes":""},"categories":[96],"tags":[135],"class_list":{"0":"post-7550","1":"post","2":"type-post","3":"status-publish","4":"format-standard","5":"has-post-thumbnail","7":"category-noticias-ue","8":"tag-union-europea","9":"entry"},"acf":[],"yoast_head":"<!-- This site is optimized with the Yoast SEO plugin v27.4 - https:\/\/yoast.com\/product\/yoast-seo-wordpress\/ -->\n<title>Ayuda de la Uni\u00f3n Europea para los incendios en Grecia | CDE Almer\u00eda - Centro de Documentaci\u00f3n Europea - Universidad de Almer\u00eda<\/title>\n<meta name=\"robots\" content=\"index, follow, max-snippet:-1, max-image-preview:large, max-video-preview:-1\" \/>\n<link rel=\"canonical\" href=\"https:\/\/www.cde.ual.es\/ayuda-de-la-union-europea-para-los-incendios-en-grecia\/\" \/>\n<meta property=\"og:locale\" content=\"en_US\" \/>\n<meta property=\"og:type\" content=\"article\" \/>\n<meta property=\"og:title\" content=\"Ayuda de la Uni\u00f3n Europea para los incendios en Grecia | CDE Almer\u00eda - Centro de Documentaci\u00f3n Europea - Universidad de Almer\u00eda\" \/>\n<meta property=\"og:description\" content=\"La UE moviliza m\u00e1s ayuda ante los devastadores incendios en Grecia El comisario de Ayuda Humanitaria y Gesti\u00f3n de Crisis, Christos Stylianides, lleg\u00f3 ayer a Atenas para coordinar la ayuda de la UE a Grecia a trav\u00e9s del\u00a0Mecanismo de Protecci\u00f3n Civil de la UE\u00a0tras los mort\u00edferos incendios de estos \u00faltimos d\u00edas. El Comisario ha anunciado [&hellip;]\" \/>\n<meta property=\"og:url\" content=\"https:\/\/www.cde.ual.es\/ayuda-de-la-union-europea-para-los-incendios-en-grecia\/\" \/>\n<meta property=\"og:site_name\" content=\"CDE Almer\u00eda - Centro de Documentaci\u00f3n Europea - Universidad de Almer\u00eda\" \/>\n<meta property=\"article:publisher\" content=\"https:\/\/www.facebook.com\/cdeuniversidadalmeria\/\" \/>\n<meta property=\"article:published_time\" content=\"2018-07-26T08:06:10+00:00\" \/>\n<meta property=\"article:modified_time\" content=\"2018-07-27T06:21:00+00:00\" \/>\n<meta property=\"og:image\" content=\"https:\/\/www.cde.ual.es\/wp-content\/uploads\/2018\/07\/Incendios-en-grecia.jpg\" \/>\n\t<meta property=\"og:image:width\" content=\"800\" \/>\n\t<meta property=\"og:image:height\" content=\"451\" \/>\n\t<meta property=\"og:image:type\" content=\"image\/jpeg\" \/>\n<meta name=\"author\" content=\"BECACDE1\" \/>\n<meta name=\"twitter:card\" content=\"summary_large_image\" \/>\n<meta name=\"twitter:creator\" content=\"@cdeualmeria\" \/>\n<meta name=\"twitter:site\" content=\"@cdeualmeria\" \/>\n<meta name=\"twitter:label1\" content=\"Written by\" \/>\n\t<meta name=\"twitter:data1\" content=\"BECACDE1\" \/>\n\t<meta name=\"twitter:label2\" content=\"Est. reading time\" \/>\n\t<meta name=\"twitter:data2\" content=\"2 minutes\" \/>\n<script type=\"application\/ld+json\" class=\"yoast-schema-graph\">{\"@context\":\"https:\\\/\\\/schema.org\",\"@graph\":[{\"@type\":\"Article\",\"@id\":\"https:\\\/\\\/www.cde.ual.es\\\/ayuda-de-la-union-europea-para-los-incendios-en-grecia\\\/#article\",\"isPartOf\":{\"@id\":\"https:\\\/\\\/www.cde.ual.es\\\/ayuda-de-la-union-europea-para-los-incendios-en-grecia\\\/\"},\"author\":{\"name\":\"BECACDE1\",\"@id\":\"https:\\\/\\\/www.cde.ual.es\\\/#\\\/schema\\\/person\\\/bf2f837cf3353e2161fe1087adbd728f\"},\"headline\":\"Ayuda de la Uni\u00f3n Europea para los incendios en Grecia\",\"datePublished\":\"2018-07-26T08:06:10+00:00\",\"dateModified\":\"2018-07-27T06:21:00+00:00\",\"mainEntityOfPage\":{\"@id\":\"https:\\\/\\\/www.cde.ual.es\\\/ayuda-de-la-union-europea-para-los-incendios-en-grecia\\\/\"},\"wordCount\":437,\"commentCount\":0,\"publisher\":{\"@id\":\"https:\\\/\\\/www.cde.ual.es\\\/#organization\"},\"image\":{\"@id\":\"https:\\\/\\\/www.cde.ual.es\\\/ayuda-de-la-union-europea-para-los-incendios-en-grecia\\\/#primaryimage\"},\"thumbnailUrl\":\"https:\\\/\\\/www.cde.ual.es\\\/wp-content\\\/uploads\\\/2018\\\/07\\\/Incendios-en-grecia.jpg\",\"keywords\":[\"Uni\u00f3n Europea\"],\"articleSection\":[\"Noticias UE\"],\"inLanguage\":\"en-US\",\"potentialAction\":[{\"@type\":\"CommentAction\",\"name\":\"Comment\",\"target\":[\"https:\\\/\\\/www.cde.ual.es\\\/ayuda-de-la-union-europea-para-los-incendios-en-grecia\\\/#respond\"]}]},{\"@type\":\"WebPage\",\"@id\":\"https:\\\/\\\/www.cde.ual.es\\\/ayuda-de-la-union-europea-para-los-incendios-en-grecia\\\/\",\"url\":\"https:\\\/\\\/www.cde.ual.es\\\/ayuda-de-la-union-europea-para-los-incendios-en-grecia\\\/\",\"name\":\"Ayuda de la Uni\u00f3n Europea para los incendios en Grecia | CDE Almer\u00eda - Centro de Documentaci\u00f3n Europea - Universidad de Almer\u00eda\",\"isPartOf\":{\"@id\":\"https:\\\/\\\/www.cde.ual.es\\\/#website\"},\"primaryImageOfPage\":{\"@id\":\"https:\\\/\\\/www.cde.ual.es\\\/ayuda-de-la-union-europea-para-los-incendios-en-grecia\\\/#primaryimage\"},\"image\":{\"@id\":\"https:\\\/\\\/www.cde.ual.es\\\/ayuda-de-la-union-europea-para-los-incendios-en-grecia\\\/#primaryimage\"},\"thumbnailUrl\":\"https:\\\/\\\/www.cde.ual.es\\\/wp-content\\\/uploads\\\/2018\\\/07\\\/Incendios-en-grecia.jpg\",\"datePublished\":\"2018-07-26T08:06:10+00:00\",\"dateModified\":\"2018-07-27T06:21:00+00:00\",\"breadcrumb\":{\"@id\":\"https:\\\/\\\/www.cde.ual.es\\\/ayuda-de-la-union-europea-para-los-incendios-en-grecia\\\/#breadcrumb\"},\"inLanguage\":\"en-US\",\"potentialAction\":[{\"@type\":\"ReadAction\",\"target\":[\"https:\\\/\\\/www.cde.ual.es\\\/ayuda-de-la-union-europea-para-los-incendios-en-grecia\\\/\"]}]},{\"@type\":\"ImageObject\",\"inLanguage\":\"en-US\",\"@id\":\"https:\\\/\\\/www.cde.ual.es\\\/ayuda-de-la-union-europea-para-los-incendios-en-grecia\\\/#primaryimage\",\"url\":\"https:\\\/\\\/www.cde.ual.es\\\/wp-content\\\/uploads\\\/2018\\\/07\\\/Incendios-en-grecia.jpg\",\"contentUrl\":\"https:\\\/\\\/www.cde.ual.es\\\/wp-content\\\/uploads\\\/2018\\\/07\\\/Incendios-en-grecia.jpg\",\"width\":800,\"height\":451,\"caption\":\"Incendios UE\"},{\"@type\":\"BreadcrumbList\",\"@id\":\"https:\\\/\\\/www.cde.ual.es\\\/ayuda-de-la-union-europea-para-los-incendios-en-grecia\\\/#breadcrumb\",\"itemListElement\":[{\"@type\":\"ListItem\",\"position\":1,\"name\":\"Inicio\",\"item\":\"https:\\\/\\\/www.cde.ual.es\\\/en\\\/\"},{\"@type\":\"ListItem\",\"position\":2,\"name\":\"Noticias UE\",\"item\":\"https:\\\/\\\/www.cde.ual.es\\\/category\\\/noticias-ue\\\/\"},{\"@type\":\"ListItem\",\"position\":3,\"name\":\"Ayuda de la Uni\u00f3n Europea para los incendios en Grecia\"}]},{\"@type\":\"WebSite\",\"@id\":\"https:\\\/\\\/www.cde.ual.es\\\/#website\",\"url\":\"https:\\\/\\\/www.cde.ual.es\\\/\",\"name\":\"CDE Almer\u00eda - Centro de Documentaci\u00f3n Europea - Universidad de Almer\u00eda\",\"description\":\"Centro de Documentaci\u00f3n Europea de la Universidad de Almer\u00eda\",\"publisher\":{\"@id\":\"https:\\\/\\\/www.cde.ual.es\\\/#organization\"},\"alternateName\":\"CDE Almer\u00eda\",\"potentialAction\":[{\"@type\":\"SearchAction\",\"target\":{\"@type\":\"EntryPoint\",\"urlTemplate\":\"https:\\\/\\\/www.cde.ual.es\\\/?s={search_term_string}\"},\"query-input\":{\"@type\":\"PropertyValueSpecification\",\"valueRequired\":true,\"valueName\":\"search_term_string\"}}],\"inLanguage\":\"en-US\"},{\"@type\":\"Organization\",\"@id\":\"https:\\\/\\\/www.cde.ual.es\\\/#organization\",\"name\":\"Centro de Documentaci\u00f3n Europea de Almer\u00eda\",\"url\":\"https:\\\/\\\/www.cde.ual.es\\\/\",\"logo\":{\"@type\":\"ImageObject\",\"inLanguage\":\"en-US\",\"@id\":\"https:\\\/\\\/www.cde.ual.es\\\/#\\\/schema\\\/logo\\\/image\\\/\",\"url\":\"https:\\\/\\\/www.cde.ual.es\\\/wp-content\\\/uploads\\\/2025\\\/07\\\/cde-logo-3.png\",\"contentUrl\":\"https:\\\/\\\/www.cde.ual.es\\\/wp-content\\\/uploads\\\/2025\\\/07\\\/cde-logo-3.png\",\"width\":1400,\"height\":300,\"caption\":\"Centro de Documentaci\u00f3n Europea de Almer\u00eda\"},\"image\":{\"@id\":\"https:\\\/\\\/www.cde.ual.es\\\/#\\\/schema\\\/logo\\\/image\\\/\"},\"sameAs\":[\"https:\\\/\\\/www.facebook.com\\\/cdeuniversidadalmeria\\\/\",\"https:\\\/\\\/x.com\\\/cdeualmeria\",\"https:\\\/\\\/www.tiktok.com\\\/@cdealmeria\",\"https:\\\/\\\/www.instagram.com\\\/cdealmeria\\\/\",\"https:\\\/\\\/www.linkedin.com\\\/in\\\/cde-almera-812b26a9\\\/\"]},{\"@type\":\"Person\",\"@id\":\"https:\\\/\\\/www.cde.ual.es\\\/#\\\/schema\\\/person\\\/bf2f837cf3353e2161fe1087adbd728f\",\"name\":\"BECACDE1\",\"image\":{\"@type\":\"ImageObject\",\"inLanguage\":\"en-US\",\"@id\":\"https:\\\/\\\/secure.gravatar.com\\\/avatar\\\/16a4c1e422b5dec818ee13eab3353b19db9cfd278cc10f9b0e1188a37671d9d4?s=96&d=mm&r=g\",\"url\":\"https:\\\/\\\/secure.gravatar.com\\\/avatar\\\/16a4c1e422b5dec818ee13eab3353b19db9cfd278cc10f9b0e1188a37671d9d4?s=96&d=mm&r=g\",\"contentUrl\":\"https:\\\/\\\/secure.gravatar.com\\\/avatar\\\/16a4c1e422b5dec818ee13eab3353b19db9cfd278cc10f9b0e1188a37671d9d4?s=96&d=mm&r=g\",\"caption\":\"BECACDE1\"},\"sameAs\":[\"http:\\\/\\\/www.cdealmeria.com\"]}]}<\/script>\n<!-- \/ Yoast SEO plugin. -->","yoast_head_json":{"title":"Ayuda de la Uni\u00f3n Europea para los incendios en Grecia | CDE Almer\u00eda - Centro de Documentaci\u00f3n Europea - Universidad de Almer\u00eda","robots":{"index":"index","follow":"follow","max-snippet":"max-snippet:-1","max-image-preview":"max-image-preview:large","max-video-preview":"max-video-preview:-1"},"canonical":"https:\/\/www.cde.ual.es\/ayuda-de-la-union-europea-para-los-incendios-en-grecia\/","og_locale":"en_US","og_type":"article","og_title":"Ayuda de la Uni\u00f3n Europea para los incendios en Grecia | CDE Almer\u00eda - Centro de Documentaci\u00f3n Europea - Universidad de Almer\u00eda","og_description":"La UE moviliza m\u00e1s ayuda ante los devastadores incendios en Grecia El comisario de Ayuda Humanitaria y Gesti\u00f3n de Crisis, Christos Stylianides, lleg\u00f3 ayer a Atenas para coordinar la ayuda de la UE a Grecia a trav\u00e9s del\u00a0Mecanismo de Protecci\u00f3n Civil de la UE\u00a0tras los mort\u00edferos incendios de estos \u00faltimos d\u00edas. El Comisario ha anunciado [&hellip;]","og_url":"https:\/\/www.cde.ual.es\/ayuda-de-la-union-europea-para-los-incendios-en-grecia\/","og_site_name":"CDE Almer\u00eda - Centro de Documentaci\u00f3n Europea - Universidad de Almer\u00eda","article_publisher":"https:\/\/www.facebook.com\/cdeuniversidadalmeria\/","article_published_time":"2018-07-26T08:06:10+00:00","article_modified_time":"2018-07-27T06:21:00+00:00","og_image":[{"width":800,"height":451,"url":"https:\/\/www.cde.ual.es\/wp-content\/uploads\/2018\/07\/Incendios-en-grecia.jpg","type":"image\/jpeg"}],"author":"BECACDE1","twitter_card":"summary_large_image","twitter_creator":"@cdeualmeria","twitter_site":"@cdeualmeria","twitter_misc":{"Written by":"BECACDE1","Est. reading time":"2 minutes"},"schema":{"@context":"https:\/\/schema.org","@graph":[{"@type":"Article","@id":"https:\/\/www.cde.ual.es\/ayuda-de-la-union-europea-para-los-incendios-en-grecia\/#article","isPartOf":{"@id":"https:\/\/www.cde.ual.es\/ayuda-de-la-union-europea-para-los-incendios-en-grecia\/"},"author":{"name":"BECACDE1","@id":"https:\/\/www.cde.ual.es\/#\/schema\/person\/bf2f837cf3353e2161fe1087adbd728f"},"headline":"Ayuda de la Uni\u00f3n Europea para los incendios en Grecia","datePublished":"2018-07-26T08:06:10+00:00","dateModified":"2018-07-27T06:21:00+00:00","mainEntityOfPage":{"@id":"https:\/\/www.cde.ual.es\/ayuda-de-la-union-europea-para-los-incendios-en-grecia\/"},"wordCount":437,"commentCount":0,"publisher":{"@id":"https:\/\/www.cde.ual.es\/#organization"},"image":{"@id":"https:\/\/www.cde.ual.es\/ayuda-de-la-union-europea-para-los-incendios-en-grecia\/#primaryimage"},"thumbnailUrl":"https:\/\/www.cde.ual.es\/wp-content\/uploads\/2018\/07\/Incendios-en-grecia.jpg","keywords":["Uni\u00f3n Europea"],"articleSection":["Noticias UE"],"inLanguage":"en-US","potentialAction":[{"@type":"CommentAction","name":"Comment","target":["https:\/\/www.cde.ual.es\/ayuda-de-la-union-europea-para-los-incendios-en-grecia\/#respond"]}]},{"@type":"WebPage","@id":"https:\/\/www.cde.ual.es\/ayuda-de-la-union-europea-para-los-incendios-en-grecia\/","url":"https:\/\/www.cde.ual.es\/ayuda-de-la-union-europea-para-los-incendios-en-grecia\/","name":"Ayuda de la Uni\u00f3n Europea para los incendios en Grecia | CDE Almer\u00eda - Centro de Documentaci\u00f3n Europea - Universidad de Almer\u00eda","isPartOf":{"@id":"https:\/\/www.cde.ual.es\/#website"},"primaryImageOfPage":{"@id":"https:\/\/www.cde.ual.es\/ayuda-de-la-union-europea-para-los-incendios-en-grecia\/#primaryimage"},"image":{"@id":"https:\/\/www.cde.ual.es\/ayuda-de-la-union-europea-para-los-incendios-en-grecia\/#primaryimage"},"thumbnailUrl":"https:\/\/www.cde.ual.es\/wp-content\/uploads\/2018\/07\/Incendios-en-grecia.jpg","datePublished":"2018-07-26T08:06:10+00:00","dateModified":"2018-07-27T06:21:00+00:00","breadcrumb":{"@id":"https:\/\/www.cde.ual.es\/ayuda-de-la-union-europea-para-los-incendios-en-grecia\/#breadcrumb"},"inLanguage":"en-US","potentialAction":[{"@type":"ReadAction","target":["https:\/\/www.cde.ual.es\/ayuda-de-la-union-europea-para-los-incendios-en-grecia\/"]}]},{"@type":"ImageObject","inLanguage":"en-US","@id":"https:\/\/www.cde.ual.es\/ayuda-de-la-union-europea-para-los-incendios-en-grecia\/#primaryimage","url":"https:\/\/www.cde.ual.es\/wp-content\/uploads\/2018\/07\/Incendios-en-grecia.jpg","contentUrl":"https:\/\/www.cde.ual.es\/wp-content\/uploads\/2018\/07\/Incendios-en-grecia.jpg","width":800,"height":451,"caption":"Incendios UE"},{"@type":"BreadcrumbList","@id":"https:\/\/www.cde.ual.es\/ayuda-de-la-union-europea-para-los-incendios-en-grecia\/#breadcrumb","itemListElement":[{"@type":"ListItem","position":1,"name":"Inicio","item":"https:\/\/www.cde.ual.es\/en\/"},{"@type":"ListItem","position":2,"name":"Noticias UE","item":"https:\/\/www.cde.ual.es\/category\/noticias-ue\/"},{"@type":"ListItem","position":3,"name":"Ayuda de la Uni\u00f3n Europea para los incendios en Grecia"}]},{"@type":"WebSite","@id":"https:\/\/www.cde.ual.es\/#website","url":"https:\/\/www.cde.ual.es\/","name":"CDE Almer\u00eda - Centro de Documentaci\u00f3n Europea - Universidad de Almer\u00eda","description":"Centro de Documentaci\u00f3n Europea de la Universidad de Almer\u00eda","publisher":{"@id":"https:\/\/www.cde.ual.es\/#organization"},"alternateName":"CDE Almer\u00eda","potentialAction":[{"@type":"SearchAction","target":{"@type":"EntryPoint","urlTemplate":"https:\/\/www.cde.ual.es\/?s={search_term_string}"},"query-input":{"@type":"PropertyValueSpecification","valueRequired":true,"valueName":"search_term_string"}}],"inLanguage":"en-US"},{"@type":"Organization","@id":"https:\/\/www.cde.ual.es\/#organization","name":"Centro de Documentaci\u00f3n Europea de Almer\u00eda","url":"https:\/\/www.cde.ual.es\/","logo":{"@type":"ImageObject","inLanguage":"en-US","@id":"https:\/\/www.cde.ual.es\/#\/schema\/logo\/image\/","url":"https:\/\/www.cde.ual.es\/wp-content\/uploads\/2025\/07\/cde-logo-3.png","contentUrl":"https:\/\/www.cde.ual.es\/wp-content\/uploads\/2025\/07\/cde-logo-3.png","width":1400,"height":300,"caption":"Centro de Documentaci\u00f3n Europea de Almer\u00eda"},"image":{"@id":"https:\/\/www.cde.ual.es\/#\/schema\/logo\/image\/"},"sameAs":["https:\/\/www.facebook.com\/cdeuniversidadalmeria\/","https:\/\/x.com\/cdeualmeria","https:\/\/www.tiktok.com\/@cdealmeria","https:\/\/www.instagram.com\/cdealmeria\/","https:\/\/www.linkedin.com\/in\/cde-almera-812b26a9\/"]},{"@type":"Person","@id":"https:\/\/www.cde.ual.es\/#\/schema\/person\/bf2f837cf3353e2161fe1087adbd728f","name":"BECACDE1","image":{"@type":"ImageObject","inLanguage":"en-US","@id":"https:\/\/secure.gravatar.com\/avatar\/16a4c1e422b5dec818ee13eab3353b19db9cfd278cc10f9b0e1188a37671d9d4?s=96&d=mm&r=g","url":"https:\/\/secure.gravatar.com\/avatar\/16a4c1e422b5dec818ee13eab3353b19db9cfd278cc10f9b0e1188a37671d9d4?s=96&d=mm&r=g","contentUrl":"https:\/\/secure.gravatar.com\/avatar\/16a4c1e422b5dec818ee13eab3353b19db9cfd278cc10f9b0e1188a37671d9d4?s=96&d=mm&r=g","caption":"BECACDE1"},"sameAs":["http:\/\/www.cdealmeria.com"]}]}},"_links":{"self":[{"href":"https:\/\/www.cde.ual.es\/en\/wp-json\/wp\/v2\/posts\/7550","targetHints":{"allow":["GET"]}}],"collection":[{"href":"https:\/\/www.cde.ual.es\/en\/wp-json\/wp\/v2\/posts"}],"about":[{"href":"https:\/\/www.cde.ual.es\/en\/wp-json\/wp\/v2\/types\/post"}],"author":[{"embeddable":true,"href":"https:\/\/www.cde.ual.es\/en\/wp-json\/wp\/v2\/users\/101012"}],"replies":[{"embeddable":true,"href":"https:\/\/www.cde.ual.es\/en\/wp-json\/wp\/v2\/comments?post=7550"}],"version-history":[{"count":0,"href":"https:\/\/www.cde.ual.es\/en\/wp-json\/wp\/v2\/posts\/7550\/revisions"}],"wp:featuredmedia":[{"embeddable":true,"href":"https:\/\/www.cde.ual.es\/en\/wp-json\/wp\/v2\/media\/7556"}],"wp:attachment":[{"href":"https:\/\/www.cde.ual.es\/en\/wp-json\/wp\/v2\/media?parent=7550"}],"wp:term":[{"taxonomy":"category","embeddable":true,"href":"https:\/\/www.cde.ual.es\/en\/wp-json\/wp\/v2\/categories?post=7550"},{"taxonomy":"post_tag","embeddable":true,"href":"https:\/\/www.cde.ual.es\/en\/wp-json\/wp\/v2\/tags?post=7550"}],"curies":[{"name":"wp","href":"https:\/\/api.w.org\/{rel}","templated":true}]}}