{"id":7544,"date":"2018-07-26T09:53:53","date_gmt":"2018-07-26T07:53:53","guid":{"rendered":"http:\/\/www.cde.ual.es\/?p=7544"},"modified":"2018-07-26T09:53:53","modified_gmt":"2018-07-26T07:53:53","slug":"la-ue-se-compromete-a-reconstruir-la-sede-de-la-fuerza-conjunta-g5-sahel","status":"publish","type":"post","link":"https:\/\/www.cde.ual.es\/en\/la-ue-se-compromete-a-reconstruir-la-sede-de-la-fuerza-conjunta-g5-sahel\/","title":{"rendered":"La UE se compromete a reconstruir la sede de la Fuerza Conjunta G5 Sahel"},"content":{"rendered":"<h3 style=\"text-align: center;\">La Uni\u00f3n Europea se compromete a reconstruir la sede de la Fuerza Conjunta G5 Sahel<\/h3>\n<p><a href=\"http:\/\/www.cde.ual.es\/wp-content\/uploads\/2018\/07\/g5_sahel_en_3_cle8243c4.jpg\"><img decoding=\"async\" class=\" wp-image-7548 aligncenter\" src=\"http:\/\/www.cde.ual.es\/wp-content\/uploads\/2018\/07\/g5_sahel_en_3_cle8243c4-300x150.jpg\" alt=\"\" width=\"336\" height=\"168\" srcset=\"https:\/\/www.cde.ual.es\/wp-content\/uploads\/2018\/07\/g5_sahel_en_3_cle8243c4-300x150.jpg 300w, https:\/\/www.cde.ual.es\/wp-content\/uploads\/2018\/07\/g5_sahel_en_3_cle8243c4-768x384.jpg 768w, https:\/\/www.cde.ual.es\/wp-content\/uploads\/2018\/07\/g5_sahel_en_3_cle8243c4-1024x512.jpg 1024w, https:\/\/www.cde.ual.es\/wp-content\/uploads\/2018\/07\/g5_sahel_en_3_cle8243c4.jpg 1500w\" sizes=\"(max-width: 336px) 100vw, 336px\" \/><\/a><\/p>\n<p>Tras el ataque mortal contra la sede de la Fuerza Conjunta G5 Sahel en S\u00e9var\u00e9, Mali, el 29 de junio, la UE ha decidido financiar la reconstrucci\u00f3n de una nueva sede. Adem\u00e1s, se ha acordado continuar su apoyo para garantizar la continuidad operativa de la El personal de la Fuerza.<\/p>\n<p>Estas decisiones se derivan de la reuni\u00f3n ministerial UE \/ G5 Sahel celebrada en Bruselas el pasado 18 de junio, presidida por Federica Mogherini y el Ministro de Asuntos Exteriores de N\u00edger, Kalla Ankourao, y de la Conferencia Internacional de Alto Nivel sobre el Sahel en febrero, en la que la Uni\u00f3n Europea brind\u00f3 apoyo a la Fuerza Conjunta por un monto de 100 millones de euros. Los principales objetivos compartidos de la Uni\u00f3n y el G5 Sahel son la estabilidad y el desarrollo de los pa\u00edses de la regi\u00f3n, una mejor gesti\u00f3n de las zonas fronterizas y la lucha contra el tr\u00e1fico que abunda en esas zonas.<\/p>\n<h5>Antecedentes<\/h5>\n<p>En 2014 Burkina Faso, Chad, Mali, Mauritania y N\u00edger crearon el grupo de pa\u00edses &#8216;G5 Sahel&#8217;. El objetivo de la uni\u00f3n era fomentar la cooperaci\u00f3n y abordar los principales desaf\u00edos regionales que enfrentan estos pa\u00edses. En particular, estos retos buscan combatir la pobreza extrema, el terrorismo y el tr\u00e1fico de armas, drogas y humanos seres.<\/p>\n<p>Con 8.000 millones de euros en ayuda al desarrollo durante 2014-2020, la UE es el mayor donante del G5 Sahel.<\/p>\n<h5>M\u00e1s informaci\u00f3n<\/h5>\n<p>Accede a la noticia completa <a href=\"http:\/\/europa.eu\/rapid\/press-release_IP-18-4646_en.htm\">aqu\u00ed<\/a><\/p>\n<p><a href=\"https:\/\/eeas.europa.eu\/csdp-missions-operations\/eucap-sahel-niger\/46675\/node\/46675_en\">\u00a0The European Union&#8217;s partnership with the G5 Sahel countries<\/a><\/p>\n","protected":false},"excerpt":{"rendered":"<p>La Uni\u00f3n Europea se compromete a reconstruir la sede de la Fuerza Conjunta G5 Sahel Tras el ataque mortal contra la sede de la Fuerza Conjunta G5 Sahel en S\u00e9var\u00e9, Mali, el 29 de junio, la UE ha decidido financiar la reconstrucci\u00f3n de una nueva sede. Adem\u00e1s, se ha acordado continuar su apoyo para garantizar [&hellip;]<\/p>\n","protected":false},"author":101011,"featured_media":7548,"comment_status":"open","ping_status":"open","sticky":false,"template":"","format":"standard","meta":{"_acf_changed":false,"_relevanssi_hide_post":"","_relevanssi_hide_content":"","_relevanssi_pin_for_all":"","_relevanssi_pin_keywords":"","_relevanssi_unpin_keywords":"","_relevanssi_related_keywords":"","_relevanssi_related_include_ids":"","_relevanssi_related_exclude_ids":"","_relevanssi_related_no_append":"","_relevanssi_related_not_related":"","_relevanssi_related_posts":"","_relevanssi_noindex_reason":"","_monsterinsights_skip_tracking":false,"_monsterinsights_sitenote_active":false,"_monsterinsights_sitenote_note":"","_monsterinsights_sitenote_category":0,"_genesis_hide_title":false,"_genesis_hide_breadcrumbs":false,"_genesis_hide_singular_image":false,"_genesis_hide_footer_widgets":false,"_genesis_custom_body_class":"","_genesis_custom_post_class":"","_genesis_layout":"","footnotes":""},"categories":[96],"tags":[127,161],"class_list":{"0":"post-7544","1":"post","2":"type-post","3":"status-publish","4":"format-standard","5":"has-post-thumbnail","7":"category-noticias-ue","8":"tag-cooperacion-internacional","9":"tag-seguridad-y-defensa","10":"entry"},"acf":[],"yoast_head":"<!-- This site is optimized with the Yoast SEO plugin v27.5 - https:\/\/yoast.com\/product\/yoast-seo-wordpress\/ -->\n<title>La UE se compromete a reconstruir la sede de la Fuerza Conjunta G5 Sahel | CDE Almer\u00eda - Centro de Documentaci\u00f3n Europea - Universidad de Almer\u00eda<\/title>\n<meta name=\"robots\" content=\"index, follow, max-snippet:-1, max-image-preview:large, max-video-preview:-1\" \/>\n<link rel=\"canonical\" href=\"https:\/\/www.cde.ual.es\/la-ue-se-compromete-a-reconstruir-la-sede-de-la-fuerza-conjunta-g5-sahel\/\" \/>\n<meta property=\"og:locale\" content=\"en_US\" \/>\n<meta property=\"og:type\" content=\"article\" \/>\n<meta property=\"og:title\" content=\"La UE se compromete a reconstruir la sede de la Fuerza Conjunta G5 Sahel | CDE Almer\u00eda - Centro de Documentaci\u00f3n Europea - Universidad de Almer\u00eda\" \/>\n<meta property=\"og:description\" content=\"La Uni\u00f3n Europea se compromete a reconstruir la sede de la Fuerza Conjunta G5 Sahel Tras el ataque mortal contra la sede de la Fuerza Conjunta G5 Sahel en S\u00e9var\u00e9, Mali, el 29 de junio, la UE ha decidido financiar la reconstrucci\u00f3n de una nueva sede. Adem\u00e1s, se ha acordado continuar su apoyo para garantizar [&hellip;]\" \/>\n<meta property=\"og:url\" content=\"https:\/\/www.cde.ual.es\/la-ue-se-compromete-a-reconstruir-la-sede-de-la-fuerza-conjunta-g5-sahel\/\" \/>\n<meta property=\"og:site_name\" content=\"CDE Almer\u00eda - Centro de Documentaci\u00f3n Europea - Universidad de Almer\u00eda\" \/>\n<meta property=\"article:publisher\" content=\"https:\/\/www.facebook.com\/cdeuniversidadalmeria\/\" \/>\n<meta property=\"article:published_time\" content=\"2018-07-26T07:53:53+00:00\" \/>\n<meta property=\"og:image\" content=\"https:\/\/www.cde.ual.es\/wp-content\/uploads\/2018\/07\/g5_sahel_en_3_cle8243c4.jpg\" \/>\n\t<meta property=\"og:image:width\" content=\"1500\" \/>\n\t<meta property=\"og:image:height\" content=\"750\" \/>\n\t<meta property=\"og:image:type\" content=\"image\/jpeg\" \/>\n<meta name=\"author\" content=\"BECA 2 CDE\" \/>\n<meta name=\"twitter:card\" content=\"summary_large_image\" \/>\n<meta name=\"twitter:creator\" content=\"@cdeualmeria\" \/>\n<meta name=\"twitter:site\" content=\"@cdeualmeria\" \/>\n<meta name=\"twitter:label1\" content=\"Written by\" \/>\n\t<meta name=\"twitter:data1\" content=\"BECA 2 CDE\" \/>\n\t<meta name=\"twitter:label2\" content=\"Est. reading time\" \/>\n\t<meta name=\"twitter:data2\" content=\"1 minute\" \/>\n<script type=\"application\/ld+json\" class=\"yoast-schema-graph\">{\"@context\":\"https:\\\/\\\/schema.org\",\"@graph\":[{\"@type\":\"Article\",\"@id\":\"https:\\\/\\\/www.cde.ual.es\\\/la-ue-se-compromete-a-reconstruir-la-sede-de-la-fuerza-conjunta-g5-sahel\\\/#article\",\"isPartOf\":{\"@id\":\"https:\\\/\\\/www.cde.ual.es\\\/la-ue-se-compromete-a-reconstruir-la-sede-de-la-fuerza-conjunta-g5-sahel\\\/\"},\"author\":{\"name\":\"BECA 2 CDE\",\"@id\":\"https:\\\/\\\/www.cde.ual.es\\\/#\\\/schema\\\/person\\\/ee46ebc19edfa19598c02cff83335acc\"},\"headline\":\"La UE se compromete a reconstruir la sede de la Fuerza Conjunta G5 Sahel\",\"datePublished\":\"2018-07-26T07:53:53+00:00\",\"mainEntityOfPage\":{\"@id\":\"https:\\\/\\\/www.cde.ual.es\\\/la-ue-se-compromete-a-reconstruir-la-sede-de-la-fuerza-conjunta-g5-sahel\\\/\"},\"wordCount\":296,\"commentCount\":0,\"publisher\":{\"@id\":\"https:\\\/\\\/www.cde.ual.es\\\/#organization\"},\"image\":{\"@id\":\"https:\\\/\\\/www.cde.ual.es\\\/la-ue-se-compromete-a-reconstruir-la-sede-de-la-fuerza-conjunta-g5-sahel\\\/#primaryimage\"},\"thumbnailUrl\":\"https:\\\/\\\/www.cde.ual.es\\\/wp-content\\\/uploads\\\/2018\\\/07\\\/g5_sahel_en_3_cle8243c4.jpg\",\"keywords\":[\"Cooperaci\u00f3n Internacional\",\"Seguridad y Defensa\"],\"articleSection\":[\"Noticias UE\"],\"inLanguage\":\"en-US\",\"potentialAction\":[{\"@type\":\"CommentAction\",\"name\":\"Comment\",\"target\":[\"https:\\\/\\\/www.cde.ual.es\\\/la-ue-se-compromete-a-reconstruir-la-sede-de-la-fuerza-conjunta-g5-sahel\\\/#respond\"]}]},{\"@type\":\"WebPage\",\"@id\":\"https:\\\/\\\/www.cde.ual.es\\\/la-ue-se-compromete-a-reconstruir-la-sede-de-la-fuerza-conjunta-g5-sahel\\\/\",\"url\":\"https:\\\/\\\/www.cde.ual.es\\\/la-ue-se-compromete-a-reconstruir-la-sede-de-la-fuerza-conjunta-g5-sahel\\\/\",\"name\":\"La UE se compromete a reconstruir la sede de la Fuerza Conjunta G5 Sahel | CDE Almer\u00eda - Centro de Documentaci\u00f3n Europea - Universidad de Almer\u00eda\",\"isPartOf\":{\"@id\":\"https:\\\/\\\/www.cde.ual.es\\\/#website\"},\"primaryImageOfPage\":{\"@id\":\"https:\\\/\\\/www.cde.ual.es\\\/la-ue-se-compromete-a-reconstruir-la-sede-de-la-fuerza-conjunta-g5-sahel\\\/#primaryimage\"},\"image\":{\"@id\":\"https:\\\/\\\/www.cde.ual.es\\\/la-ue-se-compromete-a-reconstruir-la-sede-de-la-fuerza-conjunta-g5-sahel\\\/#primaryimage\"},\"thumbnailUrl\":\"https:\\\/\\\/www.cde.ual.es\\\/wp-content\\\/uploads\\\/2018\\\/07\\\/g5_sahel_en_3_cle8243c4.jpg\",\"datePublished\":\"2018-07-26T07:53:53+00:00\",\"breadcrumb\":{\"@id\":\"https:\\\/\\\/www.cde.ual.es\\\/la-ue-se-compromete-a-reconstruir-la-sede-de-la-fuerza-conjunta-g5-sahel\\\/#breadcrumb\"},\"inLanguage\":\"en-US\",\"potentialAction\":[{\"@type\":\"ReadAction\",\"target\":[\"https:\\\/\\\/www.cde.ual.es\\\/la-ue-se-compromete-a-reconstruir-la-sede-de-la-fuerza-conjunta-g5-sahel\\\/\"]}]},{\"@type\":\"ImageObject\",\"inLanguage\":\"en-US\",\"@id\":\"https:\\\/\\\/www.cde.ual.es\\\/la-ue-se-compromete-a-reconstruir-la-sede-de-la-fuerza-conjunta-g5-sahel\\\/#primaryimage\",\"url\":\"https:\\\/\\\/www.cde.ual.es\\\/wp-content\\\/uploads\\\/2018\\\/07\\\/g5_sahel_en_3_cle8243c4.jpg\",\"contentUrl\":\"https:\\\/\\\/www.cde.ual.es\\\/wp-content\\\/uploads\\\/2018\\\/07\\\/g5_sahel_en_3_cle8243c4.jpg\",\"width\":1500,\"height\":750},{\"@type\":\"BreadcrumbList\",\"@id\":\"https:\\\/\\\/www.cde.ual.es\\\/la-ue-se-compromete-a-reconstruir-la-sede-de-la-fuerza-conjunta-g5-sahel\\\/#breadcrumb\",\"itemListElement\":[{\"@type\":\"ListItem\",\"position\":1,\"name\":\"Inicio\",\"item\":\"https:\\\/\\\/www.cde.ual.es\\\/en\\\/\"},{\"@type\":\"ListItem\",\"position\":2,\"name\":\"Noticias UE\",\"item\":\"https:\\\/\\\/www.cde.ual.es\\\/category\\\/noticias-ue\\\/\"},{\"@type\":\"ListItem\",\"position\":3,\"name\":\"La UE se compromete a reconstruir la sede de la Fuerza Conjunta G5 Sahel\"}]},{\"@type\":\"WebSite\",\"@id\":\"https:\\\/\\\/www.cde.ual.es\\\/#website\",\"url\":\"https:\\\/\\\/www.cde.ual.es\\\/\",\"name\":\"CDE Almer\u00eda - Centro de Documentaci\u00f3n Europea - Universidad de Almer\u00eda\",\"description\":\"Centro de Documentaci\u00f3n Europea de la Universidad de Almer\u00eda\",\"publisher\":{\"@id\":\"https:\\\/\\\/www.cde.ual.es\\\/#organization\"},\"alternateName\":\"CDE Almer\u00eda\",\"potentialAction\":[{\"@type\":\"SearchAction\",\"target\":{\"@type\":\"EntryPoint\",\"urlTemplate\":\"https:\\\/\\\/www.cde.ual.es\\\/?s={search_term_string}\"},\"query-input\":{\"@type\":\"PropertyValueSpecification\",\"valueRequired\":true,\"valueName\":\"search_term_string\"}}],\"inLanguage\":\"en-US\"},{\"@type\":\"Organization\",\"@id\":\"https:\\\/\\\/www.cde.ual.es\\\/#organization\",\"name\":\"Centro de Documentaci\u00f3n Europea de Almer\u00eda\",\"url\":\"https:\\\/\\\/www.cde.ual.es\\\/\",\"logo\":{\"@type\":\"ImageObject\",\"inLanguage\":\"en-US\",\"@id\":\"https:\\\/\\\/www.cde.ual.es\\\/#\\\/schema\\\/logo\\\/image\\\/\",\"url\":\"https:\\\/\\\/www.cde.ual.es\\\/wp-content\\\/uploads\\\/2025\\\/07\\\/cde-logo-3.png\",\"contentUrl\":\"https:\\\/\\\/www.cde.ual.es\\\/wp-content\\\/uploads\\\/2025\\\/07\\\/cde-logo-3.png\",\"width\":1400,\"height\":300,\"caption\":\"Centro de Documentaci\u00f3n Europea de Almer\u00eda\"},\"image\":{\"@id\":\"https:\\\/\\\/www.cde.ual.es\\\/#\\\/schema\\\/logo\\\/image\\\/\"},\"sameAs\":[\"https:\\\/\\\/www.facebook.com\\\/cdeuniversidadalmeria\\\/\",\"https:\\\/\\\/x.com\\\/cdeualmeria\",\"https:\\\/\\\/www.tiktok.com\\\/@cdealmeria\",\"https:\\\/\\\/www.instagram.com\\\/cdealmeria\\\/\",\"https:\\\/\\\/www.linkedin.com\\\/in\\\/cde-almera-812b26a9\\\/\"]},{\"@type\":\"Person\",\"@id\":\"https:\\\/\\\/www.cde.ual.es\\\/#\\\/schema\\\/person\\\/ee46ebc19edfa19598c02cff83335acc\",\"name\":\"BECA 2 CDE\",\"image\":{\"@type\":\"ImageObject\",\"inLanguage\":\"en-US\",\"@id\":\"https:\\\/\\\/secure.gravatar.com\\\/avatar\\\/35a481bbc04bbd90e91bdfa3b0b5541036c222a49b9ad37b6889a2afcb5311a5?s=96&d=mm&r=g\",\"url\":\"https:\\\/\\\/secure.gravatar.com\\\/avatar\\\/35a481bbc04bbd90e91bdfa3b0b5541036c222a49b9ad37b6889a2afcb5311a5?s=96&d=mm&r=g\",\"contentUrl\":\"https:\\\/\\\/secure.gravatar.com\\\/avatar\\\/35a481bbc04bbd90e91bdfa3b0b5541036c222a49b9ad37b6889a2afcb5311a5?s=96&d=mm&r=g\",\"caption\":\"BECA 2 CDE\"},\"sameAs\":[\"http:\\\/\\\/www.cdealmeria.com\"]}]}<\/script>\n<!-- \/ Yoast SEO plugin. -->","yoast_head_json":{"title":"La UE se compromete a reconstruir la sede de la Fuerza Conjunta G5 Sahel | CDE Almer\u00eda - Centro de Documentaci\u00f3n Europea - Universidad de Almer\u00eda","robots":{"index":"index","follow":"follow","max-snippet":"max-snippet:-1","max-image-preview":"max-image-preview:large","max-video-preview":"max-video-preview:-1"},"canonical":"https:\/\/www.cde.ual.es\/la-ue-se-compromete-a-reconstruir-la-sede-de-la-fuerza-conjunta-g5-sahel\/","og_locale":"en_US","og_type":"article","og_title":"La UE se compromete a reconstruir la sede de la Fuerza Conjunta G5 Sahel | CDE Almer\u00eda - Centro de Documentaci\u00f3n Europea - Universidad de Almer\u00eda","og_description":"La Uni\u00f3n Europea se compromete a reconstruir la sede de la Fuerza Conjunta G5 Sahel Tras el ataque mortal contra la sede de la Fuerza Conjunta G5 Sahel en S\u00e9var\u00e9, Mali, el 29 de junio, la UE ha decidido financiar la reconstrucci\u00f3n de una nueva sede. Adem\u00e1s, se ha acordado continuar su apoyo para garantizar [&hellip;]","og_url":"https:\/\/www.cde.ual.es\/la-ue-se-compromete-a-reconstruir-la-sede-de-la-fuerza-conjunta-g5-sahel\/","og_site_name":"CDE Almer\u00eda - Centro de Documentaci\u00f3n Europea - Universidad de Almer\u00eda","article_publisher":"https:\/\/www.facebook.com\/cdeuniversidadalmeria\/","article_published_time":"2018-07-26T07:53:53+00:00","og_image":[{"width":1500,"height":750,"url":"https:\/\/www.cde.ual.es\/wp-content\/uploads\/2018\/07\/g5_sahel_en_3_cle8243c4.jpg","type":"image\/jpeg"}],"author":"BECA 2 CDE","twitter_card":"summary_large_image","twitter_creator":"@cdeualmeria","twitter_site":"@cdeualmeria","twitter_misc":{"Written by":"BECA 2 CDE","Est. reading time":"1 minute"},"schema":{"@context":"https:\/\/schema.org","@graph":[{"@type":"Article","@id":"https:\/\/www.cde.ual.es\/la-ue-se-compromete-a-reconstruir-la-sede-de-la-fuerza-conjunta-g5-sahel\/#article","isPartOf":{"@id":"https:\/\/www.cde.ual.es\/la-ue-se-compromete-a-reconstruir-la-sede-de-la-fuerza-conjunta-g5-sahel\/"},"author":{"name":"BECA 2 CDE","@id":"https:\/\/www.cde.ual.es\/#\/schema\/person\/ee46ebc19edfa19598c02cff83335acc"},"headline":"La UE se compromete a reconstruir la sede de la Fuerza Conjunta G5 Sahel","datePublished":"2018-07-26T07:53:53+00:00","mainEntityOfPage":{"@id":"https:\/\/www.cde.ual.es\/la-ue-se-compromete-a-reconstruir-la-sede-de-la-fuerza-conjunta-g5-sahel\/"},"wordCount":296,"commentCount":0,"publisher":{"@id":"https:\/\/www.cde.ual.es\/#organization"},"image":{"@id":"https:\/\/www.cde.ual.es\/la-ue-se-compromete-a-reconstruir-la-sede-de-la-fuerza-conjunta-g5-sahel\/#primaryimage"},"thumbnailUrl":"https:\/\/www.cde.ual.es\/wp-content\/uploads\/2018\/07\/g5_sahel_en_3_cle8243c4.jpg","keywords":["Cooperaci\u00f3n Internacional","Seguridad y Defensa"],"articleSection":["Noticias UE"],"inLanguage":"en-US","potentialAction":[{"@type":"CommentAction","name":"Comment","target":["https:\/\/www.cde.ual.es\/la-ue-se-compromete-a-reconstruir-la-sede-de-la-fuerza-conjunta-g5-sahel\/#respond"]}]},{"@type":"WebPage","@id":"https:\/\/www.cde.ual.es\/la-ue-se-compromete-a-reconstruir-la-sede-de-la-fuerza-conjunta-g5-sahel\/","url":"https:\/\/www.cde.ual.es\/la-ue-se-compromete-a-reconstruir-la-sede-de-la-fuerza-conjunta-g5-sahel\/","name":"La UE se compromete a reconstruir la sede de la Fuerza Conjunta G5 Sahel | CDE Almer\u00eda - Centro de Documentaci\u00f3n Europea - Universidad de Almer\u00eda","isPartOf":{"@id":"https:\/\/www.cde.ual.es\/#website"},"primaryImageOfPage":{"@id":"https:\/\/www.cde.ual.es\/la-ue-se-compromete-a-reconstruir-la-sede-de-la-fuerza-conjunta-g5-sahel\/#primaryimage"},"image":{"@id":"https:\/\/www.cde.ual.es\/la-ue-se-compromete-a-reconstruir-la-sede-de-la-fuerza-conjunta-g5-sahel\/#primaryimage"},"thumbnailUrl":"https:\/\/www.cde.ual.es\/wp-content\/uploads\/2018\/07\/g5_sahel_en_3_cle8243c4.jpg","datePublished":"2018-07-26T07:53:53+00:00","breadcrumb":{"@id":"https:\/\/www.cde.ual.es\/la-ue-se-compromete-a-reconstruir-la-sede-de-la-fuerza-conjunta-g5-sahel\/#breadcrumb"},"inLanguage":"en-US","potentialAction":[{"@type":"ReadAction","target":["https:\/\/www.cde.ual.es\/la-ue-se-compromete-a-reconstruir-la-sede-de-la-fuerza-conjunta-g5-sahel\/"]}]},{"@type":"ImageObject","inLanguage":"en-US","@id":"https:\/\/www.cde.ual.es\/la-ue-se-compromete-a-reconstruir-la-sede-de-la-fuerza-conjunta-g5-sahel\/#primaryimage","url":"https:\/\/www.cde.ual.es\/wp-content\/uploads\/2018\/07\/g5_sahel_en_3_cle8243c4.jpg","contentUrl":"https:\/\/www.cde.ual.es\/wp-content\/uploads\/2018\/07\/g5_sahel_en_3_cle8243c4.jpg","width":1500,"height":750},{"@type":"BreadcrumbList","@id":"https:\/\/www.cde.ual.es\/la-ue-se-compromete-a-reconstruir-la-sede-de-la-fuerza-conjunta-g5-sahel\/#breadcrumb","itemListElement":[{"@type":"ListItem","position":1,"name":"Inicio","item":"https:\/\/www.cde.ual.es\/en\/"},{"@type":"ListItem","position":2,"name":"Noticias UE","item":"https:\/\/www.cde.ual.es\/category\/noticias-ue\/"},{"@type":"ListItem","position":3,"name":"La UE se compromete a reconstruir la sede de la Fuerza Conjunta G5 Sahel"}]},{"@type":"WebSite","@id":"https:\/\/www.cde.ual.es\/#website","url":"https:\/\/www.cde.ual.es\/","name":"CDE Almer\u00eda - Centro de Documentaci\u00f3n Europea - Universidad de Almer\u00eda","description":"Centro de Documentaci\u00f3n Europea de la Universidad de Almer\u00eda","publisher":{"@id":"https:\/\/www.cde.ual.es\/#organization"},"alternateName":"CDE Almer\u00eda","potentialAction":[{"@type":"SearchAction","target":{"@type":"EntryPoint","urlTemplate":"https:\/\/www.cde.ual.es\/?s={search_term_string}"},"query-input":{"@type":"PropertyValueSpecification","valueRequired":true,"valueName":"search_term_string"}}],"inLanguage":"en-US"},{"@type":"Organization","@id":"https:\/\/www.cde.ual.es\/#organization","name":"Centro de Documentaci\u00f3n Europea de Almer\u00eda","url":"https:\/\/www.cde.ual.es\/","logo":{"@type":"ImageObject","inLanguage":"en-US","@id":"https:\/\/www.cde.ual.es\/#\/schema\/logo\/image\/","url":"https:\/\/www.cde.ual.es\/wp-content\/uploads\/2025\/07\/cde-logo-3.png","contentUrl":"https:\/\/www.cde.ual.es\/wp-content\/uploads\/2025\/07\/cde-logo-3.png","width":1400,"height":300,"caption":"Centro de Documentaci\u00f3n Europea de Almer\u00eda"},"image":{"@id":"https:\/\/www.cde.ual.es\/#\/schema\/logo\/image\/"},"sameAs":["https:\/\/www.facebook.com\/cdeuniversidadalmeria\/","https:\/\/x.com\/cdeualmeria","https:\/\/www.tiktok.com\/@cdealmeria","https:\/\/www.instagram.com\/cdealmeria\/","https:\/\/www.linkedin.com\/in\/cde-almera-812b26a9\/"]},{"@type":"Person","@id":"https:\/\/www.cde.ual.es\/#\/schema\/person\/ee46ebc19edfa19598c02cff83335acc","name":"BECA 2 CDE","image":{"@type":"ImageObject","inLanguage":"en-US","@id":"https:\/\/secure.gravatar.com\/avatar\/35a481bbc04bbd90e91bdfa3b0b5541036c222a49b9ad37b6889a2afcb5311a5?s=96&d=mm&r=g","url":"https:\/\/secure.gravatar.com\/avatar\/35a481bbc04bbd90e91bdfa3b0b5541036c222a49b9ad37b6889a2afcb5311a5?s=96&d=mm&r=g","contentUrl":"https:\/\/secure.gravatar.com\/avatar\/35a481bbc04bbd90e91bdfa3b0b5541036c222a49b9ad37b6889a2afcb5311a5?s=96&d=mm&r=g","caption":"BECA 2 CDE"},"sameAs":["http:\/\/www.cdealmeria.com"]}]}},"_links":{"self":[{"href":"https:\/\/www.cde.ual.es\/en\/wp-json\/wp\/v2\/posts\/7544","targetHints":{"allow":["GET"]}}],"collection":[{"href":"https:\/\/www.cde.ual.es\/en\/wp-json\/wp\/v2\/posts"}],"about":[{"href":"https:\/\/www.cde.ual.es\/en\/wp-json\/wp\/v2\/types\/post"}],"author":[{"embeddable":true,"href":"https:\/\/www.cde.ual.es\/en\/wp-json\/wp\/v2\/users\/101011"}],"replies":[{"embeddable":true,"href":"https:\/\/www.cde.ual.es\/en\/wp-json\/wp\/v2\/comments?post=7544"}],"version-history":[{"count":0,"href":"https:\/\/www.cde.ual.es\/en\/wp-json\/wp\/v2\/posts\/7544\/revisions"}],"wp:featuredmedia":[{"embeddable":true,"href":"https:\/\/www.cde.ual.es\/en\/wp-json\/wp\/v2\/media\/7548"}],"wp:attachment":[{"href":"https:\/\/www.cde.ual.es\/en\/wp-json\/wp\/v2\/media?parent=7544"}],"wp:term":[{"taxonomy":"category","embeddable":true,"href":"https:\/\/www.cde.ual.es\/en\/wp-json\/wp\/v2\/categories?post=7544"},{"taxonomy":"post_tag","embeddable":true,"href":"https:\/\/www.cde.ual.es\/en\/wp-json\/wp\/v2\/tags?post=7544"}],"curies":[{"name":"wp","href":"https:\/\/api.w.org\/{rel}","templated":true}]}}